{"id":207182,"date":"2014-04-24T03:22:05","date_gmt":"2014-04-24T00:22:05","guid":{"rendered":"https:\/\/analyse.optim.biz\/?p=207182"},"modified":"2014-04-24T03:22:05","modified_gmt":"2014-04-24T00:22:05","slug":"c-degeratu-declaratia-presedintelui-referitoare-la-rezervisti-e-un-semnal-politic-perspectiva-evolutiilor-in-zona-este-ingrijoratoare","status":"publish","type":"post","link":"https:\/\/analyse.optim.biz\/?p=207182","title":{"rendered":"C.Degeratu: Declara\u021bia pre\u0219edintelui referitoare la rezervi\u0219ti e un semnal politic. Perspectiva evolu\u021biilor \u00een zon\u0103 este \u00eengrijor\u0103toare"},"content":{"rendered":"<div class=\"entry data-app-meta data-app-meta-article\" data-embed-base-url-canonical=\"https:\/\/www.digi24.ro\/embed\/stiri\/actualitate\/politica\/c-degeratu-declaratia-presedintelui-referitoare-la-rezervisti-e-un-semnal-politic-perspectiva-evolutiilor-in-zona-este-ingrijoratoare-233771\">\n<p data-index=\"1\">Problema rezervi\u0219tilor care trebuie s\u0103 vin\u0103 la unit\u0103\u021bi nu este alarmant\u0103, dar este <strong>extrem de important s\u0103 se declan\u0219eze la timp aceast\u0103 chemare a oamenilor pentru preg\u0103tire.<\/strong><\/p>\n<p data-index=\"2\">\u201eNu cred c\u0103 faptul c\u0103 unii sunt pleca\u021bi reprezint\u0103 principala dificultate\u201d, a spus generalul Degeratu, care estimeaz\u0103 la un milion num\u0103rul rom\u00e2nilor rezervi\u0219ti pleca\u021bi \u00een str\u0103in\u0103tate. \u201eChestiunea este de <strong>alocare rapid\u0103 a unor fonduri<\/strong> \u0219i de <strong>constituire rapid\u0103 a unor noi structuri de preg\u0103tire<\/strong>\u201d, a punctat generalul <strong>Constantin Degeratu<\/strong>.<\/p>\n<h5>Cine sunt rezervi\u0219tii?<\/h5>\n<p data-index=\"3\">Fostul \u0219ef al Statului Major General a explicat \u0219i cine sunt ace\u0219ti rezervi\u0219ti. \u00cen primul r\u00e2nd, oamenii care au f\u0103cut serviciul militar obligatoriu p\u00e2n\u0103 \u00een 2006, deci cei care au cel pu\u021bin 27 de ani acum \u0219i care, cu siguran\u021b\u0103, o parte sunt pleca\u021bi \u00een str\u0103in\u0103tate.<\/p>\n<p data-index=\"4\">O a doua categorie este cea a militarilor care au fost angaja\u021bi cu contract \u0219i care \u0219i-au \u00eencheiat serviciul militar. Sunt oameni mult mai bine preg\u0103ti\u021bi \u0219i care pot fi chema\u021bi mult mai repede, fiind familiariza\u021bi \u0219i cu modul de operare al NATO.<\/p>\n<p data-index=\"5\">O a treia categorie o reprezint\u0103 militarii disponibiliza\u021bi din 1998 p\u00e2n\u0103 \u00een 2003, cei care au trecut \u00een rezerv\u0103 \u00een momentul \u00een care s-a f\u0103cut reducerea efectivelor armatei. Pentru ace\u0219tia din urm\u0103 ar fi nevoie \u00eens\u0103 de preg\u0103tire periodic\u0103, a ar\u0103tat fostul \u0219ef al Statului Major.<\/p>\n<h5>Planuri gata f\u0103cute pentru o preg\u0103tire sistematic\u0103 a rezervi\u0219tilor<\/h5>\n<p data-index=\"6\">\u201eCe nu s-a f\u0103cut p\u00e2n\u0103 acum, probabil din lips\u0103 de fonduri, nu s-a f\u0103cut aceast\u0103 preg\u0103tire sistematic\u0103\u201d, a subliniat generalul.<\/p>\n<p data-index=\"7\">Constantin Degeratu atrage aten\u021bia asupra unei probleme \u2013 \u00eemprosp\u0103tarea rezervei, care trebuia f\u0103cut\u0103 printr-un <strong>alt sistem de preg\u0103tire<\/strong>: o <strong>armat\u0103 teritorial\u0103<\/strong>, o <strong>armat\u0103 de rezerv\u0103<\/strong> sau <strong>g\u0103rzi na\u021bionale<\/strong>. \u201eAsta este o chestiune care ar trebui declan\u0219at\u0103 imediat, pentru c\u0103 perspectiva evolu\u021biilor \u00een aceast\u0103 zon\u0103 este una negativ\u0103 \u0219i \u00eengrijor\u0103toare \u0219i ca urmare, ar trebui declan\u0219at \u0219i un astfel de proces. Sunt procese pe care Statul Major General le st\u0103p\u00e2ne\u0219te foarte bine, \u0219tie ce are de f\u0103cut, <strong>e vorba doar de semnalele trase politic \u0219i pre\u0219edintele a transmis un astfel de semnal, e vorba de preocuparea Guvernului \u0219i cu siguran\u021b\u0103 e vorba de angajarea unor fonduri<\/strong>\u201d, a declarat Constantin Degeratu la<strong> Digi24.<\/strong><\/p>\n<p data-index=\"8\">Semnalul pre\u0219edintelui e generat, \u00een primul r\u00e2nd, de cre\u0219terea tensiunii \u00een Europa de Est \u0219i, ca urmare, un astfel de semnal trebuia dat, consider\u0103 Constantin Degeratu. Semnalul pre\u0219edintelui este unul politic, dar nu este unul singular, spune generalul. El a reamintit \u00een context \u0219i de planurile anun\u021bate de secretarul general al NATO de intensificare a preg\u0103tirii for\u021belor aeriene, navele \u0219i terestre.<\/p>\n<p data-index=\"9\">\u201e<strong>Semnalul pre\u0219edintelui nu este o simpl\u0103 opinie. El reflect\u0103 cu siguran\u021b\u0103 ni\u0219te m\u0103suri luate deja, ni\u0219te hot\u0103r\u00e2ri luate deja de CSAT \u0219i cred c\u0103 se refer\u0103 la ni\u0219te activit\u0103\u021bi \u2013 printre care \u0219i exerci\u021bii &#8211; care probabil sunt planificate de un an, de o jum\u0103tate de an \u0219i care va trebui s\u0103 se desf\u0103\u0219oare \u00een intervalele planificate. Din aceast\u0103 perspectiv\u0103, semnalul dat de pre\u0219edinte cred c\u0103 este unul de avertizare public\u0103, \u00eentruc\u00e2t \u0219i opinia public\u0103 este un factor important \u00een preg\u0103tirea \u0219i men\u021binerea capacit\u0103\u021bii de ap\u0103rare a unui stat<\/strong>\u201d, a declarat fostul \u0219ef de Stat Major.<\/p>\n<p data-index=\"10\">Agresiunea Rusiei asupra Georgiei \u00een 2008 a dat un semnal politic destul de clar privind noua politic\u0103 a Rusiei \u00een Europa de Est. \u201eSemnalul acesta ar fi trebuit s\u0103 fie clar auzit de c\u0103tre noi, comunitatea euroatlantic\u0103, de c\u0103tre Rom\u00e2nia sau de c\u0103tre alte state. <strong>Din p\u0103cate, criza economic\u0103, poate \u0219i o anumit\u0103 iluzie \u00een leg\u0103tur\u0103 cu caracterul democratic al regimului de la Moscova \u0219i cu siguran\u021b\u0103 \u0219i unele dispute interne au \u00eent\u00e2rziat luarea unor m\u0103suri<\/strong>\u201d, a explicat Constantin Degeratu la Digi24.<\/p>\n<\/div>\n<p> Source URL: https:\/\/www.digi24.ro\/stiri\/actualitate\/politica\/c-degeratu-declaratia-presedintelui-referitoare-la-rezervisti-e-un-semnal-politic-perspectiva-evolutiilor-in-zona-este-ingrijoratoare-233771<\/p>\n","protected":false},"excerpt":{"rendered":"<p>Problema rezervi\u0219tilor care trebuie s\u0103 vin\u0103 la unit\u0103\u021bi nu este alarmant\u0103, dar este extrem de important s\u0103 se declan\u0219eze la timp aceast\u0103 chemare a oamenilor pentru preg\u0103tire. \u201eNu cred c\u0103 faptul c\u0103 unii sunt pleca\u021bi reprezint\u0103 principala dificultate\u201d, a spus generalul Degeratu, care estimeaz\u0103 la un milion num\u0103rul rom\u00e2nilor rezervi\u0219ti pleca\u021bi \u00een str\u0103in\u0103tate. \u201eChestiunea este [&hellip;]<\/p>\n","protected":false},"author":1,"featured_media":207183,"comment_status":"open","ping_status":"","sticky":false,"template":"","format":"standard","meta":{"footnotes":""},"categories":[2],"tags":[11],"class_list":["post-207182","post","type-post","status-publish","format-standard","has-post-thumbnail","hentry","category-politics","tag-digi24"],"_links":{"self":[{"href":"https:\/\/analyse.optim.biz\/index.php?rest_route=\/wp\/v2\/posts\/207182","targetHints":{"allow":["GET"]}}],"collection":[{"href":"https:\/\/analyse.optim.biz\/index.php?rest_route=\/wp\/v2\/posts"}],"about":[{"href":"https:\/\/analyse.optim.biz\/index.php?rest_route=\/wp\/v2\/types\/post"}],"author":[{"embeddable":true,"href":"https:\/\/analyse.optim.biz\/index.php?rest_route=\/wp\/v2\/users\/1"}],"replies":[{"embeddable":true,"href":"https:\/\/analyse.optim.biz\/index.php?rest_route=%2Fwp%2Fv2%2Fcomments&post=207182"}],"version-history":[{"count":0,"href":"https:\/\/analyse.optim.biz\/index.php?rest_route=\/wp\/v2\/posts\/207182\/revisions"}],"wp:featuredmedia":[{"embeddable":true,"href":"https:\/\/analyse.optim.biz\/index.php?rest_route=\/wp\/v2\/media\/207183"}],"wp:attachment":[{"href":"https:\/\/analyse.optim.biz\/index.php?rest_route=%2Fwp%2Fv2%2Fmedia&parent=207182"}],"wp:term":[{"taxonomy":"category","embeddable":true,"href":"https:\/\/analyse.optim.biz\/index.php?rest_route=%2Fwp%2Fv2%2Fcategories&post=207182"},{"taxonomy":"post_tag","embeddable":true,"href":"https:\/\/analyse.optim.biz\/index.php?rest_route=%2Fwp%2Fv2%2Ftags&post=207182"}],"curies":[{"name":"wp","href":"https:\/\/api.w.org\/{rel}","templated":true}]}}