{"id":207160,"date":"2014-04-24T16:30:30","date_gmt":"2014-04-24T13:30:30","guid":{"rendered":"https:\/\/analyse.optim.biz\/?p=207160"},"modified":"2014-04-24T16:30:30","modified_gmt":"2014-04-24T13:30:30","slug":"demnitarii-ar-putea-zbura-cu-un-avion-abandonat-in-romania-de-catre-un-fost-ministru-indian","status":"publish","type":"post","link":"https:\/\/analyse.optim.biz\/?p=207160","title":{"rendered":"Demnitarii ar putea zbura cu un avion abandonat \u00een Rom\u00e2nia de c\u0103tre un fost ministru indian\u00a0"},"content":{"rendered":"<div class=\"entry data-app-meta data-app-meta-article\" data-embed-base-url-canonical=\"https:\/\/www.digi24.ro\/embed\/stiri\/actualitate\/politica\/demnitarii-ar-putea-zbura-cu-un-avion-abandonat-in-romania-de-catre-un-fost-ministru-indian-234148\">\n<p data-index=\"1\">Un senator liberal consider\u0103, \u00eens\u0103, c\u0103 avionul este <strong>destul de bun pentru deplas\u0103rile pre\u015fedintelui, premierului sau ale mini\u015ftrilor.<\/strong> Principalul argument al libera<span>lului<\/span> este pre\u0163ul. Modernizarea avionului pentru demnitarii rom\u00e2ni ar costa <strong>10 milioane de euro<\/strong>, fa\u0163\u0103 de cele <strong>50<\/strong> pe care Guvernul vrea s\u0103 lea dea pentru cump\u0103rarea unei aeronave oficiale.<\/p>\n<p data-index=\"2\">\u201e<strong>\u00cencep\u00e2nd din luna noiembrie a anului trecut, Guvernul <span lang=\"en-US\">are<\/span> \u00een curtea lui o aeronav\u0103 perfect capabil\u0103 s\u0103 \u00eendeplineasc\u0103 aceste atribu\u0163iuni. <span lang=\"en-US\">A<\/span>eronava este chiar \u00een bun\u0103 stare<\/strong>\u201d, <span lang=\"en-US\">spune <\/span>Marius Obreja, vicepre\u015fedinte al Senatului.<\/p>\n<p data-index=\"3\">Senatorul \u015ftie doar c\u0103 avionul este de produc\u0163ie britanic\u0103, <strong>fabricat \u00een 1996 \u015fi are 70 de locuri<\/strong>.<\/p>\n<p data-index=\"4\">\u201e<strong>Aeronava este \u00een utilizare \u00een Europa \u015fi \u00een lume, at\u00e2t la companii civile, c\u00e2t \u015fi la companii militare, av\u00e2nd capabilit\u0103\u0163i de aeronav\u0103 multifunc\u0163ional\u0103. Ea este utilizat\u0103 de ter\u0163i \u015fi exact cu aceast\u0103 destina\u0163ie, pentru demnitari<\/strong>\u201d, Marius Obreja.<\/p>\n<p data-index=\"5\">Avionul a fost adus la repara\u0163ii \u00een 2009, la Aerostar Bac\u0103u, \u015fi a fost proprietatea <span>companiei indiene<\/span><strong>MDLR Airlines<\/strong>, <span>potrivit in.news.yahoo.com<\/span>.<\/p>\n<p data-index=\"6\">Firma a intrat \u00eens\u0103 \u00een insolven\u0163\u0103 \u015fi a abandonat aeronava, care a fost preluat\u0103 de fisc. Statul \u00eencearc\u0103 acum s\u0103 scape de avion.<\/p>\n<p data-index=\"7\">A organizat cinci licita\u0163ii pentru v\u00e2nzarea lui, dar nimeni nu a oferit 3 3<span>00 000<\/span>\u00a0de lei.<\/p>\n<p data-index=\"8\"><strong>\u00cen prezent, Rom\u00e2nia nu mai de\u0163ine o aeronav\u0103 oficial\u0103.<\/strong><\/p>\n<p data-index=\"9\">Demnitarii folosesc acum pentru deplas\u0103ri curse de linie sau zboruri charter. Initial, Guvernul a vrut s\u0103 cumpere un avion din Italia, dar negocierile au fost oprite.<\/p>\n<\/div>\n<p> Source URL: https:\/\/www.digi24.ro\/stiri\/actualitate\/politica\/demnitarii-ar-putea-zbura-cu-un-avion-abandonat-in-romania-de-catre-un-fost-ministru-indian-234148<\/p>\n","protected":false},"excerpt":{"rendered":"<p>Un senator liberal consider\u0103, \u00eens\u0103, c\u0103 avionul este destul de bun pentru deplas\u0103rile pre\u015fedintelui, premierului sau ale mini\u015ftrilor. Principalul argument al liberalului este pre\u0163ul. Modernizarea avionului pentru demnitarii rom\u00e2ni ar costa 10 milioane de euro, fa\u0163\u0103 de cele 50 pe care Guvernul vrea s\u0103 lea dea pentru cump\u0103rarea unei aeronave oficiale. \u201e\u00cencep\u00e2nd din luna noiembrie [&hellip;]<\/p>\n","protected":false},"author":1,"featured_media":207161,"comment_status":"open","ping_status":"","sticky":false,"template":"","format":"standard","meta":{"footnotes":""},"categories":[2],"tags":[11],"class_list":["post-207160","post","type-post","status-publish","format-standard","has-post-thumbnail","hentry","category-politics","tag-digi24"],"_links":{"self":[{"href":"https:\/\/analyse.optim.biz\/index.php?rest_route=\/wp\/v2\/posts\/207160","targetHints":{"allow":["GET"]}}],"collection":[{"href":"https:\/\/analyse.optim.biz\/index.php?rest_route=\/wp\/v2\/posts"}],"about":[{"href":"https:\/\/analyse.optim.biz\/index.php?rest_route=\/wp\/v2\/types\/post"}],"author":[{"embeddable":true,"href":"https:\/\/analyse.optim.biz\/index.php?rest_route=\/wp\/v2\/users\/1"}],"replies":[{"embeddable":true,"href":"https:\/\/analyse.optim.biz\/index.php?rest_route=%2Fwp%2Fv2%2Fcomments&post=207160"}],"version-history":[{"count":0,"href":"https:\/\/analyse.optim.biz\/index.php?rest_route=\/wp\/v2\/posts\/207160\/revisions"}],"wp:featuredmedia":[{"embeddable":true,"href":"https:\/\/analyse.optim.biz\/index.php?rest_route=\/wp\/v2\/media\/207161"}],"wp:attachment":[{"href":"https:\/\/analyse.optim.biz\/index.php?rest_route=%2Fwp%2Fv2%2Fmedia&parent=207160"}],"wp:term":[{"taxonomy":"category","embeddable":true,"href":"https:\/\/analyse.optim.biz\/index.php?rest_route=%2Fwp%2Fv2%2Fcategories&post=207160"},{"taxonomy":"post_tag","embeddable":true,"href":"https:\/\/analyse.optim.biz\/index.php?rest_route=%2Fwp%2Fv2%2Ftags&post=207160"}],"curies":[{"name":"wp","href":"https:\/\/api.w.org\/{rel}","templated":true}]}}