{"id":2071590,"date":"2026-07-31T00:00:00","date_gmt":"2026-07-30T21:00:00","guid":{"rendered":"https:\/\/analyse.optim.biz\/?p=2071590"},"modified":"2026-07-31T00:00:00","modified_gmt":"2026-07-30T21:00:00","slug":"vrancea-apia-reaminteste-rentierilor-agricoli-ca-31-august-este-termenul-limita-pentru-vizarea-carnetelor-si-depunerea-documentelor","status":"publish","type":"post","link":"https:\/\/analyse.optim.biz\/?p=2071590","title":{"rendered":"Vrancea: APIA reaminte\u0219te rentierilor agricoli c\u0103 31 august este termenul-limit\u0103 pentru vizarea carnetelor \u0219i depunerea documentelor"},"content":{"rendered":"<p>[analyse_image type=&#8221;featured&#8221; src=&#8221;https:\/\/zdvi.cname.ro\/_\/vrancea-apia-reaminteste-rentierilor-agricoli-ca-31-august-este-termenul-limita-pentru-vizarea-carnetelor-si-depunerea-documentelor\/mediaPool\/ungKVmY.jpg&#8221;]<\/p>\n<div class=\"main-content detaliu-articol\"><a class=\"titlu-cat-list\" href=\"https:\/\/ziaruldevrancea.ro\/actualitatea\/viata-satului\">Via\u021ba satului<\/a><\/p>\n<h1>Vrancea: APIA reaminte\u0219te rentierilor agricoli c\u0103 31 august este termenul-limit\u0103 pentru vizarea carnetelor \u0219i depunerea documentelor<\/h1>\n<div class=\"date-articol clearfix\">\n<div class=\"distribuie-articol dropdown\">\n    Distribuie: \u00a0<br \/>\n    <em>|<\/em><\/div>\n<div class=\"autor-articol\"><a href=\"https:\/\/ziaruldevrancea.ro\/autor\/mircea-pavel\/\"><img decoding=\"async\" class=\"img-circle\" src=\"https:\/\/zdvi.cname.ro\/50_50\/articleAuthor\/mircea-pavel\/articleAuthor\/uqcCx6q.jpg\" alt><\/a><\/p>\n<h5><a href=\"https:\/\/ziaruldevrancea.ro\/autor\/mircea-pavel\/\">Mircea Pavel<\/a><\/h5>\n<div class=\"grup-spatiere\"><span class=\"cu-spatiere\">31 iul 2026<\/span><span class=\"cu-spatiere\">153 vizualiz\u0103ri<\/span><\/div>\n<\/div>\n<\/div>\n<div class=\"poza-mare\"><a href class=\"openGallery\"><img decoding=\"async\" class=\"img-responsive\" src=\"https:\/\/zdvi.cname.ro\/850_530\/vrancea-apia-reaminteste-rentierilor-agricoli-ca-31-august-este-termenul-limita-pentru-vizarea-carnetelor-si-depunerea-documentelor\/article\/mediaPool\/ungKVmY.jpg\" alt=\"Foto:arhiva ZdV.Credit foto:apia.org.ro\"><\/a><\/p>\n<div class=\"caption-poza\">Foto:arhiva ZdV.Credit foto:apia.org.ro<\/div>\n<\/div>\n<p><strong>Beneficiarii din jude\u021bul Vrancea pot solicita viza anual\u0103 la Centrul Jude\u021bean APIA, online sau prin po\u0219t\u0103. Plata rentei viagere agricole aferente anului 2025 va fi efectuat\u0103 p\u00e2n\u0103 la 30 noiembrie 2026.<\/strong><\/p>\n<p><strong>Agen\u021bia de Pl\u0103\u021bi \u0219i Interven\u021bie pentru Agricultur\u0103 (APIA) \u2013 Centrul Jude\u021bean Vrancea reaminte\u0219te rentierilor agricoli c\u0103 data de 31 august 2026 reprezint\u0103 termenul-limit\u0103 pentru vizarea carnetelor de rentier agricol \u0219i transmiterea documentelor necesare acord\u0103rii rentei viagere agricole aferente anului 2025.<\/strong><\/p>\n<p>Potrivit unui comunicat de pres\u0103 transmis redac\u021biei <strong>Ziarului de Vrancea<\/strong>, rentierii agricoli sau persoanele care \u00eei reprezint\u0103 legal \u2013 \u00eemputernici\u021bi, mandatari ori curatori \u2013 trebuie s\u0103 depun\u0103 documenta\u021bia necesar\u0103 p\u00e2n\u0103 la sf\u00e2r\u0219itul lunii august pentru a beneficia de plata rentei.<\/p>\n<p>Beneficiarii au la dispozi\u021bie mai multe modalit\u0103\u021bi pentru solicitarea aplic\u0103rii vizei anuale pe carnetul de rentier agricol. Ace\u0219tia se pot prezenta direct la sediul Centrului Jude\u021bean APIA Vrancea, pot transmite documentele prin mijloace electronice de comunica\u021bii sau le pot expedia prin po\u0219t\u0103 ori servicii de curierat.<\/p>\n<p>Conform informa\u021biilor transmise de APIA, plata rentei viagere agricole aferente anului 2025 va fi realizat\u0103 \u00eentr-o singur\u0103 tran\u0219\u0103 anual\u0103, cel t\u00e2rziu p\u00e2n\u0103 la data de <strong>30 noiembrie 2026<\/strong>. Sumele vor fi virate prin mandat po\u0219tal sau prin transfer bancar, \u00een func\u021bie de op\u021biunea exprimat\u0103 de fiecare beneficiar.<\/p>\n<p><strong>Termen distinct pentru mo\u0219tenitorii rentierilor deceda\u021bi<\/strong><\/p>\n<p>Comunicatul institu\u021biei con\u021bine \u0219i preciz\u0103ri importante pentru mo\u0219tenitorii rentierilor agricoli care au decedat.<\/p>\n<p>Ace\u0219tia pot solicita plata rentei viagere agricole cuvenite p\u00e2n\u0103 la data decesului titularului, cu condi\u021bia depunerii documentelor justificative prev\u0103zute de legisla\u021bia \u00een vigoare la Centrul Jude\u021bean APIA Vrancea.<\/p>\n<p>\u00cen acest caz, termenul-limit\u0103 pentru depunerea documenta\u021biei este <strong>15 octombrie 2026<\/strong>, inclusiv.<\/p>\n<p><strong>Recomandarea APIA Vrancea<\/strong><\/p>\n<p>Reprezentan\u021bii APIA recomand\u0103 beneficiarilor s\u0103 nu a\u0219tepte ultimele zile \u00eenainte de expirarea termenului \u0219i s\u0103 transmit\u0103 documentele din timp, pentru a evita eventualele \u00eent\u00e2rzieri cauzate de aglomera\u021bie sau de procesarea solicit\u0103rilor.<\/p>\n<p>Rentierii agricoli din Vrancea care au nel\u0103muriri privind documentele necesare sau modalitatea de transmitere a acestora se pot adresa Centrului Jude\u021bean APIA Vrancea pentru informa\u021bii suplimentare.<\/p>\n<p><strong>Mircea Pavel\u00a0<\/strong><\/p>\n<p><strong>Citi\u021bi \u00een documentul ata\u0219at \u0219i con\u021binutul integral al comunicatului de pres\u0103 transmis redac\u021biei cotidianului nostru de\u00a0Agen\u021bia de Pl\u0103\u021bi \u0219i Interven\u021bie pentru Agricultur\u0103 CJ Vrancea\u200b \u00een leg\u0103tur\u0103 cu acest articol<\/strong><\/p>\n<hr>\n<div class=\"bloc-widget widget-rosu\">\n<p>\u00cen lipsa unui acord scris din partea Ziarului de Vrancea, pute\u0163i prelua maxim 500 de caractere din acest articol dac\u0103 preciza\u0163i sursa \u015fi insera\u0163i vizibil link-ul articolului:\u00a0<span>#insertcurrentlinkhere<\/span><\/p>\n<\/div>\n<div class=\"extra-articol listing-anunturi\">\n<h6>Anun\u021buri <span class=\"text-primary\">ZdV<\/span> Premium<\/h6>\n<div class=\"row\">\n<div class=\"col-lg-4 col-md-6 bloc-egal\"><a class=\"card-anunt\" href=\"https:\/\/ziaruldevrancea.ro\/anunturi\/imobiliare\/vanzari-terenuri\/vand-teren-in-panciu\"><strong class=\"titlu\">V\u00e2nz\u0103ri terenuri<\/strong><span class=\"text-anunt\">Teren Panciu 1170 mp, cu num\u0103r cas\u0103, ap\u0103&#8230;<\/span><span class=\"data-anunt\">29.07.2026  <\/span><\/a><\/div>\n<div class=\"col-lg-4 col-md-6 bloc-egal\"><a class=\"card-anunt\" href=\"https:\/\/ziaruldevrancea.ro\/anunturi\/altele\/anulare-acte\/vand-scrumbii-afumate-capturi-dunare\"><strong class=\"titlu\">Vanzari diverse<\/strong><span class=\"text-anunt\">Pret : 117 lei \/ kg . \u00a0 Este&#8230;<\/span><span class=\"data-anunt\">29.07.2026 , Gala\u021bi , Gala\u021bi<\/span><\/a><\/div>\n<div class=\"col-lg-4 col-md-6 bloc-egal\"><a class=\"card-anunt\" href=\"https:\/\/ziaruldevrancea.ro\/anunturi\/necrolog\/decese\/dumnezeu-sa-o-aseze-in-randul-celor-drepti\"><strong class=\"titlu\">Decese<\/strong><span class=\"text-anunt\">Cu profund\u0103 durere, familia anun\u021b\u0103 trecerea la&#8230;<\/span><span class=\"data-anunt\">28.07.2026  <\/span><\/a><\/div>\n<\/div>\n<\/div>\n<div class=\"extra-articol alte-articole\">\n<div class=\"row\">\n<div class=\"col-lg-6 bloc-egal\">\n<div class=\"card articol-listing\">\n<h6>\u00cen categoria <a href=\"https:\/\/ziaruldevrancea.ro\/actualitatea\/viata-satului\">Via\u021ba satului<\/a><\/h6>\n<div class=\"grup-articol-listing\">\n<div class=\"cont-pils\"><a href=\"https:\/\/ziaruldevrancea.ro\/actualitatea\/viata-satului\/video--galerie-foto-traditii--obiceiuri--superstitii--de-sfantul-ilie-in-vrancea\"><img decoding=\"async\" src=\"https:\/\/zdvi.cname.ro\/180_135\/actualitatea\/viata-satului\/video--galerie-foto-traditii--obiceiuri--superstitii--de-sfantul-ilie-in-vrancea\/mediaPool\/u3wCjpS.jpg\" class=\"img-responsive img-180\" alt><\/a><\/div>\n<h2><a class=\"link-titlu\" href=\"https:\/\/ziaruldevrancea.ro\/actualitatea\/viata-satului\/video--galerie-foto-traditii--obiceiuri--superstitii--de-sfantul-ilie-in-vrancea\">Vrancea de Sf\u00e2ntul Ilie | Tradi\u021bii, obiceiuri \u0219i supersti\u021bii p\u0103strate cu sfin\u021benie \u00een Reghiu, din genera\u021bie \u00een genera\u021bie<\/a><\/h2>\n<div class=\"date-post\"><a href=\"https:\/\/ziaruldevrancea.ro\/autor\/janine-vadislav\">Janine  VADISLAV<\/a>, 20 iul 2026  <\/div>\n<\/div>\n<div class=\"grup-articol-listing\">\n<div class=\"cont-pils\"><a href=\"https:\/\/ziaruldevrancea.ro\/actualitatea\/viata-satului\/fermier-din-ciorasti-exemplu-in-presa-economica-nationala\"><img decoding=\"async\" src=\"https:\/\/zdvi.cname.ro\/180_135\/actualitatea\/viata-satului\/fermier-din-ciorasti-exemplu-in-presa-economica-nationala\/mediaPool\/urCHjZQ.png\" class=\"img-responsive img-180\" alt><\/a><\/div>\n<h2><a class=\"link-titlu\" href=\"https:\/\/ziaruldevrancea.ro\/actualitatea\/viata-satului\/fermier-din-ciorasti-exemplu-in-presa-economica-nationala\">Fermier din Cior\u0103\u0219ti, exemplu \u00een presa economic\u0103 na\u021bional\u0103<\/a><\/h2>\n<div class=\"date-post\"><a href=\"https:\/\/ziaruldevrancea.ro\/autor\/eduard-popescu\">Eduard Popescu<\/a>,  3 iun 2026  <\/div>\n<\/div>\n<div class=\"grup-articol-listing\">\n<div class=\"cont-pils\"><a href=\"https:\/\/ziaruldevrancea.ro\/actualitatea\/viata-satului\/subventii-consistente-pentru-fermierii-din-vrancea-pana-la-3.000-eurha-pentru-usturoi-si-sprijin-pentru-cultura-de-cartofi\"><img decoding=\"async\" src=\"https:\/\/zdvi.cname.ro\/180_135\/actualitatea\/viata-satului\/subventii-consistente-pentru-fermierii-din-vrancea-pana-la-3.000-eurha-pentru-usturoi-si-sprijin-pentru-cultura-de-cartofi\/mediaPool\/ueHWzIi.jpg\" class=\"img-responsive img-180\" alt><\/a><\/div>\n<h2><a class=\"link-titlu\" href=\"https:\/\/ziaruldevrancea.ro\/actualitatea\/viata-satului\/subventii-consistente-pentru-fermierii-din-vrancea-pana-la-3.000-eurha-pentru-usturoi-si-sprijin-pentru-cultura-de-cartofi\">Subven\u021bii consistente pentru fermierii din Vrancea: p\u00e2n\u0103 la 3.000 \u20ac\/ha pentru usturoi \u0219i sprijin pentru cultura de cartofi<\/a><\/h2>\n<div class=\"date-post\"><a href=\"https:\/\/ziaruldevrancea.ro\/autor\/ionel-sclavone\">Ionel Sclavone<\/a>, 28 apr 2026  <\/div>\n<\/div>\n<\/div>\n<\/div>\n<div class=\"col-lg-6 bloc-egal\">\n<div class=\"card articol-listing\">\n<h6>De acela\u0219i <a href=\"https:\/\/ziaruldevrancea.ro\/autor\/mircea-pavel\/\">autor<\/a><\/h6>\n<div class=\"grup-articol-listing\">\n<div class=\"cont-pils\"><a href=\"https:\/\/ziaruldevrancea.ro\/actualitatea\/stiri-locale\/avarie-la-uzina-de-apa-focsani\"><img decoding=\"async\" src=\"https:\/\/zdvi.cname.ro\/180_135\/actualitatea\/stiri-locale\/avarie-la-uzina-de-apa-focsani\/mediaPool\/uGwcwuU.jpg\" class=\"img-responsive img-180\" alt><\/a><\/div>\n<h2><a class=\"link-titlu\" href=\"https:\/\/ziaruldevrancea.ro\/actualitatea\/stiri-locale\/avarie-la-uzina-de-apa-focsani\">Avarie la Uzina de Ap\u0103 Foc\u0219ani<\/a><\/h2>\n<div class=\"date-post\"><a href=\"https:\/\/ziaruldevrancea.ro\/autor\/mircea-pavel\">Mircea Pavel<\/a>, 30 iul 2026  <\/div>\n<\/div>\n<div class=\"grup-articol-listing\">\n<div class=\"cont-pils\"><a href=\"https:\/\/ziaruldevrancea.ro\/actualitatea\/stiri-locale\/video-patru-tineri-pe-trotinete-electrice-filmati-in-focsani-in-timp-ce-incalca-repetat-regulile-de-circulatie\"><img decoding=\"async\" src=\"https:\/\/zdvi.cname.ro\/180_135\/actualitatea\/stiri-locale\/video-patru-tineri-pe-trotinete-electrice-filmati-in-focsani-in-timp-ce-incalca-repetat-regulile-de-circulatie\/mediaPool\/uLcMvrx.jpg\" class=\"img-responsive img-180\" alt><\/a><\/div>\n<h2><a class=\"link-titlu\" href=\"https:\/\/ziaruldevrancea.ro\/actualitatea\/stiri-locale\/video-patru-tineri-pe-trotinete-electrice-filmati-in-focsani-in-timp-ce-incalca-repetat-regulile-de-circulatie\">VIDEO | Patru tineri pe trotinete electrice, filma\u021bi \u00een Foc\u0219ani \u00een timp ce \u00eencalc\u0103 repetat regulile de circula\u021bie<\/a><\/h2>\n<div class=\"date-post\"><a href=\"https:\/\/ziaruldevrancea.ro\/autor\/mircea-pavel\">Mircea Pavel<\/a>, 30 iul 2026  <\/div>\n<\/div>\n<div class=\"grup-articol-listing\">\n<div class=\"cont-pils\"><a href=\"https:\/\/ziaruldevrancea.ro\/promo\/brand-voice\/controale-itm-vrancea-pe-santiere-amenzi-de-46.000-de-lei-si-un-caz-de-munca-nedeclarata-descoperit-in-judet\"><img decoding=\"async\" src=\"https:\/\/zdvi.cname.ro\/180_135\/promo\/brand-voice\/controale-itm-vrancea-pe-santiere-amenzi-de-46.000-de-lei-si-un-caz-de-munca-nedeclarata-descoperit-in-judet\/mediaPool\/uwPwt2m.jpg\" class=\"img-responsive img-180\" alt><\/a><\/div>\n<h2><a class=\"link-titlu\" href=\"https:\/\/ziaruldevrancea.ro\/promo\/brand-voice\/controale-itm-vrancea-pe-santiere-amenzi-de-46.000-de-lei-si-un-caz-de-munca-nedeclarata-descoperit-in-judet\">Controale ITM Vrancea pe \u0219antiere: amenzi de 46.000 de lei \u0219i un caz de munc\u0103 nedeclarat\u0103 descoperit \u00een jude\u021b<\/a><\/h2>\n<div class=\"date-post\"><a href=\"https:\/\/ziaruldevrancea.ro\/autor\/mircea-pavel\">Mircea Pavel<\/a>, 30 iul 2026  <\/div>\n<\/div>\n<\/div>\n<\/div>\n<\/div>\n<\/div>\n<div class=\"extra-articol listing-anunturi\">\n<h6>Anun\u021buri <span class=\"text-primary\">ZdV<\/span> Premium<\/h6>\n<div class=\"row\">\n<div class=\"col-lg-4 col-md-6 bloc-egal\"><a class=\"card-anunt\" href=\"https:\/\/ziaruldevrancea.ro\/anunturi\/imobiliare\/vanzari-case\/vand-casa-si-teren-in-panciu-anunt-72818\"><strong class=\"titlu\">V\u00e2nz\u0103ri case<\/strong><span class=\"text-anunt\">V\u00e2nd cas\u0103 cu 2 camere, buc\u0103t\u0103rie, baie,&#8230;<\/span><span class=\"data-anunt\">23.07.2026  <\/span><\/a><\/div>\n<div class=\"col-lg-4 col-md-6 bloc-egal\"><a class=\"card-anunt\" href=\"https:\/\/ziaruldevrancea.ro\/anunturi\/angajari\/cereri-angajari\/doresc-angajare-anunt-72815\"><strong class=\"titlu\">Cereri<\/strong><span class=\"text-anunt\">Doresc s\u0103 am grij\u0103 de un copil de gradini\u021b\u0103&#8230;<\/span><span class=\"data-anunt\">21.07.2026  <\/span><\/a><\/div>\n<div class=\"col-lg-4 col-md-6 bloc-egal\"><a class=\"card-anunt\" href=\"https:\/\/ziaruldevrancea.ro\/anunturi\/inchirieri\/locuinte-oferte\/primesc-in-gazda-anunt-72816\"><strong class=\"titlu\">Locuin\u021be oferte<\/strong><span class=\"text-anunt\">\u00a0Primesc \u00een gazd\u0103 la cas\u0103.<\/p>\n<p>Tel&#8230;.<\/span><span class=\"data-anunt\">21.07.2026  <\/span><\/a><\/div>\n<\/div>\n<\/div>\n<div class=\"bloc-widget widget-albastru\">\n    Ziarul de Vrancea \u00a0nu este responsabil juridic pentru con\u0163inutul textelor din comentariile de mai jos. Responsabilitatea pentru mesajele dumneavoastra v\u0103 revine \u00een exclusivitate.\n<\/div>\n<div class=\"comentarii-articol\" id=\"comentarii\">\n<h3>Comentarii: <span class=\"text-primary\">0<\/span><\/h3>\n<p><a href=\"https:\/\/ziaruldevrancea.ro\/actualitatea\/viata-satului\/vrancea-apia-reaminteste-rentierilor-agricoli-ca-31-august-este-termenul-limita-pentru-vizarea-carnetelor-si-depunerea-documentelor\" class=\"btn btn-success btn-adauga-com\" data-toggle=\"modal\" data-parent=\"0\" data-target=\"#commentModal\">Adaug\u0103 comentariu<\/a><\/p>\n<div class=\"loadMask comments-mask\"><img decoding=\"async\" src=\"https:\/\/zdvs.cname.ro\/images\/loader_40.gif\"><\/div>\n<div class=\"comenteaza-jos\">Trebuie s\u0103 fii <a href=\"https:\/\/ziaruldevrancea.ro\/account\">autentificat<\/a> pentru a putea <a href=\"https:\/\/ziaruldevrancea.ro\/actualitatea\/viata-satului\/vrancea-apia-reaminteste-rentierilor-agricoli-ca-31-august-este-termenul-limita-pentru-vizarea-carnetelor-si-depunerea-documentelor\" class data-toggle=\"modal\" data-parent=\"0\" data-target=\"#commentModal\">posta un comentariu<\/a>.<\/div>\n<\/div>\n<div class=\"modal fade\" id=\"commentModal\" role=\"dialog\" aria-labelledby=\"commentModalLabel\">\n<div class=\"modal-dialog modal-lg\" role=\"document\">\n<div class=\"modal-content\">\n<div class=\"modal-header\">\n<h3 class=\"modal-title\" id=\"commentModalLabel\">Comenteaz\u0103<\/h3>\n<\/div>\n<div class=\"modal-body\">\n<div class=\"tabel tabel-full\">\n<div class=\"celula\">\n              Trebuie s\u0103 fii <a href=\"https:\/\/ziaruldevrancea.ro\/account\">autentificat<\/a> pentru a putea posta un comentariu.\n            <\/div>\n<\/div>\n<\/div>\n<div class=\"modal-footer\">\n<div id=\"commentPending\" class=\"formPending pull-left\"><img decoding=\"async\" src=\"https:\/\/zdvs.cname.ro\/images\/loader_40.gif\"> In curs de procesare&#8230;<\/div>\n<p><a href=\"https:\/\/ziaruldevrancea.ro\/actualitatea\/viata-satului\/vrancea-apia-reaminteste-rentierilor-agricoli-ca-31-august-este-termenul-limita-pentru-vizarea-carnetelor-si-depunerea-documentelor\" class=\"btn btn-default\" data-dismiss=\"modal\">Anuleaz\u0103<\/a><\/div>\n<\/div>\n<\/div>\n<\/div>\n<div class=\"modal fade\" id=\"commentReportModal\" role=\"dialog\" aria-labelledby=\"commentReportModalLabel\">\n<div class=\"modal-dialog modal-lg\" role=\"document\">\n<div class=\"modal-content\">\n<div class=\"modal-header\">\n<h3 class=\"modal-title\" id=\"commentReportModalLabel\">Raporteaza comentariu<\/h3>\n<\/div>\n<div class=\"modal-body\">\n<div class=\"tabel tabel-full\">\n<div class=\"celula\">\n              Trebuie s\u0103 fii <a href=\"https:\/\/ziaruldevrancea.ro\/account\">autentificat<\/a> pentru a putea raporta un comentariu.\n            <\/div>\n<\/div>\n<\/div>\n<div class=\"modal-footer\">\n<div id=\"commentReportPending\" class=\"formPending pull-left\"><img decoding=\"async\" src=\"https:\/\/zdvs.cname.ro\/images\/loader_40.gif\"> In curs de procesare&#8230;<\/div>\n<p><a href=\"https:\/\/ziaruldevrancea.ro\/actualitatea\/viata-satului\/vrancea-apia-reaminteste-rentierilor-agricoli-ca-31-august-este-termenul-limita-pentru-vizarea-carnetelor-si-depunerea-documentelor\" class=\"btn btn-default\" data-dismiss=\"modal\">Anuleaz\u0103<\/a><\/div>\n<\/div>\n<\/div>\n<\/div>\n<div class=\"modal fade\" id=\"commentLikeModal\" role=\"dialog\" aria-labelledby=\"commentLikeModalLabel\">\n<div class=\"modal-dialog modal-lg\" role=\"document\">\n<div class=\"modal-content\">\n<div class=\"modal-header\">\n<h3 class=\"modal-title\" id=\"commentReportModalLabel\">Apreciaza comentariu<\/h3>\n<\/div>\n<div class=\"modal-body\">\n<div class=\"tabel tabel-full\">\n<div class=\"celula\">\n            Trebuie s\u0103 fii <a href=\"https:\/\/ziaruldevrancea.ro\/account\">autentificat<\/a> pentru a putea aprecia un comentariu.\n          <\/div>\n<\/div>\n<\/div>\n<div class=\"modal-footer\"><a href=\"https:\/\/ziaruldevrancea.ro\/actualitatea\/viata-satului\/vrancea-apia-reaminteste-rentierilor-agricoli-ca-31-august-este-termenul-limita-pentru-vizarea-carnetelor-si-depunerea-documentelor\" class=\"btn btn-default\" data-dismiss=\"modal\">Anuleaz\u0103<\/a><\/div>\n<\/div>\n<\/div>\n<\/div>\n<div class=\"bloc-widget widget-rosu\"><span><small>Ziarul de Vrancea doreste ca acest site sa fie un spatiu al discutiilor civilizate, al comentariilor de bun simt. Din acest motiv, cei care posteaza comentarii la articole trebuie sa respecte urmatoarele reguli:<br \/>\n1. Sa se refere doar la articolul la care posteaza comentarii.<br \/>\n2. Sa foloseasca un limbaj civilizat, fara injurii, calomnii, comentarii antisemite, xenofobe sau rasiste.<br \/>\n3. Sunt interzise atacurile la adresa autorilor, daca acestea nu au legatura cu textul.<br \/>\n4. Username-ul sa nu fie nume de personalitati ale vietii publice sau parodieri ale acestora.<br \/>\nAutorul unui articol poate fi criticat pentru eventuale greseli, incoerenta, lipsa de documentare etc.<br \/>\nNerespectarea regulilor mentionate mai sus va duce la stergerea comentariilor, fara avertisment si fara explicatii.<br \/>\nAbaterile repetate vor avea drept consecinta interdictia accesului la aceasta facilitate a site-ului.<\/small><\/span><\/div>\n<\/div>\n<p>[analyse_source url=&#8221;https:\/\/ziaruldevrancea.ro\/actualitatea\/viata-satului\/vrancea-apia-reaminteste-rentierilor-agricoli-ca-31-august-este-termenul-limita-pentru-vizarea-carnetelor-si-depunerea-documentelor&#8221;]<\/p>\n","protected":false},"excerpt":{"rendered":"<p>[analyse_image type=&#8221;featured&#8221; src=&#8221;https:\/\/zdvi.cname.ro\/_\/vrancea-apia-reaminteste-rentierilor-agricoli-ca-31-august-este-termenul-limita-pentru-vizarea-carnetelor-si-depunerea-documentelor\/mediaPool\/ungKVmY.jpg&#8221;] Via\u021ba satului Vrancea: APIA reaminte\u0219te rentierilor agricoli c\u0103 31 august este termenul-limit\u0103 pentru vizarea carnetelor \u0219i depunerea documentelor Distribuie: \u00a0 | Mircea Pavel 31 iul 2026153 vizualiz\u0103ri Foto:arhiva ZdV.Credit foto:apia.org.ro Beneficiarii din jude\u021bul Vrancea pot solicita viza anual\u0103 la Centrul Jude\u021bean APIA, online sau prin po\u0219t\u0103. Plata rentei viagere agricole aferente anului [&hellip;]<\/p>\n","protected":false},"author":1,"featured_media":0,"comment_status":"open","ping_status":"","sticky":false,"template":"","format":"standard","meta":{"footnotes":""},"categories":[89],"tags":[226,208],"class_list":["post-2071590","post","type-post","status-publish","format-standard","hentry","category-romania","tag-crawlmanager","tag-ziaruldevrancea-ro"],"_links":{"self":[{"href":"https:\/\/analyse.optim.biz\/index.php?rest_route=\/wp\/v2\/posts\/2071590","targetHints":{"allow":["GET"]}}],"collection":[{"href":"https:\/\/analyse.optim.biz\/index.php?rest_route=\/wp\/v2\/posts"}],"about":[{"href":"https:\/\/analyse.optim.biz\/index.php?rest_route=\/wp\/v2\/types\/post"}],"author":[{"embeddable":true,"href":"https:\/\/analyse.optim.biz\/index.php?rest_route=\/wp\/v2\/users\/1"}],"replies":[{"embeddable":true,"href":"https:\/\/analyse.optim.biz\/index.php?rest_route=%2Fwp%2Fv2%2Fcomments&post=2071590"}],"version-history":[{"count":0,"href":"https:\/\/analyse.optim.biz\/index.php?rest_route=\/wp\/v2\/posts\/2071590\/revisions"}],"wp:attachment":[{"href":"https:\/\/analyse.optim.biz\/index.php?rest_route=%2Fwp%2Fv2%2Fmedia&parent=2071590"}],"wp:term":[{"taxonomy":"category","embeddable":true,"href":"https:\/\/analyse.optim.biz\/index.php?rest_route=%2Fwp%2Fv2%2Fcategories&post=2071590"},{"taxonomy":"post_tag","embeddable":true,"href":"https:\/\/analyse.optim.biz\/index.php?rest_route=%2Fwp%2Fv2%2Ftags&post=2071590"}],"curies":[{"name":"wp","href":"https:\/\/api.w.org\/{rel}","templated":true}]}}