{"id":2071542,"date":"2026-07-31T09:32:55","date_gmt":"2026-07-31T06:32:55","guid":{"rendered":"https:\/\/analyse.optim.biz\/?p=2071542"},"modified":"2026-07-31T09:32:55","modified_gmt":"2026-07-31T06:32:55","slug":"incendiu-de-la-un-aparat-de-gatit-lasat-nesupravegheat-ziarul-liber-in-teleorman","status":"publish","type":"post","link":"https:\/\/analyse.optim.biz\/?p=2071542","title":{"rendered":"Incendiu de la un aparat de g\u0103tit l\u0103sat nesupravegheat &#8211; Ziarul Liber in Teleorman"},"content":{"rendered":"<p>[analyse_image type=&#8221;featured&#8221; src=&#8221;https:\/\/liberinteleorman.ro\/wp-content\/uploads\/2026\/07\/ce000116-fbc3-4baa-995f-5c203d4f2e69.jpeg&#8221;]<\/p>\n<div class=\"entry-content single56__content single56__post_content single56__body_area\">\n<p>Nu l\u0103sa\u021bi aparatele de g\u0103tit nesupravegheate!<br \/>Pompierii au intervenit, \u00een aceast\u0103 diminea\u021b\u0103, pentru stingerea unui incendiu izbucnit \u00eentr-o gospod\u0103rie din localitatea Traian. Ajun\u0219i la fa\u021ba locului cu dou\u0103 autospeciale de stingere \u0219i o ambulan\u021b\u0103 SAJ, ace\u0219tia au constatat faptul c\u0103 incendiul se manifesta la o anex\u0103 \u0219i acoperi\u0219ul acesteia, pe o suprafa\u021b\u0103 de aproximativ 50 mp. Incendiul a fost lichidat \u00een limitele g\u0103site, \u00eenainte s\u0103 se extind\u0103 la locuin\u021b\u0103.<br \/>Cauza probabil\u0103 a incendiului a fost un aparat de g\u0103tit l\u0103sat nesupravegheat.<br \/>Pentru a preveni producerea unor astfel de incendii, recomand\u0103m:<\/p>\n<ul>\n<li>nu l\u0103sa\u021bi m\u00e2ncarea pe foc nesupravegheat\u0103; dac\u0103 trebuie s\u0103 p\u0103r\u0103si\u021bi buc\u0103t\u0103ria pentru o perioad\u0103 mai \u00eendelungat\u0103, lua\u021bi de pe foc crati\u021ba;<\/li>\n<li>cur\u0103\u021ba\u021bi \u0219i \u00eendep\u0103rta\u021bi depunerile de gr\u0103sime \u0219i resturi de m\u00e2ncare de pe aragazuri, plite \u0219i gr\u0103tare, deoarece acestea pot lua foc foarte u\u0219or;<\/li>\n<li>a\u0219eza\u021bi crati\u021ba pe aragaz astfel \u00eenc\u00e2t s\u0103 nu cad\u0103 sau s\u0103 se r\u0103stoarne peste flac\u0103ra deschis\u0103;<\/li>\n<li>dup\u0103 ce a\u021bi terminat de g\u0103tit, asigura\u021bi-v\u0103 c\u0103 a\u021bi oprit din func\u021biune cuptorul \u0219i aragazul.<\/li>\n<\/ul>\n<p>Nu uita\u021bi! Informa\u021bii despre modul de comportare \u00een cazul producerii unor situa\u021bii de urgen\u021b\u0103 pot fi ob\u021binute prin accesarea platformei na\u021bionale de preg\u0103tire \u00een situa\u021bii de urgen\u021b\u0103 https:\/\/fiipregatit.ro \u0219i aplica\u021bia de mobil DSU care poate fi desc\u0103rcat\u0103 gratuit din App Store \u0219i Google Play.<\/p>\n<figure class=\"wp-block-image size-large\"><a href=\"https:\/\/liberinteleorman.ro\/wp-content\/uploads\/2026\/07\/8f36ae78-51ba-4b9d-9ce8-b8c170d37135.jpeg\"><img decoding=\"async\" loading=\"lazy\" width=\"768\" height=\"1024\" src=\"https:\/\/liberinteleorman.ro\/wp-content\/uploads\/2026\/07\/8f36ae78-51ba-4b9d-9ce8-b8c170d37135-768x1024.jpeg\" alt class=\"wp-image-42793\"><\/a><\/figure>\n<\/div>\n<p>[analyse_source url=&#8221;https:\/\/liberinteleorman.ro\/incendiu-de-la-un-aparat-de-gatit-lasat-nesupravegheat\/&#8221;]<\/p>\n","protected":false},"excerpt":{"rendered":"<p>[analyse_image type=&#8221;featured&#8221; src=&#8221;https:\/\/liberinteleorman.ro\/wp-content\/uploads\/2026\/07\/ce000116-fbc3-4baa-995f-5c203d4f2e69.jpeg&#8221;] Nu l\u0103sa\u021bi aparatele de g\u0103tit nesupravegheate!Pompierii au intervenit, \u00een aceast\u0103 diminea\u021b\u0103, pentru stingerea unui incendiu izbucnit \u00eentr-o gospod\u0103rie din localitatea Traian. Ajun\u0219i la fa\u021ba locului cu dou\u0103 autospeciale de stingere \u0219i o ambulan\u021b\u0103 SAJ, ace\u0219tia au constatat faptul c\u0103 incendiul se manifesta la o anex\u0103 \u0219i acoperi\u0219ul acesteia, pe o suprafa\u021b\u0103 de [&hellip;]<\/p>\n","protected":false},"author":1,"featured_media":0,"comment_status":"open","ping_status":"","sticky":false,"template":"","format":"standard","meta":{"footnotes":""},"categories":[89],"tags":[226,181],"class_list":["post-2071542","post","type-post","status-publish","format-standard","hentry","category-romania","tag-crawlmanager","tag-liberinteleorman-ro"],"_links":{"self":[{"href":"https:\/\/analyse.optim.biz\/index.php?rest_route=\/wp\/v2\/posts\/2071542","targetHints":{"allow":["GET"]}}],"collection":[{"href":"https:\/\/analyse.optim.biz\/index.php?rest_route=\/wp\/v2\/posts"}],"about":[{"href":"https:\/\/analyse.optim.biz\/index.php?rest_route=\/wp\/v2\/types\/post"}],"author":[{"embeddable":true,"href":"https:\/\/analyse.optim.biz\/index.php?rest_route=\/wp\/v2\/users\/1"}],"replies":[{"embeddable":true,"href":"https:\/\/analyse.optim.biz\/index.php?rest_route=%2Fwp%2Fv2%2Fcomments&post=2071542"}],"version-history":[{"count":0,"href":"https:\/\/analyse.optim.biz\/index.php?rest_route=\/wp\/v2\/posts\/2071542\/revisions"}],"wp:attachment":[{"href":"https:\/\/analyse.optim.biz\/index.php?rest_route=%2Fwp%2Fv2%2Fmedia&parent=2071542"}],"wp:term":[{"taxonomy":"category","embeddable":true,"href":"https:\/\/analyse.optim.biz\/index.php?rest_route=%2Fwp%2Fv2%2Fcategories&post=2071542"},{"taxonomy":"post_tag","embeddable":true,"href":"https:\/\/analyse.optim.biz\/index.php?rest_route=%2Fwp%2Fv2%2Ftags&post=2071542"}],"curies":[{"name":"wp","href":"https:\/\/api.w.org\/{rel}","templated":true}]}}