{"id":2071531,"date":"2026-07-31T13:53:00","date_gmt":"2026-07-31T10:53:00","guid":{"rendered":"https:\/\/analyse.optim.biz\/?p=2071531"},"modified":"2026-07-31T13:53:00","modified_gmt":"2026-07-31T10:53:00","slug":"un-dubitar-a-scapat-cu-viata-dupa-ce-a-depasit-o-caruta-s-a-izbit-frontal-de-un-tir-ucrainean-si-a-fost-trantit-intr-o-alta-masina-parcata-pe-marginea-drumului-la-rosiori","status":"publish","type":"post","link":"https:\/\/analyse.optim.biz\/?p=2071531","title":{"rendered":"Un dubi\u021bar a sc\u0103pat cu via\u021b\u0103 dup\u0103 ce a dep\u0103\u0219it o c\u0103ru\u021b\u0103, s-a izbit frontal de un TIR ucrainean \u0219i a fost tr\u00e2ntit \u00eentr-o alt\u0103 ma\u0219in\u0103 parcat\u0103 pe marginea drumului, la Ro\u0219iori"},"content":{"rendered":"<p>[analyse_image type=&#8221;featured&#8221; src=&#8221;https:\/\/blogger.googleusercontent.com\/img\/b\/R29vZ2xl\/AVvXsEjlmblwOqwmwMIeUdk77nTgSsNuNPl-3kaq2KYPw5f2L1uwP1iqoRsjfYYiBR6I_4EoIP4mBpzrlihR3YqxfRCfFVCUIRapHpup6tsSfAFdN3DfCVRSDRD_DYxUZcMew25h6imEzSMUHkz_wk116TD6TGSq6szm5hHBvdzIwagEGxiXO6fXOD8YzaPwpt4\/w1600\/accident-rosiori-01.jpeg&#8221;]<\/p>\n<div class=\"post-body entry-content\" id=\"post-body\">\n<div class=\"separator\"><a href=\"https:\/\/blogger.googleusercontent.com\/img\/b\/R29vZ2xl\/AVvXsEjlmblwOqwmwMIeUdk77nTgSsNuNPl-3kaq2KYPw5f2L1uwP1iqoRsjfYYiBR6I_4EoIP4mBpzrlihR3YqxfRCfFVCUIRapHpup6tsSfAFdN3DfCVRSDRD_DYxUZcMew25h6imEzSMUHkz_wk116TD6TGSq6szm5hHBvdzIwagEGxiXO6fXOD8YzaPwpt4\/s2000\/accident-rosiori-01.jpeg\"><img decoding=\"async\" alt=\"Un dubi\u021bar a sc\u0103pat cu via\u021b\u0103 dup\u0103 ce a dep\u0103\u0219it o c\u0103ru\u021b\u0103, s-a izbit frontal de un TIR ucrainean \u0219i a fost tr\u00e2ntit \u00eentr-o alt\u0103 ma\u0219in\u0103 parcat\u0103 pe marginea drumului, la Ro\u0219iori\" border=\"0\" height=\"480\" loading=\"lazy\" src=\"https:\/\/blogger.googleusercontent.com\/img\/b\/R29vZ2xl\/AVvXsEjlmblwOqwmwMIeUdk77nTgSsNuNPl-3kaq2KYPw5f2L1uwP1iqoRsjfYYiBR6I_4EoIP4mBpzrlihR3YqxfRCfFVCUIRapHpup6tsSfAFdN3DfCVRSDRD_DYxUZcMew25h6imEzSMUHkz_wk116TD6TGSq6szm5hHBvdzIwagEGxiXO6fXOD8YzaPwpt4\/w640-h480-rw\/accident-rosiori-01.jpeg\" title=\"Un dubi\u021bar a sc\u0103pat cu via\u021b\u0103 dup\u0103 ce a dep\u0103\u0219it o c\u0103ru\u021b\u0103, s-a izbit frontal de un TIR ucrainean \u0219i a fost tr\u00e2ntit \u00eentr-o alt\u0103 ma\u0219in\u0103 parcat\u0103 pe marginea drumului, la Ro\u0219iori\" width=\"640\"><\/a><\/div>\n<p><strong>Un t\u00e2n\u0103r de 24 de ani a sc\u0103pat ca prin minune cu via\u021b\u0103 dup\u0103 un accident teribil produs pe DN2 (E85), unul dintre cele mai periculoase drumuri din \u021bar\u0103. O dep\u0103\u0219ire imprudent\u0103 a transformat o c\u0103l\u0103torie obi\u0219nuit\u0103 \u00eentr-un carambol violent, \u00een care au fost implicate dou\u0103 autoturisme, un autotren de mare tonaj \u0219i, indirect, un atelaj hipo.<\/strong><\/p>\n<p>Accidentul s-a produs joi, 30 iulie 2026, \u00een jurul orei 12:00, pe raza localit\u0103\u021bii <a href=\"https:\/\/stirisuceava.net\/search\/label\/Ro%C8%99iori\">Ro\u0219iori<\/a>, comuna For\u0103\u0219ti. Potrivit autorit\u0103\u021bilor rutiere, Alin D., un t\u00e2n\u0103r \u00een v\u00e2rst\u0103 de 24 de ani din ora\u0219ul Salcea, se afla la volanul unui autoturism marca Mercedes Benz \u0219i se deplasa pe rela\u021bia Ro\u0219iori spre Vadu Moldovei.<\/p>\n<h2>Impact frontal cu un TIR \u0219i proiectare \u00eentr-o ma\u0219in\u0103 parcat\u0103<\/h2>\n<p>Din dorin\u021ba de a avansa mai repede \u00een trafic, t\u00e2n\u0103rul s-a angajat \u00een dep\u0103\u0219irea unei c\u0103ru\u021be aflate pe sensul s\u0103u de mers. Manevra s-a dovedit a fi una extrem de calculat\u0103 gre\u0219it \u0219i riscant\u0103, \u00eentruc\u00e2t din sens opus circula regulamentar un autotren marca DAF, care tracta o semiremorc\u0103 Kogel. TIR-ul era condus de Pavlo I., un cet\u0103\u021bean ucrainean \u00een v\u00e2rst\u0103 de 58 de ani.<\/p>\n<p>Impactul frontal a fost inevitabil. \u00cen urma coliziunii deosebit de violente cu vehiculul de mare tonaj, autoutilitara Mercedes a fost aruncat\u0103 de pe traiectorie ca o minge de ping-pong, fiind proiectat\u0103 \u00een afara p\u0103r\u021bii carosabile. Acolo, ma\u0219ina t\u00e2n\u0103rului a lovit \u00een plin un alt autoturism, marca VW, care era parcat regulamentar.<\/p>\n<h3>Care este starea \u0219oferului \u0219i ce au indicat etilotestele<\/h3>\n<p>\u00cen ciuda gravit\u0103\u021bii \u0219i a for\u021bei impactului, \u0219oferul din Salcea a avut mult noroc \u0219i a sc\u0103pat cu via\u021b\u0103. Acesta a primit \u00eengrijiri medicale, diagnosticul medicilor fiind de \u201econtuzionat prin accident rutier, contuzie coloan\u0103 cervical\u0103\u201d. Din fericire, nicio alt\u0103 persoan\u0103 implicat\u0103 nu a suferit r\u0103ni grave.<\/p>\n<p>Poli\u021bi\u0219tii sosi\u021bi la fa\u021ba locului au procedat la testarea ambilor conduc\u0103tori auto cu aparatul etilometru. Rezultatele au fost negative pentru ambii \u0219oferi, indic\u00e2nd faptul c\u0103 niciunul dintre ei nu consumase alcool \u00eenainte de a se urca la volan.<\/p>\n<p>Poli\u021bia a deschis o anchet\u0103 pentru a stabili cu exactitate toate circumstan\u021bele producerii evenimentului rutier. \u00cen cauz\u0103 s-a \u00eentocmit un dosar penal sub aspectul s\u0103v\u00e2r\u0219irii infrac\u021biunii de <strong>\u201ev\u0103t\u0103mare corporal\u0103 din culp\u0103\u201d<\/strong>, fapt\u0103 prev\u0103zut\u0103 \u0219i pedepsit\u0103 de art. 196 alin. 2 \u0219i 3 din Codul Penal.<\/p>\n<div class=\"separator\"><a href=\"https:\/\/blogger.googleusercontent.com\/img\/b\/R29vZ2xl\/AVvXsEjg5w9SWs4ZnjJmTKR0DzN1DDN14gLP4LoyS5OUQ8uCNH8LtNu6khmSUS-B0AS4ukJRONDn2tSKTytAagdugGo1pKlqVm6jrQj91da7zw_0Ou4dBeaRyJxz5bz3ApVQE9nIoXJ2LitMnaFJH2HTgBq5K6dzASvgTxYWE_7tP5uyxrRbKVste3Zq1_wztTc\/s2000\/accident-rosiori-03.jpeg\"><img decoding=\"async\" alt=\"Un dubi\u021bar a sc\u0103pat cu via\u021b\u0103 dup\u0103 ce a dep\u0103\u0219it o c\u0103ru\u021b\u0103, s-a izbit frontal de un TIR ucrainean \u0219i a fost tr\u00e2ntit \u00eentr-o alt\u0103 ma\u0219in\u0103 parcat\u0103 pe marginea drumului, la Ro\u0219iori\" border=\"0\" height=\"640\" loading=\"lazy\" src=\"https:\/\/blogger.googleusercontent.com\/img\/b\/R29vZ2xl\/AVvXsEjg5w9SWs4ZnjJmTKR0DzN1DDN14gLP4LoyS5OUQ8uCNH8LtNu6khmSUS-B0AS4ukJRONDn2tSKTytAagdugGo1pKlqVm6jrQj91da7zw_0Ou4dBeaRyJxz5bz3ApVQE9nIoXJ2LitMnaFJH2HTgBq5K6dzASvgTxYWE_7tP5uyxrRbKVste3Zq1_wztTc\/w480-h640-rw\/accident-rosiori-03.jpeg\" title=\"Un dubi\u021bar a sc\u0103pat cu via\u021b\u0103 dup\u0103 ce a dep\u0103\u0219it o c\u0103ru\u021b\u0103, s-a izbit frontal de un TIR ucrainean \u0219i a fost tr\u00e2ntit \u00eentr-o alt\u0103 ma\u0219in\u0103 parcat\u0103 pe marginea drumului, la Ro\u0219iori\" width=\"480\"><\/a><\/div>\n<div class=\"separator\"><a href=\"https:\/\/blogger.googleusercontent.com\/img\/b\/R29vZ2xl\/AVvXsEjehkiPSz-YjJuXSXnL08pBtqX8pf2t7nfk8j_Y2FKScN8MP1w0KFcEu2X8TbXS6G1uyhI_cuUrZja8-swwLjdqbHXRgPVA-ZtSVet4I9SHoxuwAfHo2uyW2hyphenhyphen2BSWqR7aTP88Pverqt-Hp7tPZ8oLgInNZ-XqJ_Irb9txZmWd3fa-scwPrRhBm2whKBWg\/s2000\/accident-rosiori-02.jpeg\"><img decoding=\"async\" alt=\"Un dubi\u021bar a sc\u0103pat cu via\u021b\u0103 dup\u0103 ce a dep\u0103\u0219it o c\u0103ru\u021b\u0103, s-a izbit frontal de un TIR ucrainean \u0219i a fost tr\u00e2ntit \u00eentr-o alt\u0103 ma\u0219in\u0103 parcat\u0103 pe marginea drumului, la Ro\u0219iori\" border=\"0\" height=\"640\" loading=\"lazy\" src=\"https:\/\/blogger.googleusercontent.com\/img\/b\/R29vZ2xl\/AVvXsEjehkiPSz-YjJuXSXnL08pBtqX8pf2t7nfk8j_Y2FKScN8MP1w0KFcEu2X8TbXS6G1uyhI_cuUrZja8-swwLjdqbHXRgPVA-ZtSVet4I9SHoxuwAfHo2uyW2hyphenhyphen2BSWqR7aTP88Pverqt-Hp7tPZ8oLgInNZ-XqJ_Irb9txZmWd3fa-scwPrRhBm2whKBWg\/w480-h640-rw\/accident-rosiori-02.jpeg\" title=\"Un dubi\u021bar a sc\u0103pat cu via\u021b\u0103 dup\u0103 ce a dep\u0103\u0219it o c\u0103ru\u021b\u0103, s-a izbit frontal de un TIR ucrainean \u0219i a fost tr\u00e2ntit \u00eentr-o alt\u0103 ma\u0219in\u0103 parcat\u0103 pe marginea drumului, la Ro\u0219iori\" width=\"480\"><\/a><\/div>\n<\/div>\n<div class=\"post-body entry-content\" id=\"post-body\">\n<div class=\"separator\"><a href=\"https:\/\/blogger.googleusercontent.com\/img\/b\/R29vZ2xl\/AVvXsEjlmblwOqwmwMIeUdk77nTgSsNuNPl-3kaq2KYPw5f2L1uwP1iqoRsjfYYiBR6I_4EoIP4mBpzrlihR3YqxfRCfFVCUIRapHpup6tsSfAFdN3DfCVRSDRD_DYxUZcMew25h6imEzSMUHkz_wk116TD6TGSq6szm5hHBvdzIwagEGxiXO6fXOD8YzaPwpt4\/s2000\/accident-rosiori-01.jpeg\"><img decoding=\"async\" alt=\"Un dubi\u021bar a sc\u0103pat cu via\u021b\u0103 dup\u0103 ce a dep\u0103\u0219it o c\u0103ru\u021b\u0103, s-a izbit frontal de un TIR ucrainean \u0219i a fost tr\u00e2ntit \u00eentr-o alt\u0103 ma\u0219in\u0103 parcat\u0103 pe marginea drumului, la Ro\u0219iori\" border=\"0\" height=\"480\" loading=\"lazy\" src=\"https:\/\/blogger.googleusercontent.com\/img\/b\/R29vZ2xl\/AVvXsEjlmblwOqwmwMIeUdk77nTgSsNuNPl-3kaq2KYPw5f2L1uwP1iqoRsjfYYiBR6I_4EoIP4mBpzrlihR3YqxfRCfFVCUIRapHpup6tsSfAFdN3DfCVRSDRD_DYxUZcMew25h6imEzSMUHkz_wk116TD6TGSq6szm5hHBvdzIwagEGxiXO6fXOD8YzaPwpt4\/w640-h480-rw\/accident-rosiori-01.jpeg\" title=\"Un dubi\u021bar a sc\u0103pat cu via\u021b\u0103 dup\u0103 ce a dep\u0103\u0219it o c\u0103ru\u021b\u0103, s-a izbit frontal de un TIR ucrainean \u0219i a fost tr\u00e2ntit \u00eentr-o alt\u0103 ma\u0219in\u0103 parcat\u0103 pe marginea drumului, la Ro\u0219iori\" width=\"640\"><\/a><\/div>\n<p><strong>Un t\u00e2n\u0103r de 24 de ani a sc\u0103pat ca prin minune cu via\u021b\u0103 dup\u0103 un accident teribil produs pe DN2 (E85), unul dintre cele mai periculoase drumuri din \u021bar\u0103. O dep\u0103\u0219ire imprudent\u0103 a transformat o c\u0103l\u0103torie obi\u0219nuit\u0103 \u00eentr-un carambol violent, \u00een care au fost implicate dou\u0103 autoturisme, un autotren de mare tonaj \u0219i, indirect, un atelaj hipo.<\/strong><\/p>\n<p>Accidentul s-a produs joi, 30 iulie 2026, \u00een jurul orei 12:00, pe raza localit\u0103\u021bii <a href=\"https:\/\/stirisuceava.net\/search\/label\/Ro%C8%99iori\">Ro\u0219iori<\/a>, comuna For\u0103\u0219ti. Potrivit autorit\u0103\u021bilor rutiere, Alin D., un t\u00e2n\u0103r \u00een v\u00e2rst\u0103 de 24 de ani din ora\u0219ul Salcea, se afla la volanul unui autoturism marca Mercedes Benz \u0219i se deplasa pe rela\u021bia Ro\u0219iori spre Vadu Moldovei.<\/p>\n<h2>Impact frontal cu un TIR \u0219i proiectare \u00eentr-o ma\u0219in\u0103 parcat\u0103<\/h2>\n<p>Din dorin\u021ba de a avansa mai repede \u00een trafic, t\u00e2n\u0103rul s-a angajat \u00een dep\u0103\u0219irea unei c\u0103ru\u021be aflate pe sensul s\u0103u de mers. Manevra s-a dovedit a fi una extrem de calculat\u0103 gre\u0219it \u0219i riscant\u0103, \u00eentruc\u00e2t din sens opus circula regulamentar un autotren marca DAF, care tracta o semiremorc\u0103 Kogel. TIR-ul era condus de Pavlo I., un cet\u0103\u021bean ucrainean \u00een v\u00e2rst\u0103 de 58 de ani.<\/p>\n<p>Impactul frontal a fost inevitabil. \u00cen urma coliziunii deosebit de violente cu vehiculul de mare tonaj, autoutilitara Mercedes a fost aruncat\u0103 de pe traiectorie ca o minge de ping-pong, fiind proiectat\u0103 \u00een afara p\u0103r\u021bii carosabile. Acolo, ma\u0219ina t\u00e2n\u0103rului a lovit \u00een plin un alt autoturism, marca VW, care era parcat regulamentar.<\/p>\n<h3>Care este starea \u0219oferului \u0219i ce au indicat etilotestele<\/h3>\n<p>\u00cen ciuda gravit\u0103\u021bii \u0219i a for\u021bei impactului, \u0219oferul din Salcea a avut mult noroc \u0219i a sc\u0103pat cu via\u021b\u0103. Acesta a primit \u00eengrijiri medicale, diagnosticul medicilor fiind de \u201econtuzionat prin accident rutier, contuzie coloan\u0103 cervical\u0103\u201d. Din fericire, nicio alt\u0103 persoan\u0103 implicat\u0103 nu a suferit r\u0103ni grave.<\/p>\n<p>Poli\u021bi\u0219tii sosi\u021bi la fa\u021ba locului au procedat la testarea ambilor conduc\u0103tori auto cu aparatul etilometru. Rezultatele au fost negative pentru ambii \u0219oferi, indic\u00e2nd faptul c\u0103 niciunul dintre ei nu consumase alcool \u00eenainte de a se urca la volan.<\/p>\n<p>Poli\u021bia a deschis o anchet\u0103 pentru a stabili cu exactitate toate circumstan\u021bele producerii evenimentului rutier. \u00cen cauz\u0103 s-a \u00eentocmit un dosar penal sub aspectul s\u0103v\u00e2r\u0219irii infrac\u021biunii de <strong>\u201ev\u0103t\u0103mare corporal\u0103 din culp\u0103\u201d<\/strong>, fapt\u0103 prev\u0103zut\u0103 \u0219i pedepsit\u0103 de art. 196 alin. 2 \u0219i 3 din Codul Penal.<\/p>\n<div class=\"separator\"><a href=\"https:\/\/blogger.googleusercontent.com\/img\/b\/R29vZ2xl\/AVvXsEjg5w9SWs4ZnjJmTKR0DzN1DDN14gLP4LoyS5OUQ8uCNH8LtNu6khmSUS-B0AS4ukJRONDn2tSKTytAagdugGo1pKlqVm6jrQj91da7zw_0Ou4dBeaRyJxz5bz3ApVQE9nIoXJ2LitMnaFJH2HTgBq5K6dzASvgTxYWE_7tP5uyxrRbKVste3Zq1_wztTc\/s2000\/accident-rosiori-03.jpeg\"><img decoding=\"async\" alt=\"Un dubi\u021bar a sc\u0103pat cu via\u021b\u0103 dup\u0103 ce a dep\u0103\u0219it o c\u0103ru\u021b\u0103, s-a izbit frontal de un TIR ucrainean \u0219i a fost tr\u00e2ntit \u00eentr-o alt\u0103 ma\u0219in\u0103 parcat\u0103 pe marginea drumului, la Ro\u0219iori\" border=\"0\" height=\"640\" loading=\"lazy\" src=\"https:\/\/blogger.googleusercontent.com\/img\/b\/R29vZ2xl\/AVvXsEjg5w9SWs4ZnjJmTKR0DzN1DDN14gLP4LoyS5OUQ8uCNH8LtNu6khmSUS-B0AS4ukJRONDn2tSKTytAagdugGo1pKlqVm6jrQj91da7zw_0Ou4dBeaRyJxz5bz3ApVQE9nIoXJ2LitMnaFJH2HTgBq5K6dzASvgTxYWE_7tP5uyxrRbKVste3Zq1_wztTc\/w480-h640-rw\/accident-rosiori-03.jpeg\" title=\"Un dubi\u021bar a sc\u0103pat cu via\u021b\u0103 dup\u0103 ce a dep\u0103\u0219it o c\u0103ru\u021b\u0103, s-a izbit frontal de un TIR ucrainean \u0219i a fost tr\u00e2ntit \u00eentr-o alt\u0103 ma\u0219in\u0103 parcat\u0103 pe marginea drumului, la Ro\u0219iori\" width=\"480\"><\/a><\/div>\n<div class=\"separator\"><a href=\"https:\/\/blogger.googleusercontent.com\/img\/b\/R29vZ2xl\/AVvXsEjehkiPSz-YjJuXSXnL08pBtqX8pf2t7nfk8j_Y2FKScN8MP1w0KFcEu2X8TbXS6G1uyhI_cuUrZja8-swwLjdqbHXRgPVA-ZtSVet4I9SHoxuwAfHo2uyW2hyphenhyphen2BSWqR7aTP88Pverqt-Hp7tPZ8oLgInNZ-XqJ_Irb9txZmWd3fa-scwPrRhBm2whKBWg\/s2000\/accident-rosiori-02.jpeg\"><img decoding=\"async\" alt=\"Un dubi\u021bar a sc\u0103pat cu via\u021b\u0103 dup\u0103 ce a dep\u0103\u0219it o c\u0103ru\u021b\u0103, s-a izbit frontal de un TIR ucrainean \u0219i a fost tr\u00e2ntit \u00eentr-o alt\u0103 ma\u0219in\u0103 parcat\u0103 pe marginea drumului, la Ro\u0219iori\" border=\"0\" height=\"640\" loading=\"lazy\" src=\"https:\/\/blogger.googleusercontent.com\/img\/b\/R29vZ2xl\/AVvXsEjehkiPSz-YjJuXSXnL08pBtqX8pf2t7nfk8j_Y2FKScN8MP1w0KFcEu2X8TbXS6G1uyhI_cuUrZja8-swwLjdqbHXRgPVA-ZtSVet4I9SHoxuwAfHo2uyW2hyphenhyphen2BSWqR7aTP88Pverqt-Hp7tPZ8oLgInNZ-XqJ_Irb9txZmWd3fa-scwPrRhBm2whKBWg\/w480-h640-rw\/accident-rosiori-02.jpeg\" title=\"Un dubi\u021bar a sc\u0103pat cu via\u021b\u0103 dup\u0103 ce a dep\u0103\u0219it o c\u0103ru\u021b\u0103, s-a izbit frontal de un TIR ucrainean \u0219i a fost tr\u00e2ntit \u00eentr-o alt\u0103 ma\u0219in\u0103 parcat\u0103 pe marginea drumului, la Ro\u0219iori\" width=\"480\"><\/a><\/div>\n<\/div>\n<p>[analyse_source url=&#8221;https:\/\/www.stirisuceava.net\/2026\/07\/un-dubitar-scapat-cu-viata-dupa-ce.html&#8221;]<\/p>\n","protected":false},"excerpt":{"rendered":"<p>[analyse_image type=&#8221;featured&#8221; src=&#8221;https:\/\/blogger.googleusercontent.com\/img\/b\/R29vZ2xl\/AVvXsEjlmblwOqwmwMIeUdk77nTgSsNuNPl-3kaq2KYPw5f2L1uwP1iqoRsjfYYiBR6I_4EoIP4mBpzrlihR3YqxfRCfFVCUIRapHpup6tsSfAFdN3DfCVRSDRD_DYxUZcMew25h6imEzSMUHkz_wk116TD6TGSq6szm5hHBvdzIwagEGxiXO6fXOD8YzaPwpt4\/w1600\/accident-rosiori-01.jpeg&#8221;] Un t\u00e2n\u0103r de 24 de ani a sc\u0103pat ca prin minune cu via\u021b\u0103 dup\u0103 un accident teribil produs pe DN2 (E85), unul dintre cele mai periculoase drumuri din \u021bar\u0103. O dep\u0103\u0219ire imprudent\u0103 a transformat o c\u0103l\u0103torie obi\u0219nuit\u0103 \u00eentr-un carambol violent, \u00een care au fost implicate dou\u0103 autoturisme, un autotren de mare tonaj [&hellip;]<\/p>\n","protected":false},"author":1,"featured_media":0,"comment_status":"open","ping_status":"","sticky":false,"template":"","format":"standard","meta":{"footnotes":""},"categories":[89],"tags":[226,172],"class_list":["post-2071531","post","type-post","status-publish","format-standard","hentry","category-romania","tag-crawlmanager","tag-stirisuceava-net"],"_links":{"self":[{"href":"https:\/\/analyse.optim.biz\/index.php?rest_route=\/wp\/v2\/posts\/2071531","targetHints":{"allow":["GET"]}}],"collection":[{"href":"https:\/\/analyse.optim.biz\/index.php?rest_route=\/wp\/v2\/posts"}],"about":[{"href":"https:\/\/analyse.optim.biz\/index.php?rest_route=\/wp\/v2\/types\/post"}],"author":[{"embeddable":true,"href":"https:\/\/analyse.optim.biz\/index.php?rest_route=\/wp\/v2\/users\/1"}],"replies":[{"embeddable":true,"href":"https:\/\/analyse.optim.biz\/index.php?rest_route=%2Fwp%2Fv2%2Fcomments&post=2071531"}],"version-history":[{"count":0,"href":"https:\/\/analyse.optim.biz\/index.php?rest_route=\/wp\/v2\/posts\/2071531\/revisions"}],"wp:attachment":[{"href":"https:\/\/analyse.optim.biz\/index.php?rest_route=%2Fwp%2Fv2%2Fmedia&parent=2071531"}],"wp:term":[{"taxonomy":"category","embeddable":true,"href":"https:\/\/analyse.optim.biz\/index.php?rest_route=%2Fwp%2Fv2%2Fcategories&post=2071531"},{"taxonomy":"post_tag","embeddable":true,"href":"https:\/\/analyse.optim.biz\/index.php?rest_route=%2Fwp%2Fv2%2Ftags&post=2071531"}],"curies":[{"name":"wp","href":"https:\/\/api.w.org\/{rel}","templated":true}]}}