{"id":2071499,"date":"2026-07-31T14:42:00","date_gmt":"2026-07-31T11:42:00","guid":{"rendered":"https:\/\/analyse.optim.biz\/?p=2071499"},"modified":"2026-07-31T14:42:00","modified_gmt":"2026-07-31T11:42:00","slug":"festivalul-international-de-folclor-plaiurile-mioritei-pe-scena-la-buzau","status":"publish","type":"post","link":"https:\/\/analyse.optim.biz\/?p=2071499","title":{"rendered":"Festivalul Interna\u021bional de Folclor \u201ePlaiurile Miori\u021bei\u201d, pe scen\u0103 la Buz\u0103u"},"content":{"rendered":"<p>[analyse_image type=&#8221;featured&#8221; src=&#8221;https:\/\/revistaverde.ro\/wp-content\/uploads\/2026\/07\/TURISM-BUZAU-2.jpg&#8221;]<\/p>\n<article id=\"post-15758\" class=\"post-15758 post type-post status-publish format-standard has-post-thumbnail hentry category-international\">\n<header class=\"entry-header mh-clearfix\">\n<h1 class=\"entry-title\">Festivalul Interna\u021bional de Folclor \u201ePlaiurile Miori\u021bei\u201d, pe scen\u0103 la Buz\u0103u<\/h1>\n<p class=\"mh-meta entry-meta\"><span class=\"entry-meta-date updated\"><a href=\"https:\/\/revistaverde.ro\/2026\/07\/\">iulie 31, 2026<\/a><\/span><span class=\"entry-meta-author author vcard\"><a class=\"fn\" href=\"https:\/\/revistaverde.ro\/author\/revistaverdefrumoasa2017\/\">M\u0103rg\u0103rit GROSU<\/a><\/span><span class=\"entry-meta-categories\"><a href=\"https:\/\/revistaverde.ro\/category\/international\/\" rel=\"category tag\">international<\/a><\/span><span class=\"entry-meta-comments\"><a class=\"mh-comment-scroll\" href=\"https:\/\/revistaverde.ro\/2026\/07\/31\/festivalul-international-de-folclor-plaiurile-mioritei-pe-scena-la-buzau\/#mh-comments\">0<\/a><\/span><\/p>\n<\/header>\n<div class=\"entry-content mh-clearfix\">\n<figure class=\"entry-thumbnail\"><img decoding=\"async\" src=\"https:\/\/revistaverde.ro\/wp-content\/uploads\/2026\/07\/TURISM-BUZAU-2-678x381.jpg\" alt title=\"TURISM BUZAU 2\"><\/figure>\n<p>\u201dAst\u0103zi am avut bucuria s\u0103 \u00eei \u00eent\u00e2mpin la Consiliul Jude\u021bean pe reprezentan\u021bii delega\u021biilor participante la cea de-a XI-a edi\u021bie a Festivalului Interna\u021bional de Folclor \u201ePlaiurile Miori\u021bei\u201d, a declarat Marcel Ciolacu, pre\u0219edintele Consiliului Jude\u021bean Buz\u0103u, la deschiderea evenimentului.<\/p>\n<p>Timp de patru zile, jude\u021bul Buz\u0103u a reunit ansambluri din opt \u021b\u0103ri, de pe trei continente: Letonia, Republica Coreea, Serbia, Slovacia, Spania, Statele Unite ale Americii, Asocia\u021bia Folcloric\u0103 Lefko\u015fa \u0219i Rom\u00e2nia. Fiecare delega\u021bie aduce cu ea o parte din identitatea \u0219i tradi\u021biile locului din care vine, iar asta face ca festivalul nostru s\u0103 fie, \u00een fiecare an, o adev\u0103rat\u0103 \u00eent\u00e2lnire \u00eentre culturi.<\/p>\n<p><em>\u201dM\u0103 bucur c\u0103 Buz\u0103ul g\u0103zduie\u0219te un eveniment care a devenit un reper pe harta festivalurilor interna\u021bionale de folclor \u0219i care demonstreaz\u0103 c\u0103 tradi\u021biile au puterea de a aduce oamenii \u00eempreun\u0103, indiferent de limba pe care o vorbesc sau de distan\u021ba care \u00eei desparte.<\/em><\/p>\n<p><em>\u00cei invit pe to\u021bi buzoienii s\u0103 fie al\u0103turi de participan\u021bi \u00een aceste zile, s\u0103 se bucure de spectacolele preg\u0103tite \u0219i s\u0103 descopere frumuse\u021bea tradi\u021biilor din \u00eentreaga lume, al\u0103turi de bog\u0103\u021bia \u0219i autenticitatea folclorului rom\u00e2nesc\u201d<\/em> a declarat pre\u0219edintele Consiliului Jude\u021bean Buz\u0103u, Marcel Ciolacu la deschiderea festivalului.<\/p>\n<figure class=\"wp-block-image size-large\"><img loading=\"lazy\" decoding=\"async\" width=\"1024\" height=\"682\" src=\"http:\/\/revistaverde.ro\/wp-content\/uploads\/2026\/07\/TURISM-BUZAU-1024x682.jpg\" alt class=\"wp-image-15759\"><\/figure>\n<div class=\"col-md-2 col-sm-4 col-xs-4\"> .col-md-2 { float:left; width: 16.6667%; } <\/div>\n<div class=\"col-md-2 col-sm-4 col-xs-4\"> .col-md-2 { float:left; width: 16.6667%; } <\/p>\n<div class=\"fb-share-button\" data-href=\"https:\/\/revistaverde.ro\/2026\/07\/31\/festivalul-international-de-folclor-plaiurile-mioritei-pe-scena-la-buzau\/\" data-layout=\"button\" data-size=\"large\" data-mobile-iframe=\"true\"><a class=\"fb-xfbml-parse-ignore\" target=\"_blank\" href=\"https:\/\/www.facebook.com\/sharer\/sharer.php?u=https%3A%2F%2Frevistaverde.ro%2F2026%2F07%2F31%2Ffestivalul-international-de-folclor-plaiurile-mioritei-pe-scena-la-buzau%2F&amp;src=sdkpreparse\">Share<\/a><\/div>\n<\/div>\n<div class=\"col-md-2 col-sm-4 col-xs-4\"> .col-md-2 { float:left; width: 16.6667%; } <\/div>\n<\/div>\n<\/article>\n<div class=\"entry-content mh-clearfix\">\n<figure class=\"entry-thumbnail\"><img decoding=\"async\" src=\"https:\/\/revistaverde.ro\/wp-content\/uploads\/2026\/07\/TURISM-BUZAU-2-678x381.jpg\" alt title=\"TURISM BUZAU 2\"><\/figure>\n<p>\u201dAst\u0103zi am avut bucuria s\u0103 \u00eei \u00eent\u00e2mpin la Consiliul Jude\u021bean pe reprezentan\u021bii delega\u021biilor participante la cea de-a XI-a edi\u021bie a Festivalului Interna\u021bional de Folclor \u201ePlaiurile Miori\u021bei\u201d, a declarat Marcel Ciolacu, pre\u0219edintele Consiliului Jude\u021bean Buz\u0103u, la deschiderea evenimentului.<\/p>\n<p>Timp de patru zile, jude\u021bul Buz\u0103u a reunit ansambluri din opt \u021b\u0103ri, de pe trei continente: Letonia, Republica Coreea, Serbia, Slovacia, Spania, Statele Unite ale Americii, Asocia\u021bia Folcloric\u0103 Lefko\u015fa \u0219i Rom\u00e2nia. Fiecare delega\u021bie aduce cu ea o parte din identitatea \u0219i tradi\u021biile locului din care vine, iar asta face ca festivalul nostru s\u0103 fie, \u00een fiecare an, o adev\u0103rat\u0103 \u00eent\u00e2lnire \u00eentre culturi.<\/p>\n<p><em>\u201dM\u0103 bucur c\u0103 Buz\u0103ul g\u0103zduie\u0219te un eveniment care a devenit un reper pe harta festivalurilor interna\u021bionale de folclor \u0219i care demonstreaz\u0103 c\u0103 tradi\u021biile au puterea de a aduce oamenii \u00eempreun\u0103, indiferent de limba pe care o vorbesc sau de distan\u021ba care \u00eei desparte.<\/em><\/p>\n<p><em>\u00cei invit pe to\u021bi buzoienii s\u0103 fie al\u0103turi de participan\u021bi \u00een aceste zile, s\u0103 se bucure de spectacolele preg\u0103tite \u0219i s\u0103 descopere frumuse\u021bea tradi\u021biilor din \u00eentreaga lume, al\u0103turi de bog\u0103\u021bia \u0219i autenticitatea folclorului rom\u00e2nesc\u201d<\/em> a declarat pre\u0219edintele Consiliului Jude\u021bean Buz\u0103u, Marcel Ciolacu la deschiderea festivalului.<\/p>\n<figure class=\"wp-block-image size-large\"><img loading=\"lazy\" decoding=\"async\" width=\"1024\" height=\"682\" src=\"http:\/\/revistaverde.ro\/wp-content\/uploads\/2026\/07\/TURISM-BUZAU-1024x682.jpg\" alt class=\"wp-image-15759\"><\/figure>\n<div class=\"col-md-2 col-sm-4 col-xs-4\"> .col-md-2 { float:left; width: 16.6667%; } <\/div>\n<div class=\"col-md-2 col-sm-4 col-xs-4\"> .col-md-2 { float:left; width: 16.6667%; } <\/p>\n<div class=\"fb-share-button\" data-href=\"https:\/\/revistaverde.ro\/2026\/07\/31\/festivalul-international-de-folclor-plaiurile-mioritei-pe-scena-la-buzau\/\" data-layout=\"button\" data-size=\"large\" data-mobile-iframe=\"true\"><a class=\"fb-xfbml-parse-ignore\" target=\"_blank\" href=\"https:\/\/www.facebook.com\/sharer\/sharer.php?u=https%3A%2F%2Frevistaverde.ro%2F2026%2F07%2F31%2Ffestivalul-international-de-folclor-plaiurile-mioritei-pe-scena-la-buzau%2F&amp;src=sdkpreparse\">Share<\/a><\/div>\n<\/div>\n<div class=\"col-md-2 col-sm-4 col-xs-4\"> .col-md-2 { float:left; width: 16.6667%; } <\/div>\n<\/div>\n<p>[analyse_source url=&#8221;https:\/\/revistaverde.ro\/2026\/07\/31\/festivalul-international-de-folclor-plaiurile-mioritei-pe-scena-la-buzau\/&#8221;]<\/p>\n","protected":false},"excerpt":{"rendered":"<p>[analyse_image type=&#8221;featured&#8221; src=&#8221;https:\/\/revistaverde.ro\/wp-content\/uploads\/2026\/07\/TURISM-BUZAU-2.jpg&#8221;] Festivalul Interna\u021bional de Folclor \u201ePlaiurile Miori\u021bei\u201d, pe scen\u0103 la Buz\u0103u iulie 31, 2026M\u0103rg\u0103rit GROSUinternational0 \u201dAst\u0103zi am avut bucuria s\u0103 \u00eei \u00eent\u00e2mpin la Consiliul Jude\u021bean pe reprezentan\u021bii delega\u021biilor participante la cea de-a XI-a edi\u021bie a Festivalului Interna\u021bional de Folclor \u201ePlaiurile Miori\u021bei\u201d, a declarat Marcel Ciolacu, pre\u0219edintele Consiliului Jude\u021bean Buz\u0103u, la deschiderea evenimentului. Timp [&hellip;]<\/p>\n","protected":false},"author":1,"featured_media":0,"comment_status":"open","ping_status":"","sticky":false,"template":"","format":"standard","meta":{"footnotes":""},"categories":[2],"tags":[226,57],"class_list":["post-2071499","post","type-post","status-publish","format-standard","hentry","category-politics","tag-crawlmanager","tag-revistaverde-ro"],"_links":{"self":[{"href":"https:\/\/analyse.optim.biz\/index.php?rest_route=\/wp\/v2\/posts\/2071499","targetHints":{"allow":["GET"]}}],"collection":[{"href":"https:\/\/analyse.optim.biz\/index.php?rest_route=\/wp\/v2\/posts"}],"about":[{"href":"https:\/\/analyse.optim.biz\/index.php?rest_route=\/wp\/v2\/types\/post"}],"author":[{"embeddable":true,"href":"https:\/\/analyse.optim.biz\/index.php?rest_route=\/wp\/v2\/users\/1"}],"replies":[{"embeddable":true,"href":"https:\/\/analyse.optim.biz\/index.php?rest_route=%2Fwp%2Fv2%2Fcomments&post=2071499"}],"version-history":[{"count":0,"href":"https:\/\/analyse.optim.biz\/index.php?rest_route=\/wp\/v2\/posts\/2071499\/revisions"}],"wp:attachment":[{"href":"https:\/\/analyse.optim.biz\/index.php?rest_route=%2Fwp%2Fv2%2Fmedia&parent=2071499"}],"wp:term":[{"taxonomy":"category","embeddable":true,"href":"https:\/\/analyse.optim.biz\/index.php?rest_route=%2Fwp%2Fv2%2Fcategories&post=2071499"},{"taxonomy":"post_tag","embeddable":true,"href":"https:\/\/analyse.optim.biz\/index.php?rest_route=%2Fwp%2Fv2%2Ftags&post=2071499"}],"curies":[{"name":"wp","href":"https:\/\/api.w.org\/{rel}","templated":true}]}}