{"id":207138,"date":"2014-04-24T17:58:10","date_gmt":"2014-04-24T14:58:10","guid":{"rendered":"https:\/\/analyse.optim.biz\/?p=207138"},"modified":"2014-04-24T17:58:10","modified_gmt":"2014-04-24T14:58:10","slug":"25-mai-zi-de-alegeri-in-romania-incepe-campania-electorala","status":"publish","type":"post","link":"https:\/\/analyse.optim.biz\/?p=207138","title":{"rendered":"25 mai, zi de alegeri \u00een Rom\u00e2nia. \u00cencepe campania electoral\u0103"},"content":{"rendered":"<div class=\"entry data-app-meta data-app-meta-article\" data-embed-base-url-canonical=\"https:\/\/www.digi24.ro\/embed\/stiri\/actualitate\/politica\/25-mai-zi-de-alegeri-in-romania-incepe-campania-electorala-234245\">\n<p data-index=\"1\">Scrutinul va avea loc \u00eentr-un singur tur, iar candida\u0163ii au la dispozi\u0163ie 15 zile pentru campanie, \u00eencep\u00e2nd cu 10 mai. Alegeri par\u0163iale parlamentare vor avea loc \u00een Gala\u0163i, Gorj, Hunedoara, Ilfov, Satu Mare \u015fi Bucure\u015fti.<\/p>\n<p data-index=\"2\">\u00cen privin\u0163a alegerilor par\u0163iale locale, o miz\u0103 important\u0103 este pre\u015fedin\u0163ia Consiliului Jude\u0163ean Arge\u015f. Pozi\u0163ia a r\u0103mas vacant\u0103 dup\u0103 ce mandatul lui Constantin Nicolescu a \u00eencetat pentru conflict de interese.<\/p>\n<h5><span>Lupt\u0103 str\u00e2ns\u0103 \u00een Europa<\/span><\/h5>\n<p data-index=\"3\">M\u00e2ine \u00eencepe campania pentru alegerile europarlamentare, iar miza lor este mai mare ca oric\u00e2nd. Familia european\u0103 care va ob\u0163ine cel mai mare num\u0103r de eurodeputa\u0163i va avea prima \u015fans\u0103 de a da pre\u015fedintele Comisiei Europene. Cum b\u0103t\u0103lia dintre sociali\u015fti \u015fi populari este str\u00e2ns\u0103, orice vot poate face diferen\u0163a. Tocmai de aceea \u015fi \u00een Rom\u00e2nia competi\u0163ia pentru Parlamentul European se anun\u0163\u0103 mai intens\u0103 dec\u00e2t la precedentele scrutine.<\/p>\n<p data-index=\"4\">Alegerile pentru Parlamentul European se desf\u0103\u015foar\u0103 \u00een perioada 22 &#8211; 25 mai \u00een toate statele membre. \u00cen total vor fi ale\u015fi 751 de europarlamentari care vor crea in urmatorii 5 ani legislatie comunitara pentru mai mult de 500 de milioane de cet\u0103\u0163eni. <\/p>\n<p data-index=\"5\">Parlamentul European stabile\u015fte legisla\u0163ia \u015fi politicile la care trebuie s\u0103 se alinieze toate statele. Decide bugetul Uniunii Europene \u015fi alege pre\u015fedintele Comisiei. Pentru aceast\u0103 func\u0163ie important\u0103 au intrat deja \u00een curs\u0103 cinci partide politice europene: sociali\u015ftii, popularii, liberalii, verzii \u015fi St\u00e2nga European\u0103.<\/p>\n<p data-index=\"6\">Rom\u00e2nia este unul din statele cu un num\u0103r mare de ale\u015fi, pe locul \u015fapte din cele 28 de state membre. Va influen\u0163a deci considerabil rezultatul alegerilor la nivel european.<\/p>\n<p data-index=\"7\">Romania are 32 de europarlamentari \u015fi este \u00eentrecut\u0103 doar de statele care au mai mul\u0163i locuitori. Germania va avea 96 de europarlamentari<\/p>\n<p data-index=\"8\">Fran\u0163a 74, Spania 54 , Italia 73, Polonia 51 \u015fi Marea Britanie 73.<\/p>\n<p data-index=\"9\">Cum la nivel european b\u0103t\u0103lia dintre sociali\u015fti \u015fi populari este str\u00e2ns\u0103 \u015fi \u00een \u0163ar\u0103 va fi la fel. Social-democra\u0163ii \u00ee\u015fi propun s\u0103 ob\u0163in\u0103 cel pu\u0163in 14 locuri din cele 32.<\/p>\n<p data-index=\"10\">Liberalii sper\u0103 \u015fi ei la cel pu\u0163in opt locuri, iar democrat-libralii mizeaz\u0103 pe 6 locuri.<\/p>\n<p data-index=\"11\">C\u00e2te un loc sau dou\u0103 sper\u0103 s\u0103 ob\u0163in\u0103 \u015fi UDMR, PPDD, PRM \u015fi Mi\u015fcarea Popular\u0103. Mircea Diaconu va candida ca independent, dup\u0103 ce PNL nu l-a sus\u0163inut p\u00e2n\u0103 la cap\u0103t.<\/p>\n<h5>Start furat<\/h5>\n<p data-index=\"12\">Unii candida\u0163i au furat startul campaniei electorale. \u00cen mai multe ora\u015fe din \u0163ar\u0103 au fost deja puse afi\u015fele care recomand\u0103 oamenilor cu cine s\u0103 voteze pe 25 mai. \u00cen centrul ora\u015fului Ploie\u015fti, pre\u015fedintele PSD Victor Ponta, z\u00e2mbind de pe un afi\u015f imens, anun\u0163\u0103 c\u0103 trimite la Bruxelles \u201eoameni care sunt m\u00e2ndri c\u0103 sunt rom\u00e2ni\u201d.<\/p>\n<p data-index=\"13\">Liberalii au amplasat \u015fi ei corturi de campanie. La T\u00e2rgu-Jiu, organiza\u0163ia de tineret a Partidului Social Democrat, \u00een parteneriat cu o firm\u0103 de ochelari, \u00eei anun\u0163\u0103 pe aleg\u0103tori c\u0103 pot beneficia de un consult oftalmologic gratuit.<\/p>\n<p data-index=\"14\">Nici partidele neparlamentare nu se las\u0103 mai prejos. PN\u0162CD \u015fi Alian\u0163a Na\u0163ional\u0103 a Agricultorilor au \u00eenceput \u015fi ele s\u0103-\u015fi pun\u0103 deja afi\u015fe electorale \u00een ora\u015fe.<\/p>\n<\/div>\n<p> Source URL: https:\/\/www.digi24.ro\/stiri\/actualitate\/politica\/25-mai-zi-de-alegeri-in-romania-incepe-campania-electorala-234245<\/p>\n","protected":false},"excerpt":{"rendered":"<p>Scrutinul va avea loc \u00eentr-un singur tur, iar candida\u0163ii au la dispozi\u0163ie 15 zile pentru campanie, \u00eencep\u00e2nd cu 10 mai. Alegeri par\u0163iale parlamentare vor avea loc \u00een Gala\u0163i, Gorj, Hunedoara, Ilfov, Satu Mare \u015fi Bucure\u015fti. \u00cen privin\u0163a alegerilor par\u0163iale locale, o miz\u0103 important\u0103 este pre\u015fedin\u0163ia Consiliului Jude\u0163ean Arge\u015f. Pozi\u0163ia a r\u0103mas vacant\u0103 dup\u0103 ce mandatul [&hellip;]<\/p>\n","protected":false},"author":1,"featured_media":207139,"comment_status":"open","ping_status":"","sticky":false,"template":"","format":"standard","meta":{"footnotes":""},"categories":[2],"tags":[11],"class_list":["post-207138","post","type-post","status-publish","format-standard","has-post-thumbnail","hentry","category-politics","tag-digi24"],"_links":{"self":[{"href":"https:\/\/analyse.optim.biz\/index.php?rest_route=\/wp\/v2\/posts\/207138","targetHints":{"allow":["GET"]}}],"collection":[{"href":"https:\/\/analyse.optim.biz\/index.php?rest_route=\/wp\/v2\/posts"}],"about":[{"href":"https:\/\/analyse.optim.biz\/index.php?rest_route=\/wp\/v2\/types\/post"}],"author":[{"embeddable":true,"href":"https:\/\/analyse.optim.biz\/index.php?rest_route=\/wp\/v2\/users\/1"}],"replies":[{"embeddable":true,"href":"https:\/\/analyse.optim.biz\/index.php?rest_route=%2Fwp%2Fv2%2Fcomments&post=207138"}],"version-history":[{"count":0,"href":"https:\/\/analyse.optim.biz\/index.php?rest_route=\/wp\/v2\/posts\/207138\/revisions"}],"wp:featuredmedia":[{"embeddable":true,"href":"https:\/\/analyse.optim.biz\/index.php?rest_route=\/wp\/v2\/media\/207139"}],"wp:attachment":[{"href":"https:\/\/analyse.optim.biz\/index.php?rest_route=%2Fwp%2Fv2%2Fmedia&parent=207138"}],"wp:term":[{"taxonomy":"category","embeddable":true,"href":"https:\/\/analyse.optim.biz\/index.php?rest_route=%2Fwp%2Fv2%2Fcategories&post=207138"},{"taxonomy":"post_tag","embeddable":true,"href":"https:\/\/analyse.optim.biz\/index.php?rest_route=%2Fwp%2Fv2%2Ftags&post=207138"}],"curies":[{"name":"wp","href":"https:\/\/api.w.org\/{rel}","templated":true}]}}