{"id":2071303,"date":"2026-07-31T00:00:00","date_gmt":"2026-07-30T21:00:00","guid":{"rendered":"https:\/\/analyse.optim.biz\/?p=2071303"},"modified":"2026-07-31T00:00:00","modified_gmt":"2026-07-30T21:00:00","slug":"alerta-in-focsani-politia-verifica-un-bagaj-abandonat-pe-strada-maior-gheorghe-pastia","status":"publish","type":"post","link":"https:\/\/analyse.optim.biz\/?p=2071303","title":{"rendered":"Alert\u0103 \u00een Foc\u0219ani: Poli\u021bia verific\u0103 un bagaj abandonat pe strada Maior Gheorghe Pastia"},"content":{"rendered":"<p>[analyse_image type=&#8221;featured&#8221; src=&#8221;https:\/\/zdvi.cname.ro\/_\/alerta-in-focsani-politia-verifica-un-bagaj-abandonat-pe-strada-maior-gheorghe-pastia\/mediaPool\/utXrpSb.jpg&#8221;]<\/p>\n<div class=\"main-content detaliu-articol\"><a class=\"titlu-cat-list\" href=\"https:\/\/www.ziaruldevrancea.ro\/actualitatea\/stiri-locale\">Local<\/a><\/p>\n<h1>Alert\u0103 \u00een Foc\u0219ani: Poli\u021bia verific\u0103 un bagaj abandonat pe strada Maior Gheorghe Pastia<\/h1>\n<div class=\"date-articol clearfix\">\n<div class=\"distribuie-articol dropdown\">\n    Distribuie: \u00a0<br \/>\n    <em>|<\/em><\/div>\n<div class=\"autor-articol\"><a href=\"https:\/\/www.ziaruldevrancea.ro\/autor\/petre-paraschiv\/\"><img decoding=\"async\" class=\"img-circle\" src=\"https:\/\/zdvi.cname.ro\/50_50\/articleAuthor\/petre-paraschiv\/articleAuthor\/uWVWYPk.jpg\" alt><\/a><\/p>\n<h5><a href=\"https:\/\/www.ziaruldevrancea.ro\/autor\/petre-paraschiv\/\">Petre Paraschiv<\/a><\/h5>\n<div class=\"grup-spatiere\"><span class=\"cu-spatiere\">31 iul 2026<\/span><span class=\"cu-spatiere\">1102 vizualiz\u0103ri<\/span><\/div>\n<\/div>\n<\/div>\n<div class=\"poza-mare\"><a href class=\"openGallery\"><img decoding=\"async\" class=\"img-responsive\" src=\"https:\/\/zdvi.cname.ro\/850_530\/alerta-in-focsani-politia-verifica-un-bagaj-abandonat-pe-strada-maior-gheorghe-pastia\/article\/mediaPool\/utXrpSb.jpg\" alt><\/a><\/div>\n<p><strong>IPJ Vrancea a intervenit dup\u0103 sesizarea privind un bagaj abandonat \u00een municipiul Foc\u0219ani. Poli\u021bi\u0219tii desf\u0103\u0219oar\u0103 verific\u0103ri pentru identificarea proprietarului \u0219i stabilirea \u00eemprejur\u0103rilor \u00een care obiectul a fost l\u0103sat \u00een zon\u0103.<\/strong><\/p>\n<p>Un bagaj abandonat descoperit joi, 30 iulie 2026, pe strada Maior Gheorghe Pastia din municipiul Foc\u0219ani a determinat interven\u021bia poli\u021bi\u0219tilor din cadrul Inspectoratului de Poli\u021bie Jude\u021bean Vrancea.<\/p>\n<p>Potrivit unei inform\u0103ri de pres\u0103 transmise la ora 13:09 de purt\u0103torul de cuv\u00e2nt al IPJ Vrancea, institu\u021bia a fost sesizat\u0103 cu privire la existen\u021ba unui bagaj abandonat \u00eentr-o zon\u0103 din municipiu.<\/p>\n<p>\u00cen urma sesiz\u0103rii, poli\u021bi\u0219tii au \u00eenceput verific\u0103rile specifice pentru identificarea proprietarului bagajului \u0219i pentru clarificarea tuturor \u00eemprejur\u0103rilor \u00een care acesta a fost abandonat.<\/p>\n<p>\u201e<strong><em>La data de 30 iulie a.c., Inspectoratul de Poli\u021bie Jude\u021bean Vrancea a fost sesizat cu privire la existen\u021ba unui bagaj abandonat pe strada Maior Gheorghe Pastia, din municipiul Foc\u0219ani.\u00cen cauz\u0103, poli\u021bi\u0219tii desf\u0103\u0219oar\u0103 activit\u0103\u021bi specifice pentru identificarea proprietarului bagajului \u0219i clarificarea tuturor \u00eemprejur\u0103rilor \u00een care acesta a fost abandonat, \u00een vederea stabilirii situa\u021biei de fapt\u201d,<\/em><\/strong> au transmis <strong>reprezentan\u021bii IPJ Vrancea.<\/strong><\/p>\n<p>Deocamdat\u0103, autorit\u0103\u021bile nu au comunicat informa\u021bii suplimentare privind con\u021binutul bagajului sau dac\u0103 situa\u021bia a impus m\u0103suri speciale de interven\u021bie. Cercet\u0103rile sunt \u00een desf\u0103\u0219urare, iar poli\u021bi\u0219tii urmeaz\u0103 s\u0103 stabileasc\u0103 toate circumstan\u021bele acestui incident.<\/p>\n<p><strong>Ziarul de Vrancea<\/strong> va reveni cu informa\u021bii oficiale imediat ce IPJ Vrancea va comunica noi date referitoare la acest caz.<\/p>\n<p><strong>Petre Paraschiv<\/strong><\/p>\n<p><strong>Citi\u021bi \u0219i con\u021binutul integral al inform\u0103rii de pres\u0103 f\u0103cut\u0103 public joi 30 iulie 2026 ora 13:09 de purt\u0103torul de cuv\u00e2mnt al IPJ Vrancea \u00een leg\u0103tur\u0103 cu acest articol<\/strong><\/p>\n<p><strong>Informare de pres\u0103, joi 30 iulie 2026, ora 13:09, IPJ Vrancea:<\/strong>La data de 30 iulie a.c., Inspectoratul de Poli\u021bie Jude\u021bean Vrancea a fost sesizat cu privire la existen\u021ba unui bagaj abandonat pe strada Maior Gheorghe Pastia, din municipiul Foc\u0219ani.\u00cen cauz\u0103, poli\u021bi\u0219tii desf\u0103\u0219oar\u0103 activit\u0103\u021bi specifice pentru identificarea proprietarului bagajului \u0219i clarificarea tuturor \u00eemprejur\u0103rilor \u00een care acesta a fost abandonat, \u00een vederea stabilirii situa\u021biei de fapt.<\/p>\n<hr>\n<div class=\"bloc-widget widget-rosu\">\n<p>\u00cen lipsa unui acord scris din partea Ziarului de Vrancea, pute\u0163i prelua maxim 500 de caractere din acest articol dac\u0103 preciza\u0163i sursa \u015fi insera\u0163i vizibil link-ul articolului:\u00a0<span>#insertcurrentlinkhere<\/span><\/p>\n<\/div>\n<div class=\"extra-articol listing-anunturi\">\n<h6>Anun\u021buri <span class=\"text-primary\">ZdV<\/span> Premium<\/h6>\n<div class=\"row\">\n<div class=\"col-lg-4 col-md-6 bloc-egal\"><a class=\"card-anunt\" href=\"https:\/\/www.ziaruldevrancea.ro\/anunturi\/imobiliare\/vanzari-terenuri\/vand-teren-in-panciu\"><strong class=\"titlu\">V\u00e2nz\u0103ri terenuri<\/strong><span class=\"text-anunt\">Teren Panciu 1170 mp, cu num\u0103r cas\u0103, ap\u0103&#8230;<\/span><span class=\"data-anunt\">29.07.2026  <\/span><\/a><\/div>\n<div class=\"col-lg-4 col-md-6 bloc-egal\"><a class=\"card-anunt\" href=\"https:\/\/www.ziaruldevrancea.ro\/anunturi\/altele\/anulare-acte\/vand-scrumbii-afumate-capturi-dunare\"><strong class=\"titlu\">Vanzari diverse<\/strong><span class=\"text-anunt\">Pret : 117 lei \/ kg . \u00a0 Este&#8230;<\/span><span class=\"data-anunt\">29.07.2026 , Gala\u021bi , Gala\u021bi<\/span><\/a><\/div>\n<div class=\"col-lg-4 col-md-6 bloc-egal\"><a class=\"card-anunt\" href=\"https:\/\/www.ziaruldevrancea.ro\/anunturi\/necrolog\/decese\/dumnezeu-sa-o-aseze-in-randul-celor-drepti\"><strong class=\"titlu\">Decese<\/strong><span class=\"text-anunt\">Cu profund\u0103 durere, familia anun\u021b\u0103 trecerea la&#8230;<\/span><span class=\"data-anunt\">28.07.2026  <\/span><\/a><\/div>\n<\/div>\n<\/div>\n<div class=\"extra-articol alte-articole\">\n<div class=\"row\">\n<div class=\"col-lg-6 bloc-egal\">\n<div class=\"card articol-listing\">\n<h6>\u00cen categoria <a href=\"https:\/\/www.ziaruldevrancea.ro\/actualitatea\/stiri-locale\">Local<\/a><\/h6>\n<div class=\"grup-articol-listing\">\n<div class=\"cont-pils\"><a href=\"https:\/\/www.ziaruldevrancea.ro\/actualitatea\/stiri-locale\/adolescent-de-17-ani-ranit-dupa-o-coliziune-intre-o-trotineta-electrica-si-un-autoturism-in-comuna-campuri\"><img decoding=\"async\" src=\"https:\/\/zdvi.cname.ro\/180_135\/actualitatea\/stiri-locale\/adolescent-de-17-ani-ranit-dupa-o-coliziune-intre-o-trotineta-electrica-si-un-autoturism-in-comuna-campuri\/mediaPool\/uIntyEc.png\" class=\"img-responsive img-180\" alt><\/a><\/div>\n<h2><a class=\"link-titlu\" href=\"https:\/\/www.ziaruldevrancea.ro\/actualitatea\/stiri-locale\/adolescent-de-17-ani-ranit-dupa-o-coliziune-intre-o-trotineta-electrica-si-un-autoturism-in-comuna-campuri\">Adolescent de 17 ani, r\u0103nit dup\u0103 o coliziune \u00eentre o trotinet\u0103 electric\u0103 \u0219i un autoturism, \u00een comuna C\u00e2mpuri<\/a><\/h2>\n<div class=\"date-post\"><a href=\"https:\/\/www.ziaruldevrancea.ro\/autor\/petre-paraschiv\">Petre Paraschiv<\/a>, 31 iul 2026  <\/div>\n<\/div>\n<div class=\"grup-articol-listing\">\n<div class=\"cont-pils\"><a href=\"https:\/\/www.ziaruldevrancea.ro\/actualitatea\/stiri-locale\/foto-pompierii-isu-vrancea-au-dus-lectii-de-siguranta-in-gura-calitei\"><img decoding=\"async\" src=\"https:\/\/zdvi.cname.ro\/180_135\/actualitatea\/stiri-locale\/foto-pompierii-isu-vrancea-au-dus-lectii-de-siguranta-in-gura-calitei\/mediaPool\/unTARgF.jpeg\" class=\"img-responsive img-180\" alt><\/a><\/div>\n<h2><a class=\"link-titlu\" href=\"https:\/\/www.ziaruldevrancea.ro\/actualitatea\/stiri-locale\/foto-pompierii-isu-vrancea-au-dus-lectii-de-siguranta-in-gura-calitei\">Foto | Pompierii ISU Vrancea au dus lec\u021bii de siguran\u021b\u0103 \u00een Gura Cali\u021bei<\/a><\/h2>\n<div class=\"date-post\"><a href=\"https:\/\/www.ziaruldevrancea.ro\/autor\/petre-paraschiv\">Petre Paraschiv<\/a>, 31 iul 2026  <\/div>\n<\/div>\n<div class=\"grup-articol-listing\">\n<div class=\"cont-pils\"><a href=\"https:\/\/www.ziaruldevrancea.ro\/actualitatea\/stiri-locale\/vrancea-soferii-cu-permis-categoria-b-care-fac-transport-contra-cost-trebuie-sa-obtina-un-document-obligatoriu.\"><img decoding=\"async\" src=\"https:\/\/zdvi.cname.ro\/180_135\/actualitatea\/stiri-locale\/vrancea-soferii-cu-permis-categoria-b-care-fac-transport-contra-cost-trebuie-sa-obtina-un-document-obligatoriu.\/mediaPool\/uABp3Hl.jpg\" class=\"img-responsive img-180\" alt><\/a><\/div>\n<h2><a class=\"link-titlu\" href=\"https:\/\/www.ziaruldevrancea.ro\/actualitatea\/stiri-locale\/vrancea-soferii-cu-permis-categoria-b-care-fac-transport-contra-cost-trebuie-sa-obtina-un-document-obligatoriu.\">Vrancea: \u0218oferii cu permis categoria B care fac transport contra cost trebuie s\u0103 ob\u021bin\u0103 un document obligatoriu<\/a><\/h2>\n<div class=\"date-post\"><a href=\"https:\/\/www.ziaruldevrancea.ro\/autor\/ionel-sclavone\">Ionel Sclavone<\/a>, 31 iul 2026  <\/div>\n<\/div>\n<\/div>\n<\/div>\n<div class=\"col-lg-6 bloc-egal\">\n<div class=\"card articol-listing\">\n<h6>De acela\u0219i <a href=\"https:\/\/www.ziaruldevrancea.ro\/autor\/petre-paraschiv\/\">autor<\/a><\/h6>\n<div class=\"grup-articol-listing\">\n<div class=\"cont-pils\"><a href=\"https:\/\/www.ziaruldevrancea.ro\/actualitatea\/stiri-locale\/sofer-din-ploscuteni-depistat-baut-la-volan-in-homocea\"><img decoding=\"async\" src=\"https:\/\/zdvi.cname.ro\/180_135\/actualitatea\/stiri-locale\/sofer-din-ploscuteni-depistat-baut-la-volan-in-homocea\/mediaPool\/uX5ePbC.jpg\" class=\"img-responsive img-180\" alt><\/a><\/div>\n<h2><a class=\"link-titlu\" href=\"https:\/\/www.ziaruldevrancea.ro\/actualitatea\/stiri-locale\/sofer-din-ploscuteni-depistat-baut-la-volan-in-homocea\">\u0218ofer din Ploscu\u021beni, depistat b\u0103ut la volan \u00een Homocea<\/a><\/h2>\n<div class=\"date-post\"><a href=\"https:\/\/www.ziaruldevrancea.ro\/autor\/petre-paraschiv\">Petre Paraschiv<\/a>, 29 iul 2026  <\/div>\n<\/div>\n<div class=\"grup-articol-listing\">\n<div class=\"cont-pils\"><a href=\"https:\/\/www.ziaruldevrancea.ro\/actualitatea\/stiri-locale\/sedinta-ordinara-a-consiliului-local-focsani-pe-30-iulie\"><img decoding=\"async\" src=\"https:\/\/zdvi.cname.ro\/180_135\/actualitatea\/stiri-locale\/sedinta-ordinara-a-consiliului-local-focsani-pe-30-iulie\/mediaPool\/u6Rslss.jpg\" class=\"img-responsive img-180\" alt><\/a><\/div>\n<h2><a class=\"link-titlu\" href=\"https:\/\/www.ziaruldevrancea.ro\/actualitatea\/stiri-locale\/sedinta-ordinara-a-consiliului-local-focsani-pe-30-iulie\">\u0218edin\u021b\u0103 ordinar\u0103 a Consiliului Local Foc\u0219ani pe 30 iulie<\/a><\/h2>\n<div class=\"date-post\"><a href=\"https:\/\/www.ziaruldevrancea.ro\/autor\/petre-paraschiv\">Petre Paraschiv<\/a>, 29 iul 2026  <\/div>\n<\/div>\n<div class=\"grup-articol-listing\">\n<div class=\"cont-pils\"><a href=\"https:\/\/www.ziaruldevrancea.ro\/actualitatea\/stiri-locale\/accident-pe-e85-la-sensul-giratoriu-de-la-cerdac-cotesti-trei-persoane-au-ajuns-la-upu-focsani-dupa-impactul-dintre-doua-autoturisme\"><img decoding=\"async\" src=\"https:\/\/zdvi.cname.ro\/180_135\/actualitatea\/stiri-locale\/accident-pe-e85-la-sensul-giratoriu-de-la-cerdac-cotesti-trei-persoane-au-ajuns-la-upu-focsani-dupa-impactul-dintre-doua-autoturisme\/mediaPool\/uPO1xlb.jpeg\" class=\"img-responsive img-180\" alt><\/a><\/div>\n<h2><a class=\"link-titlu\" href=\"https:\/\/www.ziaruldevrancea.ro\/actualitatea\/stiri-locale\/accident-pe-e85-la-sensul-giratoriu-de-la-cerdac-cotesti-trei-persoane-au-ajuns-la-upu-focsani-dupa-impactul-dintre-doua-autoturisme\">Accident pe E85, la sensul giratoriu de la Cerdac-Cote\u0219ti: trei persoane au ajuns la UPU Foc\u0219ani dup\u0103 impactul dintre dou\u0103 autoturisme<\/a><\/h2>\n<div class=\"date-post\"><a href=\"https:\/\/www.ziaruldevrancea.ro\/autor\/petre-paraschiv\">Petre Paraschiv<\/a>, 28 iul 2026  <\/div>\n<\/div>\n<\/div>\n<\/div>\n<\/div>\n<\/div>\n<div class=\"extra-articol listing-anunturi\">\n<h6>Anun\u021buri <span class=\"text-primary\">ZdV<\/span> Premium<\/h6>\n<div class=\"row\">\n<div class=\"col-lg-4 col-md-6 bloc-egal\"><a class=\"card-anunt\" href=\"https:\/\/www.ziaruldevrancea.ro\/anunturi\/imobiliare\/vanzari-case\/vand-casa-si-teren-in-panciu-anunt-72818\"><strong class=\"titlu\">V\u00e2nz\u0103ri case<\/strong><span class=\"text-anunt\">V\u00e2nd cas\u0103 cu 2 camere, buc\u0103t\u0103rie, baie,&#8230;<\/span><span class=\"data-anunt\">23.07.2026  <\/span><\/a><\/div>\n<div class=\"col-lg-4 col-md-6 bloc-egal\"><a class=\"card-anunt\" href=\"https:\/\/www.ziaruldevrancea.ro\/anunturi\/angajari\/cereri-angajari\/doresc-angajare-anunt-72815\"><strong class=\"titlu\">Cereri<\/strong><span class=\"text-anunt\">Doresc s\u0103 am grij\u0103 de un copil de gradini\u021b\u0103&#8230;<\/span><span class=\"data-anunt\">21.07.2026  <\/span><\/a><\/div>\n<div class=\"col-lg-4 col-md-6 bloc-egal\"><a class=\"card-anunt\" href=\"https:\/\/www.ziaruldevrancea.ro\/anunturi\/inchirieri\/locuinte-oferte\/primesc-in-gazda-anunt-72816\"><strong class=\"titlu\">Locuin\u021be oferte<\/strong><span class=\"text-anunt\">\u00a0Primesc \u00een gazd\u0103 la cas\u0103.<\/p>\n<p>Tel&#8230;.<\/span><span class=\"data-anunt\">21.07.2026  <\/span><\/a><\/div>\n<\/div>\n<\/div>\n<div class=\"bloc-widget widget-albastru\">\n    Ziarul de Vrancea \u00a0nu este responsabil juridic pentru con\u0163inutul textelor din comentariile de mai jos. Responsabilitatea pentru mesajele dumneavoastra v\u0103 revine \u00een exclusivitate.\n<\/div>\n<div class=\"comentarii-articol\" id=\"comentarii\">\n<h3>Comentarii: <span class=\"text-primary\">0<\/span><\/h3>\n<p><a href=\"https:\/\/www.ziaruldevrancea.ro\/actualitatea\/stiri-locale\/alerta-in-focsani-politia-verifica-un-bagaj-abandonat-pe-strada-maior-gheorghe-pastia\" class=\"btn btn-success btn-adauga-com\" data-toggle=\"modal\" data-parent=\"0\" data-target=\"#commentModal\">Adaug\u0103 comentariu<\/a><\/p>\n<div class=\"loadMask comments-mask\"><img decoding=\"async\" src=\"https:\/\/zdvs.cname.ro\/images\/loader_40.gif\"><\/div>\n<div class=\"comenteaza-jos\">Trebuie s\u0103 fii <a href=\"https:\/\/www.ziaruldevrancea.ro\/account\">autentificat<\/a> pentru a putea <a href=\"https:\/\/www.ziaruldevrancea.ro\/actualitatea\/stiri-locale\/alerta-in-focsani-politia-verifica-un-bagaj-abandonat-pe-strada-maior-gheorghe-pastia\" class data-toggle=\"modal\" data-parent=\"0\" data-target=\"#commentModal\">posta un comentariu<\/a>.<\/div>\n<\/div>\n<div class=\"modal fade\" id=\"commentModal\" role=\"dialog\" aria-labelledby=\"commentModalLabel\">\n<div class=\"modal-dialog modal-lg\" role=\"document\">\n<div class=\"modal-content\">\n<div class=\"modal-header\">\n<h3 class=\"modal-title\" id=\"commentModalLabel\">Comenteaz\u0103<\/h3>\n<\/div>\n<div class=\"modal-body\">\n<div class=\"tabel tabel-full\">\n<div class=\"celula\">\n              Trebuie s\u0103 fii <a href=\"https:\/\/www.ziaruldevrancea.ro\/account\">autentificat<\/a> pentru a putea posta un comentariu.\n            <\/div>\n<\/div>\n<\/div>\n<div class=\"modal-footer\">\n<div id=\"commentPending\" class=\"formPending pull-left\"><img decoding=\"async\" src=\"https:\/\/zdvs.cname.ro\/images\/loader_40.gif\"> In curs de procesare&#8230;<\/div>\n<p><a href=\"https:\/\/www.ziaruldevrancea.ro\/actualitatea\/stiri-locale\/alerta-in-focsani-politia-verifica-un-bagaj-abandonat-pe-strada-maior-gheorghe-pastia\" class=\"btn btn-default\" data-dismiss=\"modal\">Anuleaz\u0103<\/a><\/div>\n<\/div>\n<\/div>\n<\/div>\n<div class=\"modal fade\" id=\"commentReportModal\" role=\"dialog\" aria-labelledby=\"commentReportModalLabel\">\n<div class=\"modal-dialog modal-lg\" role=\"document\">\n<div class=\"modal-content\">\n<div class=\"modal-header\">\n<h3 class=\"modal-title\" id=\"commentReportModalLabel\">Raporteaza comentariu<\/h3>\n<\/div>\n<div class=\"modal-body\">\n<div class=\"tabel tabel-full\">\n<div class=\"celula\">\n              Trebuie s\u0103 fii <a href=\"https:\/\/www.ziaruldevrancea.ro\/account\">autentificat<\/a> pentru a putea raporta un comentariu.\n            <\/div>\n<\/div>\n<\/div>\n<div class=\"modal-footer\">\n<div id=\"commentReportPending\" class=\"formPending pull-left\"><img decoding=\"async\" src=\"https:\/\/zdvs.cname.ro\/images\/loader_40.gif\"> In curs de procesare&#8230;<\/div>\n<p><a href=\"https:\/\/www.ziaruldevrancea.ro\/actualitatea\/stiri-locale\/alerta-in-focsani-politia-verifica-un-bagaj-abandonat-pe-strada-maior-gheorghe-pastia\" class=\"btn btn-default\" data-dismiss=\"modal\">Anuleaz\u0103<\/a><\/div>\n<\/div>\n<\/div>\n<\/div>\n<div class=\"modal fade\" id=\"commentLikeModal\" role=\"dialog\" aria-labelledby=\"commentLikeModalLabel\">\n<div class=\"modal-dialog modal-lg\" role=\"document\">\n<div class=\"modal-content\">\n<div class=\"modal-header\">\n<h3 class=\"modal-title\" id=\"commentReportModalLabel\">Apreciaza comentariu<\/h3>\n<\/div>\n<div class=\"modal-body\">\n<div class=\"tabel tabel-full\">\n<div class=\"celula\">\n            Trebuie s\u0103 fii <a href=\"https:\/\/www.ziaruldevrancea.ro\/account\">autentificat<\/a> pentru a putea aprecia un comentariu.\n          <\/div>\n<\/div>\n<\/div>\n<div class=\"modal-footer\"><a href=\"https:\/\/www.ziaruldevrancea.ro\/actualitatea\/stiri-locale\/alerta-in-focsani-politia-verifica-un-bagaj-abandonat-pe-strada-maior-gheorghe-pastia\" class=\"btn btn-default\" data-dismiss=\"modal\">Anuleaz\u0103<\/a><\/div>\n<\/div>\n<\/div>\n<\/div>\n<div class=\"bloc-widget widget-rosu\"><span><small>Ziarul de Vrancea doreste ca acest site sa fie un spatiu al discutiilor civilizate, al comentariilor de bun simt. Din acest motiv, cei care posteaza comentarii la articole trebuie sa respecte urmatoarele reguli:<br \/>\n1. Sa se refere doar la articolul la care posteaza comentarii.<br \/>\n2. Sa foloseasca un limbaj civilizat, fara injurii, calomnii, comentarii antisemite, xenofobe sau rasiste.<br \/>\n3. Sunt interzise atacurile la adresa autorilor, daca acestea nu au legatura cu textul.<br \/>\n4. Username-ul sa nu fie nume de personalitati ale vietii publice sau parodieri ale acestora.<br \/>\nAutorul unui articol poate fi criticat pentru eventuale greseli, incoerenta, lipsa de documentare etc.<br \/>\nNerespectarea regulilor mentionate mai sus va duce la stergerea comentariilor, fara avertisment si fara explicatii.<br \/>\nAbaterile repetate vor avea drept consecinta interdictia accesului la aceasta facilitate a site-ului.<\/small><\/span><\/div>\n<\/div>\n<p>[analyse_source url=&#8221;https:\/\/www.ziaruldevrancea.ro\/actualitatea\/stiri-locale\/alerta-in-focsani-politia-verifica-un-bagaj-abandonat-pe-strada-maior-gheorghe-pastia&#8221;]<\/p>\n","protected":false},"excerpt":{"rendered":"<p>[analyse_image type=&#8221;featured&#8221; src=&#8221;https:\/\/zdvi.cname.ro\/_\/alerta-in-focsani-politia-verifica-un-bagaj-abandonat-pe-strada-maior-gheorghe-pastia\/mediaPool\/utXrpSb.jpg&#8221;] Local Alert\u0103 \u00een Foc\u0219ani: Poli\u021bia verific\u0103 un bagaj abandonat pe strada Maior Gheorghe Pastia Distribuie: \u00a0 | Petre Paraschiv 31 iul 20261102 vizualiz\u0103ri IPJ Vrancea a intervenit dup\u0103 sesizarea privind un bagaj abandonat \u00een municipiul Foc\u0219ani. Poli\u021bi\u0219tii desf\u0103\u0219oar\u0103 verific\u0103ri pentru identificarea proprietarului \u0219i stabilirea \u00eemprejur\u0103rilor \u00een care obiectul a fost l\u0103sat \u00een [&hellip;]<\/p>\n","protected":false},"author":1,"featured_media":0,"comment_status":"open","ping_status":"","sticky":false,"template":"","format":"standard","meta":{"footnotes":""},"categories":[89],"tags":[226,208],"class_list":["post-2071303","post","type-post","status-publish","format-standard","hentry","category-romania","tag-crawlmanager","tag-ziaruldevrancea-ro"],"_links":{"self":[{"href":"https:\/\/analyse.optim.biz\/index.php?rest_route=\/wp\/v2\/posts\/2071303","targetHints":{"allow":["GET"]}}],"collection":[{"href":"https:\/\/analyse.optim.biz\/index.php?rest_route=\/wp\/v2\/posts"}],"about":[{"href":"https:\/\/analyse.optim.biz\/index.php?rest_route=\/wp\/v2\/types\/post"}],"author":[{"embeddable":true,"href":"https:\/\/analyse.optim.biz\/index.php?rest_route=\/wp\/v2\/users\/1"}],"replies":[{"embeddable":true,"href":"https:\/\/analyse.optim.biz\/index.php?rest_route=%2Fwp%2Fv2%2Fcomments&post=2071303"}],"version-history":[{"count":0,"href":"https:\/\/analyse.optim.biz\/index.php?rest_route=\/wp\/v2\/posts\/2071303\/revisions"}],"wp:attachment":[{"href":"https:\/\/analyse.optim.biz\/index.php?rest_route=%2Fwp%2Fv2%2Fmedia&parent=2071303"}],"wp:term":[{"taxonomy":"category","embeddable":true,"href":"https:\/\/analyse.optim.biz\/index.php?rest_route=%2Fwp%2Fv2%2Fcategories&post=2071303"},{"taxonomy":"post_tag","embeddable":true,"href":"https:\/\/analyse.optim.biz\/index.php?rest_route=%2Fwp%2Fv2%2Ftags&post=2071303"}],"curies":[{"name":"wp","href":"https:\/\/api.w.org\/{rel}","templated":true}]}}