{"id":2071289,"date":"2026-07-31T14:48:16","date_gmt":"2026-07-31T11:48:16","guid":{"rendered":"https:\/\/analyse.optim.biz\/?p=2071289"},"modified":"2026-07-31T14:48:16","modified_gmt":"2026-07-31T11:48:16","slug":"aquatim-face-apel-la-economie-de-apa-in-judetul-timis-pe-fondul-caniculei","status":"publish","type":"post","link":"https:\/\/analyse.optim.biz\/?p=2071289","title":{"rendered":"Aquatim face apel la economie de ap\u0103 \u00een jude\u021bul Timi\u0219, pe fondul caniculei"},"content":{"rendered":"<p>[analyse_image type=&#8221;featured&#8221; src=&#8221;https:\/\/orasul-timisoara.ro\/wp-content\/uploads\/2026\/07\/udare0graduba.jpg&#8221;]<\/p>\n<article id=\"post-39961\" class=\"td-post-template-7 post-39961 post type-post status-publish format-standard has-post-thumbnail category-featured category-stiri-timisoara tag-alimentare-cu-apa-2 tag-apa-potabila-2 tag-aquatim tag-canicula-2 tag-cod-portocaliu tag-economie-apa tag-gradini tag-seceta-2 tag-timis-2 tag-timisoara-2 td-container-wrap\">\n<div class=\"td-full-screen-header-image-wrap\">\n<div class=\"td-container td-post-header\">\n<div class=\"td-crumb-container\">\n<div class=\"entry-crumbs\"><span><a title=\"Vede\u021bi toate articolele \u00een \u0218tiri Locale\" class=\"entry-crumb\" href=\"https:\/\/orasul-timisoara.ro\/local-category\/stiri-timisoara\/\">\u0218tiri Locale<\/a><\/span><span class=\"td-bred-no-url-last\">Aquatim face apel la economie de ap\u0103 \u00een jude\u021bul Timi\u0219, pe fondul&#8230;<\/span><\/div>\n<\/div>\n<div class=\"td-post-header-holder\">\n<div class=\"td-parallax-header\">\n<header class=\"td-post-title\">\n<ul class=\"td-category\">\n<li class=\"entry-category\"><a href=\"https:\/\/orasul-timisoara.ro\/local-category\/stiri-timisoara\/\">\u0218tiri Locale<\/a><\/li>\n<\/ul>\n<h1 class=\"entry-title\">Aquatim face apel la economie de ap\u0103 \u00een jude\u021bul Timi\u0219, pe fondul caniculei<\/h1>\n<div class=\"td-module-meta-info\">\n<div class=\"td-post-author-name\">\n<div class=\"td-author-by\">De c\u0103tre<\/div>\n<p><a href=\"https:\/\/orasul-timisoara.ro\/author\/timisoara\/\">redactia<\/a><\/p>\n<div class=\"td-author-line\"> &#8211; <\/div>\n<\/div>\n<p><span class=\"td-post-date\"><time class=\"entry-date updated td-module-date\" datetime=\"2026-07-31T17:48:16+03:00\">31\/07\/2026<\/time><\/span><\/div>\n<\/header>\n<\/div>\n<\/div>\n<\/div>\n<div id=\"td-full-screen-header-image\" class=\"td-image-gradient-style7\"><img decoding=\"async\" class=\"td-backstretch\" src=\"https:\/\/orasul-timisoara.ro\/wp-content\/uploads\/2026\/07\/udare0graduba.jpg\"><\/div>\n<\/div>\n<div class=\"td-container\">\n<div class=\"td-pb-row\">\n<div class=\"td-pb-span8 td-main-content\" role=\"main\">\n<div class=\"td-ss-main-content\">\n<div class=\"td-post-sharing-top\">\n<div class=\"td-post-sharing-classic\"><iframe title=\"topFacebookLike\" frameborder src=\"https:\/\/www.facebook.com\/plugins\/like.php?href=https:\/\/orasul-timisoara.ro\/local-39961\/&amp;layout=button_count&amp;show_faces=false&amp;width=105&amp;action=like&amp;colorscheme=light&amp;height=21\"><\/iframe><\/div>\n<div id=\"td_social_sharing_article_top\" class=\"td-post-sharing td-ps-bg td-ps-notext td-post-sharing-style1 \">\n<div class=\"td-post-sharing-visible\"><a class=\"td-social-sharing-button td-social-sharing-button-js td-social-network td-social-facebook\" href=\"https:\/\/www.facebook.com\/sharer.php?u=https%3A%2F%2Forasul-timisoara.ro%2Flocal-39961%2F\" title=\"Facebook\"><\/p>\n<div class=\"td-social-but-text\">Facebook<\/div>\n<p><\/a><a class=\"td-social-sharing-button td-social-sharing-button-js td-social-network td-social-twitter\" href=\"https:\/\/twitter.com\/intent\/tweet?text=Aquatim+face+apel+la+economie+de+ap%C4%83+%C3%AEn+jude%C8%9Bul+Timi%C8%99%2C+pe+fondul+caniculei&amp;url=https%3A%2F%2Forasul-timisoara.ro%2Flocal-39961%2F&amp;via=orasultm\" title=\"Twitter\"><\/p>\n<div class=\"td-social-but-text\">Twitter<\/div>\n<p><\/a><a class=\"td-social-sharing-button td-social-sharing-button-js td-social-network td-social-whatsapp\" href=\"https:\/\/api.whatsapp.com\/send?text=Aquatim+face+apel+la+economie+de+ap%C4%83+%C3%AEn+jude%C8%9Bul+Timi%C8%99%2C+pe+fondul+caniculei%20%0A%0A%20https:\/\/orasul-timisoara.ro\/local-39961\/\" title=\"WhatsApp\"><\/p>\n<div class=\"td-social-but-text\">WhatsApp<\/div>\n<p><\/a><a class=\"td-social-sharing-button td-social-sharing-button-js td-social-network td-social-linkedin\" href=\"https:\/\/www.linkedin.com\/shareArticle?mini=true&amp;url=https:\/\/orasul-timisoara.ro\/local-39961\/&amp;title=Aquatim+face+apel+la+economie+de+ap%C4%83+%C3%AEn+jude%C8%9Bul+Timi%C8%99%2C+pe+fondul+caniculei\" title=\"Linkedin\"><\/p>\n<div class=\"td-social-but-text\">Linkedin<\/div>\n<p><\/a><a class=\"td-social-sharing-button td-social-sharing-button-js td-social-network td-social-reddit\" href=\"https:\/\/reddit.com\/submit?url=https:\/\/orasul-timisoara.ro\/local-39961\/&amp;title=Aquatim+face+apel+la+economie+de+ap%C4%83+%C3%AEn+jude%C8%9Bul+Timi%C8%99%2C+pe+fondul+caniculei\" title=\"ReddIt\"><\/p>\n<div class=\"td-social-but-text\">ReddIt<\/div>\n<p><\/a><a class=\"td-social-sharing-button td-social-sharing-button-js td-social-network td-social-mail\" href=\"mailto:?subject=Aquatim%20face%20apel%20la%20economie%20de%20ap%C4%83%20%C3%AEn%20jude%C8%9Bul%20Timi%C8%99,%20pe%20fondul%20caniculei&amp;body=https:\/\/orasul-timisoara.ro\/local-39961\/\" title=\"Email\"><\/p>\n<div class=\"td-social-but-text\">Email<\/div>\n<p><\/a><a class=\"td-social-sharing-button td-social-sharing-button-js td-social-network td-social-print\" href=\"https:\/\/orasul-timisoara.ro\/local-39961\/\" title=\"Imprimare\"><\/p>\n<div class=\"td-social-but-text\">Imprimare<\/div>\n<p><\/a><\/div>\n<\/div>\n<\/div>\n<div class=\"td-post-content tagdiv-type\">\n<p class=\"wp-block-paragraph\">\u00cen contextul avertiz\u0103rii meteorologice <strong>Cod portocaliu de canicul\u0103<\/strong> emis\u0103 pentru jude\u021bul Timi\u0219 \u0219i al consumului ridicat de ap\u0103 din aceast\u0103 perioad\u0103, <strong>Aquatim<\/strong> face apel la popula\u021bie s\u0103 utilizeze responsabil apa potabil\u0103 furnizat\u0103 prin sistemul public de alimentare.<\/p>\n<p class=\"wp-block-paragraph\">Reprezentan\u021bii companiei atrag aten\u021bia c\u0103 re\u021beaua public\u0103 este proiectat\u0103 \u00een principal pentru acoperirea consumului menajer, iar utilizarea apei \u00een scopuri care nu sunt esen\u021biale poate afecta alimentarea tuturor consumatorilor.<\/p>\n<h2 class=\"wp-block-heading\">Consumul de ap\u0103 cre\u0219te semnificativ \u00een perioadele de canicul\u0103<\/h2>\n<p class=\"wp-block-paragraph\">Temperaturile foarte ridicate \u0219i lipsa precipita\u021biilor determin\u0103 o cre\u0219tere important\u0103 a consumului de ap\u0103.<\/p>\n<p class=\"wp-block-paragraph\">Aquatim precizeaz\u0103 c\u0103 folosirea apei potabile pentru <strong>udarea gr\u0103dinilor, gazonului sau a spa\u021biilor verzi<\/strong> pune o presiune suplimentar\u0103 asupra re\u021belei \u0219i poate reduce capacitatea sistemului de a asigura alimentarea normal\u0103 a locuin\u021belor.<\/p>\n<h2 class=\"wp-block-heading\">Solu\u021bii alternative pentru iriga\u021bii<\/h2>\n<p class=\"wp-block-paragraph\">Operatorul recomand\u0103 proprietarilor de gr\u0103dini s\u0103 utilizeze surse alternative de ap\u0103 pentru iriga\u021bii.<\/p>\n<p class=\"wp-block-paragraph\">Printre solu\u021biile propuse se num\u0103r\u0103:<\/p>\n<ul class=\"wp-block-list\">\n<li>instalarea unor sisteme de colectare \u0219i stocare a apei pluviale;<\/li>\n<li>utilizarea apei de ploaie pentru udarea gr\u0103dinilor;<\/li>\n<li>realizarea unor pu\u021buri de mic\u0103 ad\u00e2ncime, acolo unde condi\u021biile permit.<\/li>\n<\/ul>\n<p class=\"wp-block-paragraph\">Potrivit Aquatim, utilizarea unei pompe ac\u021bionate de un motor de aproximativ <strong>1 kW<\/strong> pentru extragerea apei dintr-un pu\u021b presupune un cost al energiei electrice de aproximativ <strong>\u0219apte ori mai mic<\/strong> dec\u00e2t pre\u021bul unui metru cub de ap\u0103 potabil\u0103 furnizat\u0103 prin re\u021beaua public\u0103.<\/p>\n<h2 class=\"wp-block-heading\">Udarea gr\u0103dinilor \u00een perioadele cu restric\u021bii poate fi sanc\u021bionat\u0103<\/h2>\n<p class=\"wp-block-paragraph\">Compania reaminte\u0219te c\u0103, \u00een condi\u021biile impunerii unor restric\u021bii generate de secet\u0103, folosirea apei potabile din re\u021beaua public\u0103 pentru udarea gr\u0103dinilor sau a spa\u021biilor verzi constituie contraven\u021bie \u0219i poate fi sanc\u021bionat\u0103 potrivit legisla\u021biei \u00een vigoare.<\/p>\n<h2 class=\"wp-block-heading\">Interven\u021biile asupra contoarelor sunt infrac\u021biuni<\/h2>\n<p class=\"wp-block-paragraph\">Aquatim avertizeaz\u0103 c\u0103 orice interven\u021bie neautorizat\u0103 asupra contoarelor de ap\u0103 sau alte metode prin care se \u00eencearc\u0103 evitarea \u00eenregistr\u0103rii consumului real sunt ilegale.<\/p>\n<p class=\"wp-block-paragraph\">Astfel de practici produc prejudicii operatorului, afecteaz\u0103 func\u021bionarea serviciului public \u0219i sunt sanc\u021bionate conform prevederilor legale.<\/p>\n<h2 class=\"wp-block-heading\">Apel c\u0103tre consumatori<\/h2>\n<p class=\"wp-block-paragraph\">Reprezentan\u021bii Aquatim subliniaz\u0103 c\u0103 fiecare gest de economisire a apei conteaz\u0103 \u00een perioadele cu temperaturi extreme.<\/p>\n<p class=\"wp-block-paragraph\">Prin utilizarea responsabil\u0103 a apei potabile, consumatorii contribuie la protejarea unei resurse esen\u021biale \u0219i la men\u021binerea continuit\u0103\u021bii serviciului de alimentare pentru \u00eentreaga comunitate.<\/p>\n<\/div>\n<footer>\n<div class=\"td-post-source-tags\">\n<ul class=\"td-tags td-post-small-box clearfix\">\n<li><span>ETICHETE<\/span><\/li>\n<li><a href=\"https:\/\/orasul-timisoara.ro\/local-tag\/alimentare-cu-apa-2\/\">alimentare cu ap\u0103<\/a><\/li>\n<li><a href=\"https:\/\/orasul-timisoara.ro\/local-tag\/apa-potabila-2\/\">ap\u0103 potabil\u0103<\/a><\/li>\n<li><a href=\"https:\/\/orasul-timisoara.ro\/local-tag\/aquatim\/\">aquatim<\/a><\/li>\n<li><a href=\"https:\/\/orasul-timisoara.ro\/local-tag\/canicula-2\/\">canicul\u0103<\/a><\/li>\n<li><a href=\"https:\/\/orasul-timisoara.ro\/local-tag\/cod-portocaliu\/\">cod portocaliu<\/a><\/li>\n<li><a href=\"https:\/\/orasul-timisoara.ro\/local-tag\/economie-apa\/\">economie ap\u0103<\/a><\/li>\n<li><a href=\"https:\/\/orasul-timisoara.ro\/local-tag\/gradini\/\">gr\u0103dini<\/a><\/li>\n<li><a href=\"https:\/\/orasul-timisoara.ro\/local-tag\/seceta-2\/\">secet\u0103<\/a><\/li>\n<li><a href=\"https:\/\/orasul-timisoara.ro\/local-tag\/timis-2\/\">timi\u0219<\/a><\/li>\n<li><a href=\"https:\/\/orasul-timisoara.ro\/local-tag\/timisoara-2\/\">timi\u0219oara<\/a><\/li>\n<\/ul>\n<\/div>\n<div class=\"td-post-sharing-bottom\">\n<div class=\"td-post-sharing-classic\"><iframe title=\"bottomFacebookLike\" frameborder src=\"https:\/\/www.facebook.com\/plugins\/like.php?href=https:\/\/orasul-timisoara.ro\/local-39961\/&amp;layout=button_count&amp;show_faces=false&amp;width=105&amp;action=like&amp;colorscheme=light&amp;height=21\"><\/iframe><\/div>\n<div id=\"td_social_sharing_article_bottom\" class=\"td-post-sharing td-ps-bg td-ps-notext td-post-sharing-style1 \">\n<div class=\"td-post-sharing-visible\"><a class=\"td-social-sharing-button td-social-sharing-button-js td-social-network td-social-facebook\" href=\"https:\/\/www.facebook.com\/sharer.php?u=https%3A%2F%2Forasul-timisoara.ro%2Flocal-39961%2F\" title=\"Facebook\"><\/p>\n<div class=\"td-social-but-text\">Facebook<\/div>\n<p><\/a><a class=\"td-social-sharing-button td-social-sharing-button-js td-social-network td-social-twitter\" href=\"https:\/\/twitter.com\/intent\/tweet?text=Aquatim+face+apel+la+economie+de+ap%C4%83+%C3%AEn+jude%C8%9Bul+Timi%C8%99%2C+pe+fondul+caniculei&amp;url=https%3A%2F%2Forasul-timisoara.ro%2Flocal-39961%2F&amp;via=orasultm\" title=\"Twitter\"><\/p>\n<div class=\"td-social-but-text\">Twitter<\/div>\n<p><\/a><a class=\"td-social-sharing-button td-social-sharing-button-js td-social-network td-social-whatsapp\" href=\"https:\/\/api.whatsapp.com\/send?text=Aquatim+face+apel+la+economie+de+ap%C4%83+%C3%AEn+jude%C8%9Bul+Timi%C8%99%2C+pe+fondul+caniculei%20%0A%0A%20https:\/\/orasul-timisoara.ro\/local-39961\/\" title=\"WhatsApp\"><\/p>\n<div class=\"td-social-but-text\">WhatsApp<\/div>\n<p><\/a><a class=\"td-social-sharing-button td-social-sharing-button-js td-social-network td-social-linkedin\" href=\"https:\/\/www.linkedin.com\/shareArticle?mini=true&amp;url=https:\/\/orasul-timisoara.ro\/local-39961\/&amp;title=Aquatim+face+apel+la+economie+de+ap%C4%83+%C3%AEn+jude%C8%9Bul+Timi%C8%99%2C+pe+fondul+caniculei\" title=\"Linkedin\"><\/p>\n<div class=\"td-social-but-text\">Linkedin<\/div>\n<p><\/a><a class=\"td-social-sharing-button td-social-sharing-button-js td-social-network td-social-reddit\" href=\"https:\/\/reddit.com\/submit?url=https:\/\/orasul-timisoara.ro\/local-39961\/&amp;title=Aquatim+face+apel+la+economie+de+ap%C4%83+%C3%AEn+jude%C8%9Bul+Timi%C8%99%2C+pe+fondul+caniculei\" title=\"ReddIt\"><\/p>\n<div class=\"td-social-but-text\">ReddIt<\/div>\n<p><\/a><a class=\"td-social-sharing-button td-social-sharing-button-js td-social-network td-social-mail\" href=\"mailto:?subject=Aquatim%20face%20apel%20la%20economie%20de%20ap%C4%83%20%C3%AEn%20jude%C8%9Bul%20Timi%C8%99,%20pe%20fondul%20caniculei&amp;body=https:\/\/orasul-timisoara.ro\/local-39961\/\" title=\"Email\"><\/p>\n<div class=\"td-social-but-text\">Email<\/div>\n<p><\/a><a class=\"td-social-sharing-button td-social-sharing-button-js td-social-network td-social-print\" href=\"https:\/\/orasul-timisoara.ro\/local-39961\/\" title=\"Imprimare\"><\/p>\n<div class=\"td-social-but-text\">Imprimare<\/div>\n<p><\/a><\/div>\n<\/div>\n<\/div>\n<div class=\"td-block-row td-post-next-prev\">\n<div class=\"td-block-span6 td-post-prev-post\">\n<div class=\"td-post-next-prev-content\"><span>Articolul precedent<\/span><a href=\"https:\/\/orasul-timisoara.ro\/local-39957\/\">Cristian Oancea: \u00cen stadiul I, supravie\u021buirea \u00een cancerul pulmonar poate ajunge la 70%<\/a><\/div>\n<\/div>\n<\/div>\n<div class=\"td-author-name vcard author\"><span class=\"fn\"><a href=\"https:\/\/orasul-timisoara.ro\/author\/timisoara\/\">redactia<\/a><\/span><\/div>\n<p><span class=\"td-page-meta\"><\/span><span class=\"td-page-meta\"><span class=\"td-page-meta\"><\/span><\/span><span class=\"td-page-meta\"><\/span><\/footer>\n<div class=\"td_block_wrap td_block_related_posts tdi_3 td_with_ajax_pagination td-pb-border-top td_block_template_8\" data-td-block-uid=\"tdi_3\">\n<h4 class=\"td-related-title td-block-title\"><a id=\"tdi_4\" class=\"td-related-left td-cur-simple-item\" data-td_filter_value data-td_block_id=\"tdi_3\" href=\"https:\/\/orasul-timisoara.ro\/local-39961\/\">ARTICOLE SIMILARE<\/a><a id=\"tdi_5\" class=\"td-related-right\" data-td_filter_value=\"td_related_more_from_author\" data-td_block_id=\"tdi_3\" href=\"https:\/\/orasul-timisoara.ro\/local-39961\/\">DE LA ACELA\u0218I AUTOR<\/a><\/h4>\n<div id=\"tdi_3\" class=\"td_block_inner\">\n<div class=\"td-related-row\">\n<div class=\"td-related-span4\">\n<div class=\"td_module_related_posts td-animation-stack td_mod_related_posts\">\n<div class=\"td-module-image\">\n<div class=\"td-module-thumb\"><a href=\"https:\/\/orasul-timisoara.ro\/local-39951\/\" rel=\"bookmark\" class=\"td-image-wrap \" title=\"Restric\u021bii de circula\u021bie pentru automarfarele de peste 7,5 tone \u00een Ungaria\"><img loading=\"lazy\" decoding=\"async\" class=\"entry-thumb\" src=\"https:\/\/orasul-timisoara.ro\/wp-content\/uploads\/2026\/07\/tir-stationare-dreapta-436x300.jpg\" alt title=\"Restric\u021bii de circula\u021bie pentru automarfarele de peste 7,5 tone \u00een Ungaria\" width=\"218\" height=\"150\"><\/a><\/div>\n<\/div>\n<div class=\"item-details\">\n<h3 class=\"entry-title td-module-title\"><a href=\"https:\/\/orasul-timisoara.ro\/local-39951\/\" rel=\"bookmark\" title=\"Restric\u021bii de circula\u021bie pentru automarfarele de peste 7,5 tone \u00een Ungaria\">Restric\u021bii de circula\u021bie pentru automarfarele de peste 7,5 tone \u00een Ungaria<\/a><\/h3>\n<\/div>\n<\/div>\n<\/div>\n<div class=\"td-related-span4\">\n<div class=\"td_module_related_posts td-animation-stack td_mod_related_posts\">\n<div class=\"td-module-image\">\n<div class=\"td-module-thumb\"><a href=\"https:\/\/orasul-timisoara.ro\/local-39943\/\" rel=\"bookmark\" class=\"td-image-wrap \" title=\"Opt proiecte importante pe masa Consiliului Local Timi\u0219oara \u00een \u0219edin\u021ba extraordinar\u0103 din 4 august\"><img loading=\"lazy\" decoding=\"async\" class=\"entry-thumb\" src=\"https:\/\/orasul-timisoara.ro\/wp-content\/uploads\/2021\/01\/primaria-timisoara.jpg\" alt title=\"Opt proiecte importante pe masa Consiliului Local Timi\u0219oara \u00een \u0219edin\u021ba extraordinar\u0103 din 4 august\" width=\"218\" height=\"150\"><\/a><\/div>\n<\/div>\n<div class=\"item-details\">\n<h3 class=\"entry-title td-module-title\"><a href=\"https:\/\/orasul-timisoara.ro\/local-39943\/\" rel=\"bookmark\" title=\"Opt proiecte importante pe masa Consiliului Local Timi\u0219oara \u00een \u0219edin\u021ba extraordinar\u0103 din 4 august\">Opt proiecte importante pe masa Consiliului Local Timi\u0219oara \u00een \u0219edin\u021ba extraordinar\u0103 din 4 august<\/a><\/h3>\n<\/div>\n<\/div>\n<\/div>\n<div class=\"td-related-span4\">\n<div class=\"td_module_related_posts td-animation-stack td_mod_related_posts\">\n<div class=\"td-module-image\">\n<div class=\"td-module-thumb\"><a href=\"https:\/\/orasul-timisoara.ro\/local-39936\/\" rel=\"bookmark\" class=\"td-image-wrap \" title=\"Canicula revine \u00een for\u021b\u0103: temperaturi de p\u00e2n\u0103 la 40\u00b0C \u0219i nop\u021bi tropicale \u00een Rom\u00e2nia\"><img loading=\"lazy\" decoding=\"async\" class=\"entry-thumb\" src=\"https:\/\/orasul-timisoara.ro\/wp-content\/uploads\/2026\/07\/temperatura-canicula-termometru-01-436x300.jpg\" alt title=\"Canicula revine \u00een for\u021b\u0103: temperaturi de p\u00e2n\u0103 la 40\u00b0C \u0219i nop\u021bi tropicale \u00een Rom\u00e2nia\" width=\"218\" height=\"150\"><\/a><\/div>\n<\/div>\n<div class=\"item-details\">\n<h3 class=\"entry-title td-module-title\"><a href=\"https:\/\/orasul-timisoara.ro\/local-39936\/\" rel=\"bookmark\" title=\"Canicula revine \u00een for\u021b\u0103: temperaturi de p\u00e2n\u0103 la 40\u00b0C \u0219i nop\u021bi tropicale \u00een Rom\u00e2nia\">Canicula revine \u00een for\u021b\u0103: temperaturi de p\u00e2n\u0103 la 40\u00b0C \u0219i nop\u021bi tropicale \u00een Rom\u00e2nia<\/a><\/h3>\n<\/div>\n<\/div>\n<\/div>\n<\/div>\n<\/div>\n<\/div>\n<div class=\"comments\" id=\"comments\">\n<div id=\"respond\" class=\"comment-respond\">\n<h3 id=\"reply-title\" class=\"comment-reply-title\">L\u0102SA\u021aI UN MESAJ<\/h3>\n<div class=\"comment-form-input-wrap td-form-comment\">\n<div class=\"td-warning-comment\">V\u0103 rug\u0103m s\u0103 introduce\u021bi comentariul dvs.!<\/div>\n<\/div>\n<div class=\"comment-form-input-wrap td-form-author\">\n<div class=\"td-warning-author\">Introduce\u021bi aici numele dvs.<\/div>\n<\/div>\n<div class=\"comment-form-input-wrap td-form-email\">\n<div class=\"td-warning-email-error\">A\u021bi introdus o adres\u0103 de e-mail incorect\u0103!<\/div>\n<div class=\"td-warning-email\">V\u0103 rug\u0103m s\u0103 introduce\u021bi adresa dvs. de e-mail aici<\/div>\n<\/div>\n<\/div>\n<p class=\"akismet_comment_form_privacy_notice\">Acest site folose\u0219te Akismet pentru a reduce spamul. <a href=\"https:\/\/akismet.com\/privacy\/\" target=\"_blank\" rel=\"nofollow noopener\">Afl\u0103 cum sunt procesate datele comentariilor tale<\/a>.<\/p>\n<\/div>\n<\/div>\n<\/div>\n<div class=\"td-pb-span4 td-main-sidebar\" role=\"complementary\">\n<div class=\"td-ss-main-sidebar\">\n<aside id=\"block-4\" class=\"td_block_template_8 widget block-4 widget_block widget_media_image\">\n<figure class=\"wp-block-image size-full\"><img loading=\"lazy\" decoding=\"async\" width=\"336\" height=\"280\" src=\"https:\/\/orasul-timisoara.ro\/wp-content\/uploads\/2024\/11\/ReTIM-Abonamentul-Verde-Google-Ads-336x280px.gif\" alt class=\"wp-image-29257\"><\/figure>\n<\/aside>\n<div class=\"td_block_wrap td_block_social_counter td_block_widget tdi_6 td-social-style5 td-social-boxed td-pb-border-top td_block_template_8\">\n<div class=\"td-block-title-wrap\">\n<h4 class=\"td-block-title\"><span>Urm\u0103re\u0219te-ne pe Social Media<\/span><\/h4>\n<\/div>\n<div class=\"td-social-list\">\n<div class=\"td_social_type td-pb-margin-side td_social_facebook\">\n<div class=\"td-social-box\"><span class=\"td_social_info td_social_info_counter\">344,595<\/span><span class=\"td_social_info td_social_info_name\">Fani<\/span><span class=\"td_social_button\"><a href=\"https:\/\/www.facebook.com\/247timisoara\" target=\"_blank\" rel=\"nofollow\">\u00cemi place<\/a><\/span><\/div>\n<\/div>\n<div class=\"td_social_type td-pb-margin-side td_social_instagram\">\n<div class=\"td-social-box\"><span class=\"td_social_info td_social_info_counter\">4,416<\/span><span class=\"td_social_info td_social_info_name\">Cititori<\/span><span class=\"td_social_button\"><a href=\"https:\/\/instagram.com\/orasultimisoararo\/\" target=\"_blank\" rel=\"nofollow\">Conecta\u021bi-v\u0103<\/a><\/span><\/div>\n<\/div>\n<div class=\"td_social_type td-pb-margin-side td_social_rss\">\n<div class=\"td-social-box\"><span class=\"td_social_info td_social_info_counter\">12,506<\/span><span class=\"td_social_info td_social_info_name\">Cititori<\/span><span class=\"td_social_button\"><a href=\"https:\/\/orasul-timisoara.ro\/feed\/\" target=\"_blank\" rel=\"nofollow\">Conecta\u021bi-v\u0103<\/a><\/span><\/div>\n<\/div>\n<div class=\"td_social_type td-pb-margin-side td_social_tiktok\">\n<div class=\"td-social-box\"><span class=\"td_social_info td_social_info_counter\">1,500<\/span><span class=\"td_social_info td_social_info_name\">Cititori<\/span><span class=\"td_social_button\"><a href=\"https:\/\/www.tiktok.com\/@orasultimisoara\" target=\"_blank\" rel=\"nofollow\">Conecta\u021bi-v\u0103<\/a><\/span><\/div>\n<\/div>\n<div class=\"td_social_type td-pb-margin-side td_social_twitter\">\n<div class=\"td-social-box\"><span class=\"td_social_info td_social_info_counter\">1,595<\/span><span class=\"td_social_info td_social_info_name\">Cititori<\/span><span class=\"td_social_button\"><a href=\"https:\/\/twitter.com\/orasultm\" target=\"_blank\" rel=\"nofollow\">Conecta\u021bi-v\u0103<\/a><\/span><\/div>\n<\/div>\n<div class=\"td_social_type td-pb-margin-side td_social_youtube\">\n<div class=\"td-social-box\"><span class=\"td_social_info td_social_info_counter\">3,506<\/span><span class=\"td_social_info td_social_info_name\">Abona\u021bi<\/span><span class=\"td_social_button\"><a href=\"https:\/\/www.youtube.com\/channel\/UCQNsQvs2XCSIm1Z-AHRturw?sub_confirmation=1\" target=\"_blank\" rel=\"nofollow\">Abona\u021bi-v\u0103<\/a><\/span><\/div>\n<\/div>\n<\/div>\n<\/div>\n<aside id=\"text-7\" class=\"td_block_template_8 widget text-7 widget_text\">\n<h4 class=\"td-block-title\"><span>C\u0103ut\u0103ri populare pe OTM<\/span><\/h4>\n<div class=\"textwidget\"><a href=\"https:\/\/orasul-timisoara.ro\/?s=timisoara\"><span>Timisoara<\/span><\/a><a href=\"https:\/\/orasul-timisoara.ro\/?s=calin+dobra\"><span>Calin Dobra<\/span><\/a><a href=\"https:\/\/orasul-timisoara.ro\/?s=primaria+timisoara\"><span>Primaria Timisoara<\/span><\/a><a href=\"https:\/\/orasul-timisoara.ro\/?s=dominic+fritz\"><span>Dominic Fritz<\/span><\/a><a href=\"https:\/\/orasul-timisoara.ro\/?s=nicolae+robu\"><span>Nicolae Robu<\/span><\/a><a href=\"https:\/\/orasul-timisoara.ro\/?s=consiliul+local+timisoara\">Consiliul Local Timisoara<\/a><a href=\"https:\/\/orasul-timisoara.ro\/?s=consiliul+judetean+timis\"><span>Consiliul Judetean Timis<\/span><\/a><a href=\"https:\/\/orasul-timisoara.ro\/?s=cjt\"><span>CJT<\/span><\/a><a href=\"https:\/\/orasul-timisoara.ro\/?s=Alfred+Simonis\"><span>Alfred Simonis<\/span><\/a><a href=\"https:\/\/orasul-timisoara.ro\/?s=PNL\"><span>PNL<\/span><\/a><a href=\"https:\/\/orasul-timisoara.ro\/?s=coronavirus\"><span>coronavirus<\/span><\/a><a href=\"https:\/\/orasul-timisoara.ro\/?s=teatru+timisoara\">teatru Timisoara<\/a><a href=\"https:\/\/orasul-timisoara.ro\/?s=restaurante\"><span>restaurante Timisoara<\/span><\/a><a href=\"https:\/\/orasul-timisoara.ro\/?s=diskoteka\"><span>Diskoteka<\/span><\/a><a href=\"https:\/\/orasul-timisoara.ro\/?s=iulius+town\"><span>Iulius Town<\/span><\/a><a href=\"https:\/\/orasul-timisoara.ro\/?s=iulius+mall\"><span>Iulius Mall<\/span><\/a><a href=\"https:\/\/orasul-timisoara.ro\/?s=stpt\"><span>STPT<\/span><\/a><a href=\"https:\/\/orasul-timisoara.ro\/?s=alin+nica\"><span>Alin Nica<\/span><\/a><a href=\"https:\/\/orasul-timisoara.ro\/?s=psd\"><span>PSD<\/span><\/a><a href=\"https:\/\/orasul-timisoara.ro\/?s=aeroport\"><span>Aeroportul International Timisoara<\/span><\/a><a href=\"https:\/\/orasul-timisoara.ro\/?s=babes\"><span>Spitalul Victor Babes Timisoara<\/span><\/a><a href=\"https:\/\/orasul-timisoara.ro\/?s=poli\"><span>Poli Timi\u0219oara<\/span><\/a><a href=\"https:\/\/orasul-timisoara.ro\/?s=carantina\"><span>carantina<\/span><\/a><a href=\"https:\/\/orasul-timisoara.ro\/?s=aquatim\"><span>Aquatim<\/span><\/a><a href=\"https:\/\/orasul-timisoara.ro\/local-category\/stiri-timisoara\/\"><span>Stiri Timisoara<\/span><\/a><a href=\"https:\/\/orasul-timisoara.ro\/local-category\/investitii-in-timisoara\/\"><span>Investi\u021bii in Timi\u0219oara<\/span><\/a><a href=\"https:\/\/orasul-timisoara.ro\/local-9463\/\"><span>shaorma<\/span><\/a><a href=\"https:\/\/orasul-timisoara.ro\/?s=trafic\"><span>trafic rutier<\/span><\/a><a href=\"https:\/\/orasul-timisoara.ro\/?s=politia\"><span>politia locala timisoara<\/span><\/a><a href=\"https:\/\/orasul-timisoara.ro\/?s=roxana\"><span>Roxana Iliescu<\/span><\/a><a href=\"https:\/\/orasul-timisoara.ro\/?s=colterm\"><span>Colterm<\/span><\/a><a href=\"https:\/\/orasul-timisoara.ro\/?s=latcau\"><span>Ruben La\u021bc\u0103u<\/span><\/a><a href=\"https:\/\/orasul-timisoara.ro\/?s=timis\"><span>\u0218tiri din Timi\u0219<\/span><\/a><a href=\"https:\/\/orasul-timisoara.ro\/?s=spital\"><span>Spitale din Timi\u0219oara<\/span><\/a><a href=\"https:\/\/orasul-timisoara.ro\/?s=tabara\"><span>Cosmin Tab\u0103r\u0103<\/span><\/a><\/div>\n<\/aside>\n<aside id=\"rss-2\" class=\"td_block_template_8 widget rss-2 widget_rss\">\n<h4 class=\"td-block-title\"><span><a class=\"rsswidget rss-widget-feed\" href=\"https:\/\/fashionfridays.ro\/feed\"><img decoding=\"async\" class=\"rss-widget-icon\" width=\"14\" height=\"14\" src=\"https:\/\/orasul-timisoara.ro\/wp-includes\/images\/rss.png\" alt=\"RSS\" loading=\"lazy\"><\/a><a class=\"rsswidget rss-widget-title\" href=\"https:\/\/fashionfridays.ro\/\">Fashion Fridays<\/a><\/span><\/h4>\n<ul>\n<li><a class=\"rsswidget\" href=\"https:\/\/fashionfridays.ro\/romania-devine-a-29-a-piata-vogue-o-noua-era-pentru-industria-locala-de-moda\/\">Rom\u00e2nia devine a 29-a pia\u021b\u0103 Vogue: o nou\u0103 er\u0103 pentru industria local\u0103 de mod\u0103<\/a>\n<div class=\"rssSummary\">Revista Vogue \u00ee\u0219i extinde prezen\u021ba global\u0103 \u0219i va fi lansat\u0103 oficial \u00een Rom\u00e2nia \u00een prim\u0103vara anului 2027, marc\u00e2nd intrarea pe cea de-a 29-a pia\u021b\u0103 interna\u021bional\u0103. Proiectul este realizat \u00een parteneriat cu AEMME Publishing, o companie media recent \u00eenfiin\u021bat\u0103, care va publica edi\u021bia local\u0103 sub licen\u021b\u0103. Noua edi\u021bie, Vogue Rom\u00e2nia, \u00ee\u0219i propune s\u0103 combine autoritatea global\u0103 [\u2026]<\/div>\n<\/li>\n<\/ul>\n<\/aside>\n<aside id=\"rss-4\" class=\"td_block_template_8 widget rss-4 widget_rss\">\n<h4 class=\"td-block-title\"><span><a class=\"rsswidget rss-widget-feed\" href=\"https:\/\/emasini.ro\/feed\"><img decoding=\"async\" class=\"rss-widget-icon\" width=\"14\" height=\"14\" src=\"https:\/\/orasul-timisoara.ro\/wp-includes\/images\/rss.png\" alt=\"RSS\" loading=\"lazy\"><\/a><a class=\"rsswidget rss-widget-title\" href=\"https:\/\/emasini.ro\/\">eMasini<\/a><\/span><\/h4>\n<ul>\n<li><a class=\"rsswidget\" href=\"https:\/\/emasini.ro\/bmw-testeaza-noul-i4-convertible-primul-cabrio-electric-accesibil-al-marcii\/\">BMW testeaz\u0103 noul i4 Convertible, primul cabrio electric accesibil al m\u0103rcii<\/a>\n<div class=\"rssSummary\">BMW accelereaz\u0103 dezvoltarea noii genera\u021bii de modele electrice bazate pe platforma Neue Klasse, iar unul dintre cele mai interesante proiecte aflate \u00een teste este viitorul BMW i4 Convertible. Prototipul camuflat a fost surprins pe \u0219osele, confirm\u00e2nd c\u0103 produc\u0103torul german preg\u0103te\u0219te o decapotabil\u0103 electric\u0103 destinat\u0103 unui segment \u00een care oferta este, \u00een prezent, extrem de limitat\u0103. [\u2026]<\/div>\n<\/li>\n<\/ul>\n<\/aside>\n<\/div>\n<\/div>\n<\/div>\n<\/div>\n<\/article>\n<div class=\"td-post-content tagdiv-type\">\n<p class=\"wp-block-paragraph\">\u00cen contextul avertiz\u0103rii meteorologice <strong>Cod portocaliu de canicul\u0103<\/strong> emis\u0103 pentru jude\u021bul Timi\u0219 \u0219i al consumului ridicat de ap\u0103 din aceast\u0103 perioad\u0103, <strong>Aquatim<\/strong> face apel la popula\u021bie s\u0103 utilizeze responsabil apa potabil\u0103 furnizat\u0103 prin sistemul public de alimentare.<\/p>\n<p class=\"wp-block-paragraph\">Reprezentan\u021bii companiei atrag aten\u021bia c\u0103 re\u021beaua public\u0103 este proiectat\u0103 \u00een principal pentru acoperirea consumului menajer, iar utilizarea apei \u00een scopuri care nu sunt esen\u021biale poate afecta alimentarea tuturor consumatorilor.<\/p>\n<h2 class=\"wp-block-heading\">Consumul de ap\u0103 cre\u0219te semnificativ \u00een perioadele de canicul\u0103<\/h2>\n<p class=\"wp-block-paragraph\">Temperaturile foarte ridicate \u0219i lipsa precipita\u021biilor determin\u0103 o cre\u0219tere important\u0103 a consumului de ap\u0103.<\/p>\n<p class=\"wp-block-paragraph\">Aquatim precizeaz\u0103 c\u0103 folosirea apei potabile pentru <strong>udarea gr\u0103dinilor, gazonului sau a spa\u021biilor verzi<\/strong> pune o presiune suplimentar\u0103 asupra re\u021belei \u0219i poate reduce capacitatea sistemului de a asigura alimentarea normal\u0103 a locuin\u021belor.<\/p>\n<h2 class=\"wp-block-heading\">Solu\u021bii alternative pentru iriga\u021bii<\/h2>\n<p class=\"wp-block-paragraph\">Operatorul recomand\u0103 proprietarilor de gr\u0103dini s\u0103 utilizeze surse alternative de ap\u0103 pentru iriga\u021bii.<\/p>\n<p class=\"wp-block-paragraph\">Printre solu\u021biile propuse se num\u0103r\u0103:<\/p>\n<ul class=\"wp-block-list\">\n<li>instalarea unor sisteme de colectare \u0219i stocare a apei pluviale;<\/li>\n<li>utilizarea apei de ploaie pentru udarea gr\u0103dinilor;<\/li>\n<li>realizarea unor pu\u021buri de mic\u0103 ad\u00e2ncime, acolo unde condi\u021biile permit.<\/li>\n<\/ul>\n<p class=\"wp-block-paragraph\">Potrivit Aquatim, utilizarea unei pompe ac\u021bionate de un motor de aproximativ <strong>1 kW<\/strong> pentru extragerea apei dintr-un pu\u021b presupune un cost al energiei electrice de aproximativ <strong>\u0219apte ori mai mic<\/strong> dec\u00e2t pre\u021bul unui metru cub de ap\u0103 potabil\u0103 furnizat\u0103 prin re\u021beaua public\u0103.<\/p>\n<h2 class=\"wp-block-heading\">Udarea gr\u0103dinilor \u00een perioadele cu restric\u021bii poate fi sanc\u021bionat\u0103<\/h2>\n<p class=\"wp-block-paragraph\">Compania reaminte\u0219te c\u0103, \u00een condi\u021biile impunerii unor restric\u021bii generate de secet\u0103, folosirea apei potabile din re\u021beaua public\u0103 pentru udarea gr\u0103dinilor sau a spa\u021biilor verzi constituie contraven\u021bie \u0219i poate fi sanc\u021bionat\u0103 potrivit legisla\u021biei \u00een vigoare.<\/p>\n<h2 class=\"wp-block-heading\">Interven\u021biile asupra contoarelor sunt infrac\u021biuni<\/h2>\n<p class=\"wp-block-paragraph\">Aquatim avertizeaz\u0103 c\u0103 orice interven\u021bie neautorizat\u0103 asupra contoarelor de ap\u0103 sau alte metode prin care se \u00eencearc\u0103 evitarea \u00eenregistr\u0103rii consumului real sunt ilegale.<\/p>\n<p class=\"wp-block-paragraph\">Astfel de practici produc prejudicii operatorului, afecteaz\u0103 func\u021bionarea serviciului public \u0219i sunt sanc\u021bionate conform prevederilor legale.<\/p>\n<h2 class=\"wp-block-heading\">Apel c\u0103tre consumatori<\/h2>\n<p class=\"wp-block-paragraph\">Reprezentan\u021bii Aquatim subliniaz\u0103 c\u0103 fiecare gest de economisire a apei conteaz\u0103 \u00een perioadele cu temperaturi extreme.<\/p>\n<p class=\"wp-block-paragraph\">Prin utilizarea responsabil\u0103 a apei potabile, consumatorii contribuie la protejarea unei resurse esen\u021biale \u0219i la men\u021binerea continuit\u0103\u021bii serviciului de alimentare pentru \u00eentreaga comunitate.<\/p>\n<\/div>\n<p>[analyse_source url=&#8221;https:\/\/orasul-timisoara.ro\/local-39961\/&#8221;]<\/p>\n","protected":false},"excerpt":{"rendered":"<p>[analyse_image type=&#8221;featured&#8221; src=&#8221;https:\/\/orasul-timisoara.ro\/wp-content\/uploads\/2026\/07\/udare0graduba.jpg&#8221;] \u0218tiri LocaleAquatim face apel la economie de ap\u0103 \u00een jude\u021bul Timi\u0219, pe fondul&#8230; \u0218tiri Locale Aquatim face apel la economie de ap\u0103 \u00een jude\u021bul Timi\u0219, pe fondul caniculei De c\u0103tre redactia &#8211; 31\/07\/2026 Facebook Twitter WhatsApp Linkedin ReddIt Email Imprimare \u00cen contextul avertiz\u0103rii meteorologice Cod portocaliu de canicul\u0103 emis\u0103 pentru jude\u021bul Timi\u0219 [&hellip;]<\/p>\n","protected":false},"author":1,"featured_media":0,"comment_status":"open","ping_status":"","sticky":false,"template":"","format":"standard","meta":{"footnotes":""},"categories":[89],"tags":[226,189],"class_list":["post-2071289","post","type-post","status-publish","format-standard","hentry","category-romania","tag-crawlmanager","tag-orasul-timisoara-ro"],"_links":{"self":[{"href":"https:\/\/analyse.optim.biz\/index.php?rest_route=\/wp\/v2\/posts\/2071289","targetHints":{"allow":["GET"]}}],"collection":[{"href":"https:\/\/analyse.optim.biz\/index.php?rest_route=\/wp\/v2\/posts"}],"about":[{"href":"https:\/\/analyse.optim.biz\/index.php?rest_route=\/wp\/v2\/types\/post"}],"author":[{"embeddable":true,"href":"https:\/\/analyse.optim.biz\/index.php?rest_route=\/wp\/v2\/users\/1"}],"replies":[{"embeddable":true,"href":"https:\/\/analyse.optim.biz\/index.php?rest_route=%2Fwp%2Fv2%2Fcomments&post=2071289"}],"version-history":[{"count":0,"href":"https:\/\/analyse.optim.biz\/index.php?rest_route=\/wp\/v2\/posts\/2071289\/revisions"}],"wp:attachment":[{"href":"https:\/\/analyse.optim.biz\/index.php?rest_route=%2Fwp%2Fv2%2Fmedia&parent=2071289"}],"wp:term":[{"taxonomy":"category","embeddable":true,"href":"https:\/\/analyse.optim.biz\/index.php?rest_route=%2Fwp%2Fv2%2Fcategories&post=2071289"},{"taxonomy":"post_tag","embeddable":true,"href":"https:\/\/analyse.optim.biz\/index.php?rest_route=%2Fwp%2Fv2%2Ftags&post=2071289"}],"curies":[{"name":"wp","href":"https:\/\/api.w.org\/{rel}","templated":true}]}}