{"id":2071288,"date":"2026-07-31T14:32:37","date_gmt":"2026-07-31T11:32:37","guid":{"rendered":"https:\/\/analyse.optim.biz\/?p=2071288"},"modified":"2026-07-31T14:32:37","modified_gmt":"2026-07-31T11:32:37","slug":"peste-300-de-cersetori-si-oameni-ai-strazii-depistati-in-timisoara-in-2026","status":"publish","type":"post","link":"https:\/\/analyse.optim.biz\/?p=2071288","title":{"rendered":"Peste 300 de cer\u0219etori \u0219i oameni ai str\u0103zii, depista\u021bi \u00een Timi\u0219oara \u00een 2026"},"content":{"rendered":"<p>[analyse_image type=&#8221;featured&#8221; src=&#8221;https:\/\/orasul-timisoara.ro\/wp-content\/uploads\/2026\/07\/cersetori.jpg&#8221;]<\/p>\n<article id=\"post-39954\" class=\"td-post-template-7 post-39954 post type-post status-publish format-standard has-post-thumbnail category-featured category-stiri-timisoara tag-actiuni-2 tag-autoritati tag-banat tag-cersetori tag-oameni-ai-strazii-2 tag-ordine-publica tag-politia-locala-timisoara-2 tag-republica-moldova tag-servicii-sociale tag-timisoara-2 td-container-wrap\">\n<div class=\"td-full-screen-header-image-wrap\">\n<div class=\"td-container td-post-header\">\n<div class=\"td-crumb-container\">\n<div class=\"entry-crumbs\"><span><a title=\"Vede\u021bi toate articolele \u00een \u0218tiri Locale\" class=\"entry-crumb\" href=\"https:\/\/orasul-timisoara.ro\/local-category\/stiri-timisoara\/\">\u0218tiri Locale<\/a><\/span><span class=\"td-bred-no-url-last\">Peste 300 de cer\u0219etori \u0219i oameni ai str\u0103zii, depista\u021bi \u00een Timi\u0219oara \u00een&#8230;<\/span><\/div>\n<\/div>\n<div class=\"td-post-header-holder\">\n<div class=\"td-parallax-header\">\n<header class=\"td-post-title\">\n<ul class=\"td-category\">\n<li class=\"entry-category\"><a href=\"https:\/\/orasul-timisoara.ro\/local-category\/stiri-timisoara\/\">\u0218tiri Locale<\/a><\/li>\n<\/ul>\n<h1 class=\"entry-title\">Peste 300 de cer\u0219etori \u0219i oameni ai str\u0103zii, depista\u021bi \u00een Timi\u0219oara \u00een 2026<\/h1>\n<div class=\"td-module-meta-info\">\n<div class=\"td-post-author-name\">\n<div class=\"td-author-by\">De c\u0103tre<\/div>\n<p><a href=\"https:\/\/orasul-timisoara.ro\/author\/timisoara\/\">redactia<\/a><\/p>\n<div class=\"td-author-line\"> &#8211; <\/div>\n<\/div>\n<p><span class=\"td-post-date\"><time class=\"entry-date updated td-module-date\" datetime=\"2026-07-31T17:32:37+03:00\">31\/07\/2026<\/time><\/span><\/div>\n<\/header>\n<\/div>\n<\/div>\n<\/div>\n<div id=\"td-full-screen-header-image\" class=\"td-image-gradient-style7\"><img decoding=\"async\" class=\"td-backstretch\" src=\"https:\/\/orasul-timisoara.ro\/wp-content\/uploads\/2026\/07\/cersetori.jpg\"><\/div>\n<\/div>\n<div class=\"td-container\">\n<div class=\"td-pb-row\">\n<div class=\"td-pb-span8 td-main-content\" role=\"main\">\n<div class=\"td-ss-main-content\">\n<div class=\"td-post-sharing-top\">\n<div class=\"td-post-sharing-classic\"><iframe title=\"topFacebookLike\" frameborder src=\"https:\/\/www.facebook.com\/plugins\/like.php?href=https:\/\/orasul-timisoara.ro\/local-39954\/&amp;layout=button_count&amp;show_faces=false&amp;width=105&amp;action=like&amp;colorscheme=light&amp;height=21\"><\/iframe><\/div>\n<div id=\"td_social_sharing_article_top\" class=\"td-post-sharing td-ps-bg td-ps-notext td-post-sharing-style1 \">\n<div class=\"td-post-sharing-visible\"><a class=\"td-social-sharing-button td-social-sharing-button-js td-social-network td-social-facebook\" href=\"https:\/\/www.facebook.com\/sharer.php?u=https%3A%2F%2Forasul-timisoara.ro%2Flocal-39954%2F\" title=\"Facebook\"><\/p>\n<div class=\"td-social-but-text\">Facebook<\/div>\n<p><\/a><a class=\"td-social-sharing-button td-social-sharing-button-js td-social-network td-social-twitter\" href=\"https:\/\/twitter.com\/intent\/tweet?text=Peste+300+de+cer%C8%99etori+%C8%99i+oameni+ai+str%C4%83zii%2C+depista%C8%9Bi+%C3%AEn+Timi%C8%99oara+%C3%AEn+2026&amp;url=https%3A%2F%2Forasul-timisoara.ro%2Flocal-39954%2F&amp;via=orasultm\" title=\"Twitter\"><\/p>\n<div class=\"td-social-but-text\">Twitter<\/div>\n<p><\/a><a class=\"td-social-sharing-button td-social-sharing-button-js td-social-network td-social-whatsapp\" href=\"https:\/\/api.whatsapp.com\/send?text=Peste+300+de+cer%C8%99etori+%C8%99i+oameni+ai+str%C4%83zii%2C+depista%C8%9Bi+%C3%AEn+Timi%C8%99oara+%C3%AEn+2026%20%0A%0A%20https:\/\/orasul-timisoara.ro\/local-39954\/\" title=\"WhatsApp\"><\/p>\n<div class=\"td-social-but-text\">WhatsApp<\/div>\n<p><\/a><a class=\"td-social-sharing-button td-social-sharing-button-js td-social-network td-social-linkedin\" href=\"https:\/\/www.linkedin.com\/shareArticle?mini=true&amp;url=https:\/\/orasul-timisoara.ro\/local-39954\/&amp;title=Peste+300+de+cer%C8%99etori+%C8%99i+oameni+ai+str%C4%83zii%2C+depista%C8%9Bi+%C3%AEn+Timi%C8%99oara+%C3%AEn+2026\" title=\"Linkedin\"><\/p>\n<div class=\"td-social-but-text\">Linkedin<\/div>\n<p><\/a><a class=\"td-social-sharing-button td-social-sharing-button-js td-social-network td-social-reddit\" href=\"https:\/\/reddit.com\/submit?url=https:\/\/orasul-timisoara.ro\/local-39954\/&amp;title=Peste+300+de+cer%C8%99etori+%C8%99i+oameni+ai+str%C4%83zii%2C+depista%C8%9Bi+%C3%AEn+Timi%C8%99oara+%C3%AEn+2026\" title=\"ReddIt\"><\/p>\n<div class=\"td-social-but-text\">ReddIt<\/div>\n<p><\/a><a class=\"td-social-sharing-button td-social-sharing-button-js td-social-network td-social-mail\" href=\"mailto:?subject=Peste%20300%20de%20cer%C8%99etori%20%C8%99i%20oameni%20ai%20str%C4%83zii,%20depista%C8%9Bi%20%C3%AEn%20Timi%C8%99oara%20%C3%AEn%202026&amp;body=https:\/\/orasul-timisoara.ro\/local-39954\/\" title=\"Email\"><\/p>\n<div class=\"td-social-but-text\">Email<\/div>\n<p><\/a><a class=\"td-social-sharing-button td-social-sharing-button-js td-social-network td-social-print\" href=\"https:\/\/orasul-timisoara.ro\/local-39954\/\" title=\"Imprimare\"><\/p>\n<div class=\"td-social-but-text\">Imprimare<\/div>\n<p><\/a><\/div>\n<\/div>\n<\/div>\n<div class=\"td-post-content tagdiv-type\">\n<p class=\"wp-block-paragraph\">Poli\u021bia Local\u0103 Timi\u0219oara continu\u0103 ac\u021biunile de combatere a cer\u0219etoriei \u0219i de sprijinire a persoanelor f\u0103r\u0103 ad\u0103post, fenomen care se intensific\u0103 \u00een sezonul cald. Potrivit autorit\u0103\u021bilor, de la \u00eenceputul anului au fost depista\u021bi <strong>318 cer\u0219etori \u0219i oameni ai str\u0103zii<\/strong>, ace\u0219tia fiind transporta\u021bi de <strong>1.409 ori<\/strong> c\u0103tre centrele sociale.<\/p>\n<p class=\"wp-block-paragraph\">Reprezentan\u021bii institu\u021biei spun c\u0103 multe dintre persoanele identificate ajung \u00een Timi\u0219oara deoarece consider\u0103 c\u0103 nivelul de trai este mai ridicat, iar locuitorii sunt mai dispu\u0219i s\u0103 ofere bani celor care apeleaz\u0103 la mila public\u0103.<\/p>\n<h2 class=\"wp-block-heading\">Majoritatea persoanelor provin din alte jude\u021be<\/h2>\n<p class=\"wp-block-paragraph\">Conform Poli\u021biei Locale, o mare parte dintre cer\u0219etorii \u0219i oamenii str\u0103zii identifica\u021bi nu sunt din Timi\u0219oara.<\/p>\n<p class=\"wp-block-paragraph\">Printre localit\u0103\u021bile \u0219i jude\u021bele de provenien\u021b\u0103 se num\u0103r\u0103 Boto\u0219ani, Olt, Br\u0103ila, Buz\u0103u, Cara\u0219-Severin, Hunedoara, Maramure\u0219, Gala\u021bi, Mehedin\u021bi, Bac\u0103u, Dolj, Arad, Bucure\u0219ti, dar \u0219i <strong>Republica Moldova<\/strong>.<\/p>\n<p class=\"wp-block-paragraph\">Autorit\u0103\u021bile spun c\u0103 \u00een ultima perioad\u0103 au fost identificate tot mai multe persoane venite din afara jude\u021bului \u0219i chiar din afara \u021b\u0103rii.<\/p>\n<h2 class=\"wp-block-heading\">Metode folosite pentru a ob\u021bine bani<\/h2>\n<p class=\"wp-block-paragraph\">Poli\u021bi\u0219tii locali au constatat c\u0103 persoanele care apeleaz\u0103 la mila public\u0103 folosesc diverse metode pentru a convinge trec\u0103torii s\u0103 le ofere bani.<\/p>\n<p class=\"wp-block-paragraph\">Unele afi\u0219eaz\u0103 anun\u021buri privind presupuse str\u00e2ngeri de fonduri pentru persoane bolnave, altele utilizeaz\u0103 c\u0103rucioare pentru a crea impresia unor probleme medicale, de\u0219i nu sufer\u0103 de afec\u021biuni care s\u0103 le \u00eempiedice deplasarea.<\/p>\n<p class=\"wp-block-paragraph\">De asemenea, au fost \u00eent\u00e2lnite persoane aflate \u00eentr-o stare avansat\u0103 de degradare fizic\u0103, autorit\u0103\u021bile sus\u021bin\u00e2nd c\u0103 o parte din banii ob\u021binu\u021bi prin cer\u0219etorie sunt folosi\u021bi pentru consumul de alcool.<\/p>\n<h2 class=\"wp-block-heading\">Poli\u021bia Local\u0103 continu\u0103 controalele<\/h2>\n<p class=\"wp-block-paragraph\">Reprezentan\u021bii Poli\u021biei Locale Timi\u0219oara anun\u021b\u0103 c\u0103 ac\u021biunile de identificare \u0219i transport c\u0103tre serviciile sociale vor continua \u0219i \u00een perioada urm\u0103toare.<\/p>\n<p class=\"wp-block-paragraph\">Scopul acestor interven\u021bii este reducerea fenomenului cer\u0219etoriei \u0219i oferirea de sprijin persoanelor vulnerabile care accept\u0103 asisten\u021ba social\u0103.<\/p>\n<h2 class=\"wp-block-heading\">Apel c\u0103tre timi\u0219oreni<\/h2>\n<p class=\"wp-block-paragraph\">Poli\u021bia Local\u0103 le recomand\u0103 cet\u0103\u021benilor s\u0103 nu ofere bani persoanelor care cer\u0219esc pe str\u0103zile ora\u0219ului.<\/p>\n<p class=\"wp-block-paragraph\">Potrivit institu\u021biei, oferirea de bani contribuie la men\u021binerea acestora \u00een strad\u0103 \u0219i descurajeaz\u0103 reintegrarea social\u0103. Autorit\u0103\u021bile sus\u021bin c\u0103 multe dintre persoanele identificate refuz\u0103 cazarea \u00een centrele sociale \u0219i nu doresc s\u0103 participe la programe de reinser\u021bie profesional\u0103.<\/p>\n<\/div>\n<footer>\n<div class=\"td-post-source-tags\">\n<ul class=\"td-tags td-post-small-box clearfix\">\n<li><span>ETICHETE<\/span><\/li>\n<li><a href=\"https:\/\/orasul-timisoara.ro\/local-tag\/actiuni-2\/\">ac\u021biuni<\/a><\/li>\n<li><a href=\"https:\/\/orasul-timisoara.ro\/local-tag\/autoritati\/\">autorit\u0103\u021bi<\/a><\/li>\n<li><a href=\"https:\/\/orasul-timisoara.ro\/local-tag\/banat\/\">banat<\/a><\/li>\n<li><a href=\"https:\/\/orasul-timisoara.ro\/local-tag\/cersetori\/\">cer\u0219etori<\/a><\/li>\n<li><a href=\"https:\/\/orasul-timisoara.ro\/local-tag\/oameni-ai-strazii-2\/\">oameni ai str\u0103zii<\/a><\/li>\n<li><a href=\"https:\/\/orasul-timisoara.ro\/local-tag\/ordine-publica\/\">ordine public\u0103<\/a><\/li>\n<li><a href=\"https:\/\/orasul-timisoara.ro\/local-tag\/politia-locala-timisoara-2\/\">Poli\u021bia Local\u0103 Timi\u0219oara<\/a><\/li>\n<li><a href=\"https:\/\/orasul-timisoara.ro\/local-tag\/republica-moldova\/\">republica moldova<\/a><\/li>\n<li><a href=\"https:\/\/orasul-timisoara.ro\/local-tag\/servicii-sociale\/\">servicii sociale<\/a><\/li>\n<li><a href=\"https:\/\/orasul-timisoara.ro\/local-tag\/timisoara-2\/\">timi\u0219oara<\/a><\/li>\n<\/ul>\n<\/div>\n<div class=\"td-post-sharing-bottom\">\n<div class=\"td-post-sharing-classic\"><iframe title=\"bottomFacebookLike\" frameborder src=\"https:\/\/www.facebook.com\/plugins\/like.php?href=https:\/\/orasul-timisoara.ro\/local-39954\/&amp;layout=button_count&amp;show_faces=false&amp;width=105&amp;action=like&amp;colorscheme=light&amp;height=21\"><\/iframe><\/div>\n<div id=\"td_social_sharing_article_bottom\" class=\"td-post-sharing td-ps-bg td-ps-notext td-post-sharing-style1 \">\n<div class=\"td-post-sharing-visible\"><a class=\"td-social-sharing-button td-social-sharing-button-js td-social-network td-social-facebook\" href=\"https:\/\/www.facebook.com\/sharer.php?u=https%3A%2F%2Forasul-timisoara.ro%2Flocal-39954%2F\" title=\"Facebook\"><\/p>\n<div class=\"td-social-but-text\">Facebook<\/div>\n<p><\/a><a class=\"td-social-sharing-button td-social-sharing-button-js td-social-network td-social-twitter\" href=\"https:\/\/twitter.com\/intent\/tweet?text=Peste+300+de+cer%C8%99etori+%C8%99i+oameni+ai+str%C4%83zii%2C+depista%C8%9Bi+%C3%AEn+Timi%C8%99oara+%C3%AEn+2026&amp;url=https%3A%2F%2Forasul-timisoara.ro%2Flocal-39954%2F&amp;via=orasultm\" title=\"Twitter\"><\/p>\n<div class=\"td-social-but-text\">Twitter<\/div>\n<p><\/a><a class=\"td-social-sharing-button td-social-sharing-button-js td-social-network td-social-whatsapp\" href=\"https:\/\/api.whatsapp.com\/send?text=Peste+300+de+cer%C8%99etori+%C8%99i+oameni+ai+str%C4%83zii%2C+depista%C8%9Bi+%C3%AEn+Timi%C8%99oara+%C3%AEn+2026%20%0A%0A%20https:\/\/orasul-timisoara.ro\/local-39954\/\" title=\"WhatsApp\"><\/p>\n<div class=\"td-social-but-text\">WhatsApp<\/div>\n<p><\/a><a class=\"td-social-sharing-button td-social-sharing-button-js td-social-network td-social-linkedin\" href=\"https:\/\/www.linkedin.com\/shareArticle?mini=true&amp;url=https:\/\/orasul-timisoara.ro\/local-39954\/&amp;title=Peste+300+de+cer%C8%99etori+%C8%99i+oameni+ai+str%C4%83zii%2C+depista%C8%9Bi+%C3%AEn+Timi%C8%99oara+%C3%AEn+2026\" title=\"Linkedin\"><\/p>\n<div class=\"td-social-but-text\">Linkedin<\/div>\n<p><\/a><a class=\"td-social-sharing-button td-social-sharing-button-js td-social-network td-social-reddit\" href=\"https:\/\/reddit.com\/submit?url=https:\/\/orasul-timisoara.ro\/local-39954\/&amp;title=Peste+300+de+cer%C8%99etori+%C8%99i+oameni+ai+str%C4%83zii%2C+depista%C8%9Bi+%C3%AEn+Timi%C8%99oara+%C3%AEn+2026\" title=\"ReddIt\"><\/p>\n<div class=\"td-social-but-text\">ReddIt<\/div>\n<p><\/a><a class=\"td-social-sharing-button td-social-sharing-button-js td-social-network td-social-mail\" href=\"mailto:?subject=Peste%20300%20de%20cer%C8%99etori%20%C8%99i%20oameni%20ai%20str%C4%83zii,%20depista%C8%9Bi%20%C3%AEn%20Timi%C8%99oara%20%C3%AEn%202026&amp;body=https:\/\/orasul-timisoara.ro\/local-39954\/\" title=\"Email\"><\/p>\n<div class=\"td-social-but-text\">Email<\/div>\n<p><\/a><a class=\"td-social-sharing-button td-social-sharing-button-js td-social-network td-social-print\" href=\"https:\/\/orasul-timisoara.ro\/local-39954\/\" title=\"Imprimare\"><\/p>\n<div class=\"td-social-but-text\">Imprimare<\/div>\n<p><\/a><\/div>\n<\/div>\n<\/div>\n<div class=\"td-block-row td-post-next-prev\">\n<div class=\"td-block-span6 td-post-prev-post\">\n<div class=\"td-post-next-prev-content\"><span>Articolul precedent<\/span><a href=\"https:\/\/orasul-timisoara.ro\/local-39951\/\">Restric\u021bii de circula\u021bie pentru automarfarele de peste 7,5 tone \u00een Ungaria<\/a><\/div>\n<\/div>\n<div class=\"td-block-span6 td-post-next-post\">\n<div class=\"td-post-next-prev-content\"><span>Articolul urm\u0103tor<\/span><a href=\"https:\/\/orasul-timisoara.ro\/local-39957\/\">Cristian Oancea: \u00cen stadiul I, supravie\u021buirea \u00een cancerul pulmonar poate ajunge la 70%<\/a><\/div>\n<\/div>\n<\/div>\n<div class=\"td-author-name vcard author\"><span class=\"fn\"><a href=\"https:\/\/orasul-timisoara.ro\/author\/timisoara\/\">redactia<\/a><\/span><\/div>\n<p><span class=\"td-page-meta\"><\/span><span class=\"td-page-meta\"><span class=\"td-page-meta\"><\/span><\/span><span class=\"td-page-meta\"><\/span><\/footer>\n<div class=\"td_block_wrap td_block_related_posts tdi_3 td_with_ajax_pagination td-pb-border-top td_block_template_8\" data-td-block-uid=\"tdi_3\">\n<h4 class=\"td-related-title td-block-title\"><a id=\"tdi_4\" class=\"td-related-left td-cur-simple-item\" data-td_filter_value data-td_block_id=\"tdi_3\" href=\"https:\/\/orasul-timisoara.ro\/local-39954\/\">ARTICOLE SIMILARE<\/a><a id=\"tdi_5\" class=\"td-related-right\" data-td_filter_value=\"td_related_more_from_author\" data-td_block_id=\"tdi_3\" href=\"https:\/\/orasul-timisoara.ro\/local-39954\/\">DE LA ACELA\u0218I AUTOR<\/a><\/h4>\n<div id=\"tdi_3\" class=\"td_block_inner\">\n<div class=\"td-related-row\">\n<div class=\"td-related-span4\">\n<div class=\"td_module_related_posts td-animation-stack td_mod_related_posts\">\n<div class=\"td-module-image\">\n<div class=\"td-module-thumb\"><a href=\"https:\/\/orasul-timisoara.ro\/local-39936\/\" rel=\"bookmark\" class=\"td-image-wrap \" title=\"Canicula revine \u00een for\u021b\u0103: temperaturi de p\u00e2n\u0103 la 40\u00b0C \u0219i nop\u021bi tropicale \u00een Rom\u00e2nia\"><img loading=\"lazy\" decoding=\"async\" class=\"entry-thumb\" src=\"https:\/\/orasul-timisoara.ro\/wp-content\/uploads\/2026\/07\/temperatura-canicula-termometru-01-436x300.jpg\" alt title=\"Canicula revine \u00een for\u021b\u0103: temperaturi de p\u00e2n\u0103 la 40\u00b0C \u0219i nop\u021bi tropicale \u00een Rom\u00e2nia\" width=\"218\" height=\"150\"><\/a><\/div>\n<\/div>\n<div class=\"item-details\">\n<h3 class=\"entry-title td-module-title\"><a href=\"https:\/\/orasul-timisoara.ro\/local-39936\/\" rel=\"bookmark\" title=\"Canicula revine \u00een for\u021b\u0103: temperaturi de p\u00e2n\u0103 la 40\u00b0C \u0219i nop\u021bi tropicale \u00een Rom\u00e2nia\">Canicula revine \u00een for\u021b\u0103: temperaturi de p\u00e2n\u0103 la 40\u00b0C \u0219i nop\u021bi tropicale \u00een Rom\u00e2nia<\/a><\/h3>\n<\/div>\n<\/div>\n<\/div>\n<div class=\"td-related-span4\">\n<div class=\"td_module_related_posts td-animation-stack td_mod_related_posts\">\n<div class=\"td-module-image\">\n<div class=\"td-module-thumb\"><a href=\"https:\/\/orasul-timisoara.ro\/local-39894\/\" rel=\"bookmark\" class=\"td-image-wrap \" title=\"Bega \u0219i sculpturile din Alpinet, redescoperite printr-un nou proiect cultural\"><img loading=\"lazy\" decoding=\"async\" class=\"entry-thumb\" src=\"https:\/\/orasul-timisoara.ro\/wp-content\/uploads\/2026\/07\/Ecluze5-436x300.jpg\" alt title=\"Bega \u0219i sculpturile din Alpinet, redescoperite printr-un nou proiect cultural\" width=\"218\" height=\"150\"><\/a><\/div>\n<\/div>\n<div class=\"item-details\">\n<h3 class=\"entry-title td-module-title\"><a href=\"https:\/\/orasul-timisoara.ro\/local-39894\/\" rel=\"bookmark\" title=\"Bega \u0219i sculpturile din Alpinet, redescoperite printr-un nou proiect cultural\">Bega \u0219i sculpturile din Alpinet, redescoperite printr-un nou proiect cultural<\/a><\/h3>\n<\/div>\n<\/div>\n<\/div>\n<div class=\"td-related-span4\">\n<div class=\"td_module_related_posts td-animation-stack td_mod_related_posts\">\n<div class=\"td-module-image\">\n<div class=\"td-module-thumb\"><a href=\"https:\/\/orasul-timisoara.ro\/local-39869\/\" rel=\"bookmark\" class=\"td-image-wrap \" title=\"Summer Beach Cup 2026 revine la Ciacova cu sport, concerte \u0219i mii de participan\u021bi\"><img loading=\"lazy\" decoding=\"async\" class=\"entry-thumb\" src=\"https:\/\/orasul-timisoara.ro\/wp-content\/uploads\/2026\/07\/ciacova-summer-beach-436x300.jpg\" alt title=\"Summer Beach Cup 2026 revine la Ciacova cu sport, concerte \u0219i mii de participan\u021bi\" width=\"218\" height=\"150\"><\/a><\/div>\n<\/div>\n<div class=\"item-details\">\n<h3 class=\"entry-title td-module-title\"><a href=\"https:\/\/orasul-timisoara.ro\/local-39869\/\" rel=\"bookmark\" title=\"Summer Beach Cup 2026 revine la Ciacova cu sport, concerte \u0219i mii de participan\u021bi\">Summer Beach Cup 2026 revine la Ciacova cu sport, concerte \u0219i mii de participan\u021bi<\/a><\/h3>\n<\/div>\n<\/div>\n<\/div>\n<\/div>\n<\/div>\n<\/div>\n<div class=\"comments\" id=\"comments\">\n<div id=\"respond\" class=\"comment-respond\">\n<h3 id=\"reply-title\" class=\"comment-reply-title\">L\u0102SA\u021aI UN MESAJ<\/h3>\n<div class=\"comment-form-input-wrap td-form-comment\">\n<div class=\"td-warning-comment\">V\u0103 rug\u0103m s\u0103 introduce\u021bi comentariul dvs.!<\/div>\n<\/div>\n<div class=\"comment-form-input-wrap td-form-author\">\n<div class=\"td-warning-author\">Introduce\u021bi aici numele dvs.<\/div>\n<\/div>\n<div class=\"comment-form-input-wrap td-form-email\">\n<div class=\"td-warning-email-error\">A\u021bi introdus o adres\u0103 de e-mail incorect\u0103!<\/div>\n<div class=\"td-warning-email\">V\u0103 rug\u0103m s\u0103 introduce\u021bi adresa dvs. de e-mail aici<\/div>\n<\/div>\n<\/div>\n<p class=\"akismet_comment_form_privacy_notice\">Acest site folose\u0219te Akismet pentru a reduce spamul. <a href=\"https:\/\/akismet.com\/privacy\/\" target=\"_blank\" rel=\"nofollow noopener\">Afl\u0103 cum sunt procesate datele comentariilor tale<\/a>.<\/p>\n<\/div>\n<\/div>\n<\/div>\n<div class=\"td-pb-span4 td-main-sidebar\" role=\"complementary\">\n<div class=\"td-ss-main-sidebar\">\n<aside id=\"block-4\" class=\"td_block_template_8 widget block-4 widget_block widget_media_image\">\n<figure class=\"wp-block-image size-full\"><img loading=\"lazy\" decoding=\"async\" width=\"336\" height=\"280\" src=\"https:\/\/orasul-timisoara.ro\/wp-content\/uploads\/2024\/11\/ReTIM-Abonamentul-Verde-Google-Ads-336x280px.gif\" alt class=\"wp-image-29257\"><\/figure>\n<\/aside>\n<div class=\"td_block_wrap td_block_social_counter td_block_widget tdi_6 td-social-style5 td-social-boxed td-pb-border-top td_block_template_8\">\n<div class=\"td-block-title-wrap\">\n<h4 class=\"td-block-title\"><span>Urm\u0103re\u0219te-ne pe Social Media<\/span><\/h4>\n<\/div>\n<div class=\"td-social-list\">\n<div class=\"td_social_type td-pb-margin-side td_social_facebook\">\n<div class=\"td-social-box\"><span class=\"td_social_info td_social_info_counter\">344,595<\/span><span class=\"td_social_info td_social_info_name\">Fani<\/span><span class=\"td_social_button\"><a href=\"https:\/\/www.facebook.com\/247timisoara\" target=\"_blank\" rel=\"nofollow\">\u00cemi place<\/a><\/span><\/div>\n<\/div>\n<div class=\"td_social_type td-pb-margin-side td_social_instagram\">\n<div class=\"td-social-box\"><span class=\"td_social_info td_social_info_counter\">4,416<\/span><span class=\"td_social_info td_social_info_name\">Cititori<\/span><span class=\"td_social_button\"><a href=\"https:\/\/instagram.com\/orasultimisoararo\/\" target=\"_blank\" rel=\"nofollow\">Conecta\u021bi-v\u0103<\/a><\/span><\/div>\n<\/div>\n<div class=\"td_social_type td-pb-margin-side td_social_rss\">\n<div class=\"td-social-box\"><span class=\"td_social_info td_social_info_counter\">12,506<\/span><span class=\"td_social_info td_social_info_name\">Cititori<\/span><span class=\"td_social_button\"><a href=\"https:\/\/orasul-timisoara.ro\/feed\/\" target=\"_blank\" rel=\"nofollow\">Conecta\u021bi-v\u0103<\/a><\/span><\/div>\n<\/div>\n<div class=\"td_social_type td-pb-margin-side td_social_tiktok\">\n<div class=\"td-social-box\"><span class=\"td_social_info td_social_info_counter\">1,500<\/span><span class=\"td_social_info td_social_info_name\">Cititori<\/span><span class=\"td_social_button\"><a href=\"https:\/\/www.tiktok.com\/@orasultimisoara\" target=\"_blank\" rel=\"nofollow\">Conecta\u021bi-v\u0103<\/a><\/span><\/div>\n<\/div>\n<div class=\"td_social_type td-pb-margin-side td_social_twitter\">\n<div class=\"td-social-box\"><span class=\"td_social_info td_social_info_counter\">1,595<\/span><span class=\"td_social_info td_social_info_name\">Cititori<\/span><span class=\"td_social_button\"><a href=\"https:\/\/twitter.com\/orasultm\" target=\"_blank\" rel=\"nofollow\">Conecta\u021bi-v\u0103<\/a><\/span><\/div>\n<\/div>\n<div class=\"td_social_type td-pb-margin-side td_social_youtube\">\n<div class=\"td-social-box\"><span class=\"td_social_info td_social_info_counter\">3,506<\/span><span class=\"td_social_info td_social_info_name\">Abona\u021bi<\/span><span class=\"td_social_button\"><a href=\"https:\/\/www.youtube.com\/channel\/UCQNsQvs2XCSIm1Z-AHRturw?sub_confirmation=1\" target=\"_blank\" rel=\"nofollow\">Abona\u021bi-v\u0103<\/a><\/span><\/div>\n<\/div>\n<\/div>\n<\/div>\n<aside id=\"text-7\" class=\"td_block_template_8 widget text-7 widget_text\">\n<h4 class=\"td-block-title\"><span>C\u0103ut\u0103ri populare pe OTM<\/span><\/h4>\n<div class=\"textwidget\"><a href=\"https:\/\/orasul-timisoara.ro\/?s=timisoara\"><span>Timisoara<\/span><\/a><a href=\"https:\/\/orasul-timisoara.ro\/?s=calin+dobra\"><span>Calin Dobra<\/span><\/a><a href=\"https:\/\/orasul-timisoara.ro\/?s=primaria+timisoara\"><span>Primaria Timisoara<\/span><\/a><a href=\"https:\/\/orasul-timisoara.ro\/?s=dominic+fritz\"><span>Dominic Fritz<\/span><\/a><a href=\"https:\/\/orasul-timisoara.ro\/?s=nicolae+robu\"><span>Nicolae Robu<\/span><\/a><a href=\"https:\/\/orasul-timisoara.ro\/?s=consiliul+local+timisoara\">Consiliul Local Timisoara<\/a><a href=\"https:\/\/orasul-timisoara.ro\/?s=consiliul+judetean+timis\"><span>Consiliul Judetean Timis<\/span><\/a><a href=\"https:\/\/orasul-timisoara.ro\/?s=cjt\"><span>CJT<\/span><\/a><a href=\"https:\/\/orasul-timisoara.ro\/?s=Alfred+Simonis\"><span>Alfred Simonis<\/span><\/a><a href=\"https:\/\/orasul-timisoara.ro\/?s=PNL\"><span>PNL<\/span><\/a><a href=\"https:\/\/orasul-timisoara.ro\/?s=coronavirus\"><span>coronavirus<\/span><\/a><a href=\"https:\/\/orasul-timisoara.ro\/?s=teatru+timisoara\">teatru Timisoara<\/a><a href=\"https:\/\/orasul-timisoara.ro\/?s=restaurante\"><span>restaurante Timisoara<\/span><\/a><a href=\"https:\/\/orasul-timisoara.ro\/?s=diskoteka\"><span>Diskoteka<\/span><\/a><a href=\"https:\/\/orasul-timisoara.ro\/?s=iulius+town\"><span>Iulius Town<\/span><\/a><a href=\"https:\/\/orasul-timisoara.ro\/?s=iulius+mall\"><span>Iulius Mall<\/span><\/a><a href=\"https:\/\/orasul-timisoara.ro\/?s=stpt\"><span>STPT<\/span><\/a><a href=\"https:\/\/orasul-timisoara.ro\/?s=alin+nica\"><span>Alin Nica<\/span><\/a><a href=\"https:\/\/orasul-timisoara.ro\/?s=psd\"><span>PSD<\/span><\/a><a href=\"https:\/\/orasul-timisoara.ro\/?s=aeroport\"><span>Aeroportul International Timisoara<\/span><\/a><a href=\"https:\/\/orasul-timisoara.ro\/?s=babes\"><span>Spitalul Victor Babes Timisoara<\/span><\/a><a href=\"https:\/\/orasul-timisoara.ro\/?s=poli\"><span>Poli Timi\u0219oara<\/span><\/a><a href=\"https:\/\/orasul-timisoara.ro\/?s=carantina\"><span>carantina<\/span><\/a><a href=\"https:\/\/orasul-timisoara.ro\/?s=aquatim\"><span>Aquatim<\/span><\/a><a href=\"https:\/\/orasul-timisoara.ro\/local-category\/stiri-timisoara\/\"><span>Stiri Timisoara<\/span><\/a><a href=\"https:\/\/orasul-timisoara.ro\/local-category\/investitii-in-timisoara\/\"><span>Investi\u021bii in Timi\u0219oara<\/span><\/a><a href=\"https:\/\/orasul-timisoara.ro\/local-9463\/\"><span>shaorma<\/span><\/a><a href=\"https:\/\/orasul-timisoara.ro\/?s=trafic\"><span>trafic rutier<\/span><\/a><a href=\"https:\/\/orasul-timisoara.ro\/?s=politia\"><span>politia locala timisoara<\/span><\/a><a href=\"https:\/\/orasul-timisoara.ro\/?s=roxana\"><span>Roxana Iliescu<\/span><\/a><a href=\"https:\/\/orasul-timisoara.ro\/?s=colterm\"><span>Colterm<\/span><\/a><a href=\"https:\/\/orasul-timisoara.ro\/?s=latcau\"><span>Ruben La\u021bc\u0103u<\/span><\/a><a href=\"https:\/\/orasul-timisoara.ro\/?s=timis\"><span>\u0218tiri din Timi\u0219<\/span><\/a><a href=\"https:\/\/orasul-timisoara.ro\/?s=spital\"><span>Spitale din Timi\u0219oara<\/span><\/a><a href=\"https:\/\/orasul-timisoara.ro\/?s=tabara\"><span>Cosmin Tab\u0103r\u0103<\/span><\/a><\/div>\n<\/aside>\n<aside id=\"rss-2\" class=\"td_block_template_8 widget rss-2 widget_rss\">\n<h4 class=\"td-block-title\"><span><a class=\"rsswidget rss-widget-feed\" href=\"https:\/\/fashionfridays.ro\/feed\"><img decoding=\"async\" class=\"rss-widget-icon\" width=\"14\" height=\"14\" src=\"https:\/\/orasul-timisoara.ro\/wp-includes\/images\/rss.png\" alt=\"RSS\" loading=\"lazy\"><\/a><a class=\"rsswidget rss-widget-title\" href=\"https:\/\/fashionfridays.ro\/\">Fashion Fridays<\/a><\/span><\/h4>\n<ul>\n<li><a class=\"rsswidget\" href=\"https:\/\/fashionfridays.ro\/romania-devine-a-29-a-piata-vogue-o-noua-era-pentru-industria-locala-de-moda\/\">Rom\u00e2nia devine a 29-a pia\u021b\u0103 Vogue: o nou\u0103 er\u0103 pentru industria local\u0103 de mod\u0103<\/a>\n<div class=\"rssSummary\">Revista Vogue \u00ee\u0219i extinde prezen\u021ba global\u0103 \u0219i va fi lansat\u0103 oficial \u00een Rom\u00e2nia \u00een prim\u0103vara anului 2027, marc\u00e2nd intrarea pe cea de-a 29-a pia\u021b\u0103 interna\u021bional\u0103. Proiectul este realizat \u00een parteneriat cu AEMME Publishing, o companie media recent \u00eenfiin\u021bat\u0103, care va publica edi\u021bia local\u0103 sub licen\u021b\u0103. Noua edi\u021bie, Vogue Rom\u00e2nia, \u00ee\u0219i propune s\u0103 combine autoritatea global\u0103 [\u2026]<\/div>\n<\/li>\n<\/ul>\n<\/aside>\n<aside id=\"rss-4\" class=\"td_block_template_8 widget rss-4 widget_rss\">\n<h4 class=\"td-block-title\"><span><a class=\"rsswidget rss-widget-feed\" href=\"https:\/\/emasini.ro\/feed\"><img decoding=\"async\" class=\"rss-widget-icon\" width=\"14\" height=\"14\" src=\"https:\/\/orasul-timisoara.ro\/wp-includes\/images\/rss.png\" alt=\"RSS\" loading=\"lazy\"><\/a><a class=\"rsswidget rss-widget-title\" href=\"https:\/\/emasini.ro\/\">eMasini<\/a><\/span><\/h4>\n<ul>\n<li><a class=\"rsswidget\" href=\"https:\/\/emasini.ro\/bmw-testeaza-noul-i4-convertible-primul-cabrio-electric-accesibil-al-marcii\/\">BMW testeaz\u0103 noul i4 Convertible, primul cabrio electric accesibil al m\u0103rcii<\/a>\n<div class=\"rssSummary\">BMW accelereaz\u0103 dezvoltarea noii genera\u021bii de modele electrice bazate pe platforma Neue Klasse, iar unul dintre cele mai interesante proiecte aflate \u00een teste este viitorul BMW i4 Convertible. Prototipul camuflat a fost surprins pe \u0219osele, confirm\u00e2nd c\u0103 produc\u0103torul german preg\u0103te\u0219te o decapotabil\u0103 electric\u0103 destinat\u0103 unui segment \u00een care oferta este, \u00een prezent, extrem de limitat\u0103. [\u2026]<\/div>\n<\/li>\n<\/ul>\n<\/aside>\n<\/div>\n<\/div>\n<\/div>\n<\/div>\n<\/article>\n<div class=\"td-post-content tagdiv-type\">\n<p class=\"wp-block-paragraph\">Poli\u021bia Local\u0103 Timi\u0219oara continu\u0103 ac\u021biunile de combatere a cer\u0219etoriei \u0219i de sprijinire a persoanelor f\u0103r\u0103 ad\u0103post, fenomen care se intensific\u0103 \u00een sezonul cald. Potrivit autorit\u0103\u021bilor, de la \u00eenceputul anului au fost depista\u021bi <strong>318 cer\u0219etori \u0219i oameni ai str\u0103zii<\/strong>, ace\u0219tia fiind transporta\u021bi de <strong>1.409 ori<\/strong> c\u0103tre centrele sociale.<\/p>\n<p class=\"wp-block-paragraph\">Reprezentan\u021bii institu\u021biei spun c\u0103 multe dintre persoanele identificate ajung \u00een Timi\u0219oara deoarece consider\u0103 c\u0103 nivelul de trai este mai ridicat, iar locuitorii sunt mai dispu\u0219i s\u0103 ofere bani celor care apeleaz\u0103 la mila public\u0103.<\/p>\n<h2 class=\"wp-block-heading\">Majoritatea persoanelor provin din alte jude\u021be<\/h2>\n<p class=\"wp-block-paragraph\">Conform Poli\u021biei Locale, o mare parte dintre cer\u0219etorii \u0219i oamenii str\u0103zii identifica\u021bi nu sunt din Timi\u0219oara.<\/p>\n<p class=\"wp-block-paragraph\">Printre localit\u0103\u021bile \u0219i jude\u021bele de provenien\u021b\u0103 se num\u0103r\u0103 Boto\u0219ani, Olt, Br\u0103ila, Buz\u0103u, Cara\u0219-Severin, Hunedoara, Maramure\u0219, Gala\u021bi, Mehedin\u021bi, Bac\u0103u, Dolj, Arad, Bucure\u0219ti, dar \u0219i <strong>Republica Moldova<\/strong>.<\/p>\n<p class=\"wp-block-paragraph\">Autorit\u0103\u021bile spun c\u0103 \u00een ultima perioad\u0103 au fost identificate tot mai multe persoane venite din afara jude\u021bului \u0219i chiar din afara \u021b\u0103rii.<\/p>\n<h2 class=\"wp-block-heading\">Metode folosite pentru a ob\u021bine bani<\/h2>\n<p class=\"wp-block-paragraph\">Poli\u021bi\u0219tii locali au constatat c\u0103 persoanele care apeleaz\u0103 la mila public\u0103 folosesc diverse metode pentru a convinge trec\u0103torii s\u0103 le ofere bani.<\/p>\n<p class=\"wp-block-paragraph\">Unele afi\u0219eaz\u0103 anun\u021buri privind presupuse str\u00e2ngeri de fonduri pentru persoane bolnave, altele utilizeaz\u0103 c\u0103rucioare pentru a crea impresia unor probleme medicale, de\u0219i nu sufer\u0103 de afec\u021biuni care s\u0103 le \u00eempiedice deplasarea.<\/p>\n<p class=\"wp-block-paragraph\">De asemenea, au fost \u00eent\u00e2lnite persoane aflate \u00eentr-o stare avansat\u0103 de degradare fizic\u0103, autorit\u0103\u021bile sus\u021bin\u00e2nd c\u0103 o parte din banii ob\u021binu\u021bi prin cer\u0219etorie sunt folosi\u021bi pentru consumul de alcool.<\/p>\n<h2 class=\"wp-block-heading\">Poli\u021bia Local\u0103 continu\u0103 controalele<\/h2>\n<p class=\"wp-block-paragraph\">Reprezentan\u021bii Poli\u021biei Locale Timi\u0219oara anun\u021b\u0103 c\u0103 ac\u021biunile de identificare \u0219i transport c\u0103tre serviciile sociale vor continua \u0219i \u00een perioada urm\u0103toare.<\/p>\n<p class=\"wp-block-paragraph\">Scopul acestor interven\u021bii este reducerea fenomenului cer\u0219etoriei \u0219i oferirea de sprijin persoanelor vulnerabile care accept\u0103 asisten\u021ba social\u0103.<\/p>\n<h2 class=\"wp-block-heading\">Apel c\u0103tre timi\u0219oreni<\/h2>\n<p class=\"wp-block-paragraph\">Poli\u021bia Local\u0103 le recomand\u0103 cet\u0103\u021benilor s\u0103 nu ofere bani persoanelor care cer\u0219esc pe str\u0103zile ora\u0219ului.<\/p>\n<p class=\"wp-block-paragraph\">Potrivit institu\u021biei, oferirea de bani contribuie la men\u021binerea acestora \u00een strad\u0103 \u0219i descurajeaz\u0103 reintegrarea social\u0103. Autorit\u0103\u021bile sus\u021bin c\u0103 multe dintre persoanele identificate refuz\u0103 cazarea \u00een centrele sociale \u0219i nu doresc s\u0103 participe la programe de reinser\u021bie profesional\u0103.<\/p>\n<\/div>\n<p>[analyse_source url=&#8221;https:\/\/orasul-timisoara.ro\/local-39954\/&#8221;]<\/p>\n","protected":false},"excerpt":{"rendered":"<p>[analyse_image type=&#8221;featured&#8221; src=&#8221;https:\/\/orasul-timisoara.ro\/wp-content\/uploads\/2026\/07\/cersetori.jpg&#8221;] \u0218tiri LocalePeste 300 de cer\u0219etori \u0219i oameni ai str\u0103zii, depista\u021bi \u00een Timi\u0219oara \u00een&#8230; \u0218tiri Locale Peste 300 de cer\u0219etori \u0219i oameni ai str\u0103zii, depista\u021bi \u00een Timi\u0219oara \u00een 2026 De c\u0103tre redactia &#8211; 31\/07\/2026 Facebook Twitter WhatsApp Linkedin ReddIt Email Imprimare Poli\u021bia Local\u0103 Timi\u0219oara continu\u0103 ac\u021biunile de combatere a cer\u0219etoriei \u0219i de sprijinire [&hellip;]<\/p>\n","protected":false},"author":1,"featured_media":0,"comment_status":"open","ping_status":"","sticky":false,"template":"","format":"standard","meta":{"footnotes":""},"categories":[89],"tags":[226,189],"class_list":["post-2071288","post","type-post","status-publish","format-standard","hentry","category-romania","tag-crawlmanager","tag-orasul-timisoara-ro"],"_links":{"self":[{"href":"https:\/\/analyse.optim.biz\/index.php?rest_route=\/wp\/v2\/posts\/2071288","targetHints":{"allow":["GET"]}}],"collection":[{"href":"https:\/\/analyse.optim.biz\/index.php?rest_route=\/wp\/v2\/posts"}],"about":[{"href":"https:\/\/analyse.optim.biz\/index.php?rest_route=\/wp\/v2\/types\/post"}],"author":[{"embeddable":true,"href":"https:\/\/analyse.optim.biz\/index.php?rest_route=\/wp\/v2\/users\/1"}],"replies":[{"embeddable":true,"href":"https:\/\/analyse.optim.biz\/index.php?rest_route=%2Fwp%2Fv2%2Fcomments&post=2071288"}],"version-history":[{"count":0,"href":"https:\/\/analyse.optim.biz\/index.php?rest_route=\/wp\/v2\/posts\/2071288\/revisions"}],"wp:attachment":[{"href":"https:\/\/analyse.optim.biz\/index.php?rest_route=%2Fwp%2Fv2%2Fmedia&parent=2071288"}],"wp:term":[{"taxonomy":"category","embeddable":true,"href":"https:\/\/analyse.optim.biz\/index.php?rest_route=%2Fwp%2Fv2%2Fcategories&post=2071288"},{"taxonomy":"post_tag","embeddable":true,"href":"https:\/\/analyse.optim.biz\/index.php?rest_route=%2Fwp%2Fv2%2Ftags&post=2071288"}],"curies":[{"name":"wp","href":"https:\/\/api.w.org\/{rel}","templated":true}]}}