{"id":2071287,"date":"2026-07-31T14:14:08","date_gmt":"2026-07-31T11:14:08","guid":{"rendered":"https:\/\/analyse.optim.biz\/?p=2071287"},"modified":"2026-07-31T14:14:08","modified_gmt":"2026-07-31T11:14:08","slug":"scm-usv-timisoara-a-transferat-unul-dintre-cei-mai-promitatori-rugbisti-romani","status":"publish","type":"post","link":"https:\/\/analyse.optim.biz\/?p=2071287","title":{"rendered":"SCM USV Timi\u0219oara a transferat unul dintre cei mai promi\u021b\u0103tori rugbi\u0219ti rom\u00e2ni"},"content":{"rendered":"<p>[analyse_image type=&#8221;featured&#8221; src=&#8221;https:\/\/orasul-timisoara.ro\/wp-content\/uploads\/2026\/07\/759188725_1581188624006637_8024762943929205878_n.jpg&#8221;]<\/p>\n<article id=\"post-39948\" class=\"td-post-template-7 post-39948 post type-post status-publish format-standard has-post-thumbnail category-featured category-sport-local category-stiri-timisoara tag-nationala-romaniei tag-rugby tag-rugby-romanesc tag-scm-usv-timisoara-2 tag-sebastien-tofan tag-sport tag-superliga-rugby tag-timisoara-2 tag-transfer tag-usa-perpignan td-container-wrap\">\n<div class=\"td-full-screen-header-image-wrap\">\n<div class=\"td-container td-post-header\">\n<div class=\"td-crumb-container\">\n<div class=\"entry-crumbs\"><span><a title=\"Vede\u021bi toate articolele \u00een Sport Local\" class=\"entry-crumb\" href=\"https:\/\/orasul-timisoara.ro\/local-category\/sport-local\/\">Sport Local<\/a><\/span><span class=\"td-bred-no-url-last\">SCM USV Timi\u0219oara a transferat unul dintre cei mai promi\u021b\u0103tori rugbi\u0219ti rom\u00e2ni<\/span><\/div>\n<\/div>\n<div class=\"td-post-header-holder\">\n<div class=\"td-parallax-header\">\n<header class=\"td-post-title\">\n<ul class=\"td-category\">\n<li class=\"entry-category\"><a href=\"https:\/\/orasul-timisoara.ro\/local-category\/sport-local\/\">Sport Local<\/a><\/li>\n<li class=\"entry-category\"><a href=\"https:\/\/orasul-timisoara.ro\/local-category\/stiri-timisoara\/\">\u0218tiri Locale<\/a><\/li>\n<\/ul>\n<h1 class=\"entry-title\">SCM USV Timi\u0219oara a transferat unul dintre cei mai promi\u021b\u0103tori rugbi\u0219ti rom\u00e2ni<\/h1>\n<div class=\"td-module-meta-info\">\n<div class=\"td-post-author-name\">\n<div class=\"td-author-by\">De c\u0103tre<\/div>\n<p><a href=\"https:\/\/orasul-timisoara.ro\/author\/timisoara\/\">redactia<\/a><\/p>\n<div class=\"td-author-line\"> &#8211; <\/div>\n<\/div>\n<p><span class=\"td-post-date\"><time class=\"entry-date updated td-module-date\" datetime=\"2026-07-31T17:14:08+03:00\">31\/07\/2026<\/time><\/span><\/div>\n<\/header>\n<\/div>\n<\/div>\n<\/div>\n<div id=\"td-full-screen-header-image\" class=\"td-image-gradient-style7\"><img decoding=\"async\" class=\"td-backstretch\" src=\"https:\/\/orasul-timisoara.ro\/wp-content\/uploads\/2026\/07\/759188725_1581188624006637_8024762943929205878_n.jpg\"><\/div>\n<\/div>\n<div class=\"td-container\">\n<div class=\"td-pb-row\">\n<div class=\"td-pb-span8 td-main-content\" role=\"main\">\n<div class=\"td-ss-main-content\">\n<div class=\"td-post-sharing-top\">\n<div class=\"td-post-sharing-classic\"><iframe title=\"topFacebookLike\" frameborder src=\"https:\/\/www.facebook.com\/plugins\/like.php?href=https:\/\/orasul-timisoara.ro\/local-39948\/&amp;layout=button_count&amp;show_faces=false&amp;width=105&amp;action=like&amp;colorscheme=light&amp;height=21\"><\/iframe><\/div>\n<div id=\"td_social_sharing_article_top\" class=\"td-post-sharing td-ps-bg td-ps-notext td-post-sharing-style1 \">\n<div class=\"td-post-sharing-visible\"><a class=\"td-social-sharing-button td-social-sharing-button-js td-social-network td-social-facebook\" href=\"https:\/\/www.facebook.com\/sharer.php?u=https%3A%2F%2Forasul-timisoara.ro%2Flocal-39948%2F\" title=\"Facebook\"><\/p>\n<div class=\"td-social-but-text\">Facebook<\/div>\n<p><\/a><a class=\"td-social-sharing-button td-social-sharing-button-js td-social-network td-social-twitter\" href=\"https:\/\/twitter.com\/intent\/tweet?text=SCM+USV+Timi%C8%99oara+a+transferat+unul+dintre+cei+mai+promi%C8%9B%C4%83tori+rugbi%C8%99ti+rom%C3%A2ni&amp;url=https%3A%2F%2Forasul-timisoara.ro%2Flocal-39948%2F&amp;via=orasultm\" title=\"Twitter\"><\/p>\n<div class=\"td-social-but-text\">Twitter<\/div>\n<p><\/a><a class=\"td-social-sharing-button td-social-sharing-button-js td-social-network td-social-whatsapp\" href=\"https:\/\/api.whatsapp.com\/send?text=SCM+USV+Timi%C8%99oara+a+transferat+unul+dintre+cei+mai+promi%C8%9B%C4%83tori+rugbi%C8%99ti+rom%C3%A2ni%20%0A%0A%20https:\/\/orasul-timisoara.ro\/local-39948\/\" title=\"WhatsApp\"><\/p>\n<div class=\"td-social-but-text\">WhatsApp<\/div>\n<p><\/a><a class=\"td-social-sharing-button td-social-sharing-button-js td-social-network td-social-linkedin\" href=\"https:\/\/www.linkedin.com\/shareArticle?mini=true&amp;url=https:\/\/orasul-timisoara.ro\/local-39948\/&amp;title=SCM+USV+Timi%C8%99oara+a+transferat+unul+dintre+cei+mai+promi%C8%9B%C4%83tori+rugbi%C8%99ti+rom%C3%A2ni\" title=\"Linkedin\"><\/p>\n<div class=\"td-social-but-text\">Linkedin<\/div>\n<p><\/a><a class=\"td-social-sharing-button td-social-sharing-button-js td-social-network td-social-reddit\" href=\"https:\/\/reddit.com\/submit?url=https:\/\/orasul-timisoara.ro\/local-39948\/&amp;title=SCM+USV+Timi%C8%99oara+a+transferat+unul+dintre+cei+mai+promi%C8%9B%C4%83tori+rugbi%C8%99ti+rom%C3%A2ni\" title=\"ReddIt\"><\/p>\n<div class=\"td-social-but-text\">ReddIt<\/div>\n<p><\/a><a class=\"td-social-sharing-button td-social-sharing-button-js td-social-network td-social-mail\" href=\"mailto:?subject=SCM%20USV%20Timi%C8%99oara%20a%20transferat%20unul%20dintre%20cei%20mai%20promi%C8%9B%C4%83tori%20rugbi%C8%99ti%20rom%C3%A2ni&amp;body=https:\/\/orasul-timisoara.ro\/local-39948\/\" title=\"Email\"><\/p>\n<div class=\"td-social-but-text\">Email<\/div>\n<p><\/a><a class=\"td-social-sharing-button td-social-sharing-button-js td-social-network td-social-print\" href=\"https:\/\/orasul-timisoara.ro\/local-39948\/\" title=\"Imprimare\"><\/p>\n<div class=\"td-social-but-text\">Imprimare<\/div>\n<p><\/a><\/div>\n<\/div>\n<\/div>\n<div class=\"td-post-content tagdiv-type\">\n<p class=\"wp-block-paragraph\">SCM USV Timi\u0219oara continu\u0103 s\u0103 investeasc\u0103 \u00een juc\u0103tori de perspectiv\u0103 \u0219i a oficializat transferul lui <strong>Sebastien Tofan<\/strong>, unul dintre cei mai promi\u021b\u0103tori rugbi\u0219ti ai noii genera\u021bii din Rom\u00e2nia. Centrul \u00een v\u00e2rst\u0103 de 20 de ani a semnat un contract valabil pentru urm\u0103toarele dou\u0103 sezoane.<\/p>\n<p class=\"wp-block-paragraph\">Tofan revine \u00een Rom\u00e2nia dup\u0103 doi ani petrecu\u021bi \u00een Fran\u021ba, unde a evoluat pentru echipa de speran\u021be (Espoirs) a clubului <strong>USA Perpignan<\/strong>, una dintre forma\u021biile importante din rugby-ul francez.<\/p>\n<h2 class=\"wp-block-heading\">Format la B\u00e2rlad, perfec\u021bionat \u00een Fran\u021ba<\/h2>\n<p class=\"wp-block-paragraph\">N\u0103scut la <strong>2 ianuarie 2006<\/strong>, la <strong>B\u00e2rlad<\/strong>, Sebastien Tofan \u0219i-a \u00eenceput cariera la <strong>CSS B\u00e2rlad<\/strong>, unde a parcurs toate etapele de juniorat p\u00e2n\u0103 la v\u00e2rsta de 18 ani.<\/p>\n<p class=\"wp-block-paragraph\">\u00cen 2024 a f\u0103cut pasul \u00een rugby-ul francez, evolu\u00e2nd pentru forma\u021bia de tineret a celor de la USA Perpignan, experien\u021b\u0103 care i-a oferit posibilitatea de a se dezvolta \u00eentr-un mediu competi\u021bional de \u00eenalt nivel.<\/p>\n<h2 class=\"wp-block-heading\">De ce a ales Timi\u0219oara<\/h2>\n<p class=\"wp-block-paragraph\">Noul juc\u0103tor al campioanei Rom\u00e2niei spune c\u0103 alegerea de a semna cu SCM USV Timi\u0219oara a fost una fireasc\u0103.<\/p>\n<p class=\"wp-block-paragraph\">\u201eA fost o alegere instinctual\u0103. Timi\u0219oara m-a contactat \u0219i mi-a f\u0103cut o ofert\u0103 din 2024, iar acum am semnat. E adev\u0103rat c\u0103 \u00een acest an am fost \u00een negocieri \u0219i cu o alt\u0103 echip\u0103 francez\u0103, Orleans, din Nationale, dar am considerat c\u0103 pentru dezvoltarea carierei mele e mai bine s\u0103 vin aici. \u00cemi doresc s\u0103 joc, s\u0103 ajut echipa \u0219i s\u0103 fac pasul spre na\u021bional\u0103, poate chiar s\u0103 prind Cupa Mondial\u0103 din 2027\u201d, a declarat Sebastien Tofan.<\/p>\n<h2 class=\"wp-block-heading\">A evoluat la toate reprezentativele Rom\u00e2niei<\/h2>\n<p class=\"wp-block-paragraph\">\u00cen ciuda v\u00e2rstei fragede, Sebastien Tofan are deja un parcurs impresionant la nivel interna\u021bional.<\/p>\n<p class=\"wp-block-paragraph\">El a \u00eembr\u0103cat tricoul tuturor reprezentativelor de juniori ale Rom\u00e2niei, a fost <strong>c\u0103pitanul na\u021bionalei U20<\/strong> \u0219i a debutat deja pentru <strong>echipa na\u021bional\u0103 de seniori<\/strong>.<\/p>\n<p class=\"wp-block-paragraph\">Experien\u021ba acumulat\u0103 \u00eel transform\u0103 \u00eentr-unul dintre cei mai promi\u021b\u0103tori juc\u0103tori rom\u00e2ni pe postul de centru.<\/p>\n<h2 class=\"wp-block-heading\">Un transfer important pentru obiectivele Timi\u0219oarei<\/h2>\n<p class=\"wp-block-paragraph\">Prin aducerea lui Sebastien Tofan, SCM USV Timi\u0219oara \u00ee\u0219i consolideaz\u0103 compartimentul liniilor dinapoi \u0219i confirm\u0103 strategia de a combina experien\u021ba cu tinerii juc\u0103tori de mare perspectiv\u0103.<\/p>\n<p class=\"wp-block-paragraph\">Clubul b\u0103n\u0103\u021bean sper\u0103 ca noul transfer s\u0103 contribuie la \u00eendeplinirea obiectivelor din urm\u0103toarele sezoane, at\u00e2t \u00een competi\u021biile interne, c\u00e2t \u0219i \u00een cele interna\u021bionale, iar pentru Tofan aceast\u0103 mutare reprezint\u0103 o nou\u0103 etap\u0103 \u00een drumul spre afirmarea definitiv\u0103 \u00een rugby-ul mare \u0219i, implicit, spre participarea la <strong>Cupa Mondial\u0103 de Rugby din 2027<\/strong>.<\/p>\n<\/div>\n<footer>\n<div class=\"td-post-source-tags\">\n<ul class=\"td-tags td-post-small-box clearfix\">\n<li><span>ETICHETE<\/span><\/li>\n<li><a href=\"https:\/\/orasul-timisoara.ro\/local-tag\/nationala-romaniei\/\">na\u021bionala Rom\u00e2niei<\/a><\/li>\n<li><a href=\"https:\/\/orasul-timisoara.ro\/local-tag\/rugby\/\">rugby<\/a><\/li>\n<li><a href=\"https:\/\/orasul-timisoara.ro\/local-tag\/rugby-romanesc\/\">rugby rom\u00e2nesc<\/a><\/li>\n<li><a href=\"https:\/\/orasul-timisoara.ro\/local-tag\/scm-usv-timisoara-2\/\">SCM USV Timi\u0219oara<\/a><\/li>\n<li><a href=\"https:\/\/orasul-timisoara.ro\/local-tag\/sebastien-tofan\/\">Sebastien Tofan<\/a><\/li>\n<li><a href=\"https:\/\/orasul-timisoara.ro\/local-tag\/sport\/\">sport<\/a><\/li>\n<li><a href=\"https:\/\/orasul-timisoara.ro\/local-tag\/superliga-rugby\/\">SuperLiga Rugby<\/a><\/li>\n<li><a href=\"https:\/\/orasul-timisoara.ro\/local-tag\/timisoara-2\/\">timi\u0219oara<\/a><\/li>\n<li><a href=\"https:\/\/orasul-timisoara.ro\/local-tag\/transfer\/\">transfer<\/a><\/li>\n<li><a href=\"https:\/\/orasul-timisoara.ro\/local-tag\/usa-perpignan\/\">USA Perpignan<\/a><\/li>\n<\/ul>\n<\/div>\n<div class=\"td-post-sharing-bottom\">\n<div class=\"td-post-sharing-classic\"><iframe title=\"bottomFacebookLike\" frameborder src=\"https:\/\/www.facebook.com\/plugins\/like.php?href=https:\/\/orasul-timisoara.ro\/local-39948\/&amp;layout=button_count&amp;show_faces=false&amp;width=105&amp;action=like&amp;colorscheme=light&amp;height=21\"><\/iframe><\/div>\n<div id=\"td_social_sharing_article_bottom\" class=\"td-post-sharing td-ps-bg td-ps-notext td-post-sharing-style1 \">\n<div class=\"td-post-sharing-visible\"><a class=\"td-social-sharing-button td-social-sharing-button-js td-social-network td-social-facebook\" href=\"https:\/\/www.facebook.com\/sharer.php?u=https%3A%2F%2Forasul-timisoara.ro%2Flocal-39948%2F\" title=\"Facebook\"><\/p>\n<div class=\"td-social-but-text\">Facebook<\/div>\n<p><\/a><a class=\"td-social-sharing-button td-social-sharing-button-js td-social-network td-social-twitter\" href=\"https:\/\/twitter.com\/intent\/tweet?text=SCM+USV+Timi%C8%99oara+a+transferat+unul+dintre+cei+mai+promi%C8%9B%C4%83tori+rugbi%C8%99ti+rom%C3%A2ni&amp;url=https%3A%2F%2Forasul-timisoara.ro%2Flocal-39948%2F&amp;via=orasultm\" title=\"Twitter\"><\/p>\n<div class=\"td-social-but-text\">Twitter<\/div>\n<p><\/a><a class=\"td-social-sharing-button td-social-sharing-button-js td-social-network td-social-whatsapp\" href=\"https:\/\/api.whatsapp.com\/send?text=SCM+USV+Timi%C8%99oara+a+transferat+unul+dintre+cei+mai+promi%C8%9B%C4%83tori+rugbi%C8%99ti+rom%C3%A2ni%20%0A%0A%20https:\/\/orasul-timisoara.ro\/local-39948\/\" title=\"WhatsApp\"><\/p>\n<div class=\"td-social-but-text\">WhatsApp<\/div>\n<p><\/a><a class=\"td-social-sharing-button td-social-sharing-button-js td-social-network td-social-linkedin\" href=\"https:\/\/www.linkedin.com\/shareArticle?mini=true&amp;url=https:\/\/orasul-timisoara.ro\/local-39948\/&amp;title=SCM+USV+Timi%C8%99oara+a+transferat+unul+dintre+cei+mai+promi%C8%9B%C4%83tori+rugbi%C8%99ti+rom%C3%A2ni\" title=\"Linkedin\"><\/p>\n<div class=\"td-social-but-text\">Linkedin<\/div>\n<p><\/a><a class=\"td-social-sharing-button td-social-sharing-button-js td-social-network td-social-reddit\" href=\"https:\/\/reddit.com\/submit?url=https:\/\/orasul-timisoara.ro\/local-39948\/&amp;title=SCM+USV+Timi%C8%99oara+a+transferat+unul+dintre+cei+mai+promi%C8%9B%C4%83tori+rugbi%C8%99ti+rom%C3%A2ni\" title=\"ReddIt\"><\/p>\n<div class=\"td-social-but-text\">ReddIt<\/div>\n<p><\/a><a class=\"td-social-sharing-button td-social-sharing-button-js td-social-network td-social-mail\" href=\"mailto:?subject=SCM%20USV%20Timi%C8%99oara%20a%20transferat%20unul%20dintre%20cei%20mai%20promi%C8%9B%C4%83tori%20rugbi%C8%99ti%20rom%C3%A2ni&amp;body=https:\/\/orasul-timisoara.ro\/local-39948\/\" title=\"Email\"><\/p>\n<div class=\"td-social-but-text\">Email<\/div>\n<p><\/a><a class=\"td-social-sharing-button td-social-sharing-button-js td-social-network td-social-print\" href=\"https:\/\/orasul-timisoara.ro\/local-39948\/\" title=\"Imprimare\"><\/p>\n<div class=\"td-social-but-text\">Imprimare<\/div>\n<p><\/a><\/div>\n<\/div>\n<\/div>\n<div class=\"td-block-row td-post-next-prev\">\n<div class=\"td-block-span6 td-post-prev-post\">\n<div class=\"td-post-next-prev-content\"><span>Articolul precedent<\/span><a href=\"https:\/\/orasul-timisoara.ro\/local-39945\/\">Restric\u021bii \u00een zeci de localit\u0103\u021bi din Timi\u0219 dup\u0103 confirmarea unui focar de pest\u0103 a micilor rumeg\u0103toare<\/a><\/div>\n<\/div>\n<div class=\"td-block-span6 td-post-next-post\">\n<div class=\"td-post-next-prev-content\"><span>Articolul urm\u0103tor<\/span><a href=\"https:\/\/orasul-timisoara.ro\/local-39951\/\">Restric\u021bii de circula\u021bie pentru automarfarele de peste 7,5 tone \u00een Ungaria<\/a><\/div>\n<\/div>\n<\/div>\n<div class=\"td-author-name vcard author\"><span class=\"fn\"><a href=\"https:\/\/orasul-timisoara.ro\/author\/timisoara\/\">redactia<\/a><\/span><\/div>\n<p><span class=\"td-page-meta\"><\/span><span class=\"td-page-meta\"><span class=\"td-page-meta\"><\/span><\/span><span class=\"td-page-meta\"><\/span><\/footer>\n<div class=\"td_block_wrap td_block_related_posts tdi_3 td_with_ajax_pagination td-pb-border-top td_block_template_8\" data-td-block-uid=\"tdi_3\">\n<h4 class=\"td-related-title td-block-title\"><a id=\"tdi_4\" class=\"td-related-left td-cur-simple-item\" data-td_filter_value data-td_block_id=\"tdi_3\" href=\"https:\/\/orasul-timisoara.ro\/local-39948\/\">ARTICOLE SIMILARE<\/a><a id=\"tdi_5\" class=\"td-related-right\" data-td_filter_value=\"td_related_more_from_author\" data-td_block_id=\"tdi_3\" href=\"https:\/\/orasul-timisoara.ro\/local-39948\/\">DE LA ACELA\u0218I AUTOR<\/a><\/h4>\n<div id=\"tdi_3\" class=\"td_block_inner\">\n<div class=\"td-related-row\">\n<div class=\"td-related-span4\">\n<div class=\"td_module_related_posts td-animation-stack td_mod_related_posts\">\n<div class=\"td-module-image\">\n<div class=\"td-module-thumb\"><a href=\"https:\/\/orasul-timisoara.ro\/local-39198\/\" rel=\"bookmark\" class=\"td-image-wrap \" title=\"Khvicha Jgerenaia, de la SCM USV Timi\u0219oara la na\u021bionala Georgiei: \u201eEste visul meu de o via\u021b\u0103\u201d\"><img loading=\"lazy\" decoding=\"async\" class=\"entry-thumb\" src=\"https:\/\/orasul-timisoara.ro\/wp-content\/uploads\/2026\/06\/Khvicha-Jgerenaia-436x300.jpg\" alt title=\"Khvicha Jgerenaia, de la SCM USV Timi\u0219oara la na\u021bionala Georgiei: \u201eEste visul meu de o via\u021b\u0103\u201d\" width=\"218\" height=\"150\"><\/a><\/div>\n<\/div>\n<div class=\"item-details\">\n<h3 class=\"entry-title td-module-title\"><a href=\"https:\/\/orasul-timisoara.ro\/local-39198\/\" rel=\"bookmark\" title=\"Khvicha Jgerenaia, de la SCM USV Timi\u0219oara la na\u021bionala Georgiei: \u201eEste visul meu de o via\u021b\u0103\u201d\">Khvicha Jgerenaia, de la SCM USV Timi\u0219oara la na\u021bionala Georgiei: \u201eEste visul meu de o via\u021b\u0103\u201d<\/a><\/h3>\n<\/div>\n<\/div>\n<\/div>\n<div class=\"td-related-span4\">\n<div class=\"td_module_related_posts td-animation-stack td_mod_related_posts\">\n<div class=\"td-module-image\">\n<div class=\"td-module-thumb\"><a href=\"https:\/\/orasul-timisoara.ro\/local-36836\/\" rel=\"bookmark\" class=\"td-image-wrap \" title=\"Gig\u0103 Hagi ar putea fi noul selec\u021bioner al Rom\u00e2niei\"><img loading=\"lazy\" decoding=\"async\" class=\"entry-thumb\" src=\"https:\/\/orasul-timisoara.ro\/wp-content\/uploads\/2026\/02\/gheorghe-hagi-436x300.jpg\" alt title=\"Gig\u0103 Hagi ar putea fi noul selec\u021bioner al Rom\u00e2niei\" width=\"218\" height=\"150\"><\/a><\/div>\n<\/div>\n<div class=\"item-details\">\n<h3 class=\"entry-title td-module-title\"><a href=\"https:\/\/orasul-timisoara.ro\/local-36836\/\" rel=\"bookmark\" title=\"Gig\u0103 Hagi ar putea fi noul selec\u021bioner al Rom\u00e2niei\">Gig\u0103 Hagi ar putea fi noul selec\u021bioner al Rom\u00e2niei<\/a><\/h3>\n<\/div>\n<\/div>\n<\/div>\n<div class=\"td-related-span4\">\n<div class=\"td_module_related_posts td-animation-stack td_mod_related_posts\">\n<div class=\"td-module-image\">\n<div class=\"td-module-thumb\"><a href=\"https:\/\/orasul-timisoara.ro\/local-36566\/\" rel=\"bookmark\" class=\"td-image-wrap \" title=\"SCM Timi\u0219oara a reluat preg\u0103tirea pentru sezonul 2026: obiectivul este titlul na\u021bional\"><img loading=\"lazy\" decoding=\"async\" class=\"entry-thumb\" src=\"https:\/\/orasul-timisoara.ro\/wp-content\/uploads\/2026\/01\/SCM-USV-Timisoara-Cupa-Romaniei-2025-site-436x300.jpg\" alt title=\"SCM Timi\u0219oara a reluat preg\u0103tirea pentru sezonul 2026: obiectivul este titlul na\u021bional\" width=\"218\" height=\"150\"><\/a><\/div>\n<\/div>\n<div class=\"item-details\">\n<h3 class=\"entry-title td-module-title\"><a href=\"https:\/\/orasul-timisoara.ro\/local-36566\/\" rel=\"bookmark\" title=\"SCM Timi\u0219oara a reluat preg\u0103tirea pentru sezonul 2026: obiectivul este titlul na\u021bional\">SCM Timi\u0219oara a reluat preg\u0103tirea pentru sezonul 2026: obiectivul este titlul na\u021bional<\/a><\/h3>\n<\/div>\n<\/div>\n<\/div>\n<\/div>\n<\/div>\n<\/div>\n<div class=\"comments\" id=\"comments\">\n<div id=\"respond\" class=\"comment-respond\">\n<h3 id=\"reply-title\" class=\"comment-reply-title\">L\u0102SA\u021aI UN MESAJ<\/h3>\n<div class=\"comment-form-input-wrap td-form-comment\">\n<div class=\"td-warning-comment\">V\u0103 rug\u0103m s\u0103 introduce\u021bi comentariul dvs.!<\/div>\n<\/div>\n<div class=\"comment-form-input-wrap td-form-author\">\n<div class=\"td-warning-author\">Introduce\u021bi aici numele dvs.<\/div>\n<\/div>\n<div class=\"comment-form-input-wrap td-form-email\">\n<div class=\"td-warning-email-error\">A\u021bi introdus o adres\u0103 de e-mail incorect\u0103!<\/div>\n<div class=\"td-warning-email\">V\u0103 rug\u0103m s\u0103 introduce\u021bi adresa dvs. de e-mail aici<\/div>\n<\/div>\n<\/div>\n<p class=\"akismet_comment_form_privacy_notice\">Acest site folose\u0219te Akismet pentru a reduce spamul. <a href=\"https:\/\/akismet.com\/privacy\/\" target=\"_blank\" rel=\"nofollow noopener\">Afl\u0103 cum sunt procesate datele comentariilor tale<\/a>.<\/p>\n<\/div>\n<\/div>\n<\/div>\n<div class=\"td-pb-span4 td-main-sidebar\" role=\"complementary\">\n<div class=\"td-ss-main-sidebar\">\n<aside id=\"block-4\" class=\"td_block_template_8 widget block-4 widget_block widget_media_image\">\n<figure class=\"wp-block-image size-full\"><img loading=\"lazy\" decoding=\"async\" width=\"336\" height=\"280\" src=\"https:\/\/orasul-timisoara.ro\/wp-content\/uploads\/2024\/11\/ReTIM-Abonamentul-Verde-Google-Ads-336x280px.gif\" alt class=\"wp-image-29257\"><\/figure>\n<\/aside>\n<div class=\"td_block_wrap td_block_social_counter td_block_widget tdi_6 td-social-style5 td-social-boxed td-pb-border-top td_block_template_8\">\n<div class=\"td-block-title-wrap\">\n<h4 class=\"td-block-title\"><span>Urm\u0103re\u0219te-ne pe Social Media<\/span><\/h4>\n<\/div>\n<div class=\"td-social-list\">\n<div class=\"td_social_type td-pb-margin-side td_social_facebook\">\n<div class=\"td-social-box\"><span class=\"td_social_info td_social_info_counter\">344,595<\/span><span class=\"td_social_info td_social_info_name\">Fani<\/span><span class=\"td_social_button\"><a href=\"https:\/\/www.facebook.com\/247timisoara\" target=\"_blank\" rel=\"nofollow\">\u00cemi place<\/a><\/span><\/div>\n<\/div>\n<div class=\"td_social_type td-pb-margin-side td_social_instagram\">\n<div class=\"td-social-box\"><span class=\"td_social_info td_social_info_counter\">4,416<\/span><span class=\"td_social_info td_social_info_name\">Cititori<\/span><span class=\"td_social_button\"><a href=\"https:\/\/instagram.com\/orasultimisoararo\/\" target=\"_blank\" rel=\"nofollow\">Conecta\u021bi-v\u0103<\/a><\/span><\/div>\n<\/div>\n<div class=\"td_social_type td-pb-margin-side td_social_rss\">\n<div class=\"td-social-box\"><span class=\"td_social_info td_social_info_counter\">12,506<\/span><span class=\"td_social_info td_social_info_name\">Cititori<\/span><span class=\"td_social_button\"><a href=\"https:\/\/orasul-timisoara.ro\/feed\/\" target=\"_blank\" rel=\"nofollow\">Conecta\u021bi-v\u0103<\/a><\/span><\/div>\n<\/div>\n<div class=\"td_social_type td-pb-margin-side td_social_tiktok\">\n<div class=\"td-social-box\"><span class=\"td_social_info td_social_info_counter\">1,500<\/span><span class=\"td_social_info td_social_info_name\">Cititori<\/span><span class=\"td_social_button\"><a href=\"https:\/\/www.tiktok.com\/@orasultimisoara\" target=\"_blank\" rel=\"nofollow\">Conecta\u021bi-v\u0103<\/a><\/span><\/div>\n<\/div>\n<div class=\"td_social_type td-pb-margin-side td_social_twitter\">\n<div class=\"td-social-box\"><span class=\"td_social_info td_social_info_counter\">1,595<\/span><span class=\"td_social_info td_social_info_name\">Cititori<\/span><span class=\"td_social_button\"><a href=\"https:\/\/twitter.com\/orasultm\" target=\"_blank\" rel=\"nofollow\">Conecta\u021bi-v\u0103<\/a><\/span><\/div>\n<\/div>\n<div class=\"td_social_type td-pb-margin-side td_social_youtube\">\n<div class=\"td-social-box\"><span class=\"td_social_info td_social_info_counter\">3,506<\/span><span class=\"td_social_info td_social_info_name\">Abona\u021bi<\/span><span class=\"td_social_button\"><a href=\"https:\/\/www.youtube.com\/channel\/UCQNsQvs2XCSIm1Z-AHRturw?sub_confirmation=1\" target=\"_blank\" rel=\"nofollow\">Abona\u021bi-v\u0103<\/a><\/span><\/div>\n<\/div>\n<\/div>\n<\/div>\n<aside id=\"text-7\" class=\"td_block_template_8 widget text-7 widget_text\">\n<h4 class=\"td-block-title\"><span>C\u0103ut\u0103ri populare pe OTM<\/span><\/h4>\n<div class=\"textwidget\"><a href=\"https:\/\/orasul-timisoara.ro\/?s=timisoara\"><span>Timisoara<\/span><\/a><a href=\"https:\/\/orasul-timisoara.ro\/?s=calin+dobra\"><span>Calin Dobra<\/span><\/a><a href=\"https:\/\/orasul-timisoara.ro\/?s=primaria+timisoara\"><span>Primaria Timisoara<\/span><\/a><a href=\"https:\/\/orasul-timisoara.ro\/?s=dominic+fritz\"><span>Dominic Fritz<\/span><\/a><a href=\"https:\/\/orasul-timisoara.ro\/?s=nicolae+robu\"><span>Nicolae Robu<\/span><\/a><a href=\"https:\/\/orasul-timisoara.ro\/?s=consiliul+local+timisoara\">Consiliul Local Timisoara<\/a><a href=\"https:\/\/orasul-timisoara.ro\/?s=consiliul+judetean+timis\"><span>Consiliul Judetean Timis<\/span><\/a><a href=\"https:\/\/orasul-timisoara.ro\/?s=cjt\"><span>CJT<\/span><\/a><a href=\"https:\/\/orasul-timisoara.ro\/?s=Alfred+Simonis\"><span>Alfred Simonis<\/span><\/a><a href=\"https:\/\/orasul-timisoara.ro\/?s=PNL\"><span>PNL<\/span><\/a><a href=\"https:\/\/orasul-timisoara.ro\/?s=coronavirus\"><span>coronavirus<\/span><\/a><a href=\"https:\/\/orasul-timisoara.ro\/?s=teatru+timisoara\">teatru Timisoara<\/a><a href=\"https:\/\/orasul-timisoara.ro\/?s=restaurante\"><span>restaurante Timisoara<\/span><\/a><a href=\"https:\/\/orasul-timisoara.ro\/?s=diskoteka\"><span>Diskoteka<\/span><\/a><a href=\"https:\/\/orasul-timisoara.ro\/?s=iulius+town\"><span>Iulius Town<\/span><\/a><a href=\"https:\/\/orasul-timisoara.ro\/?s=iulius+mall\"><span>Iulius Mall<\/span><\/a><a href=\"https:\/\/orasul-timisoara.ro\/?s=stpt\"><span>STPT<\/span><\/a><a href=\"https:\/\/orasul-timisoara.ro\/?s=alin+nica\"><span>Alin Nica<\/span><\/a><a href=\"https:\/\/orasul-timisoara.ro\/?s=psd\"><span>PSD<\/span><\/a><a href=\"https:\/\/orasul-timisoara.ro\/?s=aeroport\"><span>Aeroportul International Timisoara<\/span><\/a><a href=\"https:\/\/orasul-timisoara.ro\/?s=babes\"><span>Spitalul Victor Babes Timisoara<\/span><\/a><a href=\"https:\/\/orasul-timisoara.ro\/?s=poli\"><span>Poli Timi\u0219oara<\/span><\/a><a href=\"https:\/\/orasul-timisoara.ro\/?s=carantina\"><span>carantina<\/span><\/a><a href=\"https:\/\/orasul-timisoara.ro\/?s=aquatim\"><span>Aquatim<\/span><\/a><a href=\"https:\/\/orasul-timisoara.ro\/local-category\/stiri-timisoara\/\"><span>Stiri Timisoara<\/span><\/a><a href=\"https:\/\/orasul-timisoara.ro\/local-category\/investitii-in-timisoara\/\"><span>Investi\u021bii in Timi\u0219oara<\/span><\/a><a href=\"https:\/\/orasul-timisoara.ro\/local-9463\/\"><span>shaorma<\/span><\/a><a href=\"https:\/\/orasul-timisoara.ro\/?s=trafic\"><span>trafic rutier<\/span><\/a><a href=\"https:\/\/orasul-timisoara.ro\/?s=politia\"><span>politia locala timisoara<\/span><\/a><a href=\"https:\/\/orasul-timisoara.ro\/?s=roxana\"><span>Roxana Iliescu<\/span><\/a><a href=\"https:\/\/orasul-timisoara.ro\/?s=colterm\"><span>Colterm<\/span><\/a><a href=\"https:\/\/orasul-timisoara.ro\/?s=latcau\"><span>Ruben La\u021bc\u0103u<\/span><\/a><a href=\"https:\/\/orasul-timisoara.ro\/?s=timis\"><span>\u0218tiri din Timi\u0219<\/span><\/a><a href=\"https:\/\/orasul-timisoara.ro\/?s=spital\"><span>Spitale din Timi\u0219oara<\/span><\/a><a href=\"https:\/\/orasul-timisoara.ro\/?s=tabara\"><span>Cosmin Tab\u0103r\u0103<\/span><\/a><\/div>\n<\/aside>\n<aside id=\"rss-2\" class=\"td_block_template_8 widget rss-2 widget_rss\">\n<h4 class=\"td-block-title\"><span><a class=\"rsswidget rss-widget-feed\" href=\"https:\/\/fashionfridays.ro\/feed\"><img decoding=\"async\" class=\"rss-widget-icon\" width=\"14\" height=\"14\" src=\"https:\/\/orasul-timisoara.ro\/wp-includes\/images\/rss.png\" alt=\"RSS\" loading=\"lazy\"><\/a><a class=\"rsswidget rss-widget-title\" href=\"https:\/\/fashionfridays.ro\/\">Fashion Fridays<\/a><\/span><\/h4>\n<ul>\n<li><a class=\"rsswidget\" href=\"https:\/\/fashionfridays.ro\/romania-devine-a-29-a-piata-vogue-o-noua-era-pentru-industria-locala-de-moda\/\">Rom\u00e2nia devine a 29-a pia\u021b\u0103 Vogue: o nou\u0103 er\u0103 pentru industria local\u0103 de mod\u0103<\/a>\n<div class=\"rssSummary\">Revista Vogue \u00ee\u0219i extinde prezen\u021ba global\u0103 \u0219i va fi lansat\u0103 oficial \u00een Rom\u00e2nia \u00een prim\u0103vara anului 2027, marc\u00e2nd intrarea pe cea de-a 29-a pia\u021b\u0103 interna\u021bional\u0103. Proiectul este realizat \u00een parteneriat cu AEMME Publishing, o companie media recent \u00eenfiin\u021bat\u0103, care va publica edi\u021bia local\u0103 sub licen\u021b\u0103. Noua edi\u021bie, Vogue Rom\u00e2nia, \u00ee\u0219i propune s\u0103 combine autoritatea global\u0103 [\u2026]<\/div>\n<\/li>\n<\/ul>\n<\/aside>\n<aside id=\"rss-4\" class=\"td_block_template_8 widget rss-4 widget_rss\">\n<h4 class=\"td-block-title\"><span><a class=\"rsswidget rss-widget-feed\" href=\"https:\/\/emasini.ro\/feed\"><img decoding=\"async\" class=\"rss-widget-icon\" width=\"14\" height=\"14\" src=\"https:\/\/orasul-timisoara.ro\/wp-includes\/images\/rss.png\" alt=\"RSS\" loading=\"lazy\"><\/a><a class=\"rsswidget rss-widget-title\" href=\"https:\/\/emasini.ro\/\">eMasini<\/a><\/span><\/h4>\n<ul>\n<li><a class=\"rsswidget\" href=\"https:\/\/emasini.ro\/bmw-testeaza-noul-i4-convertible-primul-cabrio-electric-accesibil-al-marcii\/\">BMW testeaz\u0103 noul i4 Convertible, primul cabrio electric accesibil al m\u0103rcii<\/a>\n<div class=\"rssSummary\">BMW accelereaz\u0103 dezvoltarea noii genera\u021bii de modele electrice bazate pe platforma Neue Klasse, iar unul dintre cele mai interesante proiecte aflate \u00een teste este viitorul BMW i4 Convertible. Prototipul camuflat a fost surprins pe \u0219osele, confirm\u00e2nd c\u0103 produc\u0103torul german preg\u0103te\u0219te o decapotabil\u0103 electric\u0103 destinat\u0103 unui segment \u00een care oferta este, \u00een prezent, extrem de limitat\u0103. [\u2026]<\/div>\n<\/li>\n<\/ul>\n<\/aside>\n<\/div>\n<\/div>\n<\/div>\n<\/div>\n<\/article>\n<div class=\"td-post-content tagdiv-type\">\n<p class=\"wp-block-paragraph\">SCM USV Timi\u0219oara continu\u0103 s\u0103 investeasc\u0103 \u00een juc\u0103tori de perspectiv\u0103 \u0219i a oficializat transferul lui <strong>Sebastien Tofan<\/strong>, unul dintre cei mai promi\u021b\u0103tori rugbi\u0219ti ai noii genera\u021bii din Rom\u00e2nia. Centrul \u00een v\u00e2rst\u0103 de 20 de ani a semnat un contract valabil pentru urm\u0103toarele dou\u0103 sezoane.<\/p>\n<p class=\"wp-block-paragraph\">Tofan revine \u00een Rom\u00e2nia dup\u0103 doi ani petrecu\u021bi \u00een Fran\u021ba, unde a evoluat pentru echipa de speran\u021be (Espoirs) a clubului <strong>USA Perpignan<\/strong>, una dintre forma\u021biile importante din rugby-ul francez.<\/p>\n<h2 class=\"wp-block-heading\">Format la B\u00e2rlad, perfec\u021bionat \u00een Fran\u021ba<\/h2>\n<p class=\"wp-block-paragraph\">N\u0103scut la <strong>2 ianuarie 2006<\/strong>, la <strong>B\u00e2rlad<\/strong>, Sebastien Tofan \u0219i-a \u00eenceput cariera la <strong>CSS B\u00e2rlad<\/strong>, unde a parcurs toate etapele de juniorat p\u00e2n\u0103 la v\u00e2rsta de 18 ani.<\/p>\n<p class=\"wp-block-paragraph\">\u00cen 2024 a f\u0103cut pasul \u00een rugby-ul francez, evolu\u00e2nd pentru forma\u021bia de tineret a celor de la USA Perpignan, experien\u021b\u0103 care i-a oferit posibilitatea de a se dezvolta \u00eentr-un mediu competi\u021bional de \u00eenalt nivel.<\/p>\n<h2 class=\"wp-block-heading\">De ce a ales Timi\u0219oara<\/h2>\n<p class=\"wp-block-paragraph\">Noul juc\u0103tor al campioanei Rom\u00e2niei spune c\u0103 alegerea de a semna cu SCM USV Timi\u0219oara a fost una fireasc\u0103.<\/p>\n<p class=\"wp-block-paragraph\">\u201eA fost o alegere instinctual\u0103. Timi\u0219oara m-a contactat \u0219i mi-a f\u0103cut o ofert\u0103 din 2024, iar acum am semnat. E adev\u0103rat c\u0103 \u00een acest an am fost \u00een negocieri \u0219i cu o alt\u0103 echip\u0103 francez\u0103, Orleans, din Nationale, dar am considerat c\u0103 pentru dezvoltarea carierei mele e mai bine s\u0103 vin aici. \u00cemi doresc s\u0103 joc, s\u0103 ajut echipa \u0219i s\u0103 fac pasul spre na\u021bional\u0103, poate chiar s\u0103 prind Cupa Mondial\u0103 din 2027\u201d, a declarat Sebastien Tofan.<\/p>\n<h2 class=\"wp-block-heading\">A evoluat la toate reprezentativele Rom\u00e2niei<\/h2>\n<p class=\"wp-block-paragraph\">\u00cen ciuda v\u00e2rstei fragede, Sebastien Tofan are deja un parcurs impresionant la nivel interna\u021bional.<\/p>\n<p class=\"wp-block-paragraph\">El a \u00eembr\u0103cat tricoul tuturor reprezentativelor de juniori ale Rom\u00e2niei, a fost <strong>c\u0103pitanul na\u021bionalei U20<\/strong> \u0219i a debutat deja pentru <strong>echipa na\u021bional\u0103 de seniori<\/strong>.<\/p>\n<p class=\"wp-block-paragraph\">Experien\u021ba acumulat\u0103 \u00eel transform\u0103 \u00eentr-unul dintre cei mai promi\u021b\u0103tori juc\u0103tori rom\u00e2ni pe postul de centru.<\/p>\n<h2 class=\"wp-block-heading\">Un transfer important pentru obiectivele Timi\u0219oarei<\/h2>\n<p class=\"wp-block-paragraph\">Prin aducerea lui Sebastien Tofan, SCM USV Timi\u0219oara \u00ee\u0219i consolideaz\u0103 compartimentul liniilor dinapoi \u0219i confirm\u0103 strategia de a combina experien\u021ba cu tinerii juc\u0103tori de mare perspectiv\u0103.<\/p>\n<p class=\"wp-block-paragraph\">Clubul b\u0103n\u0103\u021bean sper\u0103 ca noul transfer s\u0103 contribuie la \u00eendeplinirea obiectivelor din urm\u0103toarele sezoane, at\u00e2t \u00een competi\u021biile interne, c\u00e2t \u0219i \u00een cele interna\u021bionale, iar pentru Tofan aceast\u0103 mutare reprezint\u0103 o nou\u0103 etap\u0103 \u00een drumul spre afirmarea definitiv\u0103 \u00een rugby-ul mare \u0219i, implicit, spre participarea la <strong>Cupa Mondial\u0103 de Rugby din 2027<\/strong>.<\/p>\n<\/div>\n<p>[analyse_source url=&#8221;https:\/\/orasul-timisoara.ro\/local-39948\/&#8221;]<\/p>\n","protected":false},"excerpt":{"rendered":"<p>[analyse_image type=&#8221;featured&#8221; src=&#8221;https:\/\/orasul-timisoara.ro\/wp-content\/uploads\/2026\/07\/759188725_1581188624006637_8024762943929205878_n.jpg&#8221;] Sport LocalSCM USV Timi\u0219oara a transferat unul dintre cei mai promi\u021b\u0103tori rugbi\u0219ti rom\u00e2ni Sport Local \u0218tiri Locale SCM USV Timi\u0219oara a transferat unul dintre cei mai promi\u021b\u0103tori rugbi\u0219ti rom\u00e2ni De c\u0103tre redactia &#8211; 31\/07\/2026 Facebook Twitter WhatsApp Linkedin ReddIt Email Imprimare SCM USV Timi\u0219oara continu\u0103 s\u0103 investeasc\u0103 \u00een juc\u0103tori de perspectiv\u0103 \u0219i [&hellip;]<\/p>\n","protected":false},"author":1,"featured_media":0,"comment_status":"open","ping_status":"","sticky":false,"template":"","format":"standard","meta":{"footnotes":""},"categories":[89],"tags":[226,189],"class_list":["post-2071287","post","type-post","status-publish","format-standard","hentry","category-romania","tag-crawlmanager","tag-orasul-timisoara-ro"],"_links":{"self":[{"href":"https:\/\/analyse.optim.biz\/index.php?rest_route=\/wp\/v2\/posts\/2071287","targetHints":{"allow":["GET"]}}],"collection":[{"href":"https:\/\/analyse.optim.biz\/index.php?rest_route=\/wp\/v2\/posts"}],"about":[{"href":"https:\/\/analyse.optim.biz\/index.php?rest_route=\/wp\/v2\/types\/post"}],"author":[{"embeddable":true,"href":"https:\/\/analyse.optim.biz\/index.php?rest_route=\/wp\/v2\/users\/1"}],"replies":[{"embeddable":true,"href":"https:\/\/analyse.optim.biz\/index.php?rest_route=%2Fwp%2Fv2%2Fcomments&post=2071287"}],"version-history":[{"count":0,"href":"https:\/\/analyse.optim.biz\/index.php?rest_route=\/wp\/v2\/posts\/2071287\/revisions"}],"wp:attachment":[{"href":"https:\/\/analyse.optim.biz\/index.php?rest_route=%2Fwp%2Fv2%2Fmedia&parent=2071287"}],"wp:term":[{"taxonomy":"category","embeddable":true,"href":"https:\/\/analyse.optim.biz\/index.php?rest_route=%2Fwp%2Fv2%2Fcategories&post=2071287"},{"taxonomy":"post_tag","embeddable":true,"href":"https:\/\/analyse.optim.biz\/index.php?rest_route=%2Fwp%2Fv2%2Ftags&post=2071287"}],"curies":[{"name":"wp","href":"https:\/\/api.w.org\/{rel}","templated":true}]}}