{"id":2071245,"date":"2026-07-31T15:27:00","date_gmt":"2026-07-31T12:27:00","guid":{"rendered":"https:\/\/analyse.optim.biz\/?p=2071245"},"modified":"2026-07-31T15:27:00","modified_gmt":"2026-07-31T12:27:00","slug":"sprijin-pentru-proiecte-culturale-si-de-sport-300-000-de-lei-de-la-cj-buzau-pentru-biaf-si-alte-trei-evenimente","status":"publish","type":"post","link":"https:\/\/analyse.optim.biz\/?p=2071245","title":{"rendered":"Sprijin pentru proiecte culturale \u0219i de sport. 300.000 de lei, de la CJ Buz\u0103u, pentru BIAF \u0219i alte trei evenimente"},"content":{"rendered":"<p>[analyse_image type=&#8221;featured&#8221; src=&#8221;https:\/\/www.campusbuzau.ro\/wp-content\/uploads\/2025\/11\/sediul-cj-buzau.jpghttps:\/\/www.campusbuzau.ro\/wp-content\/uploads\/2025\/11\/sediul-cj-buzau.jpg&#8221;]<\/p>\n<div class=\"entry-content\">\n<p><strong><em><mark class=\"has-inline-color has-maincolor-color\">Consiliul Jude\u021bean Buz\u0103u continu\u0103 s\u0103 promoveze patrimoniul cultural \u0219i tradi\u021biile locale prin distribuirea de fonduri pentru organizarea de activit\u0103\u021bi cultural-educative \u00een mai multe zone ale jude\u021bului. \u00cen cadrul \u0219edin\u021bei de s\u0103pt\u0103m\u00e2na trecut\u0103 a institu\u021biei, s-a aprobat participarea Consiliului Jude\u021bean Buz\u0103u, \u00een calitate de partener al unor organiza\u021bii neguvernamentale, la desf\u0103\u0219urarea unor evenimente artistice \u0219i sportive.<\/mark><\/em><\/strong><\/p>\n<p>Un sprijin important va fi acordat Asocia\u021biei Dominium din Bucure\u0219ti. 250.000 de lei este suma alocat\u0103 pentru organizarea celei de-a VI-a edi\u021bii a Festivalului \u201eBuz\u0103ul Interna\u021bional Arts\u201d (BIAF), care va avea loc \u00een perioada 14 august \u2013 11 septembrie 2026. <\/p>\n<figure class=\"wp-block-image size-full is-resized\"><img loading=\"lazy\" decoding=\"async\" width=\"1000\" height=\"604\" src=\"https:\/\/www.campusbuzau.ro\/wp-content\/uploads\/2024\/08\/BIAF-1.jpg\" alt class=\"wp-image-135032\"><\/figure>\n<p>Suma total\u0103 repartizat\u0103 din bugetul Consiliului Jude\u021bean Buz\u0103u pentru organizarea a patru evenimente \u00een jude\u021b se ridic\u0103 la 300.000 de lei. <\/p>\n<figure class=\"wp-block-image size-full is-resized\"><img loading=\"lazy\" decoding=\"async\" width=\"860\" height=\"521\" src=\"https:\/\/www.campusbuzau.ro\/wp-content\/uploads\/2026\/07\/stanciu-si-ciolacu.jpg\" alt class=\"wp-image-156011\"><\/figure>\n<p>\u00cen aceea\u0219i \u0219edin\u021b\u0103 a consiliului, s-a aprobat alocarea de la bugetul jude\u021bului Buz\u0103u a sumei de 200.000 de lei, pentru ac\u021biuni umanitare \u0219i educative derulate sub egida Funda\u021biei \u201eCommunitas Buz\u0103u\u201d. <\/p>\n<p>Funda\u021bia \u201eCommunitas Buz\u0103u\u201d, condus\u0103 de Oana Gheorghiu, viceprimar al municipiului Buz\u0103u, deruleaz\u0103 at\u00e2t campanii umanitare, c\u00e2t \u0219i educative, \u00een parteneriat cu alte institu\u021bii publice locale.<\/p>\n<\/div>\n<p>[analyse_source url=&#8221;https:\/\/www.campusbuzau.ro\/sprijin-pentru-proiecte-culturale-si-de-sport-300-000-de-lei-de-la-cj-buzau-pentru-biaf-si-alte-trei-evenimente\/&#8221;]<\/p>\n","protected":false},"excerpt":{"rendered":"<p>[analyse_image type=&#8221;featured&#8221; src=&#8221;https:\/\/www.campusbuzau.ro\/wp-content\/uploads\/2025\/11\/sediul-cj-buzau.jpghttps:\/\/www.campusbuzau.ro\/wp-content\/uploads\/2025\/11\/sediul-cj-buzau.jpg&#8221;] Consiliul Jude\u021bean Buz\u0103u continu\u0103 s\u0103 promoveze patrimoniul cultural \u0219i tradi\u021biile locale prin distribuirea de fonduri pentru organizarea de activit\u0103\u021bi cultural-educative \u00een mai multe zone ale jude\u021bului. \u00cen cadrul \u0219edin\u021bei de s\u0103pt\u0103m\u00e2na trecut\u0103 a institu\u021biei, s-a aprobat participarea Consiliului Jude\u021bean Buz\u0103u, \u00een calitate de partener al unor organiza\u021bii neguvernamentale, la desf\u0103\u0219urarea unor evenimente [&hellip;]<\/p>\n","protected":false},"author":1,"featured_media":0,"comment_status":"open","ping_status":"","sticky":false,"template":"","format":"standard","meta":{"footnotes":""},"categories":[2],"tags":[118,226],"class_list":["post-2071245","post","type-post","status-publish","format-standard","hentry","category-politics","tag-campusbuzau-ro","tag-crawlmanager"],"_links":{"self":[{"href":"https:\/\/analyse.optim.biz\/index.php?rest_route=\/wp\/v2\/posts\/2071245","targetHints":{"allow":["GET"]}}],"collection":[{"href":"https:\/\/analyse.optim.biz\/index.php?rest_route=\/wp\/v2\/posts"}],"about":[{"href":"https:\/\/analyse.optim.biz\/index.php?rest_route=\/wp\/v2\/types\/post"}],"author":[{"embeddable":true,"href":"https:\/\/analyse.optim.biz\/index.php?rest_route=\/wp\/v2\/users\/1"}],"replies":[{"embeddable":true,"href":"https:\/\/analyse.optim.biz\/index.php?rest_route=%2Fwp%2Fv2%2Fcomments&post=2071245"}],"version-history":[{"count":0,"href":"https:\/\/analyse.optim.biz\/index.php?rest_route=\/wp\/v2\/posts\/2071245\/revisions"}],"wp:attachment":[{"href":"https:\/\/analyse.optim.biz\/index.php?rest_route=%2Fwp%2Fv2%2Fmedia&parent=2071245"}],"wp:term":[{"taxonomy":"category","embeddable":true,"href":"https:\/\/analyse.optim.biz\/index.php?rest_route=%2Fwp%2Fv2%2Fcategories&post=2071245"},{"taxonomy":"post_tag","embeddable":true,"href":"https:\/\/analyse.optim.biz\/index.php?rest_route=%2Fwp%2Fv2%2Ftags&post=2071245"}],"curies":[{"name":"wp","href":"https:\/\/api.w.org\/{rel}","templated":true}]}}