{"id":2071243,"date":"2026-07-31T15:46:00","date_gmt":"2026-07-31T12:46:00","guid":{"rendered":"https:\/\/analyse.optim.biz\/?p=2071243"},"modified":"2026-07-31T15:46:00","modified_gmt":"2026-07-31T12:46:00","slug":"va-fi-inaugurat-pe-1-decembrie-centrul-expozitional-de-pe-b-dul-unirii-mai-asteapta-mobilierul","status":"publish","type":"post","link":"https:\/\/analyse.optim.biz\/?p=2071243","title":{"rendered":"Va fi inaugurat pe 1 Decembrie. Centrul expozi\u021bional de pe B-dul Unirii mai a\u0219teapt\u0103 mobilierul"},"content":{"rendered":"<p>[analyse_image type=&#8221;featured&#8221; src=&#8221;https:\/\/www.campusbuzau.ro\/wp-content\/uploads\/2025\/08\/biblioteca-exterior.jpghttps:\/\/www.campusbuzau.ro\/wp-content\/uploads\/2025\/08\/biblioteca-exterior.jpg&#8221;]<\/p>\n<div class=\"entry-content\">\n<p><strong><em><mark class=\"has-inline-color has-maincolor-color\">Buzoienii mai au de a\u0219teptat c\u00e2teva luni p\u00e2n\u0103 c\u00e2nd vor putea vizita Centrul Expozi\u021bional, Cultural \u0219i Turistic, amenajat \u00een cl\u0103direa de pe B-dul Unirii din Buz\u0103u, \u00een care a func\u021bionat Biblioteca Jude\u021bean\u0103 \u201eVasile Voiculescu\u201d.<\/mark><\/em><\/strong><\/p>\n<p>Cu toate c\u0103 recep\u021bia final\u0103 a construc\u021biei a avut loc vara trecut\u0103, \u00eenc\u0103 se mai lucreaz\u0103 la amenajarea interioar\u0103.<\/p>\n<p>Marcel Ciolacu, pre\u0219edintele Consiliului Jude\u021bean Buz\u0103u, spune c\u0103 noul obiectiv va fi inaugurat printr-un eveniment special dedicat Zilei Na\u021bionale a Rom\u00e2niei.<\/p>\n<p>Conducerea Consiliului Jude\u021bean Buz\u0103u anun\u021b\u0103 c\u0103 luna viitoare se va finaliza \u0219i procedura de achizi\u021bie a mobilierului, ultimul pas \u00eenainte ca obiectivul s\u0103 intre \u00een circuitul turistic al jude\u021bului.<\/p>\n<p>Dintre toate \u00eenc\u0103perile noului centru, se eviden\u021biaz\u0103 cele \u00een care au fost amenajate replici ale unor fa\u021bade de locuin\u021be specifice zonei rurale a Buz\u0103ului. <\/p>\n<figure class=\"wp-block-image size-full is-resized\"><img loading=\"lazy\" decoding=\"async\" width=\"800\" height=\"450\" src=\"https:\/\/www.campusbuzau.ro\/wp-content\/uploads\/2025\/08\/casa.jpg\" alt class=\"wp-image-145589\"><\/figure>\n<p>Peste 20 de milioane de lei a costat reabilitarea cl\u0103dirii de patrimoniu, veche de 112 ani. Din cauza cre\u0219terii pre\u021burilor la materialele de construc\u021bii \u0219i a necesit\u0103\u021bii unor lucr\u0103ri suplimentare la structura cl\u0103dirii, bugetul a fost majorat cu aproximativ 2 milioane de lei.<\/p>\n<p>Proiectul a fost realizat \u00een mare parte din fonduri europene nerambursabile, completat cu o cofinan\u021bare de la bugetul propriu al Consiliului Jude\u021bean Buz\u0103u.<\/p>\n<\/div>\n<p>[analyse_source url=&#8221;https:\/\/www.campusbuzau.ro\/va-fi-inaugurat-pe-1-decembrie-centrul-expozitional-de-pe-b-dul-unirii-mai-asteapta-mobilierul\/&#8221;]<\/p>\n","protected":false},"excerpt":{"rendered":"<p>[analyse_image type=&#8221;featured&#8221; src=&#8221;https:\/\/www.campusbuzau.ro\/wp-content\/uploads\/2025\/08\/biblioteca-exterior.jpghttps:\/\/www.campusbuzau.ro\/wp-content\/uploads\/2025\/08\/biblioteca-exterior.jpg&#8221;] Buzoienii mai au de a\u0219teptat c\u00e2teva luni p\u00e2n\u0103 c\u00e2nd vor putea vizita Centrul Expozi\u021bional, Cultural \u0219i Turistic, amenajat \u00een cl\u0103direa de pe B-dul Unirii din Buz\u0103u, \u00een care a func\u021bionat Biblioteca Jude\u021bean\u0103 \u201eVasile Voiculescu\u201d. Cu toate c\u0103 recep\u021bia final\u0103 a construc\u021biei a avut loc vara trecut\u0103, \u00eenc\u0103 se mai lucreaz\u0103 la amenajarea [&hellip;]<\/p>\n","protected":false},"author":1,"featured_media":0,"comment_status":"open","ping_status":"","sticky":false,"template":"","format":"standard","meta":{"footnotes":""},"categories":[2],"tags":[118,226],"class_list":["post-2071243","post","type-post","status-publish","format-standard","hentry","category-politics","tag-campusbuzau-ro","tag-crawlmanager"],"_links":{"self":[{"href":"https:\/\/analyse.optim.biz\/index.php?rest_route=\/wp\/v2\/posts\/2071243","targetHints":{"allow":["GET"]}}],"collection":[{"href":"https:\/\/analyse.optim.biz\/index.php?rest_route=\/wp\/v2\/posts"}],"about":[{"href":"https:\/\/analyse.optim.biz\/index.php?rest_route=\/wp\/v2\/types\/post"}],"author":[{"embeddable":true,"href":"https:\/\/analyse.optim.biz\/index.php?rest_route=\/wp\/v2\/users\/1"}],"replies":[{"embeddable":true,"href":"https:\/\/analyse.optim.biz\/index.php?rest_route=%2Fwp%2Fv2%2Fcomments&post=2071243"}],"version-history":[{"count":0,"href":"https:\/\/analyse.optim.biz\/index.php?rest_route=\/wp\/v2\/posts\/2071243\/revisions"}],"wp:attachment":[{"href":"https:\/\/analyse.optim.biz\/index.php?rest_route=%2Fwp%2Fv2%2Fmedia&parent=2071243"}],"wp:term":[{"taxonomy":"category","embeddable":true,"href":"https:\/\/analyse.optim.biz\/index.php?rest_route=%2Fwp%2Fv2%2Fcategories&post=2071243"},{"taxonomy":"post_tag","embeddable":true,"href":"https:\/\/analyse.optim.biz\/index.php?rest_route=%2Fwp%2Fv2%2Ftags&post=2071243"}],"curies":[{"name":"wp","href":"https:\/\/api.w.org\/{rel}","templated":true}]}}