{"id":207115,"date":"2014-04-25T05:56:44","date_gmt":"2014-04-25T02:56:44","guid":{"rendered":"https:\/\/analyse.optim.biz\/?p=207115"},"modified":"2014-04-25T05:56:44","modified_gmt":"2014-04-25T02:56:44","slug":"tariceanu-a-renuntat-la-ideea-de-a-si-face-partid-pentru-a-nu-diminua-scorul-pnl-la-europarlamentare","status":"publish","type":"post","link":"https:\/\/analyse.optim.biz\/?p=207115","title":{"rendered":"T\u0103riceanu a renun\u021bat la ideea de a-\u0219i face partid pentru a nu diminua scorul PNL la europarlamentare"},"content":{"rendered":"<div class=\"entry data-app-meta data-app-meta-article\" data-embed-base-url-canonical=\"https:\/\/www.digi24.ro\/embed\/stiri\/actualitate\/politica\/tariceanu-a-renuntat-la-ideea-de-a-si-face-partid-pentru-a-nu-diminua-scorul-pnl-la-europarlamentare-234371\">\n<p data-index=\"1\">Invitat la <a href=\"https:\/\/www.digi24.ro\/Emisiuni\/Digi24\/Jurnalul+de+Seara\/\" target=\"_blank\" data-skip-linkfix=\"1\" rel=\"noopener\"><strong>emisiunea \u201eJurnalul de Sear\u0103\u201d<\/strong><\/a> de la <strong>Digi24<\/strong>, pre\u015fedintele Senatului a explicat c\u0103 drumul <strong>Partidului Na\u0163ional Liberal<\/strong> este al\u0103turi de PSD \u00een USL. Acesta a reiterat necesitatea refacerii alian\u0163ei, dac\u0103 liberalii nu vor s\u0103 ajung\u0103 \u201e\u00een bra\u0163ele lui <strong>Traian B\u0103sescu<\/strong>\u201d.<\/p>\n<p data-index=\"2\">\u00cen ceea ce prive\u015fte candidatura sa la preziden\u0163iale, <strong>C\u0103lin Popescu T\u0103riceanu<\/strong> nu a exclus complet aceast\u0103 posibilitate, dar spune c\u0103 decizia o va lua mai t\u00e2rziu. <\/p>\n<p data-index=\"3\">\u201eVoi lua decizia \u00een func\u021bie de ce voi reu\u0219i s\u0103 fac. F\u0103r\u0103 o coagulare a unor for\u021be politice \u00een Rom\u00e2nia, azi niciun lider politic nu \u00ee\u0219i poate imagina s\u0103 c\u00e2\u0219tige alegerile\u201d, consider\u0103 pre\u0219edintele Senatului.<\/p>\n<p data-index=\"4\">\u00cen opinia sa, PNL nu are<em> \u201en\u201d<\/em> op\u021biuni. \u201eAre op\u021biunea actual\u0103, de partid de opozi\u021bie, care se duce \u00eencet- \u00eencet \u0219i cade \u00een final \u00een bra\u021bele lui Traian B\u0103sescu, care abia a\u0219teapt\u0103. \u0218i cealalt\u0103 op\u021biune e de <a href=\"https:\/\/www.digi24.ro\/Stiri\/Digi24\/Actualitate\/Politica\/Tariceanu+obligatia+refacerii+USL+deconturi+politice\" target=\"_blank\" data-skip-linkfix=\"1\" rel=\"noopener\">a reface USL<\/a>\u201d, a declarat C\u0103lin Popescu T\u0103riceanu la Digi24.<\/p>\n<p data-index=\"5\">El spune c\u0103 situa\u021bia actual\u0103 \u0219i evolu\u021bia PNL nu \u00eel las\u0103 indiferent. Fostul liberal a repetat c\u0103 are surse \u00een partid care \u00eei confirm\u0103 o nemul\u021bumire cresc\u00e2nd\u0103 la adresa conducerii, pe fondul unor<strong> sondaje interne<\/strong> care ar indica rezultate slabe la <a href=\"https:\/\/www.digi24.ro\/Stiri\/Digi24\/Actualitate\/Politica\/25+mai+zi+de+alegeri+in+Romania\" target=\"_blank\" data-skip-linkfix=\"1\" rel=\"noopener\">alegerile europarlamentare<\/a>.<\/p>\n<p data-index=\"6\">\u201eDiminuarea \u0219anselor la alegerile pentru Parlamentul European m-a determinat s\u0103 renun\u021b la crearea unui partid care s\u0103 se implice \u00een campania electoral\u0103\u201d, a ar\u0103tat fostul liberal.<\/p>\n<p data-index=\"7\">C\u0103lin Popescu T\u0103riceanu<a href=\"https:\/\/www.digi24.ro\/Stiri\/Digi24\/Actualitate\/Politica\/Calin+Popescu+Tariceanu+a+demisionat+din+PNL\" target=\"_blank\" data-skip-linkfix=\"1\" rel=\"noopener\"> a demisionat din PNL<\/a> la pu\u021bin timp dup\u0103 ruperea USL, la sf\u00e2r\u0219itul lunii februarie, \u0219i a anun\u021bat c\u0103 \u00ee\u0219i va face <a href=\"https:\/\/www.digi24.ro\/Stiri\/Digi24\/Actualitate\/Politica\/Un+singur+parlamentar+liberal+l-a+urmat+pe+C+P+Tariceanu+in+noul\" target=\"_blank\" data-skip-linkfix=\"1\" rel=\"noopener\">un nou partid<\/a>. Ulterior, a lansat Platforma Economic\u0103 Liberal\u0103, un proiect-program politic care \u00ee\u0219i propune s\u0103 coaguleze punctele de vedere liberale.<\/p>\n<\/div>\n<p> Source URL: https:\/\/www.digi24.ro\/stiri\/actualitate\/politica\/tariceanu-a-renuntat-la-ideea-de-a-si-face-partid-pentru-a-nu-diminua-scorul-pnl-la-europarlamentare-234371<\/p>\n","protected":false},"excerpt":{"rendered":"<p>Invitat la emisiunea \u201eJurnalul de Sear\u0103\u201d de la Digi24, pre\u015fedintele Senatului a explicat c\u0103 drumul Partidului Na\u0163ional Liberal este al\u0103turi de PSD \u00een USL. Acesta a reiterat necesitatea refacerii alian\u0163ei, dac\u0103 liberalii nu vor s\u0103 ajung\u0103 \u201e\u00een bra\u0163ele lui Traian B\u0103sescu\u201d. \u00cen ceea ce prive\u015fte candidatura sa la preziden\u0163iale, C\u0103lin Popescu T\u0103riceanu nu a exclus [&hellip;]<\/p>\n","protected":false},"author":1,"featured_media":207116,"comment_status":"open","ping_status":"","sticky":false,"template":"","format":"standard","meta":{"footnotes":""},"categories":[2],"tags":[11],"class_list":["post-207115","post","type-post","status-publish","format-standard","has-post-thumbnail","hentry","category-politics","tag-digi24"],"_links":{"self":[{"href":"https:\/\/analyse.optim.biz\/index.php?rest_route=\/wp\/v2\/posts\/207115","targetHints":{"allow":["GET"]}}],"collection":[{"href":"https:\/\/analyse.optim.biz\/index.php?rest_route=\/wp\/v2\/posts"}],"about":[{"href":"https:\/\/analyse.optim.biz\/index.php?rest_route=\/wp\/v2\/types\/post"}],"author":[{"embeddable":true,"href":"https:\/\/analyse.optim.biz\/index.php?rest_route=\/wp\/v2\/users\/1"}],"replies":[{"embeddable":true,"href":"https:\/\/analyse.optim.biz\/index.php?rest_route=%2Fwp%2Fv2%2Fcomments&post=207115"}],"version-history":[{"count":0,"href":"https:\/\/analyse.optim.biz\/index.php?rest_route=\/wp\/v2\/posts\/207115\/revisions"}],"wp:featuredmedia":[{"embeddable":true,"href":"https:\/\/analyse.optim.biz\/index.php?rest_route=\/wp\/v2\/media\/207116"}],"wp:attachment":[{"href":"https:\/\/analyse.optim.biz\/index.php?rest_route=%2Fwp%2Fv2%2Fmedia&parent=207115"}],"wp:term":[{"taxonomy":"category","embeddable":true,"href":"https:\/\/analyse.optim.biz\/index.php?rest_route=%2Fwp%2Fv2%2Fcategories&post=207115"},{"taxonomy":"post_tag","embeddable":true,"href":"https:\/\/analyse.optim.biz\/index.php?rest_route=%2Fwp%2Fv2%2Ftags&post=207115"}],"curies":[{"name":"wp","href":"https:\/\/api.w.org\/{rel}","templated":true}]}}