{"id":2071125,"date":"2026-07-31T00:00:00","date_gmt":"2026-07-30T21:00:00","guid":{"rendered":"https:\/\/analyse.optim.biz\/?p=2071125"},"modified":"2026-07-31T00:00:00","modified_gmt":"2026-07-30T21:00:00","slug":"au-fost-mobilizate-ieri-echipajele-de-politie-si-jandarmerie-in-nordul-judetului-vrancea-pentru-nunta-anului-de-la-laguna-verde","status":"publish","type":"post","link":"https:\/\/analyse.optim.biz\/?p=2071125","title":{"rendered":"Au fost mobilizate, ieri, echipajele de poli\u021bie \u0219i jandarmerie \u00een nordul jude\u021bului Vrancea pentru \u201enunta anului\u201d de la Laguna Verde?"},"content":{"rendered":"<p>[analyse_image type=&#8221;featured&#8221; src=&#8221;https:\/\/zdvi.cname.ro\/_\/au-fost-mobilizate-ieri-echipajele-de-politie-si-jandarmerie-in-nordul-judetului-vrancea-pentru-nunta-anului-de-la-laguna-verde\/mediaPool\/uQ1yFnw.jpg&#8221;]<\/p>\n<div class=\"main-content detaliu-articol\"><a class=\"titlu-cat-list\" href=\"https:\/\/ziaruldevrancea.ro\/actualitatea\/stiri-locale\">Local<\/a><\/p>\n<h1>Au fost mobilizate, ieri, echipajele de poli\u021bie \u0219i jandarmerie \u00een nordul jude\u021bului Vrancea pentru \u201enunta anului\u201d de la Laguna Verde?<\/h1>\n<div class=\"date-articol clearfix\">\n<div class=\"distribuie-articol dropdown\">\n    Distribuie: \u00a0<br \/>\n    <em>|<\/em><\/div>\n<div class=\"autor-articol\"><a href=\"https:\/\/ziaruldevrancea.ro\/autor\/radu-tomescu\/\"><img decoding=\"async\" class=\"img-circle\" src=\"https:\/\/zdvi.cname.ro\/50_50\/articleAuthor\/radu-tomescu\/articleAuthor\/ucx2Ggg.PNG\" alt><\/a><\/p>\n<h5><a href=\"https:\/\/ziaruldevrancea.ro\/autor\/radu-tomescu\/\">Radu Tomescu<\/a><\/h5>\n<div class=\"grup-spatiere\"><span class=\"cu-spatiere\">31 iul 2026<\/span><span class=\"cu-spatiere\">4316 vizualiz\u0103ri<\/span><\/div>\n<\/div>\n<\/div>\n<div class=\"poza-mare\"><a href class=\"openGallery\"><img decoding=\"async\" class=\"img-responsive\" src=\"https:\/\/zdvi.cname.ro\/850_530\/au-fost-mobilizate-ieri-echipajele-de-politie-si-jandarmerie-in-nordul-judetului-vrancea-pentru-nunta-anului-de-la-laguna-verde\/article\/mediaPool\/uQ1yFnw.jpg\" alt=\"Foto:arhiva ZdV.Credit foto:alba24.ro\"><\/a><\/p>\n<div class=\"caption-poza\">Foto:arhiva ZdV.Credit foto:alba24.ro<\/div>\n<\/div>\n<p>\u200b<strong>Prezen\u021ba masiv\u0103 a for\u021belor de ordine \u00een zonele Adjudu Vechi, Lespezi \u0219i Homocea a st\u00e2rnit \u00eentreb\u0103ri \u00een r\u00e2ndul localnicilor. IPJ Vrancea vorbe\u0219te despre activit\u0103\u021bi pentru men\u021binerea ordinii publice, iar informa\u021biile disponibile indic\u0103 faptul c\u0103 \u00een aceea\u0219i zi, \u00een apropiere de Homocea, era organizat\u0103 o nunt\u0103 de amploare.<\/strong><\/p>\n<p><strong>De ce au fost mobilizate numeroase echipaje de poli\u021bie \u0219i jandarmerie \u00een nordul jude\u021bului Vrancea? IPJ explic\u0103, iar indiciile duc spre o nunt\u0103 cu sute de invita\u021bi<\/strong><\/p>\n<p>Prezen\u021ba unui num\u0103r mare de echipaje ale Poli\u021biei \u0219i Jandarmeriei, inclusiv patrule \u00eenso\u021bite de c\u00e2ini de urm\u0103, observat\u0103 joi, 30 iulie 2026, \u00een zonele Adjudu Vechi, Lespezi \u0219i Homocea, a atras aten\u021bia locuitorilor din nordul jude\u021bului Vrancea.<\/p>\n<p>\u00cen jurul orei 19:00, redac\u021bia <strong>Ziarului de Vrancea<\/strong> a fost sesizat\u0103 de un cititor care a semnalat desf\u0103\u0219urarea de efective \u00een aceste localit\u0103\u021bi, precum \u0219i prezen\u021ba unui num\u0103r mare de persoane \u0219i autoturisme \u00een zon\u0103.<\/p>\n<p>\u00cen urma sesiz\u0103rii, la ora 19:28, redac\u021bia a solicitat oficial Inspectoratului de Poli\u021bie Jude\u021bean Vrancea informa\u021bii privind motivul mobiliz\u0103rii.<\/p>\n<p><strong>R\u0103spunsul transmis de IPJ Vrancea<\/strong><\/p>\n<p>La ora 19:50, purt\u0103torul de cuv\u00e2nt al IPJ Vrancea a transmis urm\u0103torul r\u0103spuns:<\/p>\n<blockquote>\n<p><strong>\u201ePoli\u021bi\u0219tii \u0219i jandarmii desf\u0103\u0219oar\u0103 activit\u0103\u021bi pentru men\u021binerea \u0219i asigurarea ordinii \u0219i siguran\u021bei publice \u00een jude\u021bul Vrancea.\u201d<\/strong><\/p>\n<\/blockquote>\n<p>Institu\u021bia nu a oferit alte detalii privind opera\u021biunea sau eventuale incidente care s\u0103 fi impus desf\u0103\u0219urarea de efective.<\/p>\n<p><strong>Informa\u021biile disponibile indic\u0103 organizarea unei nun\u021bi de amploare<\/strong><\/p>\n<p>Ulterior r\u0103spunsului primit de la IPJ Vrancea, <strong>Ziarul de Vrancea<\/strong> a identificat o posibil\u0103 explica\u021bie pentru prezen\u021ba consistent\u0103 a for\u021belor de ordine \u00een zon\u0103.<\/p>\n<p><img decoding=\"async\" alt src=\"https:\/\/zdvi.cname.ro\/_\/mediaPool-file\/mediaPool\/unipu2c.jpg\"><\/p>\n<p><strong>Foto:Contul de facebook\u00a0<\/strong><a href=\"https:\/\/www.facebook.com\/alin.hangu.9?__cft__%5B0%5D=AZb_gwAoGF5djxrbOfXfNGqDpg6HuyoLsccPE5Fm0GEt4cqM3WGm08OMJkyhLVvRbQJQYRANkmq1QNgqksDSqNApVvLepRnCgmtjeWELwigDXfRgwLYR2YjpunCpLUzFcgRa56fUIEnJ4De372A1AXHNyOcPdHxEKl_EPgQV-HtNiA&amp;__tn__=-UC%2CP-R\" target=\"_blank\"><strong>Alin Hangu<\/strong><\/a><\/p>\n<iframe loading=\"lazy\" frameborder height=\"560\" scrolling=\"no\" src=\"https:\/\/www.youtube.com\/embed\/JHH_2QoL3DA?si=zHgg4iA5kHlNgQv5\" width=\"100%\"><\/iframe>\n<p>Tot joi, 30 iulie 2026, la complexul <strong>Laguna Verde<\/strong>, situat \u00een apropierea comunei Homocea, a fost organizat\u0103 nunta lui <strong>Alin \u0219i Lenu\u021ba Hangu<\/strong>, eveniment anun\u021bat public \u00eenc\u0103 din 8 mai 2026.<\/p>\n<p>Pe contul de Facebook al mirelui era publicat\u0103 invita\u021bia c\u0103tre participan\u021bi, \u00eenso\u021bit\u0103 de un site dedicat evenimentului, unde erau prezentate programul, loca\u021bia \u0219i alte detalii privind organizarea nun\u021bii.<\/p>\n<p>Potrivit informa\u021biilor publicate pe site-ul evenimentului, petrecerea urma s\u0103 aib\u0103 loc la <strong>Laguna Verde<\/strong>, descris\u0103 drept o loca\u021bie aflat\u0103 \u00een apropiere de Homocea, \u00eenconjurat\u0103 de natur\u0103 \u0219i lacuri.<\/p>\n<p><strong>Organizare ampl\u0103 \u0219i invita\u021bi din numeroase jude\u021be<\/strong><\/p>\n<p>Site-ul dedicat nun\u021bii prezenta o organizare neobi\u0219nuit de ampl\u0103 pentru un eveniment privat.<\/p>\n<p>Printre informa\u021biile f\u0103cute publice se reg\u0103seau:<\/p>\n<ul>\n<li>47 de familii de na\u0219i;<\/li>\n<li>reprezentan\u021bi din 31 de jude\u021be \u0219i localit\u0103\u021bi;<\/li>\n<li>posibilitatea identific\u0103rii na\u0219ilor dup\u0103 jude\u021b.<\/li>\n<li><img decoding=\"async\" alt src=\"https:\/\/zdvi.cname.ro\/_\/mediaPool-file\/mediaPool\/uuf5EY5.jpg\"><\/li>\n<\/ul>\n<p><strong>Foto:nunta-alin-leny.ro<\/strong><\/p>\n<p>\u00centre familiile prezentate apare \u0219i <strong>Cosmin &amp; Larisa Petrea<\/strong>, la categoria Vrancea. Din informa\u021biile aflate de redac\u021bie, Cosmin Petrea este unul dintre fiii primarului comunei Homocea, Vasile Petrea.<\/p>\n<p><strong>Peste 30 de arti\u0219ti anun\u021ba\u021bi \u00eenaintea evenimentului<\/strong><\/p>\n<p>Cu o zi \u00eenaintea nun\u021bii, pe 29 iulie 2026, pe pagina de Facebook a mirelui au fost publicate mai multe mesaje privind arti\u0219tii confirma\u021bi pentru eveniment.<\/p>\n<p>Organizatorii anun\u021bau participarea a peste 30 de interpre\u021bi \u0219i forma\u021bii, printre care:<\/p>\n<ul>\n<li>Narcis de la B\u0103rbule\u0219ti;<\/li>\n<li>Prin\u021besa de Aur;<\/li>\n<li>Nykoas Prym;<\/li>\n<li>Mary Talent;<\/li>\n<li>Ionu\u021b Manelistu;<\/li>\n<li>Coco\u0219 de la C\u0103l\u0103ra\u0219i;<\/li>\n<li>Marian de la B\u00e2rlad.<\/li>\n<\/ul>\n<p>\u00cen toate mesajele era precizat c\u0103 evenimentul urma s\u0103 reuneasc\u0103 peste 30 de arti\u0219ti \u0219i numeroase momente muzicale desf\u0103\u0219urate p\u00e2n\u0103 diminea\u021b\u0103.<\/p>\n<p><strong>Mobilizarea for\u021belor de ordine, f\u0103r\u0103 confirmarea unei leg\u0103turi directe<\/strong><\/p>\n<p>La acest moment, <strong>IPJ Vrancea nu a confirmat oficial existen\u021ba unei leg\u0103turi \u00eentre dispozitivul de ordine public\u0103 \u0219i desf\u0103\u0219urarea nun\u021bii organizate la Laguna Verde<\/strong>.<\/p>\n<p>Singura pozi\u021bie oficial\u0103 transmis\u0103 redac\u021biei r\u0103m\u00e2ne aceea c\u0103 poli\u021bi\u0219tii \u0219i jandarmii au desf\u0103\u0219urat activit\u0103\u021bi pentru men\u021binerea \u0219i asigurarea ordinii \u0219i siguran\u021bei publice \u00een jude\u021b.<\/p>\n<p>Av\u00e2nd \u00een vedere amploarea evenimentului, num\u0103rul mare de invita\u021bi, fluxul important de autoturisme \u0219i participarea unui num\u0103r ridicat de arti\u0219ti, este posibil ca autorit\u0103\u021bile s\u0103 fi adoptat m\u0103suri preventive pentru asigurarea ordinii publice \u0219i a siguran\u021bei participan\u021bilor. Totu\u0219i, aceast\u0103 ipotez\u0103 <strong>nu a fost confirmat\u0103 oficial<\/strong> de Inspectoratul de Poli\u021bie Jude\u021bean Vrancea.<\/p>\n<p>Redac\u021bia <strong>Ziarului de Vrancea<\/strong> va reveni cu informa\u021bii suplimentare dac\u0103 autorit\u0103\u021bile vor comunica noi detalii privind dispozitivul desf\u0103\u0219urat joi \u00een nordul jude\u021bului.<\/p>\n<p><strong>Radu Tomescu<\/strong><\/p>\n<hr>\n<div class=\"bloc-widget widget-rosu\">\n<p>\u00cen lipsa unui acord scris din partea Ziarului de Vrancea, pute\u0163i prelua maxim 500 de caractere din acest articol dac\u0103 preciza\u0163i sursa \u015fi insera\u0163i vizibil link-ul articolului:\u00a0<span>#insertcurrentlinkhere<\/span><\/p>\n<\/div>\n<div class=\"extra-articol listing-anunturi\">\n<h6>Anun\u021buri <span class=\"text-primary\">ZdV<\/span> Premium<\/h6>\n<div class=\"row\">\n<div class=\"col-lg-4 col-md-6 bloc-egal\"><a class=\"card-anunt\" href=\"https:\/\/ziaruldevrancea.ro\/anunturi\/imobiliare\/vanzari-terenuri\/vand-teren-in-panciu\"><strong class=\"titlu\">V\u00e2nz\u0103ri terenuri<\/strong><span class=\"text-anunt\">Teren Panciu 1170 mp, cu num\u0103r cas\u0103, ap\u0103&#8230;<\/span><span class=\"data-anunt\">29.07.2026  <\/span><\/a><\/div>\n<div class=\"col-lg-4 col-md-6 bloc-egal\"><a class=\"card-anunt\" href=\"https:\/\/ziaruldevrancea.ro\/anunturi\/altele\/anulare-acte\/vand-scrumbii-afumate-capturi-dunare\"><strong class=\"titlu\">Vanzari diverse<\/strong><span class=\"text-anunt\">Pret : 117 lei \/ kg . \u00a0 Este&#8230;<\/span><span class=\"data-anunt\">29.07.2026 , Gala\u021bi , Gala\u021bi<\/span><\/a><\/div>\n<div class=\"col-lg-4 col-md-6 bloc-egal\"><a class=\"card-anunt\" href=\"https:\/\/ziaruldevrancea.ro\/anunturi\/necrolog\/decese\/dumnezeu-sa-o-aseze-in-randul-celor-drepti\"><strong class=\"titlu\">Decese<\/strong><span class=\"text-anunt\">Cu profund\u0103 durere, familia anun\u021b\u0103 trecerea la&#8230;<\/span><span class=\"data-anunt\">28.07.2026  <\/span><\/a><\/div>\n<\/div>\n<\/div>\n<div class=\"extra-articol alte-articole\">\n<div class=\"row\">\n<div class=\"col-lg-6 bloc-egal\">\n<div class=\"card articol-listing\">\n<h6>\u00cen categoria <a href=\"https:\/\/ziaruldevrancea.ro\/actualitatea\/stiri-locale\">Local<\/a><\/h6>\n<div class=\"grup-articol-listing\">\n<div class=\"cont-pils\"><a href=\"https:\/\/ziaruldevrancea.ro\/actualitatea\/stiri-locale\/foto-pompierii-isu-vrancea-au-dus-lectii-de-siguranta-in-gura-calitei\"><img decoding=\"async\" src=\"https:\/\/zdvi.cname.ro\/180_135\/actualitatea\/stiri-locale\/foto-pompierii-isu-vrancea-au-dus-lectii-de-siguranta-in-gura-calitei\/mediaPool\/unTARgF.jpeg\" class=\"img-responsive img-180\" alt><\/a><\/div>\n<h2><a class=\"link-titlu\" href=\"https:\/\/ziaruldevrancea.ro\/actualitatea\/stiri-locale\/foto-pompierii-isu-vrancea-au-dus-lectii-de-siguranta-in-gura-calitei\">Foto | Pompierii ISU Vrancea au dus lec\u021bii de siguran\u021b\u0103 \u00een Gura Cali\u021bei<\/a><\/h2>\n<div class=\"date-post\"><a href=\"https:\/\/ziaruldevrancea.ro\/autor\/petre-paraschiv\">Petre Paraschiv<\/a>, 31 iul 2026  <\/div>\n<\/div>\n<div class=\"grup-articol-listing\">\n<div class=\"cont-pils\"><a href=\"https:\/\/ziaruldevrancea.ro\/actualitatea\/stiri-locale\/vrancea-soferii-cu-permis-categoria-b-care-fac-transport-contra-cost-trebuie-sa-obtina-un-document-obligatoriu.\"><img decoding=\"async\" src=\"https:\/\/zdvi.cname.ro\/180_135\/actualitatea\/stiri-locale\/vrancea-soferii-cu-permis-categoria-b-care-fac-transport-contra-cost-trebuie-sa-obtina-un-document-obligatoriu.\/mediaPool\/uABp3Hl.jpg\" class=\"img-responsive img-180\" alt><\/a><\/div>\n<h2><a class=\"link-titlu\" href=\"https:\/\/ziaruldevrancea.ro\/actualitatea\/stiri-locale\/vrancea-soferii-cu-permis-categoria-b-care-fac-transport-contra-cost-trebuie-sa-obtina-un-document-obligatoriu.\">Vrancea: \u0218oferii cu permis categoria B care fac transport contra cost trebuie s\u0103 ob\u021bin\u0103 un document obligatoriu<\/a><\/h2>\n<div class=\"date-post\"><a href=\"https:\/\/ziaruldevrancea.ro\/autor\/ionel-sclavone\">Ionel Sclavone<\/a>, 31 iul 2026  <\/div>\n<\/div>\n<div class=\"grup-articol-listing\">\n<div class=\"cont-pils\"><a href=\"https:\/\/ziaruldevrancea.ro\/actualitatea\/stiri-locale\/comisariatul-militar-din-focsani-un-simbol-al-istoriei-vrancei-renaste-prin-restaurare.-povestea-cladirii-care-a-gazduit-divizia-6-infanterie\"><img decoding=\"async\" src=\"https:\/\/zdvi.cname.ro\/180_135\/actualitatea\/stiri-locale\/comisariatul-militar-din-focsani-un-simbol-al-istoriei-vrancei-renaste-prin-restaurare.-povestea-cladirii-care-a-gazduit-divizia-6-infanterie\/mediaPool\/u5btavU.jpg\" class=\"img-responsive img-180\" alt><\/a><\/div>\n<h2><a class=\"link-titlu\" href=\"https:\/\/ziaruldevrancea.ro\/actualitatea\/stiri-locale\/comisariatul-militar-din-focsani-un-simbol-al-istoriei-vrancei-renaste-prin-restaurare.-povestea-cladirii-care-a-gazduit-divizia-6-infanterie\">Comisariatul Militar din Foc\u0219ani, un simbol al istoriei Vrancei, rena\u0219te prin restaurare. Povestea cl\u0103dirii care a g\u0103zduit Divizia 6 Infanterie<\/a><\/h2>\n<div class=\"date-post\"><a href=\"https:\/\/ziaruldevrancea.ro\/autor\/florin-marian-dirdala\">Florin Marian D\u00eerdal\u0103<\/a>, 31 iul 2026  <\/div>\n<\/div>\n<\/div>\n<\/div>\n<div class=\"col-lg-6 bloc-egal\">\n<div class=\"card articol-listing\">\n<h6>De acela\u0219i <a href=\"https:\/\/ziaruldevrancea.ro\/autor\/radu-tomescu\/\">autor<\/a><\/h6>\n<div class=\"grup-articol-listing\">\n<div class=\"cont-pils\"><a href=\"https:\/\/ziaruldevrancea.ro\/actualitatea\/stiri-locale\/dosar-de-trafic-de-droguri-in-vrancea-trei-persoane-cercetate-canabis-si-cocaina-vandute-in-adjud-potrivit-anchetatorilor\"><img decoding=\"async\" src=\"https:\/\/zdvi.cname.ro\/180_135\/actualitatea\/stiri-locale\/dosar-de-trafic-de-droguri-in-vrancea-trei-persoane-cercetate-canabis-si-cocaina-vandute-in-adjud-potrivit-anchetatorilor\/mediaPool\/ucfOmNt.JPG\" class=\"img-responsive img-180\" alt><\/a><\/div>\n<h2><a class=\"link-titlu\" href=\"https:\/\/ziaruldevrancea.ro\/actualitatea\/stiri-locale\/dosar-de-trafic-de-droguri-in-vrancea-trei-persoane-cercetate-canabis-si-cocaina-vandute-in-adjud-potrivit-anchetatorilor\">Dosar de trafic de droguri \u00een Vrancea: trei persoane cercetate, canabis \u0219i cocain\u0103 v\u00e2ndute \u00een Adjud, potrivit anchetatorilor<\/a><\/h2>\n<div class=\"date-post\"><a href=\"https:\/\/ziaruldevrancea.ro\/autor\/radu-tomescu\">Radu Tomescu<\/a>, 31 iul 2026  <\/div>\n<\/div>\n<div class=\"grup-articol-listing\">\n<div class=\"cont-pils\"><a href=\"https:\/\/ziaruldevrancea.ro\/actualitatea\/stiri-locale\/accident-rutier-in-tisita-la-intrarea-spre-autostrada-a7.-un-sofer-de-31-de-ani-a-fost-transportat-la-spital\"><img decoding=\"async\" src=\"https:\/\/zdvi.cname.ro\/180_135\/actualitatea\/stiri-locale\/accident-rutier-in-tisita-la-intrarea-spre-autostrada-a7.-un-sofer-de-31-de-ani-a-fost-transportat-la-spital\/mediaPool\/uaFrQH0.png\" class=\"img-responsive img-180\" alt><\/a><\/div>\n<h2><a class=\"link-titlu\" href=\"https:\/\/ziaruldevrancea.ro\/actualitatea\/stiri-locale\/accident-rutier-in-tisita-la-intrarea-spre-autostrada-a7.-un-sofer-de-31-de-ani-a-fost-transportat-la-spital\">Accident rutier \u00een Ti\u0219i\u021ba, la intrarea spre Autostrada A7. Un \u0219ofer de 31 de ani a fost transportat la spital<\/a><\/h2>\n<div class=\"date-post\"><a href=\"https:\/\/ziaruldevrancea.ro\/autor\/radu-tomescu\">Radu Tomescu<\/a>, 31 iul 2026  <\/div>\n<\/div>\n<div class=\"grup-articol-listing\">\n<div class=\"cont-pils\"><a href=\"https:\/\/ziaruldevrancea.ro\/actualitatea\/stiri-locale\/Sofer-din-vidra-depistat-baut-la-volan-pe-dn2d.-politistii-din-vrancea-au-deschis-dosar-penal\"><img decoding=\"async\" src=\"https:\/\/zdvi.cname.ro\/180_135\/actualitatea\/stiri-locale\/Sofer-din-vidra-depistat-baut-la-volan-pe-dn2d.-politistii-din-vrancea-au-deschis-dosar-penal\/mediaPool\/uRApAly.jpg\" class=\"img-responsive img-180\" alt><\/a><\/div>\n<h2><a class=\"link-titlu\" href=\"https:\/\/ziaruldevrancea.ro\/actualitatea\/stiri-locale\/Sofer-din-vidra-depistat-baut-la-volan-pe-dn2d.-politistii-din-vrancea-au-deschis-dosar-penal\">\u0218ofer din Vidra, depistat b\u0103ut la volan pe DN2D. Poli\u021bi\u0219tii din Vrancea au deschis dosar penal<\/a><\/h2>\n<div class=\"date-post\"><a href=\"https:\/\/ziaruldevrancea.ro\/autor\/radu-tomescu\">Radu Tomescu<\/a>, 30 iul 2026  <\/div>\n<\/div>\n<\/div>\n<\/div>\n<\/div>\n<\/div>\n<div class=\"extra-articol listing-anunturi\">\n<h6>Anun\u021buri <span class=\"text-primary\">ZdV<\/span> Premium<\/h6>\n<div class=\"row\">\n<div class=\"col-lg-4 col-md-6 bloc-egal\"><a class=\"card-anunt\" href=\"https:\/\/ziaruldevrancea.ro\/anunturi\/imobiliare\/vanzari-case\/vand-casa-si-teren-in-panciu-anunt-72818\"><strong class=\"titlu\">V\u00e2nz\u0103ri case<\/strong><span class=\"text-anunt\">V\u00e2nd cas\u0103 cu 2 camere, buc\u0103t\u0103rie, baie,&#8230;<\/span><span class=\"data-anunt\">23.07.2026  <\/span><\/a><\/div>\n<div class=\"col-lg-4 col-md-6 bloc-egal\"><a class=\"card-anunt\" href=\"https:\/\/ziaruldevrancea.ro\/anunturi\/angajari\/cereri-angajari\/doresc-angajare-anunt-72815\"><strong class=\"titlu\">Cereri<\/strong><span class=\"text-anunt\">Doresc s\u0103 am grij\u0103 de un copil de gradini\u021b\u0103&#8230;<\/span><span class=\"data-anunt\">21.07.2026  <\/span><\/a><\/div>\n<div class=\"col-lg-4 col-md-6 bloc-egal\"><a class=\"card-anunt\" href=\"https:\/\/ziaruldevrancea.ro\/anunturi\/inchirieri\/locuinte-oferte\/primesc-in-gazda-anunt-72816\"><strong class=\"titlu\">Locuin\u021be oferte<\/strong><span class=\"text-anunt\">\u00a0Primesc \u00een gazd\u0103 la cas\u0103.<\/p>\n<p>Tel&#8230;.<\/span><span class=\"data-anunt\">21.07.2026  <\/span><\/a><\/div>\n<\/div>\n<\/div>\n<div class=\"bloc-widget widget-albastru\">\n    Ziarul de Vrancea \u00a0nu este responsabil juridic pentru con\u0163inutul textelor din comentariile de mai jos. Responsabilitatea pentru mesajele dumneavoastra v\u0103 revine \u00een exclusivitate.\n<\/div>\n<div class=\"comentarii-articol\" id=\"comentarii\">\n<h3>Comentarii: <span class=\"text-primary\">0<\/span><\/h3>\n<p><a href=\"https:\/\/ziaruldevrancea.ro\/actualitatea\/stiri-locale\/au-fost-mobilizate-ieri-echipajele-de-politie-si-jandarmerie-in-nordul-judetului-vrancea-pentru-nunta-anului-de-la-laguna-verde\" class=\"btn btn-success btn-adauga-com\" data-toggle=\"modal\" data-parent=\"0\" data-target=\"#commentModal\">Adaug\u0103 comentariu<\/a><\/p>\n<div class=\"loadMask comments-mask\"><img decoding=\"async\" src=\"https:\/\/zdvs.cname.ro\/images\/loader_40.gif\"><\/div>\n<div class=\"comenteaza-jos\">Trebuie s\u0103 fii <a href=\"https:\/\/ziaruldevrancea.ro\/account\">autentificat<\/a> pentru a putea <a href=\"https:\/\/ziaruldevrancea.ro\/actualitatea\/stiri-locale\/au-fost-mobilizate-ieri-echipajele-de-politie-si-jandarmerie-in-nordul-judetului-vrancea-pentru-nunta-anului-de-la-laguna-verde\" class data-toggle=\"modal\" data-parent=\"0\" data-target=\"#commentModal\">posta un comentariu<\/a>.<\/div>\n<\/div>\n<div class=\"modal fade\" id=\"commentModal\" role=\"dialog\" aria-labelledby=\"commentModalLabel\">\n<div class=\"modal-dialog modal-lg\" role=\"document\">\n<div class=\"modal-content\">\n<div class=\"modal-header\">\n<h3 class=\"modal-title\" id=\"commentModalLabel\">Comenteaz\u0103<\/h3>\n<\/div>\n<div class=\"modal-body\">\n<div class=\"tabel tabel-full\">\n<div class=\"celula\">\n              Trebuie s\u0103 fii <a href=\"https:\/\/ziaruldevrancea.ro\/account\">autentificat<\/a> pentru a putea posta un comentariu.\n            <\/div>\n<\/div>\n<\/div>\n<div class=\"modal-footer\">\n<div id=\"commentPending\" class=\"formPending pull-left\"><img decoding=\"async\" src=\"https:\/\/zdvs.cname.ro\/images\/loader_40.gif\"> In curs de procesare&#8230;<\/div>\n<p><a href=\"https:\/\/ziaruldevrancea.ro\/actualitatea\/stiri-locale\/au-fost-mobilizate-ieri-echipajele-de-politie-si-jandarmerie-in-nordul-judetului-vrancea-pentru-nunta-anului-de-la-laguna-verde\" class=\"btn btn-default\" data-dismiss=\"modal\">Anuleaz\u0103<\/a><\/div>\n<\/div>\n<\/div>\n<\/div>\n<div class=\"modal fade\" id=\"commentReportModal\" role=\"dialog\" aria-labelledby=\"commentReportModalLabel\">\n<div class=\"modal-dialog modal-lg\" role=\"document\">\n<div class=\"modal-content\">\n<div class=\"modal-header\">\n<h3 class=\"modal-title\" id=\"commentReportModalLabel\">Raporteaza comentariu<\/h3>\n<\/div>\n<div class=\"modal-body\">\n<div class=\"tabel tabel-full\">\n<div class=\"celula\">\n              Trebuie s\u0103 fii <a href=\"https:\/\/ziaruldevrancea.ro\/account\">autentificat<\/a> pentru a putea raporta un comentariu.\n            <\/div>\n<\/div>\n<\/div>\n<div class=\"modal-footer\">\n<div id=\"commentReportPending\" class=\"formPending pull-left\"><img decoding=\"async\" src=\"https:\/\/zdvs.cname.ro\/images\/loader_40.gif\"> In curs de procesare&#8230;<\/div>\n<p><a href=\"https:\/\/ziaruldevrancea.ro\/actualitatea\/stiri-locale\/au-fost-mobilizate-ieri-echipajele-de-politie-si-jandarmerie-in-nordul-judetului-vrancea-pentru-nunta-anului-de-la-laguna-verde\" class=\"btn btn-default\" data-dismiss=\"modal\">Anuleaz\u0103<\/a><\/div>\n<\/div>\n<\/div>\n<\/div>\n<div class=\"modal fade\" id=\"commentLikeModal\" role=\"dialog\" aria-labelledby=\"commentLikeModalLabel\">\n<div class=\"modal-dialog modal-lg\" role=\"document\">\n<div class=\"modal-content\">\n<div class=\"modal-header\">\n<h3 class=\"modal-title\" id=\"commentReportModalLabel\">Apreciaza comentariu<\/h3>\n<\/div>\n<div class=\"modal-body\">\n<div class=\"tabel tabel-full\">\n<div class=\"celula\">\n            Trebuie s\u0103 fii <a href=\"https:\/\/ziaruldevrancea.ro\/account\">autentificat<\/a> pentru a putea aprecia un comentariu.\n          <\/div>\n<\/div>\n<\/div>\n<div class=\"modal-footer\"><a href=\"https:\/\/ziaruldevrancea.ro\/actualitatea\/stiri-locale\/au-fost-mobilizate-ieri-echipajele-de-politie-si-jandarmerie-in-nordul-judetului-vrancea-pentru-nunta-anului-de-la-laguna-verde\" class=\"btn btn-default\" data-dismiss=\"modal\">Anuleaz\u0103<\/a><\/div>\n<\/div>\n<\/div>\n<\/div>\n<div class=\"bloc-widget widget-rosu\"><span><small>Ziarul de Vrancea doreste ca acest site sa fie un spatiu al discutiilor civilizate, al comentariilor de bun simt. Din acest motiv, cei care posteaza comentarii la articole trebuie sa respecte urmatoarele reguli:<br \/>\n1. Sa se refere doar la articolul la care posteaza comentarii.<br \/>\n2. Sa foloseasca un limbaj civilizat, fara injurii, calomnii, comentarii antisemite, xenofobe sau rasiste.<br \/>\n3. Sunt interzise atacurile la adresa autorilor, daca acestea nu au legatura cu textul.<br \/>\n4. Username-ul sa nu fie nume de personalitati ale vietii publice sau parodieri ale acestora.<br \/>\nAutorul unui articol poate fi criticat pentru eventuale greseli, incoerenta, lipsa de documentare etc.<br \/>\nNerespectarea regulilor mentionate mai sus va duce la stergerea comentariilor, fara avertisment si fara explicatii.<br \/>\nAbaterile repetate vor avea drept consecinta interdictia accesului la aceasta facilitate a site-ului.<\/small><\/span><\/div>\n<\/div>\n<p>[analyse_source url=&#8221;https:\/\/ziaruldevrancea.ro\/actualitatea\/stiri-locale\/au-fost-mobilizate-ieri-echipajele-de-politie-si-jandarmerie-in-nordul-judetului-vrancea-pentru-nunta-anului-de-la-laguna-verde&#8221;]<\/p>\n","protected":false},"excerpt":{"rendered":"<p>[analyse_image type=&#8221;featured&#8221; src=&#8221;https:\/\/zdvi.cname.ro\/_\/au-fost-mobilizate-ieri-echipajele-de-politie-si-jandarmerie-in-nordul-judetului-vrancea-pentru-nunta-anului-de-la-laguna-verde\/mediaPool\/uQ1yFnw.jpg&#8221;] Local Au fost mobilizate, ieri, echipajele de poli\u021bie \u0219i jandarmerie \u00een nordul jude\u021bului Vrancea pentru \u201enunta anului\u201d de la Laguna Verde? Distribuie: \u00a0 | Radu Tomescu 31 iul 20264316 vizualiz\u0103ri Foto:arhiva ZdV.Credit foto:alba24.ro \u200bPrezen\u021ba masiv\u0103 a for\u021belor de ordine \u00een zonele Adjudu Vechi, Lespezi \u0219i Homocea a st\u00e2rnit \u00eentreb\u0103ri \u00een r\u00e2ndul localnicilor. [&hellip;]<\/p>\n","protected":false},"author":1,"featured_media":0,"comment_status":"open","ping_status":"","sticky":false,"template":"","format":"standard","meta":{"footnotes":""},"categories":[89],"tags":[226,208],"class_list":["post-2071125","post","type-post","status-publish","format-standard","hentry","category-romania","tag-crawlmanager","tag-ziaruldevrancea-ro"],"_links":{"self":[{"href":"https:\/\/analyse.optim.biz\/index.php?rest_route=\/wp\/v2\/posts\/2071125","targetHints":{"allow":["GET"]}}],"collection":[{"href":"https:\/\/analyse.optim.biz\/index.php?rest_route=\/wp\/v2\/posts"}],"about":[{"href":"https:\/\/analyse.optim.biz\/index.php?rest_route=\/wp\/v2\/types\/post"}],"author":[{"embeddable":true,"href":"https:\/\/analyse.optim.biz\/index.php?rest_route=\/wp\/v2\/users\/1"}],"replies":[{"embeddable":true,"href":"https:\/\/analyse.optim.biz\/index.php?rest_route=%2Fwp%2Fv2%2Fcomments&post=2071125"}],"version-history":[{"count":0,"href":"https:\/\/analyse.optim.biz\/index.php?rest_route=\/wp\/v2\/posts\/2071125\/revisions"}],"wp:attachment":[{"href":"https:\/\/analyse.optim.biz\/index.php?rest_route=%2Fwp%2Fv2%2Fmedia&parent=2071125"}],"wp:term":[{"taxonomy":"category","embeddable":true,"href":"https:\/\/analyse.optim.biz\/index.php?rest_route=%2Fwp%2Fv2%2Fcategories&post=2071125"},{"taxonomy":"post_tag","embeddable":true,"href":"https:\/\/analyse.optim.biz\/index.php?rest_route=%2Fwp%2Fv2%2Ftags&post=2071125"}],"curies":[{"name":"wp","href":"https:\/\/api.w.org\/{rel}","templated":true}]}}