{"id":2071122,"date":"2026-07-31T00:00:00","date_gmt":"2026-07-30T21:00:00","guid":{"rendered":"https:\/\/analyse.optim.biz\/?p=2071122"},"modified":"2026-07-31T00:00:00","modified_gmt":"2026-07-30T21:00:00","slug":"consiliul-local-focsani-a-aprobat-transformarea-teatrului-maior-gheorghe-pastia-din-teatru-de-repertoriu-in-teatru-de-proiecte","status":"publish","type":"post","link":"https:\/\/analyse.optim.biz\/?p=2071122","title":{"rendered":"Consiliul Local Foc\u0219ani a aprobat transformarea Teatrului \u201eMaior Gheorghe Pastia\u201d din teatru de repertoriu \u00een teatru de proiecte"},"content":{"rendered":"<p>[analyse_image type=&#8221;featured&#8221; src=&#8221;https:\/\/zdvi.cname.ro\/_\/consiliul-local-focsani-a-aprobat-transformarea-teatrului-maior-gheorghe-pastia-din-teatru-de-repertoriu-in-teatru-de-proiecte\/mediaPool\/ud81Wmv.jpg&#8221;]<\/p>\n<div class=\"main-content detaliu-articol\"><a class=\"titlu-cat-list\" href=\"https:\/\/ziaruldevrancea.ro\/actualitatea\/stiri-locale\">Local<\/a><\/p>\n<h1>Consiliul Local Foc\u0219ani a aprobat transformarea Teatrului \u201eMaior Gheorghe Pastia\u201d din teatru de repertoriu \u00een teatru de proiecte<\/h1>\n<div class=\"date-articol clearfix\">\n<div class=\"distribuie-articol dropdown\">\n    Distribuie: \u00a0<br \/>\n    <em>|<\/em><\/div>\n<div class=\"autor-articol\"><a href=\"https:\/\/ziaruldevrancea.ro\/autor\/nicolae-manoliu\/\"><img decoding=\"async\" class=\"img-circle\" src=\"https:\/\/zdvi.cname.ro\/50_50\/articleAuthor\/nicolae-manoliu\/articleAuthor\/u9tXyQL.PNG\" alt><\/a><\/p>\n<h5><a href=\"https:\/\/ziaruldevrancea.ro\/autor\/nicolae-manoliu\/\">Nicolae Manoliu<\/a><\/h5>\n<div class=\"grup-spatiere\"><span class=\"cu-spatiere\">31 iul 2026<\/span><span class=\"cu-spatiere\">600 vizualiz\u0103ri<\/span><\/div>\n<\/div>\n<\/div>\n<div class=\"poza-mare\"><a href class=\"openGallery\"><img decoding=\"async\" class=\"img-responsive\" src=\"https:\/\/zdvi.cname.ro\/850_530\/consiliul-local-focsani-a-aprobat-transformarea-teatrului-maior-gheorghe-pastia-din-teatru-de-repertoriu-in-teatru-de-proiecte\/article\/mediaPool\/ud81Wmv.jpg\" alt><\/a><\/div>\n<p>\u200b<strong>Reorganizarea institu\u021biei de cultur\u0103 a provocat reac\u021bii puternice \u00een \u0219edin\u021ba Consiliului Local \u0219i \u00een mediul online. Actorul Adrian Damian acuz\u0103 \u201edesfiin\u021barea trupei de actori\u201d, \u00een timp ce documentele administra\u021biei locale invoc\u0103 necesitatea reducerii costurilor \u0219i eficientizarea activit\u0103\u021bii.Proiectul\u00a0de lege pe acest subiect a trecut, devenind hot\u0103r\u00e2re\u00a0cu votul consilierilor locali PSD, PNL, For\u021ba Dreptei \u0219i Mi\u0219carea Popular\u0103.Consilierul local USR a votat \u00eempotriv\u0103, iar consilierii locali AUR\u00a0 din Consiliul Local al Municipiului Foc\u0219ani s-au ab\u021binut la vot.<\/strong><\/p>\n<p><strong>Decizie cu impact asupra vie\u021bii culturale din Foc\u0219ani: reorganizarea Teatrului \u201eMaior Gheorghe Pastia\u201d provoac\u0103 dezbateri<\/strong><\/p>\n<p>Una dintre cele mai dezb\u0103tute hot\u0103r\u00e2ri adoptate \u00een \u0219edin\u021ba ordinar\u0103 din 30 iulie 2026 a Consiliului Local al Municipiului Foc\u0219ani a vizat reorganizarea Direc\u021biei Teatru, Produc\u021bii Teatrale \u0219i Muzicale din cadrul Teatrului Municipal \u201eMaior Gheorghe Pastia\u201d.<\/p>\n<p>Proiectul, introdus suplimentar pe ordinea de zi, prevede transformarea structurii din <strong>teatru de repertoriu<\/strong> \u00een <strong>teatru de proiecte<\/strong>, modificare justificat\u0103 de ini\u021biatori prin considerente economice, administrative \u0219i manageriale.<\/p>\n<p>Imediat dup\u0103 adoptarea proiectului, \u00een spa\u021biul public au ap\u0103rut reac\u021bii critice, cea mai ampl\u0103 fiind exprimat\u0103 de actorul <strong>Adrian Damian<\/strong>, membru al trupei teatrului, care a publicat pe pagina sa de Facebook un mesaj \u00een care sus\u021bine c\u0103, prin aceast\u0103 decizie, administra\u021bia local\u0103 a votat \u201e<strong><em>desfiin\u021barea trupei de actori a Teatrului Municipal \u00abMaior Gheorghe Pastia\u00bb\u201d<\/em><\/strong>.<\/p>\n<p>Actorul afirm\u0103 c\u0103 proiectul ar fi fost introdus pe ordinea de zi \u00een ultimul moment \u0219i sus\u021bine c\u0103 urmeaz\u0103 demersuri \u00een instan\u021b\u0103, invoc\u00e2nd inclusiv prevederi din Legea avertizorului \u00een interes public, Codul muncii \u0219i legisla\u021bia contenciosului administrativ.<\/p>\n<p><strong>Care sunt argumentele administra\u021biei locale<\/strong><\/p>\n<p>Potrivit Notei de fundamentare care \u00eenso\u021be\u0219te proiectul de hot\u0103r\u00e2re, reorganizarea este justificat\u0103 prin necesitatea <strong>optimiz\u0103rii cheltuielilor<\/strong>, <strong>adapt\u0103rii la cerin\u021bele actuale ale publicului<\/strong> \u0219i <strong>utiliz\u0103rii mai eficiente a fondurilor publice<\/strong>.<\/p>\n<p>Documentul arat\u0103 c\u0103 actuala structur\u0103 de teatru de repertoriu genereaz\u0103 costuri fixe ridicate, \u00een condi\u021biile unei activit\u0103\u021bi proprii considerate insuficiente din punct de vedere economic.<\/p>\n<p>Conform datelor prezentate de executivul Prim\u0103riei Foc\u0219ani:<\/p>\n<ul>\n<li>\u00een anul 2025 au fost organizate 49 de reprezenta\u021bii, dintre care 14 au fost produc\u021bii proprii \u0219i 35 spectacole realizate prin colabor\u0103ri sau trupe invitate;<\/li>\n<li>\u00een primul semestru al anului 2026 au avut loc 37 de reprezenta\u021bii, dintre care doar 9 au fost produc\u021bii proprii, restul fiind spectacole achizi\u021bionate sau sus\u021binute de trupe aflate \u00een turneu.<\/li>\n<\/ul>\n<p>Nota de fundamentare mai arat\u0103 c\u0103 institu\u021bia func\u021bioneaz\u0103 deja, \u00een mare m\u0103sur\u0103, pe baza colabor\u0103rilor externe \u0219i apreciaz\u0103 c\u0103 modelul teatrului de proiecte reflect\u0103 mai fidel modul efectiv de desf\u0103\u0219urare a activit\u0103\u021bii artistice.<\/p>\n<p><strong>Analiza financiar\u0103 prezentat\u0103 Consiliului Local<\/strong><\/p>\n<p>\u00cen documentele care au stat la baza proiectului se arat\u0103 c\u0103, \u00een perioada analizat\u0103 (2025 \u2013 semestrul I 2026), cheltuielile salariale pentru personalul artistic \u0219i tehnic au dep\u0103\u0219it 1,75 milioane de lei, \u00een timp ce veniturile nete rezultate din spectacolele proprii au \u00eensumat aproximativ 44.500 de lei. Potrivit notei de fundamentare, aceste venituri reprezint\u0103 aproximativ 2,5% din cheltuielile salariale aferente personalului artistic \u0219i tehnic.<\/p>\n<p>Autorii documentului apreciaz\u0103 c\u0103 reorganizarea ar permite reducerea costurilor fixe \u0219i orientarea resurselor c\u0103tre proiecte culturale realizate prin colabor\u0103ri artistice.<\/p>\n<p>Totodat\u0103, sunt enumerate ca exemple de teatre de proiecte institu\u021bii precum Teatrul Metropolis Bucure\u0219ti, Teatrul \u201eGeorge Ciprian\u201d din Buz\u0103u \u0219i Teatrul Dramaturgilor Rom\u00e2ni din Bucure\u0219ti.<\/p>\n<p><strong>Reac\u021bia actorului Adrian Damian<\/strong><\/p>\n<p>\u00cen postarea publicat\u0103 dup\u0103 \u0219edin\u021ba Consiliului Local, Adrian Damian sus\u021bine c\u0103 decizia reprezint\u0103 \u201e<strong><em>tragerea cortinei peste decen\u021b\u0103<\/em><\/strong>\u201d \u0219i afirm\u0103 c\u0103 administra\u021bia local\u0103 a urmat ceea ce el descrisese anterior drept o \u201e<strong><em>re\u021bet\u0103 de \u00eengropat un teatru<\/em><\/strong>\u201d.<\/p>\n<p>Cu o s\u0103pt\u0103m\u00e2n\u0103 \u00eenainte de vot, actorul publicase un amplu text critic \u00een care acuza managementul institu\u021biei de blocarea produc\u021biilor proprii, lipsa promov\u0103rii spectacolelor \u0219i diminuarea activit\u0103\u021bii artistice, sus\u021bin\u00e2nd c\u0103 acestea ar fi fost folosite ulterior drept argumente pentru reorganizare.<\/p>\n<p>De asemenea, acesta apreciaz\u0103 c\u0103 disputa nu se \u00eencheie odat\u0103 cu adoptarea hot\u0103r\u00e2rii \u0219i anun\u021b\u0103 c\u0103 urmeaz\u0103 demersuri juridice pentru contestarea m\u0103surii.<\/p>\n<p><strong>Ce prevede proiectul adoptat<\/strong><\/p>\n<p>Documenta\u021bia aprobat\u0103 de Consiliul Local modific\u0103 organizarea Direc\u021biei Teatru, Produc\u021bii Teatrale \u0219i Muzicale, transform\u00e2nd-o din teatru de repertoriu \u00een teatru de proiecte \u0219i aprob\u00e2nd o nou\u0103 organigram\u0103 \u0219i un nou stat de func\u021bii. Potrivit proiectului, reorganizarea implic\u0103 modific\u0103ri ale structurii de personal \u0219i adaptarea func\u021bion\u0103rii institu\u021biei la noul model organizatoric.<\/p>\n<p><strong>O decizie care va continua s\u0103 fie discutat\u0103<\/strong><\/p>\n<p>Hot\u0103r\u00e2rea adoptat\u0103 de Consiliul Local Foc\u0219ani deschide una dintre cele mai importante dezbateri privind viitorul vie\u021bii culturale locale din ultimii ani.<\/p>\n<p>Pe de o parte, administra\u021bia local\u0103 sus\u021bine c\u0103 reorganizarea este necesar\u0103 pentru eficientizarea utiliz\u0103rii fondurilor publice \u0219i adaptarea institu\u021biei la actualul model de func\u021bionare. Pe de alt\u0103 parte, reprezentan\u021bi ai trupei teatrului consider\u0103 c\u0103 m\u0103sura afecteaz\u0103 existen\u021ba teatrului de repertoriu \u0219i anun\u021b\u0103 contestarea acesteia pe cale juridic\u0103.<\/p>\n<p>R\u0103m\u00e2ne de v\u0103zut dac\u0103 hot\u0103r\u00e2rea va produce efectele urm\u0103rite de autoritatea local\u0103 sau dac\u0103 va fi supus\u0103 verific\u0103rii \u00een instan\u021b\u0103, a\u0219a cum anun\u021b\u0103 unul dintre actorii institu\u021biei.<\/p>\n<p><strong>Nicolae Manoliu<\/strong><\/p>\n<p><strong>Citi\u021bi\u00a0 \u00een documentul ata\u0219at acestui articol:Nota de fundamentare\u00a0privind modificarea modului de organizare \u0219i func\u021bionare a Directiei Teatru, Productii Teatrale si Muzicale din cadrul Teatrului\u00a0 \u201eMaior Gheorghe Pastia\u201d al Municipiului Focsani, din teatru de repertoriu\u00a0 \u00een teatru de proiecte <\/strong><\/p>\n<p><strong>Citi\u021bi \u0219i con\u021binutul integral al post\u0103rilor activate pe contul de facebook al actorului Teatrului\u00a0\u201eMaior Gheorghe Pastia\u201d Foc\u0219ani, Adrian Damian \u00een leg\u0103tur\u0103 cu activitate institu\u021biei pe subiectul \u00een discu\u021bie<\/strong><\/p>\n<p><strong>1)-Postare activat\u0103 joi 30 iulie 2026 ( n.r. dup\u0103 desf\u0103\u0219urarea \u0219edin\u021bei Consilului Local al Municipiului Foc\u0219ani din aceast\u0103 zi) pe contul de facebook\u00a0<\/strong><a href=\"https:\/\/www.facebook.com\/adrian.damian.125?__cft__%5B0%5D=AZZ24t4TayRm_Y3LvRl_Gcuj_87kS0kUYK657iJhkX2-2_divKv9GT5wr10x6CgsH59OfelJbtODJ9eMBqbRN1VKd6_gJBE-njg6YLjK0QzmQBELchhznMkaqAJsXIFmLxsWuG5Xd-Gi8gkP2ZruerliFGwPxKmeVz5U38NPGMFyALflor-fkYAr66QBdRYA1SIM6AqRbfSbbiKw_B22jzdg6_OjyF6GIgdmq8Xk_P3REw&amp;__tn__=-UC%2CP-R\"><strong>Adrian Damian<\/strong><\/a><\/p>\n<div dir=\"auto\">\u201e<em>PROFE\u021aIA S-A \u00ceMPLINIT. AST\u0102ZI S-A TRAS CORTINA PESTE DECENT\u0102.<\/em><\/div>\n<div dir=\"auto\"><em>\u200bC\u00e2nd scriam textul de mai jos, unii au crezut c\u0103 exagerez. C\u0103 folosesc metafore prea dure. C\u0103 &lt;&lt;asasinatul cultural&gt;&gt;\u00a0este doar o figura de stil.<\/em><\/div>\n<div dir=\"auto\"><em>\u200bEi bine, ast\u0103zi, 30 iulie 2026, administra\u021bia local\u0103 a dovedit c\u0103 realitatea lor dep\u0103\u0219e\u0219te orice figura de stil: Consiliul Local Foc\u0219ani a votat desfiin\u021barea trupei de actori a Teatrului Municipal &lt;&lt;Maior Gheorghe Pastia&gt;&gt;!<\/em><\/div>\n<div dir=\"auto\">\u200b<em>Comedia absurd\u0103 pe care am anticipat-o a fost jucat\u0103 cu o precizie chirurgical\u0103<\/em>:<\/div>\n<div dir=\"auto\"><em>\u200bAu introdus proiectul pe ordinea de zi \u00een ultimul moment, pe sub u\u0219\u0103, ca nu cumva cet\u0103\u021benii sau publicul s\u0103 apuce s\u0103 reac\u021bioneze<\/em>.<\/div>\n<div dir=\"auto\"><em>\u200bAu folosit drept &lt;&lt;not\u0103 de fundamentare&gt;&gt;\u00a0propria lor incompeten\u021b\u0103: dup\u0103 ce ani de zile au blocat repeti\u021biile, au t\u0103iat promovarea \u0219i au refuzat s\u0103 programeze stagiuni proprii, au ie\u0219it la ramp\u0103 \u0219i au votat c\u0103 \u201eactorii nu produc\u201d!<\/em><\/div>\n<div dir=\"auto\">\u200b\u00a0<em>C\u0103tre cei care au ridicat m\u00e2na ast\u0103zi \u00een Consiliul Local:<\/em><\/div>\n<div dir=\"auto\"><em>\u200bA\u021bi bifat o victorie politic\u0103 de o zi. A\u021bi executat un ordin de partid sau o ambi\u021bie de moment. Dar votul vostru nu a rezolvat nicio problem\u0103 \u2014 doar a deschis larg poarta instan\u021belor de judecat\u0103.<\/em><\/div>\n<div dir=\"auto\"><em>\u200bLegea nr. 361\/2022 privind Avertizorul \u00een Interes Public, normele de contencios administrativ \u0219i Codul Muncii NU se voteaz\u0103 \u00een Consiliul Local. Ele se aplic\u0103 \u00een instan\u021b\u0103. Iar acolo, pretextele fabricate peste noapte \u0219i antedat\u0103rile din dosare se pr\u0103bu\u0219esc unul c\u00e2te unul.<\/em><\/div>\n<div dir=\"auto\"><em>\u200bMandatele voastre trec, fotoliile se schimb\u0103, dar pata ru\u0219inii de a fi votat desfiin\u021barea trupei de teatru a ora\u0219ului r\u0103m\u00e2ne scris\u0103 \u00een procesele-verbale ale Foc\u0219aniului.<\/em><\/div>\n<div dir=\"auto\"><em>V\u0103 invit s\u0103 reciti\u021bi postarea de mai jos, scris\u0103 \u00eenainte de vot.<\/em><\/div>\n<div dir=\"auto\"><em>\u200bEste uluitor cum fiecare punct din &lt;&lt;Re\u021beta de \u00eengropat un teatru&gt;&gt;\u00a0a fost urmat ad-litteram de edilii ora\u0219ului<\/em>.<\/div>\n<div dir=\"auto\">\u200b<em>B\u0103t\u0103lia pentru art\u0103, pentru demnitate \u0219i pentru adev\u0103r abia acum \u00eencepe.<\/em>\u201d-<a href=\"https:\/\/www.facebook.com\/adrian.damian.125?__cft__%5B0%5D=AZZ24t4TayRm_Y3LvRl_Gcuj_87kS0kUYK657iJhkX2-2_divKv9GT5wr10x6CgsH59OfelJbtODJ9eMBqbRN1VKd6_gJBE-njg6YLjK0QzmQBELchhznMkaqAJsXIFmLxsWuG5Xd-Gi8gkP2ZruerliFGwPxKmeVz5U38NPGMFyALflor-fkYAr66QBdRYA1SIM6AqRbfSbbiKw_B22jzdg6_OjyF6GIgdmq8Xk_P3REw&amp;__tn__=-UC%2CP-R\"><strong>Adrian Damian<\/strong><\/a><\/div>\n<div dir=\"auto\"><strong>2)-Postare activat\u0103 pe 23 \u00a0iulie 2026 \u00a0pe contul de facebook\u00a0<\/strong><a href=\"https:\/\/www.facebook.com\/adrian.damian.125?__cft__%5B0%5D=AZZ24t4TayRm_Y3LvRl_Gcuj_87kS0kUYK657iJhkX2-2_divKv9GT5wr10x6CgsH59OfelJbtODJ9eMBqbRN1VKd6_gJBE-njg6YLjK0QzmQBELchhznMkaqAJsXIFmLxsWuG5Xd-Gi8gkP2ZruerliFGwPxKmeVz5U38NPGMFyALflor-fkYAr66QBdRYA1SIM6AqRbfSbbiKw_B22jzdg6_OjyF6GIgdmq8Xk_P3REw&amp;__tn__=-UC%2CP-R\"><strong>Adrian Damian<\/strong><\/a><\/div>\n<div dir=\"auto\">\u201e<em>GHID PRACTIC: CUM S\u0102 \u00ceNGROPI UN TEATRU \u00ceN 6 PA\u0218I SIMPLI (SAU RE\u021aETA FOC\u0218ANI)<\/em><\/p>\n<p>\u200b<em>S\u0103 conduci o institu\u021bie de cultur\u0103 profesionist\u0103 e greu. \u00ce\u021bi trebuie viziune, pasiune, respect pentru actori \u0219i o dragoste sincer\u0103 pentru public. Dar s\u0103 asasinezi un teatru de repertoriu? A, acolo e o adev\u0103rat\u0103 art\u0103! \u00ce\u021bi trebuie o dedicare aproape religioas\u0103 pentru mediocritate \u0219i un plan bine pus la punct de sabotaj managerial.<\/em><\/p>\n<p>\u200b<em>Dac\u0103 privim \u00een jur, \u00een orice ora\u0219 normal din Rom\u00e2nia, teatrele de repertoriu func\u021bioneaz\u0103 dup\u0103 o matematic\u0103 simpl\u0103, aproape plictisitoare: minimum dou\u0103 spectacole proprii pe s\u0103pt\u0103m\u00e2n\u0103, 3 sau 4 premiere pe stagiune, s\u0103li pline, zumzet, decoruri laminate, actori \u00een fream\u0103t. Via\u021b\u0103.<\/em><\/p>\n<p>\u200b<em>La Foc\u0219ani, \u00eens\u0103, s-a inventat brevetul na\u021bional de eficien\u021b\u0103 administrativ\u0103: Misiunea \u00eendeplinit\u0103 cu 4-5 reprezenta\u021bii&#8230; pe stagiune!<\/em><\/p>\n<p><em>\u200bNu pe s\u0103pt\u0103m\u00e2n\u0103. Nu pe lun\u0103. Pe un an \u00eentreg! \u0218i performan\u021ba asta titanic\u0103 a inactivit\u0103\u021bii dureaz\u0103 de mai bine de un deceniu. De ce s\u0103 obose\u0219ti scena? C\u00e2t de bine se odihne\u0219te o cl\u0103dire istoric\u0103 c\u00e2nd o la\u0219i \u00een pace, la umbra p\u00e2nzelor de p\u0103ianjen, \u00eenchiriat\u0103 ocazional pentru vreo \u0219edin\u021b\u0103 sau vreo festivitate steril\u0103!<\/em><\/p>\n<p><em>\u00a0Mecanismul perfect: Cum creezi &lt;&lt;Asasinatul Cultural&gt;&gt;\u00a0\u0219i unde sunt banii<\/em><\/p>\n<p><em>\u200bPasul 1: Nu produce nimic (Garantat 0 risc). Cel mai simplu mod de a nu gre\u0219i este s\u0103 nu faci. Dac\u0103 nu sco\u021bi produc\u021bii proprii, nu ai ce s\u0103 decontezi, nu ai ce s\u0103 gestionezi, nu ai de ce s\u0103 te stresezi.<\/em><\/p>\n<p>\u200b<em>Pasul 2: Dac\u0103 actorii scot totu\u0219i o premier\u0103, saboteaz\u0103-i din umbr\u0103! Ce te faci c\u00e2nd trupa angajat\u0103 are &lt;&lt;obr\u0103znicia&gt;&gt;\u00a0s\u0103 lucreze \u0219i s\u0103 scoat\u0103 un spectacol bun? Treci la planul de avarie: pune un pre\u021b prohibitiv la bilet (s\u0103 fim siguri c\u0103 omul de r\u00e2nd ezit\u0103), blocheaz\u0103 scena exact \u00een ajunul premierei cu alte activit\u0103\u021bi secundare \u0219i uit\u0103 complet s\u0103 faci promovare.<\/em><\/p>\n<p><em>\u200bPasul 3: PRETEXTUL SUPREM \u2014 &lt;&lt;Actorii nu fac nimic, deci teatrul nu produce!&gt;&gt;<\/em><\/p>\n<p><em>Aici este capodopera hipocriziei manageriale. Dup\u0103 ce c\u0103 le blochezi repeti\u021biile, le tai produc\u021biile, le pui piedici logistice \u0219i \u00eei \u021bii lega\u021bi de m\u00e2ini \u0219i de picioare, ie\u0219i public cu o figur\u0103 nevinovat\u0103 \u0219i exclami oripilat: &lt;&lt;\u201eP\u0103i vede\u021bi? Actorii ace\u0219tia nu fac nimic! Nu produc! Stau pe salariu degeaba!&gt;&gt;<\/em><\/p>\n<p><em>\u200bPasul 4: MIZA REAL\u0102 \u2014 Milioanele de la Minister \u0219i contractele &lt;&lt;de unic\u0103 folosin\u021b\u0103&gt;&gt;\u201d<\/em><\/p>\n<p><em>Aici ajungem la miezul problemei. De ce \u00eencurc\u0103 o trup\u0103 profesionist\u0103 de teatru? Pentru c\u0103 din bugetul de salarii al actorilor angaja\u021bi nu se poate sifona nimic. Salariul e pe gril\u0103, e fix, e verificat de Trezorerie. Plictisitor pentru un &lt;&lt;manager&gt;&gt;\u00a0descurc\u0103re\u021b!<\/em><\/p>\n<p><em>\u200bDar oare ce se \u00eent\u00e2mpl\u0103 c\u00e2nd vin milioanele de la Ministerul Dezvolt\u0103rii sau din fonduri publice mari? Acolo se deschide adev\u0103ratul &lt;&lt;spectacol&gt;&gt;! Bugetul teatrului nu se consum\u0103 pe decoruri durabile sau produc\u021bii proprii de repertoriu, ci se scurge prin contracte supradimensionate pe proiecte a\u0219a-zis culturale, de unic\u0103 folosin\u021b\u0103. O chermez\u0103 de un weekend, un eveniment adus la cheie la pre\u021buri umflate \u2014 se stinge lumina dup\u0103 dou\u0103 ore, banii s-au evaporat, iar teatrul r\u0103m\u00e2ne tot gol. Un teatru de repertoriu cere transparen\u021b\u0103; un &lt;&lt;eveniment de o sear\u0103&gt;&gt;\u00a0e acoperirea perfect\u0103.<\/em><\/p>\n<p><em>\u200bPasul 5: Preg\u0103te\u0219te terenul pentru &lt;&lt;Arendare&gt;&gt;. De ce s\u0103 ai trup\u0103 profesionist\u0103 care pune \u00eentreb\u0103ri, care are preten\u021bii artistice \u0219i g\u00e2nde\u0219te liber? Mult mai simplu este s\u0103 desfiin\u021bezi tot, s\u0103 transformi teatrul \u00eentr-un simplu spa\u021biu de \u00eenchiriat \u0219i s\u0103 aduci trupe de ocazie. F\u0103r\u0103 b\u0103t\u0103i de cap, f\u0103r\u0103 art\u0103 vie, doar birocra\u021bie lini\u0219tit\u0103.<\/em><\/p>\n<p><em>\u200bPasul 6: Mut\u0103 managementul \u00een sec\u021biunea de comentarii. C\u00e2nd argumentele profesionale dispar, activeaz\u0103 armata de conturi anonime pe Facebook pentru a \u00eempro\u0219ca cu noroi \u00een propriii arti\u0219ti.<\/em><\/p>\n<p><em>\u00a0Pre\u021bul nev\u0103zut al t\u0103cerii din sal\u0103<\/em><\/p>\n<p>\u200b<em>Asta nu mai este de mult o simpl\u0103 incompeten\u021b\u0103 de birou. Este sabotaj cultural cu premeditare \u0219i afacere financiar\u0103.<\/em><\/p>\n<p>\u200b<em>S\u0103 acuzi actorii c\u0103\u00a0 &lt;&lt;nu produc&gt;&gt;\u00a0\u00een timp ce tu le refuzi dreptul la munc\u0103 pe scen\u0103 \u0219i direc\u021bionezi resursele spre tunuri de o sear\u0103 este de o tic\u0103lo\u0219ie rar\u0103. Un teatru nu este o sal\u0103 de festivit\u0103\u021bi \u0219i nici un magazin de \u00eenchiriat spa\u021bii. Un teatru este inima unui ora\u0219. C\u00e2nd stingi luminile pe scen\u0103 \u0219i la\u0219i actorii angaja\u021bi pe tu\u0219\u0103, nu economise\u0219ti bani publici \u2014 furi sufletul \u0219i identitatea unei comunit\u0103\u021bi.<\/em><\/p>\n<p><em>\u200bEste o ironie dureroas\u0103: \u00een timp ce din Foc\u0219ani pleac\u0103 tineri preg\u0103ti\u021bi de noi care cuceresc titluri de Campioni Mondiali pe scenele interna\u021bionale, acas\u0103, scena Teatrului Municipal este \u021binut\u0103 la congelator sub pretextul c\u0103 &lt;&lt;nu sunt bani&gt;&gt;, \u00een timp ce milioanele se scurg pe proiecte fantom\u0103.<\/em><\/p>\n<p>\u200b<em>Adev\u0103rul e simplu \u0219i doare: teatrul nu moare pentru c\u0103 nu are public sau pentru c\u0103 actorii &lt;&lt;nu muncesc&gt;&gt;. Moare pentru c\u0103 are conduc\u0103tori care se tem de reflectoare \u0219i de adev\u0103r mai mult dec\u00e2t se tem de propriul ridicol.<\/em><\/p>\n<p>\u200b<em>C\u00e2t despre pretextele fabricate pentru desfiin\u021barea trupei&#8230; s\u0103 nu uit\u0103m un detaliu esen\u021bial pe care istoria \u00eel repet\u0103 mereu: mandatele trec, interimatelor le expir\u0103 termenul, controalele financiare vin, iar conturile de troll se \u0219terg. Arta \u0219i demnitatea, \u00eens\u0103, r\u0103m\u00e2n.<\/em><\/p>\n<p><em>\u200bCortina se va ridica din nou, cu sau f\u0103r\u0103 permisiunea celor care \u00eencearc\u0103 s\u0103 o trag\u0103 definitiv!<\/em>\u201d-<strong><a href=\"https:\/\/www.facebook.com\/adrian.damian.125?__cft__%5B0%5D=AZZ24t4TayRm_Y3LvRl_Gcuj_87kS0kUYK657iJhkX2-2_divKv9GT5wr10x6CgsH59OfelJbtODJ9eMBqbRN1VKd6_gJBE-njg6YLjK0QzmQBELchhznMkaqAJsXIFmLxsWuG5Xd-Gi8gkP2ZruerliFGwPxKmeVz5U38NPGMFyALflor-fkYAr66QBdRYA1SIM6AqRbfSbbiKw_B22jzdg6_OjyF6GIgdmq8Xk_P3REw&amp;__tn__=-%5DC%2CP-y-R\">Adrian Damian<\/a><\/strong><\/p>\n<p><strong>Citi\u021bi \u0219i con\u021binutul post\u0103rii activat\u0103 pe contul de facebook al consilierului local USR\u00a0<a href=\"https:\/\/www.facebook.com\/alexandratataru2013?__tn__=-UC*F\" target=\"_blank\">Alexandra T\u0103taru<\/a>\u00a0care a votat, \u00een \u0219edin\u021ba de joi 30 iulie\u00a02026\u00a0 a Consiliului Local al Municipiului Foc\u0219ani, \u00eempotriva proiectului de transformare a Teatrului \u201eMaior Gheorghe Pastia\u201d din teatru de repertoriu \u00een teatru de proiecte<\/strong><\/p>\n<p>\u201e<em>\u00cenainte de toate, vreau s\u0103 spun un lucru simplu: actorii Teatrului Municipal nu meritau s\u0103 fie umili\u021bi.<br \/><\/em><\/p>\n<p>Ast\u0103zi, majoritatea din Consiliul Local a votat proiectul prin care, \u00een fapt, se pune cap\u0103t teatrului de repertoriu din Foc\u0219ani. Am votat \u00eempotriv\u0103, pentru c\u0103 nu pot accepta ca o institu\u021bie de cultur\u0103 s\u0103 fie redus\u0103 la o simpl\u0103 problem\u0103 contabil\u0103.<\/p>\n<p><em>Mai dureroase dec\u00e2t voturile au fost \u00eens\u0103 discursurile &lt;&lt;argumentative&gt;&gt;\u00a0pentru desfiin\u021barea trupei de actori.<br \/><\/em><\/p>\n<p>\u00cen \u0219edin\u021b\u0103, actorii au fost prezenta\u021bi ca oameni care &lt;&lt;nu fac nimic&gt;&gt;, care ar fi fost pl\u0103ti\u021bi &lt;&lt;s\u0103 stea degeaba&gt;&gt;\u00a0\u0219i care ar reprezenta o risip\u0103 a banului public. Vorbim despre profesioni\u0219ti care au urcat pe scen\u0103 ani la r\u00e2nd, au reprezentat acest ora\u0219 \u0219i au contribuit la prestigiul s\u0103u cultural.<\/p>\n<p>Indiferent de op\u021biunea politic\u0103 sau de solu\u021bia administrativ\u0103 aleas\u0103, astfel de oameni merit\u0103 respect, nu dispre\u021b.<\/p>\n<p><em>Cultura nu este un moft \u0219i nu este o cheltuial\u0103 inutil\u0103. Ea este ceea ce diferen\u021biaz\u0103 un ora\u0219 care doar exist\u0103 de unul care tr\u0103ie\u0219te.<br \/><\/em><\/p>\n<p>\u00cen doar doi ani, administra\u021bia actual\u0103 a reu\u0219it s\u0103 comaseze institu\u021bii culturale, a desfiin\u021bat Corul Pastorala \u0219i, acum, s\u0103 reu\u0219easc\u0103 desfiin\u021beze \u0219i teatrul de repertoriu. M\u0103 \u00eentreb ce va urma. Ce fel de ora\u0219 vrem s\u0103 l\u0103s\u0103m genera\u021biilor viitoare? Un ora\u0219 f\u0103r\u0103 arti\u0219ti, f\u0103r\u0103 spectacole produc\u021bii proprii, f\u0103r\u0103 identitate cultural\u0103? Se r\u0103suce\u0219te \u00een morm\u00e2nt Maiorul Pastia, cel care a l\u0103sat un testament ce nimeni nu a \u00eendr\u0103znit s\u0103-l \u00eencalce p\u00e2n\u0103 la actuala administra\u021bie. P\u0103cat!<\/p>\n<p><em>Economiile bugetare sunt necesare atunci c\u00e2nd sunt f\u0103cute cu responsabilitate. Dar economiile care sacrific\u0103 oameni \u0219i cultura au un cost pe care \u00eel vom pl\u0103ti cu to\u021bii, ani la r\u00e2nd.<br \/><\/em><\/p>\n<p>Ast\u0103zi nu au pierdut doar patru actori. Ast\u0103zi a pierdut Foc\u0219aniul.\u201d-<strong><a href=\"https:\/\/www.facebook.com\/alexandratataru2013?__tn__=-UC*F\">Alexandra T\u0103taru<\/a><\/strong><\/p>\n<p><strong>Citi\u021bi \u0219i con\u021binutul integral al post\u0103rii activat\u0103 joi seara 30 iulie 2026, dup\u0103 desf\u0103\u0219urarea \u0219edin\u021bei Consililui Local al Municipiului Foc\u0219ani, pe contul de facebook <\/strong><a href=\"https:\/\/www.facebook.com\/primaria.focsani?__cft__%5B0%5D=AZYhNyxKvT4Qj4s_2c5jICD9TQ95ibucXtui2xoC11530kcEiCFYPjCFv4t7kk9hgD8NdjHrNVbWTPb7CnlXeCydSCXWsp15E4mn4BlGfLtCmCfGHGlqqjg4aLGX-ITg_kkTxHKCTJjgbdQw_dwdEH4UlG-WQHZtK_uerX20bKsqn9te79uN4yisaAosmwHhoBkFKANTtZQrc8NqE8CEXsx2rbYI3NK_LN0ZB3Auc_jgWw&amp;__tn__=-UC%2CP-R\"><strong>Prim\u0103ria Municipiului Foc\u0219ani<\/strong><\/a><strong>postare preluat\u0103 de pe contul de facebook<\/strong><strong><a href=\"https:\/\/www.facebook.com\/teatrulpastia?__cft__%5B0%5D=AZazyezjKlcFI_4W2uRGDWk0S5ies5gnZj4qVLqUlOfoTKs92CIW_P1mFLhNa_Sg51nYiJWwWHfb3LOH8d_DIicvrq4ToBkaPxM6VumEEZyJhNTIYW1UT33jWneRIDc_AKchE5glXccrXijEC3uPebWd03EbsZ8JCc2rRZXS49UUKkPlR2HfG90R6BQZg90pbnibj4QYkdlFaxTpnJ5Fyo39PSb-HJdNFYUX6Nw1_hpuCA&amp;__tn__=-UC*F\" target=\"_blank\">Teatrul Maior Gh. Pastia<\/a><\/strong><\/p>\n<p>\u201e <em>Reorganizarea Teatrului &lt;&lt;Maior Gheorghe Pastia&gt;&gt; \u2013 o decizie pentru dezvoltarea ofertei culturale, nu pentru diminuarea acesteia<\/em><\/p>\n<p><em>\u00cen aceast\u0103 perioad\u0103, Teatrul \u201eMaior Gheorghe Pastia\u201d parcurge un proces de reorganizare institu\u021bional\u0103 menit s\u0103 adapteze activitatea artistic\u0103 la realit\u0103\u021bile actuale ale managementului cultural \u0219i la principiile unei administr\u0103ri responsabile \u0219i eficiente a fondurilor publice.<\/em><\/p>\n<p><em>Dorim s\u0103 transmitem publicului foc\u0219\u0103nean, iubitor de teatru, un mesaj clar: transformarea modelului de func\u021bionare din teatru de repertoriu \u00een teatru de proiecte nu \u00eenseamn\u0103 desfiin\u021barea teatrului \u0219i nici renun\u021barea la actul artistic. Dimpotriv\u0103, reprezint\u0103 alinierea institu\u021biei la un model de organizare consacrat \u0219i utilizat cu succes de numeroase teatre din Rom\u00e2nia \u0219i din Europa, un model care permite o ofert\u0103 cultural\u0103 mai divers\u0103, mai dinamic\u0103 \u0219i mai bine adaptat\u0103 a\u0219tept\u0103rilor publicului contemporan.<\/em><\/p>\n<p><em>Respingem, \u00een consecin\u021b\u0103, afirma\u021biile tenden\u021bioase \u0219i alarmiste vehiculate \u00een spa\u021biul public potrivit c\u0103rora aceast\u0103 reorganizare ar avea ca scop desfiin\u021barea trupei de teatru sau diminuarea activit\u0103\u021bii culturale.<\/em><\/p>\n<p><em>Analiza activit\u0103\u021bii institu\u021biei din ultimii ani demonstreaz\u0103 c\u0103 activitatea artistic\u0103 permanent\u0103 era sus\u021binut\u0103 de numai patru actori angaja\u021bi, dintre care doar trei desf\u0103\u0219urau efectiv activitate. O asemenea structur\u0103 este insuficient\u0103 pentru func\u021bionarea unui teatru de repertoriu, care presupune existen\u021ba unui colectiv artistic capabil s\u0103 sus\u021bin\u0103 permanent spectacole variate, premiere regulate \u0219i o stagiune complet\u0103<\/em>.<\/p>\n<p><em>\u00cen acela\u0219i timp, aceea\u0219i analiz\u0103 arat\u0103 c\u0103, de mai mul\u021bi ani, peste 70% din activitatea artistic\u0103 a teatrului se desf\u0103\u0219oar\u0103 deja \u00een sistem de proiecte, prin spectacole achizi\u021bionate, colabor\u0103ri \u0219i invita\u021bii adresate altor trupe. Activitatea proprie reprezint\u0103 doar o pondere redus\u0103, ceea ce confirm\u0103 faptul c\u0103 reorganizarea nu schimb\u0103 radical modul de func\u021bionare al institu\u021biei, ci \u00eel adapteaz\u0103 unei realit\u0103\u021bi existente.<\/em><\/p>\n<p><em>Din acest motiv, apreciem c\u0103 reorganizarea este o m\u0103sur\u0103 coerent\u0103 din punct de vedere administrativ \u0219i managerial, care ofer\u0103 cadrul necesar dezvolt\u0103rii activit\u0103\u021bii artistice, f\u0103r\u0103 a afecta identitatea cultural\u0103 a teatrului.<br \/><\/em><\/p>\n<p>De asemenea, respingem categoric afirma\u021biile potrivit c\u0103rora aceast\u0103 reorganizare ar urm\u0103ri realizarea unor economii bugetare. Astfel de interpret\u0103ri sunt lipsite de fundament. Modelul teatrului de proiecte nu presupune diminuarea finan\u021b\u0103rii culturii, ci utilizarea resurselor \u00eentr-un mod mai eficient \u0219i orientarea lor c\u0103tre produc\u021bii artistice diverse \u0219i de calitate, finan\u021bate \u00een continuare din bugetul local.<\/p>\n<p><em>Spre deosebire de teatrul de repertoriu, unde costurile salariale sunt suportate permanent indiferent de succesul produc\u021biilor, teatrul de proiecte permite evaluarea fiec\u0103rei produc\u021bii prin prisma impactului artistic \u0219i a interesului publicului. Proiectele apreciate pot fi dezvoltate \u0219i reluate, iar cele care nu \u00ee\u0219i ating obiectivele pot fi \u00eenlocuite cu ini\u021biative noi, oferind astfel o utilizare mai eficient\u0103 a fondurilor publice \u0219i o adaptare permanent\u0103 la dinamica vie\u021bii culturale.<\/em><\/p>\n<p><em>Totodat\u0103, noul model va facilita colaborarea cu regizori consacra\u021bi, actori ai marilor teatre din \u021bar\u0103, arti\u0219ti independen\u021bi \u0219i creatori din diferite domenii culturale, ceea ce va permite realizarea unor produc\u021bii de anvergur\u0103, cu distribu\u021bii complexe \u0219i un nivel artistic ridicat.<\/em><\/p>\n<p><em>\u00cen egal\u0103 m\u0103sur\u0103, reorganizarea creeaz\u0103 premisele acces\u0103rii unor surse suplimentare de finan\u021bare, inclusiv prin intermediul Administra\u021biei Fondului Cultural Na\u021bional (AFCN), al fondurilor europene \u0219i al altor programe na\u021bionale destinate sus\u021binerii proiectelor culturale, oferind astfel noi oportunit\u0103\u021bi de dezvoltare pentru institu\u021bie \u0219i pentru publicul foc\u0219\u0103nean.<br \/><\/em><\/p>\n<p>\u00cen\u021belegem c\u0103 orice schimbare, cu at\u00e2t mai mult una care prive\u0219te domeniul cultural \u0219i oamenii care \u0219i-au dedicat activitatea scenei, poate genera emo\u021bii \u0219i opinii diferite. Respect\u0103m dreptul fiec\u0103rei persoane de a-\u0219i exprima punctul de vedere \u0219i consider\u0103m c\u0103 toate opiniile formulate cu bun\u0103-credin\u021b\u0103 merit\u0103 ascultate.<\/p>\n<p><em>\u00cen acela\u0219i timp, credem c\u0103 dezbaterea privind viitorul Teatrului \u201eMaior Gheorghe Pastia\u201d trebuie purtat\u0103 cu responsabilitate, argumente \u0219i respect reciproc. Din p\u0103cate, \u00een ultimele zile, o parte dintre reac\u021biile din spa\u021biul public au dep\u0103\u0219it limitele unui dialog civilizat, fiind \u00eenlocuite de atacuri la persoan\u0103 \u0219i exprim\u0103ri incompatibile cu statutul pe care \u00eel presupune apartenen\u021ba la mediul artistic \u0219i cultural.<br \/><\/em><\/p>\n<p>R\u0103m\u00e2nem consecven\u021bi convingerii c\u0103 interesul public, dezvoltarea ofertei culturale \u0219i administrarea responsabil\u0103 a resurselor trebuie s\u0103 prevaleze asupra intereselor individuale sau a reac\u021biilor emo\u021bionale de moment.<\/p>\n<p><em>Teatrul &lt;&lt;Maior Gheorghe Pastia&gt;&gt; \u00ee\u0219i va continua misiunea de a fi un spa\u021biu al crea\u021biei, al dialogului \u0219i al \u00eent\u00e2lnirii dintre arti\u0219ti \u0219i public. Privim aceast\u0103 reorganizare nu ca pe un sf\u00e2r\u0219it, ci ca pe \u00eenceputul unei noi etape de dezvoltare, prin care ne propunem s\u0103 oferim foc\u0219\u0103nenilor mai multe spectacole, mai mult\u0103 diversitate artistic\u0103 \u0219i un teatru deschis colabor\u0103rilor, performan\u021bei \u0219i excelen\u021bei culturale<\/em><\/p>\n<p><em>Cultura nu \u00eenseamn\u0103 conservarea unui model administrativ care \u0219i-a dovedit limitele, ci capacitatea de a crea, de a evolua \u0219i de a aduce publicului spectacole de calitate. Misiunea administra\u021biei este s\u0103 asigure cadrul prin care actul artistic s\u0103 se dezvolte, nu s\u0103 men\u021bin\u0103 artificial formule de organizare care nu mai r\u0103spund realit\u0103\u021bilor actuale.<\/em>\u201d&#8211;<strong><em>Conducerea teatrului\u00a0<\/em><\/strong><\/p>\n<\/div>\n<hr>\n<p> Fisiere atasate<\/p>\n<ul class=\"list-group\">\n<li><a target=\"_blank\" href=\"https:\/\/zdvi.cname.ro\/static\/data\/mediaPool\/uldXrpc.docx\">Nota de Fundamentare reorganizare Teatru -CL.docx<\/a><\/li>\n<\/ul>\n<div class=\"bloc-widget widget-rosu\">\n<p>\u00cen lipsa unui acord scris din partea Ziarului de Vrancea, pute\u0163i prelua maxim 500 de caractere din acest articol dac\u0103 preciza\u0163i sursa \u015fi insera\u0163i vizibil link-ul articolului:\u00a0<span>#insertcurrentlinkhere<\/span><\/p>\n<\/div>\n<div class=\"extra-articol listing-anunturi\">\n<h6>Anun\u021buri <span class=\"text-primary\">ZdV<\/span> Premium<\/h6>\n<div class=\"row\">\n<div class=\"col-lg-4 col-md-6 bloc-egal\"><a class=\"card-anunt\" href=\"https:\/\/ziaruldevrancea.ro\/anunturi\/imobiliare\/vanzari-terenuri\/vand-teren-in-panciu\"><strong class=\"titlu\">V\u00e2nz\u0103ri terenuri<\/strong><span class=\"text-anunt\">Teren Panciu 1170 mp, cu num\u0103r cas\u0103, ap\u0103&#8230;<\/span><span class=\"data-anunt\">29.07.2026  <\/span><\/a><\/div>\n<div class=\"col-lg-4 col-md-6 bloc-egal\"><a class=\"card-anunt\" href=\"https:\/\/ziaruldevrancea.ro\/anunturi\/altele\/anulare-acte\/vand-scrumbii-afumate-capturi-dunare\"><strong class=\"titlu\">Vanzari diverse<\/strong><span class=\"text-anunt\">Pret : 117 lei \/ kg . \u00a0 Este&#8230;<\/span><span class=\"data-anunt\">29.07.2026 , Gala\u021bi , Gala\u021bi<\/span><\/a><\/div>\n<div class=\"col-lg-4 col-md-6 bloc-egal\"><a class=\"card-anunt\" href=\"https:\/\/ziaruldevrancea.ro\/anunturi\/necrolog\/decese\/dumnezeu-sa-o-aseze-in-randul-celor-drepti\"><strong class=\"titlu\">Decese<\/strong><span class=\"text-anunt\">Cu profund\u0103 durere, familia anun\u021b\u0103 trecerea la&#8230;<\/span><span class=\"data-anunt\">28.07.2026  <\/span><\/a><\/div>\n<\/div>\n<\/div>\n<div class=\"extra-articol alte-articole\">\n<div class=\"row\">\n<div class=\"col-lg-6 bloc-egal\">\n<div class=\"card articol-listing\">\n<h6>\u00cen categoria <a href=\"https:\/\/ziaruldevrancea.ro\/actualitatea\/stiri-locale\">Local<\/a><\/h6>\n<div class=\"grup-articol-listing\">\n<div class=\"cont-pils\"><a href=\"https:\/\/ziaruldevrancea.ro\/actualitatea\/stiri-locale\/foto-pompierii-isu-vrancea-au-dus-lectii-de-siguranta-in-gura-calitei\"><img decoding=\"async\" src=\"https:\/\/zdvi.cname.ro\/180_135\/actualitatea\/stiri-locale\/foto-pompierii-isu-vrancea-au-dus-lectii-de-siguranta-in-gura-calitei\/mediaPool\/unTARgF.jpeg\" class=\"img-responsive img-180\" alt><\/a><\/div>\n<h2><a class=\"link-titlu\" href=\"https:\/\/ziaruldevrancea.ro\/actualitatea\/stiri-locale\/foto-pompierii-isu-vrancea-au-dus-lectii-de-siguranta-in-gura-calitei\">Foto | Pompierii ISU Vrancea au dus lec\u021bii de siguran\u021b\u0103 \u00een Gura Cali\u021bei<\/a><\/h2>\n<div class=\"date-post\"><a href=\"https:\/\/ziaruldevrancea.ro\/autor\/petre-paraschiv\">Petre Paraschiv<\/a>, 31 iul 2026  <\/div>\n<\/div>\n<div class=\"grup-articol-listing\">\n<div class=\"cont-pils\"><a href=\"https:\/\/ziaruldevrancea.ro\/actualitatea\/stiri-locale\/vrancea-soferii-cu-permis-categoria-b-care-fac-transport-contra-cost-trebuie-sa-obtina-un-document-obligatoriu.\"><img decoding=\"async\" src=\"https:\/\/zdvi.cname.ro\/180_135\/actualitatea\/stiri-locale\/vrancea-soferii-cu-permis-categoria-b-care-fac-transport-contra-cost-trebuie-sa-obtina-un-document-obligatoriu.\/mediaPool\/uABp3Hl.jpg\" class=\"img-responsive img-180\" alt><\/a><\/div>\n<h2><a class=\"link-titlu\" href=\"https:\/\/ziaruldevrancea.ro\/actualitatea\/stiri-locale\/vrancea-soferii-cu-permis-categoria-b-care-fac-transport-contra-cost-trebuie-sa-obtina-un-document-obligatoriu.\">Vrancea: \u0218oferii cu permis categoria B care fac transport contra cost trebuie s\u0103 ob\u021bin\u0103 un document obligatoriu<\/a><\/h2>\n<div class=\"date-post\"><a href=\"https:\/\/ziaruldevrancea.ro\/autor\/ionel-sclavone\">Ionel Sclavone<\/a>, 31 iul 2026  <\/div>\n<\/div>\n<div class=\"grup-articol-listing\">\n<div class=\"cont-pils\"><a href=\"https:\/\/ziaruldevrancea.ro\/actualitatea\/stiri-locale\/comisariatul-militar-din-focsani-un-simbol-al-istoriei-vrancei-renaste-prin-restaurare.-povestea-cladirii-care-a-gazduit-divizia-6-infanterie\"><img decoding=\"async\" src=\"https:\/\/zdvi.cname.ro\/180_135\/actualitatea\/stiri-locale\/comisariatul-militar-din-focsani-un-simbol-al-istoriei-vrancei-renaste-prin-restaurare.-povestea-cladirii-care-a-gazduit-divizia-6-infanterie\/mediaPool\/u5btavU.jpg\" class=\"img-responsive img-180\" alt><\/a><\/div>\n<h2><a class=\"link-titlu\" href=\"https:\/\/ziaruldevrancea.ro\/actualitatea\/stiri-locale\/comisariatul-militar-din-focsani-un-simbol-al-istoriei-vrancei-renaste-prin-restaurare.-povestea-cladirii-care-a-gazduit-divizia-6-infanterie\">Comisariatul Militar din Foc\u0219ani, un simbol al istoriei Vrancei, rena\u0219te prin restaurare. Povestea cl\u0103dirii care a g\u0103zduit Divizia 6 Infanterie<\/a><\/h2>\n<div class=\"date-post\"><a href=\"https:\/\/ziaruldevrancea.ro\/autor\/florin-marian-dirdala\">Florin Marian D\u00eerdal\u0103<\/a>, 31 iul 2026  <\/div>\n<\/div>\n<\/div>\n<\/div>\n<div class=\"col-lg-6 bloc-egal\">\n<div class=\"card articol-listing\">\n<h6>De acela\u0219i <a href=\"https:\/\/ziaruldevrancea.ro\/autor\/nicolae-manoliu\/\">autor<\/a><\/h6>\n<div class=\"grup-articol-listing\">\n<div class=\"cont-pils\"><a href=\"https:\/\/ziaruldevrancea.ro\/actualitatea\/stiri-locale\/descinderi-ale-politistilor-la-primaria-panciu.ipj-vrancea-confirma-un-dosar-penal-pentru-abuz-in-serviciu-delapidare-si-alte-infractiuni\"><img decoding=\"async\" src=\"https:\/\/zdvi.cname.ro\/180_135\/actualitatea\/stiri-locale\/descinderi-ale-politistilor-la-primaria-panciu.ipj-vrancea-confirma-un-dosar-penal-pentru-abuz-in-serviciu-delapidare-si-alte-infractiuni\/mediaPool\/ufn5cDV.jpg\" class=\"img-responsive img-180\" alt><\/a><\/div>\n<h2><a class=\"link-titlu\" href=\"https:\/\/ziaruldevrancea.ro\/actualitatea\/stiri-locale\/descinderi-ale-politistilor-la-primaria-panciu.ipj-vrancea-confirma-un-dosar-penal-pentru-abuz-in-serviciu-delapidare-si-alte-infractiuni\">Descinderi ale poli\u021bi\u0219tilor la Prim\u0103ria Panciu.IPJ Vrancea confirm\u0103 un dosar penal pentru abuz \u00een serviciu, delapidare \u0219i alte infrac\u021biuni<\/a><\/h2>\n<div class=\"date-post\"><a href=\"https:\/\/ziaruldevrancea.ro\/autor\/nicolae-manoliu\">Nicolae Manoliu<\/a>, 30 iul 2026  <\/div>\n<\/div>\n<div class=\"grup-articol-listing\">\n<div class=\"cont-pils\"><a href=\"https:\/\/ziaruldevrancea.ro\/actualitatea\/stiri-locale\/20-de-ani-de-la-tragedia-care-a-indoliat-vrancea\"><img decoding=\"async\" src=\"https:\/\/zdvi.cname.ro\/180_135\/actualitatea\/stiri-locale\/20-de-ani-de-la-tragedia-care-a-indoliat-vrancea\/mediaPool\/uZKmDUo.png\" class=\"img-responsive img-180\" alt><\/a><\/div>\n<h2><a class=\"link-titlu\" href=\"https:\/\/ziaruldevrancea.ro\/actualitatea\/stiri-locale\/20-de-ani-de-la-tragedia-care-a-indoliat-vrancea\">VIDEO | 20 de ani de la tragedia care a \u00eendoliat Vrancea<\/a><\/h2>\n<div class=\"date-post\"><a href=\"https:\/\/ziaruldevrancea.ro\/autor\/nicolae-manoliu\">Nicolae Manoliu<\/a>, 28 iul 2026  <\/div>\n<\/div>\n<div class=\"grup-articol-listing\">\n<div class=\"cont-pils\"><a href=\"https:\/\/ziaruldevrancea.ro\/actualitatea\/stiri-locale\/agresiune-grava-in-vrancea-un-barbat-de-36-de-ani-este-in-stare-critica-dupa-un-conflict-produs-in-comuna-ploscuteni\"><img decoding=\"async\" src=\"https:\/\/zdvi.cname.ro\/180_135\/actualitatea\/stiri-locale\/agresiune-grava-in-vrancea-un-barbat-de-36-de-ani-este-in-stare-critica-dupa-un-conflict-produs-in-comuna-ploscuteni\/mediaPool\/uq2yB7n.png\" class=\"img-responsive img-180\" alt><\/a><\/div>\n<h2><a class=\"link-titlu\" href=\"https:\/\/ziaruldevrancea.ro\/actualitatea\/stiri-locale\/agresiune-grava-in-vrancea-un-barbat-de-36-de-ani-este-in-stare-critica-dupa-un-conflict-produs-in-comuna-ploscuteni\">Agresiune grav\u0103 \u00een Vrancea: un b\u0103rbat de 36 de ani este \u00een stare critic\u0103 dup\u0103 un conflict produs \u00een comuna Ploscu\u021beni<\/a><\/h2>\n<div class=\"date-post\"><a href=\"https:\/\/ziaruldevrancea.ro\/autor\/nicolae-manoliu\">Nicolae Manoliu<\/a>, 27 iul 2026  <\/div>\n<\/div>\n<\/div>\n<\/div>\n<\/div>\n<\/div>\n<div class=\"extra-articol listing-anunturi\">\n<h6>Anun\u021buri <span class=\"text-primary\">ZdV<\/span> Premium<\/h6>\n<div class=\"row\">\n<div class=\"col-lg-4 col-md-6 bloc-egal\"><a class=\"card-anunt\" href=\"https:\/\/ziaruldevrancea.ro\/anunturi\/imobiliare\/vanzari-case\/vand-casa-si-teren-in-panciu-anunt-72818\"><strong class=\"titlu\">V\u00e2nz\u0103ri case<\/strong><span class=\"text-anunt\">V\u00e2nd cas\u0103 cu 2 camere, buc\u0103t\u0103rie, baie,&#8230;<\/span><span class=\"data-anunt\">23.07.2026  <\/span><\/a><\/div>\n<div class=\"col-lg-4 col-md-6 bloc-egal\"><a class=\"card-anunt\" href=\"https:\/\/ziaruldevrancea.ro\/anunturi\/angajari\/cereri-angajari\/doresc-angajare-anunt-72815\"><strong class=\"titlu\">Cereri<\/strong><span class=\"text-anunt\">Doresc s\u0103 am grij\u0103 de un copil de gradini\u021b\u0103&#8230;<\/span><span class=\"data-anunt\">21.07.2026  <\/span><\/a><\/div>\n<div class=\"col-lg-4 col-md-6 bloc-egal\"><a class=\"card-anunt\" href=\"https:\/\/ziaruldevrancea.ro\/anunturi\/inchirieri\/locuinte-oferte\/primesc-in-gazda-anunt-72816\"><strong class=\"titlu\">Locuin\u021be oferte<\/strong><span class=\"text-anunt\">\u00a0Primesc \u00een gazd\u0103 la cas\u0103.<\/p>\n<p>Tel&#8230;.<\/span><span class=\"data-anunt\">21.07.2026  <\/span><\/a><\/div>\n<\/div>\n<\/div>\n<div class=\"bloc-widget widget-albastru\">\n    Ziarul de Vrancea \u00a0nu este responsabil juridic pentru con\u0163inutul textelor din comentariile de mai jos. Responsabilitatea pentru mesajele dumneavoastra v\u0103 revine \u00een exclusivitate.\n<\/div>\n<div class=\"comentarii-articol\" id=\"comentarii\">\n<h3>Comentarii: <span class=\"text-primary\">0<\/span><\/h3>\n<p><a href=\"https:\/\/ziaruldevrancea.ro\/actualitatea\/stiri-locale\/consiliul-local-focsani-a-aprobat-transformarea-teatrului-maior-gheorghe-pastia-din-teatru-de-repertoriu-in-teatru-de-proiecte\" class=\"btn btn-success btn-adauga-com\" data-toggle=\"modal\" data-parent=\"0\" data-target=\"#commentModal\">Adaug\u0103 comentariu<\/a><\/p>\n<div class=\"loadMask comments-mask\"><img decoding=\"async\" src=\"https:\/\/zdvs.cname.ro\/images\/loader_40.gif\"><\/div>\n<div class=\"comenteaza-jos\">Trebuie s\u0103 fii <a href=\"https:\/\/ziaruldevrancea.ro\/account\">autentificat<\/a> pentru a putea <a href=\"https:\/\/ziaruldevrancea.ro\/actualitatea\/stiri-locale\/consiliul-local-focsani-a-aprobat-transformarea-teatrului-maior-gheorghe-pastia-din-teatru-de-repertoriu-in-teatru-de-proiecte\" class data-toggle=\"modal\" data-parent=\"0\" data-target=\"#commentModal\">posta un comentariu<\/a>.<\/div>\n<\/div>\n<div class=\"modal fade\" id=\"commentModal\" role=\"dialog\" aria-labelledby=\"commentModalLabel\">\n<div class=\"modal-dialog modal-lg\" role=\"document\">\n<div class=\"modal-content\">\n<div class=\"modal-header\">\n<h3 class=\"modal-title\" id=\"commentModalLabel\">Comenteaz\u0103<\/h3>\n<\/div>\n<div class=\"modal-body\">\n<div class=\"tabel tabel-full\">\n<div class=\"celula\">\n              Trebuie s\u0103 fii <a href=\"https:\/\/ziaruldevrancea.ro\/account\">autentificat<\/a> pentru a putea posta un comentariu.\n            <\/div>\n<\/div>\n<\/div>\n<div class=\"modal-footer\">\n<div id=\"commentPending\" class=\"formPending pull-left\"><img decoding=\"async\" src=\"https:\/\/zdvs.cname.ro\/images\/loader_40.gif\"> In curs de procesare&#8230;<\/div>\n<p><a href=\"https:\/\/ziaruldevrancea.ro\/actualitatea\/stiri-locale\/consiliul-local-focsani-a-aprobat-transformarea-teatrului-maior-gheorghe-pastia-din-teatru-de-repertoriu-in-teatru-de-proiecte\" class=\"btn btn-default\" data-dismiss=\"modal\">Anuleaz\u0103<\/a><\/div>\n<\/div>\n<\/div>\n<\/div>\n<div class=\"modal fade\" id=\"commentReportModal\" role=\"dialog\" aria-labelledby=\"commentReportModalLabel\">\n<div class=\"modal-dialog modal-lg\" role=\"document\">\n<div class=\"modal-content\">\n<div class=\"modal-header\">\n<h3 class=\"modal-title\" id=\"commentReportModalLabel\">Raporteaza comentariu<\/h3>\n<\/div>\n<div class=\"modal-body\">\n<div class=\"tabel tabel-full\">\n<div class=\"celula\">\n              Trebuie s\u0103 fii <a href=\"https:\/\/ziaruldevrancea.ro\/account\">autentificat<\/a> pentru a putea raporta un comentariu.\n            <\/div>\n<\/div>\n<\/div>\n<div class=\"modal-footer\">\n<div id=\"commentReportPending\" class=\"formPending pull-left\"><img decoding=\"async\" src=\"https:\/\/zdvs.cname.ro\/images\/loader_40.gif\"> In curs de procesare&#8230;<\/div>\n<p><a href=\"https:\/\/ziaruldevrancea.ro\/actualitatea\/stiri-locale\/consiliul-local-focsani-a-aprobat-transformarea-teatrului-maior-gheorghe-pastia-din-teatru-de-repertoriu-in-teatru-de-proiecte\" class=\"btn btn-default\" data-dismiss=\"modal\">Anuleaz\u0103<\/a><\/div>\n<\/div>\n<\/div>\n<\/div>\n<div class=\"modal fade\" id=\"commentLikeModal\" role=\"dialog\" aria-labelledby=\"commentLikeModalLabel\">\n<div class=\"modal-dialog modal-lg\" role=\"document\">\n<div class=\"modal-content\">\n<div class=\"modal-header\">\n<h3 class=\"modal-title\" id=\"commentReportModalLabel\">Apreciaza comentariu<\/h3>\n<\/div>\n<div class=\"modal-body\">\n<div class=\"tabel tabel-full\">\n<div class=\"celula\">\n            Trebuie s\u0103 fii <a href=\"https:\/\/ziaruldevrancea.ro\/account\">autentificat<\/a> pentru a putea aprecia un comentariu.\n          <\/div>\n<\/div>\n<\/div>\n<div class=\"modal-footer\"><a href=\"https:\/\/ziaruldevrancea.ro\/actualitatea\/stiri-locale\/consiliul-local-focsani-a-aprobat-transformarea-teatrului-maior-gheorghe-pastia-din-teatru-de-repertoriu-in-teatru-de-proiecte\" class=\"btn btn-default\" data-dismiss=\"modal\">Anuleaz\u0103<\/a><\/div>\n<\/div>\n<\/div>\n<\/div>\n<div class=\"bloc-widget widget-rosu\"><span><small>Ziarul de Vrancea doreste ca acest site sa fie un spatiu al discutiilor civilizate, al comentariilor de bun simt. Din acest motiv, cei care posteaza comentarii la articole trebuie sa respecte urmatoarele reguli:<br \/>\n1. Sa se refere doar la articolul la care posteaza comentarii.<br \/>\n2. Sa foloseasca un limbaj civilizat, fara injurii, calomnii, comentarii antisemite, xenofobe sau rasiste.<br \/>\n3. Sunt interzise atacurile la adresa autorilor, daca acestea nu au legatura cu textul.<br \/>\n4. Username-ul sa nu fie nume de personalitati ale vietii publice sau parodieri ale acestora.<br \/>\nAutorul unui articol poate fi criticat pentru eventuale greseli, incoerenta, lipsa de documentare etc.<br \/>\nNerespectarea regulilor mentionate mai sus va duce la stergerea comentariilor, fara avertisment si fara explicatii.<br \/>\nAbaterile repetate vor avea drept consecinta interdictia accesului la aceasta facilitate a site-ului.<\/small><\/span><\/div>\n<\/div>\n<p>[analyse_source url=&#8221;https:\/\/ziaruldevrancea.ro\/actualitatea\/stiri-locale\/consiliul-local-focsani-a-aprobat-transformarea-teatrului-maior-gheorghe-pastia-din-teatru-de-repertoriu-in-teatru-de-proiecte&#8221;]<\/p>\n","protected":false},"excerpt":{"rendered":"<p>[analyse_image type=&#8221;featured&#8221; src=&#8221;https:\/\/zdvi.cname.ro\/_\/consiliul-local-focsani-a-aprobat-transformarea-teatrului-maior-gheorghe-pastia-din-teatru-de-repertoriu-in-teatru-de-proiecte\/mediaPool\/ud81Wmv.jpg&#8221;] Local Consiliul Local Foc\u0219ani a aprobat transformarea Teatrului \u201eMaior Gheorghe Pastia\u201d din teatru de repertoriu \u00een teatru de proiecte Distribuie: \u00a0 | Nicolae Manoliu 31 iul 2026600 vizualiz\u0103ri \u200bReorganizarea institu\u021biei de cultur\u0103 a provocat reac\u021bii puternice \u00een \u0219edin\u021ba Consiliului Local \u0219i \u00een mediul online. Actorul Adrian Damian acuz\u0103 \u201edesfiin\u021barea trupei de actori\u201d, [&hellip;]<\/p>\n","protected":false},"author":1,"featured_media":0,"comment_status":"open","ping_status":"","sticky":false,"template":"","format":"standard","meta":{"footnotes":""},"categories":[89],"tags":[226,208],"class_list":["post-2071122","post","type-post","status-publish","format-standard","hentry","category-romania","tag-crawlmanager","tag-ziaruldevrancea-ro"],"_links":{"self":[{"href":"https:\/\/analyse.optim.biz\/index.php?rest_route=\/wp\/v2\/posts\/2071122","targetHints":{"allow":["GET"]}}],"collection":[{"href":"https:\/\/analyse.optim.biz\/index.php?rest_route=\/wp\/v2\/posts"}],"about":[{"href":"https:\/\/analyse.optim.biz\/index.php?rest_route=\/wp\/v2\/types\/post"}],"author":[{"embeddable":true,"href":"https:\/\/analyse.optim.biz\/index.php?rest_route=\/wp\/v2\/users\/1"}],"replies":[{"embeddable":true,"href":"https:\/\/analyse.optim.biz\/index.php?rest_route=%2Fwp%2Fv2%2Fcomments&post=2071122"}],"version-history":[{"count":0,"href":"https:\/\/analyse.optim.biz\/index.php?rest_route=\/wp\/v2\/posts\/2071122\/revisions"}],"wp:attachment":[{"href":"https:\/\/analyse.optim.biz\/index.php?rest_route=%2Fwp%2Fv2%2Fmedia&parent=2071122"}],"wp:term":[{"taxonomy":"category","embeddable":true,"href":"https:\/\/analyse.optim.biz\/index.php?rest_route=%2Fwp%2Fv2%2Fcategories&post=2071122"},{"taxonomy":"post_tag","embeddable":true,"href":"https:\/\/analyse.optim.biz\/index.php?rest_route=%2Fwp%2Fv2%2Ftags&post=2071122"}],"curies":[{"name":"wp","href":"https:\/\/api.w.org\/{rel}","templated":true}]}}