{"id":2071121,"date":"2026-07-30T00:00:00","date_gmt":"2026-07-29T21:00:00","guid":{"rendered":"https:\/\/analyse.optim.biz\/?p=2071121"},"modified":"2026-07-30T00:00:00","modified_gmt":"2026-07-29T21:00:00","slug":"ajutor-de-la-stat-pentru-fermierii-din-vrancea-afectati-de-seceta-din-2025-cine-primeste-pana-la-333-de-lei-pe-hectar","status":"publish","type":"post","link":"https:\/\/analyse.optim.biz\/?p=2071121","title":{"rendered":"Ajutor de la stat pentru fermierii din Vrancea afecta\u021bi de seceta din 2025. Cine prime\u0219te p\u00e2n\u0103 la 333 de lei pe hectar"},"content":{"rendered":"<p>[analyse_image type=&#8221;featured&#8221; src=&#8221;https:\/\/zdvi.cname.ro\/_\/ajutor-de-la-stat-pentru-fermierii-din-vrancea-afectati-de-seceta-din-2025.-cine-primeste-pana-la-333-de-lei-pe-hectar\/mediaPool\/uDTACZ7.jpg&#8221;]<\/p>\n<div class=\"main-content detaliu-articol\"><a class=\"titlu-cat-list\" href=\"https:\/\/ziaruldevrancea.ro\/actualitatea\/stiri-locale\">Local<\/a><\/p>\n<h1>Ajutor de la stat pentru fermierii din Vrancea afecta\u021bi de seceta din 2025. Cine prime\u0219te p\u00e2n\u0103 la 333 de lei pe hectar<\/h1>\n<div class=\"date-articol clearfix\">\n<div class=\"distribuie-articol dropdown\">\n    Distribuie: \u00a0<br \/>\n    <em>|<\/em><\/div>\n<div class=\"autor-articol\"><a href=\"https:\/\/ziaruldevrancea.ro\/autor\/ionel-sclavone\/\"><img decoding=\"async\" class=\"img-circle\" src=\"https:\/\/zdvi.cname.ro\/50_50\/articleAuthor\/ionel-sclavone\/articleAuthor\/uE4otUS.jpg\" alt><\/a><\/p>\n<h5><a href=\"https:\/\/ziaruldevrancea.ro\/autor\/ionel-sclavone\/\">Ionel Sclavone<\/a><\/h5>\n<div class=\"grup-spatiere\"><span class=\"cu-spatiere\">30 iul 2026<\/span><span class=\"cu-spatiere\">478 vizualiz\u0103ri<\/span><\/div>\n<\/div>\n<\/div>\n<div class=\"poza-mare\"><a href class=\"openGallery\"><img decoding=\"async\" class=\"img-responsive\" src=\"https:\/\/zdvi.cname.ro\/850_530\/ajutor-de-la-stat-pentru-fermierii-din-vrancea-afectati-de-seceta-din-2025.-cine-primeste-pana-la-333-de-lei-pe-hectar\/article\/mediaPool\/uDTACZ7.jpg\" alt><\/a><\/div>\n<p><strong>Produc\u0103torii agricoli vr\u00e2nceni care au \u00eenregistrat pierderi la culturile de porumb \u0219i floarea-soarelui din cauza secetei pedologice din 2025 vor beneficia de un sprijin financiar acordat prin APIA. Valoarea ajutorului poate ajunge la 333 de lei pentru fiecare hectar afectat, \u00een func\u021bie de gradul pagubelor constatate.<\/strong><\/p>\n<p><strong>Ajutor de la stat pentru fermerii vr\u00e2nceni afecta\u021bi de seceta pedologic\u0103 din 2025<\/strong><\/p>\n<p><strong>Produc\u0103torii agricoli din jude\u021bul Vrancea, ale c\u0103ror culturi de porumb \u0219i floarea soarelui au fost afectate de seceta de anul trecut, vor beneficia de un ajutor financiar. Sume acordat\u0103, \u00een func\u021bie de daunele suferite se va ridica la cel mult 333 de lei, respectiv 63 euro, pentru fiecare hectar.<\/strong><\/p>\n<p>Fermierii vr\u00e2ncceni vor beneficia de un ajutor financiar de la stat, pentru culturile de floarea soarelui \u0219i porumb distruse de seceta de anul trecut. Prin aceast\u0103 schema de ajutor se dore\u0219te compensarea pierderilor provocate culturilor.<\/p>\n<p>Daunele pentru suprafe\u0163ele cultivate cu porumb \u015fi\/sau floarea soarelui afectate de secet\u0103, \u00een 2025, este cuprins\u0103 \u00eentre 210 euro\/ha \u015fi 890 euro\/ha, \u00een func\u0163ie de gradul de afectare al culturilor \u00een cauz\u0103, conform datelor centralizate la Ministerul Agriculturii.<\/p>\n<p>Banii vor veni, \u00een parte, de la Comisia European\u0103 care a adoptat Regulamentul care prevede acordarea unui sprijin financiar fermierilor care activeaz\u0103 \u00een sectoarele agricole afectate de fenomene climatice nefavorabile \u015fi de dezastre naturale. Ajutorul va fi alocat urm\u0103toarelor state: Croa\u0163ia, Cipru, Portugalia, Rom\u00e2nia \u015fi Slovenia.<\/p>\n<p>\u00cen total pentru fermierii rom\u00e2ni a fost alocat un buget de 155,362 milioane de lei, reprezent\u00e2nd echivalentul a 29,6 milioane de euro. Din sum total\u0103, 77,681 milioane lei provin din Fondul European de Garantare Agricol\u0103 \u0219i reprezint\u0103 finan\u021bare european\u0103 nerambursabil\u0103. Diferen\u021bade 77,681 milioane de lei provin din bugetul alocat Ministerului Agriculturii pe anul 2026.<\/p>\n<p>\u201eM\u0103surile prin care se acord\u0103 un sprijin excep\u0163ional \u0163in seama de pierderile economice suportate de fermierii afecta\u0163i \u015fi garanteaz\u0103 c\u0103 pl\u0103\u0163ile efectuate nu provoac\u0103 nicio denaturare a pie\u0163ei sau a concuren\u0163ei\u201d, se arat\u0103 \u00een proiectul de act normativ.<\/p>\n<p>Banii vor fi aloca\u021bi sub form\u0103 de grant produc\u0103torilor agricoli, pentru suprafe\u0163ele cultivate cu porumb \u015fi\/sau floarea-soarelui, afectate semnificativ de secet\u0103 pedologic\u0103, din anul 2025. Ajutoarele pot fi cumulate \u0219i cu alte forme de sprijin finan\u0163ate de Fondul european de garantare agricol\u0103 \u015fi de Fondul european agricol pentru dezvoltare rural\u0103.<\/p>\n<p><strong>Cum se stabile\u0219te valoarea ajutorului<\/strong><\/p>\n<p>Autoritatea responsabil\u0103 cu implementarea schemei de ajutor este Agen\u0163ia de Pl\u0103\u0163i \u015fi Interven\u0163ie pentru Agricultur\u0103 (APIA), prin aparatul central \u015fi prin centrele jude\u0163ene.<\/p>\n<p>A\u0219a cum ar\u0103tam valoarea ajutorului acordat este de 333 lei\/ha \u015fi reprezint\u0103 echivalentul sumei de maximum 63 euro pe hectar, pentru suprafe\u0163ele afectate, \u00een procente care pornesc de la minimum 30%. conform procesului\u2013verbal de constatare \u015fi evaluare a pagubelor.<\/p>\n<p>Pentru culturile afectate \u00een propor\u021bie de 90% inclusiv, p\u00e2n\u0103 la 100% ajutorul acordat este de 333 lei pe ha.<\/p>\n<p>Pentru celelalte suprafe\u021be, valoarea se stabile\u0219te dup\u0103 o formul\u0103 de calcul. Mai \u00eent\u00e2i se \u00eenmul\u0163e\u0219te cuantumul de 333 lei\/ha cu gradul de afectare \u00een valoare fix\u0103 prev\u0103zut \u00een documente. Apoi rezultatul se \u00eemparte la o sut\u0103.<\/p>\n<p>\u00cen cazul \u00een care \u00een documente este men\u0163ionat un interval de afectare, \u015fi nu o valoare fix\u0103, valoarea ajutorului se ob\u0163ine prin \u00eenmul\u0163irea cuantumului de 333 lei\/ha cu valoarea ob\u0163inut\u0103 ca medie aritmetic\u0103 a intervalului de afectare men\u0163ionat. Rezultatul ob\u0163inut se \u00eemparte la o sut\u0103.<\/p>\n<hr>\n<div class=\"bloc-widget widget-rosu\">\n<p>\u00cen lipsa unui acord scris din partea Ziarului de Vrancea, pute\u0163i prelua maxim 500 de caractere din acest articol dac\u0103 preciza\u0163i sursa \u015fi insera\u0163i vizibil link-ul articolului:\u00a0<span>#insertcurrentlinkhere<\/span><\/p>\n<\/div>\n<div class=\"extra-articol listing-anunturi\">\n<h6>Anun\u021buri <span class=\"text-primary\">ZdV<\/span> Premium<\/h6>\n<div class=\"row\">\n<div class=\"col-lg-4 col-md-6 bloc-egal\"><a class=\"card-anunt\" href=\"https:\/\/ziaruldevrancea.ro\/anunturi\/imobiliare\/vanzari-terenuri\/vand-teren-in-panciu\"><strong class=\"titlu\">V\u00e2nz\u0103ri terenuri<\/strong><span class=\"text-anunt\">Teren Panciu 1170 mp, cu num\u0103r cas\u0103, ap\u0103&#8230;<\/span><span class=\"data-anunt\">29.07.2026  <\/span><\/a><\/div>\n<div class=\"col-lg-4 col-md-6 bloc-egal\"><a class=\"card-anunt\" href=\"https:\/\/ziaruldevrancea.ro\/anunturi\/altele\/anulare-acte\/vand-scrumbii-afumate-capturi-dunare\"><strong class=\"titlu\">Vanzari diverse<\/strong><span class=\"text-anunt\">Pret : 117 lei \/ kg . \u00a0 Este&#8230;<\/span><span class=\"data-anunt\">29.07.2026 , Gala\u021bi , Gala\u021bi<\/span><\/a><\/div>\n<div class=\"col-lg-4 col-md-6 bloc-egal\"><a class=\"card-anunt\" href=\"https:\/\/ziaruldevrancea.ro\/anunturi\/necrolog\/decese\/dumnezeu-sa-o-aseze-in-randul-celor-drepti\"><strong class=\"titlu\">Decese<\/strong><span class=\"text-anunt\">Cu profund\u0103 durere, familia anun\u021b\u0103 trecerea la&#8230;<\/span><span class=\"data-anunt\">28.07.2026  <\/span><\/a><\/div>\n<\/div>\n<\/div>\n<div class=\"extra-articol alte-articole\">\n<div class=\"row\">\n<div class=\"col-lg-6 bloc-egal\">\n<div class=\"card articol-listing\">\n<h6>\u00cen categoria <a href=\"https:\/\/ziaruldevrancea.ro\/actualitatea\/stiri-locale\">Local<\/a><\/h6>\n<div class=\"grup-articol-listing\">\n<div class=\"cont-pils\"><a href=\"https:\/\/ziaruldevrancea.ro\/actualitatea\/stiri-locale\/foto-pompierii-isu-vrancea-au-dus-lectii-de-siguranta-in-gura-calitei\"><img decoding=\"async\" src=\"https:\/\/zdvi.cname.ro\/180_135\/actualitatea\/stiri-locale\/foto-pompierii-isu-vrancea-au-dus-lectii-de-siguranta-in-gura-calitei\/mediaPool\/unTARgF.jpeg\" class=\"img-responsive img-180\" alt><\/a><\/div>\n<h2><a class=\"link-titlu\" href=\"https:\/\/ziaruldevrancea.ro\/actualitatea\/stiri-locale\/foto-pompierii-isu-vrancea-au-dus-lectii-de-siguranta-in-gura-calitei\">Foto | Pompierii ISU Vrancea au dus lec\u021bii de siguran\u021b\u0103 \u00een Gura Cali\u021bei<\/a><\/h2>\n<div class=\"date-post\"><a href=\"https:\/\/ziaruldevrancea.ro\/autor\/petre-paraschiv\">Petre Paraschiv<\/a>, 31 iul 2026  <\/div>\n<\/div>\n<div class=\"grup-articol-listing\">\n<div class=\"cont-pils\"><a href=\"https:\/\/ziaruldevrancea.ro\/actualitatea\/stiri-locale\/vrancea-soferii-cu-permis-categoria-b-care-fac-transport-contra-cost-trebuie-sa-obtina-un-document-obligatoriu.\"><img decoding=\"async\" src=\"https:\/\/zdvi.cname.ro\/180_135\/actualitatea\/stiri-locale\/vrancea-soferii-cu-permis-categoria-b-care-fac-transport-contra-cost-trebuie-sa-obtina-un-document-obligatoriu.\/mediaPool\/uABp3Hl.jpg\" class=\"img-responsive img-180\" alt><\/a><\/div>\n<h2><a class=\"link-titlu\" href=\"https:\/\/ziaruldevrancea.ro\/actualitatea\/stiri-locale\/vrancea-soferii-cu-permis-categoria-b-care-fac-transport-contra-cost-trebuie-sa-obtina-un-document-obligatoriu.\">Vrancea: \u0218oferii cu permis categoria B care fac transport contra cost trebuie s\u0103 ob\u021bin\u0103 un document obligatoriu<\/a><\/h2>\n<div class=\"date-post\"><a href=\"https:\/\/ziaruldevrancea.ro\/autor\/ionel-sclavone\">Ionel Sclavone<\/a>, 31 iul 2026  <\/div>\n<\/div>\n<div class=\"grup-articol-listing\">\n<div class=\"cont-pils\"><a href=\"https:\/\/ziaruldevrancea.ro\/actualitatea\/stiri-locale\/comisariatul-militar-din-focsani-un-simbol-al-istoriei-vrancei-renaste-prin-restaurare.-povestea-cladirii-care-a-gazduit-divizia-6-infanterie\"><img decoding=\"async\" src=\"https:\/\/zdvi.cname.ro\/180_135\/actualitatea\/stiri-locale\/comisariatul-militar-din-focsani-un-simbol-al-istoriei-vrancei-renaste-prin-restaurare.-povestea-cladirii-care-a-gazduit-divizia-6-infanterie\/mediaPool\/u5btavU.jpg\" class=\"img-responsive img-180\" alt><\/a><\/div>\n<h2><a class=\"link-titlu\" href=\"https:\/\/ziaruldevrancea.ro\/actualitatea\/stiri-locale\/comisariatul-militar-din-focsani-un-simbol-al-istoriei-vrancei-renaste-prin-restaurare.-povestea-cladirii-care-a-gazduit-divizia-6-infanterie\">Comisariatul Militar din Foc\u0219ani, un simbol al istoriei Vrancei, rena\u0219te prin restaurare. Povestea cl\u0103dirii care a g\u0103zduit Divizia 6 Infanterie<\/a><\/h2>\n<div class=\"date-post\"><a href=\"https:\/\/ziaruldevrancea.ro\/autor\/florin-marian-dirdala\">Florin Marian D\u00eerdal\u0103<\/a>, 31 iul 2026  <\/div>\n<\/div>\n<\/div>\n<\/div>\n<div class=\"col-lg-6 bloc-egal\">\n<div class=\"card articol-listing\">\n<h6>De acela\u0219i <a href=\"https:\/\/ziaruldevrancea.ro\/autor\/ionel-sclavone\/\">autor<\/a><\/h6>\n<div class=\"grup-articol-listing\">\n<div class=\"cont-pils\"><a href=\"https:\/\/ziaruldevrancea.ro\/actualitatea\/stiri-locale\/vrancea-cum-poti-trece-mai-usor-examenul-auto-sfaturi-utile-pentru-proba-teoretica-a-permisului-de-conducere\"><img decoding=\"async\" src=\"https:\/\/zdvi.cname.ro\/180_135\/actualitatea\/stiri-locale\/vrancea-cum-poti-trece-mai-usor-examenul-auto-sfaturi-utile-pentru-proba-teoretica-a-permisului-de-conducere\/mediaPool\/u0J5PXW.jpg\" class=\"img-responsive img-180\" alt><\/a><\/div>\n<h2><a class=\"link-titlu\" href=\"https:\/\/ziaruldevrancea.ro\/actualitatea\/stiri-locale\/vrancea-cum-poti-trece-mai-usor-examenul-auto-sfaturi-utile-pentru-proba-teoretica-a-permisului-de-conducere\">Vrancea | Cum po\u021bi trece mai u\u0219or examenul auto: sfaturi utile pentru proba teoretic\u0103 a permisului de conducere<\/a><\/h2>\n<div class=\"date-post\"><a href=\"https:\/\/ziaruldevrancea.ro\/autor\/ionel-sclavone\">Ionel Sclavone<\/a>, 29 iul 2026  <\/div>\n<\/div>\n<div class=\"grup-articol-listing\">\n<div class=\"cont-pils\"><a href=\"https:\/\/ziaruldevrancea.ro\/actualitatea\/stiri-locale\/programul-lift-pentru-viata-ajunge-si-in-vrancea\"><img decoding=\"async\" src=\"https:\/\/zdvi.cname.ro\/180_135\/actualitatea\/stiri-locale\/programul-lift-pentru-viata-ajunge-si-in-vrancea\/mediaPool\/uwNgxgb.jpg\" class=\"img-responsive img-180\" alt><\/a><\/div>\n<h2><a class=\"link-titlu\" href=\"https:\/\/ziaruldevrancea.ro\/actualitatea\/stiri-locale\/programul-lift-pentru-viata-ajunge-si-in-vrancea\">Programul \u201eLift pentru via\u021b\u0103\u201d ajunge \u0219i \u00een Vrancea<\/a><\/h2>\n<div class=\"date-post\"><a href=\"https:\/\/ziaruldevrancea.ro\/autor\/ionel-sclavone\">Ionel Sclavone<\/a>, 28 iul 2026  <\/div>\n<\/div>\n<div class=\"grup-articol-listing\">\n<div class=\"cont-pils\"><a href=\"https:\/\/ziaruldevrancea.ro\/actualitatea\/stiri-locale\/avertisment-pentru-vrancenii-care-cumpara-online-cum-iti-poti-proteja-cardul-bancar-si-economiile-de-fraudele-cibernetice\"><img decoding=\"async\" src=\"https:\/\/zdvi.cname.ro\/180_135\/actualitatea\/stiri-locale\/avertisment-pentru-vrancenii-care-cumpara-online-cum-iti-poti-proteja-cardul-bancar-si-economiile-de-fraudele-cibernetice\/mediaPool\/ukeU1F3.jpg\" class=\"img-responsive img-180\" alt><\/a><\/div>\n<h2><a class=\"link-titlu\" href=\"https:\/\/ziaruldevrancea.ro\/actualitatea\/stiri-locale\/avertisment-pentru-vrancenii-care-cumpara-online-cum-iti-poti-proteja-cardul-bancar-si-economiile-de-fraudele-cibernetice\">Avertisment pentru vr\u00e2ncenii care cump\u0103r\u0103 online: cum \u00ee\u021bi po\u021bi proteja cardul bancar \u0219i economiile de fraudele cibernetice<\/a><\/h2>\n<div class=\"date-post\"><a href=\"https:\/\/ziaruldevrancea.ro\/autor\/ionel-sclavone\">Ionel Sclavone<\/a>, 27 iul 2026  <\/div>\n<\/div>\n<\/div>\n<\/div>\n<\/div>\n<\/div>\n<div class=\"extra-articol listing-anunturi\">\n<h6>Anun\u021buri <span class=\"text-primary\">ZdV<\/span> Premium<\/h6>\n<div class=\"row\">\n<div class=\"col-lg-4 col-md-6 bloc-egal\"><a class=\"card-anunt\" href=\"https:\/\/ziaruldevrancea.ro\/anunturi\/imobiliare\/vanzari-case\/vand-casa-si-teren-in-panciu-anunt-72818\"><strong class=\"titlu\">V\u00e2nz\u0103ri case<\/strong><span class=\"text-anunt\">V\u00e2nd cas\u0103 cu 2 camere, buc\u0103t\u0103rie, baie,&#8230;<\/span><span class=\"data-anunt\">23.07.2026  <\/span><\/a><\/div>\n<div class=\"col-lg-4 col-md-6 bloc-egal\"><a class=\"card-anunt\" href=\"https:\/\/ziaruldevrancea.ro\/anunturi\/angajari\/cereri-angajari\/doresc-angajare-anunt-72815\"><strong class=\"titlu\">Cereri<\/strong><span class=\"text-anunt\">Doresc s\u0103 am grij\u0103 de un copil de gradini\u021b\u0103&#8230;<\/span><span class=\"data-anunt\">21.07.2026  <\/span><\/a><\/div>\n<div class=\"col-lg-4 col-md-6 bloc-egal\"><a class=\"card-anunt\" href=\"https:\/\/ziaruldevrancea.ro\/anunturi\/inchirieri\/locuinte-oferte\/primesc-in-gazda-anunt-72816\"><strong class=\"titlu\">Locuin\u021be oferte<\/strong><span class=\"text-anunt\">\u00a0Primesc \u00een gazd\u0103 la cas\u0103.<\/p>\n<p>Tel&#8230;.<\/span><span class=\"data-anunt\">21.07.2026  <\/span><\/a><\/div>\n<\/div>\n<\/div>\n<div class=\"bloc-widget widget-albastru\">\n    Ziarul de Vrancea \u00a0nu este responsabil juridic pentru con\u0163inutul textelor din comentariile de mai jos. Responsabilitatea pentru mesajele dumneavoastra v\u0103 revine \u00een exclusivitate.\n<\/div>\n<div class=\"comentarii-articol\" id=\"comentarii\">\n<h3>Comentarii: <span class=\"text-primary\">0<\/span><\/h3>\n<p><a href=\"https:\/\/ziaruldevrancea.ro\/actualitatea\/stiri-locale\/ajutor-de-la-stat-pentru-fermierii-din-vrancea-afectati-de-seceta-din-2025.-cine-primeste-pana-la-333-de-lei-pe-hectar\" class=\"btn btn-success btn-adauga-com\" data-toggle=\"modal\" data-parent=\"0\" data-target=\"#commentModal\">Adaug\u0103 comentariu<\/a><\/p>\n<div class=\"loadMask comments-mask\"><img decoding=\"async\" src=\"https:\/\/zdvs.cname.ro\/images\/loader_40.gif\"><\/div>\n<div class=\"comenteaza-jos\">Trebuie s\u0103 fii <a href=\"https:\/\/ziaruldevrancea.ro\/account\">autentificat<\/a> pentru a putea <a href=\"https:\/\/ziaruldevrancea.ro\/actualitatea\/stiri-locale\/ajutor-de-la-stat-pentru-fermierii-din-vrancea-afectati-de-seceta-din-2025.-cine-primeste-pana-la-333-de-lei-pe-hectar\" class data-toggle=\"modal\" data-parent=\"0\" data-target=\"#commentModal\">posta un comentariu<\/a>.<\/div>\n<\/div>\n<div class=\"modal fade\" id=\"commentModal\" role=\"dialog\" aria-labelledby=\"commentModalLabel\">\n<div class=\"modal-dialog modal-lg\" role=\"document\">\n<div class=\"modal-content\">\n<div class=\"modal-header\">\n<h3 class=\"modal-title\" id=\"commentModalLabel\">Comenteaz\u0103<\/h3>\n<\/div>\n<div class=\"modal-body\">\n<div class=\"tabel tabel-full\">\n<div class=\"celula\">\n              Trebuie s\u0103 fii <a href=\"https:\/\/ziaruldevrancea.ro\/account\">autentificat<\/a> pentru a putea posta un comentariu.\n            <\/div>\n<\/div>\n<\/div>\n<div class=\"modal-footer\">\n<div id=\"commentPending\" class=\"formPending pull-left\"><img decoding=\"async\" src=\"https:\/\/zdvs.cname.ro\/images\/loader_40.gif\"> In curs de procesare&#8230;<\/div>\n<p><a href=\"https:\/\/ziaruldevrancea.ro\/actualitatea\/stiri-locale\/ajutor-de-la-stat-pentru-fermierii-din-vrancea-afectati-de-seceta-din-2025.-cine-primeste-pana-la-333-de-lei-pe-hectar\" class=\"btn btn-default\" data-dismiss=\"modal\">Anuleaz\u0103<\/a><\/div>\n<\/div>\n<\/div>\n<\/div>\n<div class=\"modal fade\" id=\"commentReportModal\" role=\"dialog\" aria-labelledby=\"commentReportModalLabel\">\n<div class=\"modal-dialog modal-lg\" role=\"document\">\n<div class=\"modal-content\">\n<div class=\"modal-header\">\n<h3 class=\"modal-title\" id=\"commentReportModalLabel\">Raporteaza comentariu<\/h3>\n<\/div>\n<div class=\"modal-body\">\n<div class=\"tabel tabel-full\">\n<div class=\"celula\">\n              Trebuie s\u0103 fii <a href=\"https:\/\/ziaruldevrancea.ro\/account\">autentificat<\/a> pentru a putea raporta un comentariu.\n            <\/div>\n<\/div>\n<\/div>\n<div class=\"modal-footer\">\n<div id=\"commentReportPending\" class=\"formPending pull-left\"><img decoding=\"async\" src=\"https:\/\/zdvs.cname.ro\/images\/loader_40.gif\"> In curs de procesare&#8230;<\/div>\n<p><a href=\"https:\/\/ziaruldevrancea.ro\/actualitatea\/stiri-locale\/ajutor-de-la-stat-pentru-fermierii-din-vrancea-afectati-de-seceta-din-2025.-cine-primeste-pana-la-333-de-lei-pe-hectar\" class=\"btn btn-default\" data-dismiss=\"modal\">Anuleaz\u0103<\/a><\/div>\n<\/div>\n<\/div>\n<\/div>\n<div class=\"modal fade\" id=\"commentLikeModal\" role=\"dialog\" aria-labelledby=\"commentLikeModalLabel\">\n<div class=\"modal-dialog modal-lg\" role=\"document\">\n<div class=\"modal-content\">\n<div class=\"modal-header\">\n<h3 class=\"modal-title\" id=\"commentReportModalLabel\">Apreciaza comentariu<\/h3>\n<\/div>\n<div class=\"modal-body\">\n<div class=\"tabel tabel-full\">\n<div class=\"celula\">\n            Trebuie s\u0103 fii <a href=\"https:\/\/ziaruldevrancea.ro\/account\">autentificat<\/a> pentru a putea aprecia un comentariu.\n          <\/div>\n<\/div>\n<\/div>\n<div class=\"modal-footer\"><a href=\"https:\/\/ziaruldevrancea.ro\/actualitatea\/stiri-locale\/ajutor-de-la-stat-pentru-fermierii-din-vrancea-afectati-de-seceta-din-2025.-cine-primeste-pana-la-333-de-lei-pe-hectar\" class=\"btn btn-default\" data-dismiss=\"modal\">Anuleaz\u0103<\/a><\/div>\n<\/div>\n<\/div>\n<\/div>\n<div class=\"bloc-widget widget-rosu\"><span><small>Ziarul de Vrancea doreste ca acest site sa fie un spatiu al discutiilor civilizate, al comentariilor de bun simt. Din acest motiv, cei care posteaza comentarii la articole trebuie sa respecte urmatoarele reguli:<br \/>\n1. Sa se refere doar la articolul la care posteaza comentarii.<br \/>\n2. Sa foloseasca un limbaj civilizat, fara injurii, calomnii, comentarii antisemite, xenofobe sau rasiste.<br \/>\n3. Sunt interzise atacurile la adresa autorilor, daca acestea nu au legatura cu textul.<br \/>\n4. Username-ul sa nu fie nume de personalitati ale vietii publice sau parodieri ale acestora.<br \/>\nAutorul unui articol poate fi criticat pentru eventuale greseli, incoerenta, lipsa de documentare etc.<br \/>\nNerespectarea regulilor mentionate mai sus va duce la stergerea comentariilor, fara avertisment si fara explicatii.<br \/>\nAbaterile repetate vor avea drept consecinta interdictia accesului la aceasta facilitate a site-ului.<\/small><\/span><\/div>\n<\/div>\n<p>[analyse_source url=&#8221;https:\/\/ziaruldevrancea.ro\/actualitatea\/stiri-locale\/ajutor-de-la-stat-pentru-fermierii-din-vrancea-afectati-de-seceta-din-2025.-cine-primeste-pana-la-333-de-lei-pe-hectar&#8221;]<\/p>\n","protected":false},"excerpt":{"rendered":"<p>[analyse_image type=&#8221;featured&#8221; src=&#8221;https:\/\/zdvi.cname.ro\/_\/ajutor-de-la-stat-pentru-fermierii-din-vrancea-afectati-de-seceta-din-2025.-cine-primeste-pana-la-333-de-lei-pe-hectar\/mediaPool\/uDTACZ7.jpg&#8221;] Local Ajutor de la stat pentru fermierii din Vrancea afecta\u021bi de seceta din 2025. Cine prime\u0219te p\u00e2n\u0103 la 333 de lei pe hectar Distribuie: \u00a0 | Ionel Sclavone 30 iul 2026478 vizualiz\u0103ri Produc\u0103torii agricoli vr\u00e2nceni care au \u00eenregistrat pierderi la culturile de porumb \u0219i floarea-soarelui din cauza secetei pedologice din 2025 vor [&hellip;]<\/p>\n","protected":false},"author":1,"featured_media":0,"comment_status":"open","ping_status":"","sticky":false,"template":"","format":"standard","meta":{"footnotes":""},"categories":[89],"tags":[226,208],"class_list":["post-2071121","post","type-post","status-publish","format-standard","hentry","category-romania","tag-crawlmanager","tag-ziaruldevrancea-ro"],"_links":{"self":[{"href":"https:\/\/analyse.optim.biz\/index.php?rest_route=\/wp\/v2\/posts\/2071121","targetHints":{"allow":["GET"]}}],"collection":[{"href":"https:\/\/analyse.optim.biz\/index.php?rest_route=\/wp\/v2\/posts"}],"about":[{"href":"https:\/\/analyse.optim.biz\/index.php?rest_route=\/wp\/v2\/types\/post"}],"author":[{"embeddable":true,"href":"https:\/\/analyse.optim.biz\/index.php?rest_route=\/wp\/v2\/users\/1"}],"replies":[{"embeddable":true,"href":"https:\/\/analyse.optim.biz\/index.php?rest_route=%2Fwp%2Fv2%2Fcomments&post=2071121"}],"version-history":[{"count":0,"href":"https:\/\/analyse.optim.biz\/index.php?rest_route=\/wp\/v2\/posts\/2071121\/revisions"}],"wp:attachment":[{"href":"https:\/\/analyse.optim.biz\/index.php?rest_route=%2Fwp%2Fv2%2Fmedia&parent=2071121"}],"wp:term":[{"taxonomy":"category","embeddable":true,"href":"https:\/\/analyse.optim.biz\/index.php?rest_route=%2Fwp%2Fv2%2Fcategories&post=2071121"},{"taxonomy":"post_tag","embeddable":true,"href":"https:\/\/analyse.optim.biz\/index.php?rest_route=%2Fwp%2Fv2%2Ftags&post=2071121"}],"curies":[{"name":"wp","href":"https:\/\/api.w.org\/{rel}","templated":true}]}}