{"id":2071118,"date":"2026-07-30T00:00:00","date_gmt":"2026-07-29T21:00:00","guid":{"rendered":"https:\/\/analyse.optim.biz\/?p=2071118"},"modified":"2026-07-30T00:00:00","modified_gmt":"2026-07-29T21:00:00","slug":"accident-grav-in-vrancea-pieton-ranit-dupa-ce-a-fost-lovit-de-un-autoturism-la-dragosloveni-in-comuna-dumbraveni","status":"publish","type":"post","link":"https:\/\/analyse.optim.biz\/?p=2071118","title":{"rendered":"Accident grav \u00een Vrancea: pieton r\u0103nit dup\u0103 ce a fost lovit de un autoturism la Dragosloveni, \u00een comuna Dumbr\u0103veni"},"content":{"rendered":"<p>[analyse_image type=&#8221;featured&#8221; src=&#8221;https:\/\/zdvi.cname.ro\/_\/accident-grav-in-vrancea-pieton-ranit-dupa-ce-a-fost-lovit-de-un-autoturism-la-dragosloveni-in-comuna-dumbraveni\/mediaPool\/u9KFdc2.jpg&#8221;]<\/p>\n<div class=\"main-content detaliu-articol\"><a class=\"titlu-cat-list\" href=\"https:\/\/ziaruldevrancea.ro\/actualitatea\/stiri-locale\">Local<\/a><\/p>\n<h1>Accident grav \u00een Vrancea: pieton r\u0103nit dup\u0103 ce a fost lovit de un autoturism la Dragosloveni, \u00een comuna Dumbr\u0103veni<\/h1>\n<div class=\"date-articol clearfix\">\n<div class=\"distribuie-articol dropdown\">\n    Distribuie: \u00a0<br \/>\n    <em>|<\/em><\/div>\n<div class=\"autor-articol\"><a href=\"https:\/\/ziaruldevrancea.ro\/autor\/radu-tomescu\/\"><img decoding=\"async\" class=\"img-circle\" src=\"https:\/\/zdvi.cname.ro\/50_50\/articleAuthor\/radu-tomescu\/articleAuthor\/ucx2Ggg.PNG\" alt><\/a><\/p>\n<h5><a href=\"https:\/\/ziaruldevrancea.ro\/autor\/radu-tomescu\/\">Radu Tomescu<\/a><\/h5>\n<div class=\"grup-spatiere\"><span class=\"cu-spatiere\">30 iul 2026<\/span><span class=\"cu-spatiere\">664 vizualiz\u0103ri<\/span><\/div>\n<\/div>\n<\/div>\n<div class=\"poza-mare\"><a href class=\"openGallery\"><img decoding=\"async\" class=\"img-responsive\" src=\"https:\/\/zdvi.cname.ro\/850_530\/accident-grav-in-vrancea-pieton-ranit-dupa-ce-a-fost-lovit-de-un-autoturism-la-dragosloveni-in-comuna-dumbraveni\/article\/mediaPool\/u9KFdc2.jpg\" alt><\/a><\/div>\n<p><strong>Un b\u0103rbat a fost transportat \u00een stare grav\u0103 la Spitalul Jude\u021bean de Urgen\u021b\u0103 Foc\u0219ani, iar poli\u021bi\u0219tii vr\u00e2nceni au deschis un dosar penal pentru v\u0103t\u0103mare corporal\u0103 din culp\u0103 \u0219i continu\u0103 cercet\u0103rile.<\/strong><\/p>\n<p>Un grav accident rutier s-a produs joi, 30 iulie 2026, \u00een localitatea Dragosloveni, comuna Dumbr\u0103veni, unde un pieton a fost lovit de un autoturism. Victima a suferit leziuni severe \u0219i a fost transportat\u0103 de urgen\u021b\u0103 la Spitalul Jude\u021bean de Urgen\u021b\u0103 \u201eSf\u00e2ntul Pantelimon\u201d Foc\u0219ani, dup\u0103 interven\u021bia echipajelor Serviciului de Ambulan\u021b\u0103 Jude\u021bean (SAJ) Vrancea.<\/p>\n<p>Potrivit Serviciului de Ambulan\u021b\u0103 Jude\u021bean Vrancea, la ora 10:33, Dispeceratul SAJ a fost alertat printr-un apel privind producerea unui accident rutier grav \u00een localitatea Dragosloveni. Din informa\u021biile transmise de institu\u021bie, un autoturism a acro\u0219at un b\u0103rbat aflat pe marginea p\u0103r\u021bii carosabile.<\/p>\n<p>La locul interven\u021biei au fost trimise de urgen\u021b\u0103 dou\u0103 echipaje medicale: o ambulan\u021b\u0103 cu asistent de la Substa\u021bia Dumbr\u0103veni \u0219i o ambulan\u021b\u0103 cu medic de la Substa\u021bia Central\u0103 Foc\u0219ani, solicitat\u0103 \u00een sprijin din cauza gravit\u0103\u021bii cazului.<\/p>\n<p>Cadrele medicale au g\u0103sit victima \u00eentr-o stare grav\u0103, prezent\u00e2nd un traumatism cranio-cerebral deschis \u0219i un traumatism la membrul superior. De asemenea, pacientul era confuz \u0219i agitat, consecin\u021b\u0103 a impactului puternic.<\/p>\n<p>Dup\u0103 stabilizarea la fa\u021ba locului, b\u0103rbatul a fost transportat cu ambulan\u021ba cu medic la Spitalul Jude\u021bean de Urgen\u021b\u0103 Foc\u0219ani pentru investiga\u021bii \u0219i tratament de specialitate. Reprezentan\u021bii SAJ Vrancea precizeaz\u0103 c\u0103, av\u00e2nd \u00een vedere severitatea traumatismului cranian, prognosticul medical r\u0103m\u00e2ne rezervat.<\/p>\n<p>Inspectoratul de Poli\u021bie Jude\u021bean Vrancea a transmis c\u0103 accidentul s-a produs pe drumul comunal DC 160, \u00een comuna Dumbr\u0103veni. Conform primelor verific\u0103ri efectuate de poli\u021bi\u0219ti, un b\u0103rbat \u00een v\u00e2rst\u0103 de 39 de ani, din comuna Dumbr\u0103veni, care conducea un autoturism, ar fi acro\u0219at un pieton \u00een v\u00e2rst\u0103 de 30 de ani, din aceea\u0219i localitate, acesta din urm\u0103 angaj\u00e2ndu-se \u00een traversarea p\u0103r\u021bii carosabile.<\/p>\n<p>\u00cen urma impactului, pietonul a fost r\u0103nit \u0219i transportat la o unitate medical\u0103 pentru \u00eengrijiri de specialitate de c\u0103tre un echipaj al Serviciului de Ambulan\u021b\u0103 Jude\u021bean Vrancea.<\/p>\n<p>Poli\u021bi\u0219tii au precizat c\u0103 \u0219oferul a fost testat cu aparatul etilotest, rezultatul fiind negativ.<\/p>\n<p>\u00cen acest caz a fost \u00eentocmit un dosar penal pentru s\u0103v\u00e2r\u0219irea infrac\u021biunii de v\u0103t\u0103mare corporal\u0103 din culp\u0103, iar cercet\u0103rile continu\u0103 pentru stabilirea tuturor \u00eemprejur\u0103rilor \u00een care s-a produs accidentul.<\/p>\n<p>Autorit\u0103\u021bile reamintesc tuturor participan\u021bilor la trafic importan\u021ba respect\u0103rii regulilor de circula\u021bie, at\u00e2t de c\u0103tre conduc\u0103torii auto, c\u00e2t \u0219i de c\u0103tre pietoni, pentru prevenirea unor astfel de evenimente cu urm\u0103ri grave.<\/p>\n<p><strong>\u00a0Radu Tomescu<\/strong><\/p>\n<p>\u00a0<\/p>\n<p><strong>Citi\u021bi \u0219i con\u021binutul integral al comunicatului de pres\u0103 f\u0103cut public ast\u0103zi, 30 iulie\u00a02026 de purt\u0103torul de cuv\u00e2nt al SAJ Vrancea<\/strong><strong> \u00een leg\u0103tur\u0103 cu aceast\u0103 \u0219tire:\u00a0<\/strong><\/p>\n<p><strong>SERVICIUL DE AMBULAN\u021a\u0102 JUDE\u021aEAN VRANCEA:Comunicat de pres\u0103:<\/strong>\u00a0<strong>Accident rutier grav, b\u0103rbat transportat la spitalul \u00een stare grav\u0103.<\/strong><\/p>\n<p>\u00a0Ast\u0103zi, 30 iulie 2026, la ora 10:33, Dispeceratul Serviciului de Ambulan\u021b\u0103 Jude\u021bean Vrancea a fost alertat cu privire la producerea unui accident rutier grav \u00een localitatea Dragosloveni, comuna Dumbr\u0103veni.Un autoturism a acro\u0219at un b\u0103rbat \u00een v\u00e2rst\u0103 de 29 de ani care se afla pe marginea p\u0103r\u021bii carosabile.La locul evenimentului au fost direc\u021bionate imediat urm\u0103toarele for\u021be de interven\u021bie, dou\u0103\u00a0 ambulan\u021be:<\/p>\n<p>\u00a0&#8211; o ambulan\u021b\u0103 cu asistent din cadrul echipajului substa\u021biei Dumbr\u0103veni, cea mai apropiat\u0103 de locul evenimentului \u0219i o ambulan\u021b\u0103 cu medic din cadrul substa\u021biei centrale Foc\u0219ani, solicitat\u0103 \u00een sprijin din cauza severit\u0103\u021bii leziunilor.<\/p>\n<p>Echipajele medicale au g\u0103sit victima \u00een stare grav\u0103, prezent\u00e2nd un traumatism cranio-cerebral deschis \u0219i un traumatism de membru superior.\u00a0 Pacientul se afla \u00eentr-o stare confuz\u0103 \u0219i agitat\u0103 ca urmare a impactului violent.<\/p>\n<p>\u00a0Dup\u0103 stabilizarea la fa\u021ba locului de c\u0103tre personalul medical, t\u00e2n\u0103rul a fost preluat de ambulan\u021ba cu medic \u0219i transportat de urgen\u021b\u0103 la Spitalul Jude\u021bean Foc\u0219ani pentru investiga\u021bii am\u0103nun\u021bite \u0219i \u00eengrijiri medicale de specialitate. Din cauza st\u0103rii grave a victimei \u0219i a traumatismului cranian sever, prognosticul r\u0103m\u00e2ne rezervat.<\/p>\n<p>\u00a0Cercet\u0103rile privind circumstan\u021bele exacte \u00een care s-a produs accidentul sunt continuate de organele de poli\u021bie.<\/p>\n<p><strong>Citi\u021bi \u0219i con\u021binutul integral al inform\u0103rii de pres\u0103 f\u0103cut\u0103 public ast\u0103zi, 30 iulie\u00a02026 de purt\u0103torul de cuv\u00e2nt al IPJ Vrancea<\/strong><strong> \u00een leg\u0103tur\u0103 cu aceast\u0103 \u0219tire:\u00a0<\/strong><\/p>\n<p><strong>ACCIDENT RUTIER SOLDAT CU R\u0102NIREA UNUI PIETON, \u00ceN COMUNA DUMBR\u0102VENI<\/strong><\/p>\n<p>La data de 30 iulie a.c., la ora 10:33, dispeceratul Inspectoratului de Poli\u021bie Jude\u021bean Vrancea a fost sesizat, prin apel 112, cu privire la producerea unui accident rutier pe DC 160, \u00een comuna Dumbr\u0103veni.Din primele verific\u0103ri efectuate, a reie\u0219it faptul c\u0103 un b\u0103rbat de 39 de ani, din comuna Dumbr\u0103veni, \u00een timp ce conducea un autoturism pe DC 160, ar fi acro\u0219at un b\u0103rbat de 30 de ani, din aceea\u0219i localitate, care s-ar fi angajat \u00een traversarea p\u0103r\u021bii carosabile.\u00cen urma producerii accidentului rutier, a rezultat r\u0103nirea pietonului, acesta fiind preluat de un echipaj al Serviciului de Ambulan\u021b\u0103 Jude\u021bean \u0219i transportat la o unitate medical\u0103 pentru acordarea de \u00eengrijiri de specialitate.Conduc\u0103torul auto a fost testat cu aparatul etilotest, rezultatul fiind negativ.\u00cen cauz\u0103 a fost \u00eentocmit dosar penal sub aspectul s\u0103v\u00e2r\u0219irii infrac\u021biunii de v\u0103t\u0103mare corporal\u0103 din culp\u0103, iar poli\u021bi\u0219tii continu\u0103 cercet\u0103rile pentru stabilirea cu exactitate a \u00eemprejur\u0103rilor producerii evenimentului rutier.<\/p>\n<hr>\n<div class=\"bloc-widget widget-rosu\">\n<p>\u00cen lipsa unui acord scris din partea Ziarului de Vrancea, pute\u0163i prelua maxim 500 de caractere din acest articol dac\u0103 preciza\u0163i sursa \u015fi insera\u0163i vizibil link-ul articolului:\u00a0<span>#insertcurrentlinkhere<\/span><\/p>\n<\/div>\n<div class=\"extra-articol listing-anunturi\">\n<h6>Anun\u021buri <span class=\"text-primary\">ZdV<\/span> Premium<\/h6>\n<div class=\"row\">\n<div class=\"col-lg-4 col-md-6 bloc-egal\"><a class=\"card-anunt\" href=\"https:\/\/ziaruldevrancea.ro\/anunturi\/imobiliare\/vanzari-terenuri\/vand-teren-in-panciu\"><strong class=\"titlu\">V\u00e2nz\u0103ri terenuri<\/strong><span class=\"text-anunt\">Teren Panciu 1170 mp, cu num\u0103r cas\u0103, ap\u0103&#8230;<\/span><span class=\"data-anunt\">29.07.2026  <\/span><\/a><\/div>\n<div class=\"col-lg-4 col-md-6 bloc-egal\"><a class=\"card-anunt\" href=\"https:\/\/ziaruldevrancea.ro\/anunturi\/altele\/anulare-acte\/vand-scrumbii-afumate-capturi-dunare\"><strong class=\"titlu\">Vanzari diverse<\/strong><span class=\"text-anunt\">Pret : 117 lei \/ kg . \u00a0 Este&#8230;<\/span><span class=\"data-anunt\">29.07.2026 , Gala\u021bi , Gala\u021bi<\/span><\/a><\/div>\n<div class=\"col-lg-4 col-md-6 bloc-egal\"><a class=\"card-anunt\" href=\"https:\/\/ziaruldevrancea.ro\/anunturi\/necrolog\/decese\/dumnezeu-sa-o-aseze-in-randul-celor-drepti\"><strong class=\"titlu\">Decese<\/strong><span class=\"text-anunt\">Cu profund\u0103 durere, familia anun\u021b\u0103 trecerea la&#8230;<\/span><span class=\"data-anunt\">28.07.2026  <\/span><\/a><\/div>\n<\/div>\n<\/div>\n<div class=\"extra-articol alte-articole\">\n<div class=\"row\">\n<div class=\"col-lg-6 bloc-egal\">\n<div class=\"card articol-listing\">\n<h6>\u00cen categoria <a href=\"https:\/\/ziaruldevrancea.ro\/actualitatea\/stiri-locale\">Local<\/a><\/h6>\n<div class=\"grup-articol-listing\">\n<div class=\"cont-pils\"><a href=\"https:\/\/ziaruldevrancea.ro\/actualitatea\/stiri-locale\/foto-pompierii-isu-vrancea-au-dus-lectii-de-siguranta-in-gura-calitei\"><img decoding=\"async\" src=\"https:\/\/zdvi.cname.ro\/180_135\/actualitatea\/stiri-locale\/foto-pompierii-isu-vrancea-au-dus-lectii-de-siguranta-in-gura-calitei\/mediaPool\/unTARgF.jpeg\" class=\"img-responsive img-180\" alt><\/a><\/div>\n<h2><a class=\"link-titlu\" href=\"https:\/\/ziaruldevrancea.ro\/actualitatea\/stiri-locale\/foto-pompierii-isu-vrancea-au-dus-lectii-de-siguranta-in-gura-calitei\">Foto | Pompierii ISU Vrancea au dus lec\u021bii de siguran\u021b\u0103 \u00een Gura Cali\u021bei<\/a><\/h2>\n<div class=\"date-post\"><a href=\"https:\/\/ziaruldevrancea.ro\/autor\/petre-paraschiv\">Petre Paraschiv<\/a>, 31 iul 2026  <\/div>\n<\/div>\n<div class=\"grup-articol-listing\">\n<div class=\"cont-pils\"><a href=\"https:\/\/ziaruldevrancea.ro\/actualitatea\/stiri-locale\/vrancea-soferii-cu-permis-categoria-b-care-fac-transport-contra-cost-trebuie-sa-obtina-un-document-obligatoriu.\"><img decoding=\"async\" src=\"https:\/\/zdvi.cname.ro\/180_135\/actualitatea\/stiri-locale\/vrancea-soferii-cu-permis-categoria-b-care-fac-transport-contra-cost-trebuie-sa-obtina-un-document-obligatoriu.\/mediaPool\/uABp3Hl.jpg\" class=\"img-responsive img-180\" alt><\/a><\/div>\n<h2><a class=\"link-titlu\" href=\"https:\/\/ziaruldevrancea.ro\/actualitatea\/stiri-locale\/vrancea-soferii-cu-permis-categoria-b-care-fac-transport-contra-cost-trebuie-sa-obtina-un-document-obligatoriu.\">Vrancea: \u0218oferii cu permis categoria B care fac transport contra cost trebuie s\u0103 ob\u021bin\u0103 un document obligatoriu<\/a><\/h2>\n<div class=\"date-post\"><a href=\"https:\/\/ziaruldevrancea.ro\/autor\/ionel-sclavone\">Ionel Sclavone<\/a>, 31 iul 2026  <\/div>\n<\/div>\n<div class=\"grup-articol-listing\">\n<div class=\"cont-pils\"><a href=\"https:\/\/ziaruldevrancea.ro\/actualitatea\/stiri-locale\/comisariatul-militar-din-focsani-un-simbol-al-istoriei-vrancei-renaste-prin-restaurare.-povestea-cladirii-care-a-gazduit-divizia-6-infanterie\"><img decoding=\"async\" src=\"https:\/\/zdvi.cname.ro\/180_135\/actualitatea\/stiri-locale\/comisariatul-militar-din-focsani-un-simbol-al-istoriei-vrancei-renaste-prin-restaurare.-povestea-cladirii-care-a-gazduit-divizia-6-infanterie\/mediaPool\/u5btavU.jpg\" class=\"img-responsive img-180\" alt><\/a><\/div>\n<h2><a class=\"link-titlu\" href=\"https:\/\/ziaruldevrancea.ro\/actualitatea\/stiri-locale\/comisariatul-militar-din-focsani-un-simbol-al-istoriei-vrancei-renaste-prin-restaurare.-povestea-cladirii-care-a-gazduit-divizia-6-infanterie\">Comisariatul Militar din Foc\u0219ani, un simbol al istoriei Vrancei, rena\u0219te prin restaurare. Povestea cl\u0103dirii care a g\u0103zduit Divizia 6 Infanterie<\/a><\/h2>\n<div class=\"date-post\"><a href=\"https:\/\/ziaruldevrancea.ro\/autor\/florin-marian-dirdala\">Florin Marian D\u00eerdal\u0103<\/a>, 31 iul 2026  <\/div>\n<\/div>\n<\/div>\n<\/div>\n<div class=\"col-lg-6 bloc-egal\">\n<div class=\"card articol-listing\">\n<h6>De acela\u0219i <a href=\"https:\/\/ziaruldevrancea.ro\/autor\/radu-tomescu\/\">autor<\/a><\/h6>\n<div class=\"grup-articol-listing\">\n<div class=\"cont-pils\"><a href=\"https:\/\/ziaruldevrancea.ro\/actualitatea\/stiri-locale\/dosar-de-trafic-de-droguri-in-vrancea-trei-persoane-cercetate-canabis-si-cocaina-vandute-in-adjud-potrivit-anchetatorilor\"><img decoding=\"async\" src=\"https:\/\/zdvi.cname.ro\/180_135\/actualitatea\/stiri-locale\/dosar-de-trafic-de-droguri-in-vrancea-trei-persoane-cercetate-canabis-si-cocaina-vandute-in-adjud-potrivit-anchetatorilor\/mediaPool\/ucfOmNt.JPG\" class=\"img-responsive img-180\" alt><\/a><\/div>\n<h2><a class=\"link-titlu\" href=\"https:\/\/ziaruldevrancea.ro\/actualitatea\/stiri-locale\/dosar-de-trafic-de-droguri-in-vrancea-trei-persoane-cercetate-canabis-si-cocaina-vandute-in-adjud-potrivit-anchetatorilor\">Dosar de trafic de droguri \u00een Vrancea: trei persoane cercetate, canabis \u0219i cocain\u0103 v\u00e2ndute \u00een Adjud, potrivit anchetatorilor<\/a><\/h2>\n<div class=\"date-post\"><a href=\"https:\/\/ziaruldevrancea.ro\/autor\/radu-tomescu\">Radu Tomescu<\/a>, 31 iul 2026  <\/div>\n<\/div>\n<div class=\"grup-articol-listing\">\n<div class=\"cont-pils\"><a href=\"https:\/\/ziaruldevrancea.ro\/actualitatea\/stiri-locale\/au-fost-mobilizate-ieri-echipajele-de-politie-si-jandarmerie-in-nordul-judetului-vrancea-pentru-nunta-anului-de-la-laguna-verde\"><img decoding=\"async\" src=\"https:\/\/zdvi.cname.ro\/180_135\/actualitatea\/stiri-locale\/au-fost-mobilizate-ieri-echipajele-de-politie-si-jandarmerie-in-nordul-judetului-vrancea-pentru-nunta-anului-de-la-laguna-verde\/mediaPool\/uQ1yFnw.jpg\" class=\"img-responsive img-180\" alt><\/a><\/div>\n<h2><a class=\"link-titlu\" href=\"https:\/\/ziaruldevrancea.ro\/actualitatea\/stiri-locale\/au-fost-mobilizate-ieri-echipajele-de-politie-si-jandarmerie-in-nordul-judetului-vrancea-pentru-nunta-anului-de-la-laguna-verde\">Au fost mobilizate, ieri, echipajele de poli\u021bie \u0219i jandarmerie \u00een nordul jude\u021bului Vrancea pentru \u201enunta anului\u201d de la Laguna Verde?<\/a><\/h2>\n<div class=\"date-post\"><a href=\"https:\/\/ziaruldevrancea.ro\/autor\/radu-tomescu\">Radu Tomescu<\/a>, 31 iul 2026  <\/div>\n<\/div>\n<div class=\"grup-articol-listing\">\n<div class=\"cont-pils\"><a href=\"https:\/\/ziaruldevrancea.ro\/actualitatea\/stiri-locale\/accident-rutier-in-tisita-la-intrarea-spre-autostrada-a7.-un-sofer-de-31-de-ani-a-fost-transportat-la-spital\"><img decoding=\"async\" src=\"https:\/\/zdvi.cname.ro\/180_135\/actualitatea\/stiri-locale\/accident-rutier-in-tisita-la-intrarea-spre-autostrada-a7.-un-sofer-de-31-de-ani-a-fost-transportat-la-spital\/mediaPool\/uaFrQH0.png\" class=\"img-responsive img-180\" alt><\/a><\/div>\n<h2><a class=\"link-titlu\" href=\"https:\/\/ziaruldevrancea.ro\/actualitatea\/stiri-locale\/accident-rutier-in-tisita-la-intrarea-spre-autostrada-a7.-un-sofer-de-31-de-ani-a-fost-transportat-la-spital\">Accident rutier \u00een Ti\u0219i\u021ba, la intrarea spre Autostrada A7. Un \u0219ofer de 31 de ani a fost transportat la spital<\/a><\/h2>\n<div class=\"date-post\"><a href=\"https:\/\/ziaruldevrancea.ro\/autor\/radu-tomescu\">Radu Tomescu<\/a>, 31 iul 2026  <\/div>\n<\/div>\n<\/div>\n<\/div>\n<\/div>\n<\/div>\n<div class=\"extra-articol listing-anunturi\">\n<h6>Anun\u021buri <span class=\"text-primary\">ZdV<\/span> Premium<\/h6>\n<div class=\"row\">\n<div class=\"col-lg-4 col-md-6 bloc-egal\"><a class=\"card-anunt\" href=\"https:\/\/ziaruldevrancea.ro\/anunturi\/imobiliare\/vanzari-case\/vand-casa-si-teren-in-panciu-anunt-72818\"><strong class=\"titlu\">V\u00e2nz\u0103ri case<\/strong><span class=\"text-anunt\">V\u00e2nd cas\u0103 cu 2 camere, buc\u0103t\u0103rie, baie,&#8230;<\/span><span class=\"data-anunt\">23.07.2026  <\/span><\/a><\/div>\n<div class=\"col-lg-4 col-md-6 bloc-egal\"><a class=\"card-anunt\" href=\"https:\/\/ziaruldevrancea.ro\/anunturi\/angajari\/cereri-angajari\/doresc-angajare-anunt-72815\"><strong class=\"titlu\">Cereri<\/strong><span class=\"text-anunt\">Doresc s\u0103 am grij\u0103 de un copil de gradini\u021b\u0103&#8230;<\/span><span class=\"data-anunt\">21.07.2026  <\/span><\/a><\/div>\n<div class=\"col-lg-4 col-md-6 bloc-egal\"><a class=\"card-anunt\" href=\"https:\/\/ziaruldevrancea.ro\/anunturi\/inchirieri\/locuinte-oferte\/primesc-in-gazda-anunt-72816\"><strong class=\"titlu\">Locuin\u021be oferte<\/strong><span class=\"text-anunt\">\u00a0Primesc \u00een gazd\u0103 la cas\u0103.<\/p>\n<p>Tel&#8230;.<\/span><span class=\"data-anunt\">21.07.2026  <\/span><\/a><\/div>\n<\/div>\n<\/div>\n<div class=\"bloc-widget widget-albastru\">\n    Ziarul de Vrancea \u00a0nu este responsabil juridic pentru con\u0163inutul textelor din comentariile de mai jos. Responsabilitatea pentru mesajele dumneavoastra v\u0103 revine \u00een exclusivitate.\n<\/div>\n<div class=\"comentarii-articol\" id=\"comentarii\">\n<h3>Comentarii: <span class=\"text-primary\">0<\/span><\/h3>\n<p><a href=\"https:\/\/ziaruldevrancea.ro\/actualitatea\/stiri-locale\/accident-grav-in-vrancea-pieton-ranit-dupa-ce-a-fost-lovit-de-un-autoturism-la-dragosloveni-in-comuna-dumbraveni\" class=\"btn btn-success btn-adauga-com\" data-toggle=\"modal\" data-parent=\"0\" data-target=\"#commentModal\">Adaug\u0103 comentariu<\/a><\/p>\n<div class=\"loadMask comments-mask\"><img decoding=\"async\" src=\"https:\/\/zdvs.cname.ro\/images\/loader_40.gif\"><\/div>\n<div class=\"comenteaza-jos\">Trebuie s\u0103 fii <a href=\"https:\/\/ziaruldevrancea.ro\/account\">autentificat<\/a> pentru a putea <a href=\"https:\/\/ziaruldevrancea.ro\/actualitatea\/stiri-locale\/accident-grav-in-vrancea-pieton-ranit-dupa-ce-a-fost-lovit-de-un-autoturism-la-dragosloveni-in-comuna-dumbraveni\" class data-toggle=\"modal\" data-parent=\"0\" data-target=\"#commentModal\">posta un comentariu<\/a>.<\/div>\n<\/div>\n<div class=\"modal fade\" id=\"commentModal\" role=\"dialog\" aria-labelledby=\"commentModalLabel\">\n<div class=\"modal-dialog modal-lg\" role=\"document\">\n<div class=\"modal-content\">\n<div class=\"modal-header\">\n<h3 class=\"modal-title\" id=\"commentModalLabel\">Comenteaz\u0103<\/h3>\n<\/div>\n<div class=\"modal-body\">\n<div class=\"tabel tabel-full\">\n<div class=\"celula\">\n              Trebuie s\u0103 fii <a href=\"https:\/\/ziaruldevrancea.ro\/account\">autentificat<\/a> pentru a putea posta un comentariu.\n            <\/div>\n<\/div>\n<\/div>\n<div class=\"modal-footer\">\n<div id=\"commentPending\" class=\"formPending pull-left\"><img decoding=\"async\" src=\"https:\/\/zdvs.cname.ro\/images\/loader_40.gif\"> In curs de procesare&#8230;<\/div>\n<p><a href=\"https:\/\/ziaruldevrancea.ro\/actualitatea\/stiri-locale\/accident-grav-in-vrancea-pieton-ranit-dupa-ce-a-fost-lovit-de-un-autoturism-la-dragosloveni-in-comuna-dumbraveni\" class=\"btn btn-default\" data-dismiss=\"modal\">Anuleaz\u0103<\/a><\/div>\n<\/div>\n<\/div>\n<\/div>\n<div class=\"modal fade\" id=\"commentReportModal\" role=\"dialog\" aria-labelledby=\"commentReportModalLabel\">\n<div class=\"modal-dialog modal-lg\" role=\"document\">\n<div class=\"modal-content\">\n<div class=\"modal-header\">\n<h3 class=\"modal-title\" id=\"commentReportModalLabel\">Raporteaza comentariu<\/h3>\n<\/div>\n<div class=\"modal-body\">\n<div class=\"tabel tabel-full\">\n<div class=\"celula\">\n              Trebuie s\u0103 fii <a href=\"https:\/\/ziaruldevrancea.ro\/account\">autentificat<\/a> pentru a putea raporta un comentariu.\n            <\/div>\n<\/div>\n<\/div>\n<div class=\"modal-footer\">\n<div id=\"commentReportPending\" class=\"formPending pull-left\"><img decoding=\"async\" src=\"https:\/\/zdvs.cname.ro\/images\/loader_40.gif\"> In curs de procesare&#8230;<\/div>\n<p><a href=\"https:\/\/ziaruldevrancea.ro\/actualitatea\/stiri-locale\/accident-grav-in-vrancea-pieton-ranit-dupa-ce-a-fost-lovit-de-un-autoturism-la-dragosloveni-in-comuna-dumbraveni\" class=\"btn btn-default\" data-dismiss=\"modal\">Anuleaz\u0103<\/a><\/div>\n<\/div>\n<\/div>\n<\/div>\n<div class=\"modal fade\" id=\"commentLikeModal\" role=\"dialog\" aria-labelledby=\"commentLikeModalLabel\">\n<div class=\"modal-dialog modal-lg\" role=\"document\">\n<div class=\"modal-content\">\n<div class=\"modal-header\">\n<h3 class=\"modal-title\" id=\"commentReportModalLabel\">Apreciaza comentariu<\/h3>\n<\/div>\n<div class=\"modal-body\">\n<div class=\"tabel tabel-full\">\n<div class=\"celula\">\n            Trebuie s\u0103 fii <a href=\"https:\/\/ziaruldevrancea.ro\/account\">autentificat<\/a> pentru a putea aprecia un comentariu.\n          <\/div>\n<\/div>\n<\/div>\n<div class=\"modal-footer\"><a href=\"https:\/\/ziaruldevrancea.ro\/actualitatea\/stiri-locale\/accident-grav-in-vrancea-pieton-ranit-dupa-ce-a-fost-lovit-de-un-autoturism-la-dragosloveni-in-comuna-dumbraveni\" class=\"btn btn-default\" data-dismiss=\"modal\">Anuleaz\u0103<\/a><\/div>\n<\/div>\n<\/div>\n<\/div>\n<div class=\"bloc-widget widget-rosu\"><span><small>Ziarul de Vrancea doreste ca acest site sa fie un spatiu al discutiilor civilizate, al comentariilor de bun simt. Din acest motiv, cei care posteaza comentarii la articole trebuie sa respecte urmatoarele reguli:<br \/>\n1. Sa se refere doar la articolul la care posteaza comentarii.<br \/>\n2. Sa foloseasca un limbaj civilizat, fara injurii, calomnii, comentarii antisemite, xenofobe sau rasiste.<br \/>\n3. Sunt interzise atacurile la adresa autorilor, daca acestea nu au legatura cu textul.<br \/>\n4. Username-ul sa nu fie nume de personalitati ale vietii publice sau parodieri ale acestora.<br \/>\nAutorul unui articol poate fi criticat pentru eventuale greseli, incoerenta, lipsa de documentare etc.<br \/>\nNerespectarea regulilor mentionate mai sus va duce la stergerea comentariilor, fara avertisment si fara explicatii.<br \/>\nAbaterile repetate vor avea drept consecinta interdictia accesului la aceasta facilitate a site-ului.<\/small><\/span><\/div>\n<\/div>\n<p>[analyse_source url=&#8221;https:\/\/ziaruldevrancea.ro\/actualitatea\/stiri-locale\/accident-grav-in-vrancea-pieton-ranit-dupa-ce-a-fost-lovit-de-un-autoturism-la-dragosloveni-in-comuna-dumbraveni&#8221;]<\/p>\n","protected":false},"excerpt":{"rendered":"<p>[analyse_image type=&#8221;featured&#8221; src=&#8221;https:\/\/zdvi.cname.ro\/_\/accident-grav-in-vrancea-pieton-ranit-dupa-ce-a-fost-lovit-de-un-autoturism-la-dragosloveni-in-comuna-dumbraveni\/mediaPool\/u9KFdc2.jpg&#8221;] Local Accident grav \u00een Vrancea: pieton r\u0103nit dup\u0103 ce a fost lovit de un autoturism la Dragosloveni, \u00een comuna Dumbr\u0103veni Distribuie: \u00a0 | Radu Tomescu 30 iul 2026664 vizualiz\u0103ri Un b\u0103rbat a fost transportat \u00een stare grav\u0103 la Spitalul Jude\u021bean de Urgen\u021b\u0103 Foc\u0219ani, iar poli\u021bi\u0219tii vr\u00e2nceni au deschis un dosar penal pentru [&hellip;]<\/p>\n","protected":false},"author":1,"featured_media":0,"comment_status":"open","ping_status":"","sticky":false,"template":"","format":"standard","meta":{"footnotes":""},"categories":[89],"tags":[226,208],"class_list":["post-2071118","post","type-post","status-publish","format-standard","hentry","category-romania","tag-crawlmanager","tag-ziaruldevrancea-ro"],"_links":{"self":[{"href":"https:\/\/analyse.optim.biz\/index.php?rest_route=\/wp\/v2\/posts\/2071118","targetHints":{"allow":["GET"]}}],"collection":[{"href":"https:\/\/analyse.optim.biz\/index.php?rest_route=\/wp\/v2\/posts"}],"about":[{"href":"https:\/\/analyse.optim.biz\/index.php?rest_route=\/wp\/v2\/types\/post"}],"author":[{"embeddable":true,"href":"https:\/\/analyse.optim.biz\/index.php?rest_route=\/wp\/v2\/users\/1"}],"replies":[{"embeddable":true,"href":"https:\/\/analyse.optim.biz\/index.php?rest_route=%2Fwp%2Fv2%2Fcomments&post=2071118"}],"version-history":[{"count":0,"href":"https:\/\/analyse.optim.biz\/index.php?rest_route=\/wp\/v2\/posts\/2071118\/revisions"}],"wp:attachment":[{"href":"https:\/\/analyse.optim.biz\/index.php?rest_route=%2Fwp%2Fv2%2Fmedia&parent=2071118"}],"wp:term":[{"taxonomy":"category","embeddable":true,"href":"https:\/\/analyse.optim.biz\/index.php?rest_route=%2Fwp%2Fv2%2Fcategories&post=2071118"},{"taxonomy":"post_tag","embeddable":true,"href":"https:\/\/analyse.optim.biz\/index.php?rest_route=%2Fwp%2Fv2%2Ftags&post=2071118"}],"curies":[{"name":"wp","href":"https:\/\/api.w.org\/{rel}","templated":true}]}}