{"id":2071114,"date":"2026-07-30T00:00:00","date_gmt":"2026-07-29T21:00:00","guid":{"rendered":"https:\/\/analyse.optim.biz\/?p=2071114"},"modified":"2026-07-30T00:00:00","modified_gmt":"2026-07-29T21:00:00","slug":"amenzi-in-urma-controalelor-pentru-protectia-animalelor-la-adjud-politistii-au-verificat-14-animale-si-au-sanctionat-neregulile","status":"publish","type":"post","link":"https:\/\/analyse.optim.biz\/?p=2071114","title":{"rendered":"Amenzi \u00een urma controalelor pentru protec\u021bia animalelor la Adjud. Poli\u021bi\u0219tii au verificat 14 animale \u0219i au sanc\u021bionat neregulile"},"content":{"rendered":"<p>[analyse_image type=&#8221;featured&#8221; src=&#8221;https:\/\/zdvi.cname.ro\/_\/amenzi-in-urma-controalelor-pentru-protectia-animalelor-la-adjud.-politistii-au-verificat-14-animale-si-au-sanctionat-neregulile\/mediaPool\/uO2mXja.jpg&#8221;]<\/p>\n<div class=\"main-content detaliu-articol\"><a class=\"titlu-cat-list\" href=\"https:\/\/ziaruldevrancea.ro\/actualitatea\/stiri-locale\">Local<\/a><\/p>\n<h1>Amenzi \u00een urma controalelor pentru protec\u021bia animalelor la Adjud. Poli\u021bi\u0219tii au verificat 14 animale \u0219i au sanc\u021bionat neregulile<\/h1>\n<div class=\"date-articol clearfix\">\n<div class=\"distribuie-articol dropdown\">\n    Distribuie: \u00a0<br \/>\n    <em>|<\/em><\/div>\n<div class=\"autor-articol\"><a href=\"https:\/\/ziaruldevrancea.ro\/autor\/radu-tomescu\/\"><img decoding=\"async\" class=\"img-circle\" src=\"https:\/\/zdvi.cname.ro\/50_50\/articleAuthor\/radu-tomescu\/articleAuthor\/ucx2Ggg.PNG\" alt><\/a><\/p>\n<h5><a href=\"https:\/\/ziaruldevrancea.ro\/autor\/radu-tomescu\/\">Radu Tomescu<\/a><\/h5>\n<div class=\"grup-spatiere\"><span class=\"cu-spatiere\">30 iul 2026<\/span><span class=\"cu-spatiere\">332 vizualiz\u0103ri<\/span><\/div>\n<\/div>\n<\/div>\n<div class=\"poza-mare\"><a href class=\"openGallery\"><img decoding=\"async\" class=\"img-responsive\" src=\"https:\/\/zdvi.cname.ro\/850_530\/amenzi-in-urma-controalelor-pentru-protectia-animalelor-la-adjud.-politistii-au-verificat-14-animale-si-au-sanctionat-neregulile\/article\/mediaPool\/uO2mXja.jpg\" alt><\/a><\/div>\n<p><strong>Ac\u021biunea desf\u0103\u0219urat\u0103 de poli\u021bi\u0219tii Biroului pentru Protec\u021bia Animalelor din cadrul IPJ Vrancea a vizat respectarea legisla\u021biei privind bun\u0103starea animalelor, identificarea \u0219i \u00eenregistrarea acestora, precum \u0219i prevenirea comercializ\u0103rii neautorizate a c\u00e2inilor.<\/strong><\/p>\n<p>\u00a0<\/p>\n<p>Poli\u021bi\u0219tii din cadrul Biroului pentru Protec\u021bia Animalelor al Inspectoratului de Poli\u021bie Jude\u021bean Vrancea au desf\u0103\u0219urat o ac\u021biune de control \u00een municipiul Adjud, av\u00e2nd ca obiectiv verificarea modului \u00een care sunt respectate prevederile legale privind protec\u021bia \u0219i bun\u0103starea animalelor.<\/p>\n<p>Activitatea s-a concentrat asupra respect\u0103rii condi\u021biilor sanitar-veterinare, identific\u0103rii \u0219i \u00eenregistr\u0103rii animalelor, precum \u0219i asupra prevenirii \u0219i descuraj\u0103rii \u00eenmul\u021birii c\u00e2inilor \u00een scopul comercializ\u0103rii neautorizate.<\/p>\n<p>\u00cen cadrul verific\u0103rilor, poli\u021bi\u0219tii au controlat modul \u00een care proprietarii de animale \u00ee\u0219i \u00eendeplinesc obliga\u021biile prev\u0103zute de lege \u0219i au oferit recomand\u0103ri privind identificarea \u0219i \u00eenregistrarea animalelor, p\u0103strarea documentelor justificative, interzicerea relelor tratamente \u0219i a actelor de cruzime, precum \u0219i asigurarea permanent\u0103 a apei \u0219i hranei corespunz\u0103toare.<\/p>\n<p>Totodat\u0103, oamenii legii au atras aten\u021bia asupra obliga\u021biei de a supraveghea permanent animalele, astfel \u00eenc\u00e2t acestea s\u0103 nu ajung\u0103 nesupravegheate pe domeniul public.<\/p>\n<h3>Rezultatele ac\u021biunii<\/h3>\n<p>Potrivit datelor comunicate de IPJ Vrancea, \u00een timpul ac\u021biunii au fost:<\/p>\n<ul>\n<li>legitimate 10 persoane;<\/li>\n<li>controla\u021bi 5 de\u021bin\u0103tori de animale;<\/li>\n<li>consiliate 15 persoane;<\/li>\n<li>verificate 14 animale.<\/li>\n<\/ul>\n<p>\u00cen urma neregulilor constatate, poli\u021bi\u0219tii au aplicat 10 sanc\u021biuni contraven\u021bionale, \u00een valoare total\u0103 de <strong>2.640 de lei<\/strong>, pentru \u00eenc\u0103lcarea prevederilor <strong>O.U.G. nr. 155\/2001<\/strong> \u0219i <strong>H.G. nr. 984\/2005<\/strong>.<\/p>\n<h3>Recomand\u0103rile poli\u021bi\u0219tilor<\/h3>\n<p>Inspectoratul de Poli\u021bie Jude\u021bean Vrancea reaminte\u0219te proprietarilor de animale c\u0103 au obliga\u021bia legal\u0103 de a identifica \u0219i \u00eenregistra animalele, de a le asigura condi\u021bii corespunz\u0103toare de hran\u0103, ap\u0103 \u0219i ad\u0103post \u0219i de a respecta normele privind protec\u021bia \u0219i bun\u0103starea acestora.<\/p>\n<p>Reprezentan\u021bii IPJ subliniaz\u0103 c\u0103 astfel de ac\u021biuni vor continua \u0219i \u00een perioada urm\u0103toare, scopul fiind at\u00e2t prevenirea \u00eenc\u0103lc\u0103rii legisla\u021biei, c\u00e2t \u0219i promovarea unui comportament responsabil fa\u021b\u0103 de animale.<\/p>\n<p><strong>Cuvinte-cheie SEO:<\/strong> Vrancea, Adjud, IPJ Vrancea, Biroul pentru Protec\u021bia Animalelor, protec\u021bia animalelor, bun\u0103starea animalelor, controale Adjud, amenzi, identificarea animalelor, \u00eenregistrarea animalelor, sanc\u021biuni, de\u021bin\u0103tori de animale.<\/p>\n<p><strong>Citi\u021bi \u0219i con\u021binutul integral al comunicatului de pres\u0103 f\u0103cut public ast\u0103zi, 30 iulie\u00a02026 de purt\u0103torul de cuv\u00e2nt al IPJ Vrancea<\/strong><strong> \u00een leg\u0103tur\u0103 cu aceast\u0103 \u0219tire:\u00a0<\/strong><\/p>\n<p>BULETIN DE PRES\u0102<\/p>\n<p>AC\u021aIUNE A POLI\u021aI\u0218TILOR BIROULUI PENTRU PROTEC\u021aIA ANIMALELOR \u00ceN MUNICIPIUL ADJUD<\/p>\n<p>Poli\u021bi\u0219tii din cadrul Biroului pentru Protec\u021bia Animalelor Vrancea au desf\u0103\u0219urat o ac\u021biune \u00een municipiul Adjud, av\u00e2nd ca scop verificarea respect\u0103rii prevederilor legale privind protec\u021bia \u0219i bun\u0103starea animalelor, a condi\u021biilor sanitar-veterinare, identificarea \u0219i \u00eenregistrarea animalelor, precum \u0219i descurajarea \u00eenmul\u021birii c\u00e2inilor \u00een vederea comercializ\u0103rii neautorizate.<\/p>\n<p>\u00cen cadrul activit\u0103\u021bilor, poli\u021bi\u0219tii au verificat modul \u00een care de\u021bin\u0103torii de animale \u00ee\u0219i \u00eendeplinesc obliga\u021biile legale \u0219i au oferit recomand\u0103ri privind identificarea \u0219i \u00eenregistrarea animalelor, prezentarea documentelor justificative, interzicerea aplic\u0103rii de rele tratamente \u0219i cruzimi asupra animalelor, asigurarea permanent\u0103 a apei \u0219i hranei corespunz\u0103toare, precum \u0219i respectarea obliga\u021biei de a exercita un control permanent asupra animalelor, astfel \u00eenc\u00e2t acestea s\u0103 nu ajung\u0103 nesupravegheate pe domeniul public.<\/p>\n<p>Cu aceast\u0103 ocazie, au fost legitimate 10 persoane, au fost controla\u021bi 5 de\u021bin\u0103tori de animale, au fost consiliate 15 persoane \u0219i au fost verificate 14 animale.<\/p>\n<p>Pentru neregulile constatate, poli\u021bi\u0219tii au aplicat 10 sanc\u021biuni contraven\u021bionale, \u00een valoare total\u0103 de 2.640 de lei, pentru \u00eenc\u0103lcarea prevederilor O.U.G. nr. 155\/2001 \u0219i H.G. nr. 984\/2005.<\/p>\n<p>Inspectoratul de Poli\u021bie Jude\u021bean Vrancea recomand\u0103 de\u021bin\u0103torilor de animale s\u0103 respecte obliga\u021biile legale privind identificarea, \u00eenregistrarea \u0219i \u00eengrijirea acestora, precum \u0219i normele referitoare la protec\u021bia \u0219i bun\u0103starea animalelor.<\/p>\n<p>*<\/p>\n<p>\u00a0<\/p>\n<hr>\n<div class=\"bloc-widget widget-rosu\">\n<p>\u00cen lipsa unui acord scris din partea Ziarului de Vrancea, pute\u0163i prelua maxim 500 de caractere din acest articol dac\u0103 preciza\u0163i sursa \u015fi insera\u0163i vizibil link-ul articolului:\u00a0<span>#insertcurrentlinkhere<\/span><\/p>\n<\/div>\n<div class=\"extra-articol listing-anunturi\">\n<h6>Anun\u021buri <span class=\"text-primary\">ZdV<\/span> Premium<\/h6>\n<div class=\"row\">\n<div class=\"col-lg-4 col-md-6 bloc-egal\"><a class=\"card-anunt\" href=\"https:\/\/ziaruldevrancea.ro\/anunturi\/imobiliare\/vanzari-terenuri\/vand-teren-in-panciu\"><strong class=\"titlu\">V\u00e2nz\u0103ri terenuri<\/strong><span class=\"text-anunt\">Teren Panciu 1170 mp, cu num\u0103r cas\u0103, ap\u0103&#8230;<\/span><span class=\"data-anunt\">29.07.2026  <\/span><\/a><\/div>\n<div class=\"col-lg-4 col-md-6 bloc-egal\"><a class=\"card-anunt\" href=\"https:\/\/ziaruldevrancea.ro\/anunturi\/altele\/anulare-acte\/vand-scrumbii-afumate-capturi-dunare\"><strong class=\"titlu\">Vanzari diverse<\/strong><span class=\"text-anunt\">Pret : 117 lei \/ kg . \u00a0 Este&#8230;<\/span><span class=\"data-anunt\">29.07.2026 , Gala\u021bi , Gala\u021bi<\/span><\/a><\/div>\n<div class=\"col-lg-4 col-md-6 bloc-egal\"><a class=\"card-anunt\" href=\"https:\/\/ziaruldevrancea.ro\/anunturi\/necrolog\/decese\/dumnezeu-sa-o-aseze-in-randul-celor-drepti\"><strong class=\"titlu\">Decese<\/strong><span class=\"text-anunt\">Cu profund\u0103 durere, familia anun\u021b\u0103 trecerea la&#8230;<\/span><span class=\"data-anunt\">28.07.2026  <\/span><\/a><\/div>\n<\/div>\n<\/div>\n<div class=\"extra-articol alte-articole\">\n<div class=\"row\">\n<div class=\"col-lg-6 bloc-egal\">\n<div class=\"card articol-listing\">\n<h6>\u00cen categoria <a href=\"https:\/\/ziaruldevrancea.ro\/actualitatea\/stiri-locale\">Local<\/a><\/h6>\n<div class=\"grup-articol-listing\">\n<div class=\"cont-pils\"><a href=\"https:\/\/ziaruldevrancea.ro\/actualitatea\/stiri-locale\/foto-pompierii-isu-vrancea-au-dus-lectii-de-siguranta-in-gura-calitei\"><img decoding=\"async\" src=\"https:\/\/zdvi.cname.ro\/180_135\/actualitatea\/stiri-locale\/foto-pompierii-isu-vrancea-au-dus-lectii-de-siguranta-in-gura-calitei\/mediaPool\/unTARgF.jpeg\" class=\"img-responsive img-180\" alt><\/a><\/div>\n<h2><a class=\"link-titlu\" href=\"https:\/\/ziaruldevrancea.ro\/actualitatea\/stiri-locale\/foto-pompierii-isu-vrancea-au-dus-lectii-de-siguranta-in-gura-calitei\">Foto | Pompierii ISU Vrancea au dus lec\u021bii de siguran\u021b\u0103 \u00een Gura Cali\u021bei<\/a><\/h2>\n<div class=\"date-post\"><a href=\"https:\/\/ziaruldevrancea.ro\/autor\/petre-paraschiv\">Petre Paraschiv<\/a>, 31 iul 2026  <\/div>\n<\/div>\n<div class=\"grup-articol-listing\">\n<div class=\"cont-pils\"><a href=\"https:\/\/ziaruldevrancea.ro\/actualitatea\/stiri-locale\/vrancea-soferii-cu-permis-categoria-b-care-fac-transport-contra-cost-trebuie-sa-obtina-un-document-obligatoriu.\"><img decoding=\"async\" src=\"https:\/\/zdvi.cname.ro\/180_135\/actualitatea\/stiri-locale\/vrancea-soferii-cu-permis-categoria-b-care-fac-transport-contra-cost-trebuie-sa-obtina-un-document-obligatoriu.\/mediaPool\/uABp3Hl.jpg\" class=\"img-responsive img-180\" alt><\/a><\/div>\n<h2><a class=\"link-titlu\" href=\"https:\/\/ziaruldevrancea.ro\/actualitatea\/stiri-locale\/vrancea-soferii-cu-permis-categoria-b-care-fac-transport-contra-cost-trebuie-sa-obtina-un-document-obligatoriu.\">Vrancea: \u0218oferii cu permis categoria B care fac transport contra cost trebuie s\u0103 ob\u021bin\u0103 un document obligatoriu<\/a><\/h2>\n<div class=\"date-post\"><a href=\"https:\/\/ziaruldevrancea.ro\/autor\/ionel-sclavone\">Ionel Sclavone<\/a>, 31 iul 2026  <\/div>\n<\/div>\n<div class=\"grup-articol-listing\">\n<div class=\"cont-pils\"><a href=\"https:\/\/ziaruldevrancea.ro\/actualitatea\/stiri-locale\/comisariatul-militar-din-focsani-un-simbol-al-istoriei-vrancei-renaste-prin-restaurare.-povestea-cladirii-care-a-gazduit-divizia-6-infanterie\"><img decoding=\"async\" src=\"https:\/\/zdvi.cname.ro\/180_135\/actualitatea\/stiri-locale\/comisariatul-militar-din-focsani-un-simbol-al-istoriei-vrancei-renaste-prin-restaurare.-povestea-cladirii-care-a-gazduit-divizia-6-infanterie\/mediaPool\/u5btavU.jpg\" class=\"img-responsive img-180\" alt><\/a><\/div>\n<h2><a class=\"link-titlu\" href=\"https:\/\/ziaruldevrancea.ro\/actualitatea\/stiri-locale\/comisariatul-militar-din-focsani-un-simbol-al-istoriei-vrancei-renaste-prin-restaurare.-povestea-cladirii-care-a-gazduit-divizia-6-infanterie\">Comisariatul Militar din Foc\u0219ani, un simbol al istoriei Vrancei, rena\u0219te prin restaurare. Povestea cl\u0103dirii care a g\u0103zduit Divizia 6 Infanterie<\/a><\/h2>\n<div class=\"date-post\"><a href=\"https:\/\/ziaruldevrancea.ro\/autor\/florin-marian-dirdala\">Florin Marian D\u00eerdal\u0103<\/a>, 31 iul 2026  <\/div>\n<\/div>\n<\/div>\n<\/div>\n<div class=\"col-lg-6 bloc-egal\">\n<div class=\"card articol-listing\">\n<h6>De acela\u0219i <a href=\"https:\/\/ziaruldevrancea.ro\/autor\/radu-tomescu\/\">autor<\/a><\/h6>\n<div class=\"grup-articol-listing\">\n<div class=\"cont-pils\"><a href=\"https:\/\/ziaruldevrancea.ro\/actualitatea\/stiri-locale\/dosar-de-trafic-de-droguri-in-vrancea-trei-persoane-cercetate-canabis-si-cocaina-vandute-in-adjud-potrivit-anchetatorilor\"><img decoding=\"async\" src=\"https:\/\/zdvi.cname.ro\/180_135\/actualitatea\/stiri-locale\/dosar-de-trafic-de-droguri-in-vrancea-trei-persoane-cercetate-canabis-si-cocaina-vandute-in-adjud-potrivit-anchetatorilor\/mediaPool\/ucfOmNt.JPG\" class=\"img-responsive img-180\" alt><\/a><\/div>\n<h2><a class=\"link-titlu\" href=\"https:\/\/ziaruldevrancea.ro\/actualitatea\/stiri-locale\/dosar-de-trafic-de-droguri-in-vrancea-trei-persoane-cercetate-canabis-si-cocaina-vandute-in-adjud-potrivit-anchetatorilor\">Dosar de trafic de droguri \u00een Vrancea: trei persoane cercetate, canabis \u0219i cocain\u0103 v\u00e2ndute \u00een Adjud, potrivit anchetatorilor<\/a><\/h2>\n<div class=\"date-post\"><a href=\"https:\/\/ziaruldevrancea.ro\/autor\/radu-tomescu\">Radu Tomescu<\/a>, 31 iul 2026  <\/div>\n<\/div>\n<div class=\"grup-articol-listing\">\n<div class=\"cont-pils\"><a href=\"https:\/\/ziaruldevrancea.ro\/actualitatea\/stiri-locale\/au-fost-mobilizate-ieri-echipajele-de-politie-si-jandarmerie-in-nordul-judetului-vrancea-pentru-nunta-anului-de-la-laguna-verde\"><img decoding=\"async\" src=\"https:\/\/zdvi.cname.ro\/180_135\/actualitatea\/stiri-locale\/au-fost-mobilizate-ieri-echipajele-de-politie-si-jandarmerie-in-nordul-judetului-vrancea-pentru-nunta-anului-de-la-laguna-verde\/mediaPool\/uQ1yFnw.jpg\" class=\"img-responsive img-180\" alt><\/a><\/div>\n<h2><a class=\"link-titlu\" href=\"https:\/\/ziaruldevrancea.ro\/actualitatea\/stiri-locale\/au-fost-mobilizate-ieri-echipajele-de-politie-si-jandarmerie-in-nordul-judetului-vrancea-pentru-nunta-anului-de-la-laguna-verde\">Au fost mobilizate, ieri, echipajele de poli\u021bie \u0219i jandarmerie \u00een nordul jude\u021bului Vrancea pentru \u201enunta anului\u201d de la Laguna Verde?<\/a><\/h2>\n<div class=\"date-post\"><a href=\"https:\/\/ziaruldevrancea.ro\/autor\/radu-tomescu\">Radu Tomescu<\/a>, 31 iul 2026  <\/div>\n<\/div>\n<div class=\"grup-articol-listing\">\n<div class=\"cont-pils\"><a href=\"https:\/\/ziaruldevrancea.ro\/actualitatea\/stiri-locale\/accident-rutier-in-tisita-la-intrarea-spre-autostrada-a7.-un-sofer-de-31-de-ani-a-fost-transportat-la-spital\"><img decoding=\"async\" src=\"https:\/\/zdvi.cname.ro\/180_135\/actualitatea\/stiri-locale\/accident-rutier-in-tisita-la-intrarea-spre-autostrada-a7.-un-sofer-de-31-de-ani-a-fost-transportat-la-spital\/mediaPool\/uaFrQH0.png\" class=\"img-responsive img-180\" alt><\/a><\/div>\n<h2><a class=\"link-titlu\" href=\"https:\/\/ziaruldevrancea.ro\/actualitatea\/stiri-locale\/accident-rutier-in-tisita-la-intrarea-spre-autostrada-a7.-un-sofer-de-31-de-ani-a-fost-transportat-la-spital\">Accident rutier \u00een Ti\u0219i\u021ba, la intrarea spre Autostrada A7. Un \u0219ofer de 31 de ani a fost transportat la spital<\/a><\/h2>\n<div class=\"date-post\"><a href=\"https:\/\/ziaruldevrancea.ro\/autor\/radu-tomescu\">Radu Tomescu<\/a>, 31 iul 2026  <\/div>\n<\/div>\n<\/div>\n<\/div>\n<\/div>\n<\/div>\n<div class=\"extra-articol listing-anunturi\">\n<h6>Anun\u021buri <span class=\"text-primary\">ZdV<\/span> Premium<\/h6>\n<div class=\"row\">\n<div class=\"col-lg-4 col-md-6 bloc-egal\"><a class=\"card-anunt\" href=\"https:\/\/ziaruldevrancea.ro\/anunturi\/imobiliare\/vanzari-case\/vand-casa-si-teren-in-panciu-anunt-72818\"><strong class=\"titlu\">V\u00e2nz\u0103ri case<\/strong><span class=\"text-anunt\">V\u00e2nd cas\u0103 cu 2 camere, buc\u0103t\u0103rie, baie,&#8230;<\/span><span class=\"data-anunt\">23.07.2026  <\/span><\/a><\/div>\n<div class=\"col-lg-4 col-md-6 bloc-egal\"><a class=\"card-anunt\" href=\"https:\/\/ziaruldevrancea.ro\/anunturi\/angajari\/cereri-angajari\/doresc-angajare-anunt-72815\"><strong class=\"titlu\">Cereri<\/strong><span class=\"text-anunt\">Doresc s\u0103 am grij\u0103 de un copil de gradini\u021b\u0103&#8230;<\/span><span class=\"data-anunt\">21.07.2026  <\/span><\/a><\/div>\n<div class=\"col-lg-4 col-md-6 bloc-egal\"><a class=\"card-anunt\" href=\"https:\/\/ziaruldevrancea.ro\/anunturi\/inchirieri\/locuinte-oferte\/primesc-in-gazda-anunt-72816\"><strong class=\"titlu\">Locuin\u021be oferte<\/strong><span class=\"text-anunt\">\u00a0Primesc \u00een gazd\u0103 la cas\u0103.<\/p>\n<p>Tel&#8230;.<\/span><span class=\"data-anunt\">21.07.2026  <\/span><\/a><\/div>\n<\/div>\n<\/div>\n<div class=\"bloc-widget widget-albastru\">\n    Ziarul de Vrancea \u00a0nu este responsabil juridic pentru con\u0163inutul textelor din comentariile de mai jos. Responsabilitatea pentru mesajele dumneavoastra v\u0103 revine \u00een exclusivitate.\n<\/div>\n<div class=\"comentarii-articol\" id=\"comentarii\">\n<h3>Comentarii: <span class=\"text-primary\">0<\/span><\/h3>\n<p><a href=\"https:\/\/ziaruldevrancea.ro\/actualitatea\/stiri-locale\/amenzi-in-urma-controalelor-pentru-protectia-animalelor-la-adjud.-politistii-au-verificat-14-animale-si-au-sanctionat-neregulile\" class=\"btn btn-success btn-adauga-com\" data-toggle=\"modal\" data-parent=\"0\" data-target=\"#commentModal\">Adaug\u0103 comentariu<\/a><\/p>\n<div class=\"loadMask comments-mask\"><img decoding=\"async\" src=\"https:\/\/zdvs.cname.ro\/images\/loader_40.gif\"><\/div>\n<div class=\"comenteaza-jos\">Trebuie s\u0103 fii <a href=\"https:\/\/ziaruldevrancea.ro\/account\">autentificat<\/a> pentru a putea <a href=\"https:\/\/ziaruldevrancea.ro\/actualitatea\/stiri-locale\/amenzi-in-urma-controalelor-pentru-protectia-animalelor-la-adjud.-politistii-au-verificat-14-animale-si-au-sanctionat-neregulile\" class data-toggle=\"modal\" data-parent=\"0\" data-target=\"#commentModal\">posta un comentariu<\/a>.<\/div>\n<\/div>\n<div class=\"modal fade\" id=\"commentModal\" role=\"dialog\" aria-labelledby=\"commentModalLabel\">\n<div class=\"modal-dialog modal-lg\" role=\"document\">\n<div class=\"modal-content\">\n<div class=\"modal-header\">\n<h3 class=\"modal-title\" id=\"commentModalLabel\">Comenteaz\u0103<\/h3>\n<\/div>\n<div class=\"modal-body\">\n<div class=\"tabel tabel-full\">\n<div class=\"celula\">\n              Trebuie s\u0103 fii <a href=\"https:\/\/ziaruldevrancea.ro\/account\">autentificat<\/a> pentru a putea posta un comentariu.\n            <\/div>\n<\/div>\n<\/div>\n<div class=\"modal-footer\">\n<div id=\"commentPending\" class=\"formPending pull-left\"><img decoding=\"async\" src=\"https:\/\/zdvs.cname.ro\/images\/loader_40.gif\"> In curs de procesare&#8230;<\/div>\n<p><a href=\"https:\/\/ziaruldevrancea.ro\/actualitatea\/stiri-locale\/amenzi-in-urma-controalelor-pentru-protectia-animalelor-la-adjud.-politistii-au-verificat-14-animale-si-au-sanctionat-neregulile\" class=\"btn btn-default\" data-dismiss=\"modal\">Anuleaz\u0103<\/a><\/div>\n<\/div>\n<\/div>\n<\/div>\n<div class=\"modal fade\" id=\"commentReportModal\" role=\"dialog\" aria-labelledby=\"commentReportModalLabel\">\n<div class=\"modal-dialog modal-lg\" role=\"document\">\n<div class=\"modal-content\">\n<div class=\"modal-header\">\n<h3 class=\"modal-title\" id=\"commentReportModalLabel\">Raporteaza comentariu<\/h3>\n<\/div>\n<div class=\"modal-body\">\n<div class=\"tabel tabel-full\">\n<div class=\"celula\">\n              Trebuie s\u0103 fii <a href=\"https:\/\/ziaruldevrancea.ro\/account\">autentificat<\/a> pentru a putea raporta un comentariu.\n            <\/div>\n<\/div>\n<\/div>\n<div class=\"modal-footer\">\n<div id=\"commentReportPending\" class=\"formPending pull-left\"><img decoding=\"async\" src=\"https:\/\/zdvs.cname.ro\/images\/loader_40.gif\"> In curs de procesare&#8230;<\/div>\n<p><a href=\"https:\/\/ziaruldevrancea.ro\/actualitatea\/stiri-locale\/amenzi-in-urma-controalelor-pentru-protectia-animalelor-la-adjud.-politistii-au-verificat-14-animale-si-au-sanctionat-neregulile\" class=\"btn btn-default\" data-dismiss=\"modal\">Anuleaz\u0103<\/a><\/div>\n<\/div>\n<\/div>\n<\/div>\n<div class=\"modal fade\" id=\"commentLikeModal\" role=\"dialog\" aria-labelledby=\"commentLikeModalLabel\">\n<div class=\"modal-dialog modal-lg\" role=\"document\">\n<div class=\"modal-content\">\n<div class=\"modal-header\">\n<h3 class=\"modal-title\" id=\"commentReportModalLabel\">Apreciaza comentariu<\/h3>\n<\/div>\n<div class=\"modal-body\">\n<div class=\"tabel tabel-full\">\n<div class=\"celula\">\n            Trebuie s\u0103 fii <a href=\"https:\/\/ziaruldevrancea.ro\/account\">autentificat<\/a> pentru a putea aprecia un comentariu.\n          <\/div>\n<\/div>\n<\/div>\n<div class=\"modal-footer\"><a href=\"https:\/\/ziaruldevrancea.ro\/actualitatea\/stiri-locale\/amenzi-in-urma-controalelor-pentru-protectia-animalelor-la-adjud.-politistii-au-verificat-14-animale-si-au-sanctionat-neregulile\" class=\"btn btn-default\" data-dismiss=\"modal\">Anuleaz\u0103<\/a><\/div>\n<\/div>\n<\/div>\n<\/div>\n<div class=\"bloc-widget widget-rosu\"><span><small>Ziarul de Vrancea doreste ca acest site sa fie un spatiu al discutiilor civilizate, al comentariilor de bun simt. Din acest motiv, cei care posteaza comentarii la articole trebuie sa respecte urmatoarele reguli:<br \/>\n1. Sa se refere doar la articolul la care posteaza comentarii.<br \/>\n2. Sa foloseasca un limbaj civilizat, fara injurii, calomnii, comentarii antisemite, xenofobe sau rasiste.<br \/>\n3. Sunt interzise atacurile la adresa autorilor, daca acestea nu au legatura cu textul.<br \/>\n4. Username-ul sa nu fie nume de personalitati ale vietii publice sau parodieri ale acestora.<br \/>\nAutorul unui articol poate fi criticat pentru eventuale greseli, incoerenta, lipsa de documentare etc.<br \/>\nNerespectarea regulilor mentionate mai sus va duce la stergerea comentariilor, fara avertisment si fara explicatii.<br \/>\nAbaterile repetate vor avea drept consecinta interdictia accesului la aceasta facilitate a site-ului.<\/small><\/span><\/div>\n<\/div>\n<p>[analyse_source url=&#8221;https:\/\/ziaruldevrancea.ro\/actualitatea\/stiri-locale\/amenzi-in-urma-controalelor-pentru-protectia-animalelor-la-adjud.-politistii-au-verificat-14-animale-si-au-sanctionat-neregulile&#8221;]<\/p>\n","protected":false},"excerpt":{"rendered":"<p>[analyse_image type=&#8221;featured&#8221; src=&#8221;https:\/\/zdvi.cname.ro\/_\/amenzi-in-urma-controalelor-pentru-protectia-animalelor-la-adjud.-politistii-au-verificat-14-animale-si-au-sanctionat-neregulile\/mediaPool\/uO2mXja.jpg&#8221;] Local Amenzi \u00een urma controalelor pentru protec\u021bia animalelor la Adjud. Poli\u021bi\u0219tii au verificat 14 animale \u0219i au sanc\u021bionat neregulile Distribuie: \u00a0 | Radu Tomescu 30 iul 2026332 vizualiz\u0103ri Ac\u021biunea desf\u0103\u0219urat\u0103 de poli\u021bi\u0219tii Biroului pentru Protec\u021bia Animalelor din cadrul IPJ Vrancea a vizat respectarea legisla\u021biei privind bun\u0103starea animalelor, identificarea \u0219i \u00eenregistrarea acestora, precum [&hellip;]<\/p>\n","protected":false},"author":1,"featured_media":0,"comment_status":"open","ping_status":"","sticky":false,"template":"","format":"standard","meta":{"footnotes":""},"categories":[89],"tags":[226,208],"class_list":["post-2071114","post","type-post","status-publish","format-standard","hentry","category-romania","tag-crawlmanager","tag-ziaruldevrancea-ro"],"_links":{"self":[{"href":"https:\/\/analyse.optim.biz\/index.php?rest_route=\/wp\/v2\/posts\/2071114","targetHints":{"allow":["GET"]}}],"collection":[{"href":"https:\/\/analyse.optim.biz\/index.php?rest_route=\/wp\/v2\/posts"}],"about":[{"href":"https:\/\/analyse.optim.biz\/index.php?rest_route=\/wp\/v2\/types\/post"}],"author":[{"embeddable":true,"href":"https:\/\/analyse.optim.biz\/index.php?rest_route=\/wp\/v2\/users\/1"}],"replies":[{"embeddable":true,"href":"https:\/\/analyse.optim.biz\/index.php?rest_route=%2Fwp%2Fv2%2Fcomments&post=2071114"}],"version-history":[{"count":0,"href":"https:\/\/analyse.optim.biz\/index.php?rest_route=\/wp\/v2\/posts\/2071114\/revisions"}],"wp:attachment":[{"href":"https:\/\/analyse.optim.biz\/index.php?rest_route=%2Fwp%2Fv2%2Fmedia&parent=2071114"}],"wp:term":[{"taxonomy":"category","embeddable":true,"href":"https:\/\/analyse.optim.biz\/index.php?rest_route=%2Fwp%2Fv2%2Fcategories&post=2071114"},{"taxonomy":"post_tag","embeddable":true,"href":"https:\/\/analyse.optim.biz\/index.php?rest_route=%2Fwp%2Fv2%2Ftags&post=2071114"}],"curies":[{"name":"wp","href":"https:\/\/api.w.org\/{rel}","templated":true}]}}