{"id":2071109,"date":"2026-07-30T00:00:00","date_gmt":"2026-07-29T21:00:00","guid":{"rendered":"https:\/\/analyse.optim.biz\/?p=2071109"},"modified":"2026-07-30T00:00:00","modified_gmt":"2026-07-29T21:00:00","slug":"video-patru-tineri-pe-trotinete-electrice-filmati-in-focsani-in-timp-ce-incalca-repetat-regulile-de-circulatie","status":"publish","type":"post","link":"https:\/\/analyse.optim.biz\/?p=2071109","title":{"rendered":"VIDEO | Patru tineri pe trotinete electrice, filma\u021bi \u00een Foc\u0219ani \u00een timp ce \u00eencalc\u0103 repetat regulile de circula\u021bie"},"content":{"rendered":"<p>[analyse_image type=&#8221;featured&#8221; src=&#8221;https:\/\/zdvi.cname.ro\/_\/video-patru-tineri-pe-trotinete-electrice-filmati-in-focsani-in-timp-ce-incalca-repetat-regulile-de-circulatie\/mediaPool\/uLcMvrx.jpg&#8221;]<\/p>\n<div class=\"main-content detaliu-articol\"><a class=\"titlu-cat-list\" href=\"https:\/\/ziaruldevrancea.ro\/actualitatea\/stiri-locale\">Local<\/a><\/p>\n<h1>VIDEO | Patru tineri pe trotinete electrice, filma\u021bi \u00een Foc\u0219ani \u00een timp ce \u00eencalc\u0103 repetat regulile de circula\u021bie<\/h1>\n<div class=\"date-articol clearfix\">\n<div class=\"distribuie-articol dropdown\">\n    Distribuie: \u00a0<br \/>\n    <em>|<\/em><\/div>\n<div class=\"autor-articol\"><a href=\"https:\/\/ziaruldevrancea.ro\/autor\/mircea-pavel\/\"><img decoding=\"async\" class=\"img-circle\" src=\"https:\/\/zdvi.cname.ro\/50_50\/articleAuthor\/mircea-pavel\/articleAuthor\/uqcCx6q.jpg\" alt><\/a><\/p>\n<h5><a href=\"https:\/\/ziaruldevrancea.ro\/autor\/mircea-pavel\/\">Mircea Pavel<\/a><\/h5>\n<div class=\"grup-spatiere\"><span class=\"cu-spatiere\">30 iul 2026<\/span><span class=\"cu-spatiere\">2237 vizualiz\u0103ri<\/span><\/div>\n<\/div>\n<\/div>\n<div class=\"poza-mare\"><a href class=\"openGallery\"><img decoding=\"async\" class=\"img-responsive\" src=\"https:\/\/zdvi.cname.ro\/850_530\/video-patru-tineri-pe-trotinete-electrice-filmati-in-focsani-in-timp-ce-incalca-repetat-regulile-de-circulatie\/article\/mediaPool\/uLcMvrx.jpg\" alt><\/a><\/div>\n<p><strong>Poli\u021bia face verific\u0103ri.<\/strong><\/p>\n<p><strong>Imaginile surprinse \u00een municipiul Foc\u0219ani readuc \u00een aten\u021bie siguran\u021ba rutier\u0103 \u0219i necesitatea respect\u0103rii regulilor de circula\u021bie pentru utilizatorii de trotinete electrice. Poli\u021bi\u0219tii \u00eencearc\u0103 s\u0103 \u00eei identifice pe cei implica\u021bi.<\/strong><\/p>\n<p><strong>VIDEO<a href=\"https:\/\/www.youtube.com\/watch?v=V9aOD_aRp7s\" target=\"_blank\">:<\/a><a href=\"https:\/\/www.youtube.com\/@ObservatorTV\">Observator News<\/a><\/strong><\/p>\n<div class=\"video-embed\"><iframe loading=\"lazy\" frameborder height=\"560\" scrolling=\"no\" src=\"https:\/\/www.youtube.com\/embed\/V9aOD_aRp7s?si=K57NNk2JE-9l36O9\" width=\"100%\"><\/iframe><\/div>\n<p>\u00a0<\/p>\n<p><strong>Patru persoane aflate pe trotinete electrice au fost filmate \u00een municipiul Foc\u0219ani \u00een timp ce circulau \u00eentr-un mod care ridic\u0103 serioase semne de \u00eentrebare privind respectarea legisla\u021biei rutiere \u0219i siguran\u021ba \u00een trafic. Imaginile, publicate miercuri, 29 iulie 2026, de Observator News, surprind tinerii deplas\u00e2ndu-se pe o distan\u021b\u0103 considerabil\u0103, inclusiv pe contrasens \u0219i \u00eenc\u0103lc\u00e2nd, potrivit materialului video, mai multe reguli de circula\u021bie.<\/strong><\/p>\n<p>Incidentul readuce \u00een aten\u021bie o problem\u0103 tot mai des \u00eent\u00e2lnit\u0103 \u00een marile \u0219i micile ora\u0219e din Rom\u00e2nia: utilizarea trotinetelor electrice f\u0103r\u0103 respectarea normelor de circula\u021bie \u0219i f\u0103r\u0103 o con\u0219tientizare suficient\u0103 a riscurilor pe care astfel de comportamente le implic\u0103.<\/p>\n<p>Potrivit informa\u021biilor prezentate de Observator News, cei patru tineri au fost surprin\u0219i \u00een trafic \u00een timp ce circulau at\u00e2t pe contrasens, c\u00e2t \u0219i pe sensul normal de mers, efectu\u00e2nd manevre care puteau pune \u00een pericol at\u00e2t propria siguran\u021b\u0103, c\u00e2t \u0219i pe cea a celorlal\u021bi participan\u021bi la trafic.<\/p>\n<p>\u00cen prezent, poli\u021bi\u0219tii desf\u0103\u0219oar\u0103 verific\u0103ri pentru identificarea persoanelor implicate. Deocamdat\u0103 nu a fost stabilit dac\u0103 este vorba despre minori sau despre persoane majore.<\/p>\n<p><strong>O dezbatere tot mai intens\u0103 privind utilizarea trotinetelor electrice<\/strong><\/p>\n<p>Cazul de la Foc\u0219ani apare \u00eentr-un context \u00een care utilizarea trotinetelor electrice genereaz\u0103 tot mai multe discu\u021bii la nivel na\u021bional. \u00cen ultimii ani, num\u0103rul accidentelor \u0219i incidentelor \u00een care au fost implicate astfel de vehicule a crescut, iar autorit\u0103\u021bile \u0219i speciali\u0219tii \u00een siguran\u021b\u0103 rutier\u0103 atrag aten\u021bia asupra necesit\u0103\u021bii respect\u0103rii regulilor de circula\u021bie.<\/p>\n<p>\u00cen unele ora\u0219e din Rom\u00e2nia au fost deja adoptate m\u0103suri restrictive. De exemplu, sistemele de trotinete electrice \u00een regim de \u00eenchiriere nu mai func\u021bioneaz\u0103 \u00een municipiul Bra\u0219ov, iar \u00een Bucure\u0219ti se afl\u0103 \u00een dezbatere propuneri privind limitarea utiliz\u0103rii acestora de c\u0103tre minori.<\/p>\n<p><strong>Accidente grave \u00eenregistrate \u00een ultima perioad\u0103<\/strong><\/p>\n<p>Materialul publicat de Observator News aminte\u0219te \u0219i de dou\u0103 tragedii petrecute recent.<\/p>\n<p>Cu doar dou\u0103 zile \u00eenainte, un adolescent \u00een v\u00e2rst\u0103 de 14 ani \u0219i-a pierdut via\u021ba dup\u0103 ce a fost lovit de un autoturism, \u00een urma p\u0103trunderii cu trotineta electric\u0103 de pe un drum comunal pe un drum na\u021bional.<\/p>\n<p>De asemenea, luna trecut\u0103, un alt adolescent, \u00een v\u00e2rst\u0103 de 15 ani, a murit dup\u0103 ce s-a dezechilibrat \u0219i a c\u0103zut de pe trotinet\u0103, suferind leziuni incompatibile cu via\u021ba.<\/p>\n<p><strong>Respectarea regulilor poate preveni tragediile<\/strong><\/p>\n<p>Indiferent dac\u0103 trotineta electric\u0103 este utilizat\u0103 pentru deplas\u0103ri zilnice sau \u00een scop recreativ, respectarea regulilor de circula\u021bie r\u0103m\u00e2ne esen\u021bial\u0103 pentru prevenirea accidentelor.<\/p>\n<p>\u00cen cazul surprins la Foc\u0219ani, verific\u0103rile poli\u021bi\u0219tilor sunt \u00een desf\u0103\u0219urare, iar concluziile anchetei vor stabili eventualele responsabilit\u0103\u021bi ale persoanelor implicate.<\/p>\n<p><strong>Mircea Pavel\u00a0<\/strong><\/p>\n<hr>\n<div class=\"bloc-widget widget-rosu\">\n<p>\u00cen lipsa unui acord scris din partea Ziarului de Vrancea, pute\u0163i prelua maxim 500 de caractere din acest articol dac\u0103 preciza\u0163i sursa \u015fi insera\u0163i vizibil link-ul articolului:\u00a0<span>#insertcurrentlinkhere<\/span><\/p>\n<\/div>\n<div class=\"extra-articol listing-anunturi\">\n<h6>Anun\u021buri <span class=\"text-primary\">ZdV<\/span> Premium<\/h6>\n<div class=\"row\">\n<div class=\"col-lg-4 col-md-6 bloc-egal\"><a class=\"card-anunt\" href=\"https:\/\/ziaruldevrancea.ro\/anunturi\/imobiliare\/vanzari-terenuri\/vand-teren-in-panciu\"><strong class=\"titlu\">V\u00e2nz\u0103ri terenuri<\/strong><span class=\"text-anunt\">Teren Panciu 1170 mp, cu num\u0103r cas\u0103, ap\u0103&#8230;<\/span><span class=\"data-anunt\">29.07.2026  <\/span><\/a><\/div>\n<div class=\"col-lg-4 col-md-6 bloc-egal\"><a class=\"card-anunt\" href=\"https:\/\/ziaruldevrancea.ro\/anunturi\/altele\/anulare-acte\/vand-scrumbii-afumate-capturi-dunare\"><strong class=\"titlu\">Vanzari diverse<\/strong><span class=\"text-anunt\">Pret : 117 lei \/ kg . \u00a0 Este&#8230;<\/span><span class=\"data-anunt\">29.07.2026 , Gala\u021bi , Gala\u021bi<\/span><\/a><\/div>\n<div class=\"col-lg-4 col-md-6 bloc-egal\"><a class=\"card-anunt\" href=\"https:\/\/ziaruldevrancea.ro\/anunturi\/necrolog\/decese\/dumnezeu-sa-o-aseze-in-randul-celor-drepti\"><strong class=\"titlu\">Decese<\/strong><span class=\"text-anunt\">Cu profund\u0103 durere, familia anun\u021b\u0103 trecerea la&#8230;<\/span><span class=\"data-anunt\">28.07.2026  <\/span><\/a><\/div>\n<\/div>\n<\/div>\n<div class=\"extra-articol alte-articole\">\n<div class=\"row\">\n<div class=\"col-lg-6 bloc-egal\">\n<div class=\"card articol-listing\">\n<h6>\u00cen categoria <a href=\"https:\/\/ziaruldevrancea.ro\/actualitatea\/stiri-locale\">Local<\/a><\/h6>\n<div class=\"grup-articol-listing\">\n<div class=\"cont-pils\"><a href=\"https:\/\/ziaruldevrancea.ro\/actualitatea\/stiri-locale\/foto-pompierii-isu-vrancea-au-dus-lectii-de-siguranta-in-gura-calitei\"><img decoding=\"async\" src=\"https:\/\/zdvi.cname.ro\/180_135\/actualitatea\/stiri-locale\/foto-pompierii-isu-vrancea-au-dus-lectii-de-siguranta-in-gura-calitei\/mediaPool\/unTARgF.jpeg\" class=\"img-responsive img-180\" alt><\/a><\/div>\n<h2><a class=\"link-titlu\" href=\"https:\/\/ziaruldevrancea.ro\/actualitatea\/stiri-locale\/foto-pompierii-isu-vrancea-au-dus-lectii-de-siguranta-in-gura-calitei\">Foto | Pompierii ISU Vrancea au dus lec\u021bii de siguran\u021b\u0103 \u00een Gura Cali\u021bei<\/a><\/h2>\n<div class=\"date-post\"><a href=\"https:\/\/ziaruldevrancea.ro\/autor\/petre-paraschiv\">Petre Paraschiv<\/a>, 31 iul 2026  <\/div>\n<\/div>\n<div class=\"grup-articol-listing\">\n<div class=\"cont-pils\"><a href=\"https:\/\/ziaruldevrancea.ro\/actualitatea\/stiri-locale\/vrancea-soferii-cu-permis-categoria-b-care-fac-transport-contra-cost-trebuie-sa-obtina-un-document-obligatoriu.\"><img decoding=\"async\" src=\"https:\/\/zdvi.cname.ro\/180_135\/actualitatea\/stiri-locale\/vrancea-soferii-cu-permis-categoria-b-care-fac-transport-contra-cost-trebuie-sa-obtina-un-document-obligatoriu.\/mediaPool\/uABp3Hl.jpg\" class=\"img-responsive img-180\" alt><\/a><\/div>\n<h2><a class=\"link-titlu\" href=\"https:\/\/ziaruldevrancea.ro\/actualitatea\/stiri-locale\/vrancea-soferii-cu-permis-categoria-b-care-fac-transport-contra-cost-trebuie-sa-obtina-un-document-obligatoriu.\">Vrancea: \u0218oferii cu permis categoria B care fac transport contra cost trebuie s\u0103 ob\u021bin\u0103 un document obligatoriu<\/a><\/h2>\n<div class=\"date-post\"><a href=\"https:\/\/ziaruldevrancea.ro\/autor\/ionel-sclavone\">Ionel Sclavone<\/a>, 31 iul 2026  <\/div>\n<\/div>\n<div class=\"grup-articol-listing\">\n<div class=\"cont-pils\"><a href=\"https:\/\/ziaruldevrancea.ro\/actualitatea\/stiri-locale\/comisariatul-militar-din-focsani-un-simbol-al-istoriei-vrancei-renaste-prin-restaurare.-povestea-cladirii-care-a-gazduit-divizia-6-infanterie\"><img decoding=\"async\" src=\"https:\/\/zdvi.cname.ro\/180_135\/actualitatea\/stiri-locale\/comisariatul-militar-din-focsani-un-simbol-al-istoriei-vrancei-renaste-prin-restaurare.-povestea-cladirii-care-a-gazduit-divizia-6-infanterie\/mediaPool\/u5btavU.jpg\" class=\"img-responsive img-180\" alt><\/a><\/div>\n<h2><a class=\"link-titlu\" href=\"https:\/\/ziaruldevrancea.ro\/actualitatea\/stiri-locale\/comisariatul-militar-din-focsani-un-simbol-al-istoriei-vrancei-renaste-prin-restaurare.-povestea-cladirii-care-a-gazduit-divizia-6-infanterie\">Comisariatul Militar din Foc\u0219ani, un simbol al istoriei Vrancei, rena\u0219te prin restaurare. Povestea cl\u0103dirii care a g\u0103zduit Divizia 6 Infanterie<\/a><\/h2>\n<div class=\"date-post\"><a href=\"https:\/\/ziaruldevrancea.ro\/autor\/florin-marian-dirdala\">Florin Marian D\u00eerdal\u0103<\/a>, 31 iul 2026  <\/div>\n<\/div>\n<\/div>\n<\/div>\n<div class=\"col-lg-6 bloc-egal\">\n<div class=\"card articol-listing\">\n<h6>De acela\u0219i <a href=\"https:\/\/ziaruldevrancea.ro\/autor\/mircea-pavel\/\">autor<\/a><\/h6>\n<div class=\"grup-articol-listing\">\n<div class=\"cont-pils\"><a href=\"https:\/\/ziaruldevrancea.ro\/actualitatea\/viata-satului\/vrancea-apia-reaminteste-rentierilor-agricoli-ca-31-august-este-termenul-limita-pentru-vizarea-carnetelor-si-depunerea-documentelor\"><img decoding=\"async\" src=\"https:\/\/zdvi.cname.ro\/180_135\/actualitatea\/viata-satului\/vrancea-apia-reaminteste-rentierilor-agricoli-ca-31-august-este-termenul-limita-pentru-vizarea-carnetelor-si-depunerea-documentelor\/mediaPool\/ungKVmY.jpg\" class=\"img-responsive img-180\" alt><\/a><\/div>\n<h2><a class=\"link-titlu\" href=\"https:\/\/ziaruldevrancea.ro\/actualitatea\/viata-satului\/vrancea-apia-reaminteste-rentierilor-agricoli-ca-31-august-este-termenul-limita-pentru-vizarea-carnetelor-si-depunerea-documentelor\">Vrancea: APIA reaminte\u0219te rentierilor agricoli c\u0103 31 august este termenul-limit\u0103 pentru vizarea carnetelor \u0219i depunerea documentelor<\/a><\/h2>\n<div class=\"date-post\"><a href=\"https:\/\/ziaruldevrancea.ro\/autor\/mircea-pavel\">Mircea Pavel<\/a>, 31 iul 2026  <\/div>\n<\/div>\n<div class=\"grup-articol-listing\">\n<div class=\"cont-pils\"><a href=\"https:\/\/ziaruldevrancea.ro\/actualitatea\/stiri-locale\/avarie-la-uzina-de-apa-focsani\"><img decoding=\"async\" src=\"https:\/\/zdvi.cname.ro\/180_135\/actualitatea\/stiri-locale\/avarie-la-uzina-de-apa-focsani\/mediaPool\/uGwcwuU.jpg\" class=\"img-responsive img-180\" alt><\/a><\/div>\n<h2><a class=\"link-titlu\" href=\"https:\/\/ziaruldevrancea.ro\/actualitatea\/stiri-locale\/avarie-la-uzina-de-apa-focsani\">Avarie la Uzina de Ap\u0103 Foc\u0219ani<\/a><\/h2>\n<div class=\"date-post\"><a href=\"https:\/\/ziaruldevrancea.ro\/autor\/mircea-pavel\">Mircea Pavel<\/a>, 30 iul 2026  <\/div>\n<\/div>\n<div class=\"grup-articol-listing\">\n<div class=\"cont-pils\"><a href=\"https:\/\/ziaruldevrancea.ro\/promo\/brand-voice\/controale-itm-vrancea-pe-santiere-amenzi-de-46.000-de-lei-si-un-caz-de-munca-nedeclarata-descoperit-in-judet\"><img decoding=\"async\" src=\"https:\/\/zdvi.cname.ro\/180_135\/promo\/brand-voice\/controale-itm-vrancea-pe-santiere-amenzi-de-46.000-de-lei-si-un-caz-de-munca-nedeclarata-descoperit-in-judet\/mediaPool\/uwPwt2m.jpg\" class=\"img-responsive img-180\" alt><\/a><\/div>\n<h2><a class=\"link-titlu\" href=\"https:\/\/ziaruldevrancea.ro\/promo\/brand-voice\/controale-itm-vrancea-pe-santiere-amenzi-de-46.000-de-lei-si-un-caz-de-munca-nedeclarata-descoperit-in-judet\">Controale ITM Vrancea pe \u0219antiere: amenzi de 46.000 de lei \u0219i un caz de munc\u0103 nedeclarat\u0103 descoperit \u00een jude\u021b<\/a><\/h2>\n<div class=\"date-post\"><a href=\"https:\/\/ziaruldevrancea.ro\/autor\/mircea-pavel\">Mircea Pavel<\/a>, 30 iul 2026  <\/div>\n<\/div>\n<\/div>\n<\/div>\n<\/div>\n<\/div>\n<div class=\"extra-articol listing-anunturi\">\n<h6>Anun\u021buri <span class=\"text-primary\">ZdV<\/span> Premium<\/h6>\n<div class=\"row\">\n<div class=\"col-lg-4 col-md-6 bloc-egal\"><a class=\"card-anunt\" href=\"https:\/\/ziaruldevrancea.ro\/anunturi\/imobiliare\/vanzari-case\/vand-casa-si-teren-in-panciu-anunt-72818\"><strong class=\"titlu\">V\u00e2nz\u0103ri case<\/strong><span class=\"text-anunt\">V\u00e2nd cas\u0103 cu 2 camere, buc\u0103t\u0103rie, baie,&#8230;<\/span><span class=\"data-anunt\">23.07.2026  <\/span><\/a><\/div>\n<div class=\"col-lg-4 col-md-6 bloc-egal\"><a class=\"card-anunt\" href=\"https:\/\/ziaruldevrancea.ro\/anunturi\/angajari\/cereri-angajari\/doresc-angajare-anunt-72815\"><strong class=\"titlu\">Cereri<\/strong><span class=\"text-anunt\">Doresc s\u0103 am grij\u0103 de un copil de gradini\u021b\u0103&#8230;<\/span><span class=\"data-anunt\">21.07.2026  <\/span><\/a><\/div>\n<div class=\"col-lg-4 col-md-6 bloc-egal\"><a class=\"card-anunt\" href=\"https:\/\/ziaruldevrancea.ro\/anunturi\/inchirieri\/locuinte-oferte\/primesc-in-gazda-anunt-72816\"><strong class=\"titlu\">Locuin\u021be oferte<\/strong><span class=\"text-anunt\">\u00a0Primesc \u00een gazd\u0103 la cas\u0103.<\/p>\n<p>Tel&#8230;.<\/span><span class=\"data-anunt\">21.07.2026  <\/span><\/a><\/div>\n<\/div>\n<\/div>\n<div class=\"bloc-widget widget-albastru\">\n    Ziarul de Vrancea \u00a0nu este responsabil juridic pentru con\u0163inutul textelor din comentariile de mai jos. Responsabilitatea pentru mesajele dumneavoastra v\u0103 revine \u00een exclusivitate.\n<\/div>\n<div class=\"comentarii-articol\" id=\"comentarii\">\n<h3>Comentarii: <span class=\"text-primary\">0<\/span><\/h3>\n<p><a href=\"https:\/\/ziaruldevrancea.ro\/actualitatea\/stiri-locale\/video-patru-tineri-pe-trotinete-electrice-filmati-in-focsani-in-timp-ce-incalca-repetat-regulile-de-circulatie\" class=\"btn btn-success btn-adauga-com\" data-toggle=\"modal\" data-parent=\"0\" data-target=\"#commentModal\">Adaug\u0103 comentariu<\/a><\/p>\n<div class=\"loadMask comments-mask\"><img decoding=\"async\" src=\"https:\/\/zdvs.cname.ro\/images\/loader_40.gif\"><\/div>\n<div class=\"comenteaza-jos\">Trebuie s\u0103 fii <a href=\"https:\/\/ziaruldevrancea.ro\/account\">autentificat<\/a> pentru a putea <a href=\"https:\/\/ziaruldevrancea.ro\/actualitatea\/stiri-locale\/video-patru-tineri-pe-trotinete-electrice-filmati-in-focsani-in-timp-ce-incalca-repetat-regulile-de-circulatie\" class data-toggle=\"modal\" data-parent=\"0\" data-target=\"#commentModal\">posta un comentariu<\/a>.<\/div>\n<\/div>\n<div class=\"modal fade\" id=\"commentModal\" role=\"dialog\" aria-labelledby=\"commentModalLabel\">\n<div class=\"modal-dialog modal-lg\" role=\"document\">\n<div class=\"modal-content\">\n<div class=\"modal-header\">\n<h3 class=\"modal-title\" id=\"commentModalLabel\">Comenteaz\u0103<\/h3>\n<\/div>\n<div class=\"modal-body\">\n<div class=\"tabel tabel-full\">\n<div class=\"celula\">\n              Trebuie s\u0103 fii <a href=\"https:\/\/ziaruldevrancea.ro\/account\">autentificat<\/a> pentru a putea posta un comentariu.\n            <\/div>\n<\/div>\n<\/div>\n<div class=\"modal-footer\">\n<div id=\"commentPending\" class=\"formPending pull-left\"><img decoding=\"async\" src=\"https:\/\/zdvs.cname.ro\/images\/loader_40.gif\"> In curs de procesare&#8230;<\/div>\n<p><a href=\"https:\/\/ziaruldevrancea.ro\/actualitatea\/stiri-locale\/video-patru-tineri-pe-trotinete-electrice-filmati-in-focsani-in-timp-ce-incalca-repetat-regulile-de-circulatie\" class=\"btn btn-default\" data-dismiss=\"modal\">Anuleaz\u0103<\/a><\/div>\n<\/div>\n<\/div>\n<\/div>\n<div class=\"modal fade\" id=\"commentReportModal\" role=\"dialog\" aria-labelledby=\"commentReportModalLabel\">\n<div class=\"modal-dialog modal-lg\" role=\"document\">\n<div class=\"modal-content\">\n<div class=\"modal-header\">\n<h3 class=\"modal-title\" id=\"commentReportModalLabel\">Raporteaza comentariu<\/h3>\n<\/div>\n<div class=\"modal-body\">\n<div class=\"tabel tabel-full\">\n<div class=\"celula\">\n              Trebuie s\u0103 fii <a href=\"https:\/\/ziaruldevrancea.ro\/account\">autentificat<\/a> pentru a putea raporta un comentariu.\n            <\/div>\n<\/div>\n<\/div>\n<div class=\"modal-footer\">\n<div id=\"commentReportPending\" class=\"formPending pull-left\"><img decoding=\"async\" src=\"https:\/\/zdvs.cname.ro\/images\/loader_40.gif\"> In curs de procesare&#8230;<\/div>\n<p><a href=\"https:\/\/ziaruldevrancea.ro\/actualitatea\/stiri-locale\/video-patru-tineri-pe-trotinete-electrice-filmati-in-focsani-in-timp-ce-incalca-repetat-regulile-de-circulatie\" class=\"btn btn-default\" data-dismiss=\"modal\">Anuleaz\u0103<\/a><\/div>\n<\/div>\n<\/div>\n<\/div>\n<div class=\"modal fade\" id=\"commentLikeModal\" role=\"dialog\" aria-labelledby=\"commentLikeModalLabel\">\n<div class=\"modal-dialog modal-lg\" role=\"document\">\n<div class=\"modal-content\">\n<div class=\"modal-header\">\n<h3 class=\"modal-title\" id=\"commentReportModalLabel\">Apreciaza comentariu<\/h3>\n<\/div>\n<div class=\"modal-body\">\n<div class=\"tabel tabel-full\">\n<div class=\"celula\">\n            Trebuie s\u0103 fii <a href=\"https:\/\/ziaruldevrancea.ro\/account\">autentificat<\/a> pentru a putea aprecia un comentariu.\n          <\/div>\n<\/div>\n<\/div>\n<div class=\"modal-footer\"><a href=\"https:\/\/ziaruldevrancea.ro\/actualitatea\/stiri-locale\/video-patru-tineri-pe-trotinete-electrice-filmati-in-focsani-in-timp-ce-incalca-repetat-regulile-de-circulatie\" class=\"btn btn-default\" data-dismiss=\"modal\">Anuleaz\u0103<\/a><\/div>\n<\/div>\n<\/div>\n<\/div>\n<div class=\"bloc-widget widget-rosu\"><span><small>Ziarul de Vrancea doreste ca acest site sa fie un spatiu al discutiilor civilizate, al comentariilor de bun simt. Din acest motiv, cei care posteaza comentarii la articole trebuie sa respecte urmatoarele reguli:<br \/>\n1. Sa se refere doar la articolul la care posteaza comentarii.<br \/>\n2. Sa foloseasca un limbaj civilizat, fara injurii, calomnii, comentarii antisemite, xenofobe sau rasiste.<br \/>\n3. Sunt interzise atacurile la adresa autorilor, daca acestea nu au legatura cu textul.<br \/>\n4. Username-ul sa nu fie nume de personalitati ale vietii publice sau parodieri ale acestora.<br \/>\nAutorul unui articol poate fi criticat pentru eventuale greseli, incoerenta, lipsa de documentare etc.<br \/>\nNerespectarea regulilor mentionate mai sus va duce la stergerea comentariilor, fara avertisment si fara explicatii.<br \/>\nAbaterile repetate vor avea drept consecinta interdictia accesului la aceasta facilitate a site-ului.<\/small><\/span><\/div>\n<\/div>\n<p>[analyse_source url=&#8221;https:\/\/ziaruldevrancea.ro\/actualitatea\/stiri-locale\/video-patru-tineri-pe-trotinete-electrice-filmati-in-focsani-in-timp-ce-incalca-repetat-regulile-de-circulatie&#8221;]<\/p>\n","protected":false},"excerpt":{"rendered":"<p>[analyse_image type=&#8221;featured&#8221; src=&#8221;https:\/\/zdvi.cname.ro\/_\/video-patru-tineri-pe-trotinete-electrice-filmati-in-focsani-in-timp-ce-incalca-repetat-regulile-de-circulatie\/mediaPool\/uLcMvrx.jpg&#8221;] Local VIDEO | Patru tineri pe trotinete electrice, filma\u021bi \u00een Foc\u0219ani \u00een timp ce \u00eencalc\u0103 repetat regulile de circula\u021bie Distribuie: \u00a0 | Mircea Pavel 30 iul 20262237 vizualiz\u0103ri Poli\u021bia face verific\u0103ri. Imaginile surprinse \u00een municipiul Foc\u0219ani readuc \u00een aten\u021bie siguran\u021ba rutier\u0103 \u0219i necesitatea respect\u0103rii regulilor de circula\u021bie pentru utilizatorii de trotinete electrice. [&hellip;]<\/p>\n","protected":false},"author":1,"featured_media":0,"comment_status":"open","ping_status":"","sticky":false,"template":"","format":"standard","meta":{"footnotes":""},"categories":[89],"tags":[226,208],"class_list":["post-2071109","post","type-post","status-publish","format-standard","hentry","category-romania","tag-crawlmanager","tag-ziaruldevrancea-ro"],"_links":{"self":[{"href":"https:\/\/analyse.optim.biz\/index.php?rest_route=\/wp\/v2\/posts\/2071109","targetHints":{"allow":["GET"]}}],"collection":[{"href":"https:\/\/analyse.optim.biz\/index.php?rest_route=\/wp\/v2\/posts"}],"about":[{"href":"https:\/\/analyse.optim.biz\/index.php?rest_route=\/wp\/v2\/types\/post"}],"author":[{"embeddable":true,"href":"https:\/\/analyse.optim.biz\/index.php?rest_route=\/wp\/v2\/users\/1"}],"replies":[{"embeddable":true,"href":"https:\/\/analyse.optim.biz\/index.php?rest_route=%2Fwp%2Fv2%2Fcomments&post=2071109"}],"version-history":[{"count":0,"href":"https:\/\/analyse.optim.biz\/index.php?rest_route=\/wp\/v2\/posts\/2071109\/revisions"}],"wp:attachment":[{"href":"https:\/\/analyse.optim.biz\/index.php?rest_route=%2Fwp%2Fv2%2Fmedia&parent=2071109"}],"wp:term":[{"taxonomy":"category","embeddable":true,"href":"https:\/\/analyse.optim.biz\/index.php?rest_route=%2Fwp%2Fv2%2Fcategories&post=2071109"},{"taxonomy":"post_tag","embeddable":true,"href":"https:\/\/analyse.optim.biz\/index.php?rest_route=%2Fwp%2Fv2%2Ftags&post=2071109"}],"curies":[{"name":"wp","href":"https:\/\/api.w.org\/{rel}","templated":true}]}}