{"id":2071088,"date":"2026-07-29T00:00:00","date_gmt":"2026-07-28T21:00:00","guid":{"rendered":"https:\/\/analyse.optim.biz\/?p=2071088"},"modified":"2026-07-29T00:00:00","modified_gmt":"2026-07-28T21:00:00","slug":"ziua-imnului-national-marcata-la-iresti-politistii-vranceni-si-copiii-din-parohie-au-cantat-impreuna-desteapta-te-romane","status":"publish","type":"post","link":"https:\/\/analyse.optim.biz\/?p=2071088","title":{"rendered":"Ziua Imnului Na\u021bional, marcat\u0103 la Ire\u0219ti: poli\u021bi\u0219tii vr\u00e2nceni \u0219i copiii din parohie au c\u00e2ntat \u00eempreun\u0103 \u201eDe\u0219teapt\u0103-te, rom\u00e2ne!\u201d"},"content":{"rendered":"<p>[analyse_image type=&#8221;featured&#8221; src=&#8221;https:\/\/zdvi.cname.ro\/_\/ziua-imnului-national-marcata-la-iresti-politistii-vranceni-si-copiii-din-parohie-au-cantat-impreuna-desteapta-te-romane\/mediaPool\/ubvjYfR.jpg&#8221;]<\/p>\n<div class=\"main-content detaliu-articol\"><a class=\"titlu-cat-list\" href=\"https:\/\/ziaruldevrancea.ro\/actualitatea\/stiri-locale\">Local<\/a><\/p>\n<h1>Ziua Imnului Na\u021bional, marcat\u0103 la Ire\u0219ti: poli\u021bi\u0219tii vr\u00e2nceni \u0219i copiii din parohie au c\u00e2ntat \u00eempreun\u0103 \u201eDe\u0219teapt\u0103-te, rom\u00e2ne!\u201d<\/h1>\n<div class=\"date-articol clearfix\">\n<div class=\"distribuie-articol dropdown\">\n    Distribuie: \u00a0<br \/>\n    <em>|<\/em><\/div>\n<div class=\"autor-articol\"><a href=\"https:\/\/ziaruldevrancea.ro\/autor\/camelia-marin\/\"><img decoding=\"async\" class=\"img-circle\" src=\"https:\/\/zdvi.cname.ro\/50_50\/articleAuthor\/camelia-marin\/articleAuthor\/u9DOVkc.jpg\" alt><\/a><\/p>\n<h5><a href=\"https:\/\/ziaruldevrancea.ro\/autor\/camelia-marin\/\">Camelia Marin<\/a><\/h5>\n<div class=\"grup-spatiere\"><span class=\"cu-spatiere\">29 iul 2026<\/span><span class=\"cu-spatiere\">505 vizualiz\u0103ri<\/span><\/div>\n<\/div>\n<\/div>\n<div class=\"poza-mare\">\n<div class=\"poza-mare galerie-detaliu\">\n<div id=\"carousel-poza-mare\" class=\"carousel slide carusel-poza\" data-ride=\"carousel\" data-interval=\"0\">\n<div class=\"carousel-inner\" role=\"listbox\">\n<div class=\"item imagine-carusel active\"><a href class=\"openGallery\"><img decoding=\"async\" class=\"img-responsive\" src=\"https:\/\/zdvi.cname.ro\/850_530\/ziua-imnului-national-marcata-la-iresti-politistii-vranceni-si-copiii-din-parohie-au-cantat-impreuna-desteapta-te-romane\/article\/mediaPool\/ubvjYfR.jpg\" alt><\/a><\/div>\n<div class=\"item imagine-carusel \"><a href class=\"openGallery\"><img decoding=\"async\" class=\"img-responsive\" src=\"https:\/\/zdvi.cname.ro\/850_530\/ziua-imnului-national-marcata-la-iresti-politistii-vranceni-si-copiii-din-parohie-au-cantat-impreuna-desteapta-te-romane\/article\/mediaPool\/uzf8J0y.jpg\" alt><\/a><\/div>\n<div class=\"item imagine-carusel \"><a href class=\"openGallery\"><img decoding=\"async\" class=\"img-responsive\" src=\"https:\/\/zdvi.cname.ro\/850_530\/ziua-imnului-national-marcata-la-iresti-politistii-vranceni-si-copiii-din-parohie-au-cantat-impreuna-desteapta-te-romane\/article\/mediaPool\/u4DezJy.jpg\" alt><\/a><\/div>\n<div class=\"item imagine-carusel \"><a href class=\"openGallery\"><img decoding=\"async\" class=\"img-responsive\" src=\"https:\/\/zdvi.cname.ro\/850_530\/ziua-imnului-national-marcata-la-iresti-politistii-vranceni-si-copiii-din-parohie-au-cantat-impreuna-desteapta-te-romane\/article\/mediaPool\/ud4Irsy.jpg\" alt><\/a><\/div>\n<div class=\"item imagine-carusel \"><a href class=\"openGallery\"><img decoding=\"async\" class=\"img-responsive\" src=\"https:\/\/zdvi.cname.ro\/850_530\/ziua-imnului-national-marcata-la-iresti-politistii-vranceni-si-copiii-din-parohie-au-cantat-impreuna-desteapta-te-romane\/article\/mediaPool\/usvhnby.jpg\" alt><\/a><\/div>\n<div class=\"item imagine-carusel \"><a href class=\"openGallery\"><img decoding=\"async\" class=\"img-responsive\" src=\"https:\/\/zdvi.cname.ro\/850_530\/ziua-imnului-national-marcata-la-iresti-politistii-vranceni-si-copiii-din-parohie-au-cantat-impreuna-desteapta-te-romane\/article\/mediaPool\/ujGomUx.jpg\" alt><\/a><\/div>\n<\/div>\n<\/div>\n<div id=\"carousel-poze-mici\" class=\"carousel slide carusel-mici\" data-ride=\"carousel\" data-interval=\"0\">\n<div class=\"carousel-inner\" role=\"listbox\">\n<div class=\"item active\">\n<ul class=\"navigare-carusel-imagini\">\n<li data-target=\"#carousel-poza-mare\" data-slide-to=\"0\"><img decoding=\"async\" class=\"img-responsive\" src=\"https:\/\/zdvi.cname.ro\/_90\/ziua-imnului-national-marcata-la-iresti-politistii-vranceni-si-copiii-din-parohie-au-cantat-impreuna-desteapta-te-romane\/article\/mediaPool\/ubvjYfR.jpg\" alt><\/li>\n<li data-target=\"#carousel-poza-mare\" data-slide-to=\"1\"><img decoding=\"async\" class=\"img-responsive\" src=\"https:\/\/zdvi.cname.ro\/_90\/ziua-imnului-national-marcata-la-iresti-politistii-vranceni-si-copiii-din-parohie-au-cantat-impreuna-desteapta-te-romane\/article\/mediaPool\/uzf8J0y.jpg\" alt><\/li>\n<li data-target=\"#carousel-poza-mare\" data-slide-to=\"2\"><img decoding=\"async\" class=\"img-responsive\" src=\"https:\/\/zdvi.cname.ro\/_90\/ziua-imnului-national-marcata-la-iresti-politistii-vranceni-si-copiii-din-parohie-au-cantat-impreuna-desteapta-te-romane\/article\/mediaPool\/u4DezJy.jpg\" alt><\/li>\n<li data-target=\"#carousel-poza-mare\" data-slide-to=\"3\"><img decoding=\"async\" class=\"img-responsive\" src=\"https:\/\/zdvi.cname.ro\/_90\/ziua-imnului-national-marcata-la-iresti-politistii-vranceni-si-copiii-din-parohie-au-cantat-impreuna-desteapta-te-romane\/article\/mediaPool\/ud4Irsy.jpg\" alt><\/li>\n<li data-target=\"#carousel-poza-mare\" data-slide-to=\"4\"><img decoding=\"async\" class=\"img-responsive\" src=\"https:\/\/zdvi.cname.ro\/_90\/ziua-imnului-national-marcata-la-iresti-politistii-vranceni-si-copiii-din-parohie-au-cantat-impreuna-desteapta-te-romane\/article\/mediaPool\/usvhnby.jpg\" alt><\/li>\n<\/ul>\n<\/div>\n<div class=\"item \">\n<ul class=\"navigare-carusel-imagini\">\n<li data-target=\"#carousel-poza-mare\" data-slide-to=\"5\"><img decoding=\"async\" class=\"img-responsive\" src=\"https:\/\/zdvi.cname.ro\/_90\/ziua-imnului-national-marcata-la-iresti-politistii-vranceni-si-copiii-din-parohie-au-cantat-impreuna-desteapta-te-romane\/article\/mediaPool\/ujGomUx.jpg\" alt><\/li>\n<\/ul>\n<\/div>\n<\/div>\n<p><a class=\"control left\" href=\"https:\/\/ziaruldevrancea.ro\/actualitatea\/stiri-locale\/ziua-imnului-national-marcata-la-iresti-politistii-vranceni-si-copiii-din-parohie-au-cantat-impreuna-desteapta-te-romane#carousel-poze-mici\" role=\"button\" data-slide=\"prev\"><span class=\"sr-only\">Previous<\/span><\/a><a class=\"control right\" href=\"https:\/\/ziaruldevrancea.ro\/actualitatea\/stiri-locale\/ziua-imnului-national-marcata-la-iresti-politistii-vranceni-si-copiii-din-parohie-au-cantat-impreuna-desteapta-te-romane#carousel-poze-mici\" role=\"button\" data-slide=\"next\"><span class=\"sr-only\">Next<\/span><\/a><\/div>\n<\/div>\n<\/div>\n<p><strong>Evenimentul organizat cu participarea Biroului Siguran\u021b\u0103 \u0218colar\u0103 din cadrul IPJ Vrancea a pus accent pe educa\u021bie, respect pentru valorile na\u021bionale \u0219i apropierea dintre poli\u021bi\u0219ti \u0219i comunitate.<\/strong><\/p>\n<p>\u00a0<\/p>\n<p>Ziua Imnului Na\u021bional al Rom\u00e2niei a fost marcat\u0103 miercuri printr-un moment cu puternic\u0103 \u00eenc\u0103rc\u0103tur\u0103 simbolic\u0103 \u00een localitatea Ire\u0219ti, unde poli\u021bi\u0219tii din cadrul Biroului Siguran\u021b\u0103 \u0218colar\u0103 al Inspectoratului de Poli\u021bie Jude\u021bean Vrancea au participat al\u0103turi de copiii din corul Parohiei Ire\u0219ti la o activitate dedicat\u0103 uneia dintre cele mai importante s\u0103rb\u0103tori na\u021bionale.<\/p>\n<p>\u00cen cadrul \u00eent\u00e2lnirii, participan\u021bii au interpretat \u00eempreun\u0103 imnul na\u021bional, <strong>\u201eDe\u0219teapt\u0103-te, rom\u00e2ne!\u201d<\/strong>, \u00eentr-un cadru care a \u00eembinat valorile religioase, tradi\u021bia \u0219i educa\u021bia civic\u0103. Evenimentul a avut ca scop promovarea respectului fa\u021b\u0103 de simbolurile statului \u0219i consolidarea sentimentului de apartenen\u021b\u0103 la comunitate \u0219i la valorile na\u021bionale.<\/p>\n<p>Reprezentan\u021bii Biroului Siguran\u021b\u0103 \u0218colar\u0103 au transmis c\u0103 astfel de activit\u0103\u021bi dep\u0103\u0219esc dimensiunea ceremonial\u0103 \u0219i reprezint\u0103 oportunit\u0103\u021bi de dialog \u0219i apropiere \u00eentre poli\u021bi\u0219ti, copii \u0219i familiile acestora.<\/p>\n<p>Potrivit mesajului transmis de poli\u021bi\u0219ti, interpretarea imnului a fost privit\u0103 ca o modalitate de a transmite genera\u021biilor tinere valori precum respectul, responsabilitatea \u0219i dragostea fa\u021b\u0103 de \u021bar\u0103. \u00cen acela\u0219i timp, institu\u021bia subliniaz\u0103 c\u0103 rolul poli\u021bi\u0219tilor din Siguran\u021b\u0103 \u0218colar\u0103 nu se rezum\u0103 la prevenirea faptelor antisociale, ci include \u0219i implicarea \u00een activit\u0103\u021bi educative care contribuie la dezvoltarea civic\u0103 a copiilor.<\/p>\n<p>La finalul evenimentului, reprezentan\u021bii IPJ Vrancea au adresat mul\u021bumiri Parohiei Ire\u0219ti \u0219i copiilor din cor pentru implicarea \u0219i emo\u021bia oferit\u0103 prin interpretarea imnului na\u021bional.<\/p>\n<p>Ziua Imnului Na\u021bional este s\u0103rb\u0103torit\u0103 anual la <strong>29 iulie<\/strong>, dat\u0103 la care, \u00een anul 1848, c\u00e2ntecul \u201eDe\u0219teapt\u0103-te, rom\u00e2ne!\u201d a fost intonat oficial pentru prima dat\u0103 la R\u00e2mnicu V\u00e2lcea, devenind dup\u0103 Revolu\u021bia din Decembrie 1989 imnul oficial al Rom\u00e2niei. \u00cen fiecare an, aceast\u0103 zi este marcat\u0103 prin ceremonii militare, religioase \u0219i manifest\u0103ri culturale organizate \u00een \u00eentreaga \u021bar\u0103.<\/p>\n<p>\u00a0<\/p>\n<p><strong>Citi\u021bi \u0219i con\u021binutul integral al comunicatului de pres\u0103 f\u0103cut public ast\u0103zi, 29 iulie\u00a02026 de purt\u0103torul de cuv\u00e2nt al IPJ Vrancea<\/strong><strong> \u00een leg\u0103tur\u0103 cu aceast\u0103 \u0219tire:\u00a0<\/strong><\/p>\n<p>Ziua Imnului Na\u021bional \u2013 o lec\u021bie despre respect, apartenen\u021b\u0103 \u0219i suflet rom\u00e2nesc<\/p>\n<p><\/p>\n<p>Ast\u0103zi, de Ziua Imnului Na\u021bional al Rom\u00e2niei, am avut bucuria de a fi al\u0103turi de copiii din corul Parohiei Ire\u0219ti, \u00eentr-un loc \u00eenc\u0103rcat de credin\u021b\u0103 \u0219i tradi\u021bie, unde vocile lor au dat via\u021b\u0103 versurilor care ne unesc ca popor.<\/p>\n<p>\u00cempreun\u0103 am c\u00e2ntat \u201eDe\u0219teapt\u0103-te, rom\u00e2ne!\u201d, nu doar ca pe un imn, ci ca pe o promisiune c\u0103 valorile care ne definesc \u2013 respectul, responsabilitatea \u0219i dragostea fa\u021b\u0103 de \u021bar\u0103 \u2013 vor fi transmise mai departe noilor genera\u021bii.<\/p>\n<p>Pentru poli\u021bi\u0219tii din cadrul Biroului Siguran\u021b\u0103 \u0218colar\u0103, astfel de momente \u00eenseamn\u0103 mai mult dec\u00e2t prezen\u021b\u0103 \u00een comunitate. \u00censeamn\u0103 apropiere, dialog \u0219i \u00eencredere. \u00censeamn\u0103 s\u0103 fim al\u0103turi de copii nu doar pentru a-i proteja, ci \u0219i pentru a le fi parteneri \u00een formarea unor valori care vor d\u0103inui o via\u021b\u0103.<\/p>\n<p>Mul\u021bumim Parohiei Ire\u0219ti \u0219i tuturor copiilor pentru emo\u021bia \u0219i sinceritatea acestui moment. \u00cen glasurile lor am reg\u0103sit speran\u021ba, iar \u00een privirile lor \u2013 viitorul.<\/p>\n<p>La mul\u021bi ani, Imnului Na\u021bional! La mul\u021bi ani, Rom\u00e2nia!<\/p>\n<p>\u00a0<\/p>\n<hr>\n<div class=\"bloc-widget widget-rosu\">\n<p>\u00cen lipsa unui acord scris din partea Ziarului de Vrancea, pute\u0163i prelua maxim 500 de caractere din acest articol dac\u0103 preciza\u0163i sursa \u015fi insera\u0163i vizibil link-ul articolului:\u00a0<span>#insertcurrentlinkhere<\/span><\/p>\n<\/div>\n<div class=\"extra-articol listing-anunturi\">\n<h6>Anun\u021buri <span class=\"text-primary\">ZdV<\/span> Premium<\/h6>\n<div class=\"row\">\n<div class=\"col-lg-4 col-md-6 bloc-egal\"><a class=\"card-anunt\" href=\"https:\/\/ziaruldevrancea.ro\/anunturi\/imobiliare\/vanzari-terenuri\/vand-teren-in-panciu\"><strong class=\"titlu\">V\u00e2nz\u0103ri terenuri<\/strong><span class=\"text-anunt\">Teren Panciu 1170 mp, cu num\u0103r cas\u0103, ap\u0103&#8230;<\/span><span class=\"data-anunt\">29.07.2026  <\/span><\/a><\/div>\n<div class=\"col-lg-4 col-md-6 bloc-egal\"><a class=\"card-anunt\" href=\"https:\/\/ziaruldevrancea.ro\/anunturi\/altele\/anulare-acte\/vand-scrumbii-afumate-capturi-dunare\"><strong class=\"titlu\">Vanzari diverse<\/strong><span class=\"text-anunt\">Pret : 117 lei \/ kg . \u00a0 Este&#8230;<\/span><span class=\"data-anunt\">29.07.2026 , Gala\u021bi , Gala\u021bi<\/span><\/a><\/div>\n<div class=\"col-lg-4 col-md-6 bloc-egal\"><a class=\"card-anunt\" href=\"https:\/\/ziaruldevrancea.ro\/anunturi\/necrolog\/decese\/dumnezeu-sa-o-aseze-in-randul-celor-drepti\"><strong class=\"titlu\">Decese<\/strong><span class=\"text-anunt\">Cu profund\u0103 durere, familia anun\u021b\u0103 trecerea la&#8230;<\/span><span class=\"data-anunt\">28.07.2026  <\/span><\/a><\/div>\n<\/div>\n<\/div>\n<div class=\"extra-articol alte-articole\">\n<div class=\"row\">\n<div class=\"col-lg-6 bloc-egal\">\n<div class=\"card articol-listing\">\n<h6>\u00cen categoria <a href=\"https:\/\/ziaruldevrancea.ro\/actualitatea\/stiri-locale\">Local<\/a><\/h6>\n<div class=\"grup-articol-listing\">\n<div class=\"cont-pils\"><a href=\"https:\/\/ziaruldevrancea.ro\/actualitatea\/stiri-locale\/foto-pompierii-isu-vrancea-au-dus-lectii-de-siguranta-in-gura-calitei\"><img decoding=\"async\" src=\"https:\/\/zdvi.cname.ro\/180_135\/actualitatea\/stiri-locale\/foto-pompierii-isu-vrancea-au-dus-lectii-de-siguranta-in-gura-calitei\/mediaPool\/unTARgF.jpeg\" class=\"img-responsive img-180\" alt><\/a><\/div>\n<h2><a class=\"link-titlu\" href=\"https:\/\/ziaruldevrancea.ro\/actualitatea\/stiri-locale\/foto-pompierii-isu-vrancea-au-dus-lectii-de-siguranta-in-gura-calitei\">Foto | Pompierii ISU Vrancea au dus lec\u021bii de siguran\u021b\u0103 \u00een Gura Cali\u021bei<\/a><\/h2>\n<div class=\"date-post\"><a href=\"https:\/\/ziaruldevrancea.ro\/autor\/petre-paraschiv\">Petre Paraschiv<\/a>, 31 iul 2026  <\/div>\n<\/div>\n<div class=\"grup-articol-listing\">\n<div class=\"cont-pils\"><a href=\"https:\/\/ziaruldevrancea.ro\/actualitatea\/stiri-locale\/vrancea-soferii-cu-permis-categoria-b-care-fac-transport-contra-cost-trebuie-sa-obtina-un-document-obligatoriu.\"><img decoding=\"async\" src=\"https:\/\/zdvi.cname.ro\/180_135\/actualitatea\/stiri-locale\/vrancea-soferii-cu-permis-categoria-b-care-fac-transport-contra-cost-trebuie-sa-obtina-un-document-obligatoriu.\/mediaPool\/uABp3Hl.jpg\" class=\"img-responsive img-180\" alt><\/a><\/div>\n<h2><a class=\"link-titlu\" href=\"https:\/\/ziaruldevrancea.ro\/actualitatea\/stiri-locale\/vrancea-soferii-cu-permis-categoria-b-care-fac-transport-contra-cost-trebuie-sa-obtina-un-document-obligatoriu.\">Vrancea: \u0218oferii cu permis categoria B care fac transport contra cost trebuie s\u0103 ob\u021bin\u0103 un document obligatoriu<\/a><\/h2>\n<div class=\"date-post\"><a href=\"https:\/\/ziaruldevrancea.ro\/autor\/ionel-sclavone\">Ionel Sclavone<\/a>, 31 iul 2026  <\/div>\n<\/div>\n<div class=\"grup-articol-listing\">\n<div class=\"cont-pils\"><a href=\"https:\/\/ziaruldevrancea.ro\/actualitatea\/stiri-locale\/comisariatul-militar-din-focsani-un-simbol-al-istoriei-vrancei-renaste-prin-restaurare.-povestea-cladirii-care-a-gazduit-divizia-6-infanterie\"><img decoding=\"async\" src=\"https:\/\/zdvi.cname.ro\/180_135\/actualitatea\/stiri-locale\/comisariatul-militar-din-focsani-un-simbol-al-istoriei-vrancei-renaste-prin-restaurare.-povestea-cladirii-care-a-gazduit-divizia-6-infanterie\/mediaPool\/u5btavU.jpg\" class=\"img-responsive img-180\" alt><\/a><\/div>\n<h2><a class=\"link-titlu\" href=\"https:\/\/ziaruldevrancea.ro\/actualitatea\/stiri-locale\/comisariatul-militar-din-focsani-un-simbol-al-istoriei-vrancei-renaste-prin-restaurare.-povestea-cladirii-care-a-gazduit-divizia-6-infanterie\">Comisariatul Militar din Foc\u0219ani, un simbol al istoriei Vrancei, rena\u0219te prin restaurare. Povestea cl\u0103dirii care a g\u0103zduit Divizia 6 Infanterie<\/a><\/h2>\n<div class=\"date-post\"><a href=\"https:\/\/ziaruldevrancea.ro\/autor\/florin-marian-dirdala\">Florin Marian D\u00eerdal\u0103<\/a>, 31 iul 2026  <\/div>\n<\/div>\n<\/div>\n<\/div>\n<div class=\"col-lg-6 bloc-egal\">\n<div class=\"card articol-listing\">\n<h6>De acela\u0219i <a href=\"https:\/\/ziaruldevrancea.ro\/autor\/camelia-marin\/\">autor<\/a><\/h6>\n<div class=\"grup-articol-listing\">\n<div class=\"cont-pils\"><a href=\"https:\/\/ziaruldevrancea.ro\/promo\/evenimente-speciale\/premiera-in-vrancea-festivalul-florentin-delmar-se-muta-in-piata-unirii-din-focsani-pentru-editia-cu-numarul-51\"><img decoding=\"async\" src=\"https:\/\/zdvi.cname.ro\/180_135\/promo\/evenimente-speciale\/premiera-in-vrancea-festivalul-florentin-delmar-se-muta-in-piata-unirii-din-focsani-pentru-editia-cu-numarul-51\/mediaPool\/uoGexif.jpg\" class=\"img-responsive img-180\" alt><\/a><\/div>\n<h2><a class=\"link-titlu\" href=\"https:\/\/ziaruldevrancea.ro\/promo\/evenimente-speciale\/premiera-in-vrancea-festivalul-florentin-delmar-se-muta-in-piata-unirii-din-focsani-pentru-editia-cu-numarul-51\">Premier\u0103 \u00een Vrancea: Festivalul \u201eFlorentin Delmar\u201d se mut\u0103 \u00een Pia\u021ba Unirii din Foc\u0219ani pentru edi\u021bia cu num\u0103rul 51<\/a><\/h2>\n<div class=\"date-post\"><a href=\"https:\/\/ziaruldevrancea.ro\/autor\/camelia-marin\">Camelia Marin<\/a>, 31 iul 2026  <\/div>\n<\/div>\n<div class=\"grup-articol-listing\">\n<div class=\"cont-pils\"><a href=\"https:\/\/ziaruldevrancea.ro\/promo\/brand-voice\/investigatii-complete-pentru-sanatatea-femeii-disponibile-in-vrancea-la-acelasi-medic-specialist\"><img decoding=\"async\" src=\"https:\/\/zdvi.cname.ro\/180_135\/promo\/brand-voice\/investigatii-complete-pentru-sanatatea-femeii-disponibile-in-vrancea-la-acelasi-medic-specialist\/mediaPool\/ui2xC62.PNG\" class=\"img-responsive img-180\" alt><\/a><\/div>\n<h2><a class=\"link-titlu\" href=\"https:\/\/ziaruldevrancea.ro\/promo\/brand-voice\/investigatii-complete-pentru-sanatatea-femeii-disponibile-in-vrancea-la-acelasi-medic-specialist\">Investiga\u021bii complete pentru s\u0103n\u0103tatea femeii, disponibile \u00een Vrancea la acela\u0219i medic specialist<\/a><\/h2>\n<div class=\"date-post\"><a href=\"https:\/\/ziaruldevrancea.ro\/autor\/camelia-marin\">Camelia Marin<\/a>, 31 iul 2026  <\/div>\n<\/div>\n<div class=\"grup-articol-listing\">\n<div class=\"cont-pils\"><a href=\"https:\/\/ziaruldevrancea.ro\/timp-liber\/vrancea-din-nou-pe-harta-artei-contemporane-expozitia-ipostaze-reuneste-peste-20-de-artisti-plastici-la-focsani\"><img decoding=\"async\" src=\"https:\/\/zdvi.cname.ro\/180_135\/timp-liber\/vrancea-din-nou-pe-harta-artei-contemporane-expozitia-ipostaze-reuneste-peste-20-de-artisti-plastici-la-focsani\/mediaPool\/uYZBJE0.jpg\" class=\"img-responsive img-180\" alt><\/a><\/div>\n<h2><a class=\"link-titlu\" href=\"https:\/\/ziaruldevrancea.ro\/timp-liber\/vrancea-din-nou-pe-harta-artei-contemporane-expozitia-ipostaze-reuneste-peste-20-de-artisti-plastici-la-focsani\">Vrancea, din nou pe harta artei contemporane: Expozi\u021bia \u201eIpostaze\u201d reune\u0219te peste 20 de arti\u0219ti plastici la Foc\u0219ani<\/a><\/h2>\n<div class=\"date-post\"><a href=\"https:\/\/ziaruldevrancea.ro\/autor\/camelia-marin\">Camelia Marin<\/a>, 31 iul 2026  <\/div>\n<\/div>\n<\/div>\n<\/div>\n<\/div>\n<\/div>\n<div class=\"extra-articol listing-anunturi\">\n<h6>Anun\u021buri <span class=\"text-primary\">ZdV<\/span> Premium<\/h6>\n<div class=\"row\">\n<div class=\"col-lg-4 col-md-6 bloc-egal\"><a class=\"card-anunt\" href=\"https:\/\/ziaruldevrancea.ro\/anunturi\/imobiliare\/vanzari-case\/vand-casa-si-teren-in-panciu-anunt-72818\"><strong class=\"titlu\">V\u00e2nz\u0103ri case<\/strong><span class=\"text-anunt\">V\u00e2nd cas\u0103 cu 2 camere, buc\u0103t\u0103rie, baie,&#8230;<\/span><span class=\"data-anunt\">23.07.2026  <\/span><\/a><\/div>\n<div class=\"col-lg-4 col-md-6 bloc-egal\"><a class=\"card-anunt\" href=\"https:\/\/ziaruldevrancea.ro\/anunturi\/angajari\/cereri-angajari\/doresc-angajare-anunt-72815\"><strong class=\"titlu\">Cereri<\/strong><span class=\"text-anunt\">Doresc s\u0103 am grij\u0103 de un copil de gradini\u021b\u0103&#8230;<\/span><span class=\"data-anunt\">21.07.2026  <\/span><\/a><\/div>\n<div class=\"col-lg-4 col-md-6 bloc-egal\"><a class=\"card-anunt\" href=\"https:\/\/ziaruldevrancea.ro\/anunturi\/inchirieri\/locuinte-oferte\/primesc-in-gazda-anunt-72816\"><strong class=\"titlu\">Locuin\u021be oferte<\/strong><span class=\"text-anunt\">\u00a0Primesc \u00een gazd\u0103 la cas\u0103.<\/p>\n<p>Tel&#8230;.<\/span><span class=\"data-anunt\">21.07.2026  <\/span><\/a><\/div>\n<\/div>\n<\/div>\n<div class=\"bloc-widget widget-albastru\">\n    Ziarul de Vrancea \u00a0nu este responsabil juridic pentru con\u0163inutul textelor din comentariile de mai jos. Responsabilitatea pentru mesajele dumneavoastra v\u0103 revine \u00een exclusivitate.\n<\/div>\n<div class=\"comentarii-articol\" id=\"comentarii\">\n<h3>Comentarii: <span class=\"text-primary\">0<\/span><\/h3>\n<p><a href=\"https:\/\/ziaruldevrancea.ro\/actualitatea\/stiri-locale\/ziua-imnului-national-marcata-la-iresti-politistii-vranceni-si-copiii-din-parohie-au-cantat-impreuna-desteapta-te-romane\" class=\"btn btn-success btn-adauga-com\" data-toggle=\"modal\" data-parent=\"0\" data-target=\"#commentModal\">Adaug\u0103 comentariu<\/a><\/p>\n<div class=\"loadMask comments-mask\"><img decoding=\"async\" src=\"https:\/\/zdvs.cname.ro\/images\/loader_40.gif\"><\/div>\n<div class=\"comenteaza-jos\">Trebuie s\u0103 fii <a href=\"https:\/\/ziaruldevrancea.ro\/account\">autentificat<\/a> pentru a putea <a href=\"https:\/\/ziaruldevrancea.ro\/actualitatea\/stiri-locale\/ziua-imnului-national-marcata-la-iresti-politistii-vranceni-si-copiii-din-parohie-au-cantat-impreuna-desteapta-te-romane\" class data-toggle=\"modal\" data-parent=\"0\" data-target=\"#commentModal\">posta un comentariu<\/a>.<\/div>\n<\/div>\n<div class=\"modal fade\" id=\"commentModal\" role=\"dialog\" aria-labelledby=\"commentModalLabel\">\n<div class=\"modal-dialog modal-lg\" role=\"document\">\n<div class=\"modal-content\">\n<div class=\"modal-header\">\n<h3 class=\"modal-title\" id=\"commentModalLabel\">Comenteaz\u0103<\/h3>\n<\/div>\n<div class=\"modal-body\">\n<div class=\"tabel tabel-full\">\n<div class=\"celula\">\n              Trebuie s\u0103 fii <a href=\"https:\/\/ziaruldevrancea.ro\/account\">autentificat<\/a> pentru a putea posta un comentariu.\n            <\/div>\n<\/div>\n<\/div>\n<div class=\"modal-footer\">\n<div id=\"commentPending\" class=\"formPending pull-left\"><img decoding=\"async\" src=\"https:\/\/zdvs.cname.ro\/images\/loader_40.gif\"> In curs de procesare&#8230;<\/div>\n<p><a href=\"https:\/\/ziaruldevrancea.ro\/actualitatea\/stiri-locale\/ziua-imnului-national-marcata-la-iresti-politistii-vranceni-si-copiii-din-parohie-au-cantat-impreuna-desteapta-te-romane\" class=\"btn btn-default\" data-dismiss=\"modal\">Anuleaz\u0103<\/a><\/div>\n<\/div>\n<\/div>\n<\/div>\n<div class=\"modal fade\" id=\"commentReportModal\" role=\"dialog\" aria-labelledby=\"commentReportModalLabel\">\n<div class=\"modal-dialog modal-lg\" role=\"document\">\n<div class=\"modal-content\">\n<div class=\"modal-header\">\n<h3 class=\"modal-title\" id=\"commentReportModalLabel\">Raporteaza comentariu<\/h3>\n<\/div>\n<div class=\"modal-body\">\n<div class=\"tabel tabel-full\">\n<div class=\"celula\">\n              Trebuie s\u0103 fii <a href=\"https:\/\/ziaruldevrancea.ro\/account\">autentificat<\/a> pentru a putea raporta un comentariu.\n            <\/div>\n<\/div>\n<\/div>\n<div class=\"modal-footer\">\n<div id=\"commentReportPending\" class=\"formPending pull-left\"><img decoding=\"async\" src=\"https:\/\/zdvs.cname.ro\/images\/loader_40.gif\"> In curs de procesare&#8230;<\/div>\n<p><a href=\"https:\/\/ziaruldevrancea.ro\/actualitatea\/stiri-locale\/ziua-imnului-national-marcata-la-iresti-politistii-vranceni-si-copiii-din-parohie-au-cantat-impreuna-desteapta-te-romane\" class=\"btn btn-default\" data-dismiss=\"modal\">Anuleaz\u0103<\/a><\/div>\n<\/div>\n<\/div>\n<\/div>\n<div class=\"modal fade\" id=\"commentLikeModal\" role=\"dialog\" aria-labelledby=\"commentLikeModalLabel\">\n<div class=\"modal-dialog modal-lg\" role=\"document\">\n<div class=\"modal-content\">\n<div class=\"modal-header\">\n<h3 class=\"modal-title\" id=\"commentReportModalLabel\">Apreciaza comentariu<\/h3>\n<\/div>\n<div class=\"modal-body\">\n<div class=\"tabel tabel-full\">\n<div class=\"celula\">\n            Trebuie s\u0103 fii <a href=\"https:\/\/ziaruldevrancea.ro\/account\">autentificat<\/a> pentru a putea aprecia un comentariu.\n          <\/div>\n<\/div>\n<\/div>\n<div class=\"modal-footer\"><a href=\"https:\/\/ziaruldevrancea.ro\/actualitatea\/stiri-locale\/ziua-imnului-national-marcata-la-iresti-politistii-vranceni-si-copiii-din-parohie-au-cantat-impreuna-desteapta-te-romane\" class=\"btn btn-default\" data-dismiss=\"modal\">Anuleaz\u0103<\/a><\/div>\n<\/div>\n<\/div>\n<\/div>\n<div class=\"bloc-widget widget-rosu\"><span><small>Ziarul de Vrancea doreste ca acest site sa fie un spatiu al discutiilor civilizate, al comentariilor de bun simt. Din acest motiv, cei care posteaza comentarii la articole trebuie sa respecte urmatoarele reguli:<br \/>\n1. Sa se refere doar la articolul la care posteaza comentarii.<br \/>\n2. Sa foloseasca un limbaj civilizat, fara injurii, calomnii, comentarii antisemite, xenofobe sau rasiste.<br \/>\n3. Sunt interzise atacurile la adresa autorilor, daca acestea nu au legatura cu textul.<br \/>\n4. Username-ul sa nu fie nume de personalitati ale vietii publice sau parodieri ale acestora.<br \/>\nAutorul unui articol poate fi criticat pentru eventuale greseli, incoerenta, lipsa de documentare etc.<br \/>\nNerespectarea regulilor mentionate mai sus va duce la stergerea comentariilor, fara avertisment si fara explicatii.<br \/>\nAbaterile repetate vor avea drept consecinta interdictia accesului la aceasta facilitate a site-ului.<\/small><\/span><\/div>\n<\/div>\n<p>[analyse_source url=&#8221;https:\/\/ziaruldevrancea.ro\/actualitatea\/stiri-locale\/ziua-imnului-national-marcata-la-iresti-politistii-vranceni-si-copiii-din-parohie-au-cantat-impreuna-desteapta-te-romane&#8221;]<\/p>\n","protected":false},"excerpt":{"rendered":"<p>[analyse_image type=&#8221;featured&#8221; src=&#8221;https:\/\/zdvi.cname.ro\/_\/ziua-imnului-national-marcata-la-iresti-politistii-vranceni-si-copiii-din-parohie-au-cantat-impreuna-desteapta-te-romane\/mediaPool\/ubvjYfR.jpg&#8221;] Local Ziua Imnului Na\u021bional, marcat\u0103 la Ire\u0219ti: poli\u021bi\u0219tii vr\u00e2nceni \u0219i copiii din parohie au c\u00e2ntat \u00eempreun\u0103 \u201eDe\u0219teapt\u0103-te, rom\u00e2ne!\u201d Distribuie: \u00a0 | Camelia Marin 29 iul 2026505 vizualiz\u0103ri PreviousNext Evenimentul organizat cu participarea Biroului Siguran\u021b\u0103 \u0218colar\u0103 din cadrul IPJ Vrancea a pus accent pe educa\u021bie, respect pentru valorile na\u021bionale \u0219i apropierea dintre poli\u021bi\u0219ti [&hellip;]<\/p>\n","protected":false},"author":1,"featured_media":0,"comment_status":"open","ping_status":"","sticky":false,"template":"","format":"standard","meta":{"footnotes":""},"categories":[89],"tags":[226,208],"class_list":["post-2071088","post","type-post","status-publish","format-standard","hentry","category-romania","tag-crawlmanager","tag-ziaruldevrancea-ro"],"_links":{"self":[{"href":"https:\/\/analyse.optim.biz\/index.php?rest_route=\/wp\/v2\/posts\/2071088","targetHints":{"allow":["GET"]}}],"collection":[{"href":"https:\/\/analyse.optim.biz\/index.php?rest_route=\/wp\/v2\/posts"}],"about":[{"href":"https:\/\/analyse.optim.biz\/index.php?rest_route=\/wp\/v2\/types\/post"}],"author":[{"embeddable":true,"href":"https:\/\/analyse.optim.biz\/index.php?rest_route=\/wp\/v2\/users\/1"}],"replies":[{"embeddable":true,"href":"https:\/\/analyse.optim.biz\/index.php?rest_route=%2Fwp%2Fv2%2Fcomments&post=2071088"}],"version-history":[{"count":0,"href":"https:\/\/analyse.optim.biz\/index.php?rest_route=\/wp\/v2\/posts\/2071088\/revisions"}],"wp:attachment":[{"href":"https:\/\/analyse.optim.biz\/index.php?rest_route=%2Fwp%2Fv2%2Fmedia&parent=2071088"}],"wp:term":[{"taxonomy":"category","embeddable":true,"href":"https:\/\/analyse.optim.biz\/index.php?rest_route=%2Fwp%2Fv2%2Fcategories&post=2071088"},{"taxonomy":"post_tag","embeddable":true,"href":"https:\/\/analyse.optim.biz\/index.php?rest_route=%2Fwp%2Fv2%2Ftags&post=2071088"}],"curies":[{"name":"wp","href":"https:\/\/api.w.org\/{rel}","templated":true}]}}