{"id":2071084,"date":"2026-07-29T00:00:00","date_gmt":"2026-07-28T21:00:00","guid":{"rendered":"https:\/\/analyse.optim.biz\/?p=2071084"},"modified":"2026-07-29T00:00:00","modified_gmt":"2026-07-28T21:00:00","slug":"sedinta-ordinara-a-consiliului-local-focsani-pe-30-iulie","status":"publish","type":"post","link":"https:\/\/analyse.optim.biz\/?p=2071084","title":{"rendered":"\u0218edin\u021b\u0103 ordinar\u0103 a Consiliului Local Foc\u0219ani pe 30 iulie"},"content":{"rendered":"<p>[analyse_image type=&#8221;featured&#8221; src=&#8221;https:\/\/zdvi.cname.ro\/_\/sedinta-ordinara-a-consiliului-local-focsani-pe-30-iulie\/mediaPool\/u6Rslss.jpg&#8221;]<\/p>\n<div class=\"main-content detaliu-articol\"><a class=\"titlu-cat-list\" href=\"https:\/\/ziaruldevrancea.ro\/actualitatea\/stiri-locale\">Local<\/a><\/p>\n<h1>\u0218edin\u021b\u0103 ordinar\u0103 a Consiliului Local Foc\u0219ani pe 30 iulie<\/h1>\n<div class=\"date-articol clearfix\">\n<div class=\"distribuie-articol dropdown\">\n    Distribuie: \u00a0<br \/>\n    <em>|<\/em><\/div>\n<div class=\"autor-articol\"><a href=\"https:\/\/ziaruldevrancea.ro\/autor\/petre-paraschiv\/\"><img decoding=\"async\" class=\"img-circle\" src=\"https:\/\/zdvi.cname.ro\/50_50\/articleAuthor\/petre-paraschiv\/articleAuthor\/uWVWYPk.jpg\" alt><\/a><\/p>\n<h5><a href=\"https:\/\/ziaruldevrancea.ro\/autor\/petre-paraschiv\/\">Petre Paraschiv<\/a><\/h5>\n<div class=\"grup-spatiere\"><span class=\"cu-spatiere\">29 iul 2026<\/span><span class=\"cu-spatiere\">567 vizualiz\u0103ri<\/span><\/div>\n<\/div>\n<\/div>\n<div class=\"poza-mare\"><a href class=\"openGallery\"><img decoding=\"async\" class=\"img-responsive\" src=\"https:\/\/zdvi.cname.ro\/850_530\/sedinta-ordinara-a-consiliului-local-focsani-pe-30-iulie\/article\/mediaPool\/u6Rslss.jpg\" alt><\/a><\/div>\n<p><strong>\u00a062 de proiecte pe ordinea de zi, de la buget \u0219i investi\u021bii la locuin\u021be \u0219i regulamente locale.<\/strong><\/p>\n<p><strong>Consilierii locali din Foc\u0219ani sunt convoca\u021bi joi, 30 iulie 2026, \u00een \u0219edin\u021ba ordinar\u0103 a lunii. Pe ordinea de zi figureaz\u0103 62 de proiecte de hot\u0103r\u00e2re care vizeaz\u0103 rectificarea bugetului, investi\u021bii \u00een educa\u021bie \u0219i infrastructur\u0103, modificarea mai multor regulamente locale, sprijin financiar pentru unit\u0103\u021bi de cult, locuin\u021be sociale \u0219i valorificarea patrimoniului municipal.<\/strong><\/p>\n<hr>\n<p><strong>\u0218edin\u021b\u0103 ordinar\u0103 a Consiliului Local Foc\u0219ani pe 30 iulie: 62 de proiecte pe ordinea de zi, de la buget \u0219i investi\u021bii la locuin\u021be \u0219i regulamente locale<\/strong><\/p>\n<p>Consiliul Local al Municipiului Foc\u0219ani se va reuni joi, <strong>30 iulie 2026<\/strong>, \u00eencep\u00e2nd cu ora <strong>12:00<\/strong>, \u00een \u0219edin\u021ba ordinar\u0103 aferent\u0103 lunii iulie. Convocarea a fost f\u0103cut\u0103 prin <strong>Dispozi\u021bia nr. 650 din 24 iulie 2026<\/strong>, semnat\u0103 de primarul municipiului, Cristi Valentin Mis\u0103il\u0103.<\/p>\n<p>\u0218edin\u021ba se va desf\u0103\u0219ura at\u00e2t cu prezen\u021ba fizic\u0103 a consilierilor locali, la sediul Prim\u0103riei Municipiului Foc\u0219ani din Bulevardul Dimitrie Cantemir nr. 1 bis, c\u00e2t \u0219i online, prin intermediul platformei Zoom.<\/p>\n<p>Pe ordinea de zi sunt \u00eenscrise <strong>62 de proiecte de hot\u0103r\u00e2re \u0219i un raport<\/strong>, acoperind o gam\u0103 larg\u0103 de domenii, de la administra\u021bie \u0219i urbanism p\u00e2n\u0103 la educa\u021bie, asisten\u021b\u0103 social\u0103, patrimoniu, investi\u021bii \u0219i dezvoltare local\u0103.<\/p>\n<p><strong>Rectificarea bugetului \u0219i investi\u021bii pentru municipiu<\/strong><\/p>\n<p>Printre cele mai importante proiecte se num\u0103r\u0103 <strong>rectificarea Bugetului General al Municipiului Foc\u0219ani pe anul 2026<\/strong>, document care stabile\u0219te redistribuirea unor fonduri pentru finan\u021barea investi\u021biilor \u0219i func\u021bion\u0103rii serviciilor publice.<\/p>\n<p>Consilierii vor analiza \u0219i aprobarea indicatorilor tehnico-economici pentru racordarea la re\u021beaua electric\u0103 a noului <strong>Centru \u0218tiin\u021be Aplicate<\/strong> de la Colegiul Na\u021bional \u201eUnirea\u201d, precum \u0219i declararea utilit\u0103\u021bii publice pentru investi\u021bia privind construirea corpului destinat activit\u0103\u021bilor didactice la <strong>\u0218coala \u201eDuiliu Zamfirescu\u201d<\/strong>.<\/p>\n<p>Pe ordinea de zi figureaz\u0103 \u0219i aprobarea studiului de fundamentare pentru realizarea unui <strong>centru multifunc\u021bional \u00een zona Pie\u021bei Moldovei<\/strong>, care ar urma s\u0103 includ\u0103 parc\u0103ri, spa\u021bii de depozitare \u0219i spa\u021bii comerciale.<\/p>\n<p><strong>Modific\u0103ri ale regulamentelor locale<\/strong><\/p>\n<p>O parte important\u0103 a \u0219edin\u021bei este dedicat\u0103 actualiz\u0103rii cadrului administrativ al municipiului.<\/p>\n<p>Consilierii locali sunt chema\u021bi s\u0103 voteze modific\u0103ri ale regulamentelor privind:<\/p>\n<ul>\n<li>activit\u0103\u021bile comerciale \u0219i de alimenta\u021bie public\u0103;<\/li>\n<li>administrarea parc\u0103rilor;<\/li>\n<li>ridicarea \u0219i depozitarea autovehiculelor sta\u021bionate neregulamentar;<\/li>\n<li>circula\u021bia autovehiculelor de transport marf\u0103;<\/li>\n<li>circula\u021bia vehiculelor \u0219colilor de \u0219oferi;<\/li>\n<li>organizarea jocurilor de noroc;<\/li>\n<li>publicitatea stradal\u0103;<\/li>\n<li>ocuparea domeniului public cu terase sezoniere;<\/li>\n<li>\u00eentre\u021binerea spa\u021biilor verzi;<\/li>\n<li>gospod\u0103rirea municipiului;<\/li>\n<li>identificarea cromatic\u0103 a cl\u0103dirilor;<\/li>\n<li>regimul cl\u0103dirilor \u0219i terenurilor ne\u00eengrijite;<\/li>\n<li>protec\u021bia animalelor de companie.<\/li>\n<\/ul>\n<p>Totodat\u0103, vor fi supuse aprob\u0103rii modific\u0103ri privind componen\u021ba unor comisii de specialitate \u0219i a Comisiei Tehnice de Amenajare a Teritoriului \u0219i Urbanism.<\/p>\n<p><strong>Sprijin financiar pentru unit\u0103\u021bi de cult<\/strong><\/p>\n<p>Pe ordinea de zi se afl\u0103 \u0219i mai multe proiecte privind acordarea de sprijin financiar pentru unit\u0103\u021bi de cult din municipiu.<\/p>\n<p>Printre beneficiarii propu\u0219i se num\u0103r\u0103:<\/p>\n<ul>\n<li>Parohia \u201eSf\u00e2nta Cuvioas\u0103 Parascheva\u201d;<\/li>\n<li>Protoieria Foc\u0219ani I;<\/li>\n<li>Protoieria Foc\u0219ani II;<\/li>\n<li>Parohia Buna Vestire;<\/li>\n<li>Parohia Tuturor Sfin\u021bilor;<\/li>\n<li>Parohia Acoper\u0103m\u00e2ntul Maicii Domnului;<\/li>\n<li>Parohia Sf\u00e2ntul Gheorghe Nord;<\/li>\n<li>Parohia Sf\u00e2ntul Ierarh Teodosie;<\/li>\n<li>Parohia Sf\u00e2ntul Apostol Andrei.<\/li>\n<\/ul>\n<p><strong>Patrimoniu, terenuri \u0219i locuin\u021be<\/strong><\/p>\n<p>\u0218edin\u021ba include numeroase proiecte privind administrarea patrimoniului municipiului.<\/p>\n<p>Consilierii vor analiza:<\/p>\n<ul>\n<li>v\u00e2nzarea unor terenuri \u0219i imobile apar\u021bin\u00e2nd domeniului privat al municipiului;<\/li>\n<li>atribuirea denumirii unor str\u0103zi noi;<\/li>\n<li>alipirea unor terenuri;<\/li>\n<li>constituirea unor drepturi de uz \u0219i servitute pentru lucr\u0103ri de utilitate public\u0103;<\/li>\n<li>aprobarea amplas\u0103rii unor terase sezoniere;<\/li>\n<li>repartizarea unor locuin\u021be pentru tineri;<\/li>\n<li>actualizarea listei de priorit\u0103\u021bi pentru locuin\u021bele ANL;<\/li>\n<li>aprobarea listei de priorit\u0103\u021bi pentru locuin\u021bele din fondul locativ de stat;<\/li>\n<li>modificarea reparti\u021biei unei locuin\u021be sociale.<\/li>\n<\/ul>\n<p><strong>Educa\u021bie \u0219i recompensarea performan\u021bei \u0219colare<\/strong><\/p>\n<p>Pe agenda \u0219edin\u021bei se afl\u0103 \u0219i acordarea unui premiu \u00een valoare de <strong>3.000 de lei<\/strong> elevei <strong>V\u00eelcu Alecsia Miriam<\/strong>, absolvent\u0103 a Colegiului Na\u021bional \u201eUnirea\u201d Foc\u0219ani, care a ob\u021binut media 10 la examenul na\u021bional de Bacalaureat 2026.<\/p>\n<p>Proiectul prevede \u0219i acordarea unui buchet de flori \u00een valoare de <strong>700 de lei<\/strong>.<\/p>\n<p>Totodat\u0103, consilierii vor analiza completarea re\u021belei \u0219colare pentru anul de \u00eenv\u0103\u021b\u0103m\u00e2nt <strong>2026\u20132027<\/strong>.<\/p>\n<p><strong>Asisten\u021b\u0103 social\u0103<\/strong><\/p>\n<p>Ultimul punct al ordinii de zi \u00eel reprezint\u0103 prezentarea raportului privind verificarea activit\u0103\u021bii asisten\u021bilor personali ai persoanelor cu handicap care \u00ee\u0219i desf\u0103\u0219oar\u0103 activitatea \u00een baza contractelor \u00eencheiate cu Direc\u021bia de Asisten\u021b\u0103 Social\u0103 Foc\u0219ani, aferent semestrului I al anului 2026.<\/p>\n<p><strong>\u0218edin\u021b\u0103 cu impact asupra administra\u021biei locale<\/strong><\/p>\n<p>Prin num\u0103rul mare \u0219i diversitatea proiectelor supuse dezbaterii, \u0219edin\u021ba ordinar\u0103 din 30 iulie este una dintre cele mai consistente reuniuni ale Consiliului Local Foc\u0219ani din acest an. Hot\u0103r\u00e2rile care vor fi adoptate vor influen\u021ba at\u00e2t activitatea administrativ\u0103 curent\u0103, c\u00e2t \u0219i proiectele de investi\u021bii, gestionarea patrimoniului public \u0219i privat, dezvoltarea urban\u0103 \u0219i serviciile destinate locuitorilor municipiului.<\/p>\n<p><strong>Petre Paraschiv\u00a0<\/strong><\/p>\n<hr>\n<div class=\"bloc-widget widget-rosu\">\n<p>\u00cen lipsa unui acord scris din partea Ziarului de Vrancea, pute\u0163i prelua maxim 500 de caractere din acest articol dac\u0103 preciza\u0163i sursa \u015fi insera\u0163i vizibil link-ul articolului:\u00a0<span>#insertcurrentlinkhere<\/span><\/p>\n<\/div>\n<div class=\"extra-articol listing-anunturi\">\n<h6>Anun\u021buri <span class=\"text-primary\">ZdV<\/span> Premium<\/h6>\n<div class=\"row\">\n<div class=\"col-lg-4 col-md-6 bloc-egal\"><a class=\"card-anunt\" href=\"https:\/\/ziaruldevrancea.ro\/anunturi\/imobiliare\/vanzari-terenuri\/vand-teren-in-panciu\"><strong class=\"titlu\">V\u00e2nz\u0103ri terenuri<\/strong><span class=\"text-anunt\">Teren Panciu 1170 mp, cu num\u0103r cas\u0103, ap\u0103&#8230;<\/span><span class=\"data-anunt\">29.07.2026  <\/span><\/a><\/div>\n<div class=\"col-lg-4 col-md-6 bloc-egal\"><a class=\"card-anunt\" href=\"https:\/\/ziaruldevrancea.ro\/anunturi\/altele\/anulare-acte\/vand-scrumbii-afumate-capturi-dunare\"><strong class=\"titlu\">Vanzari diverse<\/strong><span class=\"text-anunt\">Pret : 117 lei \/ kg . \u00a0 Este&#8230;<\/span><span class=\"data-anunt\">29.07.2026 , Gala\u021bi , Gala\u021bi<\/span><\/a><\/div>\n<div class=\"col-lg-4 col-md-6 bloc-egal\"><a class=\"card-anunt\" href=\"https:\/\/ziaruldevrancea.ro\/anunturi\/necrolog\/decese\/dumnezeu-sa-o-aseze-in-randul-celor-drepti\"><strong class=\"titlu\">Decese<\/strong><span class=\"text-anunt\">Cu profund\u0103 durere, familia anun\u021b\u0103 trecerea la&#8230;<\/span><span class=\"data-anunt\">28.07.2026  <\/span><\/a><\/div>\n<\/div>\n<\/div>\n<div class=\"extra-articol alte-articole\">\n<div class=\"row\">\n<div class=\"col-lg-6 bloc-egal\">\n<div class=\"card articol-listing\">\n<h6>\u00cen categoria <a href=\"https:\/\/ziaruldevrancea.ro\/actualitatea\/stiri-locale\">Local<\/a><\/h6>\n<div class=\"grup-articol-listing\">\n<div class=\"cont-pils\"><a href=\"https:\/\/ziaruldevrancea.ro\/actualitatea\/stiri-locale\/foto-pompierii-isu-vrancea-au-dus-lectii-de-siguranta-in-gura-calitei\"><img decoding=\"async\" src=\"https:\/\/zdvi.cname.ro\/180_135\/actualitatea\/stiri-locale\/foto-pompierii-isu-vrancea-au-dus-lectii-de-siguranta-in-gura-calitei\/mediaPool\/unTARgF.jpeg\" class=\"img-responsive img-180\" alt><\/a><\/div>\n<h2><a class=\"link-titlu\" href=\"https:\/\/ziaruldevrancea.ro\/actualitatea\/stiri-locale\/foto-pompierii-isu-vrancea-au-dus-lectii-de-siguranta-in-gura-calitei\">Foto | Pompierii ISU Vrancea au dus lec\u021bii de siguran\u021b\u0103 \u00een Gura Cali\u021bei<\/a><\/h2>\n<div class=\"date-post\"><a href=\"https:\/\/ziaruldevrancea.ro\/autor\/petre-paraschiv\">Petre Paraschiv<\/a>, 31 iul 2026  <\/div>\n<\/div>\n<div class=\"grup-articol-listing\">\n<div class=\"cont-pils\"><a href=\"https:\/\/ziaruldevrancea.ro\/actualitatea\/stiri-locale\/vrancea-soferii-cu-permis-categoria-b-care-fac-transport-contra-cost-trebuie-sa-obtina-un-document-obligatoriu.\"><img decoding=\"async\" src=\"https:\/\/zdvi.cname.ro\/180_135\/actualitatea\/stiri-locale\/vrancea-soferii-cu-permis-categoria-b-care-fac-transport-contra-cost-trebuie-sa-obtina-un-document-obligatoriu.\/mediaPool\/uABp3Hl.jpg\" class=\"img-responsive img-180\" alt><\/a><\/div>\n<h2><a class=\"link-titlu\" href=\"https:\/\/ziaruldevrancea.ro\/actualitatea\/stiri-locale\/vrancea-soferii-cu-permis-categoria-b-care-fac-transport-contra-cost-trebuie-sa-obtina-un-document-obligatoriu.\">Vrancea: \u0218oferii cu permis categoria B care fac transport contra cost trebuie s\u0103 ob\u021bin\u0103 un document obligatoriu<\/a><\/h2>\n<div class=\"date-post\"><a href=\"https:\/\/ziaruldevrancea.ro\/autor\/ionel-sclavone\">Ionel Sclavone<\/a>, 31 iul 2026  <\/div>\n<\/div>\n<div class=\"grup-articol-listing\">\n<div class=\"cont-pils\"><a href=\"https:\/\/ziaruldevrancea.ro\/actualitatea\/stiri-locale\/comisariatul-militar-din-focsani-un-simbol-al-istoriei-vrancei-renaste-prin-restaurare.-povestea-cladirii-care-a-gazduit-divizia-6-infanterie\"><img decoding=\"async\" src=\"https:\/\/zdvi.cname.ro\/180_135\/actualitatea\/stiri-locale\/comisariatul-militar-din-focsani-un-simbol-al-istoriei-vrancei-renaste-prin-restaurare.-povestea-cladirii-care-a-gazduit-divizia-6-infanterie\/mediaPool\/u5btavU.jpg\" class=\"img-responsive img-180\" alt><\/a><\/div>\n<h2><a class=\"link-titlu\" href=\"https:\/\/ziaruldevrancea.ro\/actualitatea\/stiri-locale\/comisariatul-militar-din-focsani-un-simbol-al-istoriei-vrancei-renaste-prin-restaurare.-povestea-cladirii-care-a-gazduit-divizia-6-infanterie\">Comisariatul Militar din Foc\u0219ani, un simbol al istoriei Vrancei, rena\u0219te prin restaurare. Povestea cl\u0103dirii care a g\u0103zduit Divizia 6 Infanterie<\/a><\/h2>\n<div class=\"date-post\"><a href=\"https:\/\/ziaruldevrancea.ro\/autor\/florin-marian-dirdala\">Florin Marian D\u00eerdal\u0103<\/a>, 31 iul 2026  <\/div>\n<\/div>\n<\/div>\n<\/div>\n<div class=\"col-lg-6 bloc-egal\">\n<div class=\"card articol-listing\">\n<h6>De acela\u0219i <a href=\"https:\/\/ziaruldevrancea.ro\/autor\/petre-paraschiv\/\">autor<\/a><\/h6>\n<div class=\"grup-articol-listing\">\n<div class=\"cont-pils\"><a href=\"https:\/\/ziaruldevrancea.ro\/actualitatea\/stiri-locale\/alerta-in-focsani-politia-verifica-un-bagaj-abandonat-pe-strada-maior-gheorghe-pastia\"><img decoding=\"async\" src=\"https:\/\/zdvi.cname.ro\/180_135\/actualitatea\/stiri-locale\/alerta-in-focsani-politia-verifica-un-bagaj-abandonat-pe-strada-maior-gheorghe-pastia\/mediaPool\/utXrpSb.jpg\" class=\"img-responsive img-180\" alt><\/a><\/div>\n<h2><a class=\"link-titlu\" href=\"https:\/\/ziaruldevrancea.ro\/actualitatea\/stiri-locale\/alerta-in-focsani-politia-verifica-un-bagaj-abandonat-pe-strada-maior-gheorghe-pastia\">Alert\u0103 \u00een Foc\u0219ani: Poli\u021bia verific\u0103 un bagaj abandonat pe strada Maior Gheorghe Pastia<\/a><\/h2>\n<div class=\"date-post\"><a href=\"https:\/\/ziaruldevrancea.ro\/autor\/petre-paraschiv\">Petre Paraschiv<\/a>, 31 iul 2026  <\/div>\n<\/div>\n<div class=\"grup-articol-listing\">\n<div class=\"cont-pils\"><a href=\"https:\/\/ziaruldevrancea.ro\/actualitatea\/stiri-locale\/sofer-din-ploscuteni-depistat-baut-la-volan-in-homocea\"><img decoding=\"async\" src=\"https:\/\/zdvi.cname.ro\/180_135\/actualitatea\/stiri-locale\/sofer-din-ploscuteni-depistat-baut-la-volan-in-homocea\/mediaPool\/uX5ePbC.jpg\" class=\"img-responsive img-180\" alt><\/a><\/div>\n<h2><a class=\"link-titlu\" href=\"https:\/\/ziaruldevrancea.ro\/actualitatea\/stiri-locale\/sofer-din-ploscuteni-depistat-baut-la-volan-in-homocea\">\u0218ofer din Ploscu\u021beni, depistat b\u0103ut la volan \u00een Homocea<\/a><\/h2>\n<div class=\"date-post\"><a href=\"https:\/\/ziaruldevrancea.ro\/autor\/petre-paraschiv\">Petre Paraschiv<\/a>, 29 iul 2026  <\/div>\n<\/div>\n<div class=\"grup-articol-listing\">\n<div class=\"cont-pils\"><a href=\"https:\/\/ziaruldevrancea.ro\/actualitatea\/stiri-locale\/accident-pe-e85-la-sensul-giratoriu-de-la-cerdac-cotesti-trei-persoane-au-ajuns-la-upu-focsani-dupa-impactul-dintre-doua-autoturisme\"><img decoding=\"async\" src=\"https:\/\/zdvi.cname.ro\/180_135\/actualitatea\/stiri-locale\/accident-pe-e85-la-sensul-giratoriu-de-la-cerdac-cotesti-trei-persoane-au-ajuns-la-upu-focsani-dupa-impactul-dintre-doua-autoturisme\/mediaPool\/uPO1xlb.jpeg\" class=\"img-responsive img-180\" alt><\/a><\/div>\n<h2><a class=\"link-titlu\" href=\"https:\/\/ziaruldevrancea.ro\/actualitatea\/stiri-locale\/accident-pe-e85-la-sensul-giratoriu-de-la-cerdac-cotesti-trei-persoane-au-ajuns-la-upu-focsani-dupa-impactul-dintre-doua-autoturisme\">Accident pe E85, la sensul giratoriu de la Cerdac-Cote\u0219ti: trei persoane au ajuns la UPU Foc\u0219ani dup\u0103 impactul dintre dou\u0103 autoturisme<\/a><\/h2>\n<div class=\"date-post\"><a href=\"https:\/\/ziaruldevrancea.ro\/autor\/petre-paraschiv\">Petre Paraschiv<\/a>, 28 iul 2026  <\/div>\n<\/div>\n<\/div>\n<\/div>\n<\/div>\n<\/div>\n<div class=\"extra-articol listing-anunturi\">\n<h6>Anun\u021buri <span class=\"text-primary\">ZdV<\/span> Premium<\/h6>\n<div class=\"row\">\n<div class=\"col-lg-4 col-md-6 bloc-egal\"><a class=\"card-anunt\" href=\"https:\/\/ziaruldevrancea.ro\/anunturi\/imobiliare\/vanzari-case\/vand-casa-si-teren-in-panciu-anunt-72818\"><strong class=\"titlu\">V\u00e2nz\u0103ri case<\/strong><span class=\"text-anunt\">V\u00e2nd cas\u0103 cu 2 camere, buc\u0103t\u0103rie, baie,&#8230;<\/span><span class=\"data-anunt\">23.07.2026  <\/span><\/a><\/div>\n<div class=\"col-lg-4 col-md-6 bloc-egal\"><a class=\"card-anunt\" href=\"https:\/\/ziaruldevrancea.ro\/anunturi\/angajari\/cereri-angajari\/doresc-angajare-anunt-72815\"><strong class=\"titlu\">Cereri<\/strong><span class=\"text-anunt\">Doresc s\u0103 am grij\u0103 de un copil de gradini\u021b\u0103&#8230;<\/span><span class=\"data-anunt\">21.07.2026  <\/span><\/a><\/div>\n<div class=\"col-lg-4 col-md-6 bloc-egal\"><a class=\"card-anunt\" href=\"https:\/\/ziaruldevrancea.ro\/anunturi\/inchirieri\/locuinte-oferte\/primesc-in-gazda-anunt-72816\"><strong class=\"titlu\">Locuin\u021be oferte<\/strong><span class=\"text-anunt\">\u00a0Primesc \u00een gazd\u0103 la cas\u0103.<\/p>\n<p>Tel&#8230;.<\/span><span class=\"data-anunt\">21.07.2026  <\/span><\/a><\/div>\n<\/div>\n<\/div>\n<div class=\"bloc-widget widget-albastru\">\n    Ziarul de Vrancea \u00a0nu este responsabil juridic pentru con\u0163inutul textelor din comentariile de mai jos. Responsabilitatea pentru mesajele dumneavoastra v\u0103 revine \u00een exclusivitate.\n<\/div>\n<div class=\"comentarii-articol\" id=\"comentarii\">\n<h3>Comentarii: <span class=\"text-primary\">0<\/span><\/h3>\n<p><a href=\"https:\/\/ziaruldevrancea.ro\/actualitatea\/stiri-locale\/sedinta-ordinara-a-consiliului-local-focsani-pe-30-iulie\" class=\"btn btn-success btn-adauga-com\" data-toggle=\"modal\" data-parent=\"0\" data-target=\"#commentModal\">Adaug\u0103 comentariu<\/a><\/p>\n<div class=\"loadMask comments-mask\"><img decoding=\"async\" src=\"https:\/\/zdvs.cname.ro\/images\/loader_40.gif\"><\/div>\n<div class=\"comenteaza-jos\">Trebuie s\u0103 fii <a href=\"https:\/\/ziaruldevrancea.ro\/account\">autentificat<\/a> pentru a putea <a href=\"https:\/\/ziaruldevrancea.ro\/actualitatea\/stiri-locale\/sedinta-ordinara-a-consiliului-local-focsani-pe-30-iulie\" class data-toggle=\"modal\" data-parent=\"0\" data-target=\"#commentModal\">posta un comentariu<\/a>.<\/div>\n<\/div>\n<div class=\"modal fade\" id=\"commentModal\" role=\"dialog\" aria-labelledby=\"commentModalLabel\">\n<div class=\"modal-dialog modal-lg\" role=\"document\">\n<div class=\"modal-content\">\n<div class=\"modal-header\">\n<h3 class=\"modal-title\" id=\"commentModalLabel\">Comenteaz\u0103<\/h3>\n<\/div>\n<div class=\"modal-body\">\n<div class=\"tabel tabel-full\">\n<div class=\"celula\">\n              Trebuie s\u0103 fii <a href=\"https:\/\/ziaruldevrancea.ro\/account\">autentificat<\/a> pentru a putea posta un comentariu.\n            <\/div>\n<\/div>\n<\/div>\n<div class=\"modal-footer\">\n<div id=\"commentPending\" class=\"formPending pull-left\"><img decoding=\"async\" src=\"https:\/\/zdvs.cname.ro\/images\/loader_40.gif\"> In curs de procesare&#8230;<\/div>\n<p><a href=\"https:\/\/ziaruldevrancea.ro\/actualitatea\/stiri-locale\/sedinta-ordinara-a-consiliului-local-focsani-pe-30-iulie\" class=\"btn btn-default\" data-dismiss=\"modal\">Anuleaz\u0103<\/a><\/div>\n<\/div>\n<\/div>\n<\/div>\n<div class=\"modal fade\" id=\"commentReportModal\" role=\"dialog\" aria-labelledby=\"commentReportModalLabel\">\n<div class=\"modal-dialog modal-lg\" role=\"document\">\n<div class=\"modal-content\">\n<div class=\"modal-header\">\n<h3 class=\"modal-title\" id=\"commentReportModalLabel\">Raporteaza comentariu<\/h3>\n<\/div>\n<div class=\"modal-body\">\n<div class=\"tabel tabel-full\">\n<div class=\"celula\">\n              Trebuie s\u0103 fii <a href=\"https:\/\/ziaruldevrancea.ro\/account\">autentificat<\/a> pentru a putea raporta un comentariu.\n            <\/div>\n<\/div>\n<\/div>\n<div class=\"modal-footer\">\n<div id=\"commentReportPending\" class=\"formPending pull-left\"><img decoding=\"async\" src=\"https:\/\/zdvs.cname.ro\/images\/loader_40.gif\"> In curs de procesare&#8230;<\/div>\n<p><a href=\"https:\/\/ziaruldevrancea.ro\/actualitatea\/stiri-locale\/sedinta-ordinara-a-consiliului-local-focsani-pe-30-iulie\" class=\"btn btn-default\" data-dismiss=\"modal\">Anuleaz\u0103<\/a><\/div>\n<\/div>\n<\/div>\n<\/div>\n<div class=\"modal fade\" id=\"commentLikeModal\" role=\"dialog\" aria-labelledby=\"commentLikeModalLabel\">\n<div class=\"modal-dialog modal-lg\" role=\"document\">\n<div class=\"modal-content\">\n<div class=\"modal-header\">\n<h3 class=\"modal-title\" id=\"commentReportModalLabel\">Apreciaza comentariu<\/h3>\n<\/div>\n<div class=\"modal-body\">\n<div class=\"tabel tabel-full\">\n<div class=\"celula\">\n            Trebuie s\u0103 fii <a href=\"https:\/\/ziaruldevrancea.ro\/account\">autentificat<\/a> pentru a putea aprecia un comentariu.\n          <\/div>\n<\/div>\n<\/div>\n<div class=\"modal-footer\"><a href=\"https:\/\/ziaruldevrancea.ro\/actualitatea\/stiri-locale\/sedinta-ordinara-a-consiliului-local-focsani-pe-30-iulie\" class=\"btn btn-default\" data-dismiss=\"modal\">Anuleaz\u0103<\/a><\/div>\n<\/div>\n<\/div>\n<\/div>\n<div class=\"bloc-widget widget-rosu\"><span><small>Ziarul de Vrancea doreste ca acest site sa fie un spatiu al discutiilor civilizate, al comentariilor de bun simt. Din acest motiv, cei care posteaza comentarii la articole trebuie sa respecte urmatoarele reguli:<br \/>\n1. Sa se refere doar la articolul la care posteaza comentarii.<br \/>\n2. Sa foloseasca un limbaj civilizat, fara injurii, calomnii, comentarii antisemite, xenofobe sau rasiste.<br \/>\n3. Sunt interzise atacurile la adresa autorilor, daca acestea nu au legatura cu textul.<br \/>\n4. Username-ul sa nu fie nume de personalitati ale vietii publice sau parodieri ale acestora.<br \/>\nAutorul unui articol poate fi criticat pentru eventuale greseli, incoerenta, lipsa de documentare etc.<br \/>\nNerespectarea regulilor mentionate mai sus va duce la stergerea comentariilor, fara avertisment si fara explicatii.<br \/>\nAbaterile repetate vor avea drept consecinta interdictia accesului la aceasta facilitate a site-ului.<\/small><\/span><\/div>\n<\/div>\n<p>[analyse_source url=&#8221;https:\/\/ziaruldevrancea.ro\/actualitatea\/stiri-locale\/sedinta-ordinara-a-consiliului-local-focsani-pe-30-iulie&#8221;]<\/p>\n","protected":false},"excerpt":{"rendered":"<p>[analyse_image type=&#8221;featured&#8221; src=&#8221;https:\/\/zdvi.cname.ro\/_\/sedinta-ordinara-a-consiliului-local-focsani-pe-30-iulie\/mediaPool\/u6Rslss.jpg&#8221;] Local \u0218edin\u021b\u0103 ordinar\u0103 a Consiliului Local Foc\u0219ani pe 30 iulie Distribuie: \u00a0 | Petre Paraschiv 29 iul 2026567 vizualiz\u0103ri \u00a062 de proiecte pe ordinea de zi, de la buget \u0219i investi\u021bii la locuin\u021be \u0219i regulamente locale. Consilierii locali din Foc\u0219ani sunt convoca\u021bi joi, 30 iulie 2026, \u00een \u0219edin\u021ba ordinar\u0103 a lunii. Pe [&hellip;]<\/p>\n","protected":false},"author":1,"featured_media":0,"comment_status":"open","ping_status":"","sticky":false,"template":"","format":"standard","meta":{"footnotes":""},"categories":[89],"tags":[226,208],"class_list":["post-2071084","post","type-post","status-publish","format-standard","hentry","category-romania","tag-crawlmanager","tag-ziaruldevrancea-ro"],"_links":{"self":[{"href":"https:\/\/analyse.optim.biz\/index.php?rest_route=\/wp\/v2\/posts\/2071084","targetHints":{"allow":["GET"]}}],"collection":[{"href":"https:\/\/analyse.optim.biz\/index.php?rest_route=\/wp\/v2\/posts"}],"about":[{"href":"https:\/\/analyse.optim.biz\/index.php?rest_route=\/wp\/v2\/types\/post"}],"author":[{"embeddable":true,"href":"https:\/\/analyse.optim.biz\/index.php?rest_route=\/wp\/v2\/users\/1"}],"replies":[{"embeddable":true,"href":"https:\/\/analyse.optim.biz\/index.php?rest_route=%2Fwp%2Fv2%2Fcomments&post=2071084"}],"version-history":[{"count":0,"href":"https:\/\/analyse.optim.biz\/index.php?rest_route=\/wp\/v2\/posts\/2071084\/revisions"}],"wp:attachment":[{"href":"https:\/\/analyse.optim.biz\/index.php?rest_route=%2Fwp%2Fv2%2Fmedia&parent=2071084"}],"wp:term":[{"taxonomy":"category","embeddable":true,"href":"https:\/\/analyse.optim.biz\/index.php?rest_route=%2Fwp%2Fv2%2Fcategories&post=2071084"},{"taxonomy":"post_tag","embeddable":true,"href":"https:\/\/analyse.optim.biz\/index.php?rest_route=%2Fwp%2Fv2%2Ftags&post=2071084"}],"curies":[{"name":"wp","href":"https:\/\/api.w.org\/{rel}","templated":true}]}}