{"id":2071082,"date":"2026-07-28T00:00:00","date_gmt":"2026-07-27T21:00:00","guid":{"rendered":"https:\/\/analyse.optim.biz\/?p=2071082"},"modified":"2026-07-28T00:00:00","modified_gmt":"2026-07-27T21:00:00","slug":"consiliul-judetean-vrancea-se-reuneste-de-urgenta-19-proiecte-pe-ordinea-de-zi-majoritatea-dedicate-reorganizarii-serviciilor-sociale-pentru-persoanele-cu-dizabilitati","status":"publish","type":"post","link":"https:\/\/analyse.optim.biz\/?p=2071082","title":{"rendered":"Consiliul Jude\u021bean Vrancea se reune\u0219te de urgen\u021b\u0103: 19 proiecte pe ordinea de zi, majoritatea dedicate reorganiz\u0103rii serviciilor sociale pentru persoanele cu dizabilit\u0103\u021bi"},"content":{"rendered":"<p>[analyse_image type=&#8221;featured&#8221; src=&#8221;https:\/\/zdvi.cname.ro\/_\/consiliul-judetean-vrancea-se-reuneste-de-urgenta-19-proiecte-pe-ordinea-de-zi-majoritatea-dedicate-reorganizarii-serviciilor-sociale-pentru-persoanele-cu-dizabilitati\/mediaPool\/uaJ9XrE.PNG&#8221;]<\/p>\n<div class=\"main-content detaliu-articol\"><a class=\"titlu-cat-list\" href=\"https:\/\/ziaruldevrancea.ro\/actualitatea\/stiri-locale\">Local<\/a><\/p>\n<h1>Consiliul Jude\u021bean Vrancea se reune\u0219te de urgen\u021b\u0103: 19 proiecte pe ordinea de zi, majoritatea dedicate reorganiz\u0103rii serviciilor sociale pentru persoanele cu dizabilit\u0103\u021bi<\/h1>\n<div class=\"date-articol clearfix\">\n<div class=\"distribuie-articol dropdown\">\n    Distribuie: \u00a0<br \/>\n    <em>|<\/em><\/div>\n<div class=\"autor-articol\"><a href=\"https:\/\/ziaruldevrancea.ro\/autor\/camelia-marin\/\"><img decoding=\"async\" class=\"img-circle\" src=\"https:\/\/zdvi.cname.ro\/50_50\/articleAuthor\/camelia-marin\/articleAuthor\/u9DOVkc.jpg\" alt><\/a><\/p>\n<h5><a href=\"https:\/\/ziaruldevrancea.ro\/autor\/camelia-marin\/\">Camelia Marin<\/a><\/h5>\n<div class=\"grup-spatiere\"><span class=\"cu-spatiere\">28 iul 2026<\/span><span class=\"cu-spatiere\">964 vizualiz\u0103ri<\/span><\/div>\n<\/div>\n<\/div>\n<div class=\"poza-mare\"><a href class=\"openGallery\"><img decoding=\"async\" class=\"img-responsive\" src=\"https:\/\/zdvi.cname.ro\/850_530\/consiliul-judetean-vrancea-se-reuneste-de-urgenta-19-proiecte-pe-ordinea-de-zi-majoritatea-dedicate-reorganizarii-serviciilor-sociale-pentru-persoanele-cu-dizabilitati\/article\/mediaPool\/uaJ9XrE.PNG\" alt><\/a><\/div>\n<p><strong>Ale\u0219ii jude\u021beni din Vrancea sunt convoca\u021bi miercuri, 29 iulie 2026, \u00eentr-o \u0219edin\u021b\u0103 extraordinar\u0103 online. Pe ordinea de zi figureaz\u0103 reorganizarea mai multor servicii sociale din cadrul DGASPC Vrancea, modificarea organigramei institu\u021biei \u0219i noi reguli privind amplasarea construc\u021biilor \u0219i panourilor publicitare pe drumurile jude\u021bene.<\/strong><\/p>\n<p>\u00a0<\/p>\n<p>\u00a0<\/p>\n<p>\u00a0<\/p>\n<p>\u00a0<\/p>\n<p>Consiliul Jude\u021bean Vrancea se reune\u0219te de urgen\u021b\u0103: 19 proiecte pe ordinea de zi, majoritatea dedicate reorganiz\u0103rii serviciilor sociale pentru persoanele cu dizabilit\u0103\u021bi<\/p>\n<p>Pre\u0219edintele Consiliului Jude\u021bean Vrancea, Nicu\u0219or Halici, a emis <strong>Dispozi\u021bia nr. 324 din 28 iulie 2026<\/strong>, prin care convoac\u0103 de \u00eendat\u0103 Consiliul Jude\u021bean Vrancea \u00een \u0219edin\u021b\u0103 extraordinar\u0103 pentru <strong>miercuri, 29 iulie 2026, \u00eencep\u00e2nd cu ora 13:00<\/strong>.<\/p>\n<p>\u0218edin\u021ba se va desf\u0103\u0219ura prin mijloace electronice, pe platforma Zoom, \u00een conformitate cu prevederile Codului administrativ, iar pe ordinea de zi sunt \u00eenscrise <strong>19 proiecte de hot\u0103r\u00e2re<\/strong>, cele mai multe viz\u00e2nd reorganizarea serviciilor sociale destinate persoanelor adulte cu dizabilit\u0103\u021bi din jude\u021bul Vrancea.<\/p>\n<p><strong>Reorganizarea serviciilor sociale, principalul subiect al \u0219edin\u021bei<\/strong><\/p>\n<p>Cea mai ampl\u0103 parte a ordinii de zi este dedicat\u0103 reorganiz\u0103rii unor servicii aflate \u00een structura <strong>Direc\u021biei Generale de Asisten\u021b\u0103 Social\u0103 \u0219i Protec\u021bia Copilului (DGASPC) Vrancea<\/strong>.<\/p>\n<p>Consilierii jude\u021beni sunt chema\u021bi s\u0103 analizeze \u0219i s\u0103 voteze proiecte privind \u00eenfiin\u021barea, prin reorganizare, a unor <strong>Centre de Preg\u0103tire pentru o Via\u021b\u0103 Independent\u0103<\/strong> \u0219i a mai multor <strong>Locuin\u021be Protejate<\/strong>, destinate persoanelor adulte cu dizabilit\u0103\u021bi.<\/p>\n<p>Noile servicii sociale sunt propuse \u00een mai multe localit\u0103\u021bi din jude\u021b:<\/p>\n<ul>\n<li>\n<p><strong>Odobe\u0219ti<\/strong> \u2013 trei Centre de Preg\u0103tire pentru o Via\u021b\u0103 Independent\u0103 \u0219i o Locuin\u021b\u0103 Protejat\u0103;<\/p>\n<\/li>\n<li>\n<p><strong>Panciu<\/strong> \u2013 dou\u0103 Centre de Preg\u0103tire pentru o Via\u021b\u0103 Independent\u0103;<\/p>\n<\/li>\n<li>\n<p><strong>P\u0103une\u0219ti<\/strong> \u2013 un Centru de Preg\u0103tire pentru o Via\u021b\u0103 Independent\u0103;<\/p>\n<\/li>\n<li>\n<p><strong>Dumbr\u0103veni<\/strong> \u2013 trei Centre de Preg\u0103tire pentru o Via\u021b\u0103 Independent\u0103;<\/p>\n<\/li>\n<li>\n<p><strong>C\u00e2mpineanca<\/strong> \u2013 trei Locuin\u021be Protejate;<\/p>\n<\/li>\n<li>\n<p><strong>M\u0103ic\u0103ne\u0219ti<\/strong> \u2013 patru Locuin\u021be Protejate.<\/p>\n<\/li>\n<\/ul>\n<p>Pentru fiecare dintre aceste servicii sociale este propus\u0103 \u0219i aprobarea Regulamentului de Organizare \u0219i Func\u021bionare.<\/p>\n<p><strong>Modific\u0103ri \u00een structura DGASPC Vrancea<\/strong><\/p>\n<p>Pe ordinea de zi figureaz\u0103 \u0219i un proiect referitor la <strong>modificarea organigramei, a statului de func\u021bii \u0219i a Regulamentului de Organizare \u0219i Func\u021bionare al DGASPC Vrancea<\/strong>.<\/p>\n<p>Aceste modific\u0103ri sunt corelate cu reorganizarea serviciilor sociale \u0219i urmeaz\u0103 s\u0103 fie analizate de plenul Consiliului Jude\u021bean.<\/p>\n<p><strong>Reguli noi pentru panourile publicitare \u0219i construc\u021biile de pe drumurile jude\u021bene<\/strong><\/p>\n<p>Ultimul proiect \u00eenscris pe ordinea de zi vizeaz\u0103 aprobarea unei proceduri privind autorizarea amplas\u0103rii \u00een zona drumurilor jude\u021bene a:<\/p>\n<ul>\n<li>\n<p>panourilor publicitare;<\/p>\n<\/li>\n<li>\n<p>construc\u021biilor;<\/p>\n<\/li>\n<li>\n<p>activit\u0103\u021bilor comerciale;<\/p>\n<\/li>\n<li>\n<p>c\u0103ilor de acces;<\/p>\n<\/li>\n<li>\n<p>amenaj\u0103rilor \u0219i instala\u021biilor realizate \u00een orice scop.<\/p>\n<\/li>\n<\/ul>\n<p>Prin aceast\u0103 procedur\u0103, autorit\u0103\u021bile jude\u021bene urm\u0103resc stabilirea cadrului administrativ necesar pentru autorizarea lucr\u0103rilor \u0219i investi\u021biilor realizate \u00een vecin\u0103tatea drumurilor de interes jude\u021bean.<\/p>\n<p><strong>\u0218edin\u021ba va avea loc \u00een sistem online<\/strong><\/p>\n<p>Potrivit dispozi\u021biei semnate de pre\u0219edintele Consiliului Jude\u021bean Vrancea, \u0219edin\u021ba extraordinar\u0103 din <strong>29 iulie 2026<\/strong> se va desf\u0103\u0219ura exclusiv prin videoconferin\u021b\u0103, utiliz\u00e2nd platforma Zoom.<\/p>\n<p>Toate cele <strong>19 proiecte de hot\u0103r\u00e2re<\/strong> sunt ini\u021biate de pre\u0219edintele Consiliului Jude\u021bean Vrancea, <strong>Nicu\u0219or Halici<\/strong>, iar deciziile adoptate vor influen\u021ba at\u00e2t organizarea serviciilor sociale din cadrul DGASPC Vrancea, c\u00e2t \u0219i cadrul administrativ privind utilizarea zonelor aferente drumurilor jude\u021bene.<\/p>\n<p><strong>Citi\u021bi \u0219i con\u021binutul integral referitor la\u00a0<\/strong><\/p>\n<p><strong>\u00a0DISPOZI\u0162IA nr. 324\u00a0din 28 iulie 2026\u00a0<\/strong><\/p>\n<p><strong>privind:<\/strong> convocarea de \u00eendat\u0103 a Consiliului Jude\u0163ean Vrancea \u00een \u015fedin\u0163\u0103 extraordinar\u0103 \u00een data de 29 iulie 2026, ora 13.00<\/p>\n<p><strong>Pre\u015fedintele Consiliului Jude\u0163ean Vrancea,\u00a0\u00a0 <\/strong><\/p>\n<p>&#8211;\u00a0\u00a0\u00a0\u00a0\u00a0\u00a0\u00a0\u00a0 \u00een temeiul dispozi\u021biilor art.135, art.178 alin.(2) si art.179 alin.(3) din O.U.G. nr.57\/2019 privind Codul administrativ, cu modific\u0103rile \u0219i complet\u0103rile ulterioare,<\/p>\n<p><strong>DISPUNE:<\/strong><\/p>\n<p><strong>Art.1<\/strong>\u00a0 Convocarea de \u00eendat\u0103 a Consiliului Jude\u0163ean \u00a0Vrancea \u00a0\u00een \u00a0\u015fedin\u0163\u0103 \u00a0extraordinar\u0103 \u00een\u00a029 \u00a0\u00a0iulie 2026, ora 13.00, ce se va desf\u0103\u0219ura prin mijloace electronice, prin platforma online de video conferin\u021b\u0103\/teleconferin\u021b\u0103 Zoom, cu ordinea de zi prezentat\u0103 \u00een anexa care face parte integrant\u0103 din prezenta dispozi\u0163ie.<\/p>\n<p><strong>Art.2 <\/strong>Prevederile prezentei dispozi\u0163ii vor fi comunicate celor interesa\u0163i de secretarul general al jude\u0163ului prin Compartimentul Monitor Oficial Local din cadrul Serviciului Juridic.<\/p>\n<p><strong>Pre\u0219edintele<\/strong><\/p>\n<p><strong>Consiliului Jude\u021bean Vrancea<\/strong><\/p>\n<p><strong>Nicu\u0219or HALICI<\/strong><\/p>\n<p><strong>\u00a0Contrasemneaz\u0103,<\/strong><\/p>\n<p><strong>\u00a0<sup>pentru <\/sup>Secretar general al jude\u0163ului<\/strong><\/p>\n<p><strong>\u00a0 \u00a0 Camelia M\u0103\u021b\u0103u<\/strong><\/p>\n<p>\u00a0<\/p>\n<p><strong>\u00a0 \u00a0 \u00a0 \u00a0 \u00a0 \u00a0 \u00a0 \u00a0 \u00a0 \u00a0 \u00a0 \u00a0 \u00a0 \u00a0 \u00a0 \u00a0 \u00a0 \u00a0 \u00a0 \u00a0 \u00a0 \u00a0 \u00a0 \u00a0 \u00a0 Anexa la Dispozi\u0163ia nr. 324 din 28.07.2026<\/strong><\/p>\n<p><strong>Proiectul Ordinii de zi\u00a0a \u015fedin\u0163ei extraordinare a Consiliului Jude\u0163ean Vrancea convocat\u0103 de \u00eendat\u0103 \u00een\u00a029 iulie 2026, ora 13.00<\/strong><\/p>\n<ul>\n<li><strong>PROIECTE DE HOT\u0102R\u00c2RI<\/strong><\/li>\n<\/ul>\n<p>\u00a0<\/p>\n<ol>\n<li>\u201e \u00cenfiin\u021barea prin reorganizare a Centrului de Preg\u0103tire pentru o Via\u021b\u0103 Independent\u0103 1 Odobe\u0219ti, serviciu social destinat persoanelor adulte cu dizabilit\u0103\u021bi, \u00een structura D.P.P.D.P.V. din cadrul D.G.A.S.P.C. Vrancea \u0219i aprobarea Regulamentului de Organizare \u0219i Func\u021bionare a acestuia\u201d<\/li>\n<li>Nicu\u0219or Halici, pre\u0219edintele Consiliului Jude\u021bean Vrancea<\/li>\n<\/ol>\n<p>\u00a0<\/p>\n<ol>\n<li>\u201e \u00cenfiin\u021barea prin reorganizare a Centrului de Preg\u0103tire pentru o Via\u021b\u0103 Independent\u0103 2 Odobe\u0219ti, serviciu social destinat persoanelor adulte cu dizabilit\u0103\u021bi, \u00een structura D.P.P.D.P.V. din cadrul D.G.A.S.P.C. Vrancea \u0219i aprobarea Regulamentului de Organizare \u0219i Func\u021bionare a acestuia\u201d<\/li>\n<li>Nicu\u0219or Halici, pre\u0219edintele Consiliului Jude\u021bean Vrancea<\/li>\n<\/ol>\n<p>\u00a0<\/p>\n<ol>\n<li>\u201e \u00cenfiin\u021barea prin reorganizare a Centrului de Preg\u0103tire pentru o Via\u021b\u0103 Independent\u0103 3 Odobe\u0219ti, serviciu social destinat persoanelor adulte cu dizabilit\u0103\u021bi, \u00een structura D.P.P.D.P.V. din cadrul D.G.A.S.P.C. Vrancea \u0219i aprobarea Regulamentului de Organizare \u0219i Func\u021bionare a acestuia\u201d<\/li>\n<li>Nicu\u0219or Halici, pre\u0219edintele Consiliului Jude\u021bean Vrancea<\/li>\n<\/ol>\n<p>\u00a0<\/p>\n<ol>\n<li>\u201e \u00cenfiin\u021barea prin reorganizare a Centrului de Preg\u0103tire pentru o Via\u021b\u0103 Independent\u0103 1 Panciu, serviciu social destinat persoanelor adulte cu dizabilit\u0103\u021bi, \u00een structura D.P.P.D.P.V. din cadrul D.G.A.S.P.C. Vrancea \u0219i aprobarea Regulamentului de Organizare \u0219i Func\u021bionare a acestuia\u201d<\/li>\n<li>Nicu\u0219or Halici, pre\u0219edintele Consiliului Jude\u021bean Vrancea<\/li>\n<\/ol>\n<p>\u00a0<\/p>\n<ol>\n<li>\u201e \u00cenfiin\u021barea prin reorganizare a Centrului de Preg\u0103tire pentru o Via\u021b\u0103 Independent\u0103 2 Panciu, serviciu social destinat persoanelor adulte cu dizabilit\u0103\u021bi, \u00een structura D.P.P.D.P.V. din cadrul D.G.A.S.P.C. Vrancea \u0219i aprobarea Regulamentului de Organizare \u0219i Func\u021bionare a acestuia\u201d<\/li>\n<li>Nicu\u0219or Halici, pre\u0219edintele Consiliului Jude\u021bean Vrancea<\/li>\n<\/ol>\n<p>\u00a0<\/p>\n<ol>\n<li>\u201e \u00cenfiin\u021barea prin reorganizare a Centrului de Preg\u0103tire pentru o Via\u021b\u0103 Independent\u0103 P\u0103une\u0219ti, serviciu social destinat persoanelor adulte cu dizabilit\u0103\u021bi, \u00een structura D.P.P.D.P.V. din cadrul D.G.A.S.P.C. Vrancea \u0219i aprobarea Regulamentului de Organizare \u0219i Func\u021bionare a acestuia\u201d<\/li>\n<li>Nicu\u0219or Halici, pre\u0219edintele Consiliului Jude\u021bean Vrancea<\/li>\n<\/ol>\n<p>\u00a0<\/p>\n<ol>\n<li>\u201e \u00cenfiin\u021barea prin reorganizare a Centrului de Preg\u0103tire pentru o Via\u021b\u0103 Independent\u0103 1 Dumbr\u0103veni, serviciu social destinat persoanelor adulte cu dizabilit\u0103\u021bi, \u00een structura D.P.P.D.P.V. din cadrul D.G.A.S.P.C. Vrancea \u0219i aprobarea Regulamentului de Organizare \u0219i Func\u021bionare a acestuia\u201d<\/li>\n<li>Nicu\u0219or Halici, pre\u0219edintele Consiliului Jude\u021bean Vrancea<\/li>\n<\/ol>\n<p>\u00a0<\/p>\n<ol>\n<li>\u201e \u00cenfiin\u021barea prin reorganizare a Centrului de Preg\u0103tire pentru o Via\u021b\u0103 Independent\u0103 2 Dumbr\u0103veni, serviciu social destinat persoanelor adulte cu dizabilit\u0103\u021bi, \u00een structura D.P.P.D.P.V. din cadrul D.G.A.S.P.C. Vrancea \u0219i aprobarea Regulamentului de Organizare \u0219i Func\u021bionare a acestuia\u201d<\/li>\n<li>Nicu\u0219or Halici, pre\u0219edintele Consiliului Jude\u021bean Vrancea<\/li>\n<\/ol>\n<p>\u00a0<\/p>\n<ol>\n<li>\u201e \u00cenfiin\u021barea prin reorganizare a Centrului de Preg\u0103tire pentru o Via\u021b\u0103 Independent\u0103 3 Dumbr\u0103veni, serviciu social destinat persoanelor adulte cu dizabilit\u0103\u021bi, \u00een structura D.P.P.D.P.V. din cadrul D.G.A.S.P.C. Vrancea \u0219i aprobarea Regulamentului de Organizare \u0219i Func\u021bionare a acestuia\u201d<\/li>\n<li>Nicu\u0219or Halici, pre\u0219edintele Consiliului Jude\u021bean Vrancea<\/li>\n<\/ol>\n<p>\u00a0<\/p>\n<ol>\n<li>\u201e \u00cenfiin\u021barea prin reorganizare a Locuin\u021bei Protejat\u0103 1 C\u00e2mpineanca, serviciu social destinat persoanelor adulte cu dizabilit\u0103\u021bi, \u00een structura D.P.P.D.P.V. din cadrul D.G.A.S.P.C. Vrancea \u0219i aprobarea Regulamentului de Organizare \u0219i Func\u021bionare a acestuia\u201d<\/li>\n<li>Nicu\u0219or Halici, pre\u0219edintele Consiliului Jude\u021bean Vrancea<\/li>\n<\/ol>\n<p>\u00a0<\/p>\n<ol>\n<li>\u201e \u00cenfiin\u021barea prin reorganizare a Locuin\u021bei Protejat\u0103 2 C\u00e2mpineanca, serviciu social destinat persoanelor adulte cu dizabilit\u0103\u021bi, \u00een structura D.P.P.D.P.V. din cadrul D.G.A.S.P.C. Vrancea \u0219i aprobarea Regulamentului de Organizare \u0219i Func\u021bionare a acestuia\u201d<\/li>\n<li>Nicu\u0219or Halici, pre\u0219edintele Consiliului Jude\u021bean Vrancea<\/li>\n<\/ol>\n<p>\u00a0<\/p>\n<ol>\n<li>\u201e \u00cenfiin\u021barea prin reorganizare a Locuin\u021bei Protejat\u0103 3 C\u00e2mpineanca, serviciu social destinat persoanelor adulte cu dizabilit\u0103\u021bi, \u00een structura D.P.P.D.P.V. din cadrul D.G.A.S.P.C. Vrancea \u0219i aprobarea Regulamentului de Organizare \u0219i Func\u021bionare a acestuia\u201d<\/li>\n<li>Nicu\u0219or Halici, pre\u0219edintele Consiliului Jude\u021bean Vrancea<\/li>\n<\/ol>\n<p>\u00a0<\/p>\n<ol>\n<li>\u201e Infiin\u0163area prin reorganizare a Locuin\u021bei Protejat\u0103 1 Odobe\u0219ti, serviciu social destinat persoanelor adulte cu dizabilit\u0103\u021bi, \u00een structura D.P.P.D.P.V. din cadrul D.G.A.S.P.C. Vrancea \u0219i aprobarea Regulamentului de Organizare \u0219i Func\u021bionare a acestuia\u201d<\/li>\n<\/ol>\n<p>\u00a0\u00a0\u00a0\u00a0 <u>Ini\u021biator:<\/u> Nicu\u0219or Halici, pre\u0219edintele Consiliului Jude\u021bean Vrancea<\/p>\n<p>\u00a0<\/p>\n<ol>\n<li>\u201e \u00cenfiin\u021barea prin reorganizare a Locuin\u021bei Protejat\u0103 1 M\u0103ic\u0103ne\u0219ti, serviciu social destinat persoanelor adulte cu dizabilit\u0103\u021bi, \u00een structura D.P.P.D.P.V. din cadrul D.G.A.S.P.C. Vrancea \u0219i aprobarea Regulamentului de Organizare \u0219i Func\u021bionare a acestuia\u201d<\/li>\n<li>Nicu\u0219or Halici, pre\u0219edintele Consiliului Jude\u021bean Vrancea<\/li>\n<\/ol>\n<p>\u00a0<\/p>\n<ol>\n<li>\u201e \u00cenfiin\u021barea prin reorganizare a Locuin\u021bei Protejat\u0103 2 M\u0103ic\u0103ne\u0219ti, serviciu social destinat persoanelor adulte cu dizabilit\u0103\u021bi, \u00een structura D.P.P.D.P.V. din cadrul D.G.A.S.P.C. Vrancea \u0219i aprobarea Regulamentului de Organizare \u0219i Func\u021bionare a acestuia\u201d<\/li>\n<li>Nicu\u0219or Halici, pre\u0219edintele Consiliului Jude\u021bean Vrancea<\/li>\n<\/ol>\n<p>\u00a0<\/p>\n<ol>\n<li>\u201e \u00cenfiin\u021barea prin reorganizare a Locuin\u021bei Protejat\u0103 3 M\u0103ic\u0103ne\u0219ti, serviciu social destinat persoanelor adulte cu dizabilit\u0103\u021bi, \u00een structura D.P.P.D.P.V. din cadrul D.G.A.S.P.C. Vrancea \u0219i aprobarea Regulamentului de Organizare \u0219i Func\u021bionare a acestuia\u201d<\/li>\n<li>Nicu\u0219or Halici, pre\u0219edintele Consiliului Jude\u021bean Vrancea<\/li>\n<\/ol>\n<p>\u00a0<\/p>\n<ol>\n<li>\u201e \u00cenfiin\u021barea prin reorganizare a Locuin\u021bei Protejat\u0103 4 M\u0103ic\u0103ne\u0219ti, serviciu social destinat persoanelor adulte cu dizabilit\u0103\u021bi, \u00een structura D.P.P.D.P.V. din cadrul D.G.A.S.P.C. Vrancea \u0219i aprobarea Regulamentului de Organizare \u0219i Func\u021bionare a acestuia\u201d<\/li>\n<li>Nicu\u0219or Halici, pre\u0219edintele Consiliului Jude\u021bean Vrancea<\/li>\n<\/ol>\n<p>\u00a0<\/p>\n<ol>\n<li>\u201c Modificarea organigramei, statului de func\u021bii \u0219i a Regulamentului de Organizare \u015fi Func\u021bionare ale Direc\u021biei Generale de Asisten\u021b\u0103 Social\u0103 \u0219i Protec\u021bia Copilului Vrancea\u201d<\/li>\n<\/ol>\n<p>\u00a0\u00a0\u00a0\u00a0\u00a0 <u>Ini\u021biator<\/u>: Nicu\u0219or Halici, pre\u0219edintele Consiliului Jude\u021bean Vrancea<\/p>\n<p>\u00a0<\/p>\n<ol>\n<li>Aprobarea procedurii de autorizare pentru realizarea sau amplasarea \u00een zona drumurilor de interes jude\u021bean a panourilor publicitare, a oric\u0103ror construc\u021bii sau activit\u0103\u021bi comerciale, c\u0103i de acces, amenaj\u0103ri sau instala\u021bii \u00een orice scop\u201d<\/li>\n<li>Nicu\u0219or Halici, pre\u0219edintele Consiliului Jude\u021bean Vrancea<\/li>\n<\/ol>\n<p>\u00a0<\/p>\n<p><strong>Pre\u0219edintele<\/strong><\/p>\n<p><strong>Consiliului Jude\u021bean Vrancea<\/strong><\/p>\n<p><strong>Nicu\u0219or HALICI<\/strong><\/p>\n<p>\u00a0\u00a0\u00a0\u00a0\u00a0\u00a0\u00a0\u00a0\u00a0\u00a0\u00a0\u00a0\u00a0\u00a0\u00a0\u00a0\u00a0\u00a0\u00a0\u00a0\u00a0\u00a0\u00a0\u00a0\u00a0\u00a0\u00a0\u00a0\u00a0\u00a0\u00a0\u00a0\u00a0\u00a0\u00a0\u00a0\u00a0\u00a0\u00a0\u00a0\u00a0\u00a0\u00a0\u00a0\u00a0\u00a0\u00a0\u00a0\u00a0\u00a0\u00a0\u00a0\u00a0\u00a0\u00a0\u00a0\u00a0\u00a0\u00a0\u00a0\u00a0\u00a0\u00a0\u00a0\u00a0\u00a0\u00a0\u00a0\u00a0\u00a0\u00a0\u00a0\u00a0\u00a0\u00a0\u00a0\u00a0\u00a0\u00a0\u00a0\u00a0\u00a0\u00a0\u00a0\u00a0\u00a0\u00a0\u00a0\u00a0\u00a0\u00a0\u00a0\u00a0\u00a0\u00a0\u00a0<\/p>\n<p>\u00a0<\/p>\n<p>\u00a0<\/p>\n<p><strong>\u00a0 \u00a0Contrasemneaz\u0103,<\/strong><\/p>\n<p><strong>\u00a0 \u00a0\u00a0<sup>pentru<\/sup> Secretar general al jude\u0163ului\u00a0\u00a0\u00a0\u00a0\u00a0\u00a0\u00a0\u00a0\u00a0\u00a0\u00a0\u00a0\u00a0\u00a0\u00a0\u00a0\u00a0\u00a0\u00a0\u00a0\u00a0\u00a0\u00a0\u00a0\u00a0\u00a0\u00a0\u00a0\u00a0\u00a0\u00a0\u00a0\u00a0\u00a0\u00a0\u00a0\u00a0\u00a0\u00a0\u00a0\u00a0\u00a0\u00a0\u00a0\u00a0\u00a0\u00a0\u00a0\u00a0\u00a0\u00a0\u00a0\u00a0\u00a0\u00a0\u00a0\u00a0\u00a0\u00a0 <\/strong><\/p>\n<p><strong>\u00a0 \u00a0 \u00a0Camelia M\u0103\u021b\u0103u<\/strong><\/p>\n<p>\u00a0<\/p>\n<p>\u00a0<\/p>\n<p>\u00a0<\/p>\n<p>\u00a0<\/p>\n<hr>\n<div class=\"bloc-widget widget-rosu\">\n<p>\u00cen lipsa unui acord scris din partea Ziarului de Vrancea, pute\u0163i prelua maxim 500 de caractere din acest articol dac\u0103 preciza\u0163i sursa \u015fi insera\u0163i vizibil link-ul articolului:\u00a0<span>#insertcurrentlinkhere<\/span><\/p>\n<\/div>\n<div class=\"extra-articol listing-anunturi\">\n<h6>Anun\u021buri <span class=\"text-primary\">ZdV<\/span> Premium<\/h6>\n<div class=\"row\">\n<div class=\"col-lg-4 col-md-6 bloc-egal\"><a class=\"card-anunt\" href=\"https:\/\/ziaruldevrancea.ro\/anunturi\/imobiliare\/vanzari-terenuri\/vand-teren-in-panciu\"><strong class=\"titlu\">V\u00e2nz\u0103ri terenuri<\/strong><span class=\"text-anunt\">Teren Panciu 1170 mp, cu num\u0103r cas\u0103, ap\u0103&#8230;<\/span><span class=\"data-anunt\">29.07.2026  <\/span><\/a><\/div>\n<div class=\"col-lg-4 col-md-6 bloc-egal\"><a class=\"card-anunt\" href=\"https:\/\/ziaruldevrancea.ro\/anunturi\/altele\/anulare-acte\/vand-scrumbii-afumate-capturi-dunare\"><strong class=\"titlu\">Vanzari diverse<\/strong><span class=\"text-anunt\">Pret : 117 lei \/ kg . \u00a0 Este&#8230;<\/span><span class=\"data-anunt\">29.07.2026 , Gala\u021bi , Gala\u021bi<\/span><\/a><\/div>\n<div class=\"col-lg-4 col-md-6 bloc-egal\"><a class=\"card-anunt\" href=\"https:\/\/ziaruldevrancea.ro\/anunturi\/necrolog\/decese\/dumnezeu-sa-o-aseze-in-randul-celor-drepti\"><strong class=\"titlu\">Decese<\/strong><span class=\"text-anunt\">Cu profund\u0103 durere, familia anun\u021b\u0103 trecerea la&#8230;<\/span><span class=\"data-anunt\">28.07.2026  <\/span><\/a><\/div>\n<\/div>\n<\/div>\n<div class=\"extra-articol alte-articole\">\n<div class=\"row\">\n<div class=\"col-lg-6 bloc-egal\">\n<div class=\"card articol-listing\">\n<h6>\u00cen categoria <a href=\"https:\/\/ziaruldevrancea.ro\/actualitatea\/stiri-locale\">Local<\/a><\/h6>\n<div class=\"grup-articol-listing\">\n<div class=\"cont-pils\"><a href=\"https:\/\/ziaruldevrancea.ro\/actualitatea\/stiri-locale\/foto-pompierii-isu-vrancea-au-dus-lectii-de-siguranta-in-gura-calitei\"><img decoding=\"async\" src=\"https:\/\/zdvi.cname.ro\/180_135\/actualitatea\/stiri-locale\/foto-pompierii-isu-vrancea-au-dus-lectii-de-siguranta-in-gura-calitei\/mediaPool\/unTARgF.jpeg\" class=\"img-responsive img-180\" alt><\/a><\/div>\n<h2><a class=\"link-titlu\" href=\"https:\/\/ziaruldevrancea.ro\/actualitatea\/stiri-locale\/foto-pompierii-isu-vrancea-au-dus-lectii-de-siguranta-in-gura-calitei\">Foto | Pompierii ISU Vrancea au dus lec\u021bii de siguran\u021b\u0103 \u00een Gura Cali\u021bei<\/a><\/h2>\n<div class=\"date-post\"><a href=\"https:\/\/ziaruldevrancea.ro\/autor\/petre-paraschiv\">Petre Paraschiv<\/a>, 31 iul 2026  <\/div>\n<\/div>\n<div class=\"grup-articol-listing\">\n<div class=\"cont-pils\"><a href=\"https:\/\/ziaruldevrancea.ro\/actualitatea\/stiri-locale\/vrancea-soferii-cu-permis-categoria-b-care-fac-transport-contra-cost-trebuie-sa-obtina-un-document-obligatoriu.\"><img decoding=\"async\" src=\"https:\/\/zdvi.cname.ro\/180_135\/actualitatea\/stiri-locale\/vrancea-soferii-cu-permis-categoria-b-care-fac-transport-contra-cost-trebuie-sa-obtina-un-document-obligatoriu.\/mediaPool\/uABp3Hl.jpg\" class=\"img-responsive img-180\" alt><\/a><\/div>\n<h2><a class=\"link-titlu\" href=\"https:\/\/ziaruldevrancea.ro\/actualitatea\/stiri-locale\/vrancea-soferii-cu-permis-categoria-b-care-fac-transport-contra-cost-trebuie-sa-obtina-un-document-obligatoriu.\">Vrancea: \u0218oferii cu permis categoria B care fac transport contra cost trebuie s\u0103 ob\u021bin\u0103 un document obligatoriu<\/a><\/h2>\n<div class=\"date-post\"><a href=\"https:\/\/ziaruldevrancea.ro\/autor\/ionel-sclavone\">Ionel Sclavone<\/a>, 31 iul 2026  <\/div>\n<\/div>\n<div class=\"grup-articol-listing\">\n<div class=\"cont-pils\"><a href=\"https:\/\/ziaruldevrancea.ro\/actualitatea\/stiri-locale\/comisariatul-militar-din-focsani-un-simbol-al-istoriei-vrancei-renaste-prin-restaurare.-povestea-cladirii-care-a-gazduit-divizia-6-infanterie\"><img decoding=\"async\" src=\"https:\/\/zdvi.cname.ro\/180_135\/actualitatea\/stiri-locale\/comisariatul-militar-din-focsani-un-simbol-al-istoriei-vrancei-renaste-prin-restaurare.-povestea-cladirii-care-a-gazduit-divizia-6-infanterie\/mediaPool\/u5btavU.jpg\" class=\"img-responsive img-180\" alt><\/a><\/div>\n<h2><a class=\"link-titlu\" href=\"https:\/\/ziaruldevrancea.ro\/actualitatea\/stiri-locale\/comisariatul-militar-din-focsani-un-simbol-al-istoriei-vrancei-renaste-prin-restaurare.-povestea-cladirii-care-a-gazduit-divizia-6-infanterie\">Comisariatul Militar din Foc\u0219ani, un simbol al istoriei Vrancei, rena\u0219te prin restaurare. Povestea cl\u0103dirii care a g\u0103zduit Divizia 6 Infanterie<\/a><\/h2>\n<div class=\"date-post\"><a href=\"https:\/\/ziaruldevrancea.ro\/autor\/florin-marian-dirdala\">Florin Marian D\u00eerdal\u0103<\/a>, 31 iul 2026  <\/div>\n<\/div>\n<\/div>\n<\/div>\n<div class=\"col-lg-6 bloc-egal\">\n<div class=\"card articol-listing\">\n<h6>De acela\u0219i <a href=\"https:\/\/ziaruldevrancea.ro\/autor\/camelia-marin\/\">autor<\/a><\/h6>\n<div class=\"grup-articol-listing\">\n<div class=\"cont-pils\"><a href=\"https:\/\/ziaruldevrancea.ro\/promo\/evenimente-speciale\/premiera-in-vrancea-festivalul-florentin-delmar-se-muta-in-piata-unirii-din-focsani-pentru-editia-cu-numarul-51\"><img decoding=\"async\" src=\"https:\/\/zdvi.cname.ro\/180_135\/promo\/evenimente-speciale\/premiera-in-vrancea-festivalul-florentin-delmar-se-muta-in-piata-unirii-din-focsani-pentru-editia-cu-numarul-51\/mediaPool\/uoGexif.jpg\" class=\"img-responsive img-180\" alt><\/a><\/div>\n<h2><a class=\"link-titlu\" href=\"https:\/\/ziaruldevrancea.ro\/promo\/evenimente-speciale\/premiera-in-vrancea-festivalul-florentin-delmar-se-muta-in-piata-unirii-din-focsani-pentru-editia-cu-numarul-51\">Premier\u0103 \u00een Vrancea: Festivalul \u201eFlorentin Delmar\u201d se mut\u0103 \u00een Pia\u021ba Unirii din Foc\u0219ani pentru edi\u021bia cu num\u0103rul 51<\/a><\/h2>\n<div class=\"date-post\"><a href=\"https:\/\/ziaruldevrancea.ro\/autor\/camelia-marin\">Camelia Marin<\/a>, 31 iul 2026  <\/div>\n<\/div>\n<div class=\"grup-articol-listing\">\n<div class=\"cont-pils\"><a href=\"https:\/\/ziaruldevrancea.ro\/promo\/brand-voice\/investigatii-complete-pentru-sanatatea-femeii-disponibile-in-vrancea-la-acelasi-medic-specialist\"><img decoding=\"async\" src=\"https:\/\/zdvi.cname.ro\/180_135\/promo\/brand-voice\/investigatii-complete-pentru-sanatatea-femeii-disponibile-in-vrancea-la-acelasi-medic-specialist\/mediaPool\/ui2xC62.PNG\" class=\"img-responsive img-180\" alt><\/a><\/div>\n<h2><a class=\"link-titlu\" href=\"https:\/\/ziaruldevrancea.ro\/promo\/brand-voice\/investigatii-complete-pentru-sanatatea-femeii-disponibile-in-vrancea-la-acelasi-medic-specialist\">Investiga\u021bii complete pentru s\u0103n\u0103tatea femeii, disponibile \u00een Vrancea la acela\u0219i medic specialist<\/a><\/h2>\n<div class=\"date-post\"><a href=\"https:\/\/ziaruldevrancea.ro\/autor\/camelia-marin\">Camelia Marin<\/a>, 31 iul 2026  <\/div>\n<\/div>\n<div class=\"grup-articol-listing\">\n<div class=\"cont-pils\"><a href=\"https:\/\/ziaruldevrancea.ro\/timp-liber\/vrancea-din-nou-pe-harta-artei-contemporane-expozitia-ipostaze-reuneste-peste-20-de-artisti-plastici-la-focsani\"><img decoding=\"async\" src=\"https:\/\/zdvi.cname.ro\/180_135\/timp-liber\/vrancea-din-nou-pe-harta-artei-contemporane-expozitia-ipostaze-reuneste-peste-20-de-artisti-plastici-la-focsani\/mediaPool\/uYZBJE0.jpg\" class=\"img-responsive img-180\" alt><\/a><\/div>\n<h2><a class=\"link-titlu\" href=\"https:\/\/ziaruldevrancea.ro\/timp-liber\/vrancea-din-nou-pe-harta-artei-contemporane-expozitia-ipostaze-reuneste-peste-20-de-artisti-plastici-la-focsani\">Vrancea, din nou pe harta artei contemporane: Expozi\u021bia \u201eIpostaze\u201d reune\u0219te peste 20 de arti\u0219ti plastici la Foc\u0219ani<\/a><\/h2>\n<div class=\"date-post\"><a href=\"https:\/\/ziaruldevrancea.ro\/autor\/camelia-marin\">Camelia Marin<\/a>, 31 iul 2026  <\/div>\n<\/div>\n<\/div>\n<\/div>\n<\/div>\n<\/div>\n<div class=\"extra-articol listing-anunturi\">\n<h6>Anun\u021buri <span class=\"text-primary\">ZdV<\/span> Premium<\/h6>\n<div class=\"row\">\n<div class=\"col-lg-4 col-md-6 bloc-egal\"><a class=\"card-anunt\" href=\"https:\/\/ziaruldevrancea.ro\/anunturi\/imobiliare\/vanzari-case\/vand-casa-si-teren-in-panciu-anunt-72818\"><strong class=\"titlu\">V\u00e2nz\u0103ri case<\/strong><span class=\"text-anunt\">V\u00e2nd cas\u0103 cu 2 camere, buc\u0103t\u0103rie, baie,&#8230;<\/span><span class=\"data-anunt\">23.07.2026  <\/span><\/a><\/div>\n<div class=\"col-lg-4 col-md-6 bloc-egal\"><a class=\"card-anunt\" href=\"https:\/\/ziaruldevrancea.ro\/anunturi\/angajari\/cereri-angajari\/doresc-angajare-anunt-72815\"><strong class=\"titlu\">Cereri<\/strong><span class=\"text-anunt\">Doresc s\u0103 am grij\u0103 de un copil de gradini\u021b\u0103&#8230;<\/span><span class=\"data-anunt\">21.07.2026  <\/span><\/a><\/div>\n<div class=\"col-lg-4 col-md-6 bloc-egal\"><a class=\"card-anunt\" href=\"https:\/\/ziaruldevrancea.ro\/anunturi\/inchirieri\/locuinte-oferte\/primesc-in-gazda-anunt-72816\"><strong class=\"titlu\">Locuin\u021be oferte<\/strong><span class=\"text-anunt\">\u00a0Primesc \u00een gazd\u0103 la cas\u0103.<\/p>\n<p>Tel&#8230;.<\/span><span class=\"data-anunt\">21.07.2026  <\/span><\/a><\/div>\n<\/div>\n<\/div>\n<div class=\"bloc-widget widget-albastru\">\n    Ziarul de Vrancea \u00a0nu este responsabil juridic pentru con\u0163inutul textelor din comentariile de mai jos. Responsabilitatea pentru mesajele dumneavoastra v\u0103 revine \u00een exclusivitate.\n<\/div>\n<div class=\"comentarii-articol\" id=\"comentarii\">\n<h3>Comentarii: <span class=\"text-primary\">0<\/span><\/h3>\n<p><a href=\"https:\/\/ziaruldevrancea.ro\/actualitatea\/stiri-locale\/consiliul-judetean-vrancea-se-reuneste-de-urgenta-19-proiecte-pe-ordinea-de-zi-majoritatea-dedicate-reorganizarii-serviciilor-sociale-pentru-persoanele-cu-dizabilitati\" class=\"btn btn-success btn-adauga-com\" data-toggle=\"modal\" data-parent=\"0\" data-target=\"#commentModal\">Adaug\u0103 comentariu<\/a><\/p>\n<div class=\"loadMask comments-mask\"><img decoding=\"async\" src=\"https:\/\/zdvs.cname.ro\/images\/loader_40.gif\"><\/div>\n<div class=\"comenteaza-jos\">Trebuie s\u0103 fii <a href=\"https:\/\/ziaruldevrancea.ro\/account\">autentificat<\/a> pentru a putea <a href=\"https:\/\/ziaruldevrancea.ro\/actualitatea\/stiri-locale\/consiliul-judetean-vrancea-se-reuneste-de-urgenta-19-proiecte-pe-ordinea-de-zi-majoritatea-dedicate-reorganizarii-serviciilor-sociale-pentru-persoanele-cu-dizabilitati\" class data-toggle=\"modal\" data-parent=\"0\" data-target=\"#commentModal\">posta un comentariu<\/a>.<\/div>\n<\/div>\n<div class=\"modal fade\" id=\"commentModal\" role=\"dialog\" aria-labelledby=\"commentModalLabel\">\n<div class=\"modal-dialog modal-lg\" role=\"document\">\n<div class=\"modal-content\">\n<div class=\"modal-header\">\n<h3 class=\"modal-title\" id=\"commentModalLabel\">Comenteaz\u0103<\/h3>\n<\/div>\n<div class=\"modal-body\">\n<div class=\"tabel tabel-full\">\n<div class=\"celula\">\n              Trebuie s\u0103 fii <a href=\"https:\/\/ziaruldevrancea.ro\/account\">autentificat<\/a> pentru a putea posta un comentariu.\n            <\/div>\n<\/div>\n<\/div>\n<div class=\"modal-footer\">\n<div id=\"commentPending\" class=\"formPending pull-left\"><img decoding=\"async\" src=\"https:\/\/zdvs.cname.ro\/images\/loader_40.gif\"> In curs de procesare&#8230;<\/div>\n<p><a href=\"https:\/\/ziaruldevrancea.ro\/actualitatea\/stiri-locale\/consiliul-judetean-vrancea-se-reuneste-de-urgenta-19-proiecte-pe-ordinea-de-zi-majoritatea-dedicate-reorganizarii-serviciilor-sociale-pentru-persoanele-cu-dizabilitati\" class=\"btn btn-default\" data-dismiss=\"modal\">Anuleaz\u0103<\/a><\/div>\n<\/div>\n<\/div>\n<\/div>\n<div class=\"modal fade\" id=\"commentReportModal\" role=\"dialog\" aria-labelledby=\"commentReportModalLabel\">\n<div class=\"modal-dialog modal-lg\" role=\"document\">\n<div class=\"modal-content\">\n<div class=\"modal-header\">\n<h3 class=\"modal-title\" id=\"commentReportModalLabel\">Raporteaza comentariu<\/h3>\n<\/div>\n<div class=\"modal-body\">\n<div class=\"tabel tabel-full\">\n<div class=\"celula\">\n              Trebuie s\u0103 fii <a href=\"https:\/\/ziaruldevrancea.ro\/account\">autentificat<\/a> pentru a putea raporta un comentariu.\n            <\/div>\n<\/div>\n<\/div>\n<div class=\"modal-footer\">\n<div id=\"commentReportPending\" class=\"formPending pull-left\"><img decoding=\"async\" src=\"https:\/\/zdvs.cname.ro\/images\/loader_40.gif\"> In curs de procesare&#8230;<\/div>\n<p><a href=\"https:\/\/ziaruldevrancea.ro\/actualitatea\/stiri-locale\/consiliul-judetean-vrancea-se-reuneste-de-urgenta-19-proiecte-pe-ordinea-de-zi-majoritatea-dedicate-reorganizarii-serviciilor-sociale-pentru-persoanele-cu-dizabilitati\" class=\"btn btn-default\" data-dismiss=\"modal\">Anuleaz\u0103<\/a><\/div>\n<\/div>\n<\/div>\n<\/div>\n<div class=\"modal fade\" id=\"commentLikeModal\" role=\"dialog\" aria-labelledby=\"commentLikeModalLabel\">\n<div class=\"modal-dialog modal-lg\" role=\"document\">\n<div class=\"modal-content\">\n<div class=\"modal-header\">\n<h3 class=\"modal-title\" id=\"commentReportModalLabel\">Apreciaza comentariu<\/h3>\n<\/div>\n<div class=\"modal-body\">\n<div class=\"tabel tabel-full\">\n<div class=\"celula\">\n            Trebuie s\u0103 fii <a href=\"https:\/\/ziaruldevrancea.ro\/account\">autentificat<\/a> pentru a putea aprecia un comentariu.\n          <\/div>\n<\/div>\n<\/div>\n<div class=\"modal-footer\"><a href=\"https:\/\/ziaruldevrancea.ro\/actualitatea\/stiri-locale\/consiliul-judetean-vrancea-se-reuneste-de-urgenta-19-proiecte-pe-ordinea-de-zi-majoritatea-dedicate-reorganizarii-serviciilor-sociale-pentru-persoanele-cu-dizabilitati\" class=\"btn btn-default\" data-dismiss=\"modal\">Anuleaz\u0103<\/a><\/div>\n<\/div>\n<\/div>\n<\/div>\n<div class=\"bloc-widget widget-rosu\"><span><small>Ziarul de Vrancea doreste ca acest site sa fie un spatiu al discutiilor civilizate, al comentariilor de bun simt. Din acest motiv, cei care posteaza comentarii la articole trebuie sa respecte urmatoarele reguli:<br \/>\n1. Sa se refere doar la articolul la care posteaza comentarii.<br \/>\n2. Sa foloseasca un limbaj civilizat, fara injurii, calomnii, comentarii antisemite, xenofobe sau rasiste.<br \/>\n3. Sunt interzise atacurile la adresa autorilor, daca acestea nu au legatura cu textul.<br \/>\n4. Username-ul sa nu fie nume de personalitati ale vietii publice sau parodieri ale acestora.<br \/>\nAutorul unui articol poate fi criticat pentru eventuale greseli, incoerenta, lipsa de documentare etc.<br \/>\nNerespectarea regulilor mentionate mai sus va duce la stergerea comentariilor, fara avertisment si fara explicatii.<br \/>\nAbaterile repetate vor avea drept consecinta interdictia accesului la aceasta facilitate a site-ului.<\/small><\/span><\/div>\n<\/div>\n<p>[analyse_source url=&#8221;https:\/\/ziaruldevrancea.ro\/actualitatea\/stiri-locale\/consiliul-judetean-vrancea-se-reuneste-de-urgenta-19-proiecte-pe-ordinea-de-zi-majoritatea-dedicate-reorganizarii-serviciilor-sociale-pentru-persoanele-cu-dizabilitati&#8221;]<\/p>\n","protected":false},"excerpt":{"rendered":"<p>[analyse_image type=&#8221;featured&#8221; src=&#8221;https:\/\/zdvi.cname.ro\/_\/consiliul-judetean-vrancea-se-reuneste-de-urgenta-19-proiecte-pe-ordinea-de-zi-majoritatea-dedicate-reorganizarii-serviciilor-sociale-pentru-persoanele-cu-dizabilitati\/mediaPool\/uaJ9XrE.PNG&#8221;] Local Consiliul Jude\u021bean Vrancea se reune\u0219te de urgen\u021b\u0103: 19 proiecte pe ordinea de zi, majoritatea dedicate reorganiz\u0103rii serviciilor sociale pentru persoanele cu dizabilit\u0103\u021bi Distribuie: \u00a0 | Camelia Marin 28 iul 2026964 vizualiz\u0103ri Ale\u0219ii jude\u021beni din Vrancea sunt convoca\u021bi miercuri, 29 iulie 2026, \u00eentr-o \u0219edin\u021b\u0103 extraordinar\u0103 online. Pe ordinea de zi figureaz\u0103 reorganizarea [&hellip;]<\/p>\n","protected":false},"author":1,"featured_media":0,"comment_status":"open","ping_status":"","sticky":false,"template":"","format":"standard","meta":{"footnotes":""},"categories":[89],"tags":[226,208],"class_list":["post-2071082","post","type-post","status-publish","format-standard","hentry","category-romania","tag-crawlmanager","tag-ziaruldevrancea-ro"],"_links":{"self":[{"href":"https:\/\/analyse.optim.biz\/index.php?rest_route=\/wp\/v2\/posts\/2071082","targetHints":{"allow":["GET"]}}],"collection":[{"href":"https:\/\/analyse.optim.biz\/index.php?rest_route=\/wp\/v2\/posts"}],"about":[{"href":"https:\/\/analyse.optim.biz\/index.php?rest_route=\/wp\/v2\/types\/post"}],"author":[{"embeddable":true,"href":"https:\/\/analyse.optim.biz\/index.php?rest_route=\/wp\/v2\/users\/1"}],"replies":[{"embeddable":true,"href":"https:\/\/analyse.optim.biz\/index.php?rest_route=%2Fwp%2Fv2%2Fcomments&post=2071082"}],"version-history":[{"count":0,"href":"https:\/\/analyse.optim.biz\/index.php?rest_route=\/wp\/v2\/posts\/2071082\/revisions"}],"wp:attachment":[{"href":"https:\/\/analyse.optim.biz\/index.php?rest_route=%2Fwp%2Fv2%2Fmedia&parent=2071082"}],"wp:term":[{"taxonomy":"category","embeddable":true,"href":"https:\/\/analyse.optim.biz\/index.php?rest_route=%2Fwp%2Fv2%2Fcategories&post=2071082"},{"taxonomy":"post_tag","embeddable":true,"href":"https:\/\/analyse.optim.biz\/index.php?rest_route=%2Fwp%2Fv2%2Ftags&post=2071082"}],"curies":[{"name":"wp","href":"https:\/\/api.w.org\/{rel}","templated":true}]}}