{"id":2071078,"date":"2026-07-28T00:00:00","date_gmt":"2026-07-27T21:00:00","guid":{"rendered":"https:\/\/analyse.optim.biz\/?p=2071078"},"modified":"2026-07-28T00:00:00","modified_gmt":"2026-07-27T21:00:00","slug":"mozaic-stiri-internationale-razboiul-din-ucraina-zelenski-afirma-ca-initiativa-nu-mai-este-in-mainile-lui-putin","status":"publish","type":"post","link":"https:\/\/analyse.optim.biz\/?p=2071078","title":{"rendered":"MOZAIC \u0218TIRI INTERNA\u021aIONALE: R\u0103zboiul din Ucraina: Zelenski afirm\u0103 c\u0103 \u201eini\u0163iativa nu mai este \u00een m\u00e2inile lui Putin\u201d"},"content":{"rendered":"<p>[analyse_image type=&#8221;featured&#8221; src=&#8221;https:\/\/zdvi.cname.ro\/_\/mozaic-Stiri-internaTionale-razboiul-din-ucraina-zelenski-afirma-ca-initiativa-nu-mai-este-in-mainile-lui-putin\/mediaPool\/uPcpgO8.jpeg&#8221;]<\/p>\n<div class=\"main-content detaliu-articol\"><a class=\"titlu-cat-list\" href=\"https:\/\/ziaruldevrancea.ro\/actualitatea\/stiri-locale\">Local<\/a><\/p>\n<h1>MOZAIC \u0218TIRI INTERNA\u021aIONALE: R\u0103zboiul din Ucraina: Zelenski afirm\u0103 c\u0103 \u201eini\u0163iativa nu mai este \u00een m\u00e2inile lui Putin\u201d<\/h1>\n<div class=\"date-articol clearfix\">\n<div class=\"distribuie-articol dropdown\">\n    Distribuie: \u00a0<br \/>\n    <em>|<\/em><\/div>\n<div class=\"autor-articol\"><a href=\"https:\/\/ziaruldevrancea.ro\/autor\/rodica-condurache\/\"><img decoding=\"async\" class=\"img-circle\" src=\"https:\/\/zdvi.cname.ro\/50_50\/articleAuthor\/rodica-condurache\/articleAuthor\/uy6Kz5r.jpg\" alt><\/a><\/p>\n<h5><a href=\"https:\/\/ziaruldevrancea.ro\/autor\/rodica-condurache\/\">Rodica Condurache<\/a><\/h5>\n<div class=\"grup-spatiere\"><span class=\"cu-spatiere\">28 iul 2026<\/span><span class=\"cu-spatiere\">261 vizualiz\u0103ri<\/span><\/div>\n<\/div>\n<\/div>\n<div class=\"poza-mare\"><a href class=\"openGallery\"><img decoding=\"async\" class=\"img-responsive\" src=\"https:\/\/zdvi.cname.ro\/850_530\/mozaic-Stiri-internaTionale-razboiul-din-ucraina-zelenski-afirma-ca-initiativa-nu-mai-este-in-mainile-lui-putin\/article\/mediaPool\/uPcpgO8.jpeg\" alt><\/a><\/div>\n<p><strong>\u00cen urma \u00eent\u00e2lnirii de la Casa Alb\u0103 cu Trump, liderul de la Kiev spune c\u0103 a ob\u0163inut licen\u0163ele pentru producerea interceptoarelor Patriot<\/strong><\/p>\n<p>Pre\u015fedintele ucrainean Volodimir Zelenski a declarat mar\u0163i, \u00eentr-un interviu acordat postului Fox News, c\u0103 Vladimir Putin nu se mai afl\u0103 \u00eentr-o pozi\u0163ie de for\u0163\u0103 \u00een r\u0103zboiul din Ucraina, \u00een ciuda refuzului s\u0103u de a pune cap\u0103t conflictului.<\/p>\n<p>\u201eIni\u0163iativa nu mai este \u00een m\u00e2inile lui Putin\u201d, a afirmat Zelenski. \u201ePutin pierde 30.000 de solda\u0163i pe lun\u0103. (&#8230;) Sunt pierderi foarte mari, dar el nu vrea s\u0103 opreasc\u0103 acest r\u0103zboi\u201d, a spus pre\u015fedintele ucrainean. \u201eCerem \u00een fiecare zi oprirea r\u0103zboiului, m\u0103car pentru a negocia un armisti\u0163iu pe o anumit\u0103 perioad\u0103 \u015fi pentru a le oferi diploma\u0163ilor posibilitatea de a negocia. Dar Putin nu dore\u015fte acest lucru. (&#8230;) De aceea trebuie s\u0103 r\u0103spundem, s\u0103 fim fermi \u015fi puternici. Nu doar noi. Cont\u0103m \u015fi pe sanc\u0163iuni\u201d, a ad\u0103ugat el.<\/p>\n<p>Zelenski s-a aflat la Washington pentru a se \u00eent\u00e2lni cu pre\u015fedintele american Donald Trump \u015fi pentru a participa la funeraliile senatorului american Lindsey Graham, un sus\u0163in\u0103tor al Ucrainei.<\/p>\n<p><strong><strong>Noi sanc\u0163iuni americane \u00eempotriva Rusiei<\/strong><\/strong><\/p>\n<p>Senatul SUA a promovat un nou pachet de sanc\u0163iuni \u00eempotriva Rusiei, m\u0103suri sus\u0163inute de senatorul Lindsey Graham \u00eenainte de decesul s\u0103u \u015fi care, potrivit informa\u0163iilor, au primit acordul pre\u015fedintelui Donald Trump. Volodimir Zelenski a declarat, de asemenea, c\u0103 \u00een urma \u00eent\u00e2lnirii de la Casa Alb\u0103 cu omologul s\u0103u american a ob\u0163inut licen\u0163ele pentru producerea interceptoarelor Patriot, esen\u0163iale pentru ap\u0103rarea antiaerian\u0103 a Ucrainei. \u201eA acceptat s\u0103 ne acorde licen\u0163ele, iar apoi am avut o \u00eent\u00e2lnire cu reprezentan\u0163i ai industriei de ap\u0103rare, ai unor foarte importante companii militare americane\u201d, a spus Zelenski. \u201eSper c\u0103 vom pune \u00een aplicare un program de coproduc\u0163ie.\u201d\u00a0La r\u00e2ndul s\u0103u, Donald Trump a scris pe platforma sa, Truth Social, c\u0103 \u201e\u00eent\u00e2lnirea cu pre\u015fedintele ucrainean a decurs foarte bine\u201d.\u00a0Platforma X a lui Elon Musk sus\u0163ine c\u0103 interzicerea accesului minorilor la re\u0163elele de socializare \u00een Australia submineaz\u0103 dreptul interna\u0163ional<\/p>\n<p>Platforma X, de\u0163inut\u0103 de Elon Musk, a acuzat Australia c\u0103 \u00eencearc\u0103 s\u0103 ofere autorit\u0103\u0163ii sale de reglementare a internetului competen\u0163e neloiale de colectare a informa\u0163iilor \u015fi c\u0103 submineaz\u0103 legisla\u0163ia SUA prin planuri de aplicare mai riguroas\u0103 a interdic\u0163iei privind utilizarea re\u0163elelor de socializare de c\u0103tre adolescen\u0163i, transmite Reuters.<\/p>\n<p>Legea Australiei \u2013 prima de acest gen din lume \u2013 care interzice de\u0163inerea de conturi pentru persoanele sub 16 ani a intrat \u00een vigoare \u00een decembrie anul trecut, st\u00e2rnind critici din partea companiilor de social media, majoritatea cu sediul \u00een Statele Unite. \u00cens\u0103 obiec\u0163ia ridicat\u0103 de X \u2013 a c\u0103rei companie-mam\u0103 este SpaceX, firma lui Musk recent listat\u0103 la burs\u0103 \u2013 \u00eenseamn\u0103 c\u0103 una dintre cele mai puternice persoane din lume introduce o dimensiune geopolitic\u0103 \u00een aceast\u0103 dezbatere.<\/p>\n<p>Planurile nu au \u0163inut cont \u00een mod adecvat de \u201dechitatea procedural\u0103, confiden\u0163ialitate, impactul mai larg asupra serviciilor online \u015fi economia digital\u0103 a Australiei\u201d, au declarat reprezentan\u0163ii X \u00een fa\u0163a unei comisii a Senatului australian.<\/p>\n<p>\u00cen documentul depus mar\u0163i, X a criticat planurile de a oferi Comisarului pentru Siguran\u0163\u0103 Online (eSafety Commissioner) drepturi extinse de a solicita documente \u015fi de a dubla amenda maxim\u0103 p\u00e2n\u0103 la 99 de milioane de dolari australieni (69 de milioane de dolari americani). Modific\u0103rile ar \u201dobliga orice persoan\u0103 din afara Australiei&#8230; s\u0103 furnizeze informa\u0163ii \u015fi documente doar pentru c\u0103 este \u00abafiliat\u0103\u00bb unei companii\u201d, a precizat X, descriind aceast\u0103 m\u0103sur\u0103 ca fiind \u201d\u00een contradic\u0163ie clar\u0103\u201d cu principiile juridice interna\u0163ionale.<\/p>\n<p>Amendamentul \u201dcreeaz\u0103 riscul unui impact sever asupra curtoaziei interna\u0163ionale\u201d, a ad\u0103ugat compania, folosind o expresie care denot\u0103 respectul fa\u0163\u0103 de sistemul juridic al unei \u0163\u0103ri str\u0103ine.<\/p>\n<p>O comisie a Congresului SUA a solicitat deja audierea Comisarului pentru Siguran\u0163\u0103 Online, acuz\u00e2nd-o c\u0103 pune \u00een pericol libertatea de exprimare a americanilor. Miliardarul Musk a calificat anterior, \u00eentr-o postare pe X, interdic\u0163ia australian\u0103 privind re\u0163elele de socializare drept o \u201dmodalitate mascat\u0103 de a controla accesul tuturor australienilor la internet\u201d.<\/p>\n<p>Datele publicate de eSafety \u015fi studiile realizate dup\u0103 introducerea interdic\u0163iei au ar\u0103tat c\u0103 majoritatea adolescen\u0163ilor australieni sub 16 ani de\u0163in \u00een continuare conturi pe re\u0163elele de socializare. eSafety a anun\u0163at c\u0103 preg\u0103te\u015fte o posibil\u0103 ac\u0163iune \u00een instan\u0163\u0103 \u00eempotriva a cinci platforme pentru a impune respectarea legii, dar procesul este \u00eencetinit de competen\u0163ele sale limitate.<\/p>\n<p>Autoritatea de reglementare a explicat comisiei c\u0103 puterea sa actual\u0103, limitat\u0103, de a solicita documente este \u00een contradic\u0163ie cu situa\u0163ia altor autorit\u0103\u0163i de reglementare, ceea ce o face dependent\u0103 de \u201ddeclara\u0163iile furnizorilor privind propriul grad de conformare\u201d.<\/p>\n<p>De asemenea, eSafety nu are puterea de a solicita documente de la furnizori ter\u0163i de servicii de verificare a v\u00e2rstei contracta\u0163i de platforme, ceea ce creeaz\u0103 obstacole \u201dsemnificative\u201d \u00een calea desf\u0103\u015fur\u0103rii anchetelor, a mai precizat institu\u0163ia. DIGI, o asocia\u0163ie din domeniu care reprezint\u0103 mai multe platforme, a declarat \u00een cadrul anchetei Senatului c\u0103 eSafety dispune deja de competen\u0163e extinse de asigurare a respect\u0103rii legii, care nu au fost \u00eenc\u0103 pe deplin testate, \u015fi a solicitat clarific\u0103ri suplimentare cu privire la entit\u0103\u0163ile de la care pot fi solicitate documente.<\/p>\n<p>Google (prin YouTube) \u015fi TikTok au precizat, \u00een documente depuse separat, c\u0103 nu exist\u0103 nicio metod\u0103 infailibil\u0103 cunoscut\u0103 pentru a identifica \u015fi bloca utilizatorii minori. Parlamentul nu a adoptat \u00eenc\u0103 proiectul de lege care vizeaz\u0103 extinderea competen\u0163elor de asigurare a respect\u0103rii legii. Comisia senatorial\u0103 \u00ee\u015fi va prezenta concluziile pe 25 august, \u00een urma audierilor.<\/p>\n<p><strong>Num\u0103rul victimelor decedate \u00een cutremurul din Japonia a ajuns la 13<\/strong><\/p>\n<p>Cutremurul cu magnitudinea de 7,1 a provocat moartea a cel pu\u0163in 13 persoane \u00een apropierea ora\u015fului Kumamoto, din sudul Japoniei, iar echipele de salvare caut\u0103 cu disperare supravie\u0163uitori prin\u015fi sub d\u0103r\u00e2m\u0103turi, a declarat, miercuri, prim-ministrul Sanae Takaichi, citat de Reuters. &#8220;Chiar \u015fi \u00een acest moment, exist\u0103 oameni care a\u015fteapt\u0103 s\u0103 fie salva\u0163i, iar aceasta este o curs\u0103 contra cronometru. Vom mobiliza toate resursele disponibile la fa\u0163a locului pentru a salva c\u00e2t mai multe persoane posibil&#8221;, a declarat Takaichi reporterilor, actualiz\u00e2nd bilan\u0163ul deceselor, de la trei raportate anterior.<\/p>\n<p>Cutremurul a \u00eentrerupt alimentarea cu energie electric\u0103 a mii de locuin\u0163e \u015fi a distrus drumurile din \u00eentreaga regiune. Echipele de salvare au scos miercuri diminea\u0163\u0103 opt persoane din d\u0103r\u00e2m\u0103turile unui centru comercial par\u0163ial pr\u0103bu\u015fit. Dou\u0103 femei \u00een v\u00e2rst\u0103 de aproximativ 20 de ani au murit \u00een urma unei aparente explozii de origine necunoscut\u0103 care a distrus centrul comercial la aproximativ o or\u0103 dup\u0103 cutremur.<\/p>\n<p>Autorit\u0103\u0163ile investigheaz\u0103 posibilitatea unei explozii de gaz, au relatat mass-media locale. Echipele de interven\u0163ie de urgen\u0163\u0103 ale pompierilor, Poli\u0163ia \u015fi personalul armatei s-au concentrat asupra zonelor cl\u0103dirii din care fuseser\u0103 primite apeluri de ajutor.<\/p>\n<p>Amploarea total\u0103 a dezastrului r\u0103m\u00e2nea neclar\u0103. Mar\u0163i, aproximativ 20-30 de angaja\u0163i ai mall-ului erau da\u0163i disp\u0103ru\u0163i, a declarat postul public de televiziune NHK. De asemenea, \u015fapte persoane sunt date disp\u0103rute dup\u0103 pr\u0103bu\u015firea unui co\u015f de fum la o fabric\u0103 a companiei Nippon Paper Industries, \u00een timp ce alte patru persoane sunt grav r\u0103nite, a declarat un oficial al administra\u0163iei locale. S-a raportat c\u0103 spitalele \u00eengrijesc zeci de pacien\u0163i.<\/p>\n<p>\u00cen \u00eentreaga prefectur\u0103, care a mai suferit un cutremur mortal \u00een urm\u0103 cu un deceniu, aproximativ 260.000 de persoane au primit instruc\u0163iuni s\u0103 se \u00eendrepte c\u0103tre centrele de evacuare, au declarat autorit\u0103\u0163ile.<\/p>\n<p>Epicentrul cutremurului s-a situat la aproximativ 20 de kilometri sud de ora\u015ful Kumamoto, cel mai mare ora\u015f din centrul insulei Kyushu, cu o popula\u0163ie de aproximativ 700.000 de locuitori. Autorit\u0103\u0163ile au avertizat locuitorii din zonele \u00een care s-au resim\u0163it cele mai puternice mi\u015fc\u0103ri s\u0103 fie \u00een alert\u0103 pentru alte cutremure puternice timp de aproximativ o s\u0103pt\u0103m\u00e2n\u0103, precum \u015fi pentru riscul de alunec\u0103ri de teren. Av\u00e2nd \u00een vedere c\u0103 peste 36.000 de locuin\u0163e sunt \u00eenc\u0103 f\u0103r\u0103 curent electric, autorit\u0103\u0163ile sunt \u00eengrijorate de riscul de insola\u0163ie, \u00eentruc\u00e2t temperaturile vor urca miercuri p\u00e2n\u0103 la aproximativ 34 de grade Celsius.<\/p>\n<p>Situat\u0103 pe &#8220;Inelul de Foc&#8221; al vulcanilor \u015fi al foselor oceanice care \u00eenconjoar\u0103 par\u0163ial Bazinul Pacificului, Japonia \u00eenregistreaz\u0103 aproximativ 20% din cutremurele mondiale cu magnitudinea de 6,0 sau mai mare. Un cutremur de mare magnitudine care a avut loc \u00een Kumamoto \u00een urm\u0103 cu 10 ani a provocat moartea a 275 de persoane \u015fi r\u0103nirea altor 2.739, conform datelor oficiale, \u015fi a avariat mii de cl\u0103diri, inclusiv zidurile castelului ora\u015fului, o atrac\u0163ie turistic\u0103 de prim rang.<\/p>\n<p><strong>Premierul moldovean, despre demisia ministrului agriculturii: \u201eSunt frustrat de gre\u015feala prosteasc\u0103 pe care a f\u0103cut-o\u201d<\/strong><\/p>\n<p>Prim-ministrul Republicii Moldova, Vasile Tofan, a catalogat mar\u0163i drept un act \u201eresponsabil\u201d decizia lui Radu Mustea\u0163a de a demisiona din func\u0163ia de ministru al agriculturii \u015fi industriei alimentare, la numai dou\u0103 zile de la \u00eenvestire, dup\u0103 ce a \u00eencercat s\u0103 ascund\u0103 detalii despre trecutul s\u0103u politic.<\/p>\n<p>Premierul Tofan a m\u0103rturisit mar\u0163i, \u00eentr-o conferin\u0163\u0103 de pres\u0103, c\u0103 este \u201efoarte frustrat\u201d de ac\u0163iunile fostului ministru al agriculturii, tocmai pentru c\u0103 \u00eel consider\u0103 \u201eun manager bun\u201d \u015fi apreciaz\u0103 activitatea desf\u0103\u015furat\u0103 de acesta \u00een perioada \u00een care a condus Agen\u0163ia Na\u0163ional\u0103 pentru Siguran\u0163a Alimentelor.<\/p>\n<p>Radu Mustea\u0163a a demisionat din func\u0163ia de ministru al agriculturii \u015fi industriei alimentare vineri, 24 iulie, la dou\u0103 zile dup\u0103 \u00eenvestire, pe fondul scandalului privind trecutul s\u0103u politic. \u00cen ziua \u00een care guvernul a ob\u0163inut votul de \u00eencredere \u00een parlament, pe 21 iulie, pre\u015fedintele interimar al partidului \u201eMi\u015fcarea Respect Moldova\u201d, Veaceslav Burlac, a publicat un mesaj \u00eenso\u0163it de fotografii despre care a sus\u0163inut c\u0103 \u00eel surprind pe noul ministru al agriculturii al\u0103turi de fo\u015fti membri ai PDM, partidul controversatului Vladimir Plahotniuc, care \u00een prezent este \u00eencarcerat.<\/p>\n<p>Mustea\u0163a a respins atunci acuza\u0163iile, pe care le-a calificat drept \u201edenigr\u0103ri\u201d \u015fi \u201efalsuri\u201d. Ulterior, \u00eentr-o emisiune la Jurnal TV, Mustea\u0163a a declarat c\u0103 \u00ee\u015fi va da demisia dac\u0103 se va demonstra c\u0103 a fost membru al PDM.<\/p>\n<p>De\u015fi, pe 23 iulie, acesta a negat \u00een repetate r\u00e2nduri c\u0103 ar fi avut leg\u0103turi cu fostul Partid Democrat, \u00een aceea\u015fi zi secretarul general al PSDE, Iurie Cazacu, a declarat pentru TVR Moldova c\u0103 Mustea\u0163a ar fi f\u0103cut parte din organiza\u0163ia teritorial\u0103 Ciocana a PDM \u00een perioada 2017\u20132018 \u015fi ar fi condus o organiza\u0163ie primar\u0103 a partidului, scrie NewsMaker.<\/p>\n<p>\u00cen diminea\u0163a zilei de 24 iulie, premierul Vasile Tofan a anun\u0163at c\u0103 Radu Mustea\u0163a \u015fi-a depus demisia din func\u0163ia de ministru al agriculturii. \u00cen aceea\u015fi zi, Radu Mustea\u0163a a publicat un mesaj \u00een care \u015fi-a cerut scuze \u015fi a recunoscut c\u0103 nu a spus \u201e\u00eentregul adev\u0103r\u201d despre rela\u0163ia sa cu forma\u0163iunea condus\u0103 \u00een trecut de oligarhul Vladimir Plahotniuc, condamnat \u00een dosarul \u201eFrauda bancar\u0103\u201d. Mustea\u0163a a recunoscut c\u0103 a participat timp de c\u00e2teva luni la \u015fedin\u0163ele PDM \u015fi c\u0103 a semnat o \u201ecerere de \u00eenscriere \u00een partid\u201d, la insisten\u0163a fostului deputat democrat Nae Simion Ple\u015fca. \u201eNoi am tr\u0103it \u00een ani \u00een care nici nu ne puteam \u00eenchipui c\u0103 un func\u0163ionar public poate s\u0103-\u015fi dea demisia \u00eentr-o astfel de situa\u0163ie. Oamenii f\u0103ceau lucruri grave \u015fi erau at\u00e2t de nesim\u0163i\u0163i \u00eenc\u00e2t continuau \u00een func\u0163ii. \u00cen cazul dat, eu salut decizia domnului Mustea\u0163a. Cred c\u0103 a procedat responsabil pentru a nu afecta \u00eencrederea \u00een \u00eentreg guvernul. \u00cen acela\u015fi timp, trebuie s\u0103 spun pe o not\u0103 personal\u0103 c\u0103 regret c\u0103 s-a ajuns aici. (\u2026) Gre\u015feala lui cred c\u0103 a fost c\u0103 a \u00eenceput cu o minciun\u0103 mic\u0103 care s-a pref\u0103cut \u00eentr-o minciun\u0103 mare \u015fi dup\u0103 asta nu mai \u015ftia ce s\u0103 fac\u0103. (\u2026) El a comis o gre\u015feal\u0103 mare \u015fi a pl\u0103tit-o\u201d, a comentat mar\u0163i premierul Vasile Tofan.<\/p>\n<p>\u201eSunt foarte frustrat pe ceea ce s-a \u00eent\u00e2mplat \u015fi gre\u015feala prosteasc\u0103 pe care a f\u0103cut-o, \u00een special pentru c\u0103 este un manager bun. Este printre pu\u0163inii manageri care au reu\u015fit s\u0103 fac\u0103 pu\u0163in\u0103 cur\u0103\u0163enie la ANSA. \u015ei noi avem nevoie de manageri buni. Nu avem o list\u0103 de func\u0163ionari publici care s\u0103-i po\u0163i pune pe un front complicat \u015fi s\u0103 fac\u0103 treab\u0103\u201d, a m\u0103rturisit el.<\/p>\n<p>\u00centre timp, asocia\u0163ia \u201eFor\u0163a Fermierilor\u201d l-a propus pe directorul executiv al organiza\u0163iei, Alexandr Slusari, pentru func\u0163ia de ministru al agriculturii \u015fi industriei alimentare, dar premierul \u00eenc\u0103 nu a luat o decizie.<\/p>\n<p><strong>FSB \u00eel acuz\u0103 pe fondatorul Telegram de sprijinirea terorismului<\/strong><\/p>\n<p>Serviciul Federal de Securitate al Rusiei (FSB) a anun\u0163at miercuri c\u0103 l-a pus sub acuzare pe fondatorul Telegram, Pavel Durov, pentru facilitarea activit\u0103\u0163ilor teroriste \u015fi c\u0103 a emis un mandat interna\u0163ional de arestare pe numele s\u0103u, relateaz\u0103 Reuters.<\/p>\n<p>FSB a precizat c\u0103 acuza\u0163iile se refer\u0103 la faptul c\u0103 Telegram nu a eliminat materialele \u201eutilizate de serviciile speciale ucrainene \u015fi de organiza\u0163iile teroriste \u015fi extremiste pentru a preg\u0103ti \u015fi coordona acte de sabotaj \u015fi terorism, ucideri \u00een mas\u0103 \u015fi opera\u0163iuni de fraud\u0103 cibernetic\u0103 pe teritoriul Federa\u0163iei Ruse\u201d. Nu a existat niciun comentariu imediat din partea lui Durov sau a Telegram.<\/p>\n<p>Telegram, o aplica\u0163ie de mesagerie criptat\u0103 fondat\u0103 \u00een 2013, afirm\u0103 c\u0103 are peste 1 miliard de utilizatori \u015fi este utilizat\u0103 pe scar\u0103 larg\u0103 de ambele p\u0103r\u0163i implicate \u00een r\u0103zboiul dintre Rusia \u015fi Ucraina.<\/p>\n<p>Rusia a \u00eencercat \u00een repetate r\u00e2nduri s\u0103 restric\u0163ioneze utilizarea Telegram \u00een ultimii ani, promov\u00e2nd propriul serviciu de mesagerie, MAX, sus\u0163inut de stat. Durov, care s-a n\u0103scut \u00een Rusia, dar de\u0163ine acum pa\u015fapoarte din Emiratele Arabe Unite \u015fi Fran\u0163a, a fondat VKontakte, echivalentul rus al Facebook, \u00eenainte de a-\u015fi vinde restul participa\u0163iei \u00een 2014, sub presiunea autorit\u0103\u0163ilor ruse.<\/p>\n<p>Autorit\u0103\u0163ile franceze \u00eel ancheteaz\u0103 \u00een prezent pe Durov \u00een leg\u0103tur\u0103 cu acuza\u0163ii conform c\u0103rora Telegram nu a comb\u0103tut \u00een mod adecvat activit\u0103\u0163ile criminale de pe platform\u0103 \u015fi nu a cooperat suficient cu solicit\u0103rile autorit\u0103\u0163ilor de aplicare a legii. Durov neag\u0103 orice fapt\u0103 ilegal\u0103.<\/p>\n<p><strong>Un adolescent american condamnat la \u00eenchisoare pe via\u0163\u0103 pentru uciderea a patru persoane \u00eentr-o \u015fcoal\u0103<\/strong><\/p>\n<p>Colt Gray, un adolescent american care a ucis patru persoane \u00een septembrie 2024 deschiz\u00e2nd focul \u00eentr-o \u015fcoal\u0103 cu o pu\u015fc\u0103 de asalt pe care tat\u0103l s\u0103u i-o d\u0103ruise de Cr\u0103ciun, a fost condamnat mar\u0163i la \u00eenchisoare pe via\u0163\u0103, relateaz\u0103 AFP.<\/p>\n<p>Colt Gray, care este \u00een v\u00e2rst\u0103 de 16 ani, dar care avea 14 ani \u00een momentul comiterii faptelor, a pledat vinovat pentru c\u0103 a deschis focul la liceul Apalachee, din micul ora\u015f Winder din Georgia, situat la 70 de kilometri de Atlanta. El a ucis doi elevi \u015fi doi profesori \u015fi a r\u0103nit nou\u0103 persoane. Adolescentul a fost condamnat la \u00eenchisoare pe via\u0163\u0103, f\u0103r\u0103 posibilitatea de eliberare condi\u0163ionat\u0103. \u00cen ciuda v\u00e2rstei sale fragede, el a fost judecat ca un adult.<\/p>\n<p>\u201eAmbii p\u0103rin\u0163i te-au dezam\u0103git. Familia ta te-a l\u0103sat balt\u0103\u201d, a declarat judec\u0103torul Nicholas Trimm. Dar \u201enu ai fost victima h\u0103r\u0163uirii la Apalachee\u201d, a ad\u0103ugat magistratul: \u201eNu a fost o fapt\u0103 motivat\u0103 de ur\u0103. Nu cuno\u015fteai pe nimeni \u00een acea \u015fcoal\u0103. A fost doar din pl\u0103cerea de a comite un act nelegiuit\u201d, a spus judec\u0103torul.<\/p>\n<p>Tat\u0103l lui Colt Gray a fost condamnat \u00een martie 2026 pentru omor f\u0103r\u0103 premeditare \u015fi omor din culp\u0103, \u00eentr-unul dintre primele cazuri \u00een care un p\u0103rinte a fost judecat pentru un atac armat comis de copilul s\u0103u. \u00cen 2023, Colin Gray \u00eei oferise fiului s\u0103u o pu\u015fc\u0103 AR-15 de Cr\u0103ciun, chiar dac\u0103 Colt amenin\u0163ase deja c\u0103 va deschide focul \u00eentr-o \u015fcoal\u0103. Acea pu\u015fc\u0103 de asalt a fost folosit\u0103 de el, la mai pu\u0163in de un an dup\u0103 aceea, \u00een timpul masacrului de la Winder.<\/p>\n<p>Cu c\u00e2teva luni \u00eenainte, \u00een luna mai, doi poli\u0163i\u015fti, alerta\u0163i de FBI, care constatase c\u0103 de la adresa IP a locuin\u0163ei fuseser\u0103 trimise mesaje \u00een care se amenin\u0163a cu comiterea unui masacru \u00eentr-o \u015fcoal\u0103, s-au deplasat la domiciliul familiei.<\/p>\n<p>Responsabilitatea p\u0103rin\u0163ilor \u00een astfel de cazuri este, de c\u00e2\u0163iva ani, din ce \u00een ce mai atent analizat\u0103 de justi\u0163ie. P\u0103rin\u0163ii unui adolescent care a \u00eempu\u015fcat patru persoane \u00eentr-un liceu din Michigan \u00een 2021 au fost g\u0103si\u0163i vinova\u0163i de omor din culp\u0103 \u00een 2024 \u015fi condamna\u0163i la pedepse cu \u00eenchisoarea \u00eentre 10 \u015fi 15 ani.<\/p>\n<p>\u00cen Statele Unite, armele de foc reprezint\u0103 de mai mul\u0163i ani prima cauz\u0103 de deces \u00een r\u00e2ndul minorilor, potrivit autorit\u0103\u0163ilor americane din domeniul sanitar.<\/p>\n<p><strong>Doi b\u0103rba\u0163i executa\u0163i prin sp\u00e2nzurare \u00een Iran, cu privire la participare la contestarea din iarn\u0103<\/strong><\/p>\n<p>Doi b\u0103rba\u0163i g\u0103si\u0163i vinova\u0163i de faptul c\u0103 au participat la manifesta\u0163ii antiguvernamentale \u00een mas\u0103, care au zguduit Iranul \u00een decembrie \u015fi ianuarie, au fost sp\u00e2nzura\u0163i, a anun\u0163at mar\u0163i justi\u0163ia iranian\u0103, relateaz\u0103 AFP. Execu\u0163iile s-au multiplicat \u00een Iran de la \u00eenceputul r\u0103zboiului declan\u015fat de Statele Unite \u015fi Israelul la 28 februarie \u00een Republica islamic\u0103.<\/p>\n<p>O mare parte a persoanelor executate a fost condamnat\u0103 cu privire la participare la aceste manifesta\u0163ii \u00een mas\u0103 \u00eempotriva regimului. &#8220;Condamn\u0103rile la moarte ale lui Abolfazl Sepahi \u015fi Amir-Hossein Safari au fost executate \u00een aceast\u0103 (mar\u0163i) diminea\u0163\u0103&#8221;, a anun\u0163at organul puterii judiciare, agen\u0163ia Mizan Online.<\/p>\n<p>Potrivit Mizan Online, cei doi b\u0103rba\u0163i au fost inculpa\u0163i, \u00eentre altele, cu privire la &#8220;moharebeh (r\u0103zboi \u00eempotriva lui Allah), pentru c\u0103 au agitat arme \u015fi au sem\u0103nat frica \u015fi teroarea&#8221; \u015fi &#8220;corup\u0163ie pe p\u0103m\u00e2nt, pentru c\u0103 au comis acte care au perturbat puternic ordinea public\u0103 \u015fi securitatea \u00een \u0163ar\u0103&#8221;. Potrivit agen\u0163iei iraniene de pres\u0103 Mehr, sp\u00e2nzurarea a avut loc \u00eentr-o &#8220;pia\u0163\u0103 \u00een ora\u015ful Malekshahr&#8221;, \u00een provincia Isfahan (centru), \u00een prezen\u0163a unor martori.<\/p>\n<p>La sf\u00e2r\u015fitul lui decembrie, o contestare &#8211; lansat\u0103 ini\u0163ial \u00eempotriva costului traiului &#8211; s-a transformat rapid \u00een manifesta\u0163ii vaste antiguvernamentale, care au atins un v\u00e2rf la 8 \u015fi 9 ianuarie.<\/p>\n<p>Regimul a recunoscut 3.000 de mor\u0163i \u00een aceste manifesta\u0163ii violente, imput\u00e2nd violen\u0163ele unor &#8220;acte teroriste&#8221; orchestrate de c\u0103tre Statele Unite \u015fi Israel. Autorit\u0103\u0163ile iraniene au executat cel pu\u0163in 1.639 de persoane \u00een 2025 &#8211; un &#8220;record&#8221; din 1989 \u00eencoace, potrivit ONG-urilor Iran Human Rights (IHR), cu sediul \u00een Norvegia, \u015fi \u00cempreun\u0103 \u00eempotriva pedepsei cu moartea (ECPM), cu sediul la Paris.<\/p>\n<p>\u00a0<\/p>\n<hr>\n<div class=\"bloc-widget widget-rosu\">\n<p>\u00cen lipsa unui acord scris din partea Ziarului de Vrancea, pute\u0163i prelua maxim 500 de caractere din acest articol dac\u0103 preciza\u0163i sursa \u015fi insera\u0163i vizibil link-ul articolului:\u00a0<span>#insertcurrentlinkhere<\/span><\/p>\n<\/div>\n<div class=\"extra-articol listing-anunturi\">\n<h6>Anun\u021buri <span class=\"text-primary\">ZdV<\/span> Premium<\/h6>\n<div class=\"row\">\n<div class=\"col-lg-4 col-md-6 bloc-egal\"><a class=\"card-anunt\" href=\"https:\/\/ziaruldevrancea.ro\/anunturi\/imobiliare\/vanzari-terenuri\/vand-teren-in-panciu\"><strong class=\"titlu\">V\u00e2nz\u0103ri terenuri<\/strong><span class=\"text-anunt\">Teren Panciu 1170 mp, cu num\u0103r cas\u0103, ap\u0103&#8230;<\/span><span class=\"data-anunt\">29.07.2026  <\/span><\/a><\/div>\n<div class=\"col-lg-4 col-md-6 bloc-egal\"><a class=\"card-anunt\" href=\"https:\/\/ziaruldevrancea.ro\/anunturi\/altele\/anulare-acte\/vand-scrumbii-afumate-capturi-dunare\"><strong class=\"titlu\">Vanzari diverse<\/strong><span class=\"text-anunt\">Pret : 117 lei \/ kg . \u00a0 Este&#8230;<\/span><span class=\"data-anunt\">29.07.2026 , Gala\u021bi , Gala\u021bi<\/span><\/a><\/div>\n<div class=\"col-lg-4 col-md-6 bloc-egal\"><a class=\"card-anunt\" href=\"https:\/\/ziaruldevrancea.ro\/anunturi\/necrolog\/decese\/dumnezeu-sa-o-aseze-in-randul-celor-drepti\"><strong class=\"titlu\">Decese<\/strong><span class=\"text-anunt\">Cu profund\u0103 durere, familia anun\u021b\u0103 trecerea la&#8230;<\/span><span class=\"data-anunt\">28.07.2026  <\/span><\/a><\/div>\n<\/div>\n<\/div>\n<div class=\"extra-articol alte-articole\">\n<div class=\"row\">\n<div class=\"col-lg-6 bloc-egal\">\n<div class=\"card articol-listing\">\n<h6>\u00cen categoria <a href=\"https:\/\/ziaruldevrancea.ro\/actualitatea\/stiri-locale\">Local<\/a><\/h6>\n<div class=\"grup-articol-listing\">\n<div class=\"cont-pils\"><a href=\"https:\/\/ziaruldevrancea.ro\/actualitatea\/stiri-locale\/foto-pompierii-isu-vrancea-au-dus-lectii-de-siguranta-in-gura-calitei\"><img decoding=\"async\" src=\"https:\/\/zdvi.cname.ro\/180_135\/actualitatea\/stiri-locale\/foto-pompierii-isu-vrancea-au-dus-lectii-de-siguranta-in-gura-calitei\/mediaPool\/unTARgF.jpeg\" class=\"img-responsive img-180\" alt><\/a><\/div>\n<h2><a class=\"link-titlu\" href=\"https:\/\/ziaruldevrancea.ro\/actualitatea\/stiri-locale\/foto-pompierii-isu-vrancea-au-dus-lectii-de-siguranta-in-gura-calitei\">Foto | Pompierii ISU Vrancea au dus lec\u021bii de siguran\u021b\u0103 \u00een Gura Cali\u021bei<\/a><\/h2>\n<div class=\"date-post\"><a href=\"https:\/\/ziaruldevrancea.ro\/autor\/petre-paraschiv\">Petre Paraschiv<\/a>, 31 iul 2026  <\/div>\n<\/div>\n<div class=\"grup-articol-listing\">\n<div class=\"cont-pils\"><a href=\"https:\/\/ziaruldevrancea.ro\/actualitatea\/stiri-locale\/vrancea-soferii-cu-permis-categoria-b-care-fac-transport-contra-cost-trebuie-sa-obtina-un-document-obligatoriu.\"><img decoding=\"async\" src=\"https:\/\/zdvi.cname.ro\/180_135\/actualitatea\/stiri-locale\/vrancea-soferii-cu-permis-categoria-b-care-fac-transport-contra-cost-trebuie-sa-obtina-un-document-obligatoriu.\/mediaPool\/uABp3Hl.jpg\" class=\"img-responsive img-180\" alt><\/a><\/div>\n<h2><a class=\"link-titlu\" href=\"https:\/\/ziaruldevrancea.ro\/actualitatea\/stiri-locale\/vrancea-soferii-cu-permis-categoria-b-care-fac-transport-contra-cost-trebuie-sa-obtina-un-document-obligatoriu.\">Vrancea: \u0218oferii cu permis categoria B care fac transport contra cost trebuie s\u0103 ob\u021bin\u0103 un document obligatoriu<\/a><\/h2>\n<div class=\"date-post\"><a href=\"https:\/\/ziaruldevrancea.ro\/autor\/ionel-sclavone\">Ionel Sclavone<\/a>, 31 iul 2026  <\/div>\n<\/div>\n<div class=\"grup-articol-listing\">\n<div class=\"cont-pils\"><a href=\"https:\/\/ziaruldevrancea.ro\/actualitatea\/stiri-locale\/comisariatul-militar-din-focsani-un-simbol-al-istoriei-vrancei-renaste-prin-restaurare.-povestea-cladirii-care-a-gazduit-divizia-6-infanterie\"><img decoding=\"async\" src=\"https:\/\/zdvi.cname.ro\/180_135\/actualitatea\/stiri-locale\/comisariatul-militar-din-focsani-un-simbol-al-istoriei-vrancei-renaste-prin-restaurare.-povestea-cladirii-care-a-gazduit-divizia-6-infanterie\/mediaPool\/u5btavU.jpg\" class=\"img-responsive img-180\" alt><\/a><\/div>\n<h2><a class=\"link-titlu\" href=\"https:\/\/ziaruldevrancea.ro\/actualitatea\/stiri-locale\/comisariatul-militar-din-focsani-un-simbol-al-istoriei-vrancei-renaste-prin-restaurare.-povestea-cladirii-care-a-gazduit-divizia-6-infanterie\">Comisariatul Militar din Foc\u0219ani, un simbol al istoriei Vrancei, rena\u0219te prin restaurare. Povestea cl\u0103dirii care a g\u0103zduit Divizia 6 Infanterie<\/a><\/h2>\n<div class=\"date-post\"><a href=\"https:\/\/ziaruldevrancea.ro\/autor\/florin-marian-dirdala\">Florin Marian D\u00eerdal\u0103<\/a>, 31 iul 2026  <\/div>\n<\/div>\n<\/div>\n<\/div>\n<div class=\"col-lg-6 bloc-egal\">\n<div class=\"card articol-listing\">\n<h6>De acela\u0219i <a href=\"https:\/\/ziaruldevrancea.ro\/autor\/rodica-condurache\/\">autor<\/a><\/h6>\n<div class=\"grup-articol-listing\">\n<div class=\"cont-pils\"><a href=\"https:\/\/ziaruldevrancea.ro\/actualitatea\/stiri-locale\/prima-pagina-a-ziarului-de-vrancea-de-astazi-31-iulie-2026\"><img decoding=\"async\" src=\"https:\/\/zdvi.cname.ro\/180_135\/actualitatea\/stiri-locale\/prima-pagina-a-ziarului-de-vrancea-de-astazi-31-iulie-2026\/mediaPool\/utzqu1b.jpg\" class=\"img-responsive img-180\" alt><\/a><\/div>\n<h2><a class=\"link-titlu\" href=\"https:\/\/ziaruldevrancea.ro\/actualitatea\/stiri-locale\/prima-pagina-a-ziarului-de-vrancea-de-astazi-31-iulie-2026\">Prima pagin\u0103 a Ziarului de Vrancea de ast\u0103zi, 31 iulie 2026: accidente, investi\u021bii, economie \u0219i cele mai importante \u0219tiri ale jude\u021bului  <\/a><\/h2>\n<div class=\"date-post\"><a href=\"https:\/\/ziaruldevrancea.ro\/autor\/rodica-condurache\">Rodica Condurache<\/a>, 31 iul 2026  <\/div>\n<\/div>\n<div class=\"grup-articol-listing\">\n<div class=\"cont-pils\"><a href=\"https:\/\/ziaruldevrancea.ro\/timp-liber\/astazi-despre-psihologul-clinician-andrei-partos---om-bun---nevoia-de-a-repune-muzica-si-poezia-romaneasca-la-un-loc-bun\"><img decoding=\"async\" src=\"https:\/\/zdvi.cname.ro\/180_135\/timp-liber\/astazi-despre-psihologul-clinician-andrei-partos---om-bun---nevoia-de-a-repune-muzica-si-poezia-romaneasca-la-un-loc-bun\/mediaPool\/uYSVhEO.jpg\" class=\"img-responsive img-180\" alt><\/a><\/div>\n<h2><a class=\"link-titlu\" href=\"https:\/\/ziaruldevrancea.ro\/timp-liber\/astazi-despre-psihologul-clinician-andrei-partos---om-bun---nevoia-de-a-repune-muzica-si-poezia-romaneasca-la-un-loc-bun\">VIDEO V\u0103 mai aminti\u021bi de \u201eRADIO VACAN\u021aA COSTINE\u0218TI\u201d? Ast\u0103zi despre vocea Costine\u015ftiului de alt\u0103dat\u0103. Andrei Parto\u0219 &#8211; Psihologul clinician care dup\u0103 zece ani de activitate s-a dedicat nevoii de a repune muzica \u015fi poezia rom\u00e2neasc\u0103 la un loc bun<\/a><\/h2>\n<div class=\"date-post\"><a href=\"https:\/\/ziaruldevrancea.ro\/autor\/rodica-condurache\">Rodica Condurache<\/a>, 31 iul 2026  <\/div>\n<\/div>\n<div class=\"grup-articol-listing\">\n<div class=\"cont-pils\"><a href=\"https:\/\/ziaruldevrancea.ro\/timp-liber\/horoscop-31-iulie-2026\"><img decoding=\"async\" src=\"https:\/\/zdvi.cname.ro\/180_135\/timp-liber\/horoscop-31-iulie-2026\/mediaPool\/uA8enxT.jpg\" class=\"img-responsive img-180\" alt><\/a><\/div>\n<h2><a class=\"link-titlu\" href=\"https:\/\/ziaruldevrancea.ro\/timp-liber\/horoscop-31-iulie-2026\">Horoscop 31 iulie 2026 <\/a><\/h2>\n<div class=\"date-post\"><a href=\"https:\/\/ziaruldevrancea.ro\/autor\/rodica-condurache\">Rodica Condurache<\/a>, 31 iul 2026  <\/div>\n<\/div>\n<\/div>\n<\/div>\n<\/div>\n<\/div>\n<div class=\"extra-articol listing-anunturi\">\n<h6>Anun\u021buri <span class=\"text-primary\">ZdV<\/span> Premium<\/h6>\n<div class=\"row\">\n<div class=\"col-lg-4 col-md-6 bloc-egal\"><a class=\"card-anunt\" href=\"https:\/\/ziaruldevrancea.ro\/anunturi\/imobiliare\/vanzari-case\/vand-casa-si-teren-in-panciu-anunt-72818\"><strong class=\"titlu\">V\u00e2nz\u0103ri case<\/strong><span class=\"text-anunt\">V\u00e2nd cas\u0103 cu 2 camere, buc\u0103t\u0103rie, baie,&#8230;<\/span><span class=\"data-anunt\">23.07.2026  <\/span><\/a><\/div>\n<div class=\"col-lg-4 col-md-6 bloc-egal\"><a class=\"card-anunt\" href=\"https:\/\/ziaruldevrancea.ro\/anunturi\/angajari\/cereri-angajari\/doresc-angajare-anunt-72815\"><strong class=\"titlu\">Cereri<\/strong><span class=\"text-anunt\">Doresc s\u0103 am grij\u0103 de un copil de gradini\u021b\u0103&#8230;<\/span><span class=\"data-anunt\">21.07.2026  <\/span><\/a><\/div>\n<div class=\"col-lg-4 col-md-6 bloc-egal\"><a class=\"card-anunt\" href=\"https:\/\/ziaruldevrancea.ro\/anunturi\/inchirieri\/locuinte-oferte\/primesc-in-gazda-anunt-72816\"><strong class=\"titlu\">Locuin\u021be oferte<\/strong><span class=\"text-anunt\">\u00a0Primesc \u00een gazd\u0103 la cas\u0103.<\/p>\n<p>Tel&#8230;.<\/span><span class=\"data-anunt\">21.07.2026  <\/span><\/a><\/div>\n<\/div>\n<\/div>\n<div class=\"bloc-widget widget-albastru\">\n    Ziarul de Vrancea \u00a0nu este responsabil juridic pentru con\u0163inutul textelor din comentariile de mai jos. Responsabilitatea pentru mesajele dumneavoastra v\u0103 revine \u00een exclusivitate.\n<\/div>\n<div class=\"comentarii-articol\" id=\"comentarii\">\n<h3>Comentarii: <span class=\"text-primary\">0<\/span><\/h3>\n<p><a href=\"https:\/\/ziaruldevrancea.ro\/actualitatea\/stiri-locale\/mozaic-Stiri-internaTionale-razboiul-din-ucraina-zelenski-afirma-ca-initiativa-nu-mai-este-in-mainile-lui-putin\" class=\"btn btn-success btn-adauga-com\" data-toggle=\"modal\" data-parent=\"0\" data-target=\"#commentModal\">Adaug\u0103 comentariu<\/a><\/p>\n<div class=\"loadMask comments-mask\"><img decoding=\"async\" src=\"https:\/\/zdvs.cname.ro\/images\/loader_40.gif\"><\/div>\n<div class=\"comenteaza-jos\">Trebuie s\u0103 fii <a href=\"https:\/\/ziaruldevrancea.ro\/account\">autentificat<\/a> pentru a putea <a href=\"https:\/\/ziaruldevrancea.ro\/actualitatea\/stiri-locale\/mozaic-Stiri-internaTionale-razboiul-din-ucraina-zelenski-afirma-ca-initiativa-nu-mai-este-in-mainile-lui-putin\" class data-toggle=\"modal\" data-parent=\"0\" data-target=\"#commentModal\">posta un comentariu<\/a>.<\/div>\n<\/div>\n<div class=\"modal fade\" id=\"commentModal\" role=\"dialog\" aria-labelledby=\"commentModalLabel\">\n<div class=\"modal-dialog modal-lg\" role=\"document\">\n<div class=\"modal-content\">\n<div class=\"modal-header\">\n<h3 class=\"modal-title\" id=\"commentModalLabel\">Comenteaz\u0103<\/h3>\n<\/div>\n<div class=\"modal-body\">\n<div class=\"tabel tabel-full\">\n<div class=\"celula\">\n              Trebuie s\u0103 fii <a href=\"https:\/\/ziaruldevrancea.ro\/account\">autentificat<\/a> pentru a putea posta un comentariu.\n            <\/div>\n<\/div>\n<\/div>\n<div class=\"modal-footer\">\n<div id=\"commentPending\" class=\"formPending pull-left\"><img decoding=\"async\" src=\"https:\/\/zdvs.cname.ro\/images\/loader_40.gif\"> In curs de procesare&#8230;<\/div>\n<p><a href=\"https:\/\/ziaruldevrancea.ro\/actualitatea\/stiri-locale\/mozaic-Stiri-internaTionale-razboiul-din-ucraina-zelenski-afirma-ca-initiativa-nu-mai-este-in-mainile-lui-putin\" class=\"btn btn-default\" data-dismiss=\"modal\">Anuleaz\u0103<\/a><\/div>\n<\/div>\n<\/div>\n<\/div>\n<div class=\"modal fade\" id=\"commentReportModal\" role=\"dialog\" aria-labelledby=\"commentReportModalLabel\">\n<div class=\"modal-dialog modal-lg\" role=\"document\">\n<div class=\"modal-content\">\n<div class=\"modal-header\">\n<h3 class=\"modal-title\" id=\"commentReportModalLabel\">Raporteaza comentariu<\/h3>\n<\/div>\n<div class=\"modal-body\">\n<div class=\"tabel tabel-full\">\n<div class=\"celula\">\n              Trebuie s\u0103 fii <a href=\"https:\/\/ziaruldevrancea.ro\/account\">autentificat<\/a> pentru a putea raporta un comentariu.\n            <\/div>\n<\/div>\n<\/div>\n<div class=\"modal-footer\">\n<div id=\"commentReportPending\" class=\"formPending pull-left\"><img decoding=\"async\" src=\"https:\/\/zdvs.cname.ro\/images\/loader_40.gif\"> In curs de procesare&#8230;<\/div>\n<p><a href=\"https:\/\/ziaruldevrancea.ro\/actualitatea\/stiri-locale\/mozaic-Stiri-internaTionale-razboiul-din-ucraina-zelenski-afirma-ca-initiativa-nu-mai-este-in-mainile-lui-putin\" class=\"btn btn-default\" data-dismiss=\"modal\">Anuleaz\u0103<\/a><\/div>\n<\/div>\n<\/div>\n<\/div>\n<div class=\"modal fade\" id=\"commentLikeModal\" role=\"dialog\" aria-labelledby=\"commentLikeModalLabel\">\n<div class=\"modal-dialog modal-lg\" role=\"document\">\n<div class=\"modal-content\">\n<div class=\"modal-header\">\n<h3 class=\"modal-title\" id=\"commentReportModalLabel\">Apreciaza comentariu<\/h3>\n<\/div>\n<div class=\"modal-body\">\n<div class=\"tabel tabel-full\">\n<div class=\"celula\">\n            Trebuie s\u0103 fii <a href=\"https:\/\/ziaruldevrancea.ro\/account\">autentificat<\/a> pentru a putea aprecia un comentariu.\n          <\/div>\n<\/div>\n<\/div>\n<div class=\"modal-footer\"><a href=\"https:\/\/ziaruldevrancea.ro\/actualitatea\/stiri-locale\/mozaic-Stiri-internaTionale-razboiul-din-ucraina-zelenski-afirma-ca-initiativa-nu-mai-este-in-mainile-lui-putin\" class=\"btn btn-default\" data-dismiss=\"modal\">Anuleaz\u0103<\/a><\/div>\n<\/div>\n<\/div>\n<\/div>\n<div class=\"bloc-widget widget-rosu\"><span><small>Ziarul de Vrancea doreste ca acest site sa fie un spatiu al discutiilor civilizate, al comentariilor de bun simt. Din acest motiv, cei care posteaza comentarii la articole trebuie sa respecte urmatoarele reguli:<br \/>\n1. Sa se refere doar la articolul la care posteaza comentarii.<br \/>\n2. Sa foloseasca un limbaj civilizat, fara injurii, calomnii, comentarii antisemite, xenofobe sau rasiste.<br \/>\n3. Sunt interzise atacurile la adresa autorilor, daca acestea nu au legatura cu textul.<br \/>\n4. Username-ul sa nu fie nume de personalitati ale vietii publice sau parodieri ale acestora.<br \/>\nAutorul unui articol poate fi criticat pentru eventuale greseli, incoerenta, lipsa de documentare etc.<br \/>\nNerespectarea regulilor mentionate mai sus va duce la stergerea comentariilor, fara avertisment si fara explicatii.<br \/>\nAbaterile repetate vor avea drept consecinta interdictia accesului la aceasta facilitate a site-ului.<\/small><\/span><\/div>\n<\/div>\n<p>[analyse_source url=&#8221;https:\/\/ziaruldevrancea.ro\/actualitatea\/stiri-locale\/mozaic-Stiri-internaTionale-razboiul-din-ucraina-zelenski-afirma-ca-initiativa-nu-mai-este-in-mainile-lui-putin&#8221;]<\/p>\n","protected":false},"excerpt":{"rendered":"<p>[analyse_image type=&#8221;featured&#8221; src=&#8221;https:\/\/zdvi.cname.ro\/_\/mozaic-Stiri-internaTionale-razboiul-din-ucraina-zelenski-afirma-ca-initiativa-nu-mai-este-in-mainile-lui-putin\/mediaPool\/uPcpgO8.jpeg&#8221;] Local MOZAIC \u0218TIRI INTERNA\u021aIONALE: R\u0103zboiul din Ucraina: Zelenski afirm\u0103 c\u0103 \u201eini\u0163iativa nu mai este \u00een m\u00e2inile lui Putin\u201d Distribuie: \u00a0 | Rodica Condurache 28 iul 2026261 vizualiz\u0103ri \u00cen urma \u00eent\u00e2lnirii de la Casa Alb\u0103 cu Trump, liderul de la Kiev spune c\u0103 a ob\u0163inut licen\u0163ele pentru producerea interceptoarelor Patriot Pre\u015fedintele ucrainean Volodimir [&hellip;]<\/p>\n","protected":false},"author":1,"featured_media":0,"comment_status":"open","ping_status":"","sticky":false,"template":"","format":"standard","meta":{"footnotes":""},"categories":[89],"tags":[226,208],"class_list":["post-2071078","post","type-post","status-publish","format-standard","hentry","category-romania","tag-crawlmanager","tag-ziaruldevrancea-ro"],"_links":{"self":[{"href":"https:\/\/analyse.optim.biz\/index.php?rest_route=\/wp\/v2\/posts\/2071078","targetHints":{"allow":["GET"]}}],"collection":[{"href":"https:\/\/analyse.optim.biz\/index.php?rest_route=\/wp\/v2\/posts"}],"about":[{"href":"https:\/\/analyse.optim.biz\/index.php?rest_route=\/wp\/v2\/types\/post"}],"author":[{"embeddable":true,"href":"https:\/\/analyse.optim.biz\/index.php?rest_route=\/wp\/v2\/users\/1"}],"replies":[{"embeddable":true,"href":"https:\/\/analyse.optim.biz\/index.php?rest_route=%2Fwp%2Fv2%2Fcomments&post=2071078"}],"version-history":[{"count":0,"href":"https:\/\/analyse.optim.biz\/index.php?rest_route=\/wp\/v2\/posts\/2071078\/revisions"}],"wp:attachment":[{"href":"https:\/\/analyse.optim.biz\/index.php?rest_route=%2Fwp%2Fv2%2Fmedia&parent=2071078"}],"wp:term":[{"taxonomy":"category","embeddable":true,"href":"https:\/\/analyse.optim.biz\/index.php?rest_route=%2Fwp%2Fv2%2Fcategories&post=2071078"},{"taxonomy":"post_tag","embeddable":true,"href":"https:\/\/analyse.optim.biz\/index.php?rest_route=%2Fwp%2Fv2%2Ftags&post=2071078"}],"curies":[{"name":"wp","href":"https:\/\/api.w.org\/{rel}","templated":true}]}}