{"id":2071074,"date":"2026-07-28T00:00:00","date_gmt":"2026-07-27T21:00:00","guid":{"rendered":"https:\/\/analyse.optim.biz\/?p=2071074"},"modified":"2026-07-28T00:00:00","modified_gmt":"2026-07-27T21:00:00","slug":"doliu-la-spitalul-judetean-focsani-dr-stelian-ghinea-medicul-radiolog-care-a-dedicat-35-de-ani-sanatatii-vrancenilor-a-incetat-din-viata-la-84-de-ani","status":"publish","type":"post","link":"https:\/\/analyse.optim.biz\/?p=2071074","title":{"rendered":"Doliu la Spitalul Jude\u021bean Foc\u0219ani: Dr. Stelian Ghinea, medicul radiolog care a dedicat 35 de ani s\u0103n\u0103t\u0103\u021bii vr\u00e2ncenilor, a \u00eencetat din via\u021b\u0103 la 84 de ani"},"content":{"rendered":"<p>[analyse_image type=&#8221;featured&#8221; src=&#8221;https:\/\/zdvi.cname.ro\/_\/doliu-la-spitalul-judetean-focsani-dr.-stelian-ghinea-medicul-radiolog-care-a-dedicat-35-de-ani-sanatatii-vrancenilor-a-incetat-din-viata-la-84-de-ani\/mediaPool\/uBkQiQj.jpg&#8221;]<\/p>\n<div class=\"main-content detaliu-articol\"><a class=\"titlu-cat-list\" href=\"https:\/\/ziaruldevrancea.ro\/actualitatea\/stiri-locale\">Local<\/a><\/p>\n<h1>Doliu la Spitalul Jude\u021bean Foc\u0219ani: Dr. Stelian Ghinea, medicul radiolog care a dedicat 35 de ani s\u0103n\u0103t\u0103\u021bii vr\u00e2ncenilor, a \u00eencetat din via\u021b\u0103 la 84 de ani<\/h1>\n<div class=\"date-articol clearfix\">\n<div class=\"distribuie-articol dropdown\">\n    Distribuie: \u00a0<br \/>\n    <em>|<\/em><\/div>\n<div class=\"autor-articol\"><a href=\"https:\/\/ziaruldevrancea.ro\/autor\/anca-vasiliu\/\"><img decoding=\"async\" class=\"img-circle\" src=\"https:\/\/zdvi.cname.ro\/50_50\/articleAuthor\/anca-vasiliu\/articleAuthor\/u3OxgX4.PNG\" alt><\/a><\/p>\n<h5><a href=\"https:\/\/ziaruldevrancea.ro\/autor\/anca-vasiliu\/\">Anca Vasiliu<\/a><\/h5>\n<div class=\"grup-spatiere\"><span class=\"cu-spatiere\">28 iul 2026<\/span><span class=\"cu-spatiere\">1475 vizualiz\u0103ri<\/span><\/div>\n<\/div>\n<\/div>\n<div class=\"poza-mare\"><a href class=\"openGallery\"><img decoding=\"async\" class=\"img-responsive\" src=\"https:\/\/zdvi.cname.ro\/850_530\/doliu-la-spitalul-judetean-focsani-dr.-stelian-ghinea-medicul-radiolog-care-a-dedicat-35-de-ani-sanatatii-vrancenilor-a-incetat-din-viata-la-84-de-ani\/article\/mediaPool\/uBkQiQj.jpg\" alt><\/a><\/div>\n<p><strong>Vrancea pierde unul dintre medicii radiologi care \u0219i-au legat aproape \u00eentreaga carier\u0103 de Spitalul Jude\u021bean de Urgen\u021b\u0103 \u201eSf\u00e2ntul Pantelimon\u201d Foc\u0219ani. Trupul ne\u00eensufle\u021bit al dr. Stelian Ghinea este depus la capela spitalului, chiar \u00een zilele \u00een care aici este marcat hramul ocrotitorului spiritual al unit\u0103\u021bii sanitare.<\/strong><\/p>\n<p>Comunitatea medical\u0103 din Vrancea este \u00een doliu dup\u0103 trecerea la cele ve\u0219nice a medicului radiolog <strong>Dr. Stelian Ghinea<\/strong>, care s-a stins din via\u021b\u0103 duminic\u0103, 26 iulie 2026, la v\u00e2rsta de 84 de ani. Timp de aproximativ 35 de ani, acesta \u0219i-a desf\u0103\u0219urat activitatea \u00een cadrul Laboratorului de Radiologie \u0219i Imagistic\u0103 Medical\u0103 al Spitalului Jude\u021bean de Urgen\u021b\u0103 \u201eSf\u00e2ntul Pantelimon\u201d Foc\u0219ani, iar, potrivit informa\u021biilor ob\u021binute de Ziarul de Vrancea din surse apropiate familiei, \u0219i dup\u0103 pensionarea sa, \u00een anul 2007, a continuat s\u0103 \u00ee\u0219i sprijine colegii prin colabor\u0103ri profesionale desf\u0103\u0219urate online p\u00e2n\u0103 de cur\u00e2nd.<\/p>\n<p><strong>Un nume cunoscut \u00een radiologia vr\u00e2ncean\u0103<\/strong><\/p>\n<p>De-a lungul unei cariere \u00eentinse pe mai multe decenii, dr. Stelian Ghinea a f\u0103cut parte din genera\u021bia medicilor care au contribuit la dezvoltarea serviciilor de radiologie din cadrul celei mai importante unit\u0103\u021bi sanitare din jude\u021b.<\/p>\n<p>Surse apropiate familiei au declarat pentru <strong>Ziarul de Vrancea<\/strong> c\u0103, de\u0219i s-a pensionat \u00een urm\u0103 cu aproape dou\u0103 decenii, medicul a r\u0103mas implicat \u00een activitatea profesional\u0103, oferind consultan\u021b\u0103 \u0219i sprijin colegilor din Laboratorul de Radiologie \u0219i Imagistic\u0103 Medical\u0103 al Spitalului Jude\u021bean de Urgen\u021b\u0103 \u201eSf\u00e2ntul Pantelimon\u201d Foc\u0219ani p\u00e2n\u0103 \u00een perioada recent\u0103.<\/p>\n<p><strong>O coinciden\u021b\u0103 cu puternic\u0103 \u00eenc\u0103rc\u0103tur\u0103 simbolic\u0103<\/strong><\/p>\n<p>Trupul ne\u00eensufle\u021bit al medicului este depus la <strong>Capela Spitalului Jude\u021bean de Urgen\u021b\u0103 \u201eSf\u00e2ntul Pantelimon\u201d Foc\u0219ani<\/strong>, chiar \u00een perioada \u00een care unitatea medical\u0103 marcheaz\u0103 hramul l\u0103ca\u0219ului de cult.<\/p>\n<p>\u00cen zilele de 26 \u0219i 27 iulie, spitalul a organizat manifest\u0103rile religioase dedicate <strong>Sf\u00e2ntului Mare Mucenic \u0219i T\u0103m\u0103duitor Pantelimon<\/strong>, ocrotitorul celor bolnavi \u0219i patronul spiritual al institu\u021biei. Programul a inclus Acatistul, Vecernia Mare cu Litie, Utrenia, Sf\u00e2nta Liturghie \u0219i un <strong>parastas \u00een memoria cadrelor medicale trecute la cele ve\u0219nice<\/strong>.<\/p>\n<p>\u00cen acest context, prezen\u021ba sicriului medicului radiolog \u00een capela spitalului \u00een acelea\u0219i zile \u00een care sunt pomeni\u021bi cei care au slujit sistemul medical confer\u0103 momentului o \u00eenc\u0103rc\u0103tur\u0103 aparte pentru colegi, fo\u0219ti colaboratori \u0219i apropia\u021bi.<\/p>\n<p><strong>A r\u0103mas apropiat de spital p\u00e2n\u0103 la sf\u00e2r\u0219itul vie\u021bii<\/strong><\/p>\n<p>Potrivit informa\u021biilor ob\u021binute de redac\u021bia noastr\u0103, leg\u0103tura dintre dr. Stelian Ghinea \u0219i Spitalul Jude\u021bean de Urgen\u021b\u0103 \u201eSf\u00e2ntul Pantelimon\u201d Foc\u0219ani nu s-a \u00eentrerupt odat\u0103 cu pensionarea.<\/p>\n<p>Chiar \u0219i dup\u0103 \u00eencheierea activit\u0103\u021bii oficiale, medicul a continuat s\u0103 ofere sprijin profesional colegilor, men\u021bin\u00e2nd contactul cu laboratorul \u00een care \u0219i-a petrecut cea mai mare parte a vie\u021bii profesionale.<\/p>\n<p>Aceast\u0103 continuitate este evocat\u0103 \u0219i de cei care l-au cunoscut, iar faptul c\u0103 ultimul s\u0103u popas este chiar \u00een capela spitalului \u00een care a lucrat timp de peste trei decenii este privit de mul\u021bi ca o imagine simbolic\u0103 a unei vie\u021bi dedicate medicinei.<\/p>\n<p><strong>Mesaj transmis redac\u021biei Ziarului de Vrancea<\/strong><\/p>\n<p>Luni, 27 iulie 2026, la ora 18:49, redac\u021bia Ziarului de Vrancea a primit urm\u0103torul mesaj:<\/p>\n<blockquote>\n<p>\u201e<strong>Dr. Stelian Ghinea, medic specialist radiolog, a murit pe 26 iulie 2026. Trupul ne\u00eensufle\u021bit al acestuia este depus la Capela Spitalului Jude\u021bean de Urgen\u021b\u0103 \u00abSf\u00e2ntul Pantelimon\u00bb Foc\u0219ani, unde a lucrat p\u00e2n\u0103 la 84 de ani. Regrete eterne! Na\u0219ii Mariana \u0219i Dan Curc\u0103.\u201d<\/strong><\/p>\n<\/blockquote>\n<p><strong>Un moment de reculegere pentru comunitatea medical\u0103 vr\u00e2ncean\u0103<\/strong><\/p>\n<p>Plecarea dintre cei vii a dr. Stelian Ghinea reprezint\u0103 un moment de triste\u021be pentru fo\u0219tii colegi, colaboratori \u0219i pentru numero\u0219ii pacien\u021bi care l-au cunoscut de-a lungul activit\u0103\u021bii sale profesionale.<\/p>\n<p>Ziarul de Vrancea transmite sincere condolean\u021be familiei \u00eendoliate \u0219i tuturor celor care i-au fost aproape.<\/p>\n<hr>\n<div class=\"bloc-widget widget-rosu\">\n<p>\u00cen lipsa unui acord scris din partea Ziarului de Vrancea, pute\u0163i prelua maxim 500 de caractere din acest articol dac\u0103 preciza\u0163i sursa \u015fi insera\u0163i vizibil link-ul articolului:\u00a0<span>#insertcurrentlinkhere<\/span><\/p>\n<\/div>\n<div class=\"extra-articol listing-anunturi\">\n<h6>Anun\u021buri <span class=\"text-primary\">ZdV<\/span> Premium<\/h6>\n<div class=\"row\">\n<div class=\"col-lg-4 col-md-6 bloc-egal\"><a class=\"card-anunt\" href=\"https:\/\/ziaruldevrancea.ro\/anunturi\/imobiliare\/vanzari-terenuri\/vand-teren-in-panciu\"><strong class=\"titlu\">V\u00e2nz\u0103ri terenuri<\/strong><span class=\"text-anunt\">Teren Panciu 1170 mp, cu num\u0103r cas\u0103, ap\u0103&#8230;<\/span><span class=\"data-anunt\">29.07.2026  <\/span><\/a><\/div>\n<div class=\"col-lg-4 col-md-6 bloc-egal\"><a class=\"card-anunt\" href=\"https:\/\/ziaruldevrancea.ro\/anunturi\/altele\/anulare-acte\/vand-scrumbii-afumate-capturi-dunare\"><strong class=\"titlu\">Vanzari diverse<\/strong><span class=\"text-anunt\">Pret : 117 lei \/ kg . \u00a0 Este&#8230;<\/span><span class=\"data-anunt\">29.07.2026 , Gala\u021bi , Gala\u021bi<\/span><\/a><\/div>\n<div class=\"col-lg-4 col-md-6 bloc-egal\"><a class=\"card-anunt\" href=\"https:\/\/ziaruldevrancea.ro\/anunturi\/necrolog\/decese\/dumnezeu-sa-o-aseze-in-randul-celor-drepti\"><strong class=\"titlu\">Decese<\/strong><span class=\"text-anunt\">Cu profund\u0103 durere, familia anun\u021b\u0103 trecerea la&#8230;<\/span><span class=\"data-anunt\">28.07.2026  <\/span><\/a><\/div>\n<\/div>\n<\/div>\n<div class=\"extra-articol alte-articole\">\n<div class=\"row\">\n<div class=\"col-lg-6 bloc-egal\">\n<div class=\"card articol-listing\">\n<h6>\u00cen categoria <a href=\"https:\/\/ziaruldevrancea.ro\/actualitatea\/stiri-locale\">Local<\/a><\/h6>\n<div class=\"grup-articol-listing\">\n<div class=\"cont-pils\"><a href=\"https:\/\/ziaruldevrancea.ro\/actualitatea\/stiri-locale\/foto-pompierii-isu-vrancea-au-dus-lectii-de-siguranta-in-gura-calitei\"><img decoding=\"async\" src=\"https:\/\/zdvi.cname.ro\/180_135\/actualitatea\/stiri-locale\/foto-pompierii-isu-vrancea-au-dus-lectii-de-siguranta-in-gura-calitei\/mediaPool\/unTARgF.jpeg\" class=\"img-responsive img-180\" alt><\/a><\/div>\n<h2><a class=\"link-titlu\" href=\"https:\/\/ziaruldevrancea.ro\/actualitatea\/stiri-locale\/foto-pompierii-isu-vrancea-au-dus-lectii-de-siguranta-in-gura-calitei\">Foto | Pompierii ISU Vrancea au dus lec\u021bii de siguran\u021b\u0103 \u00een Gura Cali\u021bei<\/a><\/h2>\n<div class=\"date-post\"><a href=\"https:\/\/ziaruldevrancea.ro\/autor\/petre-paraschiv\">Petre Paraschiv<\/a>, 31 iul 2026  <\/div>\n<\/div>\n<div class=\"grup-articol-listing\">\n<div class=\"cont-pils\"><a href=\"https:\/\/ziaruldevrancea.ro\/actualitatea\/stiri-locale\/vrancea-soferii-cu-permis-categoria-b-care-fac-transport-contra-cost-trebuie-sa-obtina-un-document-obligatoriu.\"><img decoding=\"async\" src=\"https:\/\/zdvi.cname.ro\/180_135\/actualitatea\/stiri-locale\/vrancea-soferii-cu-permis-categoria-b-care-fac-transport-contra-cost-trebuie-sa-obtina-un-document-obligatoriu.\/mediaPool\/uABp3Hl.jpg\" class=\"img-responsive img-180\" alt><\/a><\/div>\n<h2><a class=\"link-titlu\" href=\"https:\/\/ziaruldevrancea.ro\/actualitatea\/stiri-locale\/vrancea-soferii-cu-permis-categoria-b-care-fac-transport-contra-cost-trebuie-sa-obtina-un-document-obligatoriu.\">Vrancea: \u0218oferii cu permis categoria B care fac transport contra cost trebuie s\u0103 ob\u021bin\u0103 un document obligatoriu<\/a><\/h2>\n<div class=\"date-post\"><a href=\"https:\/\/ziaruldevrancea.ro\/autor\/ionel-sclavone\">Ionel Sclavone<\/a>, 31 iul 2026  <\/div>\n<\/div>\n<div class=\"grup-articol-listing\">\n<div class=\"cont-pils\"><a href=\"https:\/\/ziaruldevrancea.ro\/actualitatea\/stiri-locale\/comisariatul-militar-din-focsani-un-simbol-al-istoriei-vrancei-renaste-prin-restaurare.-povestea-cladirii-care-a-gazduit-divizia-6-infanterie\"><img decoding=\"async\" src=\"https:\/\/zdvi.cname.ro\/180_135\/actualitatea\/stiri-locale\/comisariatul-militar-din-focsani-un-simbol-al-istoriei-vrancei-renaste-prin-restaurare.-povestea-cladirii-care-a-gazduit-divizia-6-infanterie\/mediaPool\/u5btavU.jpg\" class=\"img-responsive img-180\" alt><\/a><\/div>\n<h2><a class=\"link-titlu\" href=\"https:\/\/ziaruldevrancea.ro\/actualitatea\/stiri-locale\/comisariatul-militar-din-focsani-un-simbol-al-istoriei-vrancei-renaste-prin-restaurare.-povestea-cladirii-care-a-gazduit-divizia-6-infanterie\">Comisariatul Militar din Foc\u0219ani, un simbol al istoriei Vrancei, rena\u0219te prin restaurare. Povestea cl\u0103dirii care a g\u0103zduit Divizia 6 Infanterie<\/a><\/h2>\n<div class=\"date-post\"><a href=\"https:\/\/ziaruldevrancea.ro\/autor\/florin-marian-dirdala\">Florin Marian D\u00eerdal\u0103<\/a>, 31 iul 2026  <\/div>\n<\/div>\n<\/div>\n<\/div>\n<div class=\"col-lg-6 bloc-egal\">\n<div class=\"card articol-listing\">\n<h6>De acela\u0219i <a href=\"https:\/\/ziaruldevrancea.ro\/autor\/anca-vasiliu\/\">autor<\/a><\/h6>\n<div class=\"grup-articol-listing\">\n<div class=\"cont-pils\"><a href=\"https:\/\/ziaruldevrancea.ro\/special\/social\/video-concediile-medicale-in-vrancea-ce-s-a-schimbat-din-1-iunie-2026-si-cum-se-face-decontarea-indemnizatiilor\"><img decoding=\"async\" src=\"https:\/\/zdvi.cname.ro\/180_135\/special\/social\/video-concediile-medicale-in-vrancea-ce-s-a-schimbat-din-1-iunie-2026-si-cum-se-face-decontarea-indemnizatiilor\/mediaPool\/uIvvNTh.jpg\" class=\"img-responsive img-180\" alt><\/a><\/div>\n<h2><a class=\"link-titlu\" href=\"https:\/\/ziaruldevrancea.ro\/special\/social\/video-concediile-medicale-in-vrancea-ce-s-a-schimbat-din-1-iunie-2026-si-cum-se-face-decontarea-indemnizatiilor\">VIDEO | Concediile medicale \u00een Vrancea: ce s-a schimbat din 1 iunie 2026 \u0219i cum se face decontarea indemniza\u021biilor<\/a><\/h2>\n<div class=\"date-post\"><a href=\"https:\/\/ziaruldevrancea.ro\/autor\/anca-vasiliu\">Anca Vasiliu<\/a>, 31 iul 2026  <\/div>\n<\/div>\n<div class=\"grup-articol-listing\">\n<div class=\"cont-pils\"><a href=\"https:\/\/ziaruldevrancea.ro\/special\/social\/rmn-ul-spitalului-judetean-focsani-revine-in-functiune-din-1-august\"><img decoding=\"async\" src=\"https:\/\/zdvi.cname.ro\/180_135\/special\/social\/rmn-ul-spitalului-judetean-focsani-revine-in-functiune-din-1-august\/mediaPool\/uDvgVIV.jpg\" class=\"img-responsive img-180\" alt><\/a><\/div>\n<h2><a class=\"link-titlu\" href=\"https:\/\/ziaruldevrancea.ro\/special\/social\/rmn-ul-spitalului-judetean-focsani-revine-in-functiune-din-1-august\">RMN-ul Spitalului Jude\u021bean Foc\u0219ani revine \u00een func\u021biune din 1 august<\/a><\/h2>\n<div class=\"date-post\"><a href=\"https:\/\/ziaruldevrancea.ro\/autor\/anca-vasiliu\">Anca Vasiliu<\/a>, 31 iul 2026  <\/div>\n<\/div>\n<div class=\"grup-articol-listing\">\n<div class=\"cont-pils\"><a href=\"https:\/\/ziaruldevrancea.ro\/promo\/evenimente-speciale\/video--foto-41-de-elevi-din-mediul-rural-din-judetul-vrancea-recompensati-pentru-performantele-obtinute-la-evaluarea-nationala\"><img decoding=\"async\" src=\"https:\/\/zdvi.cname.ro\/180_135\/promo\/evenimente-speciale\/video--foto-41-de-elevi-din-mediul-rural-din-judetul-vrancea-recompensati-pentru-performantele-obtinute-la-evaluarea-nationala\/mediaPool\/uWHTj9m.jpeg\" class=\"img-responsive img-180\" alt><\/a><\/div>\n<h2><a class=\"link-titlu\" href=\"https:\/\/ziaruldevrancea.ro\/promo\/evenimente-speciale\/video--foto-41-de-elevi-din-mediul-rural-din-judetul-vrancea-recompensati-pentru-performantele-obtinute-la-evaluarea-nationala\">VIDEO + Foto | 41 de elevi din mediul rural din jude\u021bul Vrancea, recompensa\u021bi pentru performan\u021bele ob\u021binute la Evaluarea Na\u021bional\u0103 <\/a><\/h2>\n<div class=\"date-post\"><a href=\"https:\/\/ziaruldevrancea.ro\/autor\/anca-vasiliu\">Anca Vasiliu<\/a>, 30 iul 2026  <\/div>\n<\/div>\n<\/div>\n<\/div>\n<\/div>\n<\/div>\n<div class=\"extra-articol listing-anunturi\">\n<h6>Anun\u021buri <span class=\"text-primary\">ZdV<\/span> Premium<\/h6>\n<div class=\"row\">\n<div class=\"col-lg-4 col-md-6 bloc-egal\"><a class=\"card-anunt\" href=\"https:\/\/ziaruldevrancea.ro\/anunturi\/imobiliare\/vanzari-case\/vand-casa-si-teren-in-panciu-anunt-72818\"><strong class=\"titlu\">V\u00e2nz\u0103ri case<\/strong><span class=\"text-anunt\">V\u00e2nd cas\u0103 cu 2 camere, buc\u0103t\u0103rie, baie,&#8230;<\/span><span class=\"data-anunt\">23.07.2026  <\/span><\/a><\/div>\n<div class=\"col-lg-4 col-md-6 bloc-egal\"><a class=\"card-anunt\" href=\"https:\/\/ziaruldevrancea.ro\/anunturi\/angajari\/cereri-angajari\/doresc-angajare-anunt-72815\"><strong class=\"titlu\">Cereri<\/strong><span class=\"text-anunt\">Doresc s\u0103 am grij\u0103 de un copil de gradini\u021b\u0103&#8230;<\/span><span class=\"data-anunt\">21.07.2026  <\/span><\/a><\/div>\n<div class=\"col-lg-4 col-md-6 bloc-egal\"><a class=\"card-anunt\" href=\"https:\/\/ziaruldevrancea.ro\/anunturi\/inchirieri\/locuinte-oferte\/primesc-in-gazda-anunt-72816\"><strong class=\"titlu\">Locuin\u021be oferte<\/strong><span class=\"text-anunt\">\u00a0Primesc \u00een gazd\u0103 la cas\u0103.<\/p>\n<p>Tel&#8230;.<\/span><span class=\"data-anunt\">21.07.2026  <\/span><\/a><\/div>\n<\/div>\n<\/div>\n<div class=\"bloc-widget widget-albastru\">\n    Ziarul de Vrancea \u00a0nu este responsabil juridic pentru con\u0163inutul textelor din comentariile de mai jos. Responsabilitatea pentru mesajele dumneavoastra v\u0103 revine \u00een exclusivitate.\n<\/div>\n<div class=\"comentarii-articol\" id=\"comentarii\">\n<h3>Comentarii: <span class=\"text-primary\">0<\/span><\/h3>\n<p><a href=\"https:\/\/ziaruldevrancea.ro\/actualitatea\/stiri-locale\/doliu-la-spitalul-judetean-focsani-dr.-stelian-ghinea-medicul-radiolog-care-a-dedicat-35-de-ani-sanatatii-vrancenilor-a-incetat-din-viata-la-84-de-ani\" class=\"btn btn-success btn-adauga-com\" data-toggle=\"modal\" data-parent=\"0\" data-target=\"#commentModal\">Adaug\u0103 comentariu<\/a><\/p>\n<div class=\"loadMask comments-mask\"><img decoding=\"async\" src=\"https:\/\/zdvs.cname.ro\/images\/loader_40.gif\"><\/div>\n<div class=\"comenteaza-jos\">Trebuie s\u0103 fii <a href=\"https:\/\/ziaruldevrancea.ro\/account\">autentificat<\/a> pentru a putea <a href=\"https:\/\/ziaruldevrancea.ro\/actualitatea\/stiri-locale\/doliu-la-spitalul-judetean-focsani-dr.-stelian-ghinea-medicul-radiolog-care-a-dedicat-35-de-ani-sanatatii-vrancenilor-a-incetat-din-viata-la-84-de-ani\" class data-toggle=\"modal\" data-parent=\"0\" data-target=\"#commentModal\">posta un comentariu<\/a>.<\/div>\n<\/div>\n<div class=\"modal fade\" id=\"commentModal\" role=\"dialog\" aria-labelledby=\"commentModalLabel\">\n<div class=\"modal-dialog modal-lg\" role=\"document\">\n<div class=\"modal-content\">\n<div class=\"modal-header\">\n<h3 class=\"modal-title\" id=\"commentModalLabel\">Comenteaz\u0103<\/h3>\n<\/div>\n<div class=\"modal-body\">\n<div class=\"tabel tabel-full\">\n<div class=\"celula\">\n              Trebuie s\u0103 fii <a href=\"https:\/\/ziaruldevrancea.ro\/account\">autentificat<\/a> pentru a putea posta un comentariu.\n            <\/div>\n<\/div>\n<\/div>\n<div class=\"modal-footer\">\n<div id=\"commentPending\" class=\"formPending pull-left\"><img decoding=\"async\" src=\"https:\/\/zdvs.cname.ro\/images\/loader_40.gif\"> In curs de procesare&#8230;<\/div>\n<p><a href=\"https:\/\/ziaruldevrancea.ro\/actualitatea\/stiri-locale\/doliu-la-spitalul-judetean-focsani-dr.-stelian-ghinea-medicul-radiolog-care-a-dedicat-35-de-ani-sanatatii-vrancenilor-a-incetat-din-viata-la-84-de-ani\" class=\"btn btn-default\" data-dismiss=\"modal\">Anuleaz\u0103<\/a><\/div>\n<\/div>\n<\/div>\n<\/div>\n<div class=\"modal fade\" id=\"commentReportModal\" role=\"dialog\" aria-labelledby=\"commentReportModalLabel\">\n<div class=\"modal-dialog modal-lg\" role=\"document\">\n<div class=\"modal-content\">\n<div class=\"modal-header\">\n<h3 class=\"modal-title\" id=\"commentReportModalLabel\">Raporteaza comentariu<\/h3>\n<\/div>\n<div class=\"modal-body\">\n<div class=\"tabel tabel-full\">\n<div class=\"celula\">\n              Trebuie s\u0103 fii <a href=\"https:\/\/ziaruldevrancea.ro\/account\">autentificat<\/a> pentru a putea raporta un comentariu.\n            <\/div>\n<\/div>\n<\/div>\n<div class=\"modal-footer\">\n<div id=\"commentReportPending\" class=\"formPending pull-left\"><img decoding=\"async\" src=\"https:\/\/zdvs.cname.ro\/images\/loader_40.gif\"> In curs de procesare&#8230;<\/div>\n<p><a href=\"https:\/\/ziaruldevrancea.ro\/actualitatea\/stiri-locale\/doliu-la-spitalul-judetean-focsani-dr.-stelian-ghinea-medicul-radiolog-care-a-dedicat-35-de-ani-sanatatii-vrancenilor-a-incetat-din-viata-la-84-de-ani\" class=\"btn btn-default\" data-dismiss=\"modal\">Anuleaz\u0103<\/a><\/div>\n<\/div>\n<\/div>\n<\/div>\n<div class=\"modal fade\" id=\"commentLikeModal\" role=\"dialog\" aria-labelledby=\"commentLikeModalLabel\">\n<div class=\"modal-dialog modal-lg\" role=\"document\">\n<div class=\"modal-content\">\n<div class=\"modal-header\">\n<h3 class=\"modal-title\" id=\"commentReportModalLabel\">Apreciaza comentariu<\/h3>\n<\/div>\n<div class=\"modal-body\">\n<div class=\"tabel tabel-full\">\n<div class=\"celula\">\n            Trebuie s\u0103 fii <a href=\"https:\/\/ziaruldevrancea.ro\/account\">autentificat<\/a> pentru a putea aprecia un comentariu.\n          <\/div>\n<\/div>\n<\/div>\n<div class=\"modal-footer\"><a href=\"https:\/\/ziaruldevrancea.ro\/actualitatea\/stiri-locale\/doliu-la-spitalul-judetean-focsani-dr.-stelian-ghinea-medicul-radiolog-care-a-dedicat-35-de-ani-sanatatii-vrancenilor-a-incetat-din-viata-la-84-de-ani\" class=\"btn btn-default\" data-dismiss=\"modal\">Anuleaz\u0103<\/a><\/div>\n<\/div>\n<\/div>\n<\/div>\n<div class=\"bloc-widget widget-rosu\"><span><small>Ziarul de Vrancea doreste ca acest site sa fie un spatiu al discutiilor civilizate, al comentariilor de bun simt. Din acest motiv, cei care posteaza comentarii la articole trebuie sa respecte urmatoarele reguli:<br \/>\n1. Sa se refere doar la articolul la care posteaza comentarii.<br \/>\n2. Sa foloseasca un limbaj civilizat, fara injurii, calomnii, comentarii antisemite, xenofobe sau rasiste.<br \/>\n3. Sunt interzise atacurile la adresa autorilor, daca acestea nu au legatura cu textul.<br \/>\n4. Username-ul sa nu fie nume de personalitati ale vietii publice sau parodieri ale acestora.<br \/>\nAutorul unui articol poate fi criticat pentru eventuale greseli, incoerenta, lipsa de documentare etc.<br \/>\nNerespectarea regulilor mentionate mai sus va duce la stergerea comentariilor, fara avertisment si fara explicatii.<br \/>\nAbaterile repetate vor avea drept consecinta interdictia accesului la aceasta facilitate a site-ului.<\/small><\/span><\/div>\n<\/div>\n<p>[analyse_source url=&#8221;https:\/\/ziaruldevrancea.ro\/actualitatea\/stiri-locale\/doliu-la-spitalul-judetean-focsani-dr.-stelian-ghinea-medicul-radiolog-care-a-dedicat-35-de-ani-sanatatii-vrancenilor-a-incetat-din-viata-la-84-de-ani&#8221;]<\/p>\n","protected":false},"excerpt":{"rendered":"<p>[analyse_image type=&#8221;featured&#8221; src=&#8221;https:\/\/zdvi.cname.ro\/_\/doliu-la-spitalul-judetean-focsani-dr.-stelian-ghinea-medicul-radiolog-care-a-dedicat-35-de-ani-sanatatii-vrancenilor-a-incetat-din-viata-la-84-de-ani\/mediaPool\/uBkQiQj.jpg&#8221;] Local Doliu la Spitalul Jude\u021bean Foc\u0219ani: Dr. Stelian Ghinea, medicul radiolog care a dedicat 35 de ani s\u0103n\u0103t\u0103\u021bii vr\u00e2ncenilor, a \u00eencetat din via\u021b\u0103 la 84 de ani Distribuie: \u00a0 | Anca Vasiliu 28 iul 20261475 vizualiz\u0103ri Vrancea pierde unul dintre medicii radiologi care \u0219i-au legat aproape \u00eentreaga carier\u0103 de Spitalul Jude\u021bean de [&hellip;]<\/p>\n","protected":false},"author":1,"featured_media":0,"comment_status":"open","ping_status":"","sticky":false,"template":"","format":"standard","meta":{"footnotes":""},"categories":[89],"tags":[226,208],"class_list":["post-2071074","post","type-post","status-publish","format-standard","hentry","category-romania","tag-crawlmanager","tag-ziaruldevrancea-ro"],"_links":{"self":[{"href":"https:\/\/analyse.optim.biz\/index.php?rest_route=\/wp\/v2\/posts\/2071074","targetHints":{"allow":["GET"]}}],"collection":[{"href":"https:\/\/analyse.optim.biz\/index.php?rest_route=\/wp\/v2\/posts"}],"about":[{"href":"https:\/\/analyse.optim.biz\/index.php?rest_route=\/wp\/v2\/types\/post"}],"author":[{"embeddable":true,"href":"https:\/\/analyse.optim.biz\/index.php?rest_route=\/wp\/v2\/users\/1"}],"replies":[{"embeddable":true,"href":"https:\/\/analyse.optim.biz\/index.php?rest_route=%2Fwp%2Fv2%2Fcomments&post=2071074"}],"version-history":[{"count":0,"href":"https:\/\/analyse.optim.biz\/index.php?rest_route=\/wp\/v2\/posts\/2071074\/revisions"}],"wp:attachment":[{"href":"https:\/\/analyse.optim.biz\/index.php?rest_route=%2Fwp%2Fv2%2Fmedia&parent=2071074"}],"wp:term":[{"taxonomy":"category","embeddable":true,"href":"https:\/\/analyse.optim.biz\/index.php?rest_route=%2Fwp%2Fv2%2Fcategories&post=2071074"},{"taxonomy":"post_tag","embeddable":true,"href":"https:\/\/analyse.optim.biz\/index.php?rest_route=%2Fwp%2Fv2%2Ftags&post=2071074"}],"curies":[{"name":"wp","href":"https:\/\/api.w.org\/{rel}","templated":true}]}}