{"id":2071073,"date":"2026-07-28T00:00:00","date_gmt":"2026-07-27T21:00:00","guid":{"rendered":"https:\/\/analyse.optim.biz\/?p=2071073"},"modified":"2026-07-28T00:00:00","modified_gmt":"2026-07-27T21:00:00","slug":"video-20-de-ani-de-la-tragedia-care-a-indoliat-vrancea","status":"publish","type":"post","link":"https:\/\/analyse.optim.biz\/?p=2071073","title":{"rendered":"VIDEO | 20 de ani de la tragedia care a \u00eendoliat Vrancea"},"content":{"rendered":"<p>[analyse_image type=&#8221;featured&#8221; src=&#8221;https:\/\/zdvi.cname.ro\/_\/20-de-ani-de-la-tragedia-care-a-indoliat-vrancea\/mediaPool\/uZKmDUo.png&#8221;]<\/p>\n<div class=\"main-content detaliu-articol\"><a class=\"titlu-cat-list\" href=\"https:\/\/ziaruldevrancea.ro\/actualitatea\/stiri-locale\">Local<\/a><\/p>\n<h1>VIDEO | 20 de ani de la tragedia care a \u00eendoliat Vrancea<\/h1>\n<div class=\"date-articol clearfix\">\n<div class=\"distribuie-articol dropdown\">\n    Distribuie: \u00a0<br \/>\n    <em>|<\/em><\/div>\n<div class=\"autor-articol\"><a href=\"https:\/\/ziaruldevrancea.ro\/autor\/nicolae-manoliu\/\"><img decoding=\"async\" class=\"img-circle\" src=\"https:\/\/zdvi.cname.ro\/50_50\/articleAuthor\/nicolae-manoliu\/articleAuthor\/u9tXyQL.PNG\" alt><\/a><\/p>\n<h5><a href=\"https:\/\/ziaruldevrancea.ro\/autor\/nicolae-manoliu\/\">Nicolae Manoliu<\/a><\/h5>\n<div class=\"grup-spatiere\"><span class=\"cu-spatiere\">28 iul 2026<\/span><span class=\"cu-spatiere\">1609 vizualiz\u0103ri<\/span><\/div>\n<\/div>\n<\/div>\n<div class=\"poza-mare\"><a href class=\"openGallery\"><img decoding=\"async\" class=\"img-responsive\" src=\"https:\/\/zdvi.cname.ro\/850_530\/20-de-ani-de-la-tragedia-care-a-indoliat-vrancea\/article\/mediaPool\/uZKmDUo.png\" alt><\/a><\/div>\n<p><strong>Comandantul Batalionului 280 Infanterie Foc\u0219ani, lt. col. \u0218tefan B\u0103lan, \u0219i so\u021bia sa au murit la c\u00e2teva ore dup\u0103 \u00eentoarcerea din Irak.<\/strong><\/p>\n<p><strong>Pe 28 iulie 2006, jude\u021bul Vrancea a fost zguduit de una dintre cele mai dramatice tragedii din istoria recent\u0103. Lt. col. \u0218tefan B\u0103lan, comandantul Batalionului 280 Infanterie Foc\u0219ani, \u0219i so\u021bia sa, Maricica, \u0219i-au pierdut via\u021ba \u00eentr-un accident rutier produs l\u00e2ng\u0103 R\u00e2mnicu S\u0103rat, dup\u0103 ce ofi\u021berul revenise acas\u0103 dintr-o misiune de \u0219ase luni \u00een Irak. La dou\u0103 decenii distan\u021b\u0103, comunitatea vr\u00e2ncean\u0103 nu a uitat acest destin cutremur\u0103tor.<\/strong><\/p>\n<hr>\n<p><strong>20 de ani de la tragedia care a marcat Vrancea. Povestea comandantului care a supravie\u021buit r\u0103zboiului din Irak, dar \u0219i-a pierdut via\u021ba la doar 35 de kilometri de cas\u0103<\/strong><\/p>\n<p><strong>VIDEO:<a href=\"https:\/\/www.youtube.com\/@pyctyl\" target=\"_blank\">pyctyl<\/a><\/strong><\/p>\n<iframe loading=\"lazy\" frameborder height=\"560\" scrolling=\"no\" src=\"https:\/\/www.youtube.com\/embed\/D5hdsKVP33U?si=1D81HwUyPNdVi1FP\" width=\"100%\"><\/iframe>\n<p>Se \u00eemplinesc ast\u0103zi 20 de ani de la una dintre cele mai dureroase tragedii care au marcat jude\u021bul Vrancea \u0219i Armata Rom\u00e2n\u0103 \u00een perioada particip\u0103rii militarilor rom\u00e2ni la misiunile interna\u021bionale.<\/p>\n<p>La 28 iulie 2006, locotenent-colonelul <strong>\u0218tefan B\u0103lan<\/strong>, comandantul <strong>Batalionului 280 Infanterie Foc\u0219ani<\/strong>, \u0219i so\u021bia sa, <strong>Maricica B\u0103lan<\/strong>, \u0219i-au pierdut via\u021ba \u00eentr-un grav accident rutier produs la ie\u0219irea din R\u00e2mnicu S\u0103rat, la numai c\u00e2teva ore dup\u0103 revenirea ofi\u021berului din teatrul de opera\u021bii din Irak.<\/p>\n<p>Accidentul s-a produs \u00een timp ce familia se \u00eendrepta spre Foc\u0219ani, unde \u00eel a\u0219teptau colegii, prietenii \u0219i rudele pentru a s\u0103rb\u0103tori \u00eentoarcerea acas\u0103 \u0219i apropiata sa aniversare. Pe 1 august urma s\u0103 \u00eemplineasc\u0103 doar 39 de ani.<\/p>\n<p><strong>\u0218ase luni \u00een Irak, peste 1.500 de misiuni \u00eendeplinite<\/strong><\/p>\n<p>Lt. col. \u0218tefan B\u0103lan condusese timp de \u0219ase luni Batalionul 280 Infanterie \u00een sudul Irakului, \u00eentr-una dintre cele mai dificile perioade ale opera\u021biunilor de stabilizare.<\/p>\n<p>Sub comanda sa, militarii foc\u0219\u0103neni au executat aproximativ <strong>1.500 de misiuni<\/strong>, de la patrulare \u0219i protec\u021bia convoaielor p\u00e2n\u0103 la sprijinirea autorit\u0103\u021bilor locale \u0219i ac\u021biuni umanitare, \u00een condi\u021bii extreme, la temperaturi care dep\u0103\u0219eau frecvent 50 de grade Celsius.<\/p>\n<p>\u00cen ultimul interviu acordat <strong>Ziarului de Vrancea<\/strong>, chiar \u00eenainte de plecarea din Irak, comandantul m\u0103rturisea c\u0103 cea mai mare provocare nu au reprezentat atacurile insurgente, ci responsabilitatea fa\u021b\u0103 de oamenii afla\u021bi sub comanda sa.<\/p>\n<p>\u00centrebat ce a fost cel mai greu \u00een timpul misiunii, r\u0103spunsul a venit f\u0103r\u0103 ezitare:<\/p>\n<p><strong>\u201eS\u0103 am grij\u0103 de b\u0103ie\u021bi.\u201d<\/strong><\/p>\n<p>Tot atunci vorbea cu emo\u021bie despre fiica sa, pe care o descria drept \u201ecea mai bun\u0103 fiic\u0103 din lume\u201d, \u0219i despre dorin\u021ba de a-\u0219i petrece ziua de na\u0219tere al\u0103turi de familie.<\/p>\n<p><strong>Ironia unui destin care a impresionat o \u021bar\u0103 \u00eentreag\u0103<\/strong><\/p>\n<p>Vestea mor\u021bii sale a provocat un \u0219oc nu doar \u00een Vrancea, ci \u0219i \u00een r\u00e2ndul militarilor rom\u00e2ni \u0219i italieni afla\u021bi \u00eenc\u0103 \u00een baza Camp Mittica din Irak.<\/p>\n<p>Generalul italian <strong>Carmine de Pascale<\/strong>, comandantul Brig\u0103zii Garibaldi, declara atunci c\u0103 destinul lui \u0218tefan B\u0103lan este greu de \u00een\u021beles.<\/p>\n<p>Ofi\u021berul rom\u00e2n trecuse nev\u0103t\u0103mat prin \u0219ase luni de misiuni \u00eentr-una dintre cele mai periculoase zone ale lumii, \u00eens\u0103 \u0219i-a pierdut via\u021ba la numai c\u00e2teva zeci de kilometri de cas\u0103.<\/p>\n<p>\u00cen ultimele ore petrecute \u00een Irak, vizitase celebrul ziggurat din Ur \u0219i \u00ee\u0219i exprimase speran\u021ba c\u0103 \u00eentr-o zi va reveni acolo ca turist, \u00eempreun\u0103 cu so\u021bia \u0219i fiica sa.<\/p>\n<p>Acest vis nu avea \u00eens\u0103 s\u0103 se mai \u00eemplineasc\u0103.<\/p>\n<p><strong>O tragedie care a \u00eendoliat Foc\u0219aniul<\/strong><\/p>\n<p>Moartea celor doi so\u021bi a adus mii de oameni pe str\u0103zile Foc\u0219aniului.<\/p>\n<p>La funeraliile organizate pe 1 august 2006 au participat peste <strong>1.500 de persoane<\/strong>, oficialit\u0103\u021bi militare \u0219i civile, colegi, camarazi \u0219i simpli cet\u0103\u021beni impresiona\u021bi de destinul familiei B\u0103lan.<\/p>\n<p>\u0218tefan \u0219i Maricica B\u0103lan au fost \u00eenmorm\u00e2nta\u021bi \u00eempreun\u0103 \u00een Cimitirul Nordic din Foc\u0219ani, chiar \u00een ziua \u00een care comandantul ar fi \u00eemplinit 39 de ani.<\/p>\n<p>\u00cen acea perioad\u0103, fiica lor, <strong>Irina Andreea B\u0103lan<\/strong>, \u00een v\u00e2rst\u0103 de doar 14 ani, se afla internat\u0103 \u00een stare grav\u0103 la Spitalul Floreasca din Bucure\u0219ti, fiind singura supravie\u021buitoare a accidentului.<\/p>\n<p><strong>Destinul Irinei B\u0103lan<\/strong><\/p>\n<p>Anii au trecut, iar povestea familiei B\u0103lan a continuat \u00eentr-un mod emo\u021bionant.<\/p>\n<p>Dup\u0103 o lung\u0103 recuperare, Irina Andreea B\u0103lan \u0219i-a construit propria carier\u0103 \u0219i a ales s\u0103 urmeze drumul tat\u0103lui s\u0103u.<\/p>\n<p>\u00cen 2016, Ziarul de Vrancea relata c\u0103 t\u00e2n\u0103ra devenise militar \u0219i \u00ee\u0219i desf\u0103\u0219ura activitatea chiar \u00een cadrul <strong>Batalionului 280 Infanterie \u201eValter M\u0103r\u0103cineanu\u201d<\/strong>, unitatea pe care tat\u0103l s\u0103u o comandase cu profesionalism \u0219i devotament.<\/p>\n<p>\u00centr-un mesaj care a impresionat opinia public\u0103, Irina m\u0103rturisea:<\/p>\n<p>\u201e<strong>Uneori mi-e greu, vreau o \u00eembr\u0103\u021bi\u0219are de la mama sau de la tata&#8230; Ultimul cadou pe care l-am primit de la tata este o c\u0103mil\u0103 de plu\u0219 pe care scrie: \u00abTe iubesc, tati\u00bb.<\/strong>\u201d<\/p>\n<p><strong>O amintire care r\u0103m\u00e2ne vie \u00een memoria Vrancei<\/strong><\/p>\n<p>La dou\u0103 decenii de la tragedia din 28 iulie 2006, numele locotenent-colonelului \u0218tefan B\u0103lan continu\u0103 s\u0103 fie asociat cu profesionalismul, responsabilitatea \u0219i grija pentru militarii afla\u021bi sub comanda sa.<\/p>\n<p>Povestea sa r\u0103m\u00e2ne una dintre cele mai impresionante din istoria militar\u0103 recent\u0103 a jude\u021bului Vrancea: un comandant care a trecut cu bine prin pericolele r\u0103zboiului din Irak, dar \u0219i-a pierdut via\u021ba \u00een drumul spre cas\u0103, acolo unde \u00eel a\u0219teptau familia \u0219i camarazii.<\/p>\n<p>Ast\u0103zi, la 20 de ani de la acea zi, comunitatea vr\u00e2ncean\u0103 \u00ee\u0219i aminte\u0219te cu respect de sacrificiul \u0219i destinul familiei B\u0103lan, o pagin\u0103 de istorie care continu\u0103 s\u0103 emo\u021bioneze genera\u021bii \u00eentregi.<\/p>\n<p><strong>Nicolae Manoliu<\/strong><\/p>\n<p><strong>Citi\u021bi \u0219i:<\/strong><strong>Lt.col. \u0218tefan B\u0103lan, comandantul Batalionului 280 Infanterie Foc\u0219ani:Ultimul interviu<\/strong>-articol publicat \u00een Ziarul de Vrancea pe 29 iulie 2007<\/p>\n<p><img decoding=\"async\" alt src=\"https:\/\/zdvi.cname.ro\/_\/mediaPool-file\/mediaPool\/uwI1s4n.png\"><\/p>\n<p><strong>Alalt\u0103ieri (n.r. joi 27 iulie 2006), la plecarea din Irak, al\u0103turi de ultimii militari vr\u00e2nceni, comandantul se bucura c\u0103 \u00ee\u0219i va serba ziua de na\u0219tere acas\u0103, al\u0103turi de fiica \u0219i so\u021bia sa, care-l \u00eenso\u021beau \u00eenainte de accident<\/strong><\/p>\n<p>Vestea cumplitei mor\u021bi a lt. col. \u0218tefan B\u0103lan, comandantul Batalionului 280 Infanterie Foc\u0219ani \u0219i a so\u021biei sale, \u00eentr-un accident rutier produs l\u00e2ng\u0103 R\u00e2mnicu S\u0103rat, a c\u0103zut ca o mortier\u0103 inamic\u0103 asupra militarilor rom\u00e2ni \u00eencartirui\u021bi \u00een C\u00e2mp Mittica din sudul Irakului. \u201e<strong><em>Ce ciudat\u0103 e via\u021b\u0103! Nu i s-a \u00eent\u00eemplat nimic timp de 6 luni \u00een Irak \u0219i a sf\u00e2r\u0219it acolo at\u00e2t de repede<\/em><\/strong>\u201d, a spus, extrem de afectat, <strong>generalul Carmine de Pascale, comandantul Brig\u0103zii Garibald<\/strong>i, care coordoneaz\u0103 activitatea rom\u00e2nilor \u00een baza C\u00e2mp Mittica. Cei doi comandan\u021bi \u00ee\u0219i luaser\u0103 r\u0103mas bun de c\u00eeteva ore. Prezen\u021ba impun\u0103toare a lt. col. B\u0103lan, al\u0103turi de militarii s\u0103i, este foarte proasp\u0103t\u0103 aici, \u00een miezul fierbinte al de\u0219ertului irakian.<\/p>\n<p><strong>Se temea de ma\u0219ini capcan\u0103<\/strong><\/p>\n<p>\u00cen Irak, tuturor le este fric\u0103 de ma\u0219ini capcan\u0103; inclusiv lt. col. \u0218tefan B\u0103lan. Joi sear\u0103, dup\u0103 terminarea procesului de predare a misiunii, comandantul a vizitat \u201e<strong><em>zigguratul din Ur<\/em><\/strong>\u201d, o piramid\u0103 construit\u0103 acum 5.000 de ani, situat\u0103 l\u00e2ng\u0103 baza Coali\u021biei Multina\u021bionale. La umbra b\u0103tr\u00eenului monument, folosit de vechii preo\u021bi mesopotamieni pentru a sta de vorba cu zeii, spunea c\u0103 ma\u0219inile capcan\u0103 au ajuns simbolul Irakului de azi. Ironia soartei a f\u0103cut ca o carier\u0103 militar\u0103 str\u0103lucitoare s\u0103 se \u00eencheie at\u00e2t de brusc \u00eentr-o \u201e<strong><em>ma\u0219in\u0103 capcan\u0103\u201d<\/em><\/strong>. \u0218i nu \u00een Irak, atacat de rebeli, ci la 35 de kilometri de cas\u0103! Comandantul batalionului vr\u00e2ncean spera ca \u201e<strong><em>zigguratul din Ur<\/em><\/strong>\u201d s\u0103 redevin\u0103 simbolul Irakului. \u00ce\u0219i dorea s\u0103-l poat\u0103 revedea peste ani, \u00een calitate de turist, \u00eempreun\u0103 cu so\u021bia \u0219i fiica. Aceast\u0103 este starea de normalitate \u00een Irak, la care r\u00e2vnea, ca parte a efortului de reinstaurare a p\u0103cii \u00een zona la care Rom\u00e2nia este parte.<\/p>\n<p>Lt. col. \u0218tefan B\u0103lan a condus batalionul foc\u0219\u0103nean \u00een Irak timp de \u0219ase luni \u0219i o s\u0103pt\u0103m\u00een\u0103. Am stat de vorba cu doar c\u00e2teva ore \u00eenainte de a decola ieri (n.r. joi 27 iulie 2026), \u00een zorii zilei, al\u0103turi de ultimii 40 de camarazi, de pe aerobaza din Tallil. Era ner\u0103bd\u0103tor, dar mul\u021bumit de oamenii s\u0103i, a\u0219a cum este orice comandant la sf\u00e2r\u0219itul unei misiuni \u00eendeplinite. L-am \u00eentrebat ce a fost mai greu. \u201e<strong><em>S\u0103 am grij\u0103 de b\u0103ie\u021bi!<\/em><\/strong>\u201d, vine r\u0103spunsul. \u201e<strong><em>Am avut 405 griji aici, plus alte c\u00eeteva mii \u00een \u021bar\u0103. Cu o singur\u0103 nefericit\u0103 excep\u021bie: caporalul Lili Dobre, care s-a sinucis, nu am pierdut niciun om. A fost un gest unilateral, care n-a avut leg\u0103tur\u0103 cu misiunea<\/em><\/strong>.\u201d Lt. Col. B\u0103lan a dezv\u0103luit c\u0103 a pl\u00e2ns \u00een Irak. S-a \u00eent\u00eemplat atunci c\u00e2nd i-a revenit misiunea de a sigila sicriul caporalului Bogdan H\u00eencu, de la Compania de Poli\u021bie Militar\u0103 Ia\u0219i, care a murit \u00eentr-un atac terorist, pe 27 aprilie 2006, al\u0103turi de trei camarazi italieni.\u00a0<\/p>\n<p>La ultima sear\u0103 petrecut\u0103 \u00een C\u00e2mp Mittica, era fericit c\u0103, la capatul unei misiuni epuizante, \u00ee\u0219i va serba ziua de na\u0219tere acas\u0103, la Foc\u0219ani, pe 1 august. Ar fi \u00eemplinit 39 de ani. Acas\u0103 \u00eel a\u0219tepta so\u021bia \u0219i fiica de 14 ani. \u201e<strong><em>Cea mai bun\u0103 fiica din lume ! Are numai note de 10\u201d<\/em><\/strong>, dup\u0103 cum a m\u0103rturisit. Lt. col. B\u0103lan a apucat s\u0103 le felicite \u0219i pe so\u021biile militarilor, care, prin intermediul \u201e<strong><em>Asocia\u021biei So\u021biilor Cadrelor Militare aflate \u00een misiune<\/em><\/strong>\u201d, le-au trimis de Pa\u0219te 4000 de s\u0103rm\u0103lu\u021be \u00een Irak. \u0218i \u00een Rom\u00e2nia \u00eel a\u0219tepta un an greu, pentru c\u0103 batalionul va trece prin faza final\u0103 de opera\u021bionalizare \u0219i va fi pus la dispozi\u021bia NATO.<\/p>\n<p><strong>Ocolul p\u0103m\u00eentului de zece ori<\/strong><\/p>\n<p>Lt. Col. \u0218tefan B\u0103lan a fost numit comandant al Batalionului 280 Infanterie \u00een 2005. \u00cen 2006, la finalul a \u0219ase luni fierbin\u021bi, la propriu, a raportat 1500 de misiuni \u00eendeplinite. Au fost activit\u0103\u021bi de paz\u0103, patrul\u0103ri, misiuni de recunoa\u0219tere, de \u00eenso\u021bire \u0219i asigurare a protec\u021biei convoaielor sau V.I.P.-urilor, de preg\u0103tire a structurilor locale de securitate, dar \u0219i de reconstruc\u021bie \u0219i ajutorare a civilor, din regiunea Dhi Qar fiind una foarte s\u0103rac\u0103. Totul s-a derulat la temperaturi de peste 55 de grade la umbr\u0103. \u00cen tot acest timp, tehnic\u0103 din dotare a parcurs peste 40.000 de km, ceea ce \u00eenseamn\u0103 ocolul p\u0103m\u00eentului de zece ori.<\/p>\n<p>Pentru tot ce au f\u0103cut militarii sub comand\u0103 lt. col. B\u0103lan, Rom\u00e2nia a c\u0103p\u0103tat o recunoa\u0219tere interna\u021bional\u0103. \u201e<strong><em>Lt. Col. \u0218tefan B\u0103lan este un ofi\u021ber extraordinar, comanda lui a fost caracterizat\u0103 prin curaj, \u00eencredere \u0219i hot\u0103r\u00e2re, ceea ce a dus la ob\u021binerea de rezultate remarcabile \u0219i la succesul opera\u021biunilor coali\u021biei. Cooperarea cu contingentul italian este o dovad\u0103 concret\u0103 a unei munci bine f\u0103cute, recunoscut\u0103 interna\u021bional. \u0218i-a condus oamenii prin sacrifiu, efort \u0219i propriul exemplu.<\/em><\/strong>\u201d, a declarat, citind din raportul personal, <strong>generalul Carmine de Pascale, comandantul Brig\u0103zii Garibaldi<\/strong>, care a avut \u00een subordine batalionul vr\u00e2ncean. Acesta a f\u0103cut ieri dup\u0103-amiaz\u0103 (vineri 28 iulie 2006), imediat dup\u0103 aflarea ve\u0219tii, o scurt\u0103 conferin\u021b\u0103 de pres\u0103 \u00een C\u00e2mp Mittica, cu cei trei jurnali\u0219ti din Rom\u00e2nia prezen\u021bi \u00een baza Coali\u021biei Multina\u021bionale. Generalul a expediat \u00een cursul zilei de ieri scrisori de condolean\u021be din partea Armatei Italiene familiei \u00eendoliate \u0219i colegilor lt. Col. \u0218tefan B\u0103lan despre care a spus c\u0103 este un exemplu al genera\u021biei sale. De asemenea, militarii italieni au spus c\u0103 \u0219eful batalionului foc\u0219\u0103nean avea \u201e<strong><em>s\u00e2nge de general<\/em><\/strong>\u201d. Dumnezeu s\u0103-l odihneasc\u0103 \u00een pace! (<strong>Silvia Vr\u00eenceanu Nichita<\/strong>)<\/p>\n<p><strong>Citi\u021bi \u0219i: Moartea s-a \u00eentors dup\u0103 17 ani la R\u00e2mnicu S\u0103rat s\u0103-l ia pe lt. col. B\u0103lan, comandantul Batalionului 280 Infanterie Foc\u0219ani- <\/strong>articol publicat \u00een Ziarul de Vrancea pe 31 iulie 2006<\/p>\n<p><img decoding=\"async\" alt src=\"https:\/\/zdvi.cname.ro\/_\/mediaPool-file\/mediaPool\/uNsqkFF.png\"><\/p>\n<p><strong>Pe 22 decembrie 1989, lt. col. \u0218tefan B\u0103lan, comandantul Batalionului 280 Infanterie Foc\u0219ani, era s\u0103 fie \u00eempu\u0219cat la R\u00e2mnicu S\u0103rat, locul unde a murit \u00een accident vinerea trecut\u0103 (n.r. 28 iulie 2006), la venirea din Irak. El \u0219i so\u021bia vor fi \u00eenmorm\u00e2nta\u021bi m\u00e2ine (n.r. 01 august 2006), \u00een ziua \u00een care ar fi \u00eemplinit 39 de ani. Fiica so\u021bilor B\u0103lan, Irina Andreea, este internat\u0103 \u00een stare grav\u0103 la Bucure\u0219ti<\/strong><\/p>\n<p>Tragedia de vinerea trecut\u0103 (n.r. 28 iulie 2006) are loc la aproape 17 ani de c\u00e2nd, pe 22 decembrie1989, \u0218tefan B\u0103lan a fost la un pas de moarte tot la R\u00e2mnicu S\u0103rat. Atunci convoiul militar \u00een care se afl\u0103 a fost atacat de necunoscu\u021bi, iar un glon\u021b i-a trecut chiar pe l\u00e2ng\u0103 cap. Lt. col. \u0218tefan B\u0103lan \u0219i so\u021bia sa, Maricica, vor fi \u00eenmorm\u00e2nta\u021bi m\u00e2ine (n.r. 01 august 2006), la Cimitirul Nordic din Foc\u0219ani, chiar \u00een ziua \u00een care comandantul Batalionului 280 Infanterie din Municipiul re\u0219edin\u021b\u0103 a jude\u021bului Vrancea ar fi \u00eemplinit 39 de ani. Cei doi au murit vineri (n.r. 28 iulie 2006) \u00eentr-un cumplit accident, la ie\u0219irea din R\u00e2mnicu S\u0103rat, la c\u00eeteva ore dup\u0103 ce comandantul Batalionului 280 Infanterie Foc\u0219ani \u00ee\u0219i \u00eencheiase cu bine misiunea de \u0219ase luni \u00een Irak. Sicriile cu trupurile lor ne\u00eensufle\u021bite au fost aduse s\u00e2mb\u0103t\u0103 dup\u0103 amiaz\u0103 (n.r. 29 iulie 2006) de la R\u00e2mnicu S\u0103rat. Dup\u0103 ce \u00een ultimele dou\u0103 zile la apartamentul familiei a fost un adev\u0103rat pelerinaj, sicriile au fost depuse asear\u0103 la Capela Brig\u0103zii 282 Infanterie Mecanizat\u0103 \u201eUnirea Principatelor&#8221; Foc\u0219ani. Fiica so\u021bilor B\u0103lan, aflat\u0103 \u0219i ea \u00een ma\u0219in\u0103 c\u00e2nd s-a produs tragedia, este internat\u0103 la Spitalul Floreasca din Bucure\u0219ti \u00een stare foarte grav\u0103.<\/p>\n<p><\/p>\n<p>Comandantul Batalionului 280 Infanterie a murit vinerea trecut\u0103 (n.r. 28 iulie 2006), dup\u0103 ce \u0219ase luni a \u00eenfruntat zilnic moartea \u00een Irak, la c\u00e2teva sute de metri de locul \u00een care a sc\u0103pat cu via\u021b\u0103, ca prin minune, pe 22 decembrie 1989. T\u00e2n\u0103rul locotent \u0218tefan B\u0103lan intrase de un an armat\u0103, avea 22 de ani \u0219i era comandant de pluton. Potrivit ordinului primit de conducerea de atunci a Brig\u0103zii 282 Infanterie Mecanizate \u201eUnirea Principatelor&#8221; Foc\u0219ani, locotenentul s-a deplasat cu o coloan\u0103 de TAB-uri la Bucure\u0219ti, pentru ap\u0103rarea Televiziunii Rom\u00e2ne. \u201e<strong><em>La miezul nop\u021bii, la c\u00e2teva sute de metri de locul \u00een care a avut loc vineri, 28 iulie 2006 accidentul de circula\u021bie mortal, au fost ataca\u021bi de o forma\u021biune necunoscut\u0103. Un glon\u021b a intrat prin viziera transportorului \u0219i a trecut la c\u00e2\u021biva milimetri de capul lui F\u0103nic\u0103 B\u0103lan. Nu se \u0219tie nici p\u00e2n\u0103 azi cine au fost cei care au tras<\/em><\/strong>&#8220;, ne-a spus <strong>fostul maior de avia\u021bie Dumitrache Tudorache.<\/strong> Acesta a stat timp de \u0219ase luni, \u00een 1997, la un curs de preg\u0103tire la F\u0103g\u0103ra\u0219 \u00eempreun\u0103 cu lt.col. \u0218tefan B\u0103lan, care i-a povestit \u00eent\u00e2mplarea. \u201e<strong><em>Am stat \u00een aceea\u0219i banc\u0103. Amintirile despre revolu\u021bie erau \u00eenc\u0103 proaspete, ne povesteam ce s-a \u00eent\u00eemplat, prin ce experien\u021be trecuser\u0103m. Era unul dintre cei mai harnici \u0219i ambi\u021bio\u0219i ofi\u021beri. Uneori, c\u00e2nd ne sculam diminean\u021ba, \u00eel g\u0103seam \u00een sala de cursuri f\u0103c\u00eend h\u0103r\u021bile. \u00cei spuneam: &lt;&lt;Mai F\u0103nic\u0103, tu ai stof\u0103 de general&gt;&gt;&#8221;<\/em><\/strong>, ne-a mai spus <strong>Dumitrache Tudorache.<\/strong><\/p>\n<p><\/p>\n<p><strong>\u201eMai bine muream eu!&#8221;<\/strong><\/p>\n<p><\/p>\n<p>Trupurile ne\u00eensufle\u021bite ale lt. col. \u0218tefan B\u0103lan \u0219i so\u021biei sale, Maricica, au fost aduse s\u00e2mb\u0103t\u0103 (n.r. 29 iulie 2006) acas\u0103, \u00een jurul orelor 16:30, de la morga Spitalului din R\u00e2mnicu S\u0103rat. Prieteni, rude \u0219i vecini s-au adunat \u00eenc\u0103 de diminea\u021b\u0103 \u00een fa\u021b\u0103 blocului nr. 14 din str. cpt. Florin Cre\u021bu din Foc\u0219ani, \u00eendurera\u021bi de sf\u00e2r\u0219itul tragic al comandatului Batalionului 280 Infanterie din cadrul Brig\u0103zii 282 Infanterie Mecanizat\u0103 \u201eUnirea Principatelor&#8221; din Foc\u0219ani. P\u0103rin\u021bii comandantului misiunii din Irak au venit cu c\u00e2teva ore \u00eenainte de aducerea sicrielor \u0219i abia se mai puteau \u021bine pe picioare c\u00e2nd au cobor\u00e2t din ma\u0219in\u0103. Tat\u0103l lt. col. \u0218tefan B\u0103lan, Dumitru B\u0103lan, la r\u00e2ndul s\u0103u fost militar de profesie, a avut de \u00eendurat \u0219i povara suferin\u021bei unei opera\u021bii la inim\u00e2. <strong><em>\u201eUnde este copilul meu, mai bine muream eu!&#8221;,<\/em><\/strong> abia mai avea putere s\u0103 strige M\u0103riu\u021ba B\u0103lan, mama comandantului Batalionului 280 Infanterie Foc\u0219ani. Trupurile so\u021bilor B\u0103lan au fost aduse cu un camion militar \u0219i au fost puse \u00een sicrie \u00eenchise. \u00cen momentul \u00een care militarii le-au cobor\u00eet, to\u021bi cei prezen\u021bi au izbucnit \u00een pl\u00e2ns, chiar \u0219i cei care cuno\u0219teau familia B\u0103lan numai din vedere. \u201e<strong><em>Nu i-a fost dat s\u0103 moar\u0103 \u00een Irak! \u00cemi era nepot, venea tot timpul pe la noi la Moine\u0219ti, \u00een Bac\u0103u. Era un om deosebit, e mare p\u0103cat c\u0103 a murit. Poate soarta nu i-a fost dat s\u0103 moar\u0103 \u00een Irak, ci s\u0103 sf\u00e2r\u0219seasca aici<\/em><\/strong>&#8220;, ne-a spus <strong>Victor B\u0103lan, unchiul lui \u0218tefan B\u0103lan.<\/strong> O parte dintre militarii care au venit zilele trecute din Irak au fost prezen\u021bi \u0219i la aducerea trupului ne\u00eensufle\u021bit al celui care i-a comandat timp de \u0219ase luni, \u00een cea mai grea misiune. \u201e<strong><em>A fost un comandant foarte bun, a \u0219tiut s\u0103-\u0219i fac\u0103 \u00eentotdeauna meseria. Am lucrat din 1997 cu el \u0219i pot spune c\u0103 \u00een permanent\u0103 era preocupat de solda\u021bii din subordinea sa \u0219i realiza tot ceea ce \u00ee\u0219i propunea<\/em><\/strong>&#8220;, ne-a declarat <strong>plutonierul Adrian Chivu<\/strong>. \u201e<strong><em>\u00cen Irak, fiecare om avea rolul lui bine stabilit. Marele merit al lt. col. \u0218tefan B\u0103lan a fost de a reuni aceste piese din puzzle-ul Batalionului. S-a caracterizat prin a fi om<\/em><\/strong>&#8220;,ne-a spus la r\u00e2ndul s\u0103u <strong>mr. Toni Ene, purt\u0103torul de cuv\u00eent al Brig\u0103zii 282 Infanterie Mecanizat\u0103 \u201eUnirea Principatelor\u201d Foc\u0219ani.<\/strong> La nivelul Brig\u0103zii 182 Infanterie Mecanizat\u0103 s-a format un comitet care se va ocup\u0103 de toate detaliile \u00eenmorm\u00e2nt\u0103rii. De asemenea, costurile \u00eenmorm\u00e2nt\u0103rii vor fi acoperite tot de armat\u0103. Ceremonia funerar\u0103 va avea loc m\u00e2ine (n.r. 01 august 2006), \u00een ziua \u00een care \u0218tefan \u0219i Maricica B\u0103lan ar fi urmat s\u0103 \u00eemplineasc\u0103 39 de ani. Sicriile celor doi au fost depuse asear\u0103 la Capela Brig\u0103zii Mecanizate. La \u00eenmorm\u00eentare \u0219i-au anun\u021bat prezen\u021ba \u0219efii armatei, precum \u0219i comanda\u021bi de unit\u0103\u021bi militare din \u00eentreag\u0103 \u021bar\u0103. So\u021bii B\u0103lan vor \u00eenmorm\u00e2nta\u021bi la Cimitirul Nordic din Foc\u0219ani.<\/p>\n<p><\/p>\n<p><strong>Pelerinaj la apartamentul familiei B\u0103lan<\/strong><\/p>\n<p><\/p>\n<p>Sute de oameni au trecut \u00een ultimele dou\u0103 zile pe la sicriele so\u021bilor B\u0103lan, depuse \u00een apartamentul familiei. Durerea dispari\u021biei celor doi i-a devastat pe apropia\u021bi, care abia a\u0219teptau s\u0103 s\u0103rb\u0103toreasc\u0103 revenirea comandantului din Irak. \u201e<strong><em>Vineri (n.r. 28 iulie 2006), la ora 12:00, am vorbit ultima dat\u0103 cu el \u0219i mi-a spus c\u0103 o s\u0103 fac\u0103 ziua la Tulnici, la casa socrilor. Am spus c\u0103 de acum nu se poate \u00eent\u00e2mpl\u0103 nimic, c\u0103 mai aveau pu\u021bin p\u00e2n\u0103 acas\u0103 \u0219i uite s-a \u00eent\u00e2mplat! Vineri mi-am luat liber de la servici c\u0103 s\u0103 s\u0103rb\u0103torim<\/em><\/strong>&#8220;, ne-a spus <strong>Ionel Jug\u0103naru, cum\u0103trul comandantului Batalionului 280 Infanterie Foc\u0219ani<\/strong>. \u0218tefan B\u0103lan era cunoscut at\u00eet ca un militar foarte bine preg\u0103tit, dar \u0219i ca o persoan\u0103 care a \u0219tiut s\u0103 se fac\u0103 iubit\u0103 de familie \u0219i prieteni. \u00cen ultimii ani a ajutat de multe ori cu bani biserica cu hramul \u201e\u0218tefan cel Mare&#8221;, care se afl\u0103 chiar \u00een fa\u021b\u0103 blocului \u00een care locuia. \u201e<strong><em>Pe el nu-l interesau banii. Spunea c\u0103 atunci c\u00e2nd va fi gata biserica o va picta \u00een fa\u021b\u0103. &lt;&lt;At\u00eeta timp c\u00e2t \u00eemi poart\u0103 numele, \u0218tefan, fac orice pentru biserica&gt;&gt;, obi\u0219nuia s\u0103 spun\u0103<\/em><\/strong>&#8220;, ne-a mai spus <strong>Ionel Jug\u0103naru<\/strong>. Maricica B\u0103lan a absolvit cursurile Colegiului Na\u021bional \u201eUnirea\u201d Foc\u0219ani, apoi ale Academiei de Studii Economice \u0219i era contabil la o firma din Foc\u0219ani. \u00cenainte de ziua accidentului, aceasta vorbea numai de venirea so\u021bului \u0219i abia a\u0219tepta s\u0103-i arate mobila nou\u0103 pe care o cump\u0103rase pentru apartament. Fiica lor, Irina Andreea, \u00een v\u00e2rst\u0103 de 14 ani, se afl\u0103 \u00een internat\u0103 \u00een stare grav\u0103 la Spitalul \u201eFloreasca\u201d din Bucure\u0219ti, iar pronosticurile medicilor sunt rezervate. Rudele familiei B\u0103lan sper\u0103 c\u0103 m\u0103car ea s\u0103 scape cu via\u021b\u0103, mai ales c\u0103 era \u0219i o elev\u0103 eminen\u021ba. \u00cen acest an a terminat cu media general\u0103 10:00 cei patru ani petrecu\u021bi la \u0218coal\u0103 General\u0103 \u201eDuiliu Zamfirescu&#8221; Foc\u0219ani, iar \u00een urm\u0103 cu pu\u021bin timp a ob\u021binut locul doi la olimpiada na\u021bional\u0103 de chimie.<\/p>\n<p><\/p>\n<p><strong>Ultimul drum<\/strong><\/p>\n<p><\/p>\n<p>Lt. col. \u0218tefan B\u0103lan a revenit vineri (n.r.28 iulie 2006) \u00een \u021bar\u0103, dup\u0103 ce \u0219i-a \u00eencheiat cu succes misiunea de \u0219ase luni \u00een irak. Ofi\u021berul a ales s\u0103 parcurg\u0103 distan\u021b\u0103 p\u00een\u0103 la Foc\u0219ani la volanul ma\u0219inii personale, o Skoda Octavia, de\u0219i avea posibilitatea s\u0103 mearg\u0103 cu autobuzul care i-a transportat pe ceilal\u021bi militari. La ie\u0219irea din R\u00e2mnicu S\u0103rat, ma\u0219in\u0103 a intrat pe contrasens \u0219i a acro\u0219at cu oglinda retrovizoare un Ford. Dup\u0103 aceea, ma\u0219ina so\u021bilor B\u0103lan a fost lovit\u0103 \u00een plin, \u00een partea lateral dreapta, de un VW Golf care circul\u0103 regulamentar din sens opus.<\/p>\n<p>So\u021bii B\u0103lan au murit pe loc, iar fiica lor fost transportat\u0103 de urgen\u021b\u0103 la Bucure\u0219ti. \u0218oferul ma\u0219inii VW Golf, Andrei Archip, 19 ani, din Piatr\u0103 Neam\u021b \u0219i tat\u0103l sau, Mihai Archip, 48 ani, tot din Piatr\u0103 Neam\u021b au fost interna\u021bi la Spitalul din R\u00e2mnicu S\u0103rat. Mihai Archip a suferit o ruptur\u0103 de splin\u0103 \u0219i a fost operat, iar fiul s\u0103u doar o entors\u0103 la bra\u021bul drept. Vineri sear\u0103 (n.r. 28 iulie 2006), la Brigada Mecanizat\u0103 a venit gen. lt. Ioan Sorin, \u0219eful Statului Major al For\u021belor Terestre, care s-a interesat de ceea ce s-a \u00eent\u00e2mplat \u0219i de modul \u00een care unitatea le ajut\u0103 pe rudele familiei B\u0103lan s\u0103 treac\u0103 peste aceste momente. Dup\u0103 aceea, generalul a mers la R\u00e2mnicu S\u0103rat, unde a discutat cu victimele din Piatr\u0103 Neam\u021b ale accidentului. Variantele care circul\u0103 despre cauzele accidentului sunt c\u0103 lt. col. \u0218tefan B\u0103lan a adormit sau i s-a f\u0103cut r\u0103u la volan. Deocamdat\u0103, poli\u021bi\u0219tii buzoieni nu au f\u0103cut publice rezultatele anchetei accidentului.( <strong>Mihai Boicu)\u200b<\/strong><\/p>\n<p>\u00a0<strong>Citi\u021bi \u0219i: Adio, Comandante!\u200b- <\/strong>articol publicat \u00een Ziarul de Vrancea pe 2 augusr 2006<\/p>\n<p><img decoding=\"async\" alt src=\"https:\/\/zdvi.cname.ro\/_\/mediaPool-file\/mediaPool\/uZKmDUo.png\"><\/p>\n<p><strong>Lt. col. \u0218tefan B\u0103lan a fost \u00eenmorm\u00e2ntat ieri (n.r. 01 august 2006), \u00eempreun\u0103 cu so\u021bia sa, Maricica, \u00een acela\u0219i morm\u00e2nt din Cimitirul Nordic Foc\u0219ani. Gen. Eugen B\u0103d\u0103lan, \u0219eful Armatei, \u0219i ministrul Ap\u0103r\u0103rii, Teodor Atanasiu, au plins c\u00e2nd \u0219i-au rostit cuvintele de adio, la fel ca cei peste 1.500 de oameni care s-au aflat \u00een cortegiu. Fiica so\u021bilor B\u0103lan se afl\u0103 \u00een com\u0103 dup\u0103 cumplitul accident \u00een care au murit p\u0103rin\u021b\u00eei s\u0103i<\/strong><\/p>\n<p>\u00a0<\/p>\n<p>Peste 1.500 de oameni i-au condus ieri (n.r. 01 august 2006) pe ultimul drum pe lt. col. \u0218tefan B\u0103lan \u0219i so\u021bia sa, \u00een ziua \u00een care ace\u0219tia ar fi trebuit s\u0103 \u00eemplineasc\u0103 frumoasa v\u00e2rst\u0103 de 39 de ani. Coinciden\u021b\u0103 stranie, cei doi s-au n\u0103scut \u0219i au fost \u00eenmorm\u00e2ntati \u00eentr-o zi de mar\u021bi. \u00cen loc de \u201eLa mul\u021bi ani!&#8221; au avut parte de \u201eVe\u0219nic\u0103 pomenire!\u201d<\/p>\n<p>\u00a0<\/p>\n<p>Ministrul Teodor Atanasiu, gen. Eugen B\u0103d\u0103lan, \u0219eful Statutului Major General al Armatei \u0219i celelalte oficialit\u0103\u021bi care au \u021binut discursuri au izbunit \u00een pl\u00e2ns \u00een momentul \u00een care vorbeau despre comandantul vr\u00e2ncenilor care au fost \u00een Irak \u0219i care a murit la 35 de km de cas\u0103, dup\u0103 ce a \u00eenfruntat timp de \u0219ase luni moartea \u00een de\u0219ert. Cortegiul funerar a plecat de la Capela Brig\u0103zii 282 Infanterie Mecanizat\u0103 Foc\u0219ani \u0219i a fost \u00eenso\u021bit de o mul\u021bime de oameni p\u00e2n\u0103 la Cimitirul Nordic. Comandantul a fost cobor\u00e2t \u00een morm\u00e2nt \u00een timp ce militarii G\u0103rzii de onoare tr\u0103geau trei salve \u00een aer, \u00een semn de adio. Pre\u0219edintele Traian B\u0103sescu nu a venit la Foc\u0219ani, \u00eens\u0103 i-a conferit comandantului ordinul \u201e<strong><em>Virtutea militar\u0103, \u00een grad de cavaler, cu \u00eensemne de r\u0103zboi\u201d.<\/em><\/strong> \u00cen timp ce so\u021b\u00eei B\u0103lan erau cobor\u00e2\u021bi \u00een morm\u00e2ntul comun, fiica lor, Irina Andreea, de 14 ani, lupta pentru via\u021b\u0103 \u00een Spitalul Floreasca din Bucure\u0219ti, f\u0103r\u0103 s\u0103 \u0219tie c\u0103 a r\u0103mas orfan\u0103. Mii de oameni, militari \u0219i civili, i-au \u00eenso\u021bit pe ultimul drum pe Maricica \u0219i \u0218tefan B\u0103lan. Tragicul accident \u00een care ace\u0219tia \u0219i-au g\u0103sit moartea a impresionat pe toat\u0103 lumea. \u201e<strong><em>Cred c\u0103 au avut acela\u0219i \u00eenger p\u0103zitor, de asta au murit \u00eempreun\u0103&#8221;<\/em><\/strong>, ne-a spus un <strong>apropiat al familiei<\/strong>. De duminic\u0103 p\u00e2n\u0103 ieri, mii de vrinceni \u0219i nu numai au venit s\u0103 le aduc\u0103 un ultim omagiu so\u021bilor B\u0103lan.<\/p>\n<p>Ultimul drum a \u00eenceput la ora 12:30, atunci c\u00e2nd la Capel\u0103 au venit ministrul Ap\u0103r\u0103rii, Teodor Atanasiu, \u0219eful Statului Major General al Armatei, gen. Eugen B\u0103d\u0103lan, care a dezv\u0103luit c\u0103 \u00eel cunoa\u0219tea pe comandant de c\u00e2nd a terminat \u0219coal\u0103 militar\u0103. \u00cen cortegiu au fost Ioan Ion, secretar de stat \u00een MApN, precum \u0219i mai mul\u021bi comandan\u021bi de unit\u0103\u021bi militare, printre care generalii Ioan Sorin \u0219i Ioan Chiranescu. Poli\u021bia Militar\u0103 a reu\u0219it cu greu s\u0103 st\u0103vileasc\u0103 mul\u021bimea care se \u00eenghesuia s\u0103 vad\u0103 cele dou\u0103 sicrie \u0219i pozele decedatilor. Slujba religioas\u0103 a fost oficiat\u0103 de un sobor de opt preo\u021bi. Momentul cel mai emo\u021bionant au fost discursurile rostite de cei care i-au cunoscut pe cei doi, care au provocat multe lacrimi.<\/p>\n<p>\u201e<strong><em>\u00cen anul 1988 l-am primit sub comand\u0103 mea pe lt. col. \u0218tefan B\u0103lan, pe care l-am remarcat imediat \u0219i c\u0103ruia i-am prezis un viitor de excep\u021bie<\/em><\/strong>&#8220;, a spus <strong>gen. Eugen B\u0103d\u0103lan, \u0219eful Armatei rom\u00e2ne, fost comandant al Brig\u0103zii 282 Infanterie Mecanizat\u0103 Foc\u0219ani<\/strong>. Comandantul armatei abia a putut s\u0103-\u0219i rosteasc\u0103 discursul din cauza lacrimilor care-i \u0219iroiau pe obraji. \u201e<strong><em>Azi, \u00een calitatea mea de comandant al Armatei Rom\u00e2ne ar fi trebuit s\u0103-i \u00eenm\u00e2nez decora\u021bia &lt;&lt;Virtutea Militar\u0103, \u00een grad de cavaler&gt;&gt;. Nu am venit \u00een aceast\u0103 calitate, din nefericire, am venit \u00een calitatea de prieten al lui \u0218tefan, al Maricic\u0103i \u0219i de aceea \u00eel rog pe Dumnezeu s\u0103 ne lase s\u0103 ne strig\u0103m durerea \u0219i triste\u021be<\/em><\/strong>a&#8221;, a spus<strong>gen. Eugen B\u0103d\u0103lan.<\/strong><\/p>\n<p>Mul\u021bi dintre cei prezen\u021bi au izbucnit \u00een lacrimi \u00een momentul \u00een care au auzit aceste cuvinte. Comandantul Armatei Rom\u00e2ne l-a cunoscut mai \u00eent\u00e2i la Foc\u0219ani pe tat\u0103l lui \u0218tefan B\u0103lan, care era subofi\u021ber, apoi pe fiul sau. \u201e<strong><em>\u0218i-a \u00eendeplinit misiunea \u00een Irak, dar ast\u0103zi am anulat ceremonialul de \u00eentoarcere acas\u0103, pe care trebuia s\u0103-l conduc, deoarece nu a avut cine s\u0103 dea raportul. Bucuria s-a transformat \u00eentr-o enorm\u0103 triste\u021be<\/em><\/strong>&#8220;, a mai rostit, printre lacrimi, \u0219eful Armatei. Aproape la fel de emo\u021bionat a fost \u0219i <strong>Ministrul Ap\u0103r\u0103rii, Teodor Atanasiu<\/strong>. \u201e<strong><em>A fost un om prea bun \u0219i de aceea cred c\u0103 Dumnezeu l-a luat la el. Mi-e greu s\u0103 vorbesc de lt. col. B\u0103lan la timpul trecut, este greu de spus \u00een c\u00eeteva cuvinte ceea ce a fost el. Nu m\u0103 g\u00e2ndeam c\u0103 la \u00eentoarcerea acas\u0103 vom purta banderole negre pe bra\u021b (&#8230; ). Colegii trebuie s\u0103-i continue munc\u0103, pentru c\u0103 numai a\u0219a \u00eel pot reg\u0103si&#8221;,<\/em><\/strong> a spus Ministrul Ap\u0103r\u0103rii Na\u021bionale. \u201e<strong><em>La sf\u00e2r\u0219itul fiec\u0103rei misiuni din Irak ne a\u0219tepta un om. Nu era comandantul Batalionului 280 Infanterie, ci omul \u0218tefan B\u0103lan. La plecarea din teatru credea c\u0103 nimic nu ne va mai opri pe drumul de \u00eentoarcere acas\u0103. Dumnezeu a vrut altfel! Pentru ultima dat\u0103, ast\u0103zi \u00eei d\u0103m onorul comandantului \u0218tefan B\u0103lan<\/em><\/strong>&#8220;, a spus \u0219i <strong>mr. Gabriel Irimia, loc\u021biitorul comandantului Batalionului 280 Infanterie.<\/strong><\/p>\n<p><\/p>\n<p><strong>Mii de oameni pe ultimul drum<\/strong><\/p>\n<p><\/p>\n<p>Cortegiul funerar a fost \u00eenso\u021bit de o mul\u021bime de rude, prieteni \u0219i cuno\u0219tin\u021be, precum \u0219i de peste 500 de militari ai Brig\u0103zii, care au format Garda de onoare. Ministrul Teodor Atanasiu a plecat de la aceast\u0103 parte a ceremoniei. Gen. Eugen B\u0103d\u0103lan, gen. lt. Sorin Ioan, \u0219eful SMG al For\u021belor Terestre, prefectul Ion Oprea, subprefectul Drago\u0219 Mircea, deputatul liberal Nini S\u0103punaru, senatorul democrat Jan Vraciu, pre\u0219edintele conservatorilor, Sorin Vornic, \u0219i mul\u021bi al\u021bii au \u00eenfruntat c\u0103ldur\u0103 torid\u0103 de ieri. Poli\u021bia a oprit circula\u021bia pe traseul bd. Bucure\u0219ti &#8211; bd. Unirii &#8211; bd. Independen\u021bei- str. M\u0103r\u0103\u0219e\u0219ti. Mii de oameni \u0219i-au l\u0103sat preocup\u0103rile la o parte, pentru c\u00e2teva minute, \u0219i au ie\u0219it \u00een strad\u0103 pentru a asista la trecerea cortegiului. De\u0219i nu-i cuno\u0219teau pe cei doi, destinul lor tragic i-a impresionat pe foc\u0219\u0103neni. Drumul p\u00e2n\u0103 la Cimitirul Nordic a durat mai mult de o or\u0103. Cortegiul a oprit la fiecare intersec\u021bie, \u00eenainte de destina\u021bia final\u0103, unde \u00eel a\u0219teptau alte c\u00eeteva sute de oameni. Capacele sicrielor au fost ridicate pentru c\u00e2teva clipe \u00eenainte de a fi coborite \u00een morminte. Garda de onoare a Brig\u0103zii a tras trei salve \u00een aer, \u00een onoarea celui care a fost comandantul Batalionului 280 Infanterie. Slujba de la Cimitir s-a terminat destul de repede, dup\u0103 care cei care au vrut au plecat la poman\u0103 pus\u0103 la Casa Armatei. Din cauza c\u0103ldurii, la patru persoane li s-a f\u0103cut r\u0103u \u0219i au avut nevoie de asisten\u021b\u0103 medical\u0103. Pentru asta, un echipaj al Ambulan\u021bei, \u00een frunte cu directorul Nicolae Varasciuc, a \u00eenso\u021bit cortegiul. Fiica so\u021bilor B\u0103lan, Irina Andreea, de afl\u0103 \u00eenc\u0103 \u00een com\u0103, iar medicii sunt rezerva\u021bi \u00een ceea prive\u0219te \u0219ansele ei de a scap\u0103 cu via\u021b\u0103. Lt. col. \u0218tefan B\u0103lan a murit vinerea trecut\u0103 (n.r. 28 iulie 2006), la ie\u0219irea din R\u00e2mnicu S\u0103rat, la c\u00e2teva ore dup\u0103 ce sosise din Irak. \u00cen lumea de dincolo \u00eel va \u00eenso\u021bi \u0219i Maricica, so\u021bia s\u0103 credincioas\u0103.(<strong>Silvia Vr\u00eenceanu Nichita)<\/strong><\/p>\n<p><strong>Citi\u021bi \u0219i:Irina B\u0103lan a \u00eenceput cariera militar\u0103 la Foc\u0219ani\u200b- <\/strong>articol publicat \u00een Ziarul de Vrancea \u00een 25 octombrie 2016<\/p>\n<p><img decoding=\"async\" alt src=\"https:\/\/zdvi.cname.ro\/_\/mediaPool-file\/mediaPool\/uCDB0Ui.jpg\"><\/p>\n<p><strong>Irina B\u0103lan, fata so\u0163ilor Maricica \u015fi \u015etefan B\u0103lan, a \u00eenceput cariera militar\u0103. Ea lucreaz\u0103 chiar la Batalionul 280 Infanterie \u201eValter M\u0103r\u0103cineanu&#8221;, pe care tat\u0103l s\u0103u l-a condus cu succes ani de zile.<\/strong><\/p>\n<p>Aceasta este angajata Brig\u0103zii 282 Infanterie Mecanizat\u0103 din Foc\u015fani \u015fi urmeaz\u0103 cariera militar\u0103 a tat\u0103lui s\u0103u. T\u00e2n\u0103ra a postat pe contul de facebook primele poze \u00een uniforma de militar \u015fi dore\u015fte s\u0103-i calce pe urme tat\u0103lui s\u0103u, \u015etefan B\u0103lan<\/p>\n<p><img decoding=\"async\" alt src=\"https:\/\/zdvi.cname.ro\/_\/mediaPool-file\/mediaPool\/udpauG7.jpg\"><\/p>\n<p>Irina B\u0103lan lucreaz\u0103 chiar la Batalionul 280 Infanterie \u201eValter M\u0103r\u0103cineanu&#8221;, pe care tat\u0103l s\u0103u l-a condus cu succes ani de zile. Informa\u0163ia ne-a fost confirmat\u0103 de lt. col. Vali Roman, ofi\u0163erul de pres\u0103 al Brig\u0103zii 282, cea care are \u00een compunere Batalionul 280. Irina Andreea B\u0103lan, tan\u0103ra care a supravie\u0163uit tragediei de acum zece ani, \u00een care \u015fi-a pierdut p\u0103rin\u0163ii, retr\u0103ie\u015fte cu triste\u0163e amintirile. So\u0163ii B\u0103lan au murit \u00een 2006 \u00eentr-un cumplit accident rutier. Ofi\u0163erul se \u00eentorcea dintr-o misiune din Irak, iar so\u0163ia \u015fi fiica s-au dus s\u0103-l \u00eent\u00e2mpine la aeroport.<\/p>\n<p><img decoding=\"async\" alt src=\"https:\/\/zdvi.cname.ro\/_\/mediaPool-file\/mediaPool\/uRUMjvg.png\"><\/p>\n<p><strong><em>\u201eUneori mi-e greu, vreau o \u00eembr\u0103\u0163i\u015fare de la mama sau de la tata. Nu \u00eemi exteriorizez aceste sentimente pentru c\u0103 nu vreau ca nimeni s\u0103 m\u0103 comp\u0103timeasc\u0103. Ultimul cadou pe care l-am primit de la tata este o c\u0103mil\u0103 de plu\u015f pe care scrie: \u00abTe iubesc, tati\u00bb. Mi-a trimis-o din Irak \u00eenainte s\u0103 se \u00eentoarc\u0103 acas\u0103\u201d<\/em><\/strong>, este mesajul transmis \u00een urm\u0103 cu trei ani de t\u00e2n\u0103r\u0103. Irina Andreea B\u0103lan a absolvit Facultatea de Sociologie \u015fi Asisten\u0163\u0103 Social\u0103 Bucure\u015fti. Pe 28 iulie 2006, lt. col. \u015etefan B\u0103lan s-a \u00eentors \u00een \u0163ar\u0103 dup\u0103 o misiune de \u015fase luni \u00een Irak, unde i-a condus pe militarii Brig\u0103zii 280 Infanterie Mecanizat\u0103 \u201eUnirea Principatelor\u201d care au f\u0103cut parte din trupele de men\u0163inere a p\u0103cii \u00een sudul Irakului. Comandantul a fost \u00eent\u00e2mpinat cu flori la Aeroportul Otopeni de so\u0163ia \u015fi fiica sa. Cei trei au ales s\u0103 vin\u0103 la Foc\u015fani cu ma\u015fina personal\u0103. La pu\u0163in timp de la ie\u015firea din Ramnicu S\u0103rat a avut loc cumplitul accident care a pus cap\u0103t vie\u0163ii so\u0163ilor B\u0103lan. Autoturismul Skoda Octavia, condus de \u015etefan B\u0103lan, a intrat pe contrasens unde a acro\u015fat un Ford Mondeo, dup\u0103 care a fost izbit \u00een plin de un VW Golf, care venea din sens opus. Irina Andreea B\u0103lan, atunci \u00een varsta de 14 ani, a fost singura supravie\u0163uitoare a accidentului, \u00eens\u0103 a stat foarte mult timp \u00een spital pan\u0103 cand \u015fi-a revenit \u015fi a luat via\u0163a de la cap\u0103t. (<strong>Dan CHIRIAC<\/strong>)<\/p>\n<hr>\n<div class=\"bloc-widget widget-rosu\">\n<p>\u00cen lipsa unui acord scris din partea Ziarului de Vrancea, pute\u0163i prelua maxim 500 de caractere din acest articol dac\u0103 preciza\u0163i sursa \u015fi insera\u0163i vizibil link-ul articolului:\u00a0<span>#insertcurrentlinkhere<\/span><\/p>\n<\/div>\n<div class=\"extra-articol listing-anunturi\">\n<h6>Anun\u021buri <span class=\"text-primary\">ZdV<\/span> Premium<\/h6>\n<div class=\"row\">\n<div class=\"col-lg-4 col-md-6 bloc-egal\"><a class=\"card-anunt\" href=\"https:\/\/ziaruldevrancea.ro\/anunturi\/imobiliare\/vanzari-terenuri\/vand-teren-in-panciu\"><strong class=\"titlu\">V\u00e2nz\u0103ri terenuri<\/strong><span class=\"text-anunt\">Teren Panciu 1170 mp, cu num\u0103r cas\u0103, ap\u0103&#8230;<\/span><span class=\"data-anunt\">29.07.2026  <\/span><\/a><\/div>\n<div class=\"col-lg-4 col-md-6 bloc-egal\"><a class=\"card-anunt\" href=\"https:\/\/ziaruldevrancea.ro\/anunturi\/altele\/anulare-acte\/vand-scrumbii-afumate-capturi-dunare\"><strong class=\"titlu\">Vanzari diverse<\/strong><span class=\"text-anunt\">Pret : 117 lei \/ kg . \u00a0 Este&#8230;<\/span><span class=\"data-anunt\">29.07.2026 , Gala\u021bi , Gala\u021bi<\/span><\/a><\/div>\n<div class=\"col-lg-4 col-md-6 bloc-egal\"><a class=\"card-anunt\" href=\"https:\/\/ziaruldevrancea.ro\/anunturi\/necrolog\/decese\/dumnezeu-sa-o-aseze-in-randul-celor-drepti\"><strong class=\"titlu\">Decese<\/strong><span class=\"text-anunt\">Cu profund\u0103 durere, familia anun\u021b\u0103 trecerea la&#8230;<\/span><span class=\"data-anunt\">28.07.2026  <\/span><\/a><\/div>\n<\/div>\n<\/div>\n<div class=\"extra-articol alte-articole\">\n<div class=\"row\">\n<div class=\"col-lg-6 bloc-egal\">\n<div class=\"card articol-listing\">\n<h6>\u00cen categoria <a href=\"https:\/\/ziaruldevrancea.ro\/actualitatea\/stiri-locale\">Local<\/a><\/h6>\n<div class=\"grup-articol-listing\">\n<div class=\"cont-pils\"><a href=\"https:\/\/ziaruldevrancea.ro\/actualitatea\/stiri-locale\/foto-pompierii-isu-vrancea-au-dus-lectii-de-siguranta-in-gura-calitei\"><img decoding=\"async\" src=\"https:\/\/zdvi.cname.ro\/180_135\/actualitatea\/stiri-locale\/foto-pompierii-isu-vrancea-au-dus-lectii-de-siguranta-in-gura-calitei\/mediaPool\/unTARgF.jpeg\" class=\"img-responsive img-180\" alt><\/a><\/div>\n<h2><a class=\"link-titlu\" href=\"https:\/\/ziaruldevrancea.ro\/actualitatea\/stiri-locale\/foto-pompierii-isu-vrancea-au-dus-lectii-de-siguranta-in-gura-calitei\">Foto | Pompierii ISU Vrancea au dus lec\u021bii de siguran\u021b\u0103 \u00een Gura Cali\u021bei<\/a><\/h2>\n<div class=\"date-post\"><a href=\"https:\/\/ziaruldevrancea.ro\/autor\/petre-paraschiv\">Petre Paraschiv<\/a>, 31 iul 2026  <\/div>\n<\/div>\n<div class=\"grup-articol-listing\">\n<div class=\"cont-pils\"><a href=\"https:\/\/ziaruldevrancea.ro\/actualitatea\/stiri-locale\/vrancea-soferii-cu-permis-categoria-b-care-fac-transport-contra-cost-trebuie-sa-obtina-un-document-obligatoriu.\"><img decoding=\"async\" src=\"https:\/\/zdvi.cname.ro\/180_135\/actualitatea\/stiri-locale\/vrancea-soferii-cu-permis-categoria-b-care-fac-transport-contra-cost-trebuie-sa-obtina-un-document-obligatoriu.\/mediaPool\/uABp3Hl.jpg\" class=\"img-responsive img-180\" alt><\/a><\/div>\n<h2><a class=\"link-titlu\" href=\"https:\/\/ziaruldevrancea.ro\/actualitatea\/stiri-locale\/vrancea-soferii-cu-permis-categoria-b-care-fac-transport-contra-cost-trebuie-sa-obtina-un-document-obligatoriu.\">Vrancea: \u0218oferii cu permis categoria B care fac transport contra cost trebuie s\u0103 ob\u021bin\u0103 un document obligatoriu<\/a><\/h2>\n<div class=\"date-post\"><a href=\"https:\/\/ziaruldevrancea.ro\/autor\/ionel-sclavone\">Ionel Sclavone<\/a>, 31 iul 2026  <\/div>\n<\/div>\n<div class=\"grup-articol-listing\">\n<div class=\"cont-pils\"><a href=\"https:\/\/ziaruldevrancea.ro\/actualitatea\/stiri-locale\/comisariatul-militar-din-focsani-un-simbol-al-istoriei-vrancei-renaste-prin-restaurare.-povestea-cladirii-care-a-gazduit-divizia-6-infanterie\"><img decoding=\"async\" src=\"https:\/\/zdvi.cname.ro\/180_135\/actualitatea\/stiri-locale\/comisariatul-militar-din-focsani-un-simbol-al-istoriei-vrancei-renaste-prin-restaurare.-povestea-cladirii-care-a-gazduit-divizia-6-infanterie\/mediaPool\/u5btavU.jpg\" class=\"img-responsive img-180\" alt><\/a><\/div>\n<h2><a class=\"link-titlu\" href=\"https:\/\/ziaruldevrancea.ro\/actualitatea\/stiri-locale\/comisariatul-militar-din-focsani-un-simbol-al-istoriei-vrancei-renaste-prin-restaurare.-povestea-cladirii-care-a-gazduit-divizia-6-infanterie\">Comisariatul Militar din Foc\u0219ani, un simbol al istoriei Vrancei, rena\u0219te prin restaurare. Povestea cl\u0103dirii care a g\u0103zduit Divizia 6 Infanterie<\/a><\/h2>\n<div class=\"date-post\"><a href=\"https:\/\/ziaruldevrancea.ro\/autor\/florin-marian-dirdala\">Florin Marian D\u00eerdal\u0103<\/a>, 31 iul 2026  <\/div>\n<\/div>\n<\/div>\n<\/div>\n<div class=\"col-lg-6 bloc-egal\">\n<div class=\"card articol-listing\">\n<h6>De acela\u0219i <a href=\"https:\/\/ziaruldevrancea.ro\/autor\/nicolae-manoliu\/\">autor<\/a><\/h6>\n<div class=\"grup-articol-listing\">\n<div class=\"cont-pils\"><a href=\"https:\/\/ziaruldevrancea.ro\/actualitatea\/stiri-locale\/consiliul-local-focsani-a-aprobat-transformarea-teatrului-maior-gheorghe-pastia-din-teatru-de-repertoriu-in-teatru-de-proiecte\"><img decoding=\"async\" src=\"https:\/\/zdvi.cname.ro\/180_135\/actualitatea\/stiri-locale\/consiliul-local-focsani-a-aprobat-transformarea-teatrului-maior-gheorghe-pastia-din-teatru-de-repertoriu-in-teatru-de-proiecte\/mediaPool\/ud81Wmv.jpg\" class=\"img-responsive img-180\" alt><\/a><\/div>\n<h2><a class=\"link-titlu\" href=\"https:\/\/ziaruldevrancea.ro\/actualitatea\/stiri-locale\/consiliul-local-focsani-a-aprobat-transformarea-teatrului-maior-gheorghe-pastia-din-teatru-de-repertoriu-in-teatru-de-proiecte\">Consiliul Local Foc\u0219ani a aprobat transformarea Teatrului \u201eMaior Gheorghe Pastia\u201d din teatru de repertoriu \u00een teatru de proiecte<\/a><\/h2>\n<div class=\"date-post\"><a href=\"https:\/\/ziaruldevrancea.ro\/autor\/nicolae-manoliu\">Nicolae Manoliu<\/a>, 31 iul 2026  <\/div>\n<\/div>\n<div class=\"grup-articol-listing\">\n<div class=\"cont-pils\"><a href=\"https:\/\/ziaruldevrancea.ro\/actualitatea\/stiri-locale\/descinderi-ale-politistilor-la-primaria-panciu.ipj-vrancea-confirma-un-dosar-penal-pentru-abuz-in-serviciu-delapidare-si-alte-infractiuni\"><img decoding=\"async\" src=\"https:\/\/zdvi.cname.ro\/180_135\/actualitatea\/stiri-locale\/descinderi-ale-politistilor-la-primaria-panciu.ipj-vrancea-confirma-un-dosar-penal-pentru-abuz-in-serviciu-delapidare-si-alte-infractiuni\/mediaPool\/ufn5cDV.jpg\" class=\"img-responsive img-180\" alt><\/a><\/div>\n<h2><a class=\"link-titlu\" href=\"https:\/\/ziaruldevrancea.ro\/actualitatea\/stiri-locale\/descinderi-ale-politistilor-la-primaria-panciu.ipj-vrancea-confirma-un-dosar-penal-pentru-abuz-in-serviciu-delapidare-si-alte-infractiuni\">Descinderi ale poli\u021bi\u0219tilor la Prim\u0103ria Panciu.IPJ Vrancea confirm\u0103 un dosar penal pentru abuz \u00een serviciu, delapidare \u0219i alte infrac\u021biuni<\/a><\/h2>\n<div class=\"date-post\"><a href=\"https:\/\/ziaruldevrancea.ro\/autor\/nicolae-manoliu\">Nicolae Manoliu<\/a>, 30 iul 2026  <\/div>\n<\/div>\n<div class=\"grup-articol-listing\">\n<div class=\"cont-pils\"><a href=\"https:\/\/ziaruldevrancea.ro\/actualitatea\/stiri-locale\/agresiune-grava-in-vrancea-un-barbat-de-36-de-ani-este-in-stare-critica-dupa-un-conflict-produs-in-comuna-ploscuteni\"><img decoding=\"async\" src=\"https:\/\/zdvi.cname.ro\/180_135\/actualitatea\/stiri-locale\/agresiune-grava-in-vrancea-un-barbat-de-36-de-ani-este-in-stare-critica-dupa-un-conflict-produs-in-comuna-ploscuteni\/mediaPool\/uq2yB7n.png\" class=\"img-responsive img-180\" alt><\/a><\/div>\n<h2><a class=\"link-titlu\" href=\"https:\/\/ziaruldevrancea.ro\/actualitatea\/stiri-locale\/agresiune-grava-in-vrancea-un-barbat-de-36-de-ani-este-in-stare-critica-dupa-un-conflict-produs-in-comuna-ploscuteni\">Agresiune grav\u0103 \u00een Vrancea: un b\u0103rbat de 36 de ani este \u00een stare critic\u0103 dup\u0103 un conflict produs \u00een comuna Ploscu\u021beni<\/a><\/h2>\n<div class=\"date-post\"><a href=\"https:\/\/ziaruldevrancea.ro\/autor\/nicolae-manoliu\">Nicolae Manoliu<\/a>, 27 iul 2026  <\/div>\n<\/div>\n<\/div>\n<\/div>\n<\/div>\n<\/div>\n<div class=\"extra-articol listing-anunturi\">\n<h6>Anun\u021buri <span class=\"text-primary\">ZdV<\/span> Premium<\/h6>\n<div class=\"row\">\n<div class=\"col-lg-4 col-md-6 bloc-egal\"><a class=\"card-anunt\" href=\"https:\/\/ziaruldevrancea.ro\/anunturi\/imobiliare\/vanzari-case\/vand-casa-si-teren-in-panciu-anunt-72818\"><strong class=\"titlu\">V\u00e2nz\u0103ri case<\/strong><span class=\"text-anunt\">V\u00e2nd cas\u0103 cu 2 camere, buc\u0103t\u0103rie, baie,&#8230;<\/span><span class=\"data-anunt\">23.07.2026  <\/span><\/a><\/div>\n<div class=\"col-lg-4 col-md-6 bloc-egal\"><a class=\"card-anunt\" href=\"https:\/\/ziaruldevrancea.ro\/anunturi\/angajari\/cereri-angajari\/doresc-angajare-anunt-72815\"><strong class=\"titlu\">Cereri<\/strong><span class=\"text-anunt\">Doresc s\u0103 am grij\u0103 de un copil de gradini\u021b\u0103&#8230;<\/span><span class=\"data-anunt\">21.07.2026  <\/span><\/a><\/div>\n<div class=\"col-lg-4 col-md-6 bloc-egal\"><a class=\"card-anunt\" href=\"https:\/\/ziaruldevrancea.ro\/anunturi\/inchirieri\/locuinte-oferte\/primesc-in-gazda-anunt-72816\"><strong class=\"titlu\">Locuin\u021be oferte<\/strong><span class=\"text-anunt\">\u00a0Primesc \u00een gazd\u0103 la cas\u0103.<\/p>\n<p>Tel&#8230;.<\/span><span class=\"data-anunt\">21.07.2026  <\/span><\/a><\/div>\n<\/div>\n<\/div>\n<div class=\"bloc-widget widget-albastru\">\n    Ziarul de Vrancea \u00a0nu este responsabil juridic pentru con\u0163inutul textelor din comentariile de mai jos. Responsabilitatea pentru mesajele dumneavoastra v\u0103 revine \u00een exclusivitate.\n<\/div>\n<div class=\"comentarii-articol\" id=\"comentarii\">\n<h3>Comentarii: <span class=\"text-primary\">0<\/span><\/h3>\n<p><a href=\"https:\/\/ziaruldevrancea.ro\/actualitatea\/stiri-locale\/20-de-ani-de-la-tragedia-care-a-indoliat-vrancea\" class=\"btn btn-success btn-adauga-com\" data-toggle=\"modal\" data-parent=\"0\" data-target=\"#commentModal\">Adaug\u0103 comentariu<\/a><\/p>\n<div class=\"loadMask comments-mask\"><img decoding=\"async\" src=\"https:\/\/zdvs.cname.ro\/images\/loader_40.gif\"><\/div>\n<div class=\"comenteaza-jos\">Trebuie s\u0103 fii <a href=\"https:\/\/ziaruldevrancea.ro\/account\">autentificat<\/a> pentru a putea <a href=\"https:\/\/ziaruldevrancea.ro\/actualitatea\/stiri-locale\/20-de-ani-de-la-tragedia-care-a-indoliat-vrancea\" class data-toggle=\"modal\" data-parent=\"0\" data-target=\"#commentModal\">posta un comentariu<\/a>.<\/div>\n<\/div>\n<div class=\"modal fade\" id=\"commentModal\" role=\"dialog\" aria-labelledby=\"commentModalLabel\">\n<div class=\"modal-dialog modal-lg\" role=\"document\">\n<div class=\"modal-content\">\n<div class=\"modal-header\">\n<h3 class=\"modal-title\" id=\"commentModalLabel\">Comenteaz\u0103<\/h3>\n<\/div>\n<div class=\"modal-body\">\n<div class=\"tabel tabel-full\">\n<div class=\"celula\">\n              Trebuie s\u0103 fii <a href=\"https:\/\/ziaruldevrancea.ro\/account\">autentificat<\/a> pentru a putea posta un comentariu.\n            <\/div>\n<\/div>\n<\/div>\n<div class=\"modal-footer\">\n<div id=\"commentPending\" class=\"formPending pull-left\"><img decoding=\"async\" src=\"https:\/\/zdvs.cname.ro\/images\/loader_40.gif\"> In curs de procesare&#8230;<\/div>\n<p><a href=\"https:\/\/ziaruldevrancea.ro\/actualitatea\/stiri-locale\/20-de-ani-de-la-tragedia-care-a-indoliat-vrancea\" class=\"btn btn-default\" data-dismiss=\"modal\">Anuleaz\u0103<\/a><\/div>\n<\/div>\n<\/div>\n<\/div>\n<div class=\"modal fade\" id=\"commentReportModal\" role=\"dialog\" aria-labelledby=\"commentReportModalLabel\">\n<div class=\"modal-dialog modal-lg\" role=\"document\">\n<div class=\"modal-content\">\n<div class=\"modal-header\">\n<h3 class=\"modal-title\" id=\"commentReportModalLabel\">Raporteaza comentariu<\/h3>\n<\/div>\n<div class=\"modal-body\">\n<div class=\"tabel tabel-full\">\n<div class=\"celula\">\n              Trebuie s\u0103 fii <a href=\"https:\/\/ziaruldevrancea.ro\/account\">autentificat<\/a> pentru a putea raporta un comentariu.\n            <\/div>\n<\/div>\n<\/div>\n<div class=\"modal-footer\">\n<div id=\"commentReportPending\" class=\"formPending pull-left\"><img decoding=\"async\" src=\"https:\/\/zdvs.cname.ro\/images\/loader_40.gif\"> In curs de procesare&#8230;<\/div>\n<p><a href=\"https:\/\/ziaruldevrancea.ro\/actualitatea\/stiri-locale\/20-de-ani-de-la-tragedia-care-a-indoliat-vrancea\" class=\"btn btn-default\" data-dismiss=\"modal\">Anuleaz\u0103<\/a><\/div>\n<\/div>\n<\/div>\n<\/div>\n<div class=\"modal fade\" id=\"commentLikeModal\" role=\"dialog\" aria-labelledby=\"commentLikeModalLabel\">\n<div class=\"modal-dialog modal-lg\" role=\"document\">\n<div class=\"modal-content\">\n<div class=\"modal-header\">\n<h3 class=\"modal-title\" id=\"commentReportModalLabel\">Apreciaza comentariu<\/h3>\n<\/div>\n<div class=\"modal-body\">\n<div class=\"tabel tabel-full\">\n<div class=\"celula\">\n            Trebuie s\u0103 fii <a href=\"https:\/\/ziaruldevrancea.ro\/account\">autentificat<\/a> pentru a putea aprecia un comentariu.\n          <\/div>\n<\/div>\n<\/div>\n<div class=\"modal-footer\"><a href=\"https:\/\/ziaruldevrancea.ro\/actualitatea\/stiri-locale\/20-de-ani-de-la-tragedia-care-a-indoliat-vrancea\" class=\"btn btn-default\" data-dismiss=\"modal\">Anuleaz\u0103<\/a><\/div>\n<\/div>\n<\/div>\n<\/div>\n<div class=\"bloc-widget widget-rosu\"><span><small>Ziarul de Vrancea doreste ca acest site sa fie un spatiu al discutiilor civilizate, al comentariilor de bun simt. Din acest motiv, cei care posteaza comentarii la articole trebuie sa respecte urmatoarele reguli:<br \/>\n1. Sa se refere doar la articolul la care posteaza comentarii.<br \/>\n2. Sa foloseasca un limbaj civilizat, fara injurii, calomnii, comentarii antisemite, xenofobe sau rasiste.<br \/>\n3. Sunt interzise atacurile la adresa autorilor, daca acestea nu au legatura cu textul.<br \/>\n4. Username-ul sa nu fie nume de personalitati ale vietii publice sau parodieri ale acestora.<br \/>\nAutorul unui articol poate fi criticat pentru eventuale greseli, incoerenta, lipsa de documentare etc.<br \/>\nNerespectarea regulilor mentionate mai sus va duce la stergerea comentariilor, fara avertisment si fara explicatii.<br \/>\nAbaterile repetate vor avea drept consecinta interdictia accesului la aceasta facilitate a site-ului.<\/small><\/span><\/div>\n<\/div>\n<p>[analyse_source url=&#8221;https:\/\/ziaruldevrancea.ro\/actualitatea\/stiri-locale\/20-de-ani-de-la-tragedia-care-a-indoliat-vrancea&#8221;]<\/p>\n","protected":false},"excerpt":{"rendered":"<p>[analyse_image type=&#8221;featured&#8221; src=&#8221;https:\/\/zdvi.cname.ro\/_\/20-de-ani-de-la-tragedia-care-a-indoliat-vrancea\/mediaPool\/uZKmDUo.png&#8221;] Local VIDEO | 20 de ani de la tragedia care a \u00eendoliat Vrancea Distribuie: \u00a0 | Nicolae Manoliu 28 iul 20261609 vizualiz\u0103ri Comandantul Batalionului 280 Infanterie Foc\u0219ani, lt. col. \u0218tefan B\u0103lan, \u0219i so\u021bia sa au murit la c\u00e2teva ore dup\u0103 \u00eentoarcerea din Irak. Pe 28 iulie 2006, jude\u021bul Vrancea a fost zguduit [&hellip;]<\/p>\n","protected":false},"author":1,"featured_media":0,"comment_status":"open","ping_status":"","sticky":false,"template":"","format":"standard","meta":{"footnotes":""},"categories":[89],"tags":[226,208],"class_list":["post-2071073","post","type-post","status-publish","format-standard","hentry","category-romania","tag-crawlmanager","tag-ziaruldevrancea-ro"],"_links":{"self":[{"href":"https:\/\/analyse.optim.biz\/index.php?rest_route=\/wp\/v2\/posts\/2071073","targetHints":{"allow":["GET"]}}],"collection":[{"href":"https:\/\/analyse.optim.biz\/index.php?rest_route=\/wp\/v2\/posts"}],"about":[{"href":"https:\/\/analyse.optim.biz\/index.php?rest_route=\/wp\/v2\/types\/post"}],"author":[{"embeddable":true,"href":"https:\/\/analyse.optim.biz\/index.php?rest_route=\/wp\/v2\/users\/1"}],"replies":[{"embeddable":true,"href":"https:\/\/analyse.optim.biz\/index.php?rest_route=%2Fwp%2Fv2%2Fcomments&post=2071073"}],"version-history":[{"count":0,"href":"https:\/\/analyse.optim.biz\/index.php?rest_route=\/wp\/v2\/posts\/2071073\/revisions"}],"wp:attachment":[{"href":"https:\/\/analyse.optim.biz\/index.php?rest_route=%2Fwp%2Fv2%2Fmedia&parent=2071073"}],"wp:term":[{"taxonomy":"category","embeddable":true,"href":"https:\/\/analyse.optim.biz\/index.php?rest_route=%2Fwp%2Fv2%2Fcategories&post=2071073"},{"taxonomy":"post_tag","embeddable":true,"href":"https:\/\/analyse.optim.biz\/index.php?rest_route=%2Fwp%2Fv2%2Ftags&post=2071073"}],"curies":[{"name":"wp","href":"https:\/\/api.w.org\/{rel}","templated":true}]}}