{"id":2071068,"date":"2026-07-28T00:00:00","date_gmt":"2026-07-27T21:00:00","guid":{"rendered":"https:\/\/analyse.optim.biz\/?p=2071068"},"modified":"2026-07-28T00:00:00","modified_gmt":"2026-07-27T21:00:00","slug":"smurd-vrancea-implicat-intr-un-incident-rutier-in-focsani-in-timp-ce-se-deplasa-la-un-accident-pe-dn2-e85","status":"publish","type":"post","link":"https:\/\/analyse.optim.biz\/?p=2071068","title":{"rendered":"SMURD Vrancea, implicat \u00eentr-un incident rutier \u00een Foc\u0219ani \u00een timp ce se deplasa la un accident pe DN2-E85"},"content":{"rendered":"<p>[analyse_image type=&#8221;featured&#8221; src=&#8221;https:\/\/zdvi.cname.ro\/_\/smurd-vrancea-implicat-intr-un-incident-rutier-in-focsani-in-timp-ce-se-deplasa-la-un-accident-pe-dn2-e85\/mediaPool\/udPtmAA.jpg&#8221;]<\/p>\n<div class=\"main-content detaliu-articol\"><a class=\"titlu-cat-list\" href=\"https:\/\/ziaruldevrancea.ro\/actualitatea\/stiri-locale\">Local<\/a><\/p>\n<h1>SMURD Vrancea, implicat \u00eentr-un incident rutier \u00een Foc\u0219ani \u00een timp ce se deplasa la un accident pe DN2-E85<\/h1>\n<div class=\"date-articol clearfix\">\n<div class=\"distribuie-articol dropdown\">\n    Distribuie: \u00a0<br \/>\n    <em>|<\/em><\/div>\n<div class=\"autor-articol\"><a href=\"https:\/\/ziaruldevrancea.ro\/autor\/paul-petrache\/\"><img decoding=\"async\" class=\"img-circle\" src=\"https:\/\/zdvi.cname.ro\/50_50\/articleAuthor\/paul-petrache\/articleAuthor\/uNItZQs.PNG\" alt><\/a><\/p>\n<h5><a href=\"https:\/\/ziaruldevrancea.ro\/autor\/paul-petrache\/\">Paul Petrache<\/a><\/h5>\n<div class=\"grup-spatiere\"><span class=\"cu-spatiere\">28 iul 2026<\/span><span class=\"cu-spatiere\">1140 vizualiz\u0103ri<\/span><\/div>\n<\/div>\n<\/div>\n<div class=\"poza-mare\"><a href class=\"openGallery\"><img decoding=\"async\" class=\"img-responsive\" src=\"https:\/\/zdvi.cname.ro\/850_530\/smurd-vrancea-implicat-intr-un-incident-rutier-in-focsani-in-timp-ce-se-deplasa-la-un-accident-pe-dn2-e85\/article\/mediaPool\/udPtmAA.jpg\" alt=\"Foto:arhiva ZdV.Credit foto:sursadevest.ro\"><\/a><\/p>\n<div class=\"caption-poza\">Foto:arhiva ZdV.Credit foto:sursadevest.ro<\/div>\n<\/div>\n<p><strong>O ambulan\u021b\u0103 SMURD aflat\u0103 \u00een misiune c\u0103tre un accident produs \u00een zona Cerdac a fost acro\u0219at\u0103 pe Bulevardul Bucure\u0219ti. Incidentul s-a soldat doar cu pagube materiale, iar interven\u021bia medical\u0103 a fost preluat\u0103 de un echipaj al SAJ Vrancea.<\/strong><\/p>\n<p>\u00a0<\/p>\n<p>\u00a0<\/p>\n<p>O ambulan\u021b\u0103 SMURD din cadrul Deta\u0219amentului de Pompieri Foc\u0219ani a fost implicat\u0103 luni, 27 iulie 2026, \u00eentr-un eveniment rutier produs pe Bulevardul Bucure\u0219ti din municipiul Foc\u0219ani, \u00een timp ce se deplasa c\u0103tre un accident rutier \u00eenregistrat pe DN2-E85, \u00een zona Cerdac.<\/p>\n<p>Potrivit unei inform\u0103ri de pres\u0103 transmise la ora 15:03 de purt\u0103torul de cuv\u00e2nt al Inspectoratului pentru Situa\u021bii de Urgen\u021b\u0103 Vrancea, autospeciala SMURD se afla \u00een misiune \u0219i circula cu semnalele acustice \u0219i luminoase \u00een func\u021biune \u00een momentul producerii incidentului.<\/p>\n<p>Conform informa\u021biilor oficiale, ambulan\u021ba a fost acro\u0219at\u0103 de un autoturism. Evenimentul rutier s-a soldat exclusiv cu pagube materiale, f\u0103r\u0103 ca vreuna dintre persoanele implicate s\u0103 fie r\u0103nit\u0103.<\/p>\n<p>Pentru ca interven\u021bia la accidentul rutier de pe DN2-E85 s\u0103 nu fie \u00eent\u00e2rziat\u0103, dispeceratul a dispus imediat redirec\u021bionarea unui echipaj al Serviciului de Ambulan\u021b\u0103 Jude\u021bean Vrancea c\u0103tre locul solicit\u0103rii.<\/p>\n<p>Reprezentan\u021bii ISU Vrancea precizeaz\u0103 c\u0103 aceast\u0103 m\u0103sur\u0103 a fost luat\u0103 pentru asigurarea continuit\u0103\u021bii misiunii \u0219i men\u021binerea unui timp optim de r\u0103spuns la urgen\u021ba medical\u0103.<\/p>\n<p>Incidentul eviden\u021biaz\u0103 provoc\u0103rile cu care se confrunt\u0103 echipajele de interven\u021bie care se deplaseaz\u0103 \u00een regim de urgen\u021b\u0103 prin traficul urban. Respectarea regulilor de circula\u021bie \u0219i acordarea priorit\u0103\u021bii vehiculelor cu semnalele speciale de avertizare \u00een func\u021biune r\u0103m\u00e2n esen\u021biale pentru ca echipele de salvare s\u0103 ajung\u0103 c\u00e2t mai rapid la persoanele aflate \u00een pericol.<\/p>\n<p>Autorit\u0103\u021bile urmeaz\u0103 s\u0103 stabileasc\u0103 \u00eemprejur\u0103rile exacte \u00een care s-a produs evenimentul rutier.<\/p>\n<p><strong>Paul Petrache\u00a0<\/strong><\/p>\n<p>\u00a0<\/p>\n<p>\u00a0<\/p>\n<hr>\n<div class=\"bloc-widget widget-rosu\">\n<p>\u00cen lipsa unui acord scris din partea Ziarului de Vrancea, pute\u0163i prelua maxim 500 de caractere din acest articol dac\u0103 preciza\u0163i sursa \u015fi insera\u0163i vizibil link-ul articolului:\u00a0<span>#insertcurrentlinkhere<\/span><\/p>\n<\/div>\n<div class=\"extra-articol listing-anunturi\">\n<h6>Anun\u021buri <span class=\"text-primary\">ZdV<\/span> Premium<\/h6>\n<div class=\"row\">\n<div class=\"col-lg-4 col-md-6 bloc-egal\"><a class=\"card-anunt\" href=\"https:\/\/ziaruldevrancea.ro\/anunturi\/imobiliare\/vanzari-terenuri\/vand-teren-in-panciu\"><strong class=\"titlu\">V\u00e2nz\u0103ri terenuri<\/strong><span class=\"text-anunt\">Teren Panciu 1170 mp, cu num\u0103r cas\u0103, ap\u0103&#8230;<\/span><span class=\"data-anunt\">29.07.2026  <\/span><\/a><\/div>\n<div class=\"col-lg-4 col-md-6 bloc-egal\"><a class=\"card-anunt\" href=\"https:\/\/ziaruldevrancea.ro\/anunturi\/altele\/anulare-acte\/vand-scrumbii-afumate-capturi-dunare\"><strong class=\"titlu\">Vanzari diverse<\/strong><span class=\"text-anunt\">Pret : 117 lei \/ kg . \u00a0 Este&#8230;<\/span><span class=\"data-anunt\">29.07.2026 , Gala\u021bi , Gala\u021bi<\/span><\/a><\/div>\n<div class=\"col-lg-4 col-md-6 bloc-egal\"><a class=\"card-anunt\" href=\"https:\/\/ziaruldevrancea.ro\/anunturi\/necrolog\/decese\/dumnezeu-sa-o-aseze-in-randul-celor-drepti\"><strong class=\"titlu\">Decese<\/strong><span class=\"text-anunt\">Cu profund\u0103 durere, familia anun\u021b\u0103 trecerea la&#8230;<\/span><span class=\"data-anunt\">28.07.2026  <\/span><\/a><\/div>\n<\/div>\n<\/div>\n<div class=\"extra-articol alte-articole\">\n<div class=\"row\">\n<div class=\"col-lg-6 bloc-egal\">\n<div class=\"card articol-listing\">\n<h6>\u00cen categoria <a href=\"https:\/\/ziaruldevrancea.ro\/actualitatea\/stiri-locale\">Local<\/a><\/h6>\n<div class=\"grup-articol-listing\">\n<div class=\"cont-pils\"><a href=\"https:\/\/ziaruldevrancea.ro\/actualitatea\/stiri-locale\/foto-pompierii-isu-vrancea-au-dus-lectii-de-siguranta-in-gura-calitei\"><img decoding=\"async\" src=\"https:\/\/zdvi.cname.ro\/180_135\/actualitatea\/stiri-locale\/foto-pompierii-isu-vrancea-au-dus-lectii-de-siguranta-in-gura-calitei\/mediaPool\/unTARgF.jpeg\" class=\"img-responsive img-180\" alt><\/a><\/div>\n<h2><a class=\"link-titlu\" href=\"https:\/\/ziaruldevrancea.ro\/actualitatea\/stiri-locale\/foto-pompierii-isu-vrancea-au-dus-lectii-de-siguranta-in-gura-calitei\">Foto | Pompierii ISU Vrancea au dus lec\u021bii de siguran\u021b\u0103 \u00een Gura Cali\u021bei<\/a><\/h2>\n<div class=\"date-post\"><a href=\"https:\/\/ziaruldevrancea.ro\/autor\/petre-paraschiv\">Petre Paraschiv<\/a>, 31 iul 2026  <\/div>\n<\/div>\n<div class=\"grup-articol-listing\">\n<div class=\"cont-pils\"><a href=\"https:\/\/ziaruldevrancea.ro\/actualitatea\/stiri-locale\/vrancea-soferii-cu-permis-categoria-b-care-fac-transport-contra-cost-trebuie-sa-obtina-un-document-obligatoriu.\"><img decoding=\"async\" src=\"https:\/\/zdvi.cname.ro\/180_135\/actualitatea\/stiri-locale\/vrancea-soferii-cu-permis-categoria-b-care-fac-transport-contra-cost-trebuie-sa-obtina-un-document-obligatoriu.\/mediaPool\/uABp3Hl.jpg\" class=\"img-responsive img-180\" alt><\/a><\/div>\n<h2><a class=\"link-titlu\" href=\"https:\/\/ziaruldevrancea.ro\/actualitatea\/stiri-locale\/vrancea-soferii-cu-permis-categoria-b-care-fac-transport-contra-cost-trebuie-sa-obtina-un-document-obligatoriu.\">Vrancea: \u0218oferii cu permis categoria B care fac transport contra cost trebuie s\u0103 ob\u021bin\u0103 un document obligatoriu<\/a><\/h2>\n<div class=\"date-post\"><a href=\"https:\/\/ziaruldevrancea.ro\/autor\/ionel-sclavone\">Ionel Sclavone<\/a>, 31 iul 2026  <\/div>\n<\/div>\n<div class=\"grup-articol-listing\">\n<div class=\"cont-pils\"><a href=\"https:\/\/ziaruldevrancea.ro\/actualitatea\/stiri-locale\/comisariatul-militar-din-focsani-un-simbol-al-istoriei-vrancei-renaste-prin-restaurare.-povestea-cladirii-care-a-gazduit-divizia-6-infanterie\"><img decoding=\"async\" src=\"https:\/\/zdvi.cname.ro\/180_135\/actualitatea\/stiri-locale\/comisariatul-militar-din-focsani-un-simbol-al-istoriei-vrancei-renaste-prin-restaurare.-povestea-cladirii-care-a-gazduit-divizia-6-infanterie\/mediaPool\/u5btavU.jpg\" class=\"img-responsive img-180\" alt><\/a><\/div>\n<h2><a class=\"link-titlu\" href=\"https:\/\/ziaruldevrancea.ro\/actualitatea\/stiri-locale\/comisariatul-militar-din-focsani-un-simbol-al-istoriei-vrancei-renaste-prin-restaurare.-povestea-cladirii-care-a-gazduit-divizia-6-infanterie\">Comisariatul Militar din Foc\u0219ani, un simbol al istoriei Vrancei, rena\u0219te prin restaurare. Povestea cl\u0103dirii care a g\u0103zduit Divizia 6 Infanterie<\/a><\/h2>\n<div class=\"date-post\"><a href=\"https:\/\/ziaruldevrancea.ro\/autor\/florin-marian-dirdala\">Florin Marian D\u00eerdal\u0103<\/a>, 31 iul 2026  <\/div>\n<\/div>\n<\/div>\n<\/div>\n<div class=\"col-lg-6 bloc-egal\">\n<div class=\"card articol-listing\">\n<h6>De acela\u0219i <a href=\"https:\/\/ziaruldevrancea.ro\/autor\/paul-petrache\/\">autor<\/a><\/h6>\n<div class=\"grup-articol-listing\">\n<div class=\"cont-pils\"><a href=\"https:\/\/ziaruldevrancea.ro\/special\/social\/misiune-contracronometru-la-focsani-un-barbat-de-70-de-ani-readus-la-viata-de-echipajul-saj-vrancea-dupa-un-stop-cardio-respirator\"><img decoding=\"async\" src=\"https:\/\/zdvi.cname.ro\/180_135\/special\/social\/misiune-contracronometru-la-focsani-un-barbat-de-70-de-ani-readus-la-viata-de-echipajul-saj-vrancea-dupa-un-stop-cardio-respirator\/mediaPool\/u6A9Isn.jpg\" class=\"img-responsive img-180\" alt><\/a><\/div>\n<h2><a class=\"link-titlu\" href=\"https:\/\/ziaruldevrancea.ro\/special\/social\/misiune-contracronometru-la-focsani-un-barbat-de-70-de-ani-readus-la-viata-de-echipajul-saj-vrancea-dupa-un-stop-cardio-respirator\">Misiune contracronometru la Foc\u0219ani: un b\u0103rbat de 70 de ani, readus la via\u021b\u0103 de echipajul SAJ Vrancea dup\u0103 un stop cardio-respirator<\/a><\/h2>\n<div class=\"date-post\"><a href=\"https:\/\/ziaruldevrancea.ro\/autor\/paul-petrache\">Paul Petrache<\/a>, 31 iul 2026  <\/div>\n<\/div>\n<div class=\"grup-articol-listing\">\n<div class=\"cont-pils\"><a href=\"https:\/\/ziaruldevrancea.ro\/promo\/evenimente-speciale\/vrancea-27-de-jandarmi-au-fost-avansati-in-grad-iar-un-militar-din-soveja-a-primit-diploma-de-merit-a-ministrului-afacerilor-interne\"><img decoding=\"async\" src=\"https:\/\/zdvi.cname.ro\/180_135\/promo\/evenimente-speciale\/vrancea-27-de-jandarmi-au-fost-avansati-in-grad-iar-un-militar-din-soveja-a-primit-diploma-de-merit-a-ministrului-afacerilor-interne\/mediaPool\/uCuk5Pq.jpeg\" class=\"img-responsive img-180\" alt><\/a><\/div>\n<h2><a class=\"link-titlu\" href=\"https:\/\/ziaruldevrancea.ro\/promo\/evenimente-speciale\/vrancea-27-de-jandarmi-au-fost-avansati-in-grad-iar-un-militar-din-soveja-a-primit-diploma-de-merit-a-ministrului-afacerilor-interne\">Vrancea: 27 de jandarmi au fost avansa\u021bi \u00een grad, iar un militar din Soveja a primit Diploma de Merit a ministrului Afacerilor Interne<\/a><\/h2>\n<div class=\"date-post\"><a href=\"https:\/\/ziaruldevrancea.ro\/autor\/paul-petrache\">Paul Petrache<\/a>, 31 iul 2026  <\/div>\n<\/div>\n<div class=\"grup-articol-listing\">\n<div class=\"cont-pils\"><a href=\"https:\/\/ziaruldevrancea.ro\/special\/social\/peste-80.000-de-pensionari-in-evidentele-cjp-vrancea-cum-arata-bilantul-primelor-sase-luni-din-2026\"><img decoding=\"async\" src=\"https:\/\/zdvi.cname.ro\/180_135\/special\/social\/peste-80.000-de-pensionari-in-evidentele-cjp-vrancea-cum-arata-bilantul-primelor-sase-luni-din-2026\/mediaPool\/u7Op6TJ.jpg\" class=\"img-responsive img-180\" alt><\/a><\/div>\n<h2><a class=\"link-titlu\" href=\"https:\/\/ziaruldevrancea.ro\/special\/social\/peste-80.000-de-pensionari-in-evidentele-cjp-vrancea-cum-arata-bilantul-primelor-sase-luni-din-2026\">VIDEO | Peste 80.000 de pensionari \u00een eviden\u021bele CJP Vrancea! Cum arat\u0103 bilan\u021bul primelor \u0219ase luni din 2026<\/a><\/h2>\n<div class=\"date-post\"><a href=\"https:\/\/ziaruldevrancea.ro\/autor\/paul-petrache\">Paul Petrache<\/a>, 31 iul 2026  <\/div>\n<\/div>\n<\/div>\n<\/div>\n<\/div>\n<\/div>\n<div class=\"extra-articol listing-anunturi\">\n<h6>Anun\u021buri <span class=\"text-primary\">ZdV<\/span> Premium<\/h6>\n<div class=\"row\">\n<div class=\"col-lg-4 col-md-6 bloc-egal\"><a class=\"card-anunt\" href=\"https:\/\/ziaruldevrancea.ro\/anunturi\/imobiliare\/vanzari-case\/vand-casa-si-teren-in-panciu-anunt-72818\"><strong class=\"titlu\">V\u00e2nz\u0103ri case<\/strong><span class=\"text-anunt\">V\u00e2nd cas\u0103 cu 2 camere, buc\u0103t\u0103rie, baie,&#8230;<\/span><span class=\"data-anunt\">23.07.2026  <\/span><\/a><\/div>\n<div class=\"col-lg-4 col-md-6 bloc-egal\"><a class=\"card-anunt\" href=\"https:\/\/ziaruldevrancea.ro\/anunturi\/angajari\/cereri-angajari\/doresc-angajare-anunt-72815\"><strong class=\"titlu\">Cereri<\/strong><span class=\"text-anunt\">Doresc s\u0103 am grij\u0103 de un copil de gradini\u021b\u0103&#8230;<\/span><span class=\"data-anunt\">21.07.2026  <\/span><\/a><\/div>\n<div class=\"col-lg-4 col-md-6 bloc-egal\"><a class=\"card-anunt\" href=\"https:\/\/ziaruldevrancea.ro\/anunturi\/inchirieri\/locuinte-oferte\/primesc-in-gazda-anunt-72816\"><strong class=\"titlu\">Locuin\u021be oferte<\/strong><span class=\"text-anunt\">\u00a0Primesc \u00een gazd\u0103 la cas\u0103.<\/p>\n<p>Tel&#8230;.<\/span><span class=\"data-anunt\">21.07.2026  <\/span><\/a><\/div>\n<\/div>\n<\/div>\n<div class=\"bloc-widget widget-albastru\">\n    Ziarul de Vrancea \u00a0nu este responsabil juridic pentru con\u0163inutul textelor din comentariile de mai jos. Responsabilitatea pentru mesajele dumneavoastra v\u0103 revine \u00een exclusivitate.\n<\/div>\n<div class=\"comentarii-articol\" id=\"comentarii\">\n<h3>Comentarii: <span class=\"text-primary\">0<\/span><\/h3>\n<p><a href=\"https:\/\/ziaruldevrancea.ro\/actualitatea\/stiri-locale\/smurd-vrancea-implicat-intr-un-incident-rutier-in-focsani-in-timp-ce-se-deplasa-la-un-accident-pe-dn2-e85\" class=\"btn btn-success btn-adauga-com\" data-toggle=\"modal\" data-parent=\"0\" data-target=\"#commentModal\">Adaug\u0103 comentariu<\/a><\/p>\n<div class=\"loadMask comments-mask\"><img decoding=\"async\" src=\"https:\/\/zdvs.cname.ro\/images\/loader_40.gif\"><\/div>\n<div class=\"comenteaza-jos\">Trebuie s\u0103 fii <a href=\"https:\/\/ziaruldevrancea.ro\/account\">autentificat<\/a> pentru a putea <a href=\"https:\/\/ziaruldevrancea.ro\/actualitatea\/stiri-locale\/smurd-vrancea-implicat-intr-un-incident-rutier-in-focsani-in-timp-ce-se-deplasa-la-un-accident-pe-dn2-e85\" class data-toggle=\"modal\" data-parent=\"0\" data-target=\"#commentModal\">posta un comentariu<\/a>.<\/div>\n<\/div>\n<div class=\"modal fade\" id=\"commentModal\" role=\"dialog\" aria-labelledby=\"commentModalLabel\">\n<div class=\"modal-dialog modal-lg\" role=\"document\">\n<div class=\"modal-content\">\n<div class=\"modal-header\">\n<h3 class=\"modal-title\" id=\"commentModalLabel\">Comenteaz\u0103<\/h3>\n<\/div>\n<div class=\"modal-body\">\n<div class=\"tabel tabel-full\">\n<div class=\"celula\">\n              Trebuie s\u0103 fii <a href=\"https:\/\/ziaruldevrancea.ro\/account\">autentificat<\/a> pentru a putea posta un comentariu.\n            <\/div>\n<\/div>\n<\/div>\n<div class=\"modal-footer\">\n<div id=\"commentPending\" class=\"formPending pull-left\"><img decoding=\"async\" src=\"https:\/\/zdvs.cname.ro\/images\/loader_40.gif\"> In curs de procesare&#8230;<\/div>\n<p><a href=\"https:\/\/ziaruldevrancea.ro\/actualitatea\/stiri-locale\/smurd-vrancea-implicat-intr-un-incident-rutier-in-focsani-in-timp-ce-se-deplasa-la-un-accident-pe-dn2-e85\" class=\"btn btn-default\" data-dismiss=\"modal\">Anuleaz\u0103<\/a><\/div>\n<\/div>\n<\/div>\n<\/div>\n<div class=\"modal fade\" id=\"commentReportModal\" role=\"dialog\" aria-labelledby=\"commentReportModalLabel\">\n<div class=\"modal-dialog modal-lg\" role=\"document\">\n<div class=\"modal-content\">\n<div class=\"modal-header\">\n<h3 class=\"modal-title\" id=\"commentReportModalLabel\">Raporteaza comentariu<\/h3>\n<\/div>\n<div class=\"modal-body\">\n<div class=\"tabel tabel-full\">\n<div class=\"celula\">\n              Trebuie s\u0103 fii <a href=\"https:\/\/ziaruldevrancea.ro\/account\">autentificat<\/a> pentru a putea raporta un comentariu.\n            <\/div>\n<\/div>\n<\/div>\n<div class=\"modal-footer\">\n<div id=\"commentReportPending\" class=\"formPending pull-left\"><img decoding=\"async\" src=\"https:\/\/zdvs.cname.ro\/images\/loader_40.gif\"> In curs de procesare&#8230;<\/div>\n<p><a href=\"https:\/\/ziaruldevrancea.ro\/actualitatea\/stiri-locale\/smurd-vrancea-implicat-intr-un-incident-rutier-in-focsani-in-timp-ce-se-deplasa-la-un-accident-pe-dn2-e85\" class=\"btn btn-default\" data-dismiss=\"modal\">Anuleaz\u0103<\/a><\/div>\n<\/div>\n<\/div>\n<\/div>\n<div class=\"modal fade\" id=\"commentLikeModal\" role=\"dialog\" aria-labelledby=\"commentLikeModalLabel\">\n<div class=\"modal-dialog modal-lg\" role=\"document\">\n<div class=\"modal-content\">\n<div class=\"modal-header\">\n<h3 class=\"modal-title\" id=\"commentReportModalLabel\">Apreciaza comentariu<\/h3>\n<\/div>\n<div class=\"modal-body\">\n<div class=\"tabel tabel-full\">\n<div class=\"celula\">\n            Trebuie s\u0103 fii <a href=\"https:\/\/ziaruldevrancea.ro\/account\">autentificat<\/a> pentru a putea aprecia un comentariu.\n          <\/div>\n<\/div>\n<\/div>\n<div class=\"modal-footer\"><a href=\"https:\/\/ziaruldevrancea.ro\/actualitatea\/stiri-locale\/smurd-vrancea-implicat-intr-un-incident-rutier-in-focsani-in-timp-ce-se-deplasa-la-un-accident-pe-dn2-e85\" class=\"btn btn-default\" data-dismiss=\"modal\">Anuleaz\u0103<\/a><\/div>\n<\/div>\n<\/div>\n<\/div>\n<div class=\"bloc-widget widget-rosu\"><span><small>Ziarul de Vrancea doreste ca acest site sa fie un spatiu al discutiilor civilizate, al comentariilor de bun simt. Din acest motiv, cei care posteaza comentarii la articole trebuie sa respecte urmatoarele reguli:<br \/>\n1. Sa se refere doar la articolul la care posteaza comentarii.<br \/>\n2. Sa foloseasca un limbaj civilizat, fara injurii, calomnii, comentarii antisemite, xenofobe sau rasiste.<br \/>\n3. Sunt interzise atacurile la adresa autorilor, daca acestea nu au legatura cu textul.<br \/>\n4. Username-ul sa nu fie nume de personalitati ale vietii publice sau parodieri ale acestora.<br \/>\nAutorul unui articol poate fi criticat pentru eventuale greseli, incoerenta, lipsa de documentare etc.<br \/>\nNerespectarea regulilor mentionate mai sus va duce la stergerea comentariilor, fara avertisment si fara explicatii.<br \/>\nAbaterile repetate vor avea drept consecinta interdictia accesului la aceasta facilitate a site-ului.<\/small><\/span><\/div>\n<\/div>\n<p>[analyse_source url=&#8221;https:\/\/ziaruldevrancea.ro\/actualitatea\/stiri-locale\/smurd-vrancea-implicat-intr-un-incident-rutier-in-focsani-in-timp-ce-se-deplasa-la-un-accident-pe-dn2-e85&#8243;]<\/p>\n","protected":false},"excerpt":{"rendered":"<p>[analyse_image type=&#8221;featured&#8221; src=&#8221;https:\/\/zdvi.cname.ro\/_\/smurd-vrancea-implicat-intr-un-incident-rutier-in-focsani-in-timp-ce-se-deplasa-la-un-accident-pe-dn2-e85\/mediaPool\/udPtmAA.jpg&#8221;] Local SMURD Vrancea, implicat \u00eentr-un incident rutier \u00een Foc\u0219ani \u00een timp ce se deplasa la un accident pe DN2-E85 Distribuie: \u00a0 | Paul Petrache 28 iul 20261140 vizualiz\u0103ri Foto:arhiva ZdV.Credit foto:sursadevest.ro O ambulan\u021b\u0103 SMURD aflat\u0103 \u00een misiune c\u0103tre un accident produs \u00een zona Cerdac a fost acro\u0219at\u0103 pe Bulevardul Bucure\u0219ti. Incidentul s-a [&hellip;]<\/p>\n","protected":false},"author":1,"featured_media":0,"comment_status":"open","ping_status":"","sticky":false,"template":"","format":"standard","meta":{"footnotes":""},"categories":[89],"tags":[226,208],"class_list":["post-2071068","post","type-post","status-publish","format-standard","hentry","category-romania","tag-crawlmanager","tag-ziaruldevrancea-ro"],"_links":{"self":[{"href":"https:\/\/analyse.optim.biz\/index.php?rest_route=\/wp\/v2\/posts\/2071068","targetHints":{"allow":["GET"]}}],"collection":[{"href":"https:\/\/analyse.optim.biz\/index.php?rest_route=\/wp\/v2\/posts"}],"about":[{"href":"https:\/\/analyse.optim.biz\/index.php?rest_route=\/wp\/v2\/types\/post"}],"author":[{"embeddable":true,"href":"https:\/\/analyse.optim.biz\/index.php?rest_route=\/wp\/v2\/users\/1"}],"replies":[{"embeddable":true,"href":"https:\/\/analyse.optim.biz\/index.php?rest_route=%2Fwp%2Fv2%2Fcomments&post=2071068"}],"version-history":[{"count":0,"href":"https:\/\/analyse.optim.biz\/index.php?rest_route=\/wp\/v2\/posts\/2071068\/revisions"}],"wp:attachment":[{"href":"https:\/\/analyse.optim.biz\/index.php?rest_route=%2Fwp%2Fv2%2Fmedia&parent=2071068"}],"wp:term":[{"taxonomy":"category","embeddable":true,"href":"https:\/\/analyse.optim.biz\/index.php?rest_route=%2Fwp%2Fv2%2Fcategories&post=2071068"},{"taxonomy":"post_tag","embeddable":true,"href":"https:\/\/analyse.optim.biz\/index.php?rest_route=%2Fwp%2Fv2%2Ftags&post=2071068"}],"curies":[{"name":"wp","href":"https:\/\/api.w.org\/{rel}","templated":true}]}}