{"id":2071065,"date":"2026-07-28T00:00:00","date_gmt":"2026-07-27T21:00:00","guid":{"rendered":"https:\/\/analyse.optim.biz\/?p=2071065"},"modified":"2026-07-28T00:00:00","modified_gmt":"2026-07-27T21:00:00","slug":"prima-pagina-a-editiei-tiparite-a-ziarului-de-vrancea-de-astazi-28-iulie-2026-educatie-performanta-siguranta-rutiera-si-povesti-care-fac-cinste-vrancei","status":"publish","type":"post","link":"https:\/\/analyse.optim.biz\/?p=2071065","title":{"rendered":"Prima pagin\u0103 a edi\u021biei tip\u0103rite a Ziarului de Vrancea de ast\u0103zi, 28 iulie 2026: Educa\u021bie, performan\u021b\u0103, siguran\u021b\u0103 rutier\u0103 \u0219i pove\u0219ti care fac cinste Vrancei"},"content":{"rendered":"<p>[analyse_image type=&#8221;featured&#8221; src=&#8221;https:\/\/zdvi.cname.ro\/_\/prima-pagina-a-editiei-tiparite-a-ziarului-de-vrancea-de-astazi-28-iulie-2026\/mediaPool\/uOVc5tL.jpg&#8221;]<\/p>\n<div class=\"main-content detaliu-articol\"><a class=\"titlu-cat-list\" href=\"https:\/\/ziaruldevrancea.ro\/actualitatea\/stiri-locale\">Local<\/a><\/p>\n<h1>Prima pagin\u0103 a edi\u021biei tip\u0103rite a Ziarului de Vrancea de ast\u0103zi, 28 iulie 2026: Educa\u021bie, performan\u021b\u0103, siguran\u021b\u0103 rutier\u0103 \u0219i pove\u0219ti care fac cinste Vrancei <\/h1>\n<div class=\"date-articol clearfix\">\n<div class=\"distribuie-articol dropdown\">\n    Distribuie: \u00a0<br \/>\n    <em>|<\/em><\/div>\n<div class=\"autor-articol\"><a href=\"https:\/\/ziaruldevrancea.ro\/autor\/rodica-condurache\/\"><img decoding=\"async\" class=\"img-circle\" src=\"https:\/\/zdvi.cname.ro\/50_50\/articleAuthor\/rodica-condurache\/articleAuthor\/uy6Kz5r.jpg\" alt><\/a><\/p>\n<h5><a href=\"https:\/\/ziaruldevrancea.ro\/autor\/rodica-condurache\/\">Rodica Condurache<\/a><\/h5>\n<div class=\"grup-spatiere\"><span class=\"cu-spatiere\">28 iul 2026<\/span><span class=\"cu-spatiere\">506 vizualiz\u0103ri<\/span><\/div>\n<\/div>\n<\/div>\n<div class=\"poza-mare\"><a href class=\"openGallery\"><img decoding=\"async\" class=\"img-responsive\" src=\"https:\/\/zdvi.cname.ro\/850_530\/prima-pagina-a-editiei-tiparite-a-ziarului-de-vrancea-de-astazi-28-iulie-2026\/article\/mediaPool\/uOVc5tL.jpg\" alt><\/a><\/div>\n<p>De la admiterea la liceu \u0219i competi\u021bia na\u021bional\u0103 InfoEduca\u021bie 2026, p\u00e2n\u0103 la pove\u0219tile de succes ale vr\u00e2ncenilor din lume, accidentele rutiere \u0219i comemorarea poetului Dumitru Pricop \u2013 acestea sunt principalele subiecte ale edi\u021biei tip\u0103rite de ast\u0103zi a Ziarului de Vrancea.Turism, economie, educa\u021bie, siguran\u021b\u0103 public\u0103 \u0219i via\u021ba real\u0103 a vr\u00e2ncenilor, toate pe prima pagin\u0103 a Ziarului de Vrancea. Cite\u0219te, analizeaz\u0103 \u0219i afl\u0103 ce al\u021bii \u00ee\u021bi ascund \u00een Ziarul de Vrancea acces\u00e2nd link-ul al\u0103turat:\u00a0https:\/\/tinyurl.com\/3y6bfbxc \u0219i\/sau achizi\u021bion\u00e2nd edi\u021bia tip\u0103tir\u0103 a cotidianului nostru, de la urm\u0103toarele puncte de difuzare a presei din Foc\u0219ani: Pia\u021ba Moldovei; B-dul Unirii, la chio\u0219cul Filocart, Carrefour; Kaufland, Sta\u021bia autobuz B-dul Independen\u021bei, fa\u021b\u0103-n fa\u021b\u0103 cu sediul AJFP (Finan\u021be); sediul Ziarului de Vrancea (B-dul Independen\u021bei nr 23-25-fa\u021b\u0103-n fa\u021b\u0103 cu Benzin\u0103ria MOL). Abonamnete prin Direc\u021bia de Po\u0219t\u0103<\/p>\n<p>\u00a0<\/p>\n<p><img decoding=\"async\" alt src=\"https:\/\/zdvi.cname.ro\/_\/mediaPool-file\/mediaPool\/uOVc5tL.jpg\"><\/p>\n<p>Prima pagin\u0103 a Ziarului de Vrancea din 28 iulie 2026: cele mai importante \u0219tiri ale zilei pentru vr\u00e2nceni<\/p>\n<p>Educa\u021bia, siguran\u021ba public\u0103, performan\u021ba, cultura \u0219i pove\u0219tile de via\u021b\u0103 care inspir\u0103 sunt \u00een centrul aten\u021biei \u00een edi\u021bia tip\u0103rit\u0103 de ast\u0103zi, 28 iulie 2026, a Ziarului de Vrancea. Prima pagin\u0103 reune\u0219te subiecte de interes major pentru comunitatea vr\u00e2ncean\u0103, dar \u0219i informa\u021bii relevante la nivel na\u021bional, oferind cititorilor o imagine complet\u0103 asupra evenimentelor care conteaz\u0103.<\/p>\n<p>Unul dintre principalele materiale este dedicat admiterii la liceu \u00een Vrancea, explic\u00e2nd \u00een ce situa\u021bii absolven\u021bii clasei a VIII-a \u00ee\u0219i pot schimba liceul dup\u0103 repartizare \u0219i care sunt condi\u021biile legale pentru transfer. Articolul ofer\u0103 informa\u021bii utile pentru elevi \u0219i p\u0103rin\u021bi \u00eentr-o perioad\u0103 important\u0103 pentru viitorul copiilor.<\/p>\n<p>Tot din domeniul educa\u021biei, edi\u021bia de ast\u0103zi anun\u021b\u0103 \u00eenceperea competi\u021biei na\u021bionale InfoEduca\u021bie 2026 la Foc\u0219ani, eveniment care reune\u0219te sute de elevi \u0219i profesori din \u00eentreaga \u021bar\u0103. Competi\u021bia r\u0103m\u00e2ne una dintre cele mai importante manifest\u0103ri dedicate inova\u021biei \u0219i creativit\u0103\u021bii digitale, iar Consiliul Jude\u021bean Vrancea \u00ee\u0219i continu\u0103 parteneriatul tradi\u021bional \u00een organizarea acesteia.<\/p>\n<p>\u00cen plan interna\u021bional, cititorii pot descoperi povestea impresionant\u0103 a dou\u0103 surori din Foc\u0219ani care au reu\u0219it s\u0103 se afirme \u00een Statele Unite prin munc\u0103 \u0219i profesionalism, ajung\u00e2nd \u00een pozi\u021bii de coordonare \u00eentr-un restaurant din statul Maine. Materialul prezint\u0103 parcursul lor \u0219i mesajul emo\u021bionant transmis de familie.<\/p>\n<p>Siguran\u021ba rutier\u0103 r\u0103m\u00e2ne o tem\u0103 important\u0103 \u00een edi\u021bia de ast\u0103zi. Ziarul prezint\u0103 informa\u021bii despre accidentul produs pe E85, \u00een sensul giratoriu de la Cerdac \u2013 Cote\u0219ti, \u00een urma c\u0103ruia trei persoane au fost transportate la spital, precum \u0219i recomand\u0103ri privind prevenirea unor astfel de evenimente.<\/p>\n<p>La capitolul sport, cititorii afl\u0103 c\u0103 C\u0103t\u0103lin Lauren\u021biu Olteanu, originar din comuna Cior\u0103\u0219ti, a fost convocat din nou la Na\u021bionala \u0218oferilor Rom\u00e2niei, urm\u00e2nd s\u0103 participe la un meci caritabil \u00eempotriva reprezentativei Spaniei.<\/p>\n<p>Edi\u021bia tip\u0103rit\u0103 include \u0219i un material dedicat comemor\u0103rii poetului Dumitru Pricop, de la dispari\u021bia c\u0103ruia se \u00eemplinesc 19 ani. Considerat una dintre cele mai importante con\u0219tiin\u021be culturale ale jude\u021bului, autorul r\u0103m\u00e2ne o personalitate marcant\u0103 a literaturii vr\u00e2ncene.<\/p>\n<p>Tot \u00een paginile ziarului, \u0219oferii g\u0103sesc un articol de interes privind escrocheriile cu certificatele RAR Auto-Pass, cu recomand\u0103ri utile pentru evitarea fraudelor la cump\u0103rarea unui autoturism.<\/p>\n<p><strong>Calendarul zilei \u2013 28 iulie<\/strong><\/p>\n<p>Rubrica dedicat\u0103 zilei de 28 iulie aminte\u0219te evenimente \u0219i personalit\u0103\u021bi importante din istorie, \u00eentre care se remarc\u0103:<\/p>\n<p>comemorarea marelui medic \u0219i bacteriolog Victor Babe\u0219, unul dintre fondatorii microbiologiei moderne \u0219i o personalitate esen\u021bial\u0103 a medicinei rom\u00e2ne\u0219ti;<\/p>\n<p>evenimente istorice relevante petrecute \u00een Rom\u00e2nia \u0219i \u00een lume la aceast\u0103 dat\u0103;<\/p>\n<p>calendarul cre\u0219tin ortodox \u0219i romano-catolic;<\/p>\n<p>informa\u021bii utile privind r\u0103s\u0103ritul \u0219i apusul soarelui, cursul valutar \u0219i maxima zilei.<\/p>\n<p>Prin diversitatea subiectelor abordate, edi\u021bia tip\u0103rit\u0103 din 28 iulie 2026 ofer\u0103 cititorilor informa\u021bii relevante despre educa\u021bie, administra\u021bie, cultur\u0103, sport, siguran\u021b\u0103 rutier\u0103 \u0219i oameni care fac cinste Vrancei \u00een \u021bar\u0103 \u0219i peste hotare.<\/p>\n<p>Edi\u021bia poate fi achizi\u021bionat\u0103 de la punctele de difuzare a presei din Foc\u0219ani sau pe baz\u0103 de abonament prin Direc\u021bia Jude\u021bean\u0103 de Po\u0219t\u0103.<\/p>\n<p>\u00a0<\/p>\n<p>\u00a0<\/p>\n<hr>\n<div class=\"bloc-widget widget-rosu\">\n<p>\u00cen lipsa unui acord scris din partea Ziarului de Vrancea, pute\u0163i prelua maxim 500 de caractere din acest articol dac\u0103 preciza\u0163i sursa \u015fi insera\u0163i vizibil link-ul articolului:\u00a0<span>#insertcurrentlinkhere<\/span><\/p>\n<\/div>\n<div class=\"extra-articol listing-anunturi\">\n<h6>Anun\u021buri <span class=\"text-primary\">ZdV<\/span> Premium<\/h6>\n<div class=\"row\">\n<div class=\"col-lg-4 col-md-6 bloc-egal\"><a class=\"card-anunt\" href=\"https:\/\/ziaruldevrancea.ro\/anunturi\/imobiliare\/vanzari-terenuri\/vand-teren-in-panciu\"><strong class=\"titlu\">V\u00e2nz\u0103ri terenuri<\/strong><span class=\"text-anunt\">Teren Panciu 1170 mp, cu num\u0103r cas\u0103, ap\u0103&#8230;<\/span><span class=\"data-anunt\">29.07.2026  <\/span><\/a><\/div>\n<div class=\"col-lg-4 col-md-6 bloc-egal\"><a class=\"card-anunt\" href=\"https:\/\/ziaruldevrancea.ro\/anunturi\/altele\/anulare-acte\/vand-scrumbii-afumate-capturi-dunare\"><strong class=\"titlu\">Vanzari diverse<\/strong><span class=\"text-anunt\">Pret : 117 lei \/ kg . \u00a0 Este&#8230;<\/span><span class=\"data-anunt\">29.07.2026 , Gala\u021bi , Gala\u021bi<\/span><\/a><\/div>\n<div class=\"col-lg-4 col-md-6 bloc-egal\"><a class=\"card-anunt\" href=\"https:\/\/ziaruldevrancea.ro\/anunturi\/necrolog\/decese\/dumnezeu-sa-o-aseze-in-randul-celor-drepti\"><strong class=\"titlu\">Decese<\/strong><span class=\"text-anunt\">Cu profund\u0103 durere, familia anun\u021b\u0103 trecerea la&#8230;<\/span><span class=\"data-anunt\">28.07.2026  <\/span><\/a><\/div>\n<\/div>\n<\/div>\n<div class=\"extra-articol alte-articole\">\n<div class=\"row\">\n<div class=\"col-lg-6 bloc-egal\">\n<div class=\"card articol-listing\">\n<h6>\u00cen categoria <a href=\"https:\/\/ziaruldevrancea.ro\/actualitatea\/stiri-locale\">Local<\/a><\/h6>\n<div class=\"grup-articol-listing\">\n<div class=\"cont-pils\"><a href=\"https:\/\/ziaruldevrancea.ro\/actualitatea\/stiri-locale\/foto-pompierii-isu-vrancea-au-dus-lectii-de-siguranta-in-gura-calitei\"><img decoding=\"async\" src=\"https:\/\/zdvi.cname.ro\/180_135\/actualitatea\/stiri-locale\/foto-pompierii-isu-vrancea-au-dus-lectii-de-siguranta-in-gura-calitei\/mediaPool\/unTARgF.jpeg\" class=\"img-responsive img-180\" alt><\/a><\/div>\n<h2><a class=\"link-titlu\" href=\"https:\/\/ziaruldevrancea.ro\/actualitatea\/stiri-locale\/foto-pompierii-isu-vrancea-au-dus-lectii-de-siguranta-in-gura-calitei\">Foto | Pompierii ISU Vrancea au dus lec\u021bii de siguran\u021b\u0103 \u00een Gura Cali\u021bei<\/a><\/h2>\n<div class=\"date-post\"><a href=\"https:\/\/ziaruldevrancea.ro\/autor\/petre-paraschiv\">Petre Paraschiv<\/a>, 31 iul 2026  <\/div>\n<\/div>\n<div class=\"grup-articol-listing\">\n<div class=\"cont-pils\"><a href=\"https:\/\/ziaruldevrancea.ro\/actualitatea\/stiri-locale\/vrancea-soferii-cu-permis-categoria-b-care-fac-transport-contra-cost-trebuie-sa-obtina-un-document-obligatoriu.\"><img decoding=\"async\" src=\"https:\/\/zdvi.cname.ro\/180_135\/actualitatea\/stiri-locale\/vrancea-soferii-cu-permis-categoria-b-care-fac-transport-contra-cost-trebuie-sa-obtina-un-document-obligatoriu.\/mediaPool\/uABp3Hl.jpg\" class=\"img-responsive img-180\" alt><\/a><\/div>\n<h2><a class=\"link-titlu\" href=\"https:\/\/ziaruldevrancea.ro\/actualitatea\/stiri-locale\/vrancea-soferii-cu-permis-categoria-b-care-fac-transport-contra-cost-trebuie-sa-obtina-un-document-obligatoriu.\">Vrancea: \u0218oferii cu permis categoria B care fac transport contra cost trebuie s\u0103 ob\u021bin\u0103 un document obligatoriu<\/a><\/h2>\n<div class=\"date-post\"><a href=\"https:\/\/ziaruldevrancea.ro\/autor\/ionel-sclavone\">Ionel Sclavone<\/a>, 31 iul 2026  <\/div>\n<\/div>\n<div class=\"grup-articol-listing\">\n<div class=\"cont-pils\"><a href=\"https:\/\/ziaruldevrancea.ro\/actualitatea\/stiri-locale\/comisariatul-militar-din-focsani-un-simbol-al-istoriei-vrancei-renaste-prin-restaurare.-povestea-cladirii-care-a-gazduit-divizia-6-infanterie\"><img decoding=\"async\" src=\"https:\/\/zdvi.cname.ro\/180_135\/actualitatea\/stiri-locale\/comisariatul-militar-din-focsani-un-simbol-al-istoriei-vrancei-renaste-prin-restaurare.-povestea-cladirii-care-a-gazduit-divizia-6-infanterie\/mediaPool\/u5btavU.jpg\" class=\"img-responsive img-180\" alt><\/a><\/div>\n<h2><a class=\"link-titlu\" href=\"https:\/\/ziaruldevrancea.ro\/actualitatea\/stiri-locale\/comisariatul-militar-din-focsani-un-simbol-al-istoriei-vrancei-renaste-prin-restaurare.-povestea-cladirii-care-a-gazduit-divizia-6-infanterie\">Comisariatul Militar din Foc\u0219ani, un simbol al istoriei Vrancei, rena\u0219te prin restaurare. Povestea cl\u0103dirii care a g\u0103zduit Divizia 6 Infanterie<\/a><\/h2>\n<div class=\"date-post\"><a href=\"https:\/\/ziaruldevrancea.ro\/autor\/florin-marian-dirdala\">Florin Marian D\u00eerdal\u0103<\/a>, 31 iul 2026  <\/div>\n<\/div>\n<\/div>\n<\/div>\n<div class=\"col-lg-6 bloc-egal\">\n<div class=\"card articol-listing\">\n<h6>De acela\u0219i <a href=\"https:\/\/ziaruldevrancea.ro\/autor\/rodica-condurache\/\">autor<\/a><\/h6>\n<div class=\"grup-articol-listing\">\n<div class=\"cont-pils\"><a href=\"https:\/\/ziaruldevrancea.ro\/actualitatea\/stiri-locale\/prima-pagina-a-ziarului-de-vrancea-de-astazi-31-iulie-2026\"><img decoding=\"async\" src=\"https:\/\/zdvi.cname.ro\/180_135\/actualitatea\/stiri-locale\/prima-pagina-a-ziarului-de-vrancea-de-astazi-31-iulie-2026\/mediaPool\/utzqu1b.jpg\" class=\"img-responsive img-180\" alt><\/a><\/div>\n<h2><a class=\"link-titlu\" href=\"https:\/\/ziaruldevrancea.ro\/actualitatea\/stiri-locale\/prima-pagina-a-ziarului-de-vrancea-de-astazi-31-iulie-2026\">Prima pagin\u0103 a Ziarului de Vrancea de ast\u0103zi, 31 iulie 2026: accidente, investi\u021bii, economie \u0219i cele mai importante \u0219tiri ale jude\u021bului  <\/a><\/h2>\n<div class=\"date-post\"><a href=\"https:\/\/ziaruldevrancea.ro\/autor\/rodica-condurache\">Rodica Condurache<\/a>, 31 iul 2026  <\/div>\n<\/div>\n<div class=\"grup-articol-listing\">\n<div class=\"cont-pils\"><a href=\"https:\/\/ziaruldevrancea.ro\/timp-liber\/astazi-despre-psihologul-clinician-andrei-partos---om-bun---nevoia-de-a-repune-muzica-si-poezia-romaneasca-la-un-loc-bun\"><img decoding=\"async\" src=\"https:\/\/zdvi.cname.ro\/180_135\/timp-liber\/astazi-despre-psihologul-clinician-andrei-partos---om-bun---nevoia-de-a-repune-muzica-si-poezia-romaneasca-la-un-loc-bun\/mediaPool\/uYSVhEO.jpg\" class=\"img-responsive img-180\" alt><\/a><\/div>\n<h2><a class=\"link-titlu\" href=\"https:\/\/ziaruldevrancea.ro\/timp-liber\/astazi-despre-psihologul-clinician-andrei-partos---om-bun---nevoia-de-a-repune-muzica-si-poezia-romaneasca-la-un-loc-bun\">VIDEO V\u0103 mai aminti\u021bi de \u201eRADIO VACAN\u021aA COSTINE\u0218TI\u201d? Ast\u0103zi despre vocea Costine\u015ftiului de alt\u0103dat\u0103. Andrei Parto\u0219 &#8211; Psihologul clinician care dup\u0103 zece ani de activitate s-a dedicat nevoii de a repune muzica \u015fi poezia rom\u00e2neasc\u0103 la un loc bun<\/a><\/h2>\n<div class=\"date-post\"><a href=\"https:\/\/ziaruldevrancea.ro\/autor\/rodica-condurache\">Rodica Condurache<\/a>, 31 iul 2026  <\/div>\n<\/div>\n<div class=\"grup-articol-listing\">\n<div class=\"cont-pils\"><a href=\"https:\/\/ziaruldevrancea.ro\/timp-liber\/horoscop-31-iulie-2026\"><img decoding=\"async\" src=\"https:\/\/zdvi.cname.ro\/180_135\/timp-liber\/horoscop-31-iulie-2026\/mediaPool\/uA8enxT.jpg\" class=\"img-responsive img-180\" alt><\/a><\/div>\n<h2><a class=\"link-titlu\" href=\"https:\/\/ziaruldevrancea.ro\/timp-liber\/horoscop-31-iulie-2026\">Horoscop 31 iulie 2026 <\/a><\/h2>\n<div class=\"date-post\"><a href=\"https:\/\/ziaruldevrancea.ro\/autor\/rodica-condurache\">Rodica Condurache<\/a>, 31 iul 2026  <\/div>\n<\/div>\n<\/div>\n<\/div>\n<\/div>\n<\/div>\n<div class=\"extra-articol listing-anunturi\">\n<h6>Anun\u021buri <span class=\"text-primary\">ZdV<\/span> Premium<\/h6>\n<div class=\"row\">\n<div class=\"col-lg-4 col-md-6 bloc-egal\"><a class=\"card-anunt\" href=\"https:\/\/ziaruldevrancea.ro\/anunturi\/imobiliare\/vanzari-case\/vand-casa-si-teren-in-panciu-anunt-72818\"><strong class=\"titlu\">V\u00e2nz\u0103ri case<\/strong><span class=\"text-anunt\">V\u00e2nd cas\u0103 cu 2 camere, buc\u0103t\u0103rie, baie,&#8230;<\/span><span class=\"data-anunt\">23.07.2026  <\/span><\/a><\/div>\n<div class=\"col-lg-4 col-md-6 bloc-egal\"><a class=\"card-anunt\" href=\"https:\/\/ziaruldevrancea.ro\/anunturi\/angajari\/cereri-angajari\/doresc-angajare-anunt-72815\"><strong class=\"titlu\">Cereri<\/strong><span class=\"text-anunt\">Doresc s\u0103 am grij\u0103 de un copil de gradini\u021b\u0103&#8230;<\/span><span class=\"data-anunt\">21.07.2026  <\/span><\/a><\/div>\n<div class=\"col-lg-4 col-md-6 bloc-egal\"><a class=\"card-anunt\" href=\"https:\/\/ziaruldevrancea.ro\/anunturi\/inchirieri\/locuinte-oferte\/primesc-in-gazda-anunt-72816\"><strong class=\"titlu\">Locuin\u021be oferte<\/strong><span class=\"text-anunt\">\u00a0Primesc \u00een gazd\u0103 la cas\u0103.<\/p>\n<p>Tel&#8230;.<\/span><span class=\"data-anunt\">21.07.2026  <\/span><\/a><\/div>\n<\/div>\n<\/div>\n<div class=\"bloc-widget widget-albastru\">\n    Ziarul de Vrancea \u00a0nu este responsabil juridic pentru con\u0163inutul textelor din comentariile de mai jos. Responsabilitatea pentru mesajele dumneavoastra v\u0103 revine \u00een exclusivitate.\n<\/div>\n<div class=\"comentarii-articol\" id=\"comentarii\">\n<h3>Comentarii: <span class=\"text-primary\">0<\/span><\/h3>\n<p><a href=\"https:\/\/ziaruldevrancea.ro\/actualitatea\/stiri-locale\/prima-pagina-a-editiei-tiparite-a-ziarului-de-vrancea-de-astazi-28-iulie-2026\" class=\"btn btn-success btn-adauga-com\" data-toggle=\"modal\" data-parent=\"0\" data-target=\"#commentModal\">Adaug\u0103 comentariu<\/a><\/p>\n<div class=\"loadMask comments-mask\"><img decoding=\"async\" src=\"https:\/\/zdvs.cname.ro\/images\/loader_40.gif\"><\/div>\n<div class=\"comenteaza-jos\">Trebuie s\u0103 fii <a href=\"https:\/\/ziaruldevrancea.ro\/account\">autentificat<\/a> pentru a putea <a href=\"https:\/\/ziaruldevrancea.ro\/actualitatea\/stiri-locale\/prima-pagina-a-editiei-tiparite-a-ziarului-de-vrancea-de-astazi-28-iulie-2026\" class data-toggle=\"modal\" data-parent=\"0\" data-target=\"#commentModal\">posta un comentariu<\/a>.<\/div>\n<\/div>\n<div class=\"modal fade\" id=\"commentModal\" role=\"dialog\" aria-labelledby=\"commentModalLabel\">\n<div class=\"modal-dialog modal-lg\" role=\"document\">\n<div class=\"modal-content\">\n<div class=\"modal-header\">\n<h3 class=\"modal-title\" id=\"commentModalLabel\">Comenteaz\u0103<\/h3>\n<\/div>\n<div class=\"modal-body\">\n<div class=\"tabel tabel-full\">\n<div class=\"celula\">\n              Trebuie s\u0103 fii <a href=\"https:\/\/ziaruldevrancea.ro\/account\">autentificat<\/a> pentru a putea posta un comentariu.\n            <\/div>\n<\/div>\n<\/div>\n<div class=\"modal-footer\">\n<div id=\"commentPending\" class=\"formPending pull-left\"><img decoding=\"async\" src=\"https:\/\/zdvs.cname.ro\/images\/loader_40.gif\"> In curs de procesare&#8230;<\/div>\n<p><a href=\"https:\/\/ziaruldevrancea.ro\/actualitatea\/stiri-locale\/prima-pagina-a-editiei-tiparite-a-ziarului-de-vrancea-de-astazi-28-iulie-2026\" class=\"btn btn-default\" data-dismiss=\"modal\">Anuleaz\u0103<\/a><\/div>\n<\/div>\n<\/div>\n<\/div>\n<div class=\"modal fade\" id=\"commentReportModal\" role=\"dialog\" aria-labelledby=\"commentReportModalLabel\">\n<div class=\"modal-dialog modal-lg\" role=\"document\">\n<div class=\"modal-content\">\n<div class=\"modal-header\">\n<h3 class=\"modal-title\" id=\"commentReportModalLabel\">Raporteaza comentariu<\/h3>\n<\/div>\n<div class=\"modal-body\">\n<div class=\"tabel tabel-full\">\n<div class=\"celula\">\n              Trebuie s\u0103 fii <a href=\"https:\/\/ziaruldevrancea.ro\/account\">autentificat<\/a> pentru a putea raporta un comentariu.\n            <\/div>\n<\/div>\n<\/div>\n<div class=\"modal-footer\">\n<div id=\"commentReportPending\" class=\"formPending pull-left\"><img decoding=\"async\" src=\"https:\/\/zdvs.cname.ro\/images\/loader_40.gif\"> In curs de procesare&#8230;<\/div>\n<p><a href=\"https:\/\/ziaruldevrancea.ro\/actualitatea\/stiri-locale\/prima-pagina-a-editiei-tiparite-a-ziarului-de-vrancea-de-astazi-28-iulie-2026\" class=\"btn btn-default\" data-dismiss=\"modal\">Anuleaz\u0103<\/a><\/div>\n<\/div>\n<\/div>\n<\/div>\n<div class=\"modal fade\" id=\"commentLikeModal\" role=\"dialog\" aria-labelledby=\"commentLikeModalLabel\">\n<div class=\"modal-dialog modal-lg\" role=\"document\">\n<div class=\"modal-content\">\n<div class=\"modal-header\">\n<h3 class=\"modal-title\" id=\"commentReportModalLabel\">Apreciaza comentariu<\/h3>\n<\/div>\n<div class=\"modal-body\">\n<div class=\"tabel tabel-full\">\n<div class=\"celula\">\n            Trebuie s\u0103 fii <a href=\"https:\/\/ziaruldevrancea.ro\/account\">autentificat<\/a> pentru a putea aprecia un comentariu.\n          <\/div>\n<\/div>\n<\/div>\n<div class=\"modal-footer\"><a href=\"https:\/\/ziaruldevrancea.ro\/actualitatea\/stiri-locale\/prima-pagina-a-editiei-tiparite-a-ziarului-de-vrancea-de-astazi-28-iulie-2026\" class=\"btn btn-default\" data-dismiss=\"modal\">Anuleaz\u0103<\/a><\/div>\n<\/div>\n<\/div>\n<\/div>\n<div class=\"bloc-widget widget-rosu\"><span><small>Ziarul de Vrancea doreste ca acest site sa fie un spatiu al discutiilor civilizate, al comentariilor de bun simt. Din acest motiv, cei care posteaza comentarii la articole trebuie sa respecte urmatoarele reguli:<br \/>\n1. Sa se refere doar la articolul la care posteaza comentarii.<br \/>\n2. Sa foloseasca un limbaj civilizat, fara injurii, calomnii, comentarii antisemite, xenofobe sau rasiste.<br \/>\n3. Sunt interzise atacurile la adresa autorilor, daca acestea nu au legatura cu textul.<br \/>\n4. Username-ul sa nu fie nume de personalitati ale vietii publice sau parodieri ale acestora.<br \/>\nAutorul unui articol poate fi criticat pentru eventuale greseli, incoerenta, lipsa de documentare etc.<br \/>\nNerespectarea regulilor mentionate mai sus va duce la stergerea comentariilor, fara avertisment si fara explicatii.<br \/>\nAbaterile repetate vor avea drept consecinta interdictia accesului la aceasta facilitate a site-ului.<\/small><\/span><\/div>\n<\/div>\n<p>[analyse_source url=&#8221;https:\/\/ziaruldevrancea.ro\/actualitatea\/stiri-locale\/prima-pagina-a-editiei-tiparite-a-ziarului-de-vrancea-de-astazi-28-iulie-2026&#8243;]<\/p>\n","protected":false},"excerpt":{"rendered":"<p>[analyse_image type=&#8221;featured&#8221; src=&#8221;https:\/\/zdvi.cname.ro\/_\/prima-pagina-a-editiei-tiparite-a-ziarului-de-vrancea-de-astazi-28-iulie-2026\/mediaPool\/uOVc5tL.jpg&#8221;] Local Prima pagin\u0103 a edi\u021biei tip\u0103rite a Ziarului de Vrancea de ast\u0103zi, 28 iulie 2026: Educa\u021bie, performan\u021b\u0103, siguran\u021b\u0103 rutier\u0103 \u0219i pove\u0219ti care fac cinste Vrancei Distribuie: \u00a0 | Rodica Condurache 28 iul 2026506 vizualiz\u0103ri De la admiterea la liceu \u0219i competi\u021bia na\u021bional\u0103 InfoEduca\u021bie 2026, p\u00e2n\u0103 la pove\u0219tile de succes ale vr\u00e2ncenilor din [&hellip;]<\/p>\n","protected":false},"author":1,"featured_media":0,"comment_status":"open","ping_status":"","sticky":false,"template":"","format":"standard","meta":{"footnotes":""},"categories":[89],"tags":[226,208],"class_list":["post-2071065","post","type-post","status-publish","format-standard","hentry","category-romania","tag-crawlmanager","tag-ziaruldevrancea-ro"],"_links":{"self":[{"href":"https:\/\/analyse.optim.biz\/index.php?rest_route=\/wp\/v2\/posts\/2071065","targetHints":{"allow":["GET"]}}],"collection":[{"href":"https:\/\/analyse.optim.biz\/index.php?rest_route=\/wp\/v2\/posts"}],"about":[{"href":"https:\/\/analyse.optim.biz\/index.php?rest_route=\/wp\/v2\/types\/post"}],"author":[{"embeddable":true,"href":"https:\/\/analyse.optim.biz\/index.php?rest_route=\/wp\/v2\/users\/1"}],"replies":[{"embeddable":true,"href":"https:\/\/analyse.optim.biz\/index.php?rest_route=%2Fwp%2Fv2%2Fcomments&post=2071065"}],"version-history":[{"count":0,"href":"https:\/\/analyse.optim.biz\/index.php?rest_route=\/wp\/v2\/posts\/2071065\/revisions"}],"wp:attachment":[{"href":"https:\/\/analyse.optim.biz\/index.php?rest_route=%2Fwp%2Fv2%2Fmedia&parent=2071065"}],"wp:term":[{"taxonomy":"category","embeddable":true,"href":"https:\/\/analyse.optim.biz\/index.php?rest_route=%2Fwp%2Fv2%2Fcategories&post=2071065"},{"taxonomy":"post_tag","embeddable":true,"href":"https:\/\/analyse.optim.biz\/index.php?rest_route=%2Fwp%2Fv2%2Ftags&post=2071065"}],"curies":[{"name":"wp","href":"https:\/\/api.w.org\/{rel}","templated":true}]}}