{"id":2071063,"date":"2026-07-27T00:00:00","date_gmt":"2026-07-26T21:00:00","guid":{"rendered":"https:\/\/analyse.optim.biz\/?p=2071063"},"modified":"2026-07-27T00:00:00","modified_gmt":"2026-07-26T21:00:00","slug":"vrancea-politia-explica-accidentul-de-pe-e85-la-sensul-giratoriu-de-la-cerdac-cotesti-trei-persoane-au-fost-ranite","status":"publish","type":"post","link":"https:\/\/analyse.optim.biz\/?p=2071063","title":{"rendered":"Vrancea: Poli\u021bia explic\u0103 accidentul de pe E85, la sensul giratoriu de la Cerdac-Cote\u0219ti. Trei persoane au fost r\u0103nite"},"content":{"rendered":"<p>[analyse_image type=&#8221;featured&#8221; src=&#8221;https:\/\/zdvi.cname.ro\/_\/vrancea-politia-explica-accidentul-de-pe-e85-la-sensul-giratoriu-de-la-cerdac-cotesti.-trei-persoane-au-fost-ranite\/mediaPool\/u74EWvG.jpg&#8221;]<\/p>\n<div class=\"main-content detaliu-articol\"><a class=\"titlu-cat-list\" href=\"https:\/\/ziaruldevrancea.ro\/actualitatea\/stiri-locale\">Local<\/a><\/p>\n<h1>Vrancea: Poli\u021bia explic\u0103 accidentul de pe E85, la sensul giratoriu de la Cerdac-Cote\u0219ti. Trei persoane au fost r\u0103nite<\/h1>\n<div class=\"date-articol clearfix\">\n<div class=\"distribuie-articol dropdown\">\n    Distribuie: \u00a0<br \/>\n    <em>|<\/em><\/div>\n<div class=\"autor-articol\"><a href=\"https:\/\/ziaruldevrancea.ro\/autor\/petre-paraschiv\/\"><img decoding=\"async\" class=\"img-circle\" src=\"https:\/\/zdvi.cname.ro\/50_50\/articleAuthor\/petre-paraschiv\/articleAuthor\/uWVWYPk.jpg\" alt><\/a><\/p>\n<h5><a href=\"https:\/\/ziaruldevrancea.ro\/autor\/petre-paraschiv\/\">Petre Paraschiv<\/a><\/h5>\n<div class=\"grup-spatiere\"><span class=\"cu-spatiere\">27 iul 2026<\/span><span class=\"cu-spatiere\">1193 vizualiz\u0103ri<\/span><\/div>\n<\/div>\n<\/div>\n<div class=\"poza-mare\"><a href class=\"openGallery\"><img decoding=\"async\" class=\"img-responsive\" src=\"https:\/\/zdvi.cname.ro\/850_530\/vrancea-politia-explica-accidentul-de-pe-e85-la-sensul-giratoriu-de-la-cerdac-cotesti.-trei-persoane-au-fost-ranite\/article\/mediaPool\/u74EWvG.jpg\" alt><\/a><\/div>\n<p><strong>IPJ Vrancea a transmis primele concluzii ale cercet\u0103rilor privind accidentul produs luni pe DN2-E85, \u00een zona Cerdac-Cote\u0219ti. Cei doi \u0219oferi \u0219i o pasager\u0103 au ajuns la Spitalul Jude\u021bean Foc\u0219ani, iar poli\u021bi\u0219tii au deschis un dosar penal pentru v\u0103t\u0103mare corporal\u0103 din culp\u0103.<\/strong><\/p>\n<p>Poli\u021bia a prezentat primele concluzii privind accidentul produs pe E85, \u00een apropierea sensului giratoriu de la Cerdac-Cote\u0219ti, unul dintre cele mai circulate puncte rutiere din jude\u021bul Vrancea. \u00cen urma impactului dintre dou\u0103 autoturisme, trei persoane au fost r\u0103nite \u0219i transportate la Unitatea de Primiri Urgen\u021be a Spitalului Jude\u021bean de Urgen\u021b\u0103 \u201eSf. Pantelimon\u201d Foc\u0219ani.<\/p>\n<p>Potrivit unei inform\u0103ri de pres\u0103 transmise luni, 27 iulie 2026, la ora 16:09, de purt\u0103torul de cuv\u00e2nt al Inspectoratului de Poli\u021bie Jude\u021bean Vrancea, accidentul s-a produs \u00een jurul orei 13:49, pe DN2-E85, \u00een afara localit\u0103\u021bii Cote\u0219ti.<\/p>\n<p>Din primele verific\u0103ri efectuate la fa\u021ba locului a rezultat c\u0103 un b\u0103rbat \u00een v\u00e2rst\u0103 de 58 de ani, din municipiul Foc\u0219ani, aflat la volanul unui autoturism, ar fi intrat \u00een coliziune cu un alt autoturism, condus de un b\u0103rbat de 40 de ani, din comuna C\u00e2mpineanca.<\/p>\n<p><strong>Trei persoane au fost transportate la UPU Foc\u0219ani<\/strong><\/p>\n<p>\u00cen urma impactului au fost r\u0103ni\u021bi cei doi conduc\u0103tori auto \u0219i o pasager\u0103 \u00een v\u00e2rst\u0103 de 84 de ani. To\u021bi au fost transporta\u021bi la o unitate medical\u0103 pentru investiga\u021bii \u0219i \u00eengrijiri de specialitate.<\/p>\n<p>Poli\u021bi\u0219tii au precizat c\u0103 ambii \u0219oferi au fost testa\u021bi cu aparatul etilotest, rezultatele fiind negative.<\/p>\n<p>\u00cen cauz\u0103 a fost \u00eentocmit un dosar penal pentru s\u0103v\u00e2r\u0219irea infrac\u021biunii de <strong>v\u0103t\u0103mare corporal\u0103 din culp\u0103<\/strong>, iar cercet\u0103rile continu\u0103 pentru stabilirea exact\u0103 a cauzelor \u0219i \u00eemprejur\u0103rilor producerii accidentului.<\/p>\n<p><strong>SAJ Vrancea: trei victime evaluate \u0219i stabilizate la fa\u021ba locului<\/strong><\/p>\n<p>Informa\u021biile comunicate de IPJ Vrancea completeaz\u0103 datele transmise anterior de Serviciul de Ambulan\u021b\u0103 Jude\u021bean Vrancea.<\/p>\n<p>Potrivit SAJ, apelul la num\u0103rul unic de urgen\u021b\u0103 112 a fost primit la ora 13:53, iar la locul accidentului au fost trimise dou\u0103 ambulan\u021be ale Sta\u021biei Centrale Foc\u0219ani.<\/p>\n<p>Echipajele medicale au acordat primul ajutor celor trei victime, care prezentau urm\u0103toarele leziuni:<\/p>\n<ul>\n<li>un b\u0103rbat de aproximativ 40 de ani, cu traumatism cranio-cerebral deschis \u0219i traumatisme ale membrelor superioare \u0219i inferioare;<\/li>\n<li>un b\u0103rbat de aproximativ 53 de ani, cu traumatisme la nivelul membrelor inferioare;<\/li>\n<li>o femeie de aproximativ 87 de ani, diagnosticat\u0103 cu traumatism toracic.<\/li>\n<\/ul>\n<p>Dup\u0103 stabilizarea la fa\u021ba locului, toate cele trei persoane au fost transportate la Unitatea de Primiri Urgen\u021be Foc\u0219ani.<\/p>\n<p>Diferen\u021bele privind v\u00e2rsta celor implica\u021bi \u00eentre comunic\u0103rile SAJ \u0219i IPJ sunt explicabile prin faptul c\u0103 echipajele medicale au comunicat ini\u021bial v\u00e2rste aproximative, \u00een timp ce Poli\u021bia a prezentat ulterior datele rezultate din verific\u0103rile de identificare efectuate \u00een cadrul cercet\u0103rii.<\/p>\n<p><strong>Cercet\u0103rile continu\u0103<\/strong><\/p>\n<p>Accidentul s-a produs \u00eentr-o zon\u0103 cu trafic intens de pe DN2-E85, la sensul giratoriu de la Cerdac-Cote\u0219ti, un punct rutier tranzitat zilnic de un num\u0103r mare de autovehicule.<\/p>\n<p>Poli\u021bi\u0219tii continu\u0103 cercet\u0103rile pentru stabilirea tuturor circumstan\u021belor producerii evenimentului rutier, urm\u00e2nd ca rezultatele investiga\u021biei s\u0103 stabileasc\u0103 responsabilit\u0103\u021bile legale.<\/p>\n<p>Autorit\u0103\u021bile recomand\u0103 conduc\u0103torilor auto s\u0103 adapteze viteza la condi\u021biile de trafic, s\u0103 p\u0103streze distan\u021ba de siguran\u021b\u0103 \u0219i s\u0103 manifeste pruden\u021b\u0103 sporit\u0103 \u00een apropierea intersec\u021biilor \u0219i sensurilor giratorii de pe drumurile na\u021bionale.<\/p>\n<p><strong>Petre Paraschiv\u00a0<\/strong><\/p>\n<p><strong>Citi\u021bi \u0219i con\u021binutul integral al inform\u0103rii de pres\u0103 f\u0103cut\u0103 public de purt\u0103torul de cuv\u00e2nt al IPJ Vrancea luni 27 iulie 2026 ora 16:09 \u00een leg\u0103tur\u0103 cu aceast articol<\/strong><\/p>\n<p><strong>Informare de pres\u0103, luni 27 iulie 2026 ora 16:09, IPJ Vrancea:ACCIDENT RUTIER PE DN2 E85<\/strong><\/p>\n<div>La data de 27 iulie a.c., \u00een jurul orei 13:49, poli\u021bi\u0219tii din cadrul Inspectoratului de Poli\u021bie Jude\u021bean Vrancea au fost sesiza\u021bi cu privire la producerea unui accident rutier pe DN2 E85, \u00een afara localit\u0103\u021bii Cote\u0219ti.Din primele verific\u0103ri efectuate la fa\u021ba locului a reie\u0219it faptul c\u0103 un b\u0103rbat \u00een v\u00e2rst\u0103 de 58 de ani, din municipiul Foc\u0219ani, \u00een timp ce conducea un autoturism, ar fi intrat \u00een coliziune cu un autoturism condus de un b\u0103rbat de 40 de ani, din comuna C\u00e2mpineanca.\u00cen urma evenimentului rutier, au fost r\u0103ni\u021bi cei doi conduc\u0103tori auto \u0219i o pasager\u0103 \u00een v\u00e2rst\u0103 de 84 de ani, ace\u0219tia fiind transporta\u021bi la o unitate medical\u0103 \u00een vederea acord\u0103rii de \u00eengrijiri de specialitate.Conduc\u0103torii auto au fost testa\u021bi cu aparatul etilotest, rezultatele fiind negative.\u00cen cauz\u0103 a fost \u00eentocmit dosar penal sub aspectul s\u0103v\u00e2r\u0219irii infrac\u021biunii de v\u0103t\u0103mare corporal\u0103 din culp\u0103, iar cercet\u0103rile sunt continuate pentru stabilirea cu exactitate a \u00eemprejur\u0103rilor producerii accidentului rutier.<\/div>\n<div><strong>Citi\u021bi \u0219i<\/strong>:<strong><a href=\"https:\/\/www.ziaruldevrancea.ro\/actualitatea\/stiri-locale\/accident-pe-e85-la-sensul-giratoriu-de-la-cerdac-cotesti-trei-persoane-au-ajuns-la-upu-focsani-dupa-impactul-dintre-doua-autoturisme\" target=\"_blank\">Accident pe E85, la sensul giratoriu de la Cerdac-Cote\u0219ti: trei persoane au ajuns la UPU Foc\u0219ani dup\u0103 impactul dintre dou\u0103 autoturisme<\/a><\/strong><\/div>\n<hr>\n<div class=\"bloc-widget widget-rosu\">\n<p>\u00cen lipsa unui acord scris din partea Ziarului de Vrancea, pute\u0163i prelua maxim 500 de caractere din acest articol dac\u0103 preciza\u0163i sursa \u015fi insera\u0163i vizibil link-ul articolului:\u00a0<span>#insertcurrentlinkhere<\/span><\/p>\n<\/div>\n<div class=\"extra-articol listing-anunturi\">\n<h6>Anun\u021buri <span class=\"text-primary\">ZdV<\/span> Premium<\/h6>\n<div class=\"row\">\n<div class=\"col-lg-4 col-md-6 bloc-egal\"><a class=\"card-anunt\" href=\"https:\/\/ziaruldevrancea.ro\/anunturi\/imobiliare\/vanzari-terenuri\/vand-teren-in-panciu\"><strong class=\"titlu\">V\u00e2nz\u0103ri terenuri<\/strong><span class=\"text-anunt\">Teren Panciu 1170 mp, cu num\u0103r cas\u0103, ap\u0103&#8230;<\/span><span class=\"data-anunt\">29.07.2026  <\/span><\/a><\/div>\n<div class=\"col-lg-4 col-md-6 bloc-egal\"><a class=\"card-anunt\" href=\"https:\/\/ziaruldevrancea.ro\/anunturi\/altele\/anulare-acte\/vand-scrumbii-afumate-capturi-dunare\"><strong class=\"titlu\">Vanzari diverse<\/strong><span class=\"text-anunt\">Pret : 117 lei \/ kg . \u00a0 Este&#8230;<\/span><span class=\"data-anunt\">29.07.2026 , Gala\u021bi , Gala\u021bi<\/span><\/a><\/div>\n<div class=\"col-lg-4 col-md-6 bloc-egal\"><a class=\"card-anunt\" href=\"https:\/\/ziaruldevrancea.ro\/anunturi\/necrolog\/decese\/dumnezeu-sa-o-aseze-in-randul-celor-drepti\"><strong class=\"titlu\">Decese<\/strong><span class=\"text-anunt\">Cu profund\u0103 durere, familia anun\u021b\u0103 trecerea la&#8230;<\/span><span class=\"data-anunt\">28.07.2026  <\/span><\/a><\/div>\n<\/div>\n<\/div>\n<div class=\"extra-articol alte-articole\">\n<div class=\"row\">\n<div class=\"col-lg-6 bloc-egal\">\n<div class=\"card articol-listing\">\n<h6>\u00cen categoria <a href=\"https:\/\/ziaruldevrancea.ro\/actualitatea\/stiri-locale\">Local<\/a><\/h6>\n<div class=\"grup-articol-listing\">\n<div class=\"cont-pils\"><a href=\"https:\/\/ziaruldevrancea.ro\/actualitatea\/stiri-locale\/foto-pompierii-isu-vrancea-au-dus-lectii-de-siguranta-in-gura-calitei\"><img decoding=\"async\" src=\"https:\/\/zdvi.cname.ro\/180_135\/actualitatea\/stiri-locale\/foto-pompierii-isu-vrancea-au-dus-lectii-de-siguranta-in-gura-calitei\/mediaPool\/unTARgF.jpeg\" class=\"img-responsive img-180\" alt><\/a><\/div>\n<h2><a class=\"link-titlu\" href=\"https:\/\/ziaruldevrancea.ro\/actualitatea\/stiri-locale\/foto-pompierii-isu-vrancea-au-dus-lectii-de-siguranta-in-gura-calitei\">Foto | Pompierii ISU Vrancea au dus lec\u021bii de siguran\u021b\u0103 \u00een Gura Cali\u021bei<\/a><\/h2>\n<div class=\"date-post\"><a href=\"https:\/\/ziaruldevrancea.ro\/autor\/petre-paraschiv\">Petre Paraschiv<\/a>, 31 iul 2026  <\/div>\n<\/div>\n<div class=\"grup-articol-listing\">\n<div class=\"cont-pils\"><a href=\"https:\/\/ziaruldevrancea.ro\/actualitatea\/stiri-locale\/vrancea-soferii-cu-permis-categoria-b-care-fac-transport-contra-cost-trebuie-sa-obtina-un-document-obligatoriu.\"><img decoding=\"async\" src=\"https:\/\/zdvi.cname.ro\/180_135\/actualitatea\/stiri-locale\/vrancea-soferii-cu-permis-categoria-b-care-fac-transport-contra-cost-trebuie-sa-obtina-un-document-obligatoriu.\/mediaPool\/uABp3Hl.jpg\" class=\"img-responsive img-180\" alt><\/a><\/div>\n<h2><a class=\"link-titlu\" href=\"https:\/\/ziaruldevrancea.ro\/actualitatea\/stiri-locale\/vrancea-soferii-cu-permis-categoria-b-care-fac-transport-contra-cost-trebuie-sa-obtina-un-document-obligatoriu.\">Vrancea: \u0218oferii cu permis categoria B care fac transport contra cost trebuie s\u0103 ob\u021bin\u0103 un document obligatoriu<\/a><\/h2>\n<div class=\"date-post\"><a href=\"https:\/\/ziaruldevrancea.ro\/autor\/ionel-sclavone\">Ionel Sclavone<\/a>, 31 iul 2026  <\/div>\n<\/div>\n<div class=\"grup-articol-listing\">\n<div class=\"cont-pils\"><a href=\"https:\/\/ziaruldevrancea.ro\/actualitatea\/stiri-locale\/comisariatul-militar-din-focsani-un-simbol-al-istoriei-vrancei-renaste-prin-restaurare.-povestea-cladirii-care-a-gazduit-divizia-6-infanterie\"><img decoding=\"async\" src=\"https:\/\/zdvi.cname.ro\/180_135\/actualitatea\/stiri-locale\/comisariatul-militar-din-focsani-un-simbol-al-istoriei-vrancei-renaste-prin-restaurare.-povestea-cladirii-care-a-gazduit-divizia-6-infanterie\/mediaPool\/u5btavU.jpg\" class=\"img-responsive img-180\" alt><\/a><\/div>\n<h2><a class=\"link-titlu\" href=\"https:\/\/ziaruldevrancea.ro\/actualitatea\/stiri-locale\/comisariatul-militar-din-focsani-un-simbol-al-istoriei-vrancei-renaste-prin-restaurare.-povestea-cladirii-care-a-gazduit-divizia-6-infanterie\">Comisariatul Militar din Foc\u0219ani, un simbol al istoriei Vrancei, rena\u0219te prin restaurare. Povestea cl\u0103dirii care a g\u0103zduit Divizia 6 Infanterie<\/a><\/h2>\n<div class=\"date-post\"><a href=\"https:\/\/ziaruldevrancea.ro\/autor\/florin-marian-dirdala\">Florin Marian D\u00eerdal\u0103<\/a>, 31 iul 2026  <\/div>\n<\/div>\n<\/div>\n<\/div>\n<div class=\"col-lg-6 bloc-egal\">\n<div class=\"card articol-listing\">\n<h6>De acela\u0219i <a href=\"https:\/\/ziaruldevrancea.ro\/autor\/petre-paraschiv\/\">autor<\/a><\/h6>\n<div class=\"grup-articol-listing\">\n<div class=\"cont-pils\"><a href=\"https:\/\/ziaruldevrancea.ro\/actualitatea\/stiri-locale\/alerta-in-focsani-politia-verifica-un-bagaj-abandonat-pe-strada-maior-gheorghe-pastia\"><img decoding=\"async\" src=\"https:\/\/zdvi.cname.ro\/180_135\/actualitatea\/stiri-locale\/alerta-in-focsani-politia-verifica-un-bagaj-abandonat-pe-strada-maior-gheorghe-pastia\/mediaPool\/utXrpSb.jpg\" class=\"img-responsive img-180\" alt><\/a><\/div>\n<h2><a class=\"link-titlu\" href=\"https:\/\/ziaruldevrancea.ro\/actualitatea\/stiri-locale\/alerta-in-focsani-politia-verifica-un-bagaj-abandonat-pe-strada-maior-gheorghe-pastia\">Alert\u0103 \u00een Foc\u0219ani: Poli\u021bia verific\u0103 un bagaj abandonat pe strada Maior Gheorghe Pastia<\/a><\/h2>\n<div class=\"date-post\"><a href=\"https:\/\/ziaruldevrancea.ro\/autor\/petre-paraschiv\">Petre Paraschiv<\/a>, 31 iul 2026  <\/div>\n<\/div>\n<div class=\"grup-articol-listing\">\n<div class=\"cont-pils\"><a href=\"https:\/\/ziaruldevrancea.ro\/actualitatea\/stiri-locale\/sofer-din-ploscuteni-depistat-baut-la-volan-in-homocea\"><img decoding=\"async\" src=\"https:\/\/zdvi.cname.ro\/180_135\/actualitatea\/stiri-locale\/sofer-din-ploscuteni-depistat-baut-la-volan-in-homocea\/mediaPool\/uX5ePbC.jpg\" class=\"img-responsive img-180\" alt><\/a><\/div>\n<h2><a class=\"link-titlu\" href=\"https:\/\/ziaruldevrancea.ro\/actualitatea\/stiri-locale\/sofer-din-ploscuteni-depistat-baut-la-volan-in-homocea\">\u0218ofer din Ploscu\u021beni, depistat b\u0103ut la volan \u00een Homocea<\/a><\/h2>\n<div class=\"date-post\"><a href=\"https:\/\/ziaruldevrancea.ro\/autor\/petre-paraschiv\">Petre Paraschiv<\/a>, 29 iul 2026  <\/div>\n<\/div>\n<div class=\"grup-articol-listing\">\n<div class=\"cont-pils\"><a href=\"https:\/\/ziaruldevrancea.ro\/actualitatea\/stiri-locale\/sedinta-ordinara-a-consiliului-local-focsani-pe-30-iulie\"><img decoding=\"async\" src=\"https:\/\/zdvi.cname.ro\/180_135\/actualitatea\/stiri-locale\/sedinta-ordinara-a-consiliului-local-focsani-pe-30-iulie\/mediaPool\/u6Rslss.jpg\" class=\"img-responsive img-180\" alt><\/a><\/div>\n<h2><a class=\"link-titlu\" href=\"https:\/\/ziaruldevrancea.ro\/actualitatea\/stiri-locale\/sedinta-ordinara-a-consiliului-local-focsani-pe-30-iulie\">\u0218edin\u021b\u0103 ordinar\u0103 a Consiliului Local Foc\u0219ani pe 30 iulie<\/a><\/h2>\n<div class=\"date-post\"><a href=\"https:\/\/ziaruldevrancea.ro\/autor\/petre-paraschiv\">Petre Paraschiv<\/a>, 29 iul 2026  <\/div>\n<\/div>\n<\/div>\n<\/div>\n<\/div>\n<\/div>\n<div class=\"extra-articol listing-anunturi\">\n<h6>Anun\u021buri <span class=\"text-primary\">ZdV<\/span> Premium<\/h6>\n<div class=\"row\">\n<div class=\"col-lg-4 col-md-6 bloc-egal\"><a class=\"card-anunt\" href=\"https:\/\/ziaruldevrancea.ro\/anunturi\/imobiliare\/vanzari-case\/vand-casa-si-teren-in-panciu-anunt-72818\"><strong class=\"titlu\">V\u00e2nz\u0103ri case<\/strong><span class=\"text-anunt\">V\u00e2nd cas\u0103 cu 2 camere, buc\u0103t\u0103rie, baie,&#8230;<\/span><span class=\"data-anunt\">23.07.2026  <\/span><\/a><\/div>\n<div class=\"col-lg-4 col-md-6 bloc-egal\"><a class=\"card-anunt\" href=\"https:\/\/ziaruldevrancea.ro\/anunturi\/angajari\/cereri-angajari\/doresc-angajare-anunt-72815\"><strong class=\"titlu\">Cereri<\/strong><span class=\"text-anunt\">Doresc s\u0103 am grij\u0103 de un copil de gradini\u021b\u0103&#8230;<\/span><span class=\"data-anunt\">21.07.2026  <\/span><\/a><\/div>\n<div class=\"col-lg-4 col-md-6 bloc-egal\"><a class=\"card-anunt\" href=\"https:\/\/ziaruldevrancea.ro\/anunturi\/inchirieri\/locuinte-oferte\/primesc-in-gazda-anunt-72816\"><strong class=\"titlu\">Locuin\u021be oferte<\/strong><span class=\"text-anunt\">\u00a0Primesc \u00een gazd\u0103 la cas\u0103.<\/p>\n<p>Tel&#8230;.<\/span><span class=\"data-anunt\">21.07.2026  <\/span><\/a><\/div>\n<\/div>\n<\/div>\n<div class=\"bloc-widget widget-albastru\">\n    Ziarul de Vrancea \u00a0nu este responsabil juridic pentru con\u0163inutul textelor din comentariile de mai jos. Responsabilitatea pentru mesajele dumneavoastra v\u0103 revine \u00een exclusivitate.\n<\/div>\n<div class=\"comentarii-articol\" id=\"comentarii\">\n<h3>Comentarii: <span class=\"text-primary\">0<\/span><\/h3>\n<p><a href=\"https:\/\/ziaruldevrancea.ro\/actualitatea\/stiri-locale\/vrancea-politia-explica-accidentul-de-pe-e85-la-sensul-giratoriu-de-la-cerdac-cotesti.-trei-persoane-au-fost-ranite\" class=\"btn btn-success btn-adauga-com\" data-toggle=\"modal\" data-parent=\"0\" data-target=\"#commentModal\">Adaug\u0103 comentariu<\/a><\/p>\n<div class=\"loadMask comments-mask\"><img decoding=\"async\" src=\"https:\/\/zdvs.cname.ro\/images\/loader_40.gif\"><\/div>\n<div class=\"comenteaza-jos\">Trebuie s\u0103 fii <a href=\"https:\/\/ziaruldevrancea.ro\/account\">autentificat<\/a> pentru a putea <a href=\"https:\/\/ziaruldevrancea.ro\/actualitatea\/stiri-locale\/vrancea-politia-explica-accidentul-de-pe-e85-la-sensul-giratoriu-de-la-cerdac-cotesti.-trei-persoane-au-fost-ranite\" class data-toggle=\"modal\" data-parent=\"0\" data-target=\"#commentModal\">posta un comentariu<\/a>.<\/div>\n<\/div>\n<div class=\"modal fade\" id=\"commentModal\" role=\"dialog\" aria-labelledby=\"commentModalLabel\">\n<div class=\"modal-dialog modal-lg\" role=\"document\">\n<div class=\"modal-content\">\n<div class=\"modal-header\">\n<h3 class=\"modal-title\" id=\"commentModalLabel\">Comenteaz\u0103<\/h3>\n<\/div>\n<div class=\"modal-body\">\n<div class=\"tabel tabel-full\">\n<div class=\"celula\">\n              Trebuie s\u0103 fii <a href=\"https:\/\/ziaruldevrancea.ro\/account\">autentificat<\/a> pentru a putea posta un comentariu.\n            <\/div>\n<\/div>\n<\/div>\n<div class=\"modal-footer\">\n<div id=\"commentPending\" class=\"formPending pull-left\"><img decoding=\"async\" src=\"https:\/\/zdvs.cname.ro\/images\/loader_40.gif\"> In curs de procesare&#8230;<\/div>\n<p><a href=\"https:\/\/ziaruldevrancea.ro\/actualitatea\/stiri-locale\/vrancea-politia-explica-accidentul-de-pe-e85-la-sensul-giratoriu-de-la-cerdac-cotesti.-trei-persoane-au-fost-ranite\" class=\"btn btn-default\" data-dismiss=\"modal\">Anuleaz\u0103<\/a><\/div>\n<\/div>\n<\/div>\n<\/div>\n<div class=\"modal fade\" id=\"commentReportModal\" role=\"dialog\" aria-labelledby=\"commentReportModalLabel\">\n<div class=\"modal-dialog modal-lg\" role=\"document\">\n<div class=\"modal-content\">\n<div class=\"modal-header\">\n<h3 class=\"modal-title\" id=\"commentReportModalLabel\">Raporteaza comentariu<\/h3>\n<\/div>\n<div class=\"modal-body\">\n<div class=\"tabel tabel-full\">\n<div class=\"celula\">\n              Trebuie s\u0103 fii <a href=\"https:\/\/ziaruldevrancea.ro\/account\">autentificat<\/a> pentru a putea raporta un comentariu.\n            <\/div>\n<\/div>\n<\/div>\n<div class=\"modal-footer\">\n<div id=\"commentReportPending\" class=\"formPending pull-left\"><img decoding=\"async\" src=\"https:\/\/zdvs.cname.ro\/images\/loader_40.gif\"> In curs de procesare&#8230;<\/div>\n<p><a href=\"https:\/\/ziaruldevrancea.ro\/actualitatea\/stiri-locale\/vrancea-politia-explica-accidentul-de-pe-e85-la-sensul-giratoriu-de-la-cerdac-cotesti.-trei-persoane-au-fost-ranite\" class=\"btn btn-default\" data-dismiss=\"modal\">Anuleaz\u0103<\/a><\/div>\n<\/div>\n<\/div>\n<\/div>\n<div class=\"modal fade\" id=\"commentLikeModal\" role=\"dialog\" aria-labelledby=\"commentLikeModalLabel\">\n<div class=\"modal-dialog modal-lg\" role=\"document\">\n<div class=\"modal-content\">\n<div class=\"modal-header\">\n<h3 class=\"modal-title\" id=\"commentReportModalLabel\">Apreciaza comentariu<\/h3>\n<\/div>\n<div class=\"modal-body\">\n<div class=\"tabel tabel-full\">\n<div class=\"celula\">\n            Trebuie s\u0103 fii <a href=\"https:\/\/ziaruldevrancea.ro\/account\">autentificat<\/a> pentru a putea aprecia un comentariu.\n          <\/div>\n<\/div>\n<\/div>\n<div class=\"modal-footer\"><a href=\"https:\/\/ziaruldevrancea.ro\/actualitatea\/stiri-locale\/vrancea-politia-explica-accidentul-de-pe-e85-la-sensul-giratoriu-de-la-cerdac-cotesti.-trei-persoane-au-fost-ranite\" class=\"btn btn-default\" data-dismiss=\"modal\">Anuleaz\u0103<\/a><\/div>\n<\/div>\n<\/div>\n<\/div>\n<div class=\"bloc-widget widget-rosu\"><span><small>Ziarul de Vrancea doreste ca acest site sa fie un spatiu al discutiilor civilizate, al comentariilor de bun simt. Din acest motiv, cei care posteaza comentarii la articole trebuie sa respecte urmatoarele reguli:<br \/>\n1. Sa se refere doar la articolul la care posteaza comentarii.<br \/>\n2. Sa foloseasca un limbaj civilizat, fara injurii, calomnii, comentarii antisemite, xenofobe sau rasiste.<br \/>\n3. Sunt interzise atacurile la adresa autorilor, daca acestea nu au legatura cu textul.<br \/>\n4. Username-ul sa nu fie nume de personalitati ale vietii publice sau parodieri ale acestora.<br \/>\nAutorul unui articol poate fi criticat pentru eventuale greseli, incoerenta, lipsa de documentare etc.<br \/>\nNerespectarea regulilor mentionate mai sus va duce la stergerea comentariilor, fara avertisment si fara explicatii.<br \/>\nAbaterile repetate vor avea drept consecinta interdictia accesului la aceasta facilitate a site-ului.<\/small><\/span><\/div>\n<\/div>\n<p>[analyse_source url=&#8221;https:\/\/ziaruldevrancea.ro\/actualitatea\/stiri-locale\/vrancea-politia-explica-accidentul-de-pe-e85-la-sensul-giratoriu-de-la-cerdac-cotesti.-trei-persoane-au-fost-ranite&#8221;]<\/p>\n","protected":false},"excerpt":{"rendered":"<p>[analyse_image type=&#8221;featured&#8221; src=&#8221;https:\/\/zdvi.cname.ro\/_\/vrancea-politia-explica-accidentul-de-pe-e85-la-sensul-giratoriu-de-la-cerdac-cotesti.-trei-persoane-au-fost-ranite\/mediaPool\/u74EWvG.jpg&#8221;] Local Vrancea: Poli\u021bia explic\u0103 accidentul de pe E85, la sensul giratoriu de la Cerdac-Cote\u0219ti. Trei persoane au fost r\u0103nite Distribuie: \u00a0 | Petre Paraschiv 27 iul 20261193 vizualiz\u0103ri IPJ Vrancea a transmis primele concluzii ale cercet\u0103rilor privind accidentul produs luni pe DN2-E85, \u00een zona Cerdac-Cote\u0219ti. Cei doi \u0219oferi \u0219i o pasager\u0103 au [&hellip;]<\/p>\n","protected":false},"author":1,"featured_media":0,"comment_status":"open","ping_status":"","sticky":false,"template":"","format":"standard","meta":{"footnotes":""},"categories":[89],"tags":[226,208],"class_list":["post-2071063","post","type-post","status-publish","format-standard","hentry","category-romania","tag-crawlmanager","tag-ziaruldevrancea-ro"],"_links":{"self":[{"href":"https:\/\/analyse.optim.biz\/index.php?rest_route=\/wp\/v2\/posts\/2071063","targetHints":{"allow":["GET"]}}],"collection":[{"href":"https:\/\/analyse.optim.biz\/index.php?rest_route=\/wp\/v2\/posts"}],"about":[{"href":"https:\/\/analyse.optim.biz\/index.php?rest_route=\/wp\/v2\/types\/post"}],"author":[{"embeddable":true,"href":"https:\/\/analyse.optim.biz\/index.php?rest_route=\/wp\/v2\/users\/1"}],"replies":[{"embeddable":true,"href":"https:\/\/analyse.optim.biz\/index.php?rest_route=%2Fwp%2Fv2%2Fcomments&post=2071063"}],"version-history":[{"count":0,"href":"https:\/\/analyse.optim.biz\/index.php?rest_route=\/wp\/v2\/posts\/2071063\/revisions"}],"wp:attachment":[{"href":"https:\/\/analyse.optim.biz\/index.php?rest_route=%2Fwp%2Fv2%2Fmedia&parent=2071063"}],"wp:term":[{"taxonomy":"category","embeddable":true,"href":"https:\/\/analyse.optim.biz\/index.php?rest_route=%2Fwp%2Fv2%2Fcategories&post=2071063"},{"taxonomy":"post_tag","embeddable":true,"href":"https:\/\/analyse.optim.biz\/index.php?rest_route=%2Fwp%2Fv2%2Ftags&post=2071063"}],"curies":[{"name":"wp","href":"https:\/\/api.w.org\/{rel}","templated":true}]}}