{"id":2071062,"date":"2026-07-27T00:00:00","date_gmt":"2026-07-26T21:00:00","guid":{"rendered":"https:\/\/analyse.optim.biz\/?p=2071062"},"modified":"2026-07-27T00:00:00","modified_gmt":"2026-07-26T21:00:00","slug":"mozaic-stiri-internationale-un-fost-ministru-bulgar-lauda-romania-pentru-achizitia-de-avioane-f-16","status":"publish","type":"post","link":"https:\/\/analyse.optim.biz\/?p=2071062","title":{"rendered":"MOZAIC \u0218TIRI INTERNA\u021aIONALE: Un fost ministru bulgar laud\u0103 Rom\u00e2nia pentru achizi\u021bia de avioane F-16"},"content":{"rendered":"<p>[analyse_image type=&#8221;featured&#8221; src=&#8221;https:\/\/zdvi.cname.ro\/_\/mozaic-Stiri-internaTionale-un-fost-ministru-bulgar-lauda-romania-pentru-achizitia-de-avioane-f-16\/mediaPool\/uCtr97l.jpeg&#8221;]<\/p>\n<div class=\"main-content detaliu-articol\"><a class=\"titlu-cat-list\" href=\"https:\/\/ziaruldevrancea.ro\/actualitatea\/stiri-locale\">Local<\/a><\/p>\n<h1>MOZAIC \u0218TIRI INTERNA\u021aIONALE: Un fost ministru bulgar laud\u0103 Rom\u00e2nia pentru achizi\u021bia de avioane F-16<\/h1>\n<div class=\"date-articol clearfix\">\n<div class=\"distribuie-articol dropdown\">\n    Distribuie: \u00a0<br \/>\n    <em>|<\/em><\/div>\n<div class=\"autor-articol\"><a href=\"https:\/\/ziaruldevrancea.ro\/autor\/rodica-condurache\/\"><img decoding=\"async\" class=\"img-circle\" src=\"https:\/\/zdvi.cname.ro\/50_50\/articleAuthor\/rodica-condurache\/articleAuthor\/uy6Kz5r.jpg\" alt><\/a><\/p>\n<h5><a href=\"https:\/\/ziaruldevrancea.ro\/autor\/rodica-condurache\/\">Rodica Condurache<\/a><\/h5>\n<div class=\"grup-spatiere\"><span class=\"cu-spatiere\">27 iul 2026<\/span><span class=\"cu-spatiere\">328 vizualiz\u0103ri<\/span><\/div>\n<\/div>\n<\/div>\n<div class=\"poza-mare\"><a href class=\"openGallery\"><img decoding=\"async\" class=\"img-responsive\" src=\"https:\/\/zdvi.cname.ro\/850_530\/mozaic-Stiri-internaTionale-un-fost-ministru-bulgar-lauda-romania-pentru-achizitia-de-avioane-f-16\/article\/mediaPool\/uCtr97l.jpeg\" alt><\/a><\/div>\n<p>Todor Tagarev critic\u0103 politica de achizi\u0163ii \u00een materie de ap\u0103rare a noului guvern \u015fi laud\u0103 avioanele la m\u00e2na a doua: \u201eRom\u00e2nii au cump\u0103rat o mare parte dintre ele \u015fi tocmai cu aceste avioane doboar\u0103 acum dronele\u201d<\/p>\n<p>Ministerul Ap\u0103r\u0103rii din Bulgaria continu\u0103 s\u0103 se concentreze asupra echipamentelor \u00eenvechite sovietice \u00een loc s\u0103 introduc\u0103 avioane F-16 noi \u015fi s\u0103-\u015fi foloseasc\u0103 resursele limitate pentru a investi \u00een sisteme de ap\u0103rare \u00eempotriva dronelor, a declarat luni, la bTV, fostul ministru al ap\u0103r\u0103rii, Todor Tagarev, care a dat \u00een acest context exemplul Rom\u00e2niei, care a dobor\u00e2t drone cu ajutorul unor avioane F-16, chiar dac\u0103 sunt cump\u0103rate la m\u00e2na a doua, relateaz\u0103 The Sofia Globe.<\/p>\n<p>Todor Dimitrov Tagarev a ocupat func\u0163ia de ministru al ap\u0103r\u0103rii \u00een Bulgaria \u00een 2013 \u015fi \u00een perioada 2023-2024, \u00een guverne cu orientare proeuropean\u0103 \u015fi pro-NATO. F\u0103r\u0103 apartenen\u0163\u0103 politic\u0103, el este consultat acum de presa din Bulgaria ca expert militar cu o preg\u0103tire academic\u0103 recunoscut\u0103 pe scar\u0103 larg\u0103.<\/p>\n<p>Tagarev a solicitat Ministerului Ap\u0103r\u0103rii s\u0103 explice de ce, \u00een condi\u0163iile \u00een care \u0163ara are avioane de v\u00e2n\u0103toare noi, se vorbe\u015fte \u00eenc\u0103 despre c\u0103utarea de piese de schimb pentru a prelungi durata de via\u0163\u0103 a avioanelor ruse\u015fti MiG-29 sau despre achizi\u0163ionarea altor avioane la m\u00e2na a doua. &#8220;\u00cen loc s\u0103 ne \u00eendrept\u0103m spre dezvoltarea capacit\u0103\u0163ilor pentru echipamente noi \u015fi achizi\u0163ionarea altor sisteme de ap\u0103rare \u00eempotriva dronelor \u015fi de ap\u0103rare antirachet\u0103, ne baz\u0103m pe cele vechi&#8221;, a spus Tagarev.<\/p>\n<p>El a amintit \u00een context c\u0103, atunci c\u00e2nd Ministerul bulgar al Ap\u0103r\u0103rii a ridicat problema achizi\u0163ion\u0103rii de avioane &#8220;la m\u00e2na a doua&#8221; de la alia\u0163i, dup\u0103 \u00eenceperea r\u0103zboiului din Ucraina, reac\u0163ia politic\u0103 a fost \u00eempotriva acestei idei, cu ironii c\u0103 Bulgaria nu va pl\u0103ti pentru &#8220;vechituri&#8221;. &#8220;Rom\u00e2nii au cump\u0103rat o mare parte dintre ele \u015fi tocmai cu aceste avioane (F-16) doboar\u0103 acum dronele. Restul au ajuns \u00een Ucraina &#8211; to\u0163i alia\u0163ii no\u015ftri care aveau avioane \u00eenvechite le-au trimis \u00een Ucraina&#8221;, a spus Tagarev, \u00eentreb\u00e2ndu-se de unde ar putea Ministerul Ap\u0103r\u0103rii s\u0103 cumpere suficiente avioane pentru o alt\u0103 escadril\u0103 de v\u00e2n\u0103toare.<\/p>\n<p>Comentariul lui Tagarev vine dup\u0103 ce actualul ministru al ap\u0103r\u0103rii, Dimit\u0103r Stoianov, a confirmat c\u0103 Bulgaria a solicitat Poloniei achizi\u0163ionarea avioanelor de v\u00e2n\u0103toare MiG-29 din era sovietic\u0103, scoase din serviciu. Stoianov a confirmat acest lucru la dou\u0103 zile dup\u0103 ce viceministrul polonez al ap\u0103r\u0103rii, Pawe\u0142 Zalewski, a anun\u0163at c\u0103 a fost primit\u0103 o solicitare din partea unei &#8220;\u0163\u0103ri NATO&#8221; cu privire la aceste avioane, pentru care Polonia negocia cu Ucraina de mai mul\u0163i ani. De\u015fi nu a numit \u0163ara, doar Bulgaria se potrive\u015fte descrierii de \u0163ar\u0103 NATO care continu\u0103 s\u0103 utilizeze avioane MiG-29 pentru a-\u015fi proteja spa\u0163iul aerian, men\u0163ioneaz\u0103 The Sofia Globe.<\/p>\n<p>Duminic\u0103, Stoianov a declarat c\u0103 Bulgaria este interesat\u0103 s\u0103 achizi\u0163ioneze o alt\u0103 escadril\u0103 de avioane F-16 second-hand \u015fi a spus c\u0103 a trimis o solicitare generalului Alexus Grynkewich, comandantul suprem al for\u0163elor aliate din Europa.<\/p>\n<p>Tagarev a declarat pentru bTV c\u0103 este revelator faptul c\u0103, din cele dou\u0103 avioane MiG-29 aflate \u00een serviciu, doar unul a fost mobilizat \u00een timpul celei mai recente situa\u0163ii de urgen\u0163\u0103 (alerta privind o presupus\u0103 deturnare a unui avion de pasageri deasupra Bulgariei). Explica\u0163ia sa este c\u0103, cel mai probabil, nu exista un al doilea avion de v\u00e2n\u0103toare preg\u0103tit.<\/p>\n<p>Num\u0103rul avioanelor MiG-29 ale For\u0163elor Aeriene Bulgare care sunt preg\u0103tite s\u0103 \u00eendeplineasc\u0103 misiuni este o informa\u0163ie clasificat\u0103.<\/p>\n<p>\u00cen acela\u015fi timp, Bulgaria are opt avioane noi F-16 de mai mult timp \u015fi are \u015fi pilo\u0163i instrui\u0163i, dar \u00eenc\u0103 nu exist\u0103 nici m\u0103car dou\u0103 dintre ele \u00een serviciu.<\/p>\n<p>Vestea privind interesul Bulgariei pentru avioanele MiG poloneze a st\u00e2rnit o reac\u0163ie critic\u0103 din partea copre\u015fedintelui partidului &#8220;Da, Bulgaria&#8221; &#8211; parte a coali\u0163iei de opozi\u0163ie &#8220;Bulgaria Democratic\u0103&#8221; &#8211; Ivailo Mircev. Acesta a acuzat guvernul c\u0103 &#8220;\u00eencearc\u0103 s\u0103 ia de la Ucraina, care se afl\u0103 sub atac, avioanele de care are nevoie \u00een fiecare zi&#8221;. &#8220;\u00cen timp ce Ucraina se afl\u0103 \u00een r\u0103zboi cu Rusia, guvernul lui Radev se lupt\u0103 \u00een mod evident pentru mai mult echipament sovietic. Vechiul MiG-29 poate p\u0103rea ieftin la achizi\u0163ie, dar apoi contribuabilii pl\u0103tesc scump pentru fiecare or\u0103 pe care acesta o petrece \u00een aer. Bulgaria nu ar trebui s\u0103 concureze cu Ucraina pentru vechile avioane MiG, ci cu alia\u0163ii s\u0103i din NATO \u00een ceea ce prive\u015fte viteza cu care \u00ee\u015fi modernizeaz\u0103 for\u0163ele armate&#8221;, a declarat Mircev.<\/p>\n<p>Bulgaria folose\u015fte \u00een continuare avioane sovietice pentru a-\u015fi ap\u0103ra spa\u0163iul aerian, dar op\u0163iunile de repara\u0163ie sunt extrem de limitate din cauza ac\u0163iunilor Rusiei \u00een Ucraina, chiar \u00eenainte de \u00eenceperea r\u0103zboiului pe scar\u0103 larg\u0103 din februarie 2022, dup\u0103 anexarea ilegal\u0103 a Crimeii \u015fi r\u0103zboiul din Donbas, men\u0163ioneaz\u0103 The Sofia Globe.<\/p>\n<p><strong>Fran\u0163a \u015fi SUA se sf\u00e2\u015fie la Consiliul de Securitate al ONU<\/strong><\/p>\n<p>Statele Unite au p\u0103r\u0103sit luni o reuniune a Consiliului de Securitate al ONU, dup\u0103 ce ambasadorul francez a luat cuv\u00e2ntul, pentru a denun\u0163a astfel, potrivit unui oficial american, comentarii \u201dipocrite\u201d ale Fran\u0163ei, care a comparat Statele Unite cu Coreea de Nord \u015fi Rusia \u00een leg\u0103tur\u0103 cu un vot pe tema drepturilor omului, relateaz\u0103 AFP.<\/p>\n<p>&#8220;Un membru al acestui Consiliu face pe indignatul moral \u015fi pretinde c\u0103 d\u0103 lec\u0163ii oricui \u00een toate subiectele, indiferent c\u0103 este vorba despre r\u0103zboiul despre care discut\u0103m \u00een continuare azi (\u00een Ucraina) sau despre probleme care nu sunt legate de pace \u015fi securitate, ca drepturile omului&#8221;, a declarat adjunctul ambasadorului american la ONU, Dan Negrea. &#8220;De aceea am ie\u015fit \u00een timpul interven\u0163iei Fran\u0163ei&#8221;, a declarat el.<\/p>\n<p>O asemenea ie\u015fire din Consiliu este extrem de rar\u0103. El a denun\u0163at o &#8220;postur\u0103 ipocrit\u0103 plictisitoare&#8221; a Parisului, pe care Washingtonul a &#8220;tolerat&#8221;-o p\u00e2n\u0103 acum din cauza respectului \u00eentre membrii permanen\u0163i ai Consiliului de Securitate al ONU.<\/p>\n<p>Statele Unite au fost una dintre cele zece \u0163\u0103ri care au votat, vineri, \u00een Adunarea General\u0103 a ONU \u00eempotriva unei prelungiri cu patru ani a mandatului \u00cenaltului Comisar ONU al Drepturilor Omului Volker T\u00fcrk. Statele Unite au votat astfel al\u0103turi de Coreea de Nord, Rusia, Nicaragua \u015fi Mali.<\/p>\n<p>&#8220;Statele Unite erau odinioar\u0103 un model \u00een domeniul drepturilor omului. Nu mai este a\u015fa. \u00cen prezent ele se afl\u0103 al\u0103turi de Coreea de Nord, Nicaragua, Mali \u015fi Rusia. Izolate, iar lumea nu le mai ascult\u0103&#8221;, a postat vineri, \u00een englez\u0103, pe X, Misiunea Fran\u0163ei la ONU la Geneva.<\/p>\n<p>&#8220;Noi am fost al\u0103turi de acest stat membru \u00een timpul fiec\u0103rui conflict care-i amenin\u0163a libert\u0103\u0163ile. Iar azi pot s\u0103 v\u0103 amintesc c\u0103 Statele Unite r\u0103m\u00e2n un model al libert\u0103\u0163ii \u00een lume&#8221;, a subliniat Dan Negrea. &#8220;Prin urmare, nu le acord\u0103m privilegiul de a le asculta divaga\u0163iile politizate at\u00e2t timp c\u00e2t ei nu renun\u0163\u0103 la retorica lor condescendent\u0103 \u015fi lipsit\u0103 de respect \u015fi nu se comport\u0103 \u00eentr-un mod demn&#8221;, a denun\u0163at el. &#8220;Noi s\u0103rb\u0103torim anul acesta \u00eemplinirea a 250 de ani de c\u0103tre Statele Unite. \u015ei toat\u0103 lumea \u015ftie locul pe care Fran\u0163a l-a ocupat \u00een aceasta&#8221;, i-a r\u0103spuns ambasadorul francez J\u00e9r\u00f4me Bonnafont.<\/p>\n<p>J\u00e9r\u00f4me Bonnafont a dat totodat\u0103 asigur\u0103ri c\u0103 Fran\u0163a ac\u0163ioneaz\u0103 la ONU, indiferent c\u0103 este vorba despre Consiliul de Securitate sau Adunarea General\u0103, &#8220;pentru a ap\u0103ra aceast\u0103 institu\u0163ie, independen\u0163a sa, capacitatea sa de ac\u0163iune \u00een serviciul Chartei, \u00een serviciul drepturilor omului \u015fi \u00een serviciul p\u0103cii&#8221;.<\/p>\n<p><strong>Un b\u0103rbat de 70 de ani moare \u00een Alsacia, blocat \u00eentr-o gur\u0103 de canal \u00een care-\u015fi c\u0103uta cheile care i-au c\u0103zut \u00een\u0103untru<\/strong><\/p>\n<p>Un b\u0103rbat \u00een v\u00e2rst\u0103 de 70 de ani a murit la Lingolsheim, \u00een apropiere de Strasbourg, blocat \u00eentr-o gur\u0103 de canal \u00een care \u00ee\u015fi c\u0103uta cheile care i-au c\u0103zut \u00een\u0103untru, a anun\u0163at luni poli\u0163ia, relateaz\u0103 AFP. Faptele au avut loc duminic\u0103.<\/p>\n<p>&#8220;O vecin\u0103 a constatat c\u0103 victima \u00ee\u015fi c\u0103uta cheile, care se pare c\u0103 au c\u0103zut pe fundul gurii de canal&#8221;, a declarat o surs\u0103 din cadrul poli\u0163iei, care confirma o informa\u0163ie a cotidianului regional Derni\u00e8res nouvelles d&#8217;Alsace. Septuagenarul, &#8220;care prezenta tulbur\u0103ri medicale&#8221;, a intrat cu capul \u00eenainte \u00een gura de canal. El a r\u0103mas blocat vertical, p\u00e2n\u0103 la venirea pompierilor. Trec\u0103tori au \u00eencercat s\u0103-l ajute, f\u0103r\u0103 succes, potrivit ziarului regional.\u00a0Pompierii au constatat decesul b\u0103rbatului dup\u0103 ce l-au scos din gaur\u0103. O anchet\u0103 a fost deschis\u0103 \u015fi s-au f\u0103cut prelev\u0103ri la locul accidentului pentru a se stabili cauza decesului.<\/p>\n<p><strong>Femeia ucis\u0103 \u00een atacul cu duba \u015fi arma alb\u0103 la Gay Pride Berlin este o polonez\u0103<\/strong><\/p>\n<p>Femeia care a fost ucis\u0103 \u00een atacul cu o dub\u0103 la Gay Pride Berlin era de na\u0163ionalitate polonez\u0103, anun\u0163\u0103 luni Ministerul polonez de Externe, relateaz\u0103 AFP. &#8220;(Suntem) \u015foca\u0163i \u015fi profund \u00eentrista\u0163i s\u0103 afl\u0103m c\u0103 victima tragicului atentat de la Berlin era o cet\u0103\u0163ean\u0103 polonez\u0103. Prezent\u0103m cele mai sincere condolean\u0163e familiei \u015fi apropia\u0163ilor defunctei&#8221;, a anun\u0163at pe X un purt\u0103tor de cuv\u00e2nt al ministerului polonez, Maciej Wewior.\u00a0Cotidianul german Bild scrie \u00een edi\u0163ia de luni c\u0103 victima, \u00een v\u00e2rst\u0103 de 65 de ani, a venit la Berlin ca s\u0103 participe la Gay Pride \u00eempreun\u0103 cu fiica sa. Fiica victimei a supravie\u0163uit atacului. Atacul cu ma\u015fin\u0103 \u015fi arm\u0103 alb\u0103 comis s\u00e2mb\u0103t\u0103 seara de c\u0103tre un islamist german de origine libanez\u0103, Abdul Ballout, \u00een v\u00e2rst\u0103 de 21 de ani, s-a soldat, de asemenea, cu aproximativ 30 de r\u0103ni\u0163i.<\/p>\n<p><strong>Macron, despre incendii: Este cea mai dificil\u0103 situa\u0163ie de la al Doilea R\u0103zboi Mo<\/strong>ndial \u00eencoace<\/p>\n<p>Pre\u015fedintele Fran\u0163ei, Emmanuel Macron, a declarat \u00een timpul vizitei \u00een regiunea Gironde c\u0103 este cea mai dificil\u0103 situa\u0163ie de la al Doilea R\u0103zboi Mondial \u00eencoace, fiind un incendiu f\u0103r\u0103 precedent, \u00een care peste 60.000 de hectare au ars deja, potrivit France24. &#8220;Ne confrunt\u0103m cu un incendiu f\u0103r\u0103 precedent&#8221;, a afirmat luni pre\u015fedintele francez \u00een timpul vizitei sale \u00een regiunea Gironde, afectat\u0103 de incendii.<\/p>\n<p>&#8220;Aceasta este cea mai dificil\u0103 situa\u0163ie de la al Doilea R\u0103zboi Mondial \u00eencoace&#8221;, a spus el, men\u0163ion\u00e2nd c\u0103 peste 60.000 de hectare au ars deja. Pre\u015fedintele francez i-a \u00eendemnat pe pompieri s\u0103 &#8220;r\u0103m\u00e2n\u0103 puternici&#8221; \u00een timp ce luptau luni pentru a \u0163ine sub control un incendiu de propor\u0163ii uria\u015fe, avertiz\u00e2nd c\u0103 lupta va dura mult timp, dar promi\u0163\u00e2nd: &#8220;Vom c\u00e2\u015ftiga aceast\u0103 b\u0103t\u0103lie \u00eempreun\u0103&#8221;.<\/p>\n<p>\u00cen timpul unei vizite la un centru de coordonare a eforturilor masive de stingere a incendiului, Macron a aflat c\u0103 incendiul din sud-vest a fost extrem de imprevizibil, transform\u00e2ndu-se uneori \u00eentr-o furtun\u0103 de foc care se autoalimenta. El a l\u0103udat echipele de pompieri care au oprit avansul focului dup\u0103 zile consecutive de propagare a fl\u0103c\u0103rilor, dar a avertizat c\u0103 b\u0103t\u0103lia nu este \u00eenc\u0103 c\u00e2\u015ftigat\u0103.<\/p>\n<p>Pre\u015fedintele francez a promis &#8220;c\u0103 va reconstrui un alt fel de p\u0103dure&#8221;, ad\u0103ug\u00e2nd c\u0103 &#8220;s\u0103pt\u0103m\u00e2nile urm\u0103toare vor fi grele&#8221;.<\/p>\n<p>Incendiul din vestul ora\u015fului Bordeaux, care a devastat 42.000 de hectare de p\u0103dure de pini \u015fi a distrus 240 de locuin\u0163e \u00eencep\u00e2nd de miercuri, s-a atenuat dup\u0103 o ploaie m\u0103runt\u0103 din timpul nop\u0163ii, dar nu a fost \u00eenc\u0103 stins.<\/p>\n<p><strong>Regatul Unit sus\u0163ine Ucraina \u201e100%\u201d, \u00eei d\u0103 asigur\u0103ri Burnham lui Zelenski<\/strong><\/p>\n<p>Noul premier britanic Andy Burnham l-a primit pe pre\u015fedintele ucrainean Volodimir Zelenski, primul s\u0103u invitat str\u0103in, la Portsmouth, ar\u0103t\u00e2nd c\u0103 premierii britanici se succed\u0103 la Downing Street, dar sus\u0163inerea Ucrainei r\u0103m\u00e2ne o prioritate, comenteaz\u0103 RFI. &#8220;Nu este o coinciden\u0163\u0103. Scopul este s\u0103 transmitem un mesaj foarte clar. Noi sus\u0163inem Ucraina 100%, iar eu voi onora toate angajamentele pe care \u015fi le-au luat predecesorii mei&#8221;, a declarat luni succesorul lui Keir Starmer, la baza naval\u0103 Portsmouth.<\/p>\n<p>Andy Burnham a promis la baza naval\u0103 Portsmouth, \u00een fa\u0163a unei adun\u0103ri de militari britanici \u015fi ucraineni, unii afla\u0163i \u00een formare, al\u0163ii militari activi, s\u0103 sus\u0163in\u0103 \u00eencheierea unui armisti\u0163iu &#8211; necondi\u0163ionat &#8211; \u00eentre Kiev \u015fi Moscova. &#8220;Noi furniz\u0103m Ucrainei tehnologii care bruiaz\u0103 unde, pentru a proteja dronele ucrainene, pentru a le ajuta s\u0103-\u015fi ating\u0103 \u0163intele \u015fi s\u0103 salveze vie\u0163i&#8221;, a dezv\u0103luit noul \u015fef al Guvernului laburist. Concret, Londra \u00eemp\u0103rt\u0103\u015fe\u015fte proprietatea intelectual\u0103 a bruioarelor de drone Stone Cloak, ceea ce permite Ucrainei s\u0103-\u015fi produc\u0103 singur\u0103 bruioarele.\u00a0Armata britanic\u0103 poate astfel s\u0103 colecteze date \u00een situa\u0163ii de lupt\u0103 \u015fi s\u0103-\u015fi \u00eembun\u0103t\u0103\u0163easc\u0103 ap\u0103rarea, o prioritate a noului Executiv.<\/p>\n<p>\u00a0<\/p>\n<hr>\n<div class=\"bloc-widget widget-rosu\">\n<p>\u00cen lipsa unui acord scris din partea Ziarului de Vrancea, pute\u0163i prelua maxim 500 de caractere din acest articol dac\u0103 preciza\u0163i sursa \u015fi insera\u0163i vizibil link-ul articolului:\u00a0<span>#insertcurrentlinkhere<\/span><\/p>\n<\/div>\n<div class=\"extra-articol listing-anunturi\">\n<h6>Anun\u021buri <span class=\"text-primary\">ZdV<\/span> Premium<\/h6>\n<div class=\"row\">\n<div class=\"col-lg-4 col-md-6 bloc-egal\"><a class=\"card-anunt\" href=\"https:\/\/ziaruldevrancea.ro\/anunturi\/imobiliare\/vanzari-terenuri\/vand-teren-in-panciu\"><strong class=\"titlu\">V\u00e2nz\u0103ri terenuri<\/strong><span class=\"text-anunt\">Teren Panciu 1170 mp, cu num\u0103r cas\u0103, ap\u0103&#8230;<\/span><span class=\"data-anunt\">29.07.2026  <\/span><\/a><\/div>\n<div class=\"col-lg-4 col-md-6 bloc-egal\"><a class=\"card-anunt\" href=\"https:\/\/ziaruldevrancea.ro\/anunturi\/altele\/anulare-acte\/vand-scrumbii-afumate-capturi-dunare\"><strong class=\"titlu\">Vanzari diverse<\/strong><span class=\"text-anunt\">Pret : 117 lei \/ kg . \u00a0 Este&#8230;<\/span><span class=\"data-anunt\">29.07.2026 , Gala\u021bi , Gala\u021bi<\/span><\/a><\/div>\n<div class=\"col-lg-4 col-md-6 bloc-egal\"><a class=\"card-anunt\" href=\"https:\/\/ziaruldevrancea.ro\/anunturi\/necrolog\/decese\/dumnezeu-sa-o-aseze-in-randul-celor-drepti\"><strong class=\"titlu\">Decese<\/strong><span class=\"text-anunt\">Cu profund\u0103 durere, familia anun\u021b\u0103 trecerea la&#8230;<\/span><span class=\"data-anunt\">28.07.2026  <\/span><\/a><\/div>\n<\/div>\n<\/div>\n<div class=\"extra-articol alte-articole\">\n<div class=\"row\">\n<div class=\"col-lg-6 bloc-egal\">\n<div class=\"card articol-listing\">\n<h6>\u00cen categoria <a href=\"https:\/\/ziaruldevrancea.ro\/actualitatea\/stiri-locale\">Local<\/a><\/h6>\n<div class=\"grup-articol-listing\">\n<div class=\"cont-pils\"><a href=\"https:\/\/ziaruldevrancea.ro\/actualitatea\/stiri-locale\/foto-pompierii-isu-vrancea-au-dus-lectii-de-siguranta-in-gura-calitei\"><img decoding=\"async\" src=\"https:\/\/zdvi.cname.ro\/180_135\/actualitatea\/stiri-locale\/foto-pompierii-isu-vrancea-au-dus-lectii-de-siguranta-in-gura-calitei\/mediaPool\/unTARgF.jpeg\" class=\"img-responsive img-180\" alt><\/a><\/div>\n<h2><a class=\"link-titlu\" href=\"https:\/\/ziaruldevrancea.ro\/actualitatea\/stiri-locale\/foto-pompierii-isu-vrancea-au-dus-lectii-de-siguranta-in-gura-calitei\">Foto | Pompierii ISU Vrancea au dus lec\u021bii de siguran\u021b\u0103 \u00een Gura Cali\u021bei<\/a><\/h2>\n<div class=\"date-post\"><a href=\"https:\/\/ziaruldevrancea.ro\/autor\/petre-paraschiv\">Petre Paraschiv<\/a>, 31 iul 2026  <\/div>\n<\/div>\n<div class=\"grup-articol-listing\">\n<div class=\"cont-pils\"><a href=\"https:\/\/ziaruldevrancea.ro\/actualitatea\/stiri-locale\/vrancea-soferii-cu-permis-categoria-b-care-fac-transport-contra-cost-trebuie-sa-obtina-un-document-obligatoriu.\"><img decoding=\"async\" src=\"https:\/\/zdvi.cname.ro\/180_135\/actualitatea\/stiri-locale\/vrancea-soferii-cu-permis-categoria-b-care-fac-transport-contra-cost-trebuie-sa-obtina-un-document-obligatoriu.\/mediaPool\/uABp3Hl.jpg\" class=\"img-responsive img-180\" alt><\/a><\/div>\n<h2><a class=\"link-titlu\" href=\"https:\/\/ziaruldevrancea.ro\/actualitatea\/stiri-locale\/vrancea-soferii-cu-permis-categoria-b-care-fac-transport-contra-cost-trebuie-sa-obtina-un-document-obligatoriu.\">Vrancea: \u0218oferii cu permis categoria B care fac transport contra cost trebuie s\u0103 ob\u021bin\u0103 un document obligatoriu<\/a><\/h2>\n<div class=\"date-post\"><a href=\"https:\/\/ziaruldevrancea.ro\/autor\/ionel-sclavone\">Ionel Sclavone<\/a>, 31 iul 2026  <\/div>\n<\/div>\n<div class=\"grup-articol-listing\">\n<div class=\"cont-pils\"><a href=\"https:\/\/ziaruldevrancea.ro\/actualitatea\/stiri-locale\/comisariatul-militar-din-focsani-un-simbol-al-istoriei-vrancei-renaste-prin-restaurare.-povestea-cladirii-care-a-gazduit-divizia-6-infanterie\"><img decoding=\"async\" src=\"https:\/\/zdvi.cname.ro\/180_135\/actualitatea\/stiri-locale\/comisariatul-militar-din-focsani-un-simbol-al-istoriei-vrancei-renaste-prin-restaurare.-povestea-cladirii-care-a-gazduit-divizia-6-infanterie\/mediaPool\/u5btavU.jpg\" class=\"img-responsive img-180\" alt><\/a><\/div>\n<h2><a class=\"link-titlu\" href=\"https:\/\/ziaruldevrancea.ro\/actualitatea\/stiri-locale\/comisariatul-militar-din-focsani-un-simbol-al-istoriei-vrancei-renaste-prin-restaurare.-povestea-cladirii-care-a-gazduit-divizia-6-infanterie\">Comisariatul Militar din Foc\u0219ani, un simbol al istoriei Vrancei, rena\u0219te prin restaurare. Povestea cl\u0103dirii care a g\u0103zduit Divizia 6 Infanterie<\/a><\/h2>\n<div class=\"date-post\"><a href=\"https:\/\/ziaruldevrancea.ro\/autor\/florin-marian-dirdala\">Florin Marian D\u00eerdal\u0103<\/a>, 31 iul 2026  <\/div>\n<\/div>\n<\/div>\n<\/div>\n<div class=\"col-lg-6 bloc-egal\">\n<div class=\"card articol-listing\">\n<h6>De acela\u0219i <a href=\"https:\/\/ziaruldevrancea.ro\/autor\/rodica-condurache\/\">autor<\/a><\/h6>\n<div class=\"grup-articol-listing\">\n<div class=\"cont-pils\"><a href=\"https:\/\/ziaruldevrancea.ro\/actualitatea\/stiri-locale\/prima-pagina-a-ziarului-de-vrancea-de-astazi-31-iulie-2026\"><img decoding=\"async\" src=\"https:\/\/zdvi.cname.ro\/180_135\/actualitatea\/stiri-locale\/prima-pagina-a-ziarului-de-vrancea-de-astazi-31-iulie-2026\/mediaPool\/utzqu1b.jpg\" class=\"img-responsive img-180\" alt><\/a><\/div>\n<h2><a class=\"link-titlu\" href=\"https:\/\/ziaruldevrancea.ro\/actualitatea\/stiri-locale\/prima-pagina-a-ziarului-de-vrancea-de-astazi-31-iulie-2026\">Prima pagin\u0103 a Ziarului de Vrancea de ast\u0103zi, 31 iulie 2026: accidente, investi\u021bii, economie \u0219i cele mai importante \u0219tiri ale jude\u021bului  <\/a><\/h2>\n<div class=\"date-post\"><a href=\"https:\/\/ziaruldevrancea.ro\/autor\/rodica-condurache\">Rodica Condurache<\/a>, 31 iul 2026  <\/div>\n<\/div>\n<div class=\"grup-articol-listing\">\n<div class=\"cont-pils\"><a href=\"https:\/\/ziaruldevrancea.ro\/timp-liber\/astazi-despre-psihologul-clinician-andrei-partos---om-bun---nevoia-de-a-repune-muzica-si-poezia-romaneasca-la-un-loc-bun\"><img decoding=\"async\" src=\"https:\/\/zdvi.cname.ro\/180_135\/timp-liber\/astazi-despre-psihologul-clinician-andrei-partos---om-bun---nevoia-de-a-repune-muzica-si-poezia-romaneasca-la-un-loc-bun\/mediaPool\/uYSVhEO.jpg\" class=\"img-responsive img-180\" alt><\/a><\/div>\n<h2><a class=\"link-titlu\" href=\"https:\/\/ziaruldevrancea.ro\/timp-liber\/astazi-despre-psihologul-clinician-andrei-partos---om-bun---nevoia-de-a-repune-muzica-si-poezia-romaneasca-la-un-loc-bun\">VIDEO V\u0103 mai aminti\u021bi de \u201eRADIO VACAN\u021aA COSTINE\u0218TI\u201d? Ast\u0103zi despre vocea Costine\u015ftiului de alt\u0103dat\u0103. Andrei Parto\u0219 &#8211; Psihologul clinician care dup\u0103 zece ani de activitate s-a dedicat nevoii de a repune muzica \u015fi poezia rom\u00e2neasc\u0103 la un loc bun<\/a><\/h2>\n<div class=\"date-post\"><a href=\"https:\/\/ziaruldevrancea.ro\/autor\/rodica-condurache\">Rodica Condurache<\/a>, 31 iul 2026  <\/div>\n<\/div>\n<div class=\"grup-articol-listing\">\n<div class=\"cont-pils\"><a href=\"https:\/\/ziaruldevrancea.ro\/timp-liber\/horoscop-31-iulie-2026\"><img decoding=\"async\" src=\"https:\/\/zdvi.cname.ro\/180_135\/timp-liber\/horoscop-31-iulie-2026\/mediaPool\/uA8enxT.jpg\" class=\"img-responsive img-180\" alt><\/a><\/div>\n<h2><a class=\"link-titlu\" href=\"https:\/\/ziaruldevrancea.ro\/timp-liber\/horoscop-31-iulie-2026\">Horoscop 31 iulie 2026 <\/a><\/h2>\n<div class=\"date-post\"><a href=\"https:\/\/ziaruldevrancea.ro\/autor\/rodica-condurache\">Rodica Condurache<\/a>, 31 iul 2026  <\/div>\n<\/div>\n<\/div>\n<\/div>\n<\/div>\n<\/div>\n<div class=\"extra-articol listing-anunturi\">\n<h6>Anun\u021buri <span class=\"text-primary\">ZdV<\/span> Premium<\/h6>\n<div class=\"row\">\n<div class=\"col-lg-4 col-md-6 bloc-egal\"><a class=\"card-anunt\" href=\"https:\/\/ziaruldevrancea.ro\/anunturi\/imobiliare\/vanzari-case\/vand-casa-si-teren-in-panciu-anunt-72818\"><strong class=\"titlu\">V\u00e2nz\u0103ri case<\/strong><span class=\"text-anunt\">V\u00e2nd cas\u0103 cu 2 camere, buc\u0103t\u0103rie, baie,&#8230;<\/span><span class=\"data-anunt\">23.07.2026  <\/span><\/a><\/div>\n<div class=\"col-lg-4 col-md-6 bloc-egal\"><a class=\"card-anunt\" href=\"https:\/\/ziaruldevrancea.ro\/anunturi\/angajari\/cereri-angajari\/doresc-angajare-anunt-72815\"><strong class=\"titlu\">Cereri<\/strong><span class=\"text-anunt\">Doresc s\u0103 am grij\u0103 de un copil de gradini\u021b\u0103&#8230;<\/span><span class=\"data-anunt\">21.07.2026  <\/span><\/a><\/div>\n<div class=\"col-lg-4 col-md-6 bloc-egal\"><a class=\"card-anunt\" href=\"https:\/\/ziaruldevrancea.ro\/anunturi\/inchirieri\/locuinte-oferte\/primesc-in-gazda-anunt-72816\"><strong class=\"titlu\">Locuin\u021be oferte<\/strong><span class=\"text-anunt\">\u00a0Primesc \u00een gazd\u0103 la cas\u0103.<\/p>\n<p>Tel&#8230;.<\/span><span class=\"data-anunt\">21.07.2026  <\/span><\/a><\/div>\n<\/div>\n<\/div>\n<div class=\"bloc-widget widget-albastru\">\n    Ziarul de Vrancea \u00a0nu este responsabil juridic pentru con\u0163inutul textelor din comentariile de mai jos. Responsabilitatea pentru mesajele dumneavoastra v\u0103 revine \u00een exclusivitate.\n<\/div>\n<div class=\"comentarii-articol\" id=\"comentarii\">\n<h3>Comentarii: <span class=\"text-primary\">0<\/span><\/h3>\n<p><a href=\"https:\/\/ziaruldevrancea.ro\/actualitatea\/stiri-locale\/mozaic-Stiri-internaTionale-un-fost-ministru-bulgar-lauda-romania-pentru-achizitia-de-avioane-f-16\" class=\"btn btn-success btn-adauga-com\" data-toggle=\"modal\" data-parent=\"0\" data-target=\"#commentModal\">Adaug\u0103 comentariu<\/a><\/p>\n<div class=\"loadMask comments-mask\"><img decoding=\"async\" src=\"https:\/\/zdvs.cname.ro\/images\/loader_40.gif\"><\/div>\n<div class=\"comenteaza-jos\">Trebuie s\u0103 fii <a href=\"https:\/\/ziaruldevrancea.ro\/account\">autentificat<\/a> pentru a putea <a href=\"https:\/\/ziaruldevrancea.ro\/actualitatea\/stiri-locale\/mozaic-Stiri-internaTionale-un-fost-ministru-bulgar-lauda-romania-pentru-achizitia-de-avioane-f-16\" class data-toggle=\"modal\" data-parent=\"0\" data-target=\"#commentModal\">posta un comentariu<\/a>.<\/div>\n<\/div>\n<div class=\"modal fade\" id=\"commentModal\" role=\"dialog\" aria-labelledby=\"commentModalLabel\">\n<div class=\"modal-dialog modal-lg\" role=\"document\">\n<div class=\"modal-content\">\n<div class=\"modal-header\">\n<h3 class=\"modal-title\" id=\"commentModalLabel\">Comenteaz\u0103<\/h3>\n<\/div>\n<div class=\"modal-body\">\n<div class=\"tabel tabel-full\">\n<div class=\"celula\">\n              Trebuie s\u0103 fii <a href=\"https:\/\/ziaruldevrancea.ro\/account\">autentificat<\/a> pentru a putea posta un comentariu.\n            <\/div>\n<\/div>\n<\/div>\n<div class=\"modal-footer\">\n<div id=\"commentPending\" class=\"formPending pull-left\"><img decoding=\"async\" src=\"https:\/\/zdvs.cname.ro\/images\/loader_40.gif\"> In curs de procesare&#8230;<\/div>\n<p><a href=\"https:\/\/ziaruldevrancea.ro\/actualitatea\/stiri-locale\/mozaic-Stiri-internaTionale-un-fost-ministru-bulgar-lauda-romania-pentru-achizitia-de-avioane-f-16\" class=\"btn btn-default\" data-dismiss=\"modal\">Anuleaz\u0103<\/a><\/div>\n<\/div>\n<\/div>\n<\/div>\n<div class=\"modal fade\" id=\"commentReportModal\" role=\"dialog\" aria-labelledby=\"commentReportModalLabel\">\n<div class=\"modal-dialog modal-lg\" role=\"document\">\n<div class=\"modal-content\">\n<div class=\"modal-header\">\n<h3 class=\"modal-title\" id=\"commentReportModalLabel\">Raporteaza comentariu<\/h3>\n<\/div>\n<div class=\"modal-body\">\n<div class=\"tabel tabel-full\">\n<div class=\"celula\">\n              Trebuie s\u0103 fii <a href=\"https:\/\/ziaruldevrancea.ro\/account\">autentificat<\/a> pentru a putea raporta un comentariu.\n            <\/div>\n<\/div>\n<\/div>\n<div class=\"modal-footer\">\n<div id=\"commentReportPending\" class=\"formPending pull-left\"><img decoding=\"async\" src=\"https:\/\/zdvs.cname.ro\/images\/loader_40.gif\"> In curs de procesare&#8230;<\/div>\n<p><a href=\"https:\/\/ziaruldevrancea.ro\/actualitatea\/stiri-locale\/mozaic-Stiri-internaTionale-un-fost-ministru-bulgar-lauda-romania-pentru-achizitia-de-avioane-f-16\" class=\"btn btn-default\" data-dismiss=\"modal\">Anuleaz\u0103<\/a><\/div>\n<\/div>\n<\/div>\n<\/div>\n<div class=\"modal fade\" id=\"commentLikeModal\" role=\"dialog\" aria-labelledby=\"commentLikeModalLabel\">\n<div class=\"modal-dialog modal-lg\" role=\"document\">\n<div class=\"modal-content\">\n<div class=\"modal-header\">\n<h3 class=\"modal-title\" id=\"commentReportModalLabel\">Apreciaza comentariu<\/h3>\n<\/div>\n<div class=\"modal-body\">\n<div class=\"tabel tabel-full\">\n<div class=\"celula\">\n            Trebuie s\u0103 fii <a href=\"https:\/\/ziaruldevrancea.ro\/account\">autentificat<\/a> pentru a putea aprecia un comentariu.\n          <\/div>\n<\/div>\n<\/div>\n<div class=\"modal-footer\"><a href=\"https:\/\/ziaruldevrancea.ro\/actualitatea\/stiri-locale\/mozaic-Stiri-internaTionale-un-fost-ministru-bulgar-lauda-romania-pentru-achizitia-de-avioane-f-16\" class=\"btn btn-default\" data-dismiss=\"modal\">Anuleaz\u0103<\/a><\/div>\n<\/div>\n<\/div>\n<\/div>\n<div class=\"bloc-widget widget-rosu\"><span><small>Ziarul de Vrancea doreste ca acest site sa fie un spatiu al discutiilor civilizate, al comentariilor de bun simt. Din acest motiv, cei care posteaza comentarii la articole trebuie sa respecte urmatoarele reguli:<br \/>\n1. Sa se refere doar la articolul la care posteaza comentarii.<br \/>\n2. Sa foloseasca un limbaj civilizat, fara injurii, calomnii, comentarii antisemite, xenofobe sau rasiste.<br \/>\n3. Sunt interzise atacurile la adresa autorilor, daca acestea nu au legatura cu textul.<br \/>\n4. Username-ul sa nu fie nume de personalitati ale vietii publice sau parodieri ale acestora.<br \/>\nAutorul unui articol poate fi criticat pentru eventuale greseli, incoerenta, lipsa de documentare etc.<br \/>\nNerespectarea regulilor mentionate mai sus va duce la stergerea comentariilor, fara avertisment si fara explicatii.<br \/>\nAbaterile repetate vor avea drept consecinta interdictia accesului la aceasta facilitate a site-ului.<\/small><\/span><\/div>\n<\/div>\n<p>[analyse_source url=&#8221;https:\/\/ziaruldevrancea.ro\/actualitatea\/stiri-locale\/mozaic-Stiri-internaTionale-un-fost-ministru-bulgar-lauda-romania-pentru-achizitia-de-avioane-f-16&#8243;]<\/p>\n","protected":false},"excerpt":{"rendered":"<p>[analyse_image type=&#8221;featured&#8221; src=&#8221;https:\/\/zdvi.cname.ro\/_\/mozaic-Stiri-internaTionale-un-fost-ministru-bulgar-lauda-romania-pentru-achizitia-de-avioane-f-16\/mediaPool\/uCtr97l.jpeg&#8221;] Local MOZAIC \u0218TIRI INTERNA\u021aIONALE: Un fost ministru bulgar laud\u0103 Rom\u00e2nia pentru achizi\u021bia de avioane F-16 Distribuie: \u00a0 | Rodica Condurache 27 iul 2026328 vizualiz\u0103ri Todor Tagarev critic\u0103 politica de achizi\u0163ii \u00een materie de ap\u0103rare a noului guvern \u015fi laud\u0103 avioanele la m\u00e2na a doua: \u201eRom\u00e2nii au cump\u0103rat o mare parte dintre ele [&hellip;]<\/p>\n","protected":false},"author":1,"featured_media":0,"comment_status":"open","ping_status":"","sticky":false,"template":"","format":"standard","meta":{"footnotes":""},"categories":[89],"tags":[226,208],"class_list":["post-2071062","post","type-post","status-publish","format-standard","hentry","category-romania","tag-crawlmanager","tag-ziaruldevrancea-ro"],"_links":{"self":[{"href":"https:\/\/analyse.optim.biz\/index.php?rest_route=\/wp\/v2\/posts\/2071062","targetHints":{"allow":["GET"]}}],"collection":[{"href":"https:\/\/analyse.optim.biz\/index.php?rest_route=\/wp\/v2\/posts"}],"about":[{"href":"https:\/\/analyse.optim.biz\/index.php?rest_route=\/wp\/v2\/types\/post"}],"author":[{"embeddable":true,"href":"https:\/\/analyse.optim.biz\/index.php?rest_route=\/wp\/v2\/users\/1"}],"replies":[{"embeddable":true,"href":"https:\/\/analyse.optim.biz\/index.php?rest_route=%2Fwp%2Fv2%2Fcomments&post=2071062"}],"version-history":[{"count":0,"href":"https:\/\/analyse.optim.biz\/index.php?rest_route=\/wp\/v2\/posts\/2071062\/revisions"}],"wp:attachment":[{"href":"https:\/\/analyse.optim.biz\/index.php?rest_route=%2Fwp%2Fv2%2Fmedia&parent=2071062"}],"wp:term":[{"taxonomy":"category","embeddable":true,"href":"https:\/\/analyse.optim.biz\/index.php?rest_route=%2Fwp%2Fv2%2Fcategories&post=2071062"},{"taxonomy":"post_tag","embeddable":true,"href":"https:\/\/analyse.optim.biz\/index.php?rest_route=%2Fwp%2Fv2%2Ftags&post=2071062"}],"curies":[{"name":"wp","href":"https:\/\/api.w.org\/{rel}","templated":true}]}}