{"id":2071061,"date":"2026-07-27T00:00:00","date_gmt":"2026-07-26T21:00:00","guid":{"rendered":"https:\/\/analyse.optim.biz\/?p=2071061"},"modified":"2026-07-27T00:00:00","modified_gmt":"2026-07-26T21:00:00","slug":"19-ani-fara-dumitru-pricop-vrancea-il-comemoreaza-pe-poetul-vrancei-una-dintre-marile-voci-ale-literaturii-locale","status":"publish","type":"post","link":"https:\/\/analyse.optim.biz\/?p=2071061","title":{"rendered":"19 ani f\u0103r\u0103 Dumitru Pricop. Vrancea \u00eel comemoreaz\u0103 pe \u201ePoetul Vrancei\u201d, una dintre marile voci ale literaturii locale"},"content":{"rendered":"<p>[analyse_image type=&#8221;featured&#8221; src=&#8221;https:\/\/zdvi.cname.ro\/_\/19-ani-fara-dumitru-pricop.-vrancea-il-comemoreaza-pe-poetul-vrancei-una-dintre-marile-voci-ale-literaturii-locale\/mediaPool\/usza3i3.jpg&#8221;]<\/p>\n<div class=\"main-content detaliu-articol\"><a class=\"titlu-cat-list\" href=\"https:\/\/ziaruldevrancea.ro\/actualitatea\/stiri-locale\">Local<\/a><\/p>\n<h1>19 ani f\u0103r\u0103 Dumitru Pricop. Vrancea \u00eel comemoreaz\u0103 pe \u201ePoetul Vrancei\u201d, una dintre marile voci ale literaturii locale<\/h1>\n<div class=\"date-articol clearfix\">\n<div class=\"distribuie-articol dropdown\">\n    Distribuie: \u00a0<br \/>\n    <em>|<\/em><\/div>\n<div class=\"autor-articol\"><a href=\"https:\/\/ziaruldevrancea.ro\/autor\/anca-vasiliu\/\"><img decoding=\"async\" class=\"img-circle\" src=\"https:\/\/zdvi.cname.ro\/50_50\/articleAuthor\/anca-vasiliu\/articleAuthor\/u3OxgX4.PNG\" alt><\/a><\/p>\n<h5><a href=\"https:\/\/ziaruldevrancea.ro\/autor\/anca-vasiliu\/\">Anca Vasiliu<\/a><\/h5>\n<div class=\"grup-spatiere\"><span class=\"cu-spatiere\">27 iul 2026<\/span><span class=\"cu-spatiere\">1141 vizualiz\u0103ri<\/span><\/div>\n<\/div>\n<\/div>\n<div class=\"poza-mare\"><a href class=\"openGallery\"><img decoding=\"async\" class=\"img-responsive\" src=\"https:\/\/zdvi.cname.ro\/850_530\/19-ani-fara-dumitru-pricop.-vrancea-il-comemoreaza-pe-poetul-vrancei-una-dintre-marile-voci-ale-literaturii-locale\/article\/mediaPool\/usza3i3.jpg\" alt><\/a><\/div>\n<p><strong>La 19 ani de la dispari\u021bia lui Dumitru Pricop, Ziarul de Vrancea readuce \u00een aten\u021bia cititorilor articolele publicate \u00een vara anului 2007, c\u00e2nd jude\u021bul \u0219i lumea literar\u0103 rom\u00e2neasc\u0103 \u0219i-au luat r\u0103mas bun de la poetul n\u0103scut la Negrile\u0219ti.<\/strong><\/p>\n<p><strong>Au trecut 19 ani de c\u00e2nd Vrancea \u0219i-a pierdut \u201ePoetul\u201d. Dumitru Pricop r\u0103m\u00e2ne una dintre marile con\u0219tiin\u021be culturale ale jude\u021bului<\/strong><\/p>\n<p>Ast\u0103zi, 27 iulie 2026, se \u00eemplinesc 19 ani de la dispari\u021bia lui <strong>Dumitru Pricop<\/strong>, poetul care \u0219i-a legat numele de literatura vr\u00e2ncean\u0103 \u0219i care a r\u0103mas \u00een memoria public\u0103 drept \u201ePoetul Vrancei\u201d. La 27 iulie 2007, la v\u00e2rsta de numai 64 de ani, scriitorul s-a stins din via\u021b\u0103 la Spitalul Jude\u021bean din Foc\u0219ani, dup\u0103 o perioad\u0103 \u00eendelungat\u0103 de suferin\u021b\u0103.<\/p>\n<p>Pentru a marca aceast\u0103 zi, <strong>Ziarul de Vrancea<\/strong> republic\u0103 articolele ap\u0103rute \u00een edi\u021biile din 28 iulie \u0219i 1 august 2007, texte care surprind emo\u021bia acelor zile \u0219i amploarea pierderii resim\u021bite \u00een comunitatea cultural\u0103 vr\u00e2ncean\u0103.<\/p>\n<p><strong>Un poet care \u0219i-a legat destinul de Vrancea<\/strong><\/p>\n<p>N\u0103scut \u00een comuna <strong>Negrile\u0219ti<\/strong>, \u00een inima Vrancei tradi\u021bionale, Dumitru Pricop \u0219i-a construit \u00eentreaga oper\u0103 pornind de la universul satului, de la peisajele \u0219i oamenii locurilor natale. Debutul editorial din anii &#8217;70 a adus o voce poetic\u0103 distinct\u0103, iar volumul <strong>\u201ePatima muntelui\u201d<\/strong>, publicat \u00een 1978, a reprezentat \u00eenceputul unei opere apreciate at\u00e2t \u00een jude\u021b, c\u00e2t \u0219i \u00een mediile literare din \u00eentreaga \u021bar\u0103.<\/p>\n<p>Profesor, director al Casei de Cultur\u0103 din Odobe\u0219ti, animator cultural \u0219i membru al <strong>Uniunii Scriitorilor din Rom\u00e2nia<\/strong>, Dumitru Pricop a fost implicat \u00een dezvoltarea vie\u021bii literare vr\u00e2ncene. A participat la \u00eenfiin\u021barea primului cenaclu literar vr\u00e2ncean \u201eDuiliu Zamfirescu\u201d, a fost laureat al Salonului Literar Dragosloveni \u0219i unul dintre promotorii genera\u021biei care a consolidat identitatea cultural\u0103 a jude\u021bului.<\/p>\n<p><strong>O figur\u0103 emblematic\u0103 a boemei literare vr\u00e2ncene<\/strong><\/p>\n<p>Cei care l-au cunoscut \u00eel descriau drept un spirit liber, un om al dialogului \u0219i al prieteniilor, dar \u0219i un intelectual incomod atunci c\u00e2nd considera c\u0103 valorile culturale sunt ignorate.<\/p>\n<p>\u00cen articolele publicate de <strong>Ziarul de Vrancea<\/strong> \u00een vara anului 2007, numero\u0219i scriitori \u0219i oameni de cultur\u0103 au evocat personalitatea poetului. Ion Panait \u00eel numea \u201eultima legend\u0103 a Vrancei\u201d, Gheorghe Istrate vorbea despre sentimentul c\u0103 \u201eo parte din biografia noastr\u0103 s-a stricat\u201d, iar Florinel Agafi\u021bei \u00eel caracteriza drept \u201eun poet remarcabil care a tr\u0103it cum a creat: intens, f\u0103r\u0103 menajamente\u201d.<\/p>\n<p>Aceste m\u0103rturii completeaz\u0103 imaginea unui autor care a dep\u0103\u0219it grani\u021bele jude\u021bului, fiind unul dintre pu\u021binii scriitori vr\u00e2nceni comenta\u021bi \u00een reviste literare na\u021bionale \u0219i tradu\u0219i \u00een alte limbi.<\/p>\n<p><strong>Ultimul drum<\/strong><\/p>\n<p>\u00cen ultimele zile ale lunii iulie 2007, sute de oameni au venit la capela Bisericii S\u0103punari din Foc\u0219ani pentru a-i aduce un ultim omagiu. La funeralii au participat scriitori, profesori, oameni de cultur\u0103, reprezentan\u021bi ai autorit\u0103\u021bilor locale \u0219i o delega\u021bie oficial\u0103 a Uniunii Scriitorilor din Rom\u00e2nia.<\/p>\n<p>Dup\u0103 slujba religioas\u0103, cortegiul funerar s-a \u00eendreptat spre Cimitirul Nordic, locul unde odihne\u0219te \u0219i ast\u0103zi cel supranumit \u201ePoetul Vrancei\u201d.<\/p>\n<p><strong>Opera r\u0103m\u00e2ne<\/strong><\/p>\n<p>De\u0219i au trecut aproape dou\u0103 decenii de la dispari\u021bia sa, versurile lui Dumitru Pricop continu\u0103 s\u0103 fie citite \u0219i redescoperite de iubitorii literaturii. Dup\u0103 moartea sa au fost publicate volume aflate \u00een preg\u0103tire, inclusiv manuscrise \u0219i lucr\u0103ri la care poetul colaborase \u00eenainte de ultimii ani de via\u021b\u0103.<\/p>\n<p>Ast\u0103zi, comemorarea lui Dumitru Pricop reprezint\u0103 \u0219i un prilej de reflec\u021bie asupra patrimoniului cultural al jude\u021bului. Pentru genera\u021biile mai tinere, redescoperirea operei sale poate \u00eensemna redescoperirea unei p\u0103r\u021bi importante din identitatea literar\u0103 a Vrancei.<\/p>\n<p>La 19 ani de la plecarea sa, numele lui Dumitru Pricop continu\u0103 s\u0103 ocupe un loc aparte \u00een cultura jude\u021bului, iar versurile sale r\u0103m\u00e2n una dintre cele mai puternice expresii poetice dedicate Vrancei \u0219i oamenilor s\u0103i.<\/p>\n<p><strong>Anca Vasiliu<\/strong><\/p>\n<p><strong>Citi\u021bi \u0219i:<\/strong><\/p>\n<p><strong>Dumitru Pricop a plecat \u00een lumea spiritelor<\/strong>\u00a0 &#8211; <strong>articol publicat \u00een Ziarul de Vrancea pe \u00a028 iulie 2007 \u00a0<\/strong><\/p>\n<p><strong>Este considerat cel mai mare poet din jude\u021b, supranumit pe bun\u0103 dreptate \u201ePoetul Vrancei&#8221;. N\u0103scut \u00een inima Vrancei arhaice, la Negrile\u0219ti, Dumitru Pricop a debutat \u00een 1975, aduc\u00e2nd \u00een poezia vr\u00e2ncean\u0103 prospe\u021bimea de care aceast\u0103 avea nevoie. Cu Dumitru Pricop, poe\u021bii l-au pierdut pe Regele ne\u00eencoronat al boemei vr\u00eencene. La inmorm\u00e2ntarea care va avea loc mar\u021bi la Cimitirul Nordic va participa \u0219i o delega\u021bie oficial\u0103 a Uniunii Scriitorilor din Rom\u00e2nia<\/strong><\/p>\n<p>Ieri, Dumitru Pricop a spus \u201eadio&#8221; acestei lumi, \u00eenchiz\u00e2nd ochii pentru totdeauna. Poetul vr\u00e2ncean a decedat ieri (n.r. 27 iulie 2007), \u00een jurul orelor 14:00, la Spitalul Jude\u021bean Foc\u0219ani, dup\u0103 lungi s\u0103pt\u0103m\u00e2ni de suferin\u021be. Supranumit, pentru frumuse\u021bea versurilor, \u201dPoetul Vrancei&#8221;, Dumitru Pricop a fost \u0219i va r\u0103m\u00e2ne unul din cei mai mari rapsozi n\u0103scu\u021bi vreodat\u0103 \u00een \u021aara Vrancei, iar poezia sa\u00a0este cea mai frumoas\u0103 od\u0103 adus\u0103 iubirii. Adev\u0103rat Ovidiu exilat \u00een lumea \u00eengust\u0103 a conven\u021biilor, Dumitru Pricop a fost toat\u0103 via\u021b\u0103 un r\u0103zvr\u0103tit \u0219i un adulator al iubirii \u0219i al bucuriei de a tr\u0103i, iubire pe care a eternizat-o prin versuri curg\u0103toare precum apele repezi din mun\u021bii prin care \u0219i-a tr\u0103it copil\u0103ria. Poet la propriu \u0219i la figurat, cu minusurile \u0219i calit\u0103tile unui boem \u00een\u0103scut, Dumitru Pricop a apar\u021binut genera\u021biei care a f\u0103cut ca\u00a0\u00een Vrancea s\u0103 existe ast\u0103zi festivaluri \u0219i cenacluri literare. Cu Dumitru Pricop trecut la cele ve\u0219nice, lumea poe\u021bilor vr\u00e2nceni va fi mai s\u0103rac\u0103. \u00cen ultimul timp, din cauza suferin\u021belor, la marile evenimente culturale era prezent mai mult ca\u00a0o legend\u0103. Indiferent de opiniile contemporanilor despre omul Mitic\u0103 Pricop, poetul Dumitru Pricop este o legend\u0103 vie. De ieri, legenda\u00a0a luat locul definitiv omului \u0219i va intra, probabil nu peste mult timp, \u00een manualele de literatur\u0103. Astfel c\u0103 putem spune c\u0103, de ieri, vr\u00e2ncenii l-au pierdut pe unul din ultimii clasici \u00een via\u021b\u0103 ai literaturii rom\u00e2ne. Din p\u0103cate, tinerele genera\u021bii de vr\u00e2nceni nu-\u0219i cunosc nici m\u0103car poe\u021bii n\u0103scu\u021bi \u00een acest jude\u021b de la cap\u0103tul lumii. Corpul ne\u00eensufle\u021bit al poetului va fi depus \u00een aceast\u0103\u00a0diminea\u021b\u0103 la capela Bisericii S\u0103pun\u0103ri din Foc\u0219ani, iar \u00eenmorm\u00e2ntarea va avea loc mar\u021bi, la orele pr\u00e2nzului, la Cimitirul Nordic.<\/p>\n<p><\/p>\n<p><strong>De la Negrile\u0219ti la Uniunea Scriitorilor<\/strong><\/p>\n<p><\/p>\n<p>N\u0103scut \u00een 1843, la Negrile\u0219ti, \u00eentr-o familie unde limba era vie, iar versurile c\u00e2ntecelor populare curgeau la tot pasul, Dumitru Pricop a avut o via\u021b\u0103 plin\u0103 de urcu\u0219uri \u0219i cobor\u00e2\u0219uri. Profesor suplinitor la P\u0103ule\u0219ti sau titular la Jari\u0219tea ori la Foc\u0219ani, Dumitru Pricop a fost mereu cu sufletul \u00een lumea dulce \u0219i plin\u0103 de bucurii a poe\u021bilor. De la boema Odobe\u0219tilor din anii &#8217;70, c\u00e2nd era director al Casei de Cultur\u0103, p\u00e2n\u0103 la boema postdecembrist\u0103 a Foc\u0219anilor, c\u00e2nd spiritele s-au dezl\u0103n\u021buit, iar taberele poe\u021bilor s-au \u00eemp\u0103r\u021bit pe criterii politice, \u201ePoetul Vrancei&#8221; a fost Regele. Cu Dumitru Pricop \u0219i Constantin Ghini\u021b\u0103\u00a0a \u00eenceput primul cenaclu literar vr\u00e2ncean &#8211; \u201eDuiliu Zamfirescu&#8221;, \u00een 1971, la Odobe\u0219ti. Dumitru Pricop a fost \u0219i primul laureat al celui mai mare festival literar mioritic &#8211; \u201eSalonul Literar Dragosloveni&#8221;, \u00een 1973, ini\u021biat de Ion Panait, Maria Merlu\u0219c\u0103\u00a0\u0219i Florin Muscalu. A debutat \u00een 1975, iar primul volum l-a publicat \u00een 1978 &#8211; \u201ePatima\u00a0muntelui&#8221;. De acei ani se leag\u0103 \u0219i prieteniile cu oamenii care \u00eei vor r\u0103m\u00eene al\u0103turi toat\u0103 via\u021b\u0103: Constantin Ghini\u021b\u0103, Ion Panait, Gheorghe Istrate, Valeriu Anghel \u0219i Paul Spirescu. Dumitru Pricop\u00a0nu este doar un scriitor mioritic. Opera s\u0103 nu se cite\u0219te doar pe malurile Milcovului, a\u0219a cum se \u00eent\u00eempl\u0103 cu multe din lucr\u0103rile tip\u0103rite \u00een editurile foc\u0219\u0103nene. Dumitru Pricop este printre pu\u021binii scritori vr\u00e2nceni care au avut cronici \u00een marile reviste, este cunoscut \u00een cercurile de scriitori, recunoscut pentru opera sa\u00a0\u0219i chiar tradus. Pentru acest lucru a fost p\u00e2n\u0103 ieri \u0219i membru al Uniunii Scriitorilor din Rom\u00e2nia. De altfel, la \u00eenmorm\u00eentare va participa \u0219i o delega\u021bie oficial\u0103 din partea Uniunii, condus\u0103 de poetul Gheorghe Istrate.<\/p>\n<p><\/p>\n<p><strong>Amintirile prietenilor<\/strong><\/p>\n<p><\/p>\n<p>Dumitru Pricop a fost omul taifasului \u0219i al prieteniilor nesf\u00e2r\u0219ite. Dintre prieteniile care au rezistat temperamentului s\u0103u vulcanic, cele cu Ion Panait \u0219i Gheorghe Istrate sunt deja legendare. \u201e<strong><em>A mai murit unul din cei buni, din cei ale\u0219i, din cei destina\u021bi s\u0103 existe \u0219i dincolo de efemeriatea clipei. Dumitru Pricop este ultima legend\u0103 a Vrancei. Am fost al\u0103turi peste 30 de ani. Mitic\u0103 &#8211; prietenul meu nepereche, de c\u00e2ntec \u0219i de albastru \u0219i de frumuse\u021bi zidite \u00een crame de p\u0103m\u00eent \u00eemp\u0103r\u0103te\u0219ti &#8211; pleac\u0103, l\u0103s\u00e2ndu-ne mai tri\u0219ti, mai s\u0103raci, mai b\u0103tr\u00eeni \u0219i mai singuri<\/em><\/strong>&#8220;, ne-a <strong>poetul Ion Panait<\/strong>, unul din prietenii s\u0103i adev\u0103ra\u021bi. Din aceea\u0219i perioada \u00eenc\u0103 romantic\u0103 a \u00eenceputului deceniului al \u0219aptelea, Gheorghe Istrate are acelea\u0219i regrete. \u201e<strong><em>Cu dispari\u021bia poetului Dumitru Pricop noi, prieteni lui, vom avea mereu sentimentul c\u0103 ceva din biografia noastr\u0103 s-a stricat. Cum s\u0103 ne \u00eenchipuim via\u021b\u0103 cultural\u0103 vr\u00e2ncean\u0103\u00a0\u0219i nu numai, f\u0103r\u0103 acest intelectual unic \u0219i irepetabil<\/em><\/strong>&#8220;, ne-a spus <strong>poetul Gheorghe Istrate<\/strong>. <strong>Scriitorul Florinel Agafi\u021bei<\/strong> a \u00eenregistrat ultimul interviu cu Dumitru Pricop. \u201e<strong><em>A murit un poet remarcabil al literaturii noastre contemporane. A tr\u0103it cum a creat, a creat cum a tr\u0103it, adic\u0103 intens, f\u0103r\u0103 menajamente. Era un ve\u0219nic nemul\u021bumit. Dumnezeu s\u0103-l ierte!&#8221;<\/em><\/strong>, ne-a spus <strong>prozatorul Florinel Agafi\u021bei<\/strong>. Printre prietenii s\u0103i s-a aflat \u0219i <strong>Paraschiv Usturoi, directorul Direc\u021biei pentru Cultur\u0103 Vrancea<\/strong>, cu ajutorul c\u0103ruia au ap\u0103rut ultimile c\u0103r\u021bi ale poetului. \u201e<strong><em>Poe\u021bii nu mor niciodat\u0103. Sc\u00e2rbit \u0219i indignat de vremurile pe care a \u00eencercat s\u0103 le schimbe, Dumitru Pricop, &lt;&lt;Poetul Vrancei&gt;&gt;, a plecat acolo printre mucenicii poeziei rom\u00e2ne\u0219ti, unde-i este locul \u0219i unde ne a\u0219teapt\u0103&#8221;<\/em><\/strong>, ne-a spus <strong>Paraschiv Usturoi.<\/strong>\u00a0\u201e<strong><em>Cu adev\u0103rat, Dumitru Pricop, Poetul, nu a murit, a murit doar Mitic\u0103. Dumnezeu s\u0103-l ierte!<\/em><\/strong>&#8220;, a men\u021bionat \u0219i <strong>Paraschiv Usturoi.<\/strong> (<strong>Valentin MUSC\u0102<\/strong>)<\/p>\n<p>Citi\u021bi \u0219i:<strong>Dumitru Pricop a intrat \u00een eternitate- articol publicat \u00een Ziarul de Vrancea pe 1 august 2007<\/strong><\/p>\n<p><strong>Poetul a fost condus ieri pe ultimul drum. Editura Marafet are \u00een lucru un volum de poezii \u201emarca&#8221; Dumitru Pricop, precum \u0219i \u201eMonografia comunei Fitione\u0219ti&#8221;, la care a colaborat \u0219i poetul.<\/strong><\/p>\n<p>\u201e<strong><em>Doctore m\u0103-ntorc acas\u0103 \/ Mult mai bolnav dec\u00e2t am fost s\u0103 fiu \/ Dar nu m\u0103 mai g\u00e2ndesc la groap\u0103 \u0219i sicriu \/ Iar de pedeapsa inimii nu-mi pas\u0103<\/em><\/strong>&#8220;, scria Dumitru Pricop \u00een ultimile clipe ale vie\u021bii, parc\u0103 anun\u021b\u00e2ndu-\u0219i sf\u00e2r\u0219itul. Mitic\u0103 Pricop s-a \u00eentors acas\u0103 din ultimul sau drum pe c\u0103r\u0103rile anevoioase ale spitalului, iar de aici a plecat pentru totdeauna \u00een lumea celor drep\u021bi. \u00cenmorm\u00e2ntarea \u201ePoetului Vrancei&#8221; a fost ocazia c\u0103 foc\u0219\u0103nenii s\u0103 constate c\u0103 unul din ultimii clasici ai poeziei rom\u00e2ne\u0219ti a p\u0103r\u0103sit aceast\u0103 lume. Strada Bisericii &#8220;S\u0103pun\u0103ri&#8221; din Foc\u0219ani a fost ieri la pr\u00e2nz blocat\u0103 de mul\u021bimea care a venit s\u0103-\u0219i ia un ultim r\u0103mas bun de la cel care le-a \u021binut tonusul \u00een aprigii ani ai tranzi\u021biei. Prieteni \u0219i mai pu\u021bin prieteni, colegi din lumea literelor \u0219i admiratori ai poetului s-au \u00eent\u00e2lnit ieri pentru ultima dat\u0103 cu chipul inconfundabil al lui Dumitru Pricop. Al\u0103turi de figurile cunoscute \u0219i care alc\u0103tuiau lumea boemei vr\u00e2ncene la serile culturale de la Casa Armatei sau de la Salonul Literar Dragosloveni, la \u00eenmorm\u00e2ntare au fost z\u0103ri\u021bi \u0219i c\u00e2\u021biva politicieni, printre care Horia Furtun\u0103 \u0219i primarul Decebal Bacinschi. Din partea Uniunii Scriitorilor au vorbit poe\u021bii Laurian St\u0103nchescu, Marin Ifrim \u0219i Gheorghe Istrate, iar din partea oamenilor de la catedr\u0103 profesorul Zaharia i-a adus un ultim omagiu. De la Dumitru Pricop au r\u0103mas poeziii inedite, dar \u0219i volume sub tipar. \u201e<strong><em>\u00cen aceast\u0103 toamn\u0103 voi tip\u0103ri un volum de poezie, care se afl\u0103 \u00een lucru la editura Marafet, precum \u0219i &lt;&lt;Monografia comunei Fitione\u0219ti&gt;&gt;, pe care am realizat-o \u00eempreun\u0103 cu Dumitru Pricop. Premonitoriu, poetul a numit prefa\u021b\u0103 monografiei &lt;&lt;Ridic\u0103-te Laz\u0103r&gt;&gt;, un text superb pe o tema religioas\u0103. Din nefericire, omul Mitic\u0103 Pricop nu s-a mai ridicat&#8221;,<\/em><\/strong> ne-a spus <strong>publicistul Constantin Marafet<\/strong>. O parte din aceste versuri vor fi publicate cu ajutorul Direc\u021biei pentru Cultur\u0103 Vrancea. \u201e<strong><em>Nu putem s\u0103 l\u0103s\u0103m nepublicate versurile unuia din cei mai mari poe\u021bi rom\u00e2ni. \u00cei vom duce lipsa omului Mitic\u0103 Pricop, pentru atitudinea \u0219i curajul sau, pentru vocea s\u0103 necru\u021b\u0103toare cu ho\u021bia, minciuna \u0219i trufia<\/em><\/strong>&#8220;, ne-a spus <strong>Paraschiv Usturoi, directorul institu\u021biei.<\/strong> Dup\u0103 slujba religioas\u0103 \u0219i cuvintele apropia\u021bilor, cortegiul funerar s-a \u00eendreptat spre Cimitirul Nordic, acolo unde a fost \u00eenmorm\u00e2ntat \u201ePoetul Vrancei&#8221;. (<strong>Valentin MUSC\u0102<\/strong>)<\/p>\n<hr>\n<div class=\"bloc-widget widget-rosu\">\n<p>\u00cen lipsa unui acord scris din partea Ziarului de Vrancea, pute\u0163i prelua maxim 500 de caractere din acest articol dac\u0103 preciza\u0163i sursa \u015fi insera\u0163i vizibil link-ul articolului:\u00a0<span>#insertcurrentlinkhere<\/span><\/p>\n<\/div>\n<div class=\"extra-articol listing-anunturi\">\n<h6>Anun\u021buri <span class=\"text-primary\">ZdV<\/span> Premium<\/h6>\n<div class=\"row\">\n<div class=\"col-lg-4 col-md-6 bloc-egal\"><a class=\"card-anunt\" href=\"https:\/\/ziaruldevrancea.ro\/anunturi\/imobiliare\/vanzari-terenuri\/vand-teren-in-panciu\"><strong class=\"titlu\">V\u00e2nz\u0103ri terenuri<\/strong><span class=\"text-anunt\">Teren Panciu 1170 mp, cu num\u0103r cas\u0103, ap\u0103&#8230;<\/span><span class=\"data-anunt\">29.07.2026  <\/span><\/a><\/div>\n<div class=\"col-lg-4 col-md-6 bloc-egal\"><a class=\"card-anunt\" href=\"https:\/\/ziaruldevrancea.ro\/anunturi\/altele\/anulare-acte\/vand-scrumbii-afumate-capturi-dunare\"><strong class=\"titlu\">Vanzari diverse<\/strong><span class=\"text-anunt\">Pret : 117 lei \/ kg . \u00a0 Este&#8230;<\/span><span class=\"data-anunt\">29.07.2026 , Gala\u021bi , Gala\u021bi<\/span><\/a><\/div>\n<div class=\"col-lg-4 col-md-6 bloc-egal\"><a class=\"card-anunt\" href=\"https:\/\/ziaruldevrancea.ro\/anunturi\/necrolog\/decese\/dumnezeu-sa-o-aseze-in-randul-celor-drepti\"><strong class=\"titlu\">Decese<\/strong><span class=\"text-anunt\">Cu profund\u0103 durere, familia anun\u021b\u0103 trecerea la&#8230;<\/span><span class=\"data-anunt\">28.07.2026  <\/span><\/a><\/div>\n<\/div>\n<\/div>\n<div class=\"extra-articol alte-articole\">\n<div class=\"row\">\n<div class=\"col-lg-6 bloc-egal\">\n<div class=\"card articol-listing\">\n<h6>\u00cen categoria <a href=\"https:\/\/ziaruldevrancea.ro\/actualitatea\/stiri-locale\">Local<\/a><\/h6>\n<div class=\"grup-articol-listing\">\n<div class=\"cont-pils\"><a href=\"https:\/\/ziaruldevrancea.ro\/actualitatea\/stiri-locale\/foto-pompierii-isu-vrancea-au-dus-lectii-de-siguranta-in-gura-calitei\"><img decoding=\"async\" src=\"https:\/\/zdvi.cname.ro\/180_135\/actualitatea\/stiri-locale\/foto-pompierii-isu-vrancea-au-dus-lectii-de-siguranta-in-gura-calitei\/mediaPool\/unTARgF.jpeg\" class=\"img-responsive img-180\" alt><\/a><\/div>\n<h2><a class=\"link-titlu\" href=\"https:\/\/ziaruldevrancea.ro\/actualitatea\/stiri-locale\/foto-pompierii-isu-vrancea-au-dus-lectii-de-siguranta-in-gura-calitei\">Foto | Pompierii ISU Vrancea au dus lec\u021bii de siguran\u021b\u0103 \u00een Gura Cali\u021bei<\/a><\/h2>\n<div class=\"date-post\"><a href=\"https:\/\/ziaruldevrancea.ro\/autor\/petre-paraschiv\">Petre Paraschiv<\/a>, 31 iul 2026  <\/div>\n<\/div>\n<div class=\"grup-articol-listing\">\n<div class=\"cont-pils\"><a href=\"https:\/\/ziaruldevrancea.ro\/actualitatea\/stiri-locale\/vrancea-soferii-cu-permis-categoria-b-care-fac-transport-contra-cost-trebuie-sa-obtina-un-document-obligatoriu.\"><img decoding=\"async\" src=\"https:\/\/zdvi.cname.ro\/180_135\/actualitatea\/stiri-locale\/vrancea-soferii-cu-permis-categoria-b-care-fac-transport-contra-cost-trebuie-sa-obtina-un-document-obligatoriu.\/mediaPool\/uABp3Hl.jpg\" class=\"img-responsive img-180\" alt><\/a><\/div>\n<h2><a class=\"link-titlu\" href=\"https:\/\/ziaruldevrancea.ro\/actualitatea\/stiri-locale\/vrancea-soferii-cu-permis-categoria-b-care-fac-transport-contra-cost-trebuie-sa-obtina-un-document-obligatoriu.\">Vrancea: \u0218oferii cu permis categoria B care fac transport contra cost trebuie s\u0103 ob\u021bin\u0103 un document obligatoriu<\/a><\/h2>\n<div class=\"date-post\"><a href=\"https:\/\/ziaruldevrancea.ro\/autor\/ionel-sclavone\">Ionel Sclavone<\/a>, 31 iul 2026  <\/div>\n<\/div>\n<div class=\"grup-articol-listing\">\n<div class=\"cont-pils\"><a href=\"https:\/\/ziaruldevrancea.ro\/actualitatea\/stiri-locale\/comisariatul-militar-din-focsani-un-simbol-al-istoriei-vrancei-renaste-prin-restaurare.-povestea-cladirii-care-a-gazduit-divizia-6-infanterie\"><img decoding=\"async\" src=\"https:\/\/zdvi.cname.ro\/180_135\/actualitatea\/stiri-locale\/comisariatul-militar-din-focsani-un-simbol-al-istoriei-vrancei-renaste-prin-restaurare.-povestea-cladirii-care-a-gazduit-divizia-6-infanterie\/mediaPool\/u5btavU.jpg\" class=\"img-responsive img-180\" alt><\/a><\/div>\n<h2><a class=\"link-titlu\" href=\"https:\/\/ziaruldevrancea.ro\/actualitatea\/stiri-locale\/comisariatul-militar-din-focsani-un-simbol-al-istoriei-vrancei-renaste-prin-restaurare.-povestea-cladirii-care-a-gazduit-divizia-6-infanterie\">Comisariatul Militar din Foc\u0219ani, un simbol al istoriei Vrancei, rena\u0219te prin restaurare. Povestea cl\u0103dirii care a g\u0103zduit Divizia 6 Infanterie<\/a><\/h2>\n<div class=\"date-post\"><a href=\"https:\/\/ziaruldevrancea.ro\/autor\/florin-marian-dirdala\">Florin Marian D\u00eerdal\u0103<\/a>, 31 iul 2026  <\/div>\n<\/div>\n<\/div>\n<\/div>\n<div class=\"col-lg-6 bloc-egal\">\n<div class=\"card articol-listing\">\n<h6>De acela\u0219i <a href=\"https:\/\/ziaruldevrancea.ro\/autor\/anca-vasiliu\/\">autor<\/a><\/h6>\n<div class=\"grup-articol-listing\">\n<div class=\"cont-pils\"><a href=\"https:\/\/ziaruldevrancea.ro\/special\/social\/video-concediile-medicale-in-vrancea-ce-s-a-schimbat-din-1-iunie-2026-si-cum-se-face-decontarea-indemnizatiilor\"><img decoding=\"async\" src=\"https:\/\/zdvi.cname.ro\/180_135\/special\/social\/video-concediile-medicale-in-vrancea-ce-s-a-schimbat-din-1-iunie-2026-si-cum-se-face-decontarea-indemnizatiilor\/mediaPool\/uIvvNTh.jpg\" class=\"img-responsive img-180\" alt><\/a><\/div>\n<h2><a class=\"link-titlu\" href=\"https:\/\/ziaruldevrancea.ro\/special\/social\/video-concediile-medicale-in-vrancea-ce-s-a-schimbat-din-1-iunie-2026-si-cum-se-face-decontarea-indemnizatiilor\">VIDEO | Concediile medicale \u00een Vrancea: ce s-a schimbat din 1 iunie 2026 \u0219i cum se face decontarea indemniza\u021biilor<\/a><\/h2>\n<div class=\"date-post\"><a href=\"https:\/\/ziaruldevrancea.ro\/autor\/anca-vasiliu\">Anca Vasiliu<\/a>, 31 iul 2026  <\/div>\n<\/div>\n<div class=\"grup-articol-listing\">\n<div class=\"cont-pils\"><a href=\"https:\/\/ziaruldevrancea.ro\/special\/social\/rmn-ul-spitalului-judetean-focsani-revine-in-functiune-din-1-august\"><img decoding=\"async\" src=\"https:\/\/zdvi.cname.ro\/180_135\/special\/social\/rmn-ul-spitalului-judetean-focsani-revine-in-functiune-din-1-august\/mediaPool\/uDvgVIV.jpg\" class=\"img-responsive img-180\" alt><\/a><\/div>\n<h2><a class=\"link-titlu\" href=\"https:\/\/ziaruldevrancea.ro\/special\/social\/rmn-ul-spitalului-judetean-focsani-revine-in-functiune-din-1-august\">RMN-ul Spitalului Jude\u021bean Foc\u0219ani revine \u00een func\u021biune din 1 august<\/a><\/h2>\n<div class=\"date-post\"><a href=\"https:\/\/ziaruldevrancea.ro\/autor\/anca-vasiliu\">Anca Vasiliu<\/a>, 31 iul 2026  <\/div>\n<\/div>\n<div class=\"grup-articol-listing\">\n<div class=\"cont-pils\"><a href=\"https:\/\/ziaruldevrancea.ro\/promo\/evenimente-speciale\/video--foto-41-de-elevi-din-mediul-rural-din-judetul-vrancea-recompensati-pentru-performantele-obtinute-la-evaluarea-nationala\"><img decoding=\"async\" src=\"https:\/\/zdvi.cname.ro\/180_135\/promo\/evenimente-speciale\/video--foto-41-de-elevi-din-mediul-rural-din-judetul-vrancea-recompensati-pentru-performantele-obtinute-la-evaluarea-nationala\/mediaPool\/uWHTj9m.jpeg\" class=\"img-responsive img-180\" alt><\/a><\/div>\n<h2><a class=\"link-titlu\" href=\"https:\/\/ziaruldevrancea.ro\/promo\/evenimente-speciale\/video--foto-41-de-elevi-din-mediul-rural-din-judetul-vrancea-recompensati-pentru-performantele-obtinute-la-evaluarea-nationala\">VIDEO + Foto | 41 de elevi din mediul rural din jude\u021bul Vrancea, recompensa\u021bi pentru performan\u021bele ob\u021binute la Evaluarea Na\u021bional\u0103 <\/a><\/h2>\n<div class=\"date-post\"><a href=\"https:\/\/ziaruldevrancea.ro\/autor\/anca-vasiliu\">Anca Vasiliu<\/a>, 30 iul 2026  <\/div>\n<\/div>\n<\/div>\n<\/div>\n<\/div>\n<\/div>\n<div class=\"extra-articol listing-anunturi\">\n<h6>Anun\u021buri <span class=\"text-primary\">ZdV<\/span> Premium<\/h6>\n<div class=\"row\">\n<div class=\"col-lg-4 col-md-6 bloc-egal\"><a class=\"card-anunt\" href=\"https:\/\/ziaruldevrancea.ro\/anunturi\/imobiliare\/vanzari-case\/vand-casa-si-teren-in-panciu-anunt-72818\"><strong class=\"titlu\">V\u00e2nz\u0103ri case<\/strong><span class=\"text-anunt\">V\u00e2nd cas\u0103 cu 2 camere, buc\u0103t\u0103rie, baie,&#8230;<\/span><span class=\"data-anunt\">23.07.2026  <\/span><\/a><\/div>\n<div class=\"col-lg-4 col-md-6 bloc-egal\"><a class=\"card-anunt\" href=\"https:\/\/ziaruldevrancea.ro\/anunturi\/angajari\/cereri-angajari\/doresc-angajare-anunt-72815\"><strong class=\"titlu\">Cereri<\/strong><span class=\"text-anunt\">Doresc s\u0103 am grij\u0103 de un copil de gradini\u021b\u0103&#8230;<\/span><span class=\"data-anunt\">21.07.2026  <\/span><\/a><\/div>\n<div class=\"col-lg-4 col-md-6 bloc-egal\"><a class=\"card-anunt\" href=\"https:\/\/ziaruldevrancea.ro\/anunturi\/inchirieri\/locuinte-oferte\/primesc-in-gazda-anunt-72816\"><strong class=\"titlu\">Locuin\u021be oferte<\/strong><span class=\"text-anunt\">\u00a0Primesc \u00een gazd\u0103 la cas\u0103.<\/p>\n<p>Tel&#8230;.<\/span><span class=\"data-anunt\">21.07.2026  <\/span><\/a><\/div>\n<\/div>\n<\/div>\n<div class=\"bloc-widget widget-albastru\">\n    Ziarul de Vrancea \u00a0nu este responsabil juridic pentru con\u0163inutul textelor din comentariile de mai jos. Responsabilitatea pentru mesajele dumneavoastra v\u0103 revine \u00een exclusivitate.\n<\/div>\n<div class=\"comentarii-articol\" id=\"comentarii\">\n<h3>Comentarii: <span class=\"text-primary\">0<\/span><\/h3>\n<p><a href=\"https:\/\/ziaruldevrancea.ro\/actualitatea\/stiri-locale\/19-ani-fara-dumitru-pricop.-vrancea-il-comemoreaza-pe-poetul-vrancei-una-dintre-marile-voci-ale-literaturii-locale\" class=\"btn btn-success btn-adauga-com\" data-toggle=\"modal\" data-parent=\"0\" data-target=\"#commentModal\">Adaug\u0103 comentariu<\/a><\/p>\n<div class=\"loadMask comments-mask\"><img decoding=\"async\" src=\"https:\/\/zdvs.cname.ro\/images\/loader_40.gif\"><\/div>\n<div class=\"comenteaza-jos\">Trebuie s\u0103 fii <a href=\"https:\/\/ziaruldevrancea.ro\/account\">autentificat<\/a> pentru a putea <a href=\"https:\/\/ziaruldevrancea.ro\/actualitatea\/stiri-locale\/19-ani-fara-dumitru-pricop.-vrancea-il-comemoreaza-pe-poetul-vrancei-una-dintre-marile-voci-ale-literaturii-locale\" class data-toggle=\"modal\" data-parent=\"0\" data-target=\"#commentModal\">posta un comentariu<\/a>.<\/div>\n<\/div>\n<div class=\"modal fade\" id=\"commentModal\" role=\"dialog\" aria-labelledby=\"commentModalLabel\">\n<div class=\"modal-dialog modal-lg\" role=\"document\">\n<div class=\"modal-content\">\n<div class=\"modal-header\">\n<h3 class=\"modal-title\" id=\"commentModalLabel\">Comenteaz\u0103<\/h3>\n<\/div>\n<div class=\"modal-body\">\n<div class=\"tabel tabel-full\">\n<div class=\"celula\">\n              Trebuie s\u0103 fii <a href=\"https:\/\/ziaruldevrancea.ro\/account\">autentificat<\/a> pentru a putea posta un comentariu.\n            <\/div>\n<\/div>\n<\/div>\n<div class=\"modal-footer\">\n<div id=\"commentPending\" class=\"formPending pull-left\"><img decoding=\"async\" src=\"https:\/\/zdvs.cname.ro\/images\/loader_40.gif\"> In curs de procesare&#8230;<\/div>\n<p><a href=\"https:\/\/ziaruldevrancea.ro\/actualitatea\/stiri-locale\/19-ani-fara-dumitru-pricop.-vrancea-il-comemoreaza-pe-poetul-vrancei-una-dintre-marile-voci-ale-literaturii-locale\" class=\"btn btn-default\" data-dismiss=\"modal\">Anuleaz\u0103<\/a><\/div>\n<\/div>\n<\/div>\n<\/div>\n<div class=\"modal fade\" id=\"commentReportModal\" role=\"dialog\" aria-labelledby=\"commentReportModalLabel\">\n<div class=\"modal-dialog modal-lg\" role=\"document\">\n<div class=\"modal-content\">\n<div class=\"modal-header\">\n<h3 class=\"modal-title\" id=\"commentReportModalLabel\">Raporteaza comentariu<\/h3>\n<\/div>\n<div class=\"modal-body\">\n<div class=\"tabel tabel-full\">\n<div class=\"celula\">\n              Trebuie s\u0103 fii <a href=\"https:\/\/ziaruldevrancea.ro\/account\">autentificat<\/a> pentru a putea raporta un comentariu.\n            <\/div>\n<\/div>\n<\/div>\n<div class=\"modal-footer\">\n<div id=\"commentReportPending\" class=\"formPending pull-left\"><img decoding=\"async\" src=\"https:\/\/zdvs.cname.ro\/images\/loader_40.gif\"> In curs de procesare&#8230;<\/div>\n<p><a href=\"https:\/\/ziaruldevrancea.ro\/actualitatea\/stiri-locale\/19-ani-fara-dumitru-pricop.-vrancea-il-comemoreaza-pe-poetul-vrancei-una-dintre-marile-voci-ale-literaturii-locale\" class=\"btn btn-default\" data-dismiss=\"modal\">Anuleaz\u0103<\/a><\/div>\n<\/div>\n<\/div>\n<\/div>\n<div class=\"modal fade\" id=\"commentLikeModal\" role=\"dialog\" aria-labelledby=\"commentLikeModalLabel\">\n<div class=\"modal-dialog modal-lg\" role=\"document\">\n<div class=\"modal-content\">\n<div class=\"modal-header\">\n<h3 class=\"modal-title\" id=\"commentReportModalLabel\">Apreciaza comentariu<\/h3>\n<\/div>\n<div class=\"modal-body\">\n<div class=\"tabel tabel-full\">\n<div class=\"celula\">\n            Trebuie s\u0103 fii <a href=\"https:\/\/ziaruldevrancea.ro\/account\">autentificat<\/a> pentru a putea aprecia un comentariu.\n          <\/div>\n<\/div>\n<\/div>\n<div class=\"modal-footer\"><a href=\"https:\/\/ziaruldevrancea.ro\/actualitatea\/stiri-locale\/19-ani-fara-dumitru-pricop.-vrancea-il-comemoreaza-pe-poetul-vrancei-una-dintre-marile-voci-ale-literaturii-locale\" class=\"btn btn-default\" data-dismiss=\"modal\">Anuleaz\u0103<\/a><\/div>\n<\/div>\n<\/div>\n<\/div>\n<div class=\"bloc-widget widget-rosu\"><span><small>Ziarul de Vrancea doreste ca acest site sa fie un spatiu al discutiilor civilizate, al comentariilor de bun simt. Din acest motiv, cei care posteaza comentarii la articole trebuie sa respecte urmatoarele reguli:<br \/>\n1. Sa se refere doar la articolul la care posteaza comentarii.<br \/>\n2. Sa foloseasca un limbaj civilizat, fara injurii, calomnii, comentarii antisemite, xenofobe sau rasiste.<br \/>\n3. Sunt interzise atacurile la adresa autorilor, daca acestea nu au legatura cu textul.<br \/>\n4. Username-ul sa nu fie nume de personalitati ale vietii publice sau parodieri ale acestora.<br \/>\nAutorul unui articol poate fi criticat pentru eventuale greseli, incoerenta, lipsa de documentare etc.<br \/>\nNerespectarea regulilor mentionate mai sus va duce la stergerea comentariilor, fara avertisment si fara explicatii.<br \/>\nAbaterile repetate vor avea drept consecinta interdictia accesului la aceasta facilitate a site-ului.<\/small><\/span><\/div>\n<\/div>\n<p>[analyse_source url=&#8221;https:\/\/ziaruldevrancea.ro\/actualitatea\/stiri-locale\/19-ani-fara-dumitru-pricop.-vrancea-il-comemoreaza-pe-poetul-vrancei-una-dintre-marile-voci-ale-literaturii-locale&#8221;]<\/p>\n","protected":false},"excerpt":{"rendered":"<p>[analyse_image type=&#8221;featured&#8221; src=&#8221;https:\/\/zdvi.cname.ro\/_\/19-ani-fara-dumitru-pricop.-vrancea-il-comemoreaza-pe-poetul-vrancei-una-dintre-marile-voci-ale-literaturii-locale\/mediaPool\/usza3i3.jpg&#8221;] Local 19 ani f\u0103r\u0103 Dumitru Pricop. Vrancea \u00eel comemoreaz\u0103 pe \u201ePoetul Vrancei\u201d, una dintre marile voci ale literaturii locale Distribuie: \u00a0 | Anca Vasiliu 27 iul 20261141 vizualiz\u0103ri La 19 ani de la dispari\u021bia lui Dumitru Pricop, Ziarul de Vrancea readuce \u00een aten\u021bia cititorilor articolele publicate \u00een vara anului 2007, c\u00e2nd jude\u021bul [&hellip;]<\/p>\n","protected":false},"author":1,"featured_media":0,"comment_status":"open","ping_status":"","sticky":false,"template":"","format":"standard","meta":{"footnotes":""},"categories":[89],"tags":[226,208],"class_list":["post-2071061","post","type-post","status-publish","format-standard","hentry","category-romania","tag-crawlmanager","tag-ziaruldevrancea-ro"],"_links":{"self":[{"href":"https:\/\/analyse.optim.biz\/index.php?rest_route=\/wp\/v2\/posts\/2071061","targetHints":{"allow":["GET"]}}],"collection":[{"href":"https:\/\/analyse.optim.biz\/index.php?rest_route=\/wp\/v2\/posts"}],"about":[{"href":"https:\/\/analyse.optim.biz\/index.php?rest_route=\/wp\/v2\/types\/post"}],"author":[{"embeddable":true,"href":"https:\/\/analyse.optim.biz\/index.php?rest_route=\/wp\/v2\/users\/1"}],"replies":[{"embeddable":true,"href":"https:\/\/analyse.optim.biz\/index.php?rest_route=%2Fwp%2Fv2%2Fcomments&post=2071061"}],"version-history":[{"count":0,"href":"https:\/\/analyse.optim.biz\/index.php?rest_route=\/wp\/v2\/posts\/2071061\/revisions"}],"wp:attachment":[{"href":"https:\/\/analyse.optim.biz\/index.php?rest_route=%2Fwp%2Fv2%2Fmedia&parent=2071061"}],"wp:term":[{"taxonomy":"category","embeddable":true,"href":"https:\/\/analyse.optim.biz\/index.php?rest_route=%2Fwp%2Fv2%2Fcategories&post=2071061"},{"taxonomy":"post_tag","embeddable":true,"href":"https:\/\/analyse.optim.biz\/index.php?rest_route=%2Fwp%2Fv2%2Ftags&post=2071061"}],"curies":[{"name":"wp","href":"https:\/\/api.w.org\/{rel}","templated":true}]}}