{"id":2071059,"date":"2026-07-27T00:00:00","date_gmt":"2026-07-26T21:00:00","guid":{"rendered":"https:\/\/analyse.optim.biz\/?p=2071059"},"modified":"2026-07-27T00:00:00","modified_gmt":"2026-07-26T21:00:00","slug":"update-accident-mortal-pe-dn24-in-zona-tisita-judetul-vrancea-o-femeie-de-59-de-ani-si-a-pierdut-viata-dupa-un-impact-intre-doua-autoturisme","status":"publish","type":"post","link":"https:\/\/analyse.optim.biz\/?p=2071059","title":{"rendered":"(Update) Accident mortal pe DN24, \u00een zona Ti\u0219i\u021ba, jude\u021bul Vrancea. O femeie de 59 de ani \u0219i-a pierdut via\u021ba dup\u0103 un impact \u00eentre dou\u0103 autoturisme"},"content":{"rendered":"<p>[analyse_image type=&#8221;featured&#8221; src=&#8221;https:\/\/zdvi.cname.ro\/_\/accident-mortal-pe-dn24-in-zona-tisita-judetul-vrancea.-o-femeie-de-59-de-ani-si-a-pierdut-viata-dupa-un-impact-intre-doua-autoturisme\/mediaPool\/uCmBeiR.jpeg&#8221;]<\/p>\n<div class=\"main-content detaliu-articol\"><a class=\"titlu-cat-list\" href=\"https:\/\/ziaruldevrancea.ro\/actualitatea\/stiri-locale\">Local<\/a><\/p>\n<h1>(Update) Accident mortal pe DN24, \u00een zona Ti\u0219i\u021ba, jude\u021bul Vrancea. O femeie de 59 de ani \u0219i-a pierdut via\u021ba dup\u0103 un impact \u00eentre dou\u0103 autoturisme<\/h1>\n<div class=\"date-articol clearfix\">\n<div class=\"distribuie-articol dropdown\">\n    Distribuie: \u00a0<br \/>\n    <em>|<\/em><\/div>\n<div class=\"autor-articol\"><a href=\"https:\/\/ziaruldevrancea.ro\/autor\/mircea-pavel\/\"><img decoding=\"async\" class=\"img-circle\" src=\"https:\/\/zdvi.cname.ro\/50_50\/articleAuthor\/mircea-pavel\/articleAuthor\/uqcCx6q.jpg\" alt><\/a><\/p>\n<h5><a href=\"https:\/\/ziaruldevrancea.ro\/autor\/mircea-pavel\/\">Mircea Pavel<\/a><\/h5>\n<div class=\"grup-spatiere\"><span class=\"cu-spatiere\">27 iul 2026<\/span><span class=\"cu-spatiere\">1966 vizualiz\u0103ri<\/span><\/div>\n<\/div>\n<\/div>\n<div class=\"poza-mare\"><a href class=\"openGallery\"><img decoding=\"async\" class=\"img-responsive\" src=\"https:\/\/zdvi.cname.ro\/850_530\/accident-mortal-pe-dn24-in-zona-tisita-judetul-vrancea.-o-femeie-de-59-de-ani-si-a-pierdut-viata-dupa-un-impact-intre-doua-autoturisme\/article\/mediaPool\/uCmBeiR.jpeg\" alt><\/a><\/div>\n<p><strong>Tragedie pe unul dintre cele mai circulate drumuri din Vrancea. Poli\u021bi\u0219tii spun c\u0103 accidentul s-ar fi produs dup\u0103 ce un \u0219ofer nu a p\u0103strat distan\u021ba regulamentar\u0103 fa\u021b\u0103 de autoturismul din fa\u021b\u0103, iar echipajul SAJ a efectuat manevre de resuscitare timp de 45 de minute, f\u0103r\u0103 rezultat.<\/strong><\/p>\n<p><strong>Accident mortal pe DN24, \u00een zona Ti\u0219i\u021ba, jude\u021bul Vrancea. O femeie de 59 de ani \u0219i-a pierdut via\u021ba<\/strong><\/p>\n<p>Un grav accident rutier s-a produs duminic\u0103, 26 iulie 2026, pe DN24, \u00een zona Ti\u0219i\u021ba, \u00een afara ora\u0219ului M\u0103r\u0103\u0219e\u0219ti. \u00cen urma impactului dintre dou\u0103 autoturisme, o femeie \u00een v\u00e2rst\u0103 de 59 de ani \u0219i-a pierdut via\u021ba, \u00een ciuda eforturilor depuse de echipajul Serviciului de Ambulan\u021b\u0103 Jude\u021bean (SAJ) Vrancea.<\/p>\n<p>Potrivit Inspectoratului de Poli\u021bie Jude\u021bean (IPJ) Vrancea, accidentul a fost semnalat prin apel la 112 \u00een jurul orei <strong>17:38<\/strong>.<\/p>\n<p>Din primele cercet\u0103ri efectuate la fa\u021ba locului a reie\u0219it c\u0103 un b\u0103rbat \u00een v\u00e2rst\u0103 de <strong>69 de ani<\/strong>, din municipiul <strong>Tecuci<\/strong>, jude\u021bul Gala\u021bi, care conducea un autoturism din direc\u021bia Ti\u0219i\u021ba c\u0103tre Tecuci, nu ar fi p\u0103strat o distan\u021b\u0103 suficient\u0103 fa\u021b\u0103 de autoturismul care circula \u00een fa\u021ba sa, intr\u00e2nd \u00een coliziune cu acesta.<\/p>\n<p>\u00cen urma impactului, o femeie de <strong>59 de ani<\/strong>, aflat\u0103 pe locul din st\u00e2nga spate al autoturismului condus de b\u0103rbatul de 69 de ani, a suferit leziuni incompatibile cu via\u021ba.<\/p>\n<p><strong>SAJ Vrancea: resuscitare timp de 45 de minute<\/strong><\/p>\n<p>Conform Serviciului de Ambulan\u021b\u0103 Jude\u021bean Vrancea, imediat dup\u0103 primirea apelului de urgen\u021b\u0103 a fost trimis\u0103 la locul accidentului o ambulan\u021b\u0103 cu asistent medical din cadrul Substa\u021biei M\u0103r\u0103\u0219e\u0219ti.<\/p>\n<p>La sosirea echipajului medical, victima era incon\u0219tient\u0103 \u0219i se afla \u00een stop cardio-respirator.<\/p>\n<p>Cadrele medicale au \u00eenceput imediat manevrele de resuscitare cardio-respiratorie avansat\u0103, aplicate conform protocoalelor medicale timp de aproximativ <strong>45 de minute<\/strong>.<\/p>\n<p>Din p\u0103cate, femeia nu a r\u0103spuns manevrelor de resuscitare, iar medicii au fost nevoi\u021bi s\u0103 declare decesul la locul accidentului.<\/p>\n<p><strong>\u0218oferii nu consumaser\u0103 alcool<\/strong><\/p>\n<p>Poli\u021bi\u0219tii au precizat c\u0103 ambii conduc\u0103tori auto implica\u021bi \u00een accident au fost testa\u021bi cu aparatul etilotest, iar rezultatele au fost negative.<\/p>\n<p>\u00cen continuare, poli\u021bi\u0219tii din cadrul IPJ Vrancea desf\u0103\u0219oar\u0103 cercet\u0103ri pentru stabilirea cu exactitate a tuturor \u00eemprejur\u0103rilor \u0219i cauzelor producerii accidentului rutier.<\/p>\n<p>Accidentul a provocat restric\u021bii temporare de circula\u021bie pe DN24, \u00een zona Ti\u0219i\u021ba, p\u00e2n\u0103 la finalizarea cercet\u0103rii la fa\u021ba locului \u0219i \u00eendep\u0103rtarea vehiculelor implicate.<\/p>\n<p><strong>Mircea Pavel\u00a0<\/strong><\/p>\n<p><strong>Citi\u021bi \u00een continuare con\u021binutul integral al inform\u0103rilor de pres\u0103 f\u0103cute publice de purt\u0103torii de cuv\u00e2nt ai IPJ \u0219i Serviciului de Ambulan\u021b\u0103 Jude\u021bean ( SAJ) Vrancea \u00een leg\u0103tur\u0103 cu acest articol<\/strong><\/p>\n<p><strong>Informarea de pres\u0103 ini\u021bial\u0103, duminic\u0103 26 iulie 2026 ora 18:37, IPJ Vrancea:<\/strong>ACCIDENT RUTIER PE DN 24, \u00ceN ZONA TI\u0218I\u021aA<\/p>\n<div>La data de 26 iulie a.c., \u00een jurul orei 17:38, poli\u021bi\u0219tii din cadrul Inspectoratului de Poli\u021bie Jude\u021bean Vrancea au fost sesiza\u021bi, prin apel 112, cu privire la producerea unui accident rutier pe DN 24, \u00een afara ora\u0219ului M\u0103r\u0103\u0219e\u0219ti, \u00een zona Ti\u0219i\u021ba.Din primele verific\u0103ri efectuate la fa\u021ba locului, s-a stabilit c\u0103 un b\u0103rbat, \u00een v\u00e2rst\u0103 de 69 de ani, din municipiul Tecuci, jude\u021bul Gala\u021bi, \u00een timp ce conducea un autoturism din direc\u021bia Ti\u0219i\u021ba c\u0103tre Tecuci, nu ar fi p\u0103strat o distan\u021b\u0103 suficient\u0103 fa\u021b\u0103 de autoturismul care circula \u00een fa\u021ba sa, intr\u00e2nd \u00een coliziune cu acesta.\u00cen urma impactului, o femeie de 59 de ani, pasager\u0103 pe locul din st\u00e2nga spate \u00een autoturismul condus de b\u0103rbatul de 69 de ani, a suferit leziuni incompatibile cu via\u021ba.Ambii conduc\u0103tori auto au fost testa\u021bi cu aparatul etilotest, rezultatele fiind negative.Poli\u021bi\u0219tii continu\u0103 cercet\u0103rile pentru stabilirea cu exactitate a tuturor \u00eemprejur\u0103rilor \u00een care s-a produs evenimentul rutier.<\/div>\n<div><strong>Informarea de pres\u0103 actualizat\u0103, duminic\u0103, 26 iulie 2026 ora 19:11, Serviciul de SAmbulan\u021b\u0103 Jude\u021bean(SAJ) Vrancea:Accident rutier grav pe DN24, \u00een zona Ti\u0219i\u021ba. O victim\u0103 a decedat.<\/strong><\/div>\n<div>\n<div>Dispeceratul Serviciului de Ambulan\u021b\u0103 Jude\u021bean\u00a0 Vrancea a fost alertat ast\u0103zi, 26.07.2026, \u00een jurul orei 17:38, prin apel la num\u0103rul unic de urgen\u021b\u0103 112, cu privire la producerea unui accident rutier pe DN24, \u00een zona Ti\u0219i\u021ba.La locul evenimentului a fost direc\u021bionat\u0103 imediat o ambulan\u021b\u0103 cu asistent medical din cadrul Substa\u021biei M\u0103r\u0103\u0219e\u0219ti.Echipajul medical sosit la fa\u021ba locului a identificat o victim\u0103, pasager\u0103 \u00eentr-un autoturism, o femeie \u00een v\u00e2rst\u0103 de 59 de ani. Aceasta se afla \u00een stare de incon\u0219tien\u021b\u0103 \u0219i \u00een stop cardio-respirator.Personalul medical a demarat de urgen\u021b\u0103 manevrele de resuscitare cardio-respiratorie avansat\u0103. \u00cen ciuda eforturilor medicale intense, aplicate conform protocoalelor timp de 45 de minute, victima nu a r\u0103spuns pozitiv manevrelor, fiind declarat decesul la fa\u021ba locului.<\/div>\n<\/div>\n<hr>\n<div class=\"bloc-widget widget-rosu\">\n<p>\u00cen lipsa unui acord scris din partea Ziarului de Vrancea, pute\u0163i prelua maxim 500 de caractere din acest articol dac\u0103 preciza\u0163i sursa \u015fi insera\u0163i vizibil link-ul articolului:\u00a0<span>#insertcurrentlinkhere<\/span><\/p>\n<\/div>\n<div class=\"extra-articol listing-anunturi\">\n<h6>Anun\u021buri <span class=\"text-primary\">ZdV<\/span> Premium<\/h6>\n<div class=\"row\">\n<div class=\"col-lg-4 col-md-6 bloc-egal\"><a class=\"card-anunt\" href=\"https:\/\/ziaruldevrancea.ro\/anunturi\/imobiliare\/vanzari-terenuri\/vand-teren-in-panciu\"><strong class=\"titlu\">V\u00e2nz\u0103ri terenuri<\/strong><span class=\"text-anunt\">Teren Panciu 1170 mp, cu num\u0103r cas\u0103, ap\u0103&#8230;<\/span><span class=\"data-anunt\">29.07.2026  <\/span><\/a><\/div>\n<div class=\"col-lg-4 col-md-6 bloc-egal\"><a class=\"card-anunt\" href=\"https:\/\/ziaruldevrancea.ro\/anunturi\/altele\/anulare-acte\/vand-scrumbii-afumate-capturi-dunare\"><strong class=\"titlu\">Vanzari diverse<\/strong><span class=\"text-anunt\">Pret : 117 lei \/ kg . \u00a0 Este&#8230;<\/span><span class=\"data-anunt\">29.07.2026 , Gala\u021bi , Gala\u021bi<\/span><\/a><\/div>\n<div class=\"col-lg-4 col-md-6 bloc-egal\"><a class=\"card-anunt\" href=\"https:\/\/ziaruldevrancea.ro\/anunturi\/necrolog\/decese\/dumnezeu-sa-o-aseze-in-randul-celor-drepti\"><strong class=\"titlu\">Decese<\/strong><span class=\"text-anunt\">Cu profund\u0103 durere, familia anun\u021b\u0103 trecerea la&#8230;<\/span><span class=\"data-anunt\">28.07.2026  <\/span><\/a><\/div>\n<\/div>\n<\/div>\n<div class=\"extra-articol alte-articole\">\n<div class=\"row\">\n<div class=\"col-lg-6 bloc-egal\">\n<div class=\"card articol-listing\">\n<h6>\u00cen categoria <a href=\"https:\/\/ziaruldevrancea.ro\/actualitatea\/stiri-locale\">Local<\/a><\/h6>\n<div class=\"grup-articol-listing\">\n<div class=\"cont-pils\"><a href=\"https:\/\/ziaruldevrancea.ro\/actualitatea\/stiri-locale\/foto-pompierii-isu-vrancea-au-dus-lectii-de-siguranta-in-gura-calitei\"><img decoding=\"async\" src=\"https:\/\/zdvi.cname.ro\/180_135\/actualitatea\/stiri-locale\/foto-pompierii-isu-vrancea-au-dus-lectii-de-siguranta-in-gura-calitei\/mediaPool\/unTARgF.jpeg\" class=\"img-responsive img-180\" alt><\/a><\/div>\n<h2><a class=\"link-titlu\" href=\"https:\/\/ziaruldevrancea.ro\/actualitatea\/stiri-locale\/foto-pompierii-isu-vrancea-au-dus-lectii-de-siguranta-in-gura-calitei\">Foto | Pompierii ISU Vrancea au dus lec\u021bii de siguran\u021b\u0103 \u00een Gura Cali\u021bei<\/a><\/h2>\n<div class=\"date-post\"><a href=\"https:\/\/ziaruldevrancea.ro\/autor\/petre-paraschiv\">Petre Paraschiv<\/a>, 31 iul 2026  <\/div>\n<\/div>\n<div class=\"grup-articol-listing\">\n<div class=\"cont-pils\"><a href=\"https:\/\/ziaruldevrancea.ro\/actualitatea\/stiri-locale\/vrancea-soferii-cu-permis-categoria-b-care-fac-transport-contra-cost-trebuie-sa-obtina-un-document-obligatoriu.\"><img decoding=\"async\" src=\"https:\/\/zdvi.cname.ro\/180_135\/actualitatea\/stiri-locale\/vrancea-soferii-cu-permis-categoria-b-care-fac-transport-contra-cost-trebuie-sa-obtina-un-document-obligatoriu.\/mediaPool\/uABp3Hl.jpg\" class=\"img-responsive img-180\" alt><\/a><\/div>\n<h2><a class=\"link-titlu\" href=\"https:\/\/ziaruldevrancea.ro\/actualitatea\/stiri-locale\/vrancea-soferii-cu-permis-categoria-b-care-fac-transport-contra-cost-trebuie-sa-obtina-un-document-obligatoriu.\">Vrancea: \u0218oferii cu permis categoria B care fac transport contra cost trebuie s\u0103 ob\u021bin\u0103 un document obligatoriu<\/a><\/h2>\n<div class=\"date-post\"><a href=\"https:\/\/ziaruldevrancea.ro\/autor\/ionel-sclavone\">Ionel Sclavone<\/a>, 31 iul 2026  <\/div>\n<\/div>\n<div class=\"grup-articol-listing\">\n<div class=\"cont-pils\"><a href=\"https:\/\/ziaruldevrancea.ro\/actualitatea\/stiri-locale\/comisariatul-militar-din-focsani-un-simbol-al-istoriei-vrancei-renaste-prin-restaurare.-povestea-cladirii-care-a-gazduit-divizia-6-infanterie\"><img decoding=\"async\" src=\"https:\/\/zdvi.cname.ro\/180_135\/actualitatea\/stiri-locale\/comisariatul-militar-din-focsani-un-simbol-al-istoriei-vrancei-renaste-prin-restaurare.-povestea-cladirii-care-a-gazduit-divizia-6-infanterie\/mediaPool\/u5btavU.jpg\" class=\"img-responsive img-180\" alt><\/a><\/div>\n<h2><a class=\"link-titlu\" href=\"https:\/\/ziaruldevrancea.ro\/actualitatea\/stiri-locale\/comisariatul-militar-din-focsani-un-simbol-al-istoriei-vrancei-renaste-prin-restaurare.-povestea-cladirii-care-a-gazduit-divizia-6-infanterie\">Comisariatul Militar din Foc\u0219ani, un simbol al istoriei Vrancei, rena\u0219te prin restaurare. Povestea cl\u0103dirii care a g\u0103zduit Divizia 6 Infanterie<\/a><\/h2>\n<div class=\"date-post\"><a href=\"https:\/\/ziaruldevrancea.ro\/autor\/florin-marian-dirdala\">Florin Marian D\u00eerdal\u0103<\/a>, 31 iul 2026  <\/div>\n<\/div>\n<\/div>\n<\/div>\n<div class=\"col-lg-6 bloc-egal\">\n<div class=\"card articol-listing\">\n<h6>De acela\u0219i <a href=\"https:\/\/ziaruldevrancea.ro\/autor\/mircea-pavel\/\">autor<\/a><\/h6>\n<div class=\"grup-articol-listing\">\n<div class=\"cont-pils\"><a href=\"https:\/\/ziaruldevrancea.ro\/actualitatea\/viata-satului\/vrancea-apia-reaminteste-rentierilor-agricoli-ca-31-august-este-termenul-limita-pentru-vizarea-carnetelor-si-depunerea-documentelor\"><img decoding=\"async\" src=\"https:\/\/zdvi.cname.ro\/180_135\/actualitatea\/viata-satului\/vrancea-apia-reaminteste-rentierilor-agricoli-ca-31-august-este-termenul-limita-pentru-vizarea-carnetelor-si-depunerea-documentelor\/mediaPool\/ungKVmY.jpg\" class=\"img-responsive img-180\" alt><\/a><\/div>\n<h2><a class=\"link-titlu\" href=\"https:\/\/ziaruldevrancea.ro\/actualitatea\/viata-satului\/vrancea-apia-reaminteste-rentierilor-agricoli-ca-31-august-este-termenul-limita-pentru-vizarea-carnetelor-si-depunerea-documentelor\">Vrancea: APIA reaminte\u0219te rentierilor agricoli c\u0103 31 august este termenul-limit\u0103 pentru vizarea carnetelor \u0219i depunerea documentelor<\/a><\/h2>\n<div class=\"date-post\"><a href=\"https:\/\/ziaruldevrancea.ro\/autor\/mircea-pavel\">Mircea Pavel<\/a>, 31 iul 2026  <\/div>\n<\/div>\n<div class=\"grup-articol-listing\">\n<div class=\"cont-pils\"><a href=\"https:\/\/ziaruldevrancea.ro\/actualitatea\/stiri-locale\/avarie-la-uzina-de-apa-focsani\"><img decoding=\"async\" src=\"https:\/\/zdvi.cname.ro\/180_135\/actualitatea\/stiri-locale\/avarie-la-uzina-de-apa-focsani\/mediaPool\/uGwcwuU.jpg\" class=\"img-responsive img-180\" alt><\/a><\/div>\n<h2><a class=\"link-titlu\" href=\"https:\/\/ziaruldevrancea.ro\/actualitatea\/stiri-locale\/avarie-la-uzina-de-apa-focsani\">Avarie la Uzina de Ap\u0103 Foc\u0219ani<\/a><\/h2>\n<div class=\"date-post\"><a href=\"https:\/\/ziaruldevrancea.ro\/autor\/mircea-pavel\">Mircea Pavel<\/a>, 30 iul 2026  <\/div>\n<\/div>\n<div class=\"grup-articol-listing\">\n<div class=\"cont-pils\"><a href=\"https:\/\/ziaruldevrancea.ro\/actualitatea\/stiri-locale\/video-patru-tineri-pe-trotinete-electrice-filmati-in-focsani-in-timp-ce-incalca-repetat-regulile-de-circulatie\"><img decoding=\"async\" src=\"https:\/\/zdvi.cname.ro\/180_135\/actualitatea\/stiri-locale\/video-patru-tineri-pe-trotinete-electrice-filmati-in-focsani-in-timp-ce-incalca-repetat-regulile-de-circulatie\/mediaPool\/uLcMvrx.jpg\" class=\"img-responsive img-180\" alt><\/a><\/div>\n<h2><a class=\"link-titlu\" href=\"https:\/\/ziaruldevrancea.ro\/actualitatea\/stiri-locale\/video-patru-tineri-pe-trotinete-electrice-filmati-in-focsani-in-timp-ce-incalca-repetat-regulile-de-circulatie\">VIDEO | Patru tineri pe trotinete electrice, filma\u021bi \u00een Foc\u0219ani \u00een timp ce \u00eencalc\u0103 repetat regulile de circula\u021bie<\/a><\/h2>\n<div class=\"date-post\"><a href=\"https:\/\/ziaruldevrancea.ro\/autor\/mircea-pavel\">Mircea Pavel<\/a>, 30 iul 2026  <\/div>\n<\/div>\n<\/div>\n<\/div>\n<\/div>\n<\/div>\n<div class=\"extra-articol listing-anunturi\">\n<h6>Anun\u021buri <span class=\"text-primary\">ZdV<\/span> Premium<\/h6>\n<div class=\"row\">\n<div class=\"col-lg-4 col-md-6 bloc-egal\"><a class=\"card-anunt\" href=\"https:\/\/ziaruldevrancea.ro\/anunturi\/imobiliare\/vanzari-case\/vand-casa-si-teren-in-panciu-anunt-72818\"><strong class=\"titlu\">V\u00e2nz\u0103ri case<\/strong><span class=\"text-anunt\">V\u00e2nd cas\u0103 cu 2 camere, buc\u0103t\u0103rie, baie,&#8230;<\/span><span class=\"data-anunt\">23.07.2026  <\/span><\/a><\/div>\n<div class=\"col-lg-4 col-md-6 bloc-egal\"><a class=\"card-anunt\" href=\"https:\/\/ziaruldevrancea.ro\/anunturi\/angajari\/cereri-angajari\/doresc-angajare-anunt-72815\"><strong class=\"titlu\">Cereri<\/strong><span class=\"text-anunt\">Doresc s\u0103 am grij\u0103 de un copil de gradini\u021b\u0103&#8230;<\/span><span class=\"data-anunt\">21.07.2026  <\/span><\/a><\/div>\n<div class=\"col-lg-4 col-md-6 bloc-egal\"><a class=\"card-anunt\" href=\"https:\/\/ziaruldevrancea.ro\/anunturi\/inchirieri\/locuinte-oferte\/primesc-in-gazda-anunt-72816\"><strong class=\"titlu\">Locuin\u021be oferte<\/strong><span class=\"text-anunt\">\u00a0Primesc \u00een gazd\u0103 la cas\u0103.<\/p>\n<p>Tel&#8230;.<\/span><span class=\"data-anunt\">21.07.2026  <\/span><\/a><\/div>\n<\/div>\n<\/div>\n<div class=\"bloc-widget widget-albastru\">\n    Ziarul de Vrancea \u00a0nu este responsabil juridic pentru con\u0163inutul textelor din comentariile de mai jos. Responsabilitatea pentru mesajele dumneavoastra v\u0103 revine \u00een exclusivitate.\n<\/div>\n<div class=\"comentarii-articol\" id=\"comentarii\">\n<h3>Comentarii: <span class=\"text-primary\">0<\/span><\/h3>\n<p><a href=\"https:\/\/ziaruldevrancea.ro\/actualitatea\/stiri-locale\/accident-mortal-pe-dn24-in-zona-tisita-judetul-vrancea.-o-femeie-de-59-de-ani-si-a-pierdut-viata-dupa-un-impact-intre-doua-autoturisme\" class=\"btn btn-success btn-adauga-com\" data-toggle=\"modal\" data-parent=\"0\" data-target=\"#commentModal\">Adaug\u0103 comentariu<\/a><\/p>\n<div class=\"loadMask comments-mask\"><img decoding=\"async\" src=\"https:\/\/zdvs.cname.ro\/images\/loader_40.gif\"><\/div>\n<div class=\"comenteaza-jos\">Trebuie s\u0103 fii <a href=\"https:\/\/ziaruldevrancea.ro\/account\">autentificat<\/a> pentru a putea <a href=\"https:\/\/ziaruldevrancea.ro\/actualitatea\/stiri-locale\/accident-mortal-pe-dn24-in-zona-tisita-judetul-vrancea.-o-femeie-de-59-de-ani-si-a-pierdut-viata-dupa-un-impact-intre-doua-autoturisme\" class data-toggle=\"modal\" data-parent=\"0\" data-target=\"#commentModal\">posta un comentariu<\/a>.<\/div>\n<\/div>\n<div class=\"modal fade\" id=\"commentModal\" role=\"dialog\" aria-labelledby=\"commentModalLabel\">\n<div class=\"modal-dialog modal-lg\" role=\"document\">\n<div class=\"modal-content\">\n<div class=\"modal-header\">\n<h3 class=\"modal-title\" id=\"commentModalLabel\">Comenteaz\u0103<\/h3>\n<\/div>\n<div class=\"modal-body\">\n<div class=\"tabel tabel-full\">\n<div class=\"celula\">\n              Trebuie s\u0103 fii <a href=\"https:\/\/ziaruldevrancea.ro\/account\">autentificat<\/a> pentru a putea posta un comentariu.\n            <\/div>\n<\/div>\n<\/div>\n<div class=\"modal-footer\">\n<div id=\"commentPending\" class=\"formPending pull-left\"><img decoding=\"async\" src=\"https:\/\/zdvs.cname.ro\/images\/loader_40.gif\"> In curs de procesare&#8230;<\/div>\n<p><a href=\"https:\/\/ziaruldevrancea.ro\/actualitatea\/stiri-locale\/accident-mortal-pe-dn24-in-zona-tisita-judetul-vrancea.-o-femeie-de-59-de-ani-si-a-pierdut-viata-dupa-un-impact-intre-doua-autoturisme\" class=\"btn btn-default\" data-dismiss=\"modal\">Anuleaz\u0103<\/a><\/div>\n<\/div>\n<\/div>\n<\/div>\n<div class=\"modal fade\" id=\"commentReportModal\" role=\"dialog\" aria-labelledby=\"commentReportModalLabel\">\n<div class=\"modal-dialog modal-lg\" role=\"document\">\n<div class=\"modal-content\">\n<div class=\"modal-header\">\n<h3 class=\"modal-title\" id=\"commentReportModalLabel\">Raporteaza comentariu<\/h3>\n<\/div>\n<div class=\"modal-body\">\n<div class=\"tabel tabel-full\">\n<div class=\"celula\">\n              Trebuie s\u0103 fii <a href=\"https:\/\/ziaruldevrancea.ro\/account\">autentificat<\/a> pentru a putea raporta un comentariu.\n            <\/div>\n<\/div>\n<\/div>\n<div class=\"modal-footer\">\n<div id=\"commentReportPending\" class=\"formPending pull-left\"><img decoding=\"async\" src=\"https:\/\/zdvs.cname.ro\/images\/loader_40.gif\"> In curs de procesare&#8230;<\/div>\n<p><a href=\"https:\/\/ziaruldevrancea.ro\/actualitatea\/stiri-locale\/accident-mortal-pe-dn24-in-zona-tisita-judetul-vrancea.-o-femeie-de-59-de-ani-si-a-pierdut-viata-dupa-un-impact-intre-doua-autoturisme\" class=\"btn btn-default\" data-dismiss=\"modal\">Anuleaz\u0103<\/a><\/div>\n<\/div>\n<\/div>\n<\/div>\n<div class=\"modal fade\" id=\"commentLikeModal\" role=\"dialog\" aria-labelledby=\"commentLikeModalLabel\">\n<div class=\"modal-dialog modal-lg\" role=\"document\">\n<div class=\"modal-content\">\n<div class=\"modal-header\">\n<h3 class=\"modal-title\" id=\"commentReportModalLabel\">Apreciaza comentariu<\/h3>\n<\/div>\n<div class=\"modal-body\">\n<div class=\"tabel tabel-full\">\n<div class=\"celula\">\n            Trebuie s\u0103 fii <a href=\"https:\/\/ziaruldevrancea.ro\/account\">autentificat<\/a> pentru a putea aprecia un comentariu.\n          <\/div>\n<\/div>\n<\/div>\n<div class=\"modal-footer\"><a href=\"https:\/\/ziaruldevrancea.ro\/actualitatea\/stiri-locale\/accident-mortal-pe-dn24-in-zona-tisita-judetul-vrancea.-o-femeie-de-59-de-ani-si-a-pierdut-viata-dupa-un-impact-intre-doua-autoturisme\" class=\"btn btn-default\" data-dismiss=\"modal\">Anuleaz\u0103<\/a><\/div>\n<\/div>\n<\/div>\n<\/div>\n<div class=\"bloc-widget widget-rosu\"><span><small>Ziarul de Vrancea doreste ca acest site sa fie un spatiu al discutiilor civilizate, al comentariilor de bun simt. Din acest motiv, cei care posteaza comentarii la articole trebuie sa respecte urmatoarele reguli:<br \/>\n1. Sa se refere doar la articolul la care posteaza comentarii.<br \/>\n2. Sa foloseasca un limbaj civilizat, fara injurii, calomnii, comentarii antisemite, xenofobe sau rasiste.<br \/>\n3. Sunt interzise atacurile la adresa autorilor, daca acestea nu au legatura cu textul.<br \/>\n4. Username-ul sa nu fie nume de personalitati ale vietii publice sau parodieri ale acestora.<br \/>\nAutorul unui articol poate fi criticat pentru eventuale greseli, incoerenta, lipsa de documentare etc.<br \/>\nNerespectarea regulilor mentionate mai sus va duce la stergerea comentariilor, fara avertisment si fara explicatii.<br \/>\nAbaterile repetate vor avea drept consecinta interdictia accesului la aceasta facilitate a site-ului.<\/small><\/span><\/div>\n<\/div>\n<p>[analyse_source url=&#8221;https:\/\/ziaruldevrancea.ro\/actualitatea\/stiri-locale\/accident-mortal-pe-dn24-in-zona-tisita-judetul-vrancea.-o-femeie-de-59-de-ani-si-a-pierdut-viata-dupa-un-impact-intre-doua-autoturisme&#8221;]<\/p>\n","protected":false},"excerpt":{"rendered":"<p>[analyse_image type=&#8221;featured&#8221; src=&#8221;https:\/\/zdvi.cname.ro\/_\/accident-mortal-pe-dn24-in-zona-tisita-judetul-vrancea.-o-femeie-de-59-de-ani-si-a-pierdut-viata-dupa-un-impact-intre-doua-autoturisme\/mediaPool\/uCmBeiR.jpeg&#8221;] Local (Update) Accident mortal pe DN24, \u00een zona Ti\u0219i\u021ba, jude\u021bul Vrancea. O femeie de 59 de ani \u0219i-a pierdut via\u021ba dup\u0103 un impact \u00eentre dou\u0103 autoturisme Distribuie: \u00a0 | Mircea Pavel 27 iul 20261966 vizualiz\u0103ri Tragedie pe unul dintre cele mai circulate drumuri din Vrancea. Poli\u021bi\u0219tii spun c\u0103 accidentul s-ar fi produs [&hellip;]<\/p>\n","protected":false},"author":1,"featured_media":0,"comment_status":"open","ping_status":"","sticky":false,"template":"","format":"standard","meta":{"footnotes":""},"categories":[89],"tags":[226,208],"class_list":["post-2071059","post","type-post","status-publish","format-standard","hentry","category-romania","tag-crawlmanager","tag-ziaruldevrancea-ro"],"_links":{"self":[{"href":"https:\/\/analyse.optim.biz\/index.php?rest_route=\/wp\/v2\/posts\/2071059","targetHints":{"allow":["GET"]}}],"collection":[{"href":"https:\/\/analyse.optim.biz\/index.php?rest_route=\/wp\/v2\/posts"}],"about":[{"href":"https:\/\/analyse.optim.biz\/index.php?rest_route=\/wp\/v2\/types\/post"}],"author":[{"embeddable":true,"href":"https:\/\/analyse.optim.biz\/index.php?rest_route=\/wp\/v2\/users\/1"}],"replies":[{"embeddable":true,"href":"https:\/\/analyse.optim.biz\/index.php?rest_route=%2Fwp%2Fv2%2Fcomments&post=2071059"}],"version-history":[{"count":0,"href":"https:\/\/analyse.optim.biz\/index.php?rest_route=\/wp\/v2\/posts\/2071059\/revisions"}],"wp:attachment":[{"href":"https:\/\/analyse.optim.biz\/index.php?rest_route=%2Fwp%2Fv2%2Fmedia&parent=2071059"}],"wp:term":[{"taxonomy":"category","embeddable":true,"href":"https:\/\/analyse.optim.biz\/index.php?rest_route=%2Fwp%2Fv2%2Fcategories&post=2071059"},{"taxonomy":"post_tag","embeddable":true,"href":"https:\/\/analyse.optim.biz\/index.php?rest_route=%2Fwp%2Fv2%2Ftags&post=2071059"}],"curies":[{"name":"wp","href":"https:\/\/api.w.org\/{rel}","templated":true}]}}