{"id":2071054,"date":"2026-07-27T00:00:00","date_gmt":"2026-07-26T21:00:00","guid":{"rendered":"https:\/\/analyse.optim.biz\/?p=2071054"},"modified":"2026-07-27T00:00:00","modified_gmt":"2026-07-26T21:00:00","slug":"agresiune-grava-in-vrancea-un-barbat-de-36-de-ani-este-in-stare-critica-dupa-un-conflict-produs-in-comuna-ploscuteni","status":"publish","type":"post","link":"https:\/\/analyse.optim.biz\/?p=2071054","title":{"rendered":"Agresiune grav\u0103 \u00een Vrancea: un b\u0103rbat de 36 de ani este \u00een stare critic\u0103 dup\u0103 un conflict produs \u00een comuna Ploscu\u021beni"},"content":{"rendered":"<p>[analyse_image type=&#8221;featured&#8221; src=&#8221;https:\/\/zdvi.cname.ro\/_\/agresiune-grava-in-vrancea-un-barbat-de-36-de-ani-este-in-stare-critica-dupa-un-conflict-produs-in-comuna-ploscuteni\/mediaPool\/uq2yB7n.png&#8221;]<\/p>\n<div class=\"main-content detaliu-articol\"><a class=\"titlu-cat-list\" href=\"https:\/\/ziaruldevrancea.ro\/actualitatea\/stiri-locale\">Local<\/a><\/p>\n<h1>Agresiune grav\u0103 \u00een Vrancea: un b\u0103rbat de 36 de ani este \u00een stare critic\u0103 dup\u0103 un conflict produs \u00een comuna Ploscu\u021beni<\/h1>\n<div class=\"date-articol clearfix\">\n<div class=\"distribuie-articol dropdown\">\n    Distribuie: \u00a0<br \/>\n    <em>|<\/em><\/div>\n<div class=\"autor-articol\"><a href=\"https:\/\/ziaruldevrancea.ro\/autor\/nicolae-manoliu\/\"><img decoding=\"async\" class=\"img-circle\" src=\"https:\/\/zdvi.cname.ro\/50_50\/articleAuthor\/nicolae-manoliu\/articleAuthor\/u9tXyQL.PNG\" alt><\/a><\/p>\n<h5><a href=\"https:\/\/ziaruldevrancea.ro\/autor\/nicolae-manoliu\/\">Nicolae Manoliu<\/a><\/h5>\n<div class=\"grup-spatiere\"><span class=\"cu-spatiere\">27 iul 2026<\/span><span class=\"cu-spatiere\">3477 vizualiz\u0103ri<\/span><\/div>\n<\/div>\n<\/div>\n<div class=\"poza-mare\"><a href class=\"openGallery\"><img decoding=\"async\" class=\"img-responsive\" src=\"https:\/\/zdvi.cname.ro\/850_530\/agresiune-grava-in-vrancea-un-barbat-de-36-de-ani-este-in-stare-critica-dupa-un-conflict-produs-in-comuna-ploscuteni\/article\/mediaPool\/uq2yB7n.png\" alt=\"Foto:arhiva ZdV.Credit foto:ziarulunirea.ro\"><\/a><\/p>\n<div class=\"caption-poza\">Foto:arhiva ZdV.Credit foto:ziarulunirea.ro<\/div>\n<\/div>\n<p><strong>\u00a0Familia sus\u021bine c\u0103 victima se afl\u0103 \u00een com\u0103.<\/strong><\/p>\n<div><strong>IPJ Vrancea confirm\u0103 deschiderea unui dosar penal pentru lovire sau alte violen\u021be, \u00een timp ce familia victimei afirm\u0103 c\u0103 starea b\u0103rbatului este extrem de grav\u0103 \u0219i c\u0103 acesta este operat la Gala\u021bi<\/strong><\/div>\n<div>Un incident violent produs \u00een noaptea de <strong>25 spre 26 iulie 2026<\/strong>, \u00een satul <strong>Argea<\/strong>, comuna <strong>Ploscu\u021beni<\/strong>, jude\u021bul <strong>Vrancea<\/strong>, este cercetat de poli\u021bi\u0219ti, dup\u0103 ce un b\u0103rbat de 36 de ani a ajuns la spital cu r\u0103ni grave \u00een urma unei agresiuni.<\/div>\n<div>\n<div>\n<div>\n<div>\n<div dir=\"auto\">\n<div>\n<div>\n<p><img decoding=\"async\" alt src=\"https:\/\/zdvi.cname.ro\/_\/mediaPool-file\/mediaPool\/u5IfUTf.jpeg\"><\/p>\n<p>Potrivit informa\u021biilor transmise duminic\u0103 diminea\u021b\u0103 redac\u021biei <strong>Ziarului de Vrancea<\/strong> de c\u0103tre un cititor care s-a prezentat drept fratele victimei, b\u0103rbatul agresat este <strong>Daniel Marius Dr\u0103galai( foto)<\/strong>, tat\u0103 a patru copii.<\/p>\n<p><img decoding=\"async\" alt src=\"https:\/\/zdvi.cname.ro\/_\/mediaPool-file\/mediaPool\/ubYf6em.jpeg\"><\/p>\n<p>Acesta ( n.r. fratele victimei)sus\u021bine c\u0103 agresiunea ar fi fost comis\u0103 de un t\u00e2n\u0103r din localitate, identificat de familie ca <strong>Florin Liviu ( foto)<\/strong>, despre care afirm\u0103 c\u0103 ar mai fi avut anterior comportamente violente fa\u021b\u0103 de al\u021bi cons\u0103teni. Aceste afirma\u021bii reprezint\u0103 declara\u021biile apar\u021bin\u0103torului \u0219i nu au fost confirmate de autorit\u0103\u021bi.<\/p>\n<p>La ora <strong>15:17<\/strong>, fratele victimei a declarat pentru <strong>Ziarul de Vrancea<\/strong>:<\/p>\n<blockquote>\n<p>\u201e<strong>Tat\u0103l a 4 copii, acum e \u00een com\u0103 de gradul 6 la Gala\u021bi, e \u00een opera\u021bie. Doctorii nu-i dau \u0219anse multe de supravie\u021buire.\u201d<\/strong><\/p>\n<\/blockquote>\n<p>Informa\u021biile referitoare la starea medical\u0103 a victimei provin exclusiv din declara\u021biile familiei. P\u00e2n\u0103 la momentul redact\u0103rii acestui articol, unitatea medical\u0103 nu a transmis un comunicat oficial privind diagnosticul sau prognosticul pacientului.<\/p>\n<p><strong>Ziarul de Vrancea a solicitat un punct de vedere oficial IPJ Vrancea<\/strong><\/p>\n<p>Pentru verificarea informa\u021biilor, <strong>Ziarul de Vrancea<\/strong> a solicitat duminic\u0103, <strong>26 iulie 2026<\/strong>, la ora <strong>11:47<\/strong>, un punct de vedere din partea purt\u0103torului de cuv\u00e2nt al <strong>Inspectoratului de Poli\u021bie Jude\u021bean Vrancea<\/strong>, solicit\u00e2nd detalii despre incident \u0219i starea cercet\u0103rilor.<\/p>\n<p>La ora <strong>14:47<\/strong>, reprezentantul IPJ Vrancea a transmis urm\u0103torul r\u0103spuns:<\/p>\n<blockquote>\n<p><strong>\u201eLa data de 25 iulie a.c., poli\u021bi\u0219tii din cadrul Sec\u021biei 4 Poli\u021bie Rural\u0103 Adjud au fost sesiza\u021bi, prin apel 112, cu privire la un conflict spontan produs pe un drum public din comuna Ploscu\u021beni.Din verific\u0103rile efectuate a reie\u0219it c\u0103, pe fondul consumului de alcool, un t\u00e2n\u0103r de 21 de ani l-ar fi agresat fizic pe un b\u0103rbat de 36 de ani. Persoana v\u0103t\u0103mat\u0103 a fost transportat\u0103 la spital pentru acordarea de \u00eengrijiri medicale.\u00cen cauz\u0103 a fost \u00eentocmit dosar penal sub aspectul s\u0103v\u00e2r\u0219irii infrac\u021biunii de lovirea sau alte violen\u021be, cercet\u0103rile fiind continuate pentru stabilirea tuturor \u00eemprejur\u0103rilor producerii evenimentului.<\/strong>\u201d<\/p>\n<\/blockquote>\n<p>Din comunicatul transmis de IPJ Vrancea rezult\u0103 c\u0103, \u00een acest moment, cauza este cercetat\u0103 sub aspectul infrac\u021biunii de <strong>lovirea sau alte violen\u021be<\/strong>, iar ancheta este \u00een desf\u0103\u0219urare. \u00cencadrarea juridic\u0103 poate fi modificat\u0103 ulterior, \u00een func\u021bie de concluziile cercet\u0103rilor \u0219i de evolu\u021bia st\u0103rii de s\u0103n\u0103tate a victimei.<\/p>\n<p>Ziarul de Vrancea va urm\u0103ri evolu\u021bia acestui caz \u0219i va publica noi informa\u021bii imediat ce vor fi comunicate oficial de autorit\u0103\u021bile competente sau de unit\u0103\u021bile medicale implicate.<\/p>\n<p><strong>Nicolae Manoliu\u00a0<\/strong><\/p>\n<\/div>\n<\/div>\n<\/div>\n<\/div>\n<\/div>\n<\/div>\n<\/div>\n<hr>\n<div class=\"bloc-widget widget-rosu\">\n<p>\u00cen lipsa unui acord scris din partea Ziarului de Vrancea, pute\u0163i prelua maxim 500 de caractere din acest articol dac\u0103 preciza\u0163i sursa \u015fi insera\u0163i vizibil link-ul articolului:\u00a0<span>#insertcurrentlinkhere<\/span><\/p>\n<\/div>\n<div class=\"extra-articol listing-anunturi\">\n<h6>Anun\u021buri <span class=\"text-primary\">ZdV<\/span> Premium<\/h6>\n<div class=\"row\">\n<div class=\"col-lg-4 col-md-6 bloc-egal\"><a class=\"card-anunt\" href=\"https:\/\/ziaruldevrancea.ro\/anunturi\/imobiliare\/vanzari-terenuri\/vand-teren-in-panciu\"><strong class=\"titlu\">V\u00e2nz\u0103ri terenuri<\/strong><span class=\"text-anunt\">Teren Panciu 1170 mp, cu num\u0103r cas\u0103, ap\u0103&#8230;<\/span><span class=\"data-anunt\">29.07.2026  <\/span><\/a><\/div>\n<div class=\"col-lg-4 col-md-6 bloc-egal\"><a class=\"card-anunt\" href=\"https:\/\/ziaruldevrancea.ro\/anunturi\/altele\/anulare-acte\/vand-scrumbii-afumate-capturi-dunare\"><strong class=\"titlu\">Vanzari diverse<\/strong><span class=\"text-anunt\">Pret : 117 lei \/ kg . \u00a0 Este&#8230;<\/span><span class=\"data-anunt\">29.07.2026 , Gala\u021bi , Gala\u021bi<\/span><\/a><\/div>\n<div class=\"col-lg-4 col-md-6 bloc-egal\"><a class=\"card-anunt\" href=\"https:\/\/ziaruldevrancea.ro\/anunturi\/necrolog\/decese\/dumnezeu-sa-o-aseze-in-randul-celor-drepti\"><strong class=\"titlu\">Decese<\/strong><span class=\"text-anunt\">Cu profund\u0103 durere, familia anun\u021b\u0103 trecerea la&#8230;<\/span><span class=\"data-anunt\">28.07.2026  <\/span><\/a><\/div>\n<\/div>\n<\/div>\n<div class=\"extra-articol alte-articole\">\n<div class=\"row\">\n<div class=\"col-lg-6 bloc-egal\">\n<div class=\"card articol-listing\">\n<h6>\u00cen categoria <a href=\"https:\/\/ziaruldevrancea.ro\/actualitatea\/stiri-locale\">Local<\/a><\/h6>\n<div class=\"grup-articol-listing\">\n<div class=\"cont-pils\"><a href=\"https:\/\/ziaruldevrancea.ro\/actualitatea\/stiri-locale\/foto-pompierii-isu-vrancea-au-dus-lectii-de-siguranta-in-gura-calitei\"><img decoding=\"async\" src=\"https:\/\/zdvi.cname.ro\/180_135\/actualitatea\/stiri-locale\/foto-pompierii-isu-vrancea-au-dus-lectii-de-siguranta-in-gura-calitei\/mediaPool\/unTARgF.jpeg\" class=\"img-responsive img-180\" alt><\/a><\/div>\n<h2><a class=\"link-titlu\" href=\"https:\/\/ziaruldevrancea.ro\/actualitatea\/stiri-locale\/foto-pompierii-isu-vrancea-au-dus-lectii-de-siguranta-in-gura-calitei\">Foto | Pompierii ISU Vrancea au dus lec\u021bii de siguran\u021b\u0103 \u00een Gura Cali\u021bei<\/a><\/h2>\n<div class=\"date-post\"><a href=\"https:\/\/ziaruldevrancea.ro\/autor\/petre-paraschiv\">Petre Paraschiv<\/a>, 31 iul 2026  <\/div>\n<\/div>\n<div class=\"grup-articol-listing\">\n<div class=\"cont-pils\"><a href=\"https:\/\/ziaruldevrancea.ro\/actualitatea\/stiri-locale\/vrancea-soferii-cu-permis-categoria-b-care-fac-transport-contra-cost-trebuie-sa-obtina-un-document-obligatoriu.\"><img decoding=\"async\" src=\"https:\/\/zdvi.cname.ro\/180_135\/actualitatea\/stiri-locale\/vrancea-soferii-cu-permis-categoria-b-care-fac-transport-contra-cost-trebuie-sa-obtina-un-document-obligatoriu.\/mediaPool\/uABp3Hl.jpg\" class=\"img-responsive img-180\" alt><\/a><\/div>\n<h2><a class=\"link-titlu\" href=\"https:\/\/ziaruldevrancea.ro\/actualitatea\/stiri-locale\/vrancea-soferii-cu-permis-categoria-b-care-fac-transport-contra-cost-trebuie-sa-obtina-un-document-obligatoriu.\">Vrancea: \u0218oferii cu permis categoria B care fac transport contra cost trebuie s\u0103 ob\u021bin\u0103 un document obligatoriu<\/a><\/h2>\n<div class=\"date-post\"><a href=\"https:\/\/ziaruldevrancea.ro\/autor\/ionel-sclavone\">Ionel Sclavone<\/a>, 31 iul 2026  <\/div>\n<\/div>\n<div class=\"grup-articol-listing\">\n<div class=\"cont-pils\"><a href=\"https:\/\/ziaruldevrancea.ro\/actualitatea\/stiri-locale\/comisariatul-militar-din-focsani-un-simbol-al-istoriei-vrancei-renaste-prin-restaurare.-povestea-cladirii-care-a-gazduit-divizia-6-infanterie\"><img decoding=\"async\" src=\"https:\/\/zdvi.cname.ro\/180_135\/actualitatea\/stiri-locale\/comisariatul-militar-din-focsani-un-simbol-al-istoriei-vrancei-renaste-prin-restaurare.-povestea-cladirii-care-a-gazduit-divizia-6-infanterie\/mediaPool\/u5btavU.jpg\" class=\"img-responsive img-180\" alt><\/a><\/div>\n<h2><a class=\"link-titlu\" href=\"https:\/\/ziaruldevrancea.ro\/actualitatea\/stiri-locale\/comisariatul-militar-din-focsani-un-simbol-al-istoriei-vrancei-renaste-prin-restaurare.-povestea-cladirii-care-a-gazduit-divizia-6-infanterie\">Comisariatul Militar din Foc\u0219ani, un simbol al istoriei Vrancei, rena\u0219te prin restaurare. Povestea cl\u0103dirii care a g\u0103zduit Divizia 6 Infanterie<\/a><\/h2>\n<div class=\"date-post\"><a href=\"https:\/\/ziaruldevrancea.ro\/autor\/florin-marian-dirdala\">Florin Marian D\u00eerdal\u0103<\/a>, 31 iul 2026  <\/div>\n<\/div>\n<\/div>\n<\/div>\n<div class=\"col-lg-6 bloc-egal\">\n<div class=\"card articol-listing\">\n<h6>De acela\u0219i <a href=\"https:\/\/ziaruldevrancea.ro\/autor\/nicolae-manoliu\/\">autor<\/a><\/h6>\n<div class=\"grup-articol-listing\">\n<div class=\"cont-pils\"><a href=\"https:\/\/ziaruldevrancea.ro\/actualitatea\/stiri-locale\/consiliul-local-focsani-a-aprobat-transformarea-teatrului-maior-gheorghe-pastia-din-teatru-de-repertoriu-in-teatru-de-proiecte\"><img decoding=\"async\" src=\"https:\/\/zdvi.cname.ro\/180_135\/actualitatea\/stiri-locale\/consiliul-local-focsani-a-aprobat-transformarea-teatrului-maior-gheorghe-pastia-din-teatru-de-repertoriu-in-teatru-de-proiecte\/mediaPool\/ud81Wmv.jpg\" class=\"img-responsive img-180\" alt><\/a><\/div>\n<h2><a class=\"link-titlu\" href=\"https:\/\/ziaruldevrancea.ro\/actualitatea\/stiri-locale\/consiliul-local-focsani-a-aprobat-transformarea-teatrului-maior-gheorghe-pastia-din-teatru-de-repertoriu-in-teatru-de-proiecte\">Consiliul Local Foc\u0219ani a aprobat transformarea Teatrului \u201eMaior Gheorghe Pastia\u201d din teatru de repertoriu \u00een teatru de proiecte<\/a><\/h2>\n<div class=\"date-post\"><a href=\"https:\/\/ziaruldevrancea.ro\/autor\/nicolae-manoliu\">Nicolae Manoliu<\/a>, 31 iul 2026  <\/div>\n<\/div>\n<div class=\"grup-articol-listing\">\n<div class=\"cont-pils\"><a href=\"https:\/\/ziaruldevrancea.ro\/actualitatea\/stiri-locale\/descinderi-ale-politistilor-la-primaria-panciu.ipj-vrancea-confirma-un-dosar-penal-pentru-abuz-in-serviciu-delapidare-si-alte-infractiuni\"><img decoding=\"async\" src=\"https:\/\/zdvi.cname.ro\/180_135\/actualitatea\/stiri-locale\/descinderi-ale-politistilor-la-primaria-panciu.ipj-vrancea-confirma-un-dosar-penal-pentru-abuz-in-serviciu-delapidare-si-alte-infractiuni\/mediaPool\/ufn5cDV.jpg\" class=\"img-responsive img-180\" alt><\/a><\/div>\n<h2><a class=\"link-titlu\" href=\"https:\/\/ziaruldevrancea.ro\/actualitatea\/stiri-locale\/descinderi-ale-politistilor-la-primaria-panciu.ipj-vrancea-confirma-un-dosar-penal-pentru-abuz-in-serviciu-delapidare-si-alte-infractiuni\">Descinderi ale poli\u021bi\u0219tilor la Prim\u0103ria Panciu.IPJ Vrancea confirm\u0103 un dosar penal pentru abuz \u00een serviciu, delapidare \u0219i alte infrac\u021biuni<\/a><\/h2>\n<div class=\"date-post\"><a href=\"https:\/\/ziaruldevrancea.ro\/autor\/nicolae-manoliu\">Nicolae Manoliu<\/a>, 30 iul 2026  <\/div>\n<\/div>\n<div class=\"grup-articol-listing\">\n<div class=\"cont-pils\"><a href=\"https:\/\/ziaruldevrancea.ro\/actualitatea\/stiri-locale\/20-de-ani-de-la-tragedia-care-a-indoliat-vrancea\"><img decoding=\"async\" src=\"https:\/\/zdvi.cname.ro\/180_135\/actualitatea\/stiri-locale\/20-de-ani-de-la-tragedia-care-a-indoliat-vrancea\/mediaPool\/uZKmDUo.png\" class=\"img-responsive img-180\" alt><\/a><\/div>\n<h2><a class=\"link-titlu\" href=\"https:\/\/ziaruldevrancea.ro\/actualitatea\/stiri-locale\/20-de-ani-de-la-tragedia-care-a-indoliat-vrancea\">VIDEO | 20 de ani de la tragedia care a \u00eendoliat Vrancea<\/a><\/h2>\n<div class=\"date-post\"><a href=\"https:\/\/ziaruldevrancea.ro\/autor\/nicolae-manoliu\">Nicolae Manoliu<\/a>, 28 iul 2026  <\/div>\n<\/div>\n<\/div>\n<\/div>\n<\/div>\n<\/div>\n<div class=\"extra-articol listing-anunturi\">\n<h6>Anun\u021buri <span class=\"text-primary\">ZdV<\/span> Premium<\/h6>\n<div class=\"row\">\n<div class=\"col-lg-4 col-md-6 bloc-egal\"><a class=\"card-anunt\" href=\"https:\/\/ziaruldevrancea.ro\/anunturi\/imobiliare\/vanzari-case\/vand-casa-si-teren-in-panciu-anunt-72818\"><strong class=\"titlu\">V\u00e2nz\u0103ri case<\/strong><span class=\"text-anunt\">V\u00e2nd cas\u0103 cu 2 camere, buc\u0103t\u0103rie, baie,&#8230;<\/span><span class=\"data-anunt\">23.07.2026  <\/span><\/a><\/div>\n<div class=\"col-lg-4 col-md-6 bloc-egal\"><a class=\"card-anunt\" href=\"https:\/\/ziaruldevrancea.ro\/anunturi\/angajari\/cereri-angajari\/doresc-angajare-anunt-72815\"><strong class=\"titlu\">Cereri<\/strong><span class=\"text-anunt\">Doresc s\u0103 am grij\u0103 de un copil de gradini\u021b\u0103&#8230;<\/span><span class=\"data-anunt\">21.07.2026  <\/span><\/a><\/div>\n<div class=\"col-lg-4 col-md-6 bloc-egal\"><a class=\"card-anunt\" href=\"https:\/\/ziaruldevrancea.ro\/anunturi\/inchirieri\/locuinte-oferte\/primesc-in-gazda-anunt-72816\"><strong class=\"titlu\">Locuin\u021be oferte<\/strong><span class=\"text-anunt\">\u00a0Primesc \u00een gazd\u0103 la cas\u0103.<\/p>\n<p>Tel&#8230;.<\/span><span class=\"data-anunt\">21.07.2026  <\/span><\/a><\/div>\n<\/div>\n<\/div>\n<div class=\"bloc-widget widget-albastru\">\n    Ziarul de Vrancea \u00a0nu este responsabil juridic pentru con\u0163inutul textelor din comentariile de mai jos. Responsabilitatea pentru mesajele dumneavoastra v\u0103 revine \u00een exclusivitate.\n<\/div>\n<div class=\"comentarii-articol\" id=\"comentarii\">\n<h3>Comentarii: <span class=\"text-primary\">0<\/span><\/h3>\n<p><a href=\"https:\/\/ziaruldevrancea.ro\/actualitatea\/stiri-locale\/agresiune-grava-in-vrancea-un-barbat-de-36-de-ani-este-in-stare-critica-dupa-un-conflict-produs-in-comuna-ploscuteni\" class=\"btn btn-success btn-adauga-com\" data-toggle=\"modal\" data-parent=\"0\" data-target=\"#commentModal\">Adaug\u0103 comentariu<\/a><\/p>\n<div class=\"loadMask comments-mask\"><img decoding=\"async\" src=\"https:\/\/zdvs.cname.ro\/images\/loader_40.gif\"><\/div>\n<div class=\"comenteaza-jos\">Trebuie s\u0103 fii <a href=\"https:\/\/ziaruldevrancea.ro\/account\">autentificat<\/a> pentru a putea <a href=\"https:\/\/ziaruldevrancea.ro\/actualitatea\/stiri-locale\/agresiune-grava-in-vrancea-un-barbat-de-36-de-ani-este-in-stare-critica-dupa-un-conflict-produs-in-comuna-ploscuteni\" class data-toggle=\"modal\" data-parent=\"0\" data-target=\"#commentModal\">posta un comentariu<\/a>.<\/div>\n<\/div>\n<div class=\"modal fade\" id=\"commentModal\" role=\"dialog\" aria-labelledby=\"commentModalLabel\">\n<div class=\"modal-dialog modal-lg\" role=\"document\">\n<div class=\"modal-content\">\n<div class=\"modal-header\">\n<h3 class=\"modal-title\" id=\"commentModalLabel\">Comenteaz\u0103<\/h3>\n<\/div>\n<div class=\"modal-body\">\n<div class=\"tabel tabel-full\">\n<div class=\"celula\">\n              Trebuie s\u0103 fii <a href=\"https:\/\/ziaruldevrancea.ro\/account\">autentificat<\/a> pentru a putea posta un comentariu.\n            <\/div>\n<\/div>\n<\/div>\n<div class=\"modal-footer\">\n<div id=\"commentPending\" class=\"formPending pull-left\"><img decoding=\"async\" src=\"https:\/\/zdvs.cname.ro\/images\/loader_40.gif\"> In curs de procesare&#8230;<\/div>\n<p><a href=\"https:\/\/ziaruldevrancea.ro\/actualitatea\/stiri-locale\/agresiune-grava-in-vrancea-un-barbat-de-36-de-ani-este-in-stare-critica-dupa-un-conflict-produs-in-comuna-ploscuteni\" class=\"btn btn-default\" data-dismiss=\"modal\">Anuleaz\u0103<\/a><\/div>\n<\/div>\n<\/div>\n<\/div>\n<div class=\"modal fade\" id=\"commentReportModal\" role=\"dialog\" aria-labelledby=\"commentReportModalLabel\">\n<div class=\"modal-dialog modal-lg\" role=\"document\">\n<div class=\"modal-content\">\n<div class=\"modal-header\">\n<h3 class=\"modal-title\" id=\"commentReportModalLabel\">Raporteaza comentariu<\/h3>\n<\/div>\n<div class=\"modal-body\">\n<div class=\"tabel tabel-full\">\n<div class=\"celula\">\n              Trebuie s\u0103 fii <a href=\"https:\/\/ziaruldevrancea.ro\/account\">autentificat<\/a> pentru a putea raporta un comentariu.\n            <\/div>\n<\/div>\n<\/div>\n<div class=\"modal-footer\">\n<div id=\"commentReportPending\" class=\"formPending pull-left\"><img decoding=\"async\" src=\"https:\/\/zdvs.cname.ro\/images\/loader_40.gif\"> In curs de procesare&#8230;<\/div>\n<p><a href=\"https:\/\/ziaruldevrancea.ro\/actualitatea\/stiri-locale\/agresiune-grava-in-vrancea-un-barbat-de-36-de-ani-este-in-stare-critica-dupa-un-conflict-produs-in-comuna-ploscuteni\" class=\"btn btn-default\" data-dismiss=\"modal\">Anuleaz\u0103<\/a><\/div>\n<\/div>\n<\/div>\n<\/div>\n<div class=\"modal fade\" id=\"commentLikeModal\" role=\"dialog\" aria-labelledby=\"commentLikeModalLabel\">\n<div class=\"modal-dialog modal-lg\" role=\"document\">\n<div class=\"modal-content\">\n<div class=\"modal-header\">\n<h3 class=\"modal-title\" id=\"commentReportModalLabel\">Apreciaza comentariu<\/h3>\n<\/div>\n<div class=\"modal-body\">\n<div class=\"tabel tabel-full\">\n<div class=\"celula\">\n            Trebuie s\u0103 fii <a href=\"https:\/\/ziaruldevrancea.ro\/account\">autentificat<\/a> pentru a putea aprecia un comentariu.\n          <\/div>\n<\/div>\n<\/div>\n<div class=\"modal-footer\"><a href=\"https:\/\/ziaruldevrancea.ro\/actualitatea\/stiri-locale\/agresiune-grava-in-vrancea-un-barbat-de-36-de-ani-este-in-stare-critica-dupa-un-conflict-produs-in-comuna-ploscuteni\" class=\"btn btn-default\" data-dismiss=\"modal\">Anuleaz\u0103<\/a><\/div>\n<\/div>\n<\/div>\n<\/div>\n<div class=\"bloc-widget widget-rosu\"><span><small>Ziarul de Vrancea doreste ca acest site sa fie un spatiu al discutiilor civilizate, al comentariilor de bun simt. Din acest motiv, cei care posteaza comentarii la articole trebuie sa respecte urmatoarele reguli:<br \/>\n1. Sa se refere doar la articolul la care posteaza comentarii.<br \/>\n2. Sa foloseasca un limbaj civilizat, fara injurii, calomnii, comentarii antisemite, xenofobe sau rasiste.<br \/>\n3. Sunt interzise atacurile la adresa autorilor, daca acestea nu au legatura cu textul.<br \/>\n4. Username-ul sa nu fie nume de personalitati ale vietii publice sau parodieri ale acestora.<br \/>\nAutorul unui articol poate fi criticat pentru eventuale greseli, incoerenta, lipsa de documentare etc.<br \/>\nNerespectarea regulilor mentionate mai sus va duce la stergerea comentariilor, fara avertisment si fara explicatii.<br \/>\nAbaterile repetate vor avea drept consecinta interdictia accesului la aceasta facilitate a site-ului.<\/small><\/span><\/div>\n<\/div>\n<p>[analyse_source url=&#8221;https:\/\/ziaruldevrancea.ro\/actualitatea\/stiri-locale\/agresiune-grava-in-vrancea-un-barbat-de-36-de-ani-este-in-stare-critica-dupa-un-conflict-produs-in-comuna-ploscuteni&#8221;]<\/p>\n","protected":false},"excerpt":{"rendered":"<p>[analyse_image type=&#8221;featured&#8221; src=&#8221;https:\/\/zdvi.cname.ro\/_\/agresiune-grava-in-vrancea-un-barbat-de-36-de-ani-este-in-stare-critica-dupa-un-conflict-produs-in-comuna-ploscuteni\/mediaPool\/uq2yB7n.png&#8221;] Local Agresiune grav\u0103 \u00een Vrancea: un b\u0103rbat de 36 de ani este \u00een stare critic\u0103 dup\u0103 un conflict produs \u00een comuna Ploscu\u021beni Distribuie: \u00a0 | Nicolae Manoliu 27 iul 20263477 vizualiz\u0103ri Foto:arhiva ZdV.Credit foto:ziarulunirea.ro \u00a0Familia sus\u021bine c\u0103 victima se afl\u0103 \u00een com\u0103. IPJ Vrancea confirm\u0103 deschiderea unui dosar penal pentru lovire sau [&hellip;]<\/p>\n","protected":false},"author":1,"featured_media":0,"comment_status":"open","ping_status":"","sticky":false,"template":"","format":"standard","meta":{"footnotes":""},"categories":[89],"tags":[226,208],"class_list":["post-2071054","post","type-post","status-publish","format-standard","hentry","category-romania","tag-crawlmanager","tag-ziaruldevrancea-ro"],"_links":{"self":[{"href":"https:\/\/analyse.optim.biz\/index.php?rest_route=\/wp\/v2\/posts\/2071054","targetHints":{"allow":["GET"]}}],"collection":[{"href":"https:\/\/analyse.optim.biz\/index.php?rest_route=\/wp\/v2\/posts"}],"about":[{"href":"https:\/\/analyse.optim.biz\/index.php?rest_route=\/wp\/v2\/types\/post"}],"author":[{"embeddable":true,"href":"https:\/\/analyse.optim.biz\/index.php?rest_route=\/wp\/v2\/users\/1"}],"replies":[{"embeddable":true,"href":"https:\/\/analyse.optim.biz\/index.php?rest_route=%2Fwp%2Fv2%2Fcomments&post=2071054"}],"version-history":[{"count":0,"href":"https:\/\/analyse.optim.biz\/index.php?rest_route=\/wp\/v2\/posts\/2071054\/revisions"}],"wp:attachment":[{"href":"https:\/\/analyse.optim.biz\/index.php?rest_route=%2Fwp%2Fv2%2Fmedia&parent=2071054"}],"wp:term":[{"taxonomy":"category","embeddable":true,"href":"https:\/\/analyse.optim.biz\/index.php?rest_route=%2Fwp%2Fv2%2Fcategories&post=2071054"},{"taxonomy":"post_tag","embeddable":true,"href":"https:\/\/analyse.optim.biz\/index.php?rest_route=%2Fwp%2Fv2%2Ftags&post=2071054"}],"curies":[{"name":"wp","href":"https:\/\/api.w.org\/{rel}","templated":true}]}}