{"id":2071052,"date":"2026-07-27T00:00:00","date_gmt":"2026-07-26T21:00:00","guid":{"rendered":"https:\/\/analyse.optim.biz\/?p=2071052"},"modified":"2026-07-27T00:00:00","modified_gmt":"2026-07-26T21:00:00","slug":"comunitatea-din-panciu-isi-ia-ramas-bun-de-la-luca-andronic-campion-european-tanarul-care-visa-sa-devina-medic","status":"publish","type":"post","link":"https:\/\/analyse.optim.biz\/?p=2071052","title":{"rendered":"Comunitatea din Panciu \u00ee\u0219i ia r\u0103mas-bun de la Luca Andronic, campion european t\u00e2n\u0103rul care visa s\u0103 devin\u0103 medic"},"content":{"rendered":"<p>[analyse_image type=&#8221;featured&#8221; src=&#8221;https:\/\/zdvi.cname.ro\/_\/comunitatea-din-panciu-isi-ia-ramas-bun-de-la-luca-andronic-campion-european-si-tanarul-care-visa-sa-devina-medic\/mediaPool\/uXEIIvu.jpg&#8221;]<\/p>\n<div class=\"main-content detaliu-articol\"><a class=\"titlu-cat-list\" href=\"https:\/\/ziaruldevrancea.ro\/actualitatea\/stiri-locale\">Local<\/a><\/p>\n<h1>Comunitatea din Panciu \u00ee\u0219i ia r\u0103mas-bun de la Luca Andronic, campion european t\u00e2n\u0103rul care visa s\u0103 devin\u0103 medic<\/h1>\n<div class=\"date-articol clearfix\">\n<div class=\"distribuie-articol dropdown\">\n    Distribuie: \u00a0<br \/>\n    <em>|<\/em><\/div>\n<div class=\"autor-articol\"><a href=\"https:\/\/ziaruldevrancea.ro\/autor\/nicolae-manoliu\/\"><img decoding=\"async\" class=\"img-circle\" src=\"https:\/\/zdvi.cname.ro\/50_50\/articleAuthor\/nicolae-manoliu\/articleAuthor\/u9tXyQL.PNG\" alt><\/a><\/p>\n<h5><a href=\"https:\/\/ziaruldevrancea.ro\/autor\/nicolae-manoliu\/\">Nicolae Manoliu<\/a><\/h5>\n<div class=\"grup-spatiere\"><span class=\"cu-spatiere\">27 iul 2026<\/span><span class=\"cu-spatiere\">4732 vizualiz\u0103ri<\/span><\/div>\n<\/div>\n<\/div>\n<div class=\"poza-mare\"><a href class=\"openGallery\"><img decoding=\"async\" class=\"img-responsive\" src=\"https:\/\/zdvi.cname.ro\/850_530\/comunitatea-din-panciu-isi-ia-ramas-bun-de-la-luca-andronic-campion-european-si-tanarul-care-visa-sa-devina-medic\/article\/mediaPool\/uXEIIvu.jpg\" alt><\/a><\/div>\n<p>\u200b<strong>Mesaje de durere din partea Casei de Cultur\u0103 \u201eMihai Eminescu\u201d Panciu \u0219i a Federa\u021biei de Cheer Sport din Rom\u00e2nia, dup\u0103 moartea tragic\u0103 a lui Luca Andronic \u00een accidentul de pe DJ 204E<\/strong><\/p>\n<p><strong>Panciu, Vrancea<\/strong>\u00a0\u2013 Valul de emo\u021bie provocat de moartea lui <strong>Luca Andronic<\/strong>, t\u00e2n\u0103rul de 18 ani care \u0219i-a pierdut via\u021ba \u00een accidentul rutier produs \u00een noaptea de 24 spre 25 iulie pe DJ 204E, \u00eentre Panciu \u0219i Haret, continu\u0103 s\u0103 cuprind\u0103 \u00eentreaga comunitate vr\u00e2ncean\u0103. Dup\u0103 mesajele colegilor, profesorilor \u0219i prietenilor, au venit \u0219i reac\u021biile oficiale ale <strong>Casei de Cultur\u0103 \u201eMihai Eminescu\u201d Panciu<\/strong> \u0219i ale <strong>Federa\u021biei de Cheer Sport din Rom\u00e2nia<\/strong>, care au adus un ultim omagiu sportivului ce a reprezentat Rom\u00e2nia la nivel interna\u021bional.<\/p>\n<p>\u00centr-o postare publicat\u0103 s\u00e2mb\u0103t\u0103, 25 iulie, la ora 16:35, Casa de Cultur\u0103 \u201eMihai Eminescu\u201d Panciu evoc\u0103 destinul fr\u00e2nt al unui t\u00e2n\u0103r aflat la \u00eenceput de drum.<\/p>\n<p>Potrivit mesajului, Luca avea doar 18 ani \u0219i \u00ee\u0219i construia viitorul cu \u00eencredere. Tocmai absolvise Liceul Teoretic \u201eIoan Slavici\u201d Panciu, promo\u021bia 2026, iar dup\u0103 promovarea examenului de Bacalaureat urma s\u0103 sus\u021bin\u0103 admiterea la Facultatea de Medicin\u0103, vis pe care \u00eel preg\u0103tise cu seriozitate.<\/p>\n<p>Institu\u021bia aminte\u0219te c\u0103, dincolo de rezultatele \u0219colare, Luca Andronic era apreciat pentru caracterul s\u0103u.<\/p>\n<blockquote>\n<p><strong>\u201ePentru colegi, ai fost omul pe care te puteai baza \u0219i prietenul care \u0219tia s\u0103-\u021bi fie mereu aproape. Pentru toat\u0103 lumea, ai fost b\u0103iatul respectuos, bun \u0219i vesel pe care nu aveai cum s\u0103 nu-l \u00eendr\u0103ge\u0219ti\u201d, <\/strong>se arat\u0103 \u00een mesajul de r\u0103mas-bun.<\/p>\n<\/blockquote>\n<p><strong>Campion na\u021bional \u0219i campion european cu Team Romania<\/strong><\/p>\n<p>Mesajul readuce \u00een aten\u021bie \u0219i parcursul sportiv al lui Luca Andronic.<\/p>\n<p>Timp de trei ani a f\u0103cut parte din <strong>Trupa de Majorete \u201eEagles\u201d Panciu<\/strong>, al\u0103turi de care a devenit campion na\u021bional. \u00cen anul 2023 a fost selectat \u00een <strong>Team Romania<\/strong>, lotul na\u021bional coordonat de Federa\u021bia de Cheer Sport din Rom\u00e2nia, reprezent\u00e2nd \u021bara la Campionatul European desf\u0103\u0219urat la <strong>Verona, Italia<\/strong>.<\/p>\n<p>Acolo, echipa Rom\u00e2niei a cucerit <strong>medalia de aur \u0219i titlul european<\/strong>, performan\u021b\u0103 care l-a transformat pe Luca \u00eentr-unul dintre tinerii sportivi vr\u00e2nceni care au reprezentat Rom\u00e2nia la cel mai \u00eenalt nivel continental.<\/p>\n<p><strong>\u201eAi purtat numele vulturilor pe tricou, dar de azi vei purta aripile lor cu adev\u0103rat\u201d<\/strong>, au scris <strong>reprezentan\u021bii Casei de Cultur\u0103<\/strong> \u00eentr-un mesaj profund emo\u021bionant.<\/p>\n<p><strong>Federa\u021bia de Cheer Sport: \u201eVa r\u0103m\u00e2ne \u00een amintirea noastr\u0103\u201d<\/strong><\/p>\n<p>La c\u00e2teva ore distan\u021b\u0103, la ora 19:40, Casa de Cultur\u0103 \u201eMihai Eminescu\u201d Panciu a distribuit \u0219i mesajul transmis de <strong>Federa\u021bia de Cheer Sport din Rom\u00e2nia<\/strong>.<\/p>\n<p>Organiza\u021bia na\u021bional\u0103, care coordoneaz\u0103 loturile Rom\u00e2niei participante la competi\u021biile europene \u0219i mondiale organizate sub egida <strong>International Cheer Union (ICU)<\/strong>, \u0219i-a exprimat solidaritatea cu familia \u0219i colegii sportivului.<\/p>\n<p><em><strong>\u201eComunitatea de cheerleading din Rom\u00e2nia transmite sincere condolean\u021be c\u0103tre structura noastr\u0103 Eagles Panciu, care a pierdut, mult prea devreme, un membru. Sportivul Luca Andronic va r\u0103m\u00e2ne \u00een amintirea noastr\u0103, cu recuno\u0219tin\u021b\u0103 pentru contribu\u021bia adus\u0103 sportului nostru, ca membru al Team Romania 2023\u201d, <\/strong><\/em>au transmis <strong>reprezentan\u021bii federa\u021biei.<\/strong><\/p>\n<p><strong>Un destin \u00eentrerupt \u00eenainte de a \u00eencepe<\/strong><\/p>\n<p>A\u0219a cum <strong>Ziarul de Vrancea<\/strong> a relatat anterior, Luca Andronic era fiul medicului specialist oftalmolog <strong>Carmen Patricia Andronic<\/strong> \u0219i al inginerului agronom <strong>Giani Andronic<\/strong>, din Panciu.<\/p>\n<p>Absolvent al profilului Matematic\u0103-Informatic\u0103 la Liceul Teoretic \u201eIoan Slavici\u201d Panciu, t\u00e2n\u0103rul urma s\u0103 \u00ee\u0219i depun\u0103 dosarul pentru admiterea la Facultatea de Medicin\u0103 chiar \u00een aceste zile, potrivit informa\u021biilor ob\u021binute de redac\u021bia noastr\u0103.<\/p>\n<p>Profesorul <strong>Andrei Igor Manovici<\/strong>, directorul liceului, a declarat pentru <em>Ziarul de Vrancea<\/em>:<\/p>\n<blockquote>\n<p><strong>\u201eDumnezeu s\u0103-l odihneasc\u0103! \u00cen afar\u0103 de ceea ce a\u021bi scris deja, nu cred c\u0103 v-a\u0219 fi spus mai multe. Este pur \u0219i simplu un fapt tragic \u0219i o spun cu mare p\u0103rere de r\u0103u \u0219i pentru Luca \u2013 Dumnezeu s\u0103-l odihneasc\u0103! \u2013 \u0219i pentru familia sa!\u201d<\/strong><\/p>\n<\/blockquote>\n<p><strong>Accidentul este \u00een continuare cercetat<\/strong><\/p>\n<p>Potrivit datelor comunicate de Inspectoratul de Poli\u021bie Jude\u021bean Vrancea, accidentul s-a produs \u00een jurul orei <strong>23:02<\/strong>, pe DJ 204E, \u00eentre Panciu \u0219i Haret.<\/p>\n<p>Din primele cercet\u0103ri rezult\u0103 c\u0103 autoturismul condus de un t\u00e2n\u0103r de 20 de ani s-a r\u0103sturnat \u00een afara carosabilului dup\u0103 efectuarea unei manevre de dep\u0103\u0219ire. Luca Andronic, aflat pe locul din dreapta-fa\u021b\u0103, a suferit leziuni incompatibile cu via\u021ba \u0219i a fost declarat decedat la locul accidentului, \u00een timp ce \u0219oferul a fost transportat la Spitalul Jude\u021bean de Urgen\u021b\u0103 \u201eSf\u00e2ntul Pantelimon\u201d Foc\u0219ani.<\/p>\n<p>Poli\u021bi\u0219tii continu\u0103 cercet\u0103rile pentru stabilirea tuturor \u00eemprejur\u0103rilor \u00een care s-a produs tragedia.<\/p>\n<p>Moartea lui Luca Andronic las\u0103 \u00een urm\u0103 o familie \u00eendurerat\u0103, colegi \u0219i profesori marca\u021bi de pierderea unui t\u00e2n\u0103r apreciat, precum \u0219i o comunitate sportiv\u0103 care \u00ee\u0219i aminte\u0219te de el nu doar ca de un campion, ci \u0219i ca de un coleg respectat \u0219i un om care \u0219i-a reprezentat cu demnitate ora\u0219ul, jude\u021bul \u0219i Rom\u00e2nia.<\/p>\n<p><strong>Nicolae Manoliu<\/strong><\/p>\n<p><strong>Citi\u021bi \u0219i:<a href=\"https:\/\/www.ziaruldevrancea.ro\/actualitatea\/stiri-locale\/doliu-in-vrancea-luca-andronic-absolvent-al-liceului-ioan-slavici-panciu-si-a-pierdut-viata-in-accidentul-de-pe-dj-204e\" target=\"_blank\">Doliu \u00een Vrancea: Luca Andronic, absolvent al Liceului \u201eIoan Slavici\u201d Panciu, \u0219i-a pierdut via\u021ba \u00een accidentul de pe DJ 204E;<\/a>;<\/strong><\/p>\n<p><strong><a href=\"https:\/\/www.ziaruldevrancea.ro\/actualitatea\/stiri-locale\/tragedie-pe-soselele-din-vrancea-un-tanar-de-18-ani-a-murit-intr-un-grav-accident-intre-panciu-si-haret\" target=\"_blank\">(Update) Tragedie pe \u0219oselele din Vrancea: un t\u00e2n\u0103r de 18 ani a murit \u00eentr-un grav accident \u00eentre Panciu \u0219i Haret<\/a><\/strong><\/p>\n<hr>\n<div class=\"bloc-widget widget-rosu\">\n<p>\u00cen lipsa unui acord scris din partea Ziarului de Vrancea, pute\u0163i prelua maxim 500 de caractere din acest articol dac\u0103 preciza\u0163i sursa \u015fi insera\u0163i vizibil link-ul articolului:\u00a0<span>#insertcurrentlinkhere<\/span><\/p>\n<\/div>\n<div class=\"extra-articol listing-anunturi\">\n<h6>Anun\u021buri <span class=\"text-primary\">ZdV<\/span> Premium<\/h6>\n<div class=\"row\">\n<div class=\"col-lg-4 col-md-6 bloc-egal\"><a class=\"card-anunt\" href=\"https:\/\/ziaruldevrancea.ro\/anunturi\/imobiliare\/vanzari-terenuri\/vand-teren-in-panciu\"><strong class=\"titlu\">V\u00e2nz\u0103ri terenuri<\/strong><span class=\"text-anunt\">Teren Panciu 1170 mp, cu num\u0103r cas\u0103, ap\u0103&#8230;<\/span><span class=\"data-anunt\">29.07.2026  <\/span><\/a><\/div>\n<div class=\"col-lg-4 col-md-6 bloc-egal\"><a class=\"card-anunt\" href=\"https:\/\/ziaruldevrancea.ro\/anunturi\/altele\/anulare-acte\/vand-scrumbii-afumate-capturi-dunare\"><strong class=\"titlu\">Vanzari diverse<\/strong><span class=\"text-anunt\">Pret : 117 lei \/ kg . \u00a0 Este&#8230;<\/span><span class=\"data-anunt\">29.07.2026 , Gala\u021bi , Gala\u021bi<\/span><\/a><\/div>\n<div class=\"col-lg-4 col-md-6 bloc-egal\"><a class=\"card-anunt\" href=\"https:\/\/ziaruldevrancea.ro\/anunturi\/necrolog\/decese\/dumnezeu-sa-o-aseze-in-randul-celor-drepti\"><strong class=\"titlu\">Decese<\/strong><span class=\"text-anunt\">Cu profund\u0103 durere, familia anun\u021b\u0103 trecerea la&#8230;<\/span><span class=\"data-anunt\">28.07.2026  <\/span><\/a><\/div>\n<\/div>\n<\/div>\n<div class=\"extra-articol alte-articole\">\n<div class=\"row\">\n<div class=\"col-lg-6 bloc-egal\">\n<div class=\"card articol-listing\">\n<h6>\u00cen categoria <a href=\"https:\/\/ziaruldevrancea.ro\/actualitatea\/stiri-locale\">Local<\/a><\/h6>\n<div class=\"grup-articol-listing\">\n<div class=\"cont-pils\"><a href=\"https:\/\/ziaruldevrancea.ro\/actualitatea\/stiri-locale\/foto-pompierii-isu-vrancea-au-dus-lectii-de-siguranta-in-gura-calitei\"><img decoding=\"async\" src=\"https:\/\/zdvi.cname.ro\/180_135\/actualitatea\/stiri-locale\/foto-pompierii-isu-vrancea-au-dus-lectii-de-siguranta-in-gura-calitei\/mediaPool\/unTARgF.jpeg\" class=\"img-responsive img-180\" alt><\/a><\/div>\n<h2><a class=\"link-titlu\" href=\"https:\/\/ziaruldevrancea.ro\/actualitatea\/stiri-locale\/foto-pompierii-isu-vrancea-au-dus-lectii-de-siguranta-in-gura-calitei\">Foto | Pompierii ISU Vrancea au dus lec\u021bii de siguran\u021b\u0103 \u00een Gura Cali\u021bei<\/a><\/h2>\n<div class=\"date-post\"><a href=\"https:\/\/ziaruldevrancea.ro\/autor\/petre-paraschiv\">Petre Paraschiv<\/a>, 31 iul 2026  <\/div>\n<\/div>\n<div class=\"grup-articol-listing\">\n<div class=\"cont-pils\"><a href=\"https:\/\/ziaruldevrancea.ro\/actualitatea\/stiri-locale\/vrancea-soferii-cu-permis-categoria-b-care-fac-transport-contra-cost-trebuie-sa-obtina-un-document-obligatoriu.\"><img decoding=\"async\" src=\"https:\/\/zdvi.cname.ro\/180_135\/actualitatea\/stiri-locale\/vrancea-soferii-cu-permis-categoria-b-care-fac-transport-contra-cost-trebuie-sa-obtina-un-document-obligatoriu.\/mediaPool\/uABp3Hl.jpg\" class=\"img-responsive img-180\" alt><\/a><\/div>\n<h2><a class=\"link-titlu\" href=\"https:\/\/ziaruldevrancea.ro\/actualitatea\/stiri-locale\/vrancea-soferii-cu-permis-categoria-b-care-fac-transport-contra-cost-trebuie-sa-obtina-un-document-obligatoriu.\">Vrancea: \u0218oferii cu permis categoria B care fac transport contra cost trebuie s\u0103 ob\u021bin\u0103 un document obligatoriu<\/a><\/h2>\n<div class=\"date-post\"><a href=\"https:\/\/ziaruldevrancea.ro\/autor\/ionel-sclavone\">Ionel Sclavone<\/a>, 31 iul 2026  <\/div>\n<\/div>\n<div class=\"grup-articol-listing\">\n<div class=\"cont-pils\"><a href=\"https:\/\/ziaruldevrancea.ro\/actualitatea\/stiri-locale\/comisariatul-militar-din-focsani-un-simbol-al-istoriei-vrancei-renaste-prin-restaurare.-povestea-cladirii-care-a-gazduit-divizia-6-infanterie\"><img decoding=\"async\" src=\"https:\/\/zdvi.cname.ro\/180_135\/actualitatea\/stiri-locale\/comisariatul-militar-din-focsani-un-simbol-al-istoriei-vrancei-renaste-prin-restaurare.-povestea-cladirii-care-a-gazduit-divizia-6-infanterie\/mediaPool\/u5btavU.jpg\" class=\"img-responsive img-180\" alt><\/a><\/div>\n<h2><a class=\"link-titlu\" href=\"https:\/\/ziaruldevrancea.ro\/actualitatea\/stiri-locale\/comisariatul-militar-din-focsani-un-simbol-al-istoriei-vrancei-renaste-prin-restaurare.-povestea-cladirii-care-a-gazduit-divizia-6-infanterie\">Comisariatul Militar din Foc\u0219ani, un simbol al istoriei Vrancei, rena\u0219te prin restaurare. Povestea cl\u0103dirii care a g\u0103zduit Divizia 6 Infanterie<\/a><\/h2>\n<div class=\"date-post\"><a href=\"https:\/\/ziaruldevrancea.ro\/autor\/florin-marian-dirdala\">Florin Marian D\u00eerdal\u0103<\/a>, 31 iul 2026  <\/div>\n<\/div>\n<\/div>\n<\/div>\n<div class=\"col-lg-6 bloc-egal\">\n<div class=\"card articol-listing\">\n<h6>De acela\u0219i <a href=\"https:\/\/ziaruldevrancea.ro\/autor\/nicolae-manoliu\/\">autor<\/a><\/h6>\n<div class=\"grup-articol-listing\">\n<div class=\"cont-pils\"><a href=\"https:\/\/ziaruldevrancea.ro\/actualitatea\/stiri-locale\/consiliul-local-focsani-a-aprobat-transformarea-teatrului-maior-gheorghe-pastia-din-teatru-de-repertoriu-in-teatru-de-proiecte\"><img decoding=\"async\" src=\"https:\/\/zdvi.cname.ro\/180_135\/actualitatea\/stiri-locale\/consiliul-local-focsani-a-aprobat-transformarea-teatrului-maior-gheorghe-pastia-din-teatru-de-repertoriu-in-teatru-de-proiecte\/mediaPool\/ud81Wmv.jpg\" class=\"img-responsive img-180\" alt><\/a><\/div>\n<h2><a class=\"link-titlu\" href=\"https:\/\/ziaruldevrancea.ro\/actualitatea\/stiri-locale\/consiliul-local-focsani-a-aprobat-transformarea-teatrului-maior-gheorghe-pastia-din-teatru-de-repertoriu-in-teatru-de-proiecte\">Consiliul Local Foc\u0219ani a aprobat transformarea Teatrului \u201eMaior Gheorghe Pastia\u201d din teatru de repertoriu \u00een teatru de proiecte<\/a><\/h2>\n<div class=\"date-post\"><a href=\"https:\/\/ziaruldevrancea.ro\/autor\/nicolae-manoliu\">Nicolae Manoliu<\/a>, 31 iul 2026  <\/div>\n<\/div>\n<div class=\"grup-articol-listing\">\n<div class=\"cont-pils\"><a href=\"https:\/\/ziaruldevrancea.ro\/actualitatea\/stiri-locale\/descinderi-ale-politistilor-la-primaria-panciu.ipj-vrancea-confirma-un-dosar-penal-pentru-abuz-in-serviciu-delapidare-si-alte-infractiuni\"><img decoding=\"async\" src=\"https:\/\/zdvi.cname.ro\/180_135\/actualitatea\/stiri-locale\/descinderi-ale-politistilor-la-primaria-panciu.ipj-vrancea-confirma-un-dosar-penal-pentru-abuz-in-serviciu-delapidare-si-alte-infractiuni\/mediaPool\/ufn5cDV.jpg\" class=\"img-responsive img-180\" alt><\/a><\/div>\n<h2><a class=\"link-titlu\" href=\"https:\/\/ziaruldevrancea.ro\/actualitatea\/stiri-locale\/descinderi-ale-politistilor-la-primaria-panciu.ipj-vrancea-confirma-un-dosar-penal-pentru-abuz-in-serviciu-delapidare-si-alte-infractiuni\">Descinderi ale poli\u021bi\u0219tilor la Prim\u0103ria Panciu.IPJ Vrancea confirm\u0103 un dosar penal pentru abuz \u00een serviciu, delapidare \u0219i alte infrac\u021biuni<\/a><\/h2>\n<div class=\"date-post\"><a href=\"https:\/\/ziaruldevrancea.ro\/autor\/nicolae-manoliu\">Nicolae Manoliu<\/a>, 30 iul 2026  <\/div>\n<\/div>\n<div class=\"grup-articol-listing\">\n<div class=\"cont-pils\"><a href=\"https:\/\/ziaruldevrancea.ro\/actualitatea\/stiri-locale\/20-de-ani-de-la-tragedia-care-a-indoliat-vrancea\"><img decoding=\"async\" src=\"https:\/\/zdvi.cname.ro\/180_135\/actualitatea\/stiri-locale\/20-de-ani-de-la-tragedia-care-a-indoliat-vrancea\/mediaPool\/uZKmDUo.png\" class=\"img-responsive img-180\" alt><\/a><\/div>\n<h2><a class=\"link-titlu\" href=\"https:\/\/ziaruldevrancea.ro\/actualitatea\/stiri-locale\/20-de-ani-de-la-tragedia-care-a-indoliat-vrancea\">VIDEO | 20 de ani de la tragedia care a \u00eendoliat Vrancea<\/a><\/h2>\n<div class=\"date-post\"><a href=\"https:\/\/ziaruldevrancea.ro\/autor\/nicolae-manoliu\">Nicolae Manoliu<\/a>, 28 iul 2026  <\/div>\n<\/div>\n<\/div>\n<\/div>\n<\/div>\n<\/div>\n<div class=\"extra-articol listing-anunturi\">\n<h6>Anun\u021buri <span class=\"text-primary\">ZdV<\/span> Premium<\/h6>\n<div class=\"row\">\n<div class=\"col-lg-4 col-md-6 bloc-egal\"><a class=\"card-anunt\" href=\"https:\/\/ziaruldevrancea.ro\/anunturi\/imobiliare\/vanzari-case\/vand-casa-si-teren-in-panciu-anunt-72818\"><strong class=\"titlu\">V\u00e2nz\u0103ri case<\/strong><span class=\"text-anunt\">V\u00e2nd cas\u0103 cu 2 camere, buc\u0103t\u0103rie, baie,&#8230;<\/span><span class=\"data-anunt\">23.07.2026  <\/span><\/a><\/div>\n<div class=\"col-lg-4 col-md-6 bloc-egal\"><a class=\"card-anunt\" href=\"https:\/\/ziaruldevrancea.ro\/anunturi\/angajari\/cereri-angajari\/doresc-angajare-anunt-72815\"><strong class=\"titlu\">Cereri<\/strong><span class=\"text-anunt\">Doresc s\u0103 am grij\u0103 de un copil de gradini\u021b\u0103&#8230;<\/span><span class=\"data-anunt\">21.07.2026  <\/span><\/a><\/div>\n<div class=\"col-lg-4 col-md-6 bloc-egal\"><a class=\"card-anunt\" href=\"https:\/\/ziaruldevrancea.ro\/anunturi\/inchirieri\/locuinte-oferte\/primesc-in-gazda-anunt-72816\"><strong class=\"titlu\">Locuin\u021be oferte<\/strong><span class=\"text-anunt\">\u00a0Primesc \u00een gazd\u0103 la cas\u0103.<\/p>\n<p>Tel&#8230;.<\/span><span class=\"data-anunt\">21.07.2026  <\/span><\/a><\/div>\n<\/div>\n<\/div>\n<div class=\"bloc-widget widget-albastru\">\n    Ziarul de Vrancea \u00a0nu este responsabil juridic pentru con\u0163inutul textelor din comentariile de mai jos. Responsabilitatea pentru mesajele dumneavoastra v\u0103 revine \u00een exclusivitate.\n<\/div>\n<div class=\"comentarii-articol\" id=\"comentarii\">\n<h3>Comentarii: <span class=\"text-primary\">0<\/span><\/h3>\n<p><a href=\"https:\/\/ziaruldevrancea.ro\/actualitatea\/stiri-locale\/comunitatea-din-panciu-isi-ia-ramas-bun-de-la-luca-andronic-campion-european-si-tanarul-care-visa-sa-devina-medic\" class=\"btn btn-success btn-adauga-com\" data-toggle=\"modal\" data-parent=\"0\" data-target=\"#commentModal\">Adaug\u0103 comentariu<\/a><\/p>\n<div class=\"loadMask comments-mask\"><img decoding=\"async\" src=\"https:\/\/zdvs.cname.ro\/images\/loader_40.gif\"><\/div>\n<div class=\"comenteaza-jos\">Trebuie s\u0103 fii <a href=\"https:\/\/ziaruldevrancea.ro\/account\">autentificat<\/a> pentru a putea <a href=\"https:\/\/ziaruldevrancea.ro\/actualitatea\/stiri-locale\/comunitatea-din-panciu-isi-ia-ramas-bun-de-la-luca-andronic-campion-european-si-tanarul-care-visa-sa-devina-medic\" class data-toggle=\"modal\" data-parent=\"0\" data-target=\"#commentModal\">posta un comentariu<\/a>.<\/div>\n<\/div>\n<div class=\"modal fade\" id=\"commentModal\" role=\"dialog\" aria-labelledby=\"commentModalLabel\">\n<div class=\"modal-dialog modal-lg\" role=\"document\">\n<div class=\"modal-content\">\n<div class=\"modal-header\">\n<h3 class=\"modal-title\" id=\"commentModalLabel\">Comenteaz\u0103<\/h3>\n<\/div>\n<div class=\"modal-body\">\n<div class=\"tabel tabel-full\">\n<div class=\"celula\">\n              Trebuie s\u0103 fii <a href=\"https:\/\/ziaruldevrancea.ro\/account\">autentificat<\/a> pentru a putea posta un comentariu.\n            <\/div>\n<\/div>\n<\/div>\n<div class=\"modal-footer\">\n<div id=\"commentPending\" class=\"formPending pull-left\"><img decoding=\"async\" src=\"https:\/\/zdvs.cname.ro\/images\/loader_40.gif\"> In curs de procesare&#8230;<\/div>\n<p><a href=\"https:\/\/ziaruldevrancea.ro\/actualitatea\/stiri-locale\/comunitatea-din-panciu-isi-ia-ramas-bun-de-la-luca-andronic-campion-european-si-tanarul-care-visa-sa-devina-medic\" class=\"btn btn-default\" data-dismiss=\"modal\">Anuleaz\u0103<\/a><\/div>\n<\/div>\n<\/div>\n<\/div>\n<div class=\"modal fade\" id=\"commentReportModal\" role=\"dialog\" aria-labelledby=\"commentReportModalLabel\">\n<div class=\"modal-dialog modal-lg\" role=\"document\">\n<div class=\"modal-content\">\n<div class=\"modal-header\">\n<h3 class=\"modal-title\" id=\"commentReportModalLabel\">Raporteaza comentariu<\/h3>\n<\/div>\n<div class=\"modal-body\">\n<div class=\"tabel tabel-full\">\n<div class=\"celula\">\n              Trebuie s\u0103 fii <a href=\"https:\/\/ziaruldevrancea.ro\/account\">autentificat<\/a> pentru a putea raporta un comentariu.\n            <\/div>\n<\/div>\n<\/div>\n<div class=\"modal-footer\">\n<div id=\"commentReportPending\" class=\"formPending pull-left\"><img decoding=\"async\" src=\"https:\/\/zdvs.cname.ro\/images\/loader_40.gif\"> In curs de procesare&#8230;<\/div>\n<p><a href=\"https:\/\/ziaruldevrancea.ro\/actualitatea\/stiri-locale\/comunitatea-din-panciu-isi-ia-ramas-bun-de-la-luca-andronic-campion-european-si-tanarul-care-visa-sa-devina-medic\" class=\"btn btn-default\" data-dismiss=\"modal\">Anuleaz\u0103<\/a><\/div>\n<\/div>\n<\/div>\n<\/div>\n<div class=\"modal fade\" id=\"commentLikeModal\" role=\"dialog\" aria-labelledby=\"commentLikeModalLabel\">\n<div class=\"modal-dialog modal-lg\" role=\"document\">\n<div class=\"modal-content\">\n<div class=\"modal-header\">\n<h3 class=\"modal-title\" id=\"commentReportModalLabel\">Apreciaza comentariu<\/h3>\n<\/div>\n<div class=\"modal-body\">\n<div class=\"tabel tabel-full\">\n<div class=\"celula\">\n            Trebuie s\u0103 fii <a href=\"https:\/\/ziaruldevrancea.ro\/account\">autentificat<\/a> pentru a putea aprecia un comentariu.\n          <\/div>\n<\/div>\n<\/div>\n<div class=\"modal-footer\"><a href=\"https:\/\/ziaruldevrancea.ro\/actualitatea\/stiri-locale\/comunitatea-din-panciu-isi-ia-ramas-bun-de-la-luca-andronic-campion-european-si-tanarul-care-visa-sa-devina-medic\" class=\"btn btn-default\" data-dismiss=\"modal\">Anuleaz\u0103<\/a><\/div>\n<\/div>\n<\/div>\n<\/div>\n<div class=\"bloc-widget widget-rosu\"><span><small>Ziarul de Vrancea doreste ca acest site sa fie un spatiu al discutiilor civilizate, al comentariilor de bun simt. Din acest motiv, cei care posteaza comentarii la articole trebuie sa respecte urmatoarele reguli:<br \/>\n1. Sa se refere doar la articolul la care posteaza comentarii.<br \/>\n2. Sa foloseasca un limbaj civilizat, fara injurii, calomnii, comentarii antisemite, xenofobe sau rasiste.<br \/>\n3. Sunt interzise atacurile la adresa autorilor, daca acestea nu au legatura cu textul.<br \/>\n4. Username-ul sa nu fie nume de personalitati ale vietii publice sau parodieri ale acestora.<br \/>\nAutorul unui articol poate fi criticat pentru eventuale greseli, incoerenta, lipsa de documentare etc.<br \/>\nNerespectarea regulilor mentionate mai sus va duce la stergerea comentariilor, fara avertisment si fara explicatii.<br \/>\nAbaterile repetate vor avea drept consecinta interdictia accesului la aceasta facilitate a site-ului.<\/small><\/span><\/div>\n<\/div>\n<p>[analyse_source url=&#8221;https:\/\/ziaruldevrancea.ro\/actualitatea\/stiri-locale\/comunitatea-din-panciu-isi-ia-ramas-bun-de-la-luca-andronic-campion-european-si-tanarul-care-visa-sa-devina-medic&#8221;]<\/p>\n","protected":false},"excerpt":{"rendered":"<p>[analyse_image type=&#8221;featured&#8221; src=&#8221;https:\/\/zdvi.cname.ro\/_\/comunitatea-din-panciu-isi-ia-ramas-bun-de-la-luca-andronic-campion-european-si-tanarul-care-visa-sa-devina-medic\/mediaPool\/uXEIIvu.jpg&#8221;] Local Comunitatea din Panciu \u00ee\u0219i ia r\u0103mas-bun de la Luca Andronic, campion european t\u00e2n\u0103rul care visa s\u0103 devin\u0103 medic Distribuie: \u00a0 | Nicolae Manoliu 27 iul 20264732 vizualiz\u0103ri \u200bMesaje de durere din partea Casei de Cultur\u0103 \u201eMihai Eminescu\u201d Panciu \u0219i a Federa\u021biei de Cheer Sport din Rom\u00e2nia, dup\u0103 moartea tragic\u0103 a lui [&hellip;]<\/p>\n","protected":false},"author":1,"featured_media":0,"comment_status":"open","ping_status":"","sticky":false,"template":"","format":"standard","meta":{"footnotes":""},"categories":[89],"tags":[226,208],"class_list":["post-2071052","post","type-post","status-publish","format-standard","hentry","category-romania","tag-crawlmanager","tag-ziaruldevrancea-ro"],"_links":{"self":[{"href":"https:\/\/analyse.optim.biz\/index.php?rest_route=\/wp\/v2\/posts\/2071052","targetHints":{"allow":["GET"]}}],"collection":[{"href":"https:\/\/analyse.optim.biz\/index.php?rest_route=\/wp\/v2\/posts"}],"about":[{"href":"https:\/\/analyse.optim.biz\/index.php?rest_route=\/wp\/v2\/types\/post"}],"author":[{"embeddable":true,"href":"https:\/\/analyse.optim.biz\/index.php?rest_route=\/wp\/v2\/users\/1"}],"replies":[{"embeddable":true,"href":"https:\/\/analyse.optim.biz\/index.php?rest_route=%2Fwp%2Fv2%2Fcomments&post=2071052"}],"version-history":[{"count":0,"href":"https:\/\/analyse.optim.biz\/index.php?rest_route=\/wp\/v2\/posts\/2071052\/revisions"}],"wp:attachment":[{"href":"https:\/\/analyse.optim.biz\/index.php?rest_route=%2Fwp%2Fv2%2Fmedia&parent=2071052"}],"wp:term":[{"taxonomy":"category","embeddable":true,"href":"https:\/\/analyse.optim.biz\/index.php?rest_route=%2Fwp%2Fv2%2Fcategories&post=2071052"},{"taxonomy":"post_tag","embeddable":true,"href":"https:\/\/analyse.optim.biz\/index.php?rest_route=%2Fwp%2Fv2%2Ftags&post=2071052"}],"curies":[{"name":"wp","href":"https:\/\/api.w.org\/{rel}","templated":true}]}}