{"id":2071048,"date":"2026-07-27T00:00:00","date_gmt":"2026-07-26T21:00:00","guid":{"rendered":"https:\/\/analyse.optim.biz\/?p=2071048"},"modified":"2026-07-27T00:00:00","modified_gmt":"2026-07-26T21:00:00","slug":"doliu-in-vrancea-luca-andronic-absolvent-al-liceului-ioan-slavici-panciu-si-a-pierdut-viata-in-accidentul-de-pe-dj-204e","status":"publish","type":"post","link":"https:\/\/analyse.optim.biz\/?p=2071048","title":{"rendered":"Doliu \u00een Vrancea: Luca Andronic, absolvent al Liceului \u201eIoan Slavici\u201d Panciu, \u0219i-a pierdut via\u021ba \u00een accidentul de pe DJ 204E"},"content":{"rendered":"<p>[analyse_image type=&#8221;featured&#8221; src=&#8221;https:\/\/zdvi.cname.ro\/_\/doliu-in-vrancea-luca-andronic-absolvent-al-liceului-ioan-slavici-panciu-si-a-pierdut-viata-in-accidentul-de-pe-dj-204e\/mediaPool\/uxA009l.jpg&#8221;]<\/p>\n<div class=\"main-content detaliu-articol\"><a class=\"titlu-cat-list\" href=\"https:\/\/ziaruldevrancea.ro\/actualitatea\/stiri-locale\">Local<\/a><\/p>\n<h1>Doliu \u00een Vrancea: Luca Andronic, absolvent al Liceului \u201eIoan Slavici\u201d Panciu, \u0219i-a pierdut via\u021ba \u00een accidentul de pe DJ 204E<\/h1>\n<div class=\"date-articol clearfix\">\n<div class=\"distribuie-articol dropdown\">\n    Distribuie: \u00a0<br \/>\n    <em>|<\/em><\/div>\n<div class=\"autor-articol\"><a href=\"https:\/\/ziaruldevrancea.ro\/autor\/nicolae-manoliu\/\"><img decoding=\"async\" class=\"img-circle\" src=\"https:\/\/zdvi.cname.ro\/50_50\/articleAuthor\/nicolae-manoliu\/articleAuthor\/u9tXyQL.PNG\" alt><\/a><\/p>\n<h5><a href=\"https:\/\/ziaruldevrancea.ro\/autor\/nicolae-manoliu\/\">Nicolae Manoliu<\/a><\/h5>\n<div class=\"grup-spatiere\"><span class=\"cu-spatiere\">27 iul 2026<\/span><span class=\"cu-spatiere\">12123 vizualiz\u0103ri<\/span><\/div>\n<\/div>\n<\/div>\n<div class=\"poza-mare\"><a href class=\"openGallery\"><img decoding=\"async\" class=\"img-responsive\" src=\"https:\/\/zdvi.cname.ro\/850_530\/doliu-in-vrancea-luca-andronic-absolvent-al-liceului-ioan-slavici-panciu-si-a-pierdut-viata-in-accidentul-de-pe-dj-204e\/article\/mediaPool\/uxA009l.jpg\" alt><\/a><\/div>\n<p><strong>Se preg\u0103tea s\u0103 dea admiterea la Medicin\u0103.<\/strong><\/p>\n<p><strong>Comunitatea din Panciu este \u00een stare de \u0219oc dup\u0103 moartea t\u00e2n\u0103rului de 18 ani. Luca Andronic, fiul unui medic oftalmolog \u0219i al unui inginer agronom, urma s\u0103 \u00ee\u0219i depun\u0103 dosarul la Facultatea de Medicin\u0103 chiar \u00een aceste zile<\/strong><\/p>\n<p><strong>PANCIU, VRANCEA.<\/strong> Tragedia produs\u0103 \u00een noaptea de 24 spre 25 iulie 2026 pe DJ 204E, \u00eentre Panciu \u0219i Haret, cap\u0103t\u0103 o dimensiune \u0219i mai dureroas\u0103 odat\u0103 cu identificarea victimei. Potrivit informa\u021biilor ob\u021binute de <strong>Ziarul de Vrancea<\/strong>, t\u00e2n\u0103rul care \u0219i-a pierdut via\u021ba \u00een accident este <strong>Luca Andronic<\/strong>, \u00een v\u00e2rst\u0103 de 18 ani, absolvent al promo\u021biei 2026, specializarea Matematic\u0103-Informatic\u0103, a Liceului Teoretic \u201eIoan Slavici\u201d Panciu.<\/p>\n<p>Luca era fiul medicului specialist oftalmolog <strong>Carmen Patricia Andronic<\/strong> \u0219i al lui <strong>Giani Andronic<\/strong>\u00a0inginer agronom din Panciu. Potrivit surselor Ziarului de Vrancea, t\u00e2n\u0103rul urma s\u0103 \u00ee\u0219i depun\u0103 chiar \u00een aceste zile dosarul pentru admiterea la <strong>Facultatea de Medicin\u0103<\/strong>, examen pe care \u00eel preg\u0103tise cu mult\u0103 seriozitate \u0219i care, conform informa\u021biilor noastre, era programat chiar pentru ast\u0103zi.<\/p>\n<p>Visul de a deveni medic s-a fr\u00e2nt \u00eens\u0103 \u00eentr-o clip\u0103, \u00een urma accidentului rutier petrecut vineri noapte.<\/p>\n<p><strong>O comunitate \u00eendurerat\u0103<\/strong><\/p>\n<p>Vestea mor\u021bii lui Luca Andronic a provocat un val de mesaje de condolean\u021be din partea colegilor, prietenilor \u0219i celor care l-au cunoscut.<\/p>\n<p>Unul dintre mesajele publicate dup\u0103 tragedie \u00eel descrie drept:<\/p>\n<blockquote>\n<p><strong>\u201eEra un b\u0103iat cu suflet bun, foarte darnic, optimist \u0219i cu sim\u021bul umorului.\u201d<\/strong><\/p>\n<\/blockquote>\n<p>Un alt mesaj emo\u021bionant, semnat de D.I., vorbe\u0219te despre felul \u00een care t\u00e2n\u0103rul era perceput de cei din jur:<\/p>\n<blockquote>\n<p>\u201e<strong>Luca era un om minunat. Un om care aducea oricui un z\u00e2mbet pe fa\u021b\u0103, un om care reu\u0219ea s\u0103 te scoat\u0103 din orice stare negativ\u0103 doar prin simpla lui prezen\u021b\u0103. Era un prieten des\u0103v\u00e2r\u0219it, c\u0103ruia \u00eei puteai cere mereu un sfat sau o opinie \u00een leg\u0103tur\u0103 cu orice, fiind un om cu o inteligen\u021b\u0103 aparte.\u200bA plecat mult prea devreme, l\u0103s\u00e2nd \u00een urm\u0103 un gol uria\u0219, dar \u0219i amintirea unui om minunat, care a \u0219tiut s\u0103 tr\u0103iasc\u0103 frumos \u0219i s\u0103 ne \u00eenve\u021be ce \u00eenseamn\u0103 s\u0103 r\u00e2zi din suflet.\u201d<\/strong><\/p>\n<\/blockquote>\n<p>Mesajele reflect\u0103 durerea resim\u021bit\u0103 de \u00eentreaga comunitate din Panciu, unde Luca era cunoscut ca un t\u00e2n\u0103r apreciat, implicat \u0219i cu rezultate bune la \u00eenv\u0103\u021b\u0103tur\u0103.<\/p>\n<p><strong>Cum s-a produs tragedia de pe DJ 204E<\/strong><\/p>\n<p>Accidentul s-a produs \u00een noaptea de 24 spre 25 iulie, \u00een jurul orei <strong>23:02<\/strong>, pe <strong>DJ 204E<\/strong>, \u00eentre Panciu \u0219i Haret.<\/p>\n<p>Potrivit informa\u021biilor transmise de <strong>Inspectoratul de Poli\u021bie Jude\u021bean Vrancea<\/strong>, un t\u00e2n\u0103r de 20 de ani conducea un autoturism din direc\u021bia Panciu c\u0103tre Haret. \u00cen timpul efectu\u0103rii unei manevre de dep\u0103\u0219ire a unui alt autoturism, acesta ar fi pierdut controlul asupra direc\u021biei de deplasare, iar ma\u0219ina a p\u0103r\u0103sit partea carosabil\u0103 \u0219i s-a r\u0103sturnat.<\/p>\n<p>\u00cen urma impactului:<\/p>\n<ul>\n<li>pasagerul din dreapta-fa\u021b\u0103, <strong>Luca Andronic<\/strong>, \u00een v\u00e2rst\u0103 de 18 ani, a suferit leziuni incompatibile cu via\u021ba \u0219i a fost declarat decedat la locul accidentului;<\/li>\n<li>\u0219oferul, \u00een v\u00e2rst\u0103 de 20 de ani, a suferit un traumatism cranio-cerebral \u0219i un traumatism toracic, fiind transportat la Spitalul Jude\u021bean de Urgen\u021b\u0103 \u201eSf\u00e2ntul Pantelimon\u201d Foc\u0219ani.<\/li>\n<\/ul>\n<p>La interven\u021bie au participat echipaje ale <strong>Serviciului de Ambulan\u021b\u0103 Jude\u021bean Vrancea<\/strong>, care au direc\u021bionat dou\u0103 ambulan\u021be din cadrul Substa\u021biei Panciu.<\/p>\n<p>Poli\u021bi\u0219tii Serviciului Rutier continu\u0103 cercet\u0103rile pentru stabilirea cu exactitate a tuturor cauzelor \u0219i \u00eemprejur\u0103rilor \u00een care s-a produs accidentul.<\/p>\n<p><strong>O tragedie care las\u0103 \u00een urm\u0103 un gol imens<\/strong><\/p>\n<p>Moartea lui Luca Andronic readuce \u00een aten\u021bie fragilitatea vie\u021bii \u0219i consecin\u021bele dramatice pe care le pot avea accidentele rutiere.<\/p>\n<p>\u00cen loc s\u0103 se preg\u0103teasc\u0103 pentru primul examen important al vie\u021bii sale \u0219i pentru \u00eenceputul unei cariere \u00een medicin\u0103, familia, colegii \u0219i prietenii \u00eel conduc acum pe ultimul drum.<\/p>\n<p><strong>Redac\u021bia Ziarului de Vrancea transmite sincere condolean\u021be familiei \u00eendoliate \u0219i tuturor celor care l-au cunoscut \u0219i l-au pre\u021buit pe Luca Andronic.Dumnezeu s\u0103-l odihneasc\u0103 \u00een pace!S\u0103-i fie amintirea binecuv\u00e2ntat\u0103!<\/strong><\/p>\n<p><strong>Nicolae Manoliu<\/strong><\/p>\n<p><strong>Citi\u021bi \u0219i:<a href=\"https:\/\/www.ziaruldevrancea.ro\/actualitatea\/stiri-locale\/tragedie-pe-soselele-din-vrancea-un-tanar-de-18-ani-a-murit-intr-un-grav-accident-intre-panciu-si-haret\" target=\"_blank\">(Update) Tragedie pe \u0219oselele din Vrancea: un t\u00e2n\u0103r de 18 ani a murit \u00eentr-un grav accident \u00eentre Panciu \u0219i Haret<\/a><\/strong><\/p>\n<hr>\n<div class=\"bloc-widget widget-rosu\">\n<p>\u00cen lipsa unui acord scris din partea Ziarului de Vrancea, pute\u0163i prelua maxim 500 de caractere din acest articol dac\u0103 preciza\u0163i sursa \u015fi insera\u0163i vizibil link-ul articolului:\u00a0<span>#insertcurrentlinkhere<\/span><\/p>\n<\/div>\n<div class=\"extra-articol listing-anunturi\">\n<h6>Anun\u021buri <span class=\"text-primary\">ZdV<\/span> Premium<\/h6>\n<div class=\"row\">\n<div class=\"col-lg-4 col-md-6 bloc-egal\"><a class=\"card-anunt\" href=\"https:\/\/ziaruldevrancea.ro\/anunturi\/imobiliare\/vanzari-terenuri\/vand-teren-in-panciu\"><strong class=\"titlu\">V\u00e2nz\u0103ri terenuri<\/strong><span class=\"text-anunt\">Teren Panciu 1170 mp, cu num\u0103r cas\u0103, ap\u0103&#8230;<\/span><span class=\"data-anunt\">29.07.2026  <\/span><\/a><\/div>\n<div class=\"col-lg-4 col-md-6 bloc-egal\"><a class=\"card-anunt\" href=\"https:\/\/ziaruldevrancea.ro\/anunturi\/altele\/anulare-acte\/vand-scrumbii-afumate-capturi-dunare\"><strong class=\"titlu\">Vanzari diverse<\/strong><span class=\"text-anunt\">Pret : 117 lei \/ kg . \u00a0 Este&#8230;<\/span><span class=\"data-anunt\">29.07.2026 , Gala\u021bi , Gala\u021bi<\/span><\/a><\/div>\n<div class=\"col-lg-4 col-md-6 bloc-egal\"><a class=\"card-anunt\" href=\"https:\/\/ziaruldevrancea.ro\/anunturi\/necrolog\/decese\/dumnezeu-sa-o-aseze-in-randul-celor-drepti\"><strong class=\"titlu\">Decese<\/strong><span class=\"text-anunt\">Cu profund\u0103 durere, familia anun\u021b\u0103 trecerea la&#8230;<\/span><span class=\"data-anunt\">28.07.2026  <\/span><\/a><\/div>\n<\/div>\n<\/div>\n<div class=\"extra-articol alte-articole\">\n<div class=\"row\">\n<div class=\"col-lg-6 bloc-egal\">\n<div class=\"card articol-listing\">\n<h6>\u00cen categoria <a href=\"https:\/\/ziaruldevrancea.ro\/actualitatea\/stiri-locale\">Local<\/a><\/h6>\n<div class=\"grup-articol-listing\">\n<div class=\"cont-pils\"><a href=\"https:\/\/ziaruldevrancea.ro\/actualitatea\/stiri-locale\/foto-pompierii-isu-vrancea-au-dus-lectii-de-siguranta-in-gura-calitei\"><img decoding=\"async\" src=\"https:\/\/zdvi.cname.ro\/180_135\/actualitatea\/stiri-locale\/foto-pompierii-isu-vrancea-au-dus-lectii-de-siguranta-in-gura-calitei\/mediaPool\/unTARgF.jpeg\" class=\"img-responsive img-180\" alt><\/a><\/div>\n<h2><a class=\"link-titlu\" href=\"https:\/\/ziaruldevrancea.ro\/actualitatea\/stiri-locale\/foto-pompierii-isu-vrancea-au-dus-lectii-de-siguranta-in-gura-calitei\">Foto | Pompierii ISU Vrancea au dus lec\u021bii de siguran\u021b\u0103 \u00een Gura Cali\u021bei<\/a><\/h2>\n<div class=\"date-post\"><a href=\"https:\/\/ziaruldevrancea.ro\/autor\/petre-paraschiv\">Petre Paraschiv<\/a>, 31 iul 2026  <\/div>\n<\/div>\n<div class=\"grup-articol-listing\">\n<div class=\"cont-pils\"><a href=\"https:\/\/ziaruldevrancea.ro\/actualitatea\/stiri-locale\/vrancea-soferii-cu-permis-categoria-b-care-fac-transport-contra-cost-trebuie-sa-obtina-un-document-obligatoriu.\"><img decoding=\"async\" src=\"https:\/\/zdvi.cname.ro\/180_135\/actualitatea\/stiri-locale\/vrancea-soferii-cu-permis-categoria-b-care-fac-transport-contra-cost-trebuie-sa-obtina-un-document-obligatoriu.\/mediaPool\/uABp3Hl.jpg\" class=\"img-responsive img-180\" alt><\/a><\/div>\n<h2><a class=\"link-titlu\" href=\"https:\/\/ziaruldevrancea.ro\/actualitatea\/stiri-locale\/vrancea-soferii-cu-permis-categoria-b-care-fac-transport-contra-cost-trebuie-sa-obtina-un-document-obligatoriu.\">Vrancea: \u0218oferii cu permis categoria B care fac transport contra cost trebuie s\u0103 ob\u021bin\u0103 un document obligatoriu<\/a><\/h2>\n<div class=\"date-post\"><a href=\"https:\/\/ziaruldevrancea.ro\/autor\/ionel-sclavone\">Ionel Sclavone<\/a>, 31 iul 2026  <\/div>\n<\/div>\n<div class=\"grup-articol-listing\">\n<div class=\"cont-pils\"><a href=\"https:\/\/ziaruldevrancea.ro\/actualitatea\/stiri-locale\/comisariatul-militar-din-focsani-un-simbol-al-istoriei-vrancei-renaste-prin-restaurare.-povestea-cladirii-care-a-gazduit-divizia-6-infanterie\"><img decoding=\"async\" src=\"https:\/\/zdvi.cname.ro\/180_135\/actualitatea\/stiri-locale\/comisariatul-militar-din-focsani-un-simbol-al-istoriei-vrancei-renaste-prin-restaurare.-povestea-cladirii-care-a-gazduit-divizia-6-infanterie\/mediaPool\/u5btavU.jpg\" class=\"img-responsive img-180\" alt><\/a><\/div>\n<h2><a class=\"link-titlu\" href=\"https:\/\/ziaruldevrancea.ro\/actualitatea\/stiri-locale\/comisariatul-militar-din-focsani-un-simbol-al-istoriei-vrancei-renaste-prin-restaurare.-povestea-cladirii-care-a-gazduit-divizia-6-infanterie\">Comisariatul Militar din Foc\u0219ani, un simbol al istoriei Vrancei, rena\u0219te prin restaurare. Povestea cl\u0103dirii care a g\u0103zduit Divizia 6 Infanterie<\/a><\/h2>\n<div class=\"date-post\"><a href=\"https:\/\/ziaruldevrancea.ro\/autor\/florin-marian-dirdala\">Florin Marian D\u00eerdal\u0103<\/a>, 31 iul 2026  <\/div>\n<\/div>\n<\/div>\n<\/div>\n<div class=\"col-lg-6 bloc-egal\">\n<div class=\"card articol-listing\">\n<h6>De acela\u0219i <a href=\"https:\/\/ziaruldevrancea.ro\/autor\/nicolae-manoliu\/\">autor<\/a><\/h6>\n<div class=\"grup-articol-listing\">\n<div class=\"cont-pils\"><a href=\"https:\/\/ziaruldevrancea.ro\/actualitatea\/stiri-locale\/consiliul-local-focsani-a-aprobat-transformarea-teatrului-maior-gheorghe-pastia-din-teatru-de-repertoriu-in-teatru-de-proiecte\"><img decoding=\"async\" src=\"https:\/\/zdvi.cname.ro\/180_135\/actualitatea\/stiri-locale\/consiliul-local-focsani-a-aprobat-transformarea-teatrului-maior-gheorghe-pastia-din-teatru-de-repertoriu-in-teatru-de-proiecte\/mediaPool\/ud81Wmv.jpg\" class=\"img-responsive img-180\" alt><\/a><\/div>\n<h2><a class=\"link-titlu\" href=\"https:\/\/ziaruldevrancea.ro\/actualitatea\/stiri-locale\/consiliul-local-focsani-a-aprobat-transformarea-teatrului-maior-gheorghe-pastia-din-teatru-de-repertoriu-in-teatru-de-proiecte\">Consiliul Local Foc\u0219ani a aprobat transformarea Teatrului \u201eMaior Gheorghe Pastia\u201d din teatru de repertoriu \u00een teatru de proiecte<\/a><\/h2>\n<div class=\"date-post\"><a href=\"https:\/\/ziaruldevrancea.ro\/autor\/nicolae-manoliu\">Nicolae Manoliu<\/a>, 31 iul 2026  <\/div>\n<\/div>\n<div class=\"grup-articol-listing\">\n<div class=\"cont-pils\"><a href=\"https:\/\/ziaruldevrancea.ro\/actualitatea\/stiri-locale\/descinderi-ale-politistilor-la-primaria-panciu.ipj-vrancea-confirma-un-dosar-penal-pentru-abuz-in-serviciu-delapidare-si-alte-infractiuni\"><img decoding=\"async\" src=\"https:\/\/zdvi.cname.ro\/180_135\/actualitatea\/stiri-locale\/descinderi-ale-politistilor-la-primaria-panciu.ipj-vrancea-confirma-un-dosar-penal-pentru-abuz-in-serviciu-delapidare-si-alte-infractiuni\/mediaPool\/ufn5cDV.jpg\" class=\"img-responsive img-180\" alt><\/a><\/div>\n<h2><a class=\"link-titlu\" href=\"https:\/\/ziaruldevrancea.ro\/actualitatea\/stiri-locale\/descinderi-ale-politistilor-la-primaria-panciu.ipj-vrancea-confirma-un-dosar-penal-pentru-abuz-in-serviciu-delapidare-si-alte-infractiuni\">Descinderi ale poli\u021bi\u0219tilor la Prim\u0103ria Panciu.IPJ Vrancea confirm\u0103 un dosar penal pentru abuz \u00een serviciu, delapidare \u0219i alte infrac\u021biuni<\/a><\/h2>\n<div class=\"date-post\"><a href=\"https:\/\/ziaruldevrancea.ro\/autor\/nicolae-manoliu\">Nicolae Manoliu<\/a>, 30 iul 2026  <\/div>\n<\/div>\n<div class=\"grup-articol-listing\">\n<div class=\"cont-pils\"><a href=\"https:\/\/ziaruldevrancea.ro\/actualitatea\/stiri-locale\/20-de-ani-de-la-tragedia-care-a-indoliat-vrancea\"><img decoding=\"async\" src=\"https:\/\/zdvi.cname.ro\/180_135\/actualitatea\/stiri-locale\/20-de-ani-de-la-tragedia-care-a-indoliat-vrancea\/mediaPool\/uZKmDUo.png\" class=\"img-responsive img-180\" alt><\/a><\/div>\n<h2><a class=\"link-titlu\" href=\"https:\/\/ziaruldevrancea.ro\/actualitatea\/stiri-locale\/20-de-ani-de-la-tragedia-care-a-indoliat-vrancea\">VIDEO | 20 de ani de la tragedia care a \u00eendoliat Vrancea<\/a><\/h2>\n<div class=\"date-post\"><a href=\"https:\/\/ziaruldevrancea.ro\/autor\/nicolae-manoliu\">Nicolae Manoliu<\/a>, 28 iul 2026  <\/div>\n<\/div>\n<\/div>\n<\/div>\n<\/div>\n<\/div>\n<div class=\"extra-articol listing-anunturi\">\n<h6>Anun\u021buri <span class=\"text-primary\">ZdV<\/span> Premium<\/h6>\n<div class=\"row\">\n<div class=\"col-lg-4 col-md-6 bloc-egal\"><a class=\"card-anunt\" href=\"https:\/\/ziaruldevrancea.ro\/anunturi\/imobiliare\/vanzari-case\/vand-casa-si-teren-in-panciu-anunt-72818\"><strong class=\"titlu\">V\u00e2nz\u0103ri case<\/strong><span class=\"text-anunt\">V\u00e2nd cas\u0103 cu 2 camere, buc\u0103t\u0103rie, baie,&#8230;<\/span><span class=\"data-anunt\">23.07.2026  <\/span><\/a><\/div>\n<div class=\"col-lg-4 col-md-6 bloc-egal\"><a class=\"card-anunt\" href=\"https:\/\/ziaruldevrancea.ro\/anunturi\/angajari\/cereri-angajari\/doresc-angajare-anunt-72815\"><strong class=\"titlu\">Cereri<\/strong><span class=\"text-anunt\">Doresc s\u0103 am grij\u0103 de un copil de gradini\u021b\u0103&#8230;<\/span><span class=\"data-anunt\">21.07.2026  <\/span><\/a><\/div>\n<div class=\"col-lg-4 col-md-6 bloc-egal\"><a class=\"card-anunt\" href=\"https:\/\/ziaruldevrancea.ro\/anunturi\/inchirieri\/locuinte-oferte\/primesc-in-gazda-anunt-72816\"><strong class=\"titlu\">Locuin\u021be oferte<\/strong><span class=\"text-anunt\">\u00a0Primesc \u00een gazd\u0103 la cas\u0103.<\/p>\n<p>Tel&#8230;.<\/span><span class=\"data-anunt\">21.07.2026  <\/span><\/a><\/div>\n<\/div>\n<\/div>\n<div class=\"bloc-widget widget-albastru\">\n    Ziarul de Vrancea \u00a0nu este responsabil juridic pentru con\u0163inutul textelor din comentariile de mai jos. Responsabilitatea pentru mesajele dumneavoastra v\u0103 revine \u00een exclusivitate.\n<\/div>\n<div class=\"comentarii-articol\" id=\"comentarii\">\n<h3>Comentarii: <span class=\"text-primary\">0<\/span><\/h3>\n<p><a href=\"https:\/\/ziaruldevrancea.ro\/actualitatea\/stiri-locale\/doliu-in-vrancea-luca-andronic-absolvent-al-liceului-ioan-slavici-panciu-si-a-pierdut-viata-in-accidentul-de-pe-dj-204e\" class=\"btn btn-success btn-adauga-com\" data-toggle=\"modal\" data-parent=\"0\" data-target=\"#commentModal\">Adaug\u0103 comentariu<\/a><\/p>\n<div class=\"loadMask comments-mask\"><img decoding=\"async\" src=\"https:\/\/zdvs.cname.ro\/images\/loader_40.gif\"><\/div>\n<div class=\"comenteaza-jos\">Trebuie s\u0103 fii <a href=\"https:\/\/ziaruldevrancea.ro\/account\">autentificat<\/a> pentru a putea <a href=\"https:\/\/ziaruldevrancea.ro\/actualitatea\/stiri-locale\/doliu-in-vrancea-luca-andronic-absolvent-al-liceului-ioan-slavici-panciu-si-a-pierdut-viata-in-accidentul-de-pe-dj-204e\" class data-toggle=\"modal\" data-parent=\"0\" data-target=\"#commentModal\">posta un comentariu<\/a>.<\/div>\n<\/div>\n<div class=\"modal fade\" id=\"commentModal\" role=\"dialog\" aria-labelledby=\"commentModalLabel\">\n<div class=\"modal-dialog modal-lg\" role=\"document\">\n<div class=\"modal-content\">\n<div class=\"modal-header\">\n<h3 class=\"modal-title\" id=\"commentModalLabel\">Comenteaz\u0103<\/h3>\n<\/div>\n<div class=\"modal-body\">\n<div class=\"tabel tabel-full\">\n<div class=\"celula\">\n              Trebuie s\u0103 fii <a href=\"https:\/\/ziaruldevrancea.ro\/account\">autentificat<\/a> pentru a putea posta un comentariu.\n            <\/div>\n<\/div>\n<\/div>\n<div class=\"modal-footer\">\n<div id=\"commentPending\" class=\"formPending pull-left\"><img decoding=\"async\" src=\"https:\/\/zdvs.cname.ro\/images\/loader_40.gif\"> In curs de procesare&#8230;<\/div>\n<p><a href=\"https:\/\/ziaruldevrancea.ro\/actualitatea\/stiri-locale\/doliu-in-vrancea-luca-andronic-absolvent-al-liceului-ioan-slavici-panciu-si-a-pierdut-viata-in-accidentul-de-pe-dj-204e\" class=\"btn btn-default\" data-dismiss=\"modal\">Anuleaz\u0103<\/a><\/div>\n<\/div>\n<\/div>\n<\/div>\n<div class=\"modal fade\" id=\"commentReportModal\" role=\"dialog\" aria-labelledby=\"commentReportModalLabel\">\n<div class=\"modal-dialog modal-lg\" role=\"document\">\n<div class=\"modal-content\">\n<div class=\"modal-header\">\n<h3 class=\"modal-title\" id=\"commentReportModalLabel\">Raporteaza comentariu<\/h3>\n<\/div>\n<div class=\"modal-body\">\n<div class=\"tabel tabel-full\">\n<div class=\"celula\">\n              Trebuie s\u0103 fii <a href=\"https:\/\/ziaruldevrancea.ro\/account\">autentificat<\/a> pentru a putea raporta un comentariu.\n            <\/div>\n<\/div>\n<\/div>\n<div class=\"modal-footer\">\n<div id=\"commentReportPending\" class=\"formPending pull-left\"><img decoding=\"async\" src=\"https:\/\/zdvs.cname.ro\/images\/loader_40.gif\"> In curs de procesare&#8230;<\/div>\n<p><a href=\"https:\/\/ziaruldevrancea.ro\/actualitatea\/stiri-locale\/doliu-in-vrancea-luca-andronic-absolvent-al-liceului-ioan-slavici-panciu-si-a-pierdut-viata-in-accidentul-de-pe-dj-204e\" class=\"btn btn-default\" data-dismiss=\"modal\">Anuleaz\u0103<\/a><\/div>\n<\/div>\n<\/div>\n<\/div>\n<div class=\"modal fade\" id=\"commentLikeModal\" role=\"dialog\" aria-labelledby=\"commentLikeModalLabel\">\n<div class=\"modal-dialog modal-lg\" role=\"document\">\n<div class=\"modal-content\">\n<div class=\"modal-header\">\n<h3 class=\"modal-title\" id=\"commentReportModalLabel\">Apreciaza comentariu<\/h3>\n<\/div>\n<div class=\"modal-body\">\n<div class=\"tabel tabel-full\">\n<div class=\"celula\">\n            Trebuie s\u0103 fii <a href=\"https:\/\/ziaruldevrancea.ro\/account\">autentificat<\/a> pentru a putea aprecia un comentariu.\n          <\/div>\n<\/div>\n<\/div>\n<div class=\"modal-footer\"><a href=\"https:\/\/ziaruldevrancea.ro\/actualitatea\/stiri-locale\/doliu-in-vrancea-luca-andronic-absolvent-al-liceului-ioan-slavici-panciu-si-a-pierdut-viata-in-accidentul-de-pe-dj-204e\" class=\"btn btn-default\" data-dismiss=\"modal\">Anuleaz\u0103<\/a><\/div>\n<\/div>\n<\/div>\n<\/div>\n<div class=\"bloc-widget widget-rosu\"><span><small>Ziarul de Vrancea doreste ca acest site sa fie un spatiu al discutiilor civilizate, al comentariilor de bun simt. Din acest motiv, cei care posteaza comentarii la articole trebuie sa respecte urmatoarele reguli:<br \/>\n1. Sa se refere doar la articolul la care posteaza comentarii.<br \/>\n2. Sa foloseasca un limbaj civilizat, fara injurii, calomnii, comentarii antisemite, xenofobe sau rasiste.<br \/>\n3. Sunt interzise atacurile la adresa autorilor, daca acestea nu au legatura cu textul.<br \/>\n4. Username-ul sa nu fie nume de personalitati ale vietii publice sau parodieri ale acestora.<br \/>\nAutorul unui articol poate fi criticat pentru eventuale greseli, incoerenta, lipsa de documentare etc.<br \/>\nNerespectarea regulilor mentionate mai sus va duce la stergerea comentariilor, fara avertisment si fara explicatii.<br \/>\nAbaterile repetate vor avea drept consecinta interdictia accesului la aceasta facilitate a site-ului.<\/small><\/span><\/div>\n<\/div>\n<p>[analyse_source url=&#8221;https:\/\/ziaruldevrancea.ro\/actualitatea\/stiri-locale\/doliu-in-vrancea-luca-andronic-absolvent-al-liceului-ioan-slavici-panciu-si-a-pierdut-viata-in-accidentul-de-pe-dj-204e&#8221;]<\/p>\n","protected":false},"excerpt":{"rendered":"<p>[analyse_image type=&#8221;featured&#8221; src=&#8221;https:\/\/zdvi.cname.ro\/_\/doliu-in-vrancea-luca-andronic-absolvent-al-liceului-ioan-slavici-panciu-si-a-pierdut-viata-in-accidentul-de-pe-dj-204e\/mediaPool\/uxA009l.jpg&#8221;] Local Doliu \u00een Vrancea: Luca Andronic, absolvent al Liceului \u201eIoan Slavici\u201d Panciu, \u0219i-a pierdut via\u021ba \u00een accidentul de pe DJ 204E Distribuie: \u00a0 | Nicolae Manoliu 27 iul 202612123 vizualiz\u0103ri Se preg\u0103tea s\u0103 dea admiterea la Medicin\u0103. Comunitatea din Panciu este \u00een stare de \u0219oc dup\u0103 moartea t\u00e2n\u0103rului de 18 ani. Luca [&hellip;]<\/p>\n","protected":false},"author":1,"featured_media":0,"comment_status":"open","ping_status":"","sticky":false,"template":"","format":"standard","meta":{"footnotes":""},"categories":[89],"tags":[226,208],"class_list":["post-2071048","post","type-post","status-publish","format-standard","hentry","category-romania","tag-crawlmanager","tag-ziaruldevrancea-ro"],"_links":{"self":[{"href":"https:\/\/analyse.optim.biz\/index.php?rest_route=\/wp\/v2\/posts\/2071048","targetHints":{"allow":["GET"]}}],"collection":[{"href":"https:\/\/analyse.optim.biz\/index.php?rest_route=\/wp\/v2\/posts"}],"about":[{"href":"https:\/\/analyse.optim.biz\/index.php?rest_route=\/wp\/v2\/types\/post"}],"author":[{"embeddable":true,"href":"https:\/\/analyse.optim.biz\/index.php?rest_route=\/wp\/v2\/users\/1"}],"replies":[{"embeddable":true,"href":"https:\/\/analyse.optim.biz\/index.php?rest_route=%2Fwp%2Fv2%2Fcomments&post=2071048"}],"version-history":[{"count":0,"href":"https:\/\/analyse.optim.biz\/index.php?rest_route=\/wp\/v2\/posts\/2071048\/revisions"}],"wp:attachment":[{"href":"https:\/\/analyse.optim.biz\/index.php?rest_route=%2Fwp%2Fv2%2Fmedia&parent=2071048"}],"wp:term":[{"taxonomy":"category","embeddable":true,"href":"https:\/\/analyse.optim.biz\/index.php?rest_route=%2Fwp%2Fv2%2Fcategories&post=2071048"},{"taxonomy":"post_tag","embeddable":true,"href":"https:\/\/analyse.optim.biz\/index.php?rest_route=%2Fwp%2Fv2%2Ftags&post=2071048"}],"curies":[{"name":"wp","href":"https:\/\/api.w.org\/{rel}","templated":true}]}}