{"id":2071045,"date":"2026-07-27T00:00:00","date_gmt":"2026-07-26T21:00:00","guid":{"rendered":"https:\/\/analyse.optim.biz\/?p=2071045"},"modified":"2026-07-27T00:00:00","modified_gmt":"2026-07-26T21:00:00","slug":"prima-pagina-a-ziarului-de-vrancea-27-iulie-2026-tragedii-performante-mondiale-si-subiectele-care-marcheaza-inceputul-saptamanii-in-judet","status":"publish","type":"post","link":"https:\/\/analyse.optim.biz\/?p=2071045","title":{"rendered":"Prima pagin\u0103 a Ziarului de Vrancea | 27 iulie 2026: Tragedii, performan\u021be mondiale \u0219i subiectele care marcheaz\u0103 \u00eenceputul s\u0103pt\u0103m\u00e2nii \u00een jude\u021b"},"content":{"rendered":"<p>[analyse_image type=&#8221;featured&#8221; src=&#8221;https:\/\/zdvi.cname.ro\/_\/prima-pagina-a-ziarului-de-vrancea-27-iulie-2026\/mediaPool\/urMYLNO.jpg&#8221;]<\/p>\n<div class=\"main-content detaliu-articol\"><a class=\"titlu-cat-list\" href=\"https:\/\/ziaruldevrancea.ro\/actualitatea\/stiri-locale\">Local<\/a><\/p>\n<h1>Prima pagin\u0103 a Ziarului de Vrancea | 27 iulie 2026: Tragedii, performan\u021be mondiale \u0219i subiectele care marcheaz\u0103 \u00eenceputul s\u0103pt\u0103m\u00e2nii \u00een jude\u021b  <\/h1>\n<div class=\"date-articol clearfix\">\n<div class=\"distribuie-articol dropdown\">\n    Distribuie: \u00a0<br \/>\n    <em>|<\/em><\/div>\n<div class=\"autor-articol\"><a href=\"https:\/\/ziaruldevrancea.ro\/autor\/rodica-condurache\/\"><img decoding=\"async\" class=\"img-circle\" src=\"https:\/\/zdvi.cname.ro\/50_50\/articleAuthor\/rodica-condurache\/articleAuthor\/uy6Kz5r.jpg\" alt><\/a><\/p>\n<h5><a href=\"https:\/\/ziaruldevrancea.ro\/autor\/rodica-condurache\/\">Rodica Condurache<\/a><\/h5>\n<div class=\"grup-spatiere\"><span class=\"cu-spatiere\">27 iul 2026<\/span><span class=\"cu-spatiere\">627 vizualiz\u0103ri<\/span><\/div>\n<\/div>\n<\/div>\n<div class=\"poza-mare\"><a href class=\"openGallery\"><img decoding=\"async\" class=\"img-responsive\" src=\"https:\/\/zdvi.cname.ro\/850_530\/prima-pagina-a-ziarului-de-vrancea-27-iulie-2026\/article\/mediaPool\/urMYLNO.jpg\" alt><\/a><\/div>\n<p>De la tragediile care au \u00eendoliat comunitatea vr\u00e2ncean\u0103 \u0219i accidentele grave petrecute \u00een jude\u021b, p\u00e2n\u0103 la performan\u021bele interna\u021bionale ale tinerilor \u0219i calendarul zilei de 27 iulie, edi\u021bia tip\u0103rit\u0103 a <strong>Ziarului de Vrancea<\/strong> de ast\u0103zi aduce \u00een prim-plan cele mai importante evenimente locale \u0219i na\u021bionale. Sunt subiecte care vorbesc despre siguran\u021b\u0103, educa\u021bie, performan\u021b\u0103 \u0219i via\u021ba de zi cu zi a vr\u00e2ncenilor.<\/p>\n<p>Turism, economie, educa\u021bie, siguran\u021b\u0103 public\u0103 \u0219i via\u021ba real\u0103 a vr\u00e2ncenilor, toate pe prima pagin\u0103 a Ziarului de Vrancea. Cite\u0219te, analizeaz\u0103 \u0219i afl\u0103 ce al\u021bii \u00ee\u021bi ascund \u00een Ziarul de Vrancea acces\u00e2nd link-ul al\u0103turat: \u0219i\/sau achizi\u021bion\u00e2nd edi\u021bia tip\u0103tir\u0103 a cotidianului nostru, de la urm\u0103toarele puncte de difuzare a presei din Foc\u0219ani: Pia\u021ba Moldovei; B-dul Unirii, la chio\u0219cul Filocart, Carrefour; Kaufland, Sta\u021bia autobuz B-dul Independen\u021bei, fa\u021b\u0103-n fa\u021b\u0103 cu sediul AJFP (Finan\u021be); sediul Ziarului de Vrancea (B-dul Independen\u021bei nr 23-25-fa\u021b\u0103-n fa\u021b\u0103 cu Benzin\u0103ria MOL). Abonamnete prin Direc\u021bia de Po\u0219t\u0103<\/p>\n<p>\u00a0<\/p>\n<p><img decoding=\"async\" alt src=\"https:\/\/zdvi.cname.ro\/_\/mediaPool-file\/mediaPool\/urMYLNO.jpg\"><\/p>\n<p><strong>Prima pagin\u0103 a Ziarului de Vrancea din 27 iulie 2026: cele mai importante subiecte ale zilei<\/strong><\/p>\n<p>Edi\u021bia de <strong>luni, 27 iulie 2026<\/strong>, a <strong>Ziarului de Vrancea<\/strong> propune cititorilor o imagine complet\u0103 asupra evenimentelor care au marcat sf\u00e2r\u0219itul de s\u0103pt\u0103m\u00e2n\u0103 \u00een jude\u021b \u0219i \u00een Rom\u00e2nia.<\/p>\n<p>\u00cen deschiderea edi\u021biei se afl\u0103 drama care a impresionat \u00eentreaga comunitate vr\u00e2ncean\u0103: <strong>Luca Andronic<\/strong>, absolvent al Liceului Teoretic \u201eIoan Slavici\u201d Panciu, \u0219i-a pierdut via\u021ba \u00eentr-un grav accident rutier produs \u00eentre Panciu \u0219i Haret. Tragedia readuce \u00een aten\u021bie riscurile de pe drumurile jude\u021bene \u0219i necesitatea respect\u0103rii regulilor de circula\u021bie.<\/p>\n<p>Un alt eveniment dramatic este <strong>accidentul mortal din zona Ti\u0219i\u021ba<\/strong>, unde o femeie \u0219i-a pierdut via\u021ba \u00een urma coliziunii dintre dou\u0103 autoturisme. Poli\u021bi\u0219tii continu\u0103 cercet\u0103rile pentru stabilirea tuturor \u00eemprejur\u0103rilor producerii accidentului.<\/p>\n<p>Tot la capitolul siguran\u021b\u0103 public\u0103, edi\u021bia prezint\u0103 cazul unei <strong>agresiuni grave din comuna Ploscu\u021beni<\/strong>, unde un b\u0103rbat se afl\u0103 \u00een stare critic\u0103, iar familia sus\u021bine c\u0103 victima este \u00een com\u0103. Ancheta este \u00een desf\u0103\u0219urare.<\/p>\n<p>\u00cen contrast cu aceste \u0219tiri dramatice, prima pagin\u0103 aduce \u0219i o veste excelent\u0103 pentru jude\u021b: <strong>Bianca \u0218erban din Foc\u0219ani<\/strong> a cucerit titlul mondial la <strong>WCOPA 2026<\/strong>, ob\u021bin\u00e2nd o medalie de aur pentru Rom\u00e2nia \u0219i Vrancea pe scena competi\u021biei desf\u0103\u0219urate la Las Vegas.<\/p>\n<p>Tot \u00een domeniul educa\u021biei \u0219i performan\u021bei, cititorii pot afla despre <strong>dubla reu\u0219it\u0103 a elevilor Colegiului Na\u021bional \u201eUnirea\u201d Foc\u0219ani la Festivalul Boovie<\/strong>, una dintre cele mai importante competi\u021bii educa\u021bionale din Rom\u00e2nia.<\/p>\n<p>Pe prima pagin\u0103 sunt prezentate \u0219i informa\u021bii despre interven\u021bia dramatic\u0103 desf\u0103\u0219urat\u0103 la <strong>Adjud<\/strong>, unde salvatorii au \u00eencercat s\u0103 recupereze un t\u00e2n\u0103r surprins sub un mal de p\u0103m\u00e2nt, interven\u021bie \u00eencheiat\u0103 tragic.<\/p>\n<p>Ca \u00een fiecare edi\u021bie de luni, cititorii g\u0103sesc \u0219i <strong>rezultatele extragerilor Loto<\/strong>, cursul valutar BNR \u0219i <strong>Calendarul zilei<\/strong>.<\/p>\n<p><strong>27 iulie \u00een istorie \u2013 evenimente \u0219i personalit\u0103\u021bi<\/strong><\/p>\n<p>Data de <strong>27 iulie<\/strong> este legat\u0103 de numeroase momente importante din istoria Rom\u00e2niei \u0219i a lumii.<\/p>\n<p>\u00cen aceast\u0103 zi sunt rememorate evenimente care au influen\u021bat evolu\u021bia politic\u0103, cultural\u0103 \u0219i \u0219tiin\u021bific\u0103, iar calendarul aminte\u0219te \u0219i personalit\u0103\u021bi marcante n\u0103scute sau disp\u0103rute la aceast\u0103 dat\u0103.<\/p>\n<p>Printre acestea se num\u0103r\u0103 <strong>regizorul Alexandru Tocilescu<\/strong> (n\u0103scut la 27 iulie 1946), una dintre figurile importante ale teatrului rom\u00e2nesc contemporan, ale c\u0103rui spectacole au r\u0103mas repere ale scenei rom\u00e2ne\u0219ti.<\/p>\n<p><strong>Informa\u021bia verificat\u0103 r\u0103m\u00e2ne esen\u021bial\u0103<\/strong><\/p>\n<p>\u00centr-o perioad\u0103 \u00een care informa\u021biile circul\u0103 rapid, iar dezinformarea este tot mai prezent\u0103 \u00een mediul online, edi\u021bia tip\u0103rit\u0103 \u0219i cea digital\u0103 a <strong>Ziarului de Vrancea<\/strong> ofer\u0103 \u0219tiri documentate, verificate \u0219i prezentate \u00eentr-un mod echilibrat.<\/p>\n<p>Cititorii pot afla detalii despre toate subiectele prezentate pe prima pagin\u0103 acces\u00e2nd edi\u021bia online sau achizi\u021bion\u00e2nd ziarul tip\u0103rit din punctele de difuzare din municipiul Foc\u0219ani:<\/p>\n<ul>\n<li>\n<p>Pia\u021ba Moldovei;<\/p>\n<\/li>\n<li>\n<p>chio\u0219cul Filocart de pe Bulevardul Unirii;<\/p>\n<\/li>\n<li>\n<p>Carrefour;<\/p>\n<\/li>\n<li>\n<p>Kaufland;<\/p>\n<\/li>\n<li>\n<p>sta\u021bia de autobuz de pe Bulevardul Independen\u021bei (vizavi de AJFP Vrancea);<\/p>\n<\/li>\n<li>\n<p>sediul <strong>Ziarului de Vrancea<\/strong>, Bulevardul Independen\u021bei nr. 23-25 (vizavi de benzin\u0103ria MOL).<\/p>\n<\/li>\n<\/ul>\n<p>De asemenea, edi\u021bia poate fi primit\u0103 prin abonament, prin intermediul Direc\u021biei Jude\u021bene de Po\u0219t\u0103.<\/p>\n<p>\u00a0<\/p>\n<hr>\n<div class=\"bloc-widget widget-rosu\">\n<p>\u00cen lipsa unui acord scris din partea Ziarului de Vrancea, pute\u0163i prelua maxim 500 de caractere din acest articol dac\u0103 preciza\u0163i sursa \u015fi insera\u0163i vizibil link-ul articolului:\u00a0<span>#insertcurrentlinkhere<\/span><\/p>\n<\/div>\n<div class=\"extra-articol listing-anunturi\">\n<h6>Anun\u021buri <span class=\"text-primary\">ZdV<\/span> Premium<\/h6>\n<div class=\"row\">\n<div class=\"col-lg-4 col-md-6 bloc-egal\"><a class=\"card-anunt\" href=\"https:\/\/ziaruldevrancea.ro\/anunturi\/imobiliare\/vanzari-terenuri\/vand-teren-in-panciu\"><strong class=\"titlu\">V\u00e2nz\u0103ri terenuri<\/strong><span class=\"text-anunt\">Teren Panciu 1170 mp, cu num\u0103r cas\u0103, ap\u0103&#8230;<\/span><span class=\"data-anunt\">29.07.2026  <\/span><\/a><\/div>\n<div class=\"col-lg-4 col-md-6 bloc-egal\"><a class=\"card-anunt\" href=\"https:\/\/ziaruldevrancea.ro\/anunturi\/altele\/anulare-acte\/vand-scrumbii-afumate-capturi-dunare\"><strong class=\"titlu\">Vanzari diverse<\/strong><span class=\"text-anunt\">Pret : 117 lei \/ kg . \u00a0 Este&#8230;<\/span><span class=\"data-anunt\">29.07.2026 , Gala\u021bi , Gala\u021bi<\/span><\/a><\/div>\n<div class=\"col-lg-4 col-md-6 bloc-egal\"><a class=\"card-anunt\" href=\"https:\/\/ziaruldevrancea.ro\/anunturi\/necrolog\/decese\/dumnezeu-sa-o-aseze-in-randul-celor-drepti\"><strong class=\"titlu\">Decese<\/strong><span class=\"text-anunt\">Cu profund\u0103 durere, familia anun\u021b\u0103 trecerea la&#8230;<\/span><span class=\"data-anunt\">28.07.2026  <\/span><\/a><\/div>\n<\/div>\n<\/div>\n<div class=\"extra-articol alte-articole\">\n<div class=\"row\">\n<div class=\"col-lg-6 bloc-egal\">\n<div class=\"card articol-listing\">\n<h6>\u00cen categoria <a href=\"https:\/\/ziaruldevrancea.ro\/actualitatea\/stiri-locale\">Local<\/a><\/h6>\n<div class=\"grup-articol-listing\">\n<div class=\"cont-pils\"><a href=\"https:\/\/ziaruldevrancea.ro\/actualitatea\/stiri-locale\/foto-pompierii-isu-vrancea-au-dus-lectii-de-siguranta-in-gura-calitei\"><img decoding=\"async\" src=\"https:\/\/zdvi.cname.ro\/180_135\/actualitatea\/stiri-locale\/foto-pompierii-isu-vrancea-au-dus-lectii-de-siguranta-in-gura-calitei\/mediaPool\/unTARgF.jpeg\" class=\"img-responsive img-180\" alt><\/a><\/div>\n<h2><a class=\"link-titlu\" href=\"https:\/\/ziaruldevrancea.ro\/actualitatea\/stiri-locale\/foto-pompierii-isu-vrancea-au-dus-lectii-de-siguranta-in-gura-calitei\">Foto | Pompierii ISU Vrancea au dus lec\u021bii de siguran\u021b\u0103 \u00een Gura Cali\u021bei<\/a><\/h2>\n<div class=\"date-post\"><a href=\"https:\/\/ziaruldevrancea.ro\/autor\/petre-paraschiv\">Petre Paraschiv<\/a>, 31 iul 2026  <\/div>\n<\/div>\n<div class=\"grup-articol-listing\">\n<div class=\"cont-pils\"><a href=\"https:\/\/ziaruldevrancea.ro\/actualitatea\/stiri-locale\/vrancea-soferii-cu-permis-categoria-b-care-fac-transport-contra-cost-trebuie-sa-obtina-un-document-obligatoriu.\"><img decoding=\"async\" src=\"https:\/\/zdvi.cname.ro\/180_135\/actualitatea\/stiri-locale\/vrancea-soferii-cu-permis-categoria-b-care-fac-transport-contra-cost-trebuie-sa-obtina-un-document-obligatoriu.\/mediaPool\/uABp3Hl.jpg\" class=\"img-responsive img-180\" alt><\/a><\/div>\n<h2><a class=\"link-titlu\" href=\"https:\/\/ziaruldevrancea.ro\/actualitatea\/stiri-locale\/vrancea-soferii-cu-permis-categoria-b-care-fac-transport-contra-cost-trebuie-sa-obtina-un-document-obligatoriu.\">Vrancea: \u0218oferii cu permis categoria B care fac transport contra cost trebuie s\u0103 ob\u021bin\u0103 un document obligatoriu<\/a><\/h2>\n<div class=\"date-post\"><a href=\"https:\/\/ziaruldevrancea.ro\/autor\/ionel-sclavone\">Ionel Sclavone<\/a>, 31 iul 2026  <\/div>\n<\/div>\n<div class=\"grup-articol-listing\">\n<div class=\"cont-pils\"><a href=\"https:\/\/ziaruldevrancea.ro\/actualitatea\/stiri-locale\/comisariatul-militar-din-focsani-un-simbol-al-istoriei-vrancei-renaste-prin-restaurare.-povestea-cladirii-care-a-gazduit-divizia-6-infanterie\"><img decoding=\"async\" src=\"https:\/\/zdvi.cname.ro\/180_135\/actualitatea\/stiri-locale\/comisariatul-militar-din-focsani-un-simbol-al-istoriei-vrancei-renaste-prin-restaurare.-povestea-cladirii-care-a-gazduit-divizia-6-infanterie\/mediaPool\/u5btavU.jpg\" class=\"img-responsive img-180\" alt><\/a><\/div>\n<h2><a class=\"link-titlu\" href=\"https:\/\/ziaruldevrancea.ro\/actualitatea\/stiri-locale\/comisariatul-militar-din-focsani-un-simbol-al-istoriei-vrancei-renaste-prin-restaurare.-povestea-cladirii-care-a-gazduit-divizia-6-infanterie\">Comisariatul Militar din Foc\u0219ani, un simbol al istoriei Vrancei, rena\u0219te prin restaurare. Povestea cl\u0103dirii care a g\u0103zduit Divizia 6 Infanterie<\/a><\/h2>\n<div class=\"date-post\"><a href=\"https:\/\/ziaruldevrancea.ro\/autor\/florin-marian-dirdala\">Florin Marian D\u00eerdal\u0103<\/a>, 31 iul 2026  <\/div>\n<\/div>\n<\/div>\n<\/div>\n<div class=\"col-lg-6 bloc-egal\">\n<div class=\"card articol-listing\">\n<h6>De acela\u0219i <a href=\"https:\/\/ziaruldevrancea.ro\/autor\/rodica-condurache\/\">autor<\/a><\/h6>\n<div class=\"grup-articol-listing\">\n<div class=\"cont-pils\"><a href=\"https:\/\/ziaruldevrancea.ro\/actualitatea\/stiri-locale\/prima-pagina-a-ziarului-de-vrancea-de-astazi-31-iulie-2026\"><img decoding=\"async\" src=\"https:\/\/zdvi.cname.ro\/180_135\/actualitatea\/stiri-locale\/prima-pagina-a-ziarului-de-vrancea-de-astazi-31-iulie-2026\/mediaPool\/utzqu1b.jpg\" class=\"img-responsive img-180\" alt><\/a><\/div>\n<h2><a class=\"link-titlu\" href=\"https:\/\/ziaruldevrancea.ro\/actualitatea\/stiri-locale\/prima-pagina-a-ziarului-de-vrancea-de-astazi-31-iulie-2026\">Prima pagin\u0103 a Ziarului de Vrancea de ast\u0103zi, 31 iulie 2026: accidente, investi\u021bii, economie \u0219i cele mai importante \u0219tiri ale jude\u021bului  <\/a><\/h2>\n<div class=\"date-post\"><a href=\"https:\/\/ziaruldevrancea.ro\/autor\/rodica-condurache\">Rodica Condurache<\/a>, 31 iul 2026  <\/div>\n<\/div>\n<div class=\"grup-articol-listing\">\n<div class=\"cont-pils\"><a href=\"https:\/\/ziaruldevrancea.ro\/timp-liber\/astazi-despre-psihologul-clinician-andrei-partos---om-bun---nevoia-de-a-repune-muzica-si-poezia-romaneasca-la-un-loc-bun\"><img decoding=\"async\" src=\"https:\/\/zdvi.cname.ro\/180_135\/timp-liber\/astazi-despre-psihologul-clinician-andrei-partos---om-bun---nevoia-de-a-repune-muzica-si-poezia-romaneasca-la-un-loc-bun\/mediaPool\/uYSVhEO.jpg\" class=\"img-responsive img-180\" alt><\/a><\/div>\n<h2><a class=\"link-titlu\" href=\"https:\/\/ziaruldevrancea.ro\/timp-liber\/astazi-despre-psihologul-clinician-andrei-partos---om-bun---nevoia-de-a-repune-muzica-si-poezia-romaneasca-la-un-loc-bun\">VIDEO V\u0103 mai aminti\u021bi de \u201eRADIO VACAN\u021aA COSTINE\u0218TI\u201d? Ast\u0103zi despre vocea Costine\u015ftiului de alt\u0103dat\u0103. Andrei Parto\u0219 &#8211; Psihologul clinician care dup\u0103 zece ani de activitate s-a dedicat nevoii de a repune muzica \u015fi poezia rom\u00e2neasc\u0103 la un loc bun<\/a><\/h2>\n<div class=\"date-post\"><a href=\"https:\/\/ziaruldevrancea.ro\/autor\/rodica-condurache\">Rodica Condurache<\/a>, 31 iul 2026  <\/div>\n<\/div>\n<div class=\"grup-articol-listing\">\n<div class=\"cont-pils\"><a href=\"https:\/\/ziaruldevrancea.ro\/timp-liber\/horoscop-31-iulie-2026\"><img decoding=\"async\" src=\"https:\/\/zdvi.cname.ro\/180_135\/timp-liber\/horoscop-31-iulie-2026\/mediaPool\/uA8enxT.jpg\" class=\"img-responsive img-180\" alt><\/a><\/div>\n<h2><a class=\"link-titlu\" href=\"https:\/\/ziaruldevrancea.ro\/timp-liber\/horoscop-31-iulie-2026\">Horoscop 31 iulie 2026 <\/a><\/h2>\n<div class=\"date-post\"><a href=\"https:\/\/ziaruldevrancea.ro\/autor\/rodica-condurache\">Rodica Condurache<\/a>, 31 iul 2026  <\/div>\n<\/div>\n<\/div>\n<\/div>\n<\/div>\n<\/div>\n<div class=\"extra-articol listing-anunturi\">\n<h6>Anun\u021buri <span class=\"text-primary\">ZdV<\/span> Premium<\/h6>\n<div class=\"row\">\n<div class=\"col-lg-4 col-md-6 bloc-egal\"><a class=\"card-anunt\" href=\"https:\/\/ziaruldevrancea.ro\/anunturi\/imobiliare\/vanzari-case\/vand-casa-si-teren-in-panciu-anunt-72818\"><strong class=\"titlu\">V\u00e2nz\u0103ri case<\/strong><span class=\"text-anunt\">V\u00e2nd cas\u0103 cu 2 camere, buc\u0103t\u0103rie, baie,&#8230;<\/span><span class=\"data-anunt\">23.07.2026  <\/span><\/a><\/div>\n<div class=\"col-lg-4 col-md-6 bloc-egal\"><a class=\"card-anunt\" href=\"https:\/\/ziaruldevrancea.ro\/anunturi\/angajari\/cereri-angajari\/doresc-angajare-anunt-72815\"><strong class=\"titlu\">Cereri<\/strong><span class=\"text-anunt\">Doresc s\u0103 am grij\u0103 de un copil de gradini\u021b\u0103&#8230;<\/span><span class=\"data-anunt\">21.07.2026  <\/span><\/a><\/div>\n<div class=\"col-lg-4 col-md-6 bloc-egal\"><a class=\"card-anunt\" href=\"https:\/\/ziaruldevrancea.ro\/anunturi\/inchirieri\/locuinte-oferte\/primesc-in-gazda-anunt-72816\"><strong class=\"titlu\">Locuin\u021be oferte<\/strong><span class=\"text-anunt\">\u00a0Primesc \u00een gazd\u0103 la cas\u0103.<\/p>\n<p>Tel&#8230;.<\/span><span class=\"data-anunt\">21.07.2026  <\/span><\/a><\/div>\n<\/div>\n<\/div>\n<div class=\"bloc-widget widget-albastru\">\n    Ziarul de Vrancea \u00a0nu este responsabil juridic pentru con\u0163inutul textelor din comentariile de mai jos. Responsabilitatea pentru mesajele dumneavoastra v\u0103 revine \u00een exclusivitate.\n<\/div>\n<div class=\"comentarii-articol\" id=\"comentarii\">\n<h3>Comentarii: <span class=\"text-primary\">0<\/span><\/h3>\n<p><a href=\"https:\/\/ziaruldevrancea.ro\/actualitatea\/stiri-locale\/prima-pagina-a-ziarului-de-vrancea-27-iulie-2026\" class=\"btn btn-success btn-adauga-com\" data-toggle=\"modal\" data-parent=\"0\" data-target=\"#commentModal\">Adaug\u0103 comentariu<\/a><\/p>\n<div class=\"loadMask comments-mask\"><img decoding=\"async\" src=\"https:\/\/zdvs.cname.ro\/images\/loader_40.gif\"><\/div>\n<div class=\"comenteaza-jos\">Trebuie s\u0103 fii <a href=\"https:\/\/ziaruldevrancea.ro\/account\">autentificat<\/a> pentru a putea <a href=\"https:\/\/ziaruldevrancea.ro\/actualitatea\/stiri-locale\/prima-pagina-a-ziarului-de-vrancea-27-iulie-2026\" class data-toggle=\"modal\" data-parent=\"0\" data-target=\"#commentModal\">posta un comentariu<\/a>.<\/div>\n<\/div>\n<div class=\"modal fade\" id=\"commentModal\" role=\"dialog\" aria-labelledby=\"commentModalLabel\">\n<div class=\"modal-dialog modal-lg\" role=\"document\">\n<div class=\"modal-content\">\n<div class=\"modal-header\">\n<h3 class=\"modal-title\" id=\"commentModalLabel\">Comenteaz\u0103<\/h3>\n<\/div>\n<div class=\"modal-body\">\n<div class=\"tabel tabel-full\">\n<div class=\"celula\">\n              Trebuie s\u0103 fii <a href=\"https:\/\/ziaruldevrancea.ro\/account\">autentificat<\/a> pentru a putea posta un comentariu.\n            <\/div>\n<\/div>\n<\/div>\n<div class=\"modal-footer\">\n<div id=\"commentPending\" class=\"formPending pull-left\"><img decoding=\"async\" src=\"https:\/\/zdvs.cname.ro\/images\/loader_40.gif\"> In curs de procesare&#8230;<\/div>\n<p><a href=\"https:\/\/ziaruldevrancea.ro\/actualitatea\/stiri-locale\/prima-pagina-a-ziarului-de-vrancea-27-iulie-2026\" class=\"btn btn-default\" data-dismiss=\"modal\">Anuleaz\u0103<\/a><\/div>\n<\/div>\n<\/div>\n<\/div>\n<div class=\"modal fade\" id=\"commentReportModal\" role=\"dialog\" aria-labelledby=\"commentReportModalLabel\">\n<div class=\"modal-dialog modal-lg\" role=\"document\">\n<div class=\"modal-content\">\n<div class=\"modal-header\">\n<h3 class=\"modal-title\" id=\"commentReportModalLabel\">Raporteaza comentariu<\/h3>\n<\/div>\n<div class=\"modal-body\">\n<div class=\"tabel tabel-full\">\n<div class=\"celula\">\n              Trebuie s\u0103 fii <a href=\"https:\/\/ziaruldevrancea.ro\/account\">autentificat<\/a> pentru a putea raporta un comentariu.\n            <\/div>\n<\/div>\n<\/div>\n<div class=\"modal-footer\">\n<div id=\"commentReportPending\" class=\"formPending pull-left\"><img decoding=\"async\" src=\"https:\/\/zdvs.cname.ro\/images\/loader_40.gif\"> In curs de procesare&#8230;<\/div>\n<p><a href=\"https:\/\/ziaruldevrancea.ro\/actualitatea\/stiri-locale\/prima-pagina-a-ziarului-de-vrancea-27-iulie-2026\" class=\"btn btn-default\" data-dismiss=\"modal\">Anuleaz\u0103<\/a><\/div>\n<\/div>\n<\/div>\n<\/div>\n<div class=\"modal fade\" id=\"commentLikeModal\" role=\"dialog\" aria-labelledby=\"commentLikeModalLabel\">\n<div class=\"modal-dialog modal-lg\" role=\"document\">\n<div class=\"modal-content\">\n<div class=\"modal-header\">\n<h3 class=\"modal-title\" id=\"commentReportModalLabel\">Apreciaza comentariu<\/h3>\n<\/div>\n<div class=\"modal-body\">\n<div class=\"tabel tabel-full\">\n<div class=\"celula\">\n            Trebuie s\u0103 fii <a href=\"https:\/\/ziaruldevrancea.ro\/account\">autentificat<\/a> pentru a putea aprecia un comentariu.\n          <\/div>\n<\/div>\n<\/div>\n<div class=\"modal-footer\"><a href=\"https:\/\/ziaruldevrancea.ro\/actualitatea\/stiri-locale\/prima-pagina-a-ziarului-de-vrancea-27-iulie-2026\" class=\"btn btn-default\" data-dismiss=\"modal\">Anuleaz\u0103<\/a><\/div>\n<\/div>\n<\/div>\n<\/div>\n<div class=\"bloc-widget widget-rosu\"><span><small>Ziarul de Vrancea doreste ca acest site sa fie un spatiu al discutiilor civilizate, al comentariilor de bun simt. Din acest motiv, cei care posteaza comentarii la articole trebuie sa respecte urmatoarele reguli:<br \/>\n1. Sa se refere doar la articolul la care posteaza comentarii.<br \/>\n2. Sa foloseasca un limbaj civilizat, fara injurii, calomnii, comentarii antisemite, xenofobe sau rasiste.<br \/>\n3. Sunt interzise atacurile la adresa autorilor, daca acestea nu au legatura cu textul.<br \/>\n4. Username-ul sa nu fie nume de personalitati ale vietii publice sau parodieri ale acestora.<br \/>\nAutorul unui articol poate fi criticat pentru eventuale greseli, incoerenta, lipsa de documentare etc.<br \/>\nNerespectarea regulilor mentionate mai sus va duce la stergerea comentariilor, fara avertisment si fara explicatii.<br \/>\nAbaterile repetate vor avea drept consecinta interdictia accesului la aceasta facilitate a site-ului.<\/small><\/span><\/div>\n<\/div>\n<p>[analyse_source url=&#8221;https:\/\/ziaruldevrancea.ro\/actualitatea\/stiri-locale\/prima-pagina-a-ziarului-de-vrancea-27-iulie-2026&#8243;]<\/p>\n","protected":false},"excerpt":{"rendered":"<p>[analyse_image type=&#8221;featured&#8221; src=&#8221;https:\/\/zdvi.cname.ro\/_\/prima-pagina-a-ziarului-de-vrancea-27-iulie-2026\/mediaPool\/urMYLNO.jpg&#8221;] Local Prima pagin\u0103 a Ziarului de Vrancea | 27 iulie 2026: Tragedii, performan\u021be mondiale \u0219i subiectele care marcheaz\u0103 \u00eenceputul s\u0103pt\u0103m\u00e2nii \u00een jude\u021b Distribuie: \u00a0 | Rodica Condurache 27 iul 2026627 vizualiz\u0103ri De la tragediile care au \u00eendoliat comunitatea vr\u00e2ncean\u0103 \u0219i accidentele grave petrecute \u00een jude\u021b, p\u00e2n\u0103 la performan\u021bele interna\u021bionale ale tinerilor \u0219i [&hellip;]<\/p>\n","protected":false},"author":1,"featured_media":0,"comment_status":"open","ping_status":"","sticky":false,"template":"","format":"standard","meta":{"footnotes":""},"categories":[89],"tags":[226,208],"class_list":["post-2071045","post","type-post","status-publish","format-standard","hentry","category-romania","tag-crawlmanager","tag-ziaruldevrancea-ro"],"_links":{"self":[{"href":"https:\/\/analyse.optim.biz\/index.php?rest_route=\/wp\/v2\/posts\/2071045","targetHints":{"allow":["GET"]}}],"collection":[{"href":"https:\/\/analyse.optim.biz\/index.php?rest_route=\/wp\/v2\/posts"}],"about":[{"href":"https:\/\/analyse.optim.biz\/index.php?rest_route=\/wp\/v2\/types\/post"}],"author":[{"embeddable":true,"href":"https:\/\/analyse.optim.biz\/index.php?rest_route=\/wp\/v2\/users\/1"}],"replies":[{"embeddable":true,"href":"https:\/\/analyse.optim.biz\/index.php?rest_route=%2Fwp%2Fv2%2Fcomments&post=2071045"}],"version-history":[{"count":0,"href":"https:\/\/analyse.optim.biz\/index.php?rest_route=\/wp\/v2\/posts\/2071045\/revisions"}],"wp:attachment":[{"href":"https:\/\/analyse.optim.biz\/index.php?rest_route=%2Fwp%2Fv2%2Fmedia&parent=2071045"}],"wp:term":[{"taxonomy":"category","embeddable":true,"href":"https:\/\/analyse.optim.biz\/index.php?rest_route=%2Fwp%2Fv2%2Fcategories&post=2071045"},{"taxonomy":"post_tag","embeddable":true,"href":"https:\/\/analyse.optim.biz\/index.php?rest_route=%2Fwp%2Fv2%2Ftags&post=2071045"}],"curies":[{"name":"wp","href":"https:\/\/api.w.org\/{rel}","templated":true}]}}