{"id":207103,"date":"2014-04-25T06:31:29","date_gmt":"2014-04-25T03:31:29","guid":{"rendered":"https:\/\/analyse.optim.biz\/?p=207103"},"modified":"2014-04-25T06:31:29","modified_gmt":"2014-04-25T03:31:29","slug":"romania-din-nou-in-campanie-electorala-politicienii-lupta-pentru-32-de-mandate-intr-un-parlament-european-cu-puteri-sporite","status":"publish","type":"post","link":"https:\/\/analyse.optim.biz\/?p=207103","title":{"rendered":"Rom\u00e2nia, din nou \u00een campanie electoral\u0103. Politicienii lupt\u0103 pentru 32 de mandate \u00eentr-un Parlament European cu puteri sporite"},"content":{"rendered":"<div class=\"entry data-app-meta data-app-meta-article\" data-embed-base-url-canonical=\"https:\/\/www.digi24.ro\/embed\/stiri\/actualitate\/politica\/romania-din-nou-in-campanie-electorala-politicienii-lupta-pentru-32-de-mandate-intr-un-parlament-european-cu-puteri-sporite-234377\">\n<p data-index=\"1\"><span><strong>La miezul nop\u0163ii s-a dat oficial startul campaniei electorale pentru europarlamentare, moment \u00een care ora\u015fele au \u00eenceput s\u0103 fie \u00eemp\u00e2nzite de afi\u015fe cu imaginea celor care \u00ee\u015fi doresc un loc la Bruxelles. 32 de mandate sunt puse la b\u0103taie pentru rom\u00e2nii care vor s\u0103 \u00ee\u015fi reprezinte \u0163ara \u00een Parlamentul European.<\/strong><\/span><\/p>\n<p data-index=\"2\"><img decoding=\"async\" src=\"https:\/\/analyse.optim.biz\/wp-content\/uploads\/2024\/09\/ad0yymmyntcyodvhzdrimdlkogyxytg0m2e4zwnmzdq1nw-thumb_.jpg\" data-skip-htmlfix=\"1\" title=\"ad0yymmyntcyodvhzdrimdlkogyxytg0m2e4zwnmzdq1nw-thumb_\"><\/p>\n<p data-index=\"3\">Campania electoral\u0103 se desf\u0103\u015foar\u0103 timp de o lun\u0103 \u015fi se \u00eencheie cu o zi \u00eenainte de data alegerilor, respectiv pe <strong>24 mai<\/strong>, la <strong>ora 7:00<\/strong>.<\/p>\n<p data-index=\"4\">Potrivit legii, cei care lipesc afi\u015fe electorale \u00een spa\u0163ii nepermise risc\u0103 amenzi cuprinse \u00eentre <strong>1000<\/strong> \u015fi <strong>2500 de lei<\/strong>. De asemenea, este interzis\u0103 distrugerea, deteriorarea, murd\u0103rirea sau acoperirea afi\u015felor electorale.<\/p>\n<p data-index=\"5\">La scrutinul din 25 mai vor fi ale\u015fi cei <strong>32 de reprezentan\u0163i ai Rom\u00e2niei \u00een Parlamentul European<\/strong>. \u00cen curs\u0103 sunt \u00eenscrise 15 partide \u015fi alian\u0163e politice sau electorale \u015fi opt candida\u0163i independen\u0163i.<\/p>\n<p data-index=\"6\"><span><strong>Cine a furat startul<\/strong><\/span><\/p>\n<p data-index=\"7\">Unii candida\u0163i au furat startul campaniei electorale. \u00cen mai multe ora\u015fe din \u0163ar\u0103 au fost lipite \u00eenc\u0103 de joi afi\u015fe care le recomand\u0103 oamenilor cu cine s\u0103 voteze pe 25 mai. \u00cen centrul ora\u015fului <strong>Ploie\u015fti<\/strong>, pre\u015fedintele\u00a0Partidului Social Democrat, <strong>Victor Ponta<\/strong>, z\u00e2mbe\u015fte de pe un afi\u015f \u015fi anun\u0163\u0103 c\u0103 trimite la Bruxelles \u201e<em><strong>oameni care sunt m\u00e2ndri c\u0103 sunt rom\u00e2ni<\/strong><\/em>\u201d.<\/p>\n<p data-index=\"8\">\u015ei liberalii au amplasat corturi de campanie. La <strong>T\u00e2rgu-Jiu<\/strong>, organiza\u0163ia de tineret a PSD, \u00een parteneriat cu o firm\u0103 de ochelari, \u00eei anun\u0163a pe aleg\u0103tori c\u0103 pot beneficia de un <strong>consult oftalmologic gratuit<\/strong>.<\/p>\n<p data-index=\"9\"><strong>PN\u0162CD<\/strong> \u015fi <strong>Alian\u0163a Na\u0163ional\u0103 a Agricultorilor<\/strong> au \u00eenceput \u015fi ele s\u0103 \u00ee\u015fi pun\u0103 afi\u015fe electorale \u00een ora\u015fe \u00eenainte de debutul legal al campaniei.<\/p>\n<p data-index=\"10\"><span><strong>Parlament cu puteri sporite<\/strong><\/span><\/p>\n<p data-index=\"11\">Alegerile din 25 mai vor aduce la Bruxelles o nou\u0103 serie de eurodeputa\u0163i \u00eentr-un legislativ care va avea puterile mult sporite. Mai nou, Parlamentul European are putere de decizie \u00een noi domenii, inclusiv <strong>agricultura<\/strong>, <strong>imigrarea legal\u0103<\/strong> \u015fi <strong>fondurile structurale<\/strong>.<\/p>\n<p data-index=\"12\">\u00cen plus, majoritatea politic\u0103 rezultat\u0103 \u00een urma alegerilor va avea ultimul cuv\u00e2nt asupra <strong>bugetului comunitar<\/strong>, dar \u015fi asupra <strong>revizuirii tratatului Uniunii Europene<\/strong>.<\/p>\n<p data-index=\"13\">O premier\u0103 \u00een domeniu o va constitui <strong>alegerea de c\u0103tre Parlament a pre\u015fedintelui Comisiei Europene<\/strong>, \u00een toamna anului 2014. Familia european\u0103 care ob\u0163ine cel mai mare num\u0103r de eurodeputa\u0163i va avea prima \u015fans\u0103 de a da pre\u015fedintele Comisiei Europene.<\/p>\n<p data-index=\"14\">Pentru aceast\u0103 func\u0163ie important\u0103 au intrat deja \u00een curs\u0103 cinci partide politice europene: <strong>sociali\u015ftii, popularii, liberalii, verzii \u015fi St\u00e2nga European\u0103<\/strong>.<\/p>\n<p data-index=\"15\">Cum b\u0103t\u0103lia dintre sociali\u015fti \u015fi populari este str\u00e2ns\u0103, orice vot poate face diferen\u0163a. Tocmai de aceea, \u015fi \u00een Rom\u00e2nia competi\u0163ia pentru Parlamentul European se anun\u0163\u0103 mai intens\u0103 dec\u00e2t la precedentele scrutine.<\/p>\n<p data-index=\"16\">Romania are 32 de europarlamentari \u015fi este \u00eentrecut\u0103 doar de statele care au mai mul\u0163i locuitori: <strong>Germania<\/strong>, cu <strong>96<\/strong> de europarlamentari, <strong>Fran\u0163a &#8211; 74<\/strong>, <strong>Spania &#8211; 54<\/strong>, <strong>Italia &#8211; 73<\/strong>, <strong>Polonia &#8211; 51<\/strong> \u015fi <strong>Marea Britanie &#8211; 73<\/strong>.<\/p>\n<p data-index=\"17\">Alegerile pentru Parlamentul European se desf\u0103\u015foar\u0103 \u00een perioada 22-25 mai \u00een toate statele membre. \u00cen total, vor fi ale\u015fi\u00a0<strong>751 de europarlamentari<\/strong><span>\u00a0care vor crea \u00een urm\u0103torii cinci ani legisla\u0163ie comunitar\u0103 pentru peste\u00a0<\/span><strong>500 de milioane de cet\u0103\u0163eni<\/strong><span>.<\/span><\/p>\n<p data-index=\"18\"><span>Primele alegeri europene au avut loc \u00een 1979 \u015fi, de atunci, au loc o dat\u0103 la cinci ani.<\/span><\/p>\n<p data-index=\"19\"><span><strong>Speran\u0163ele politicienilor rom\u00e2ni<\/strong><\/span><\/p>\n<p data-index=\"20\">Cum la nivel european b\u0103t\u0103lia dintre sociali\u015fti \u015fi populari este str\u00e2ns\u0103, \u015fi \u00een \u0163ar\u0103 va fi la fel. <span>\u00cen curs\u0103 sunt \u00eenscrise 15 partide \u015fi alian\u0163e politice sau electorale \u015fi opt candida\u0163i independen\u0163i.<\/span><\/p>\n<p data-index=\"21\"><strong>Social-democra\u0163ii<\/strong> \u00ee\u015fi propun s\u0103 ob\u0163in\u0103 cel pu\u0163in 14 locuri din cele 32. <strong>Liberalii<\/strong> sper\u0103 \u015fi ei la cel pu\u0163in opt locuri, iar <strong>democrat-liberalii<\/strong> mizeaz\u0103 pe \u015fase locuri.<\/p>\n<p data-index=\"22\">C\u00e2te un loc sau dou\u0103 sper\u0103 s\u0103 ob\u0163in\u0103 \u015fi <strong>UDMR<\/strong>, <strong>PPDD<\/strong>, <strong>PRM<\/strong> \u015fi <strong>Mi\u015fcarea Popular\u0103<\/strong>. <strong>Mircea Diaconu<\/strong> va candida ca independent, dup\u0103 ce PNL nu l-a sus\u0163inut p\u00e2n\u0103 la cap\u0103t.<\/p>\n<p data-index=\"23\"><span><strong>Alegeri par\u0163iale \u00een paralel<\/strong><\/span><\/p>\n<p data-index=\"24\">Concomitent cu euroalegerile, Guvernul organizeaz\u0103 pe 25 mai \u015fi alegeri par\u0163iale pentru colegiile \u00een care sunt vacante locurile de parlamentar \u015fi pentru posturile libere de primari sau pre\u015fedin\u0163i de consilii jude\u0163ene.<\/p>\n<p data-index=\"25\"><strong>Alegeri par\u0163iale parlamentare<\/strong> vor avea loc \u00een <strong>Gala\u0163i, Gorj, Hunedoara, Ilfov, Satu Mare \u015fi Bucure\u015fti<\/strong>.<\/p>\n<p data-index=\"26\">\u00cen privin\u0163a <strong>alegerilor par\u0163iale locale<\/strong>, o miz\u0103 important\u0103 este pre\u015fedin\u0163ia <strong>Consiliului Jude\u0163ean Arge\u015f<\/strong>. Pozi\u0163ia a r\u0103mas vacant\u0103 dup\u0103 ce mandatul lui <strong>Constantin Nicolescu<\/strong> a \u00eencetat pentru conflict de interese.<\/p>\n<\/div>\n<p> Source URL: https:\/\/www.digi24.ro\/stiri\/actualitate\/politica\/romania-din-nou-in-campanie-electorala-politicienii-lupta-pentru-32-de-mandate-intr-un-parlament-european-cu-puteri-sporite-234377<\/p>\n","protected":false},"excerpt":{"rendered":"<p>La miezul nop\u0163ii s-a dat oficial startul campaniei electorale pentru europarlamentare, moment \u00een care ora\u015fele au \u00eenceput s\u0103 fie \u00eemp\u00e2nzite de afi\u015fe cu imaginea celor care \u00ee\u015fi doresc un loc la Bruxelles. 32 de mandate sunt puse la b\u0103taie pentru rom\u00e2nii care vor s\u0103 \u00ee\u015fi reprezinte \u0163ara \u00een Parlamentul European. Campania electoral\u0103 se desf\u0103\u015foar\u0103 timp [&hellip;]<\/p>\n","protected":false},"author":1,"featured_media":207104,"comment_status":"open","ping_status":"","sticky":false,"template":"","format":"standard","meta":{"footnotes":""},"categories":[2],"tags":[11],"class_list":["post-207103","post","type-post","status-publish","format-standard","has-post-thumbnail","hentry","category-politics","tag-digi24"],"_links":{"self":[{"href":"https:\/\/analyse.optim.biz\/index.php?rest_route=\/wp\/v2\/posts\/207103","targetHints":{"allow":["GET"]}}],"collection":[{"href":"https:\/\/analyse.optim.biz\/index.php?rest_route=\/wp\/v2\/posts"}],"about":[{"href":"https:\/\/analyse.optim.biz\/index.php?rest_route=\/wp\/v2\/types\/post"}],"author":[{"embeddable":true,"href":"https:\/\/analyse.optim.biz\/index.php?rest_route=\/wp\/v2\/users\/1"}],"replies":[{"embeddable":true,"href":"https:\/\/analyse.optim.biz\/index.php?rest_route=%2Fwp%2Fv2%2Fcomments&post=207103"}],"version-history":[{"count":0,"href":"https:\/\/analyse.optim.biz\/index.php?rest_route=\/wp\/v2\/posts\/207103\/revisions"}],"wp:featuredmedia":[{"embeddable":true,"href":"https:\/\/analyse.optim.biz\/index.php?rest_route=\/wp\/v2\/media\/207104"}],"wp:attachment":[{"href":"https:\/\/analyse.optim.biz\/index.php?rest_route=%2Fwp%2Fv2%2Fmedia&parent=207103"}],"wp:term":[{"taxonomy":"category","embeddable":true,"href":"https:\/\/analyse.optim.biz\/index.php?rest_route=%2Fwp%2Fv2%2Fcategories&post=207103"},{"taxonomy":"post_tag","embeddable":true,"href":"https:\/\/analyse.optim.biz\/index.php?rest_route=%2Fwp%2Fv2%2Ftags&post=207103"}],"curies":[{"name":"wp","href":"https:\/\/api.w.org\/{rel}","templated":true}]}}