{"id":2071028,"date":"2026-07-31T08:07:47","date_gmt":"2026-07-31T05:07:47","guid":{"rendered":"https:\/\/analyse.optim.biz\/?p=2071028"},"modified":"2026-07-31T08:07:47","modified_gmt":"2026-07-31T05:07:47","slug":"timisoara-linia-21-isi-modifica-traseul-de-luni-si-va-fi-deservita-de-autobuze-electrice-de-capacitate-mai-mica","status":"publish","type":"post","link":"https:\/\/analyse.optim.biz\/?p=2071028","title":{"rendered":"Timi\u0219oara: Linia 21 \u00ee\u0219i modific\u0103 traseul de luni \u0219i va fi deservit\u0103 de autobuze electrice de capacitate mai mic\u0103"},"content":{"rendered":"<p>[analyse_image type=&#8221;featured&#8221; src=&#8221;http:\/\/www.banatulmeu.ro\/wp-content\/uploads\/2026\/05\/IMG_3876.jpeg&#8221;]<\/p>\n<div class=\"post-content-bd\">\n<p>Societatea de Transport Public Timi\u0219oara (STPT) anun\u021b\u0103 c\u0103, \u00eencep\u00e2nd de luni, 3 august , traseul liniei 21 va fi modificat, ca urmare a sesiz\u0103rilor primite din partea locuitorilor privind zgomotul \u0219i trepida\u021biile produse de autobuzele de mare capacitate, dar \u0219i din cauza dificult\u0103\u021bilor de circula\u021bie pe unele str\u0103zi \u00eenguste, unde ma\u0219inile parcate reduc spa\u021biul disponibil pentru trafic.<span class=\"Apple-converted-space\">\u00a0<\/span><\/p>\n<p>Potrivit STPT, pentru a \u00eembun\u0103t\u0103\u021bi confortul c\u0103l\u0103torilor \u0219i pentru a diminua impactul asupra locuitorilor din zonele traversate, linia 21 va fi deservit\u0103 de autobuze electrice de capacitate mai mic\u0103, care produc mai pu\u021bin zgomot \u0219i mai pu\u021bine vibra\u021bii.<span class=\"Apple-converted-space\">\u00a0<\/span><\/p>\n<p>Noul traseu al <strong>liniei 21<\/strong> va fi urm\u0103torul:<\/p>\n<p><strong>Sensul tur:<\/strong> strada Traian Groz\u0103vescu \u2013 bulevardul Mihai Eminescu \u2013 strada Michelangelor \u2013 bulevardul Corneliu Coposu \u2013 strada Johann Heinrich Pestalozzi \u2013 strada Iepurelui \u2013 strada Baba Dochia \u2013 strada Andrei \u0218aguna \u2013 strada Iosif Vulcan \u2013 strada Canal Bega \u2013 strada Martir Cornel Popescu (1918) \u2013 strada Parcului \u2013 strada Iosif Costina\u0219 \u2013 strada Cocorilor \u2013 strada Martir Cornel Popescu (1918) \u2013 strada Nicolae Ticu Velea \u2013 strada J\u00f3kai M\u00f3r \u2013 strada Tata Oancea.<\/p>\n<p><strong>Sta\u021bii pe sensul tur:<\/strong> Traian Groz\u0103vescu, Parcul Copiilor, Pasaj Michelangelor, J. H. Pestalozzi, Liceul J. L. Calderon, Iepurelui, Andrei \u0218aguna, Iosif Vulcan, V. C\u00e2rlova (Uzina de Ap\u0103), Rudolf Walter, Alb\u0103strelelor, J\u00f3kai M\u00f3r, Martir C. Popescu, Calistrat Hoga\u0219, Parcului, Cocorilor \u0219i \u0218coala General\u0103 Plopi.<span class=\"Apple-converted-space\">\u00a0<\/span><\/p>\n<p><strong>Sensul retur:<\/strong> strada Tata Oancea \u2013 strada Alb\u0103strelelor \u2013 calea Mo\u0219ni\u021bei \u2013 strada Torac \u2013 strada C\u00e2mpului \u2013 strada Iosif Vulcan \u2013 strada Andrei \u0218aguna \u2013 strada Iepurelui \u2013 strada Johann Heinrich Pestalozzi \u2013 bulevardul Corneliu Coposu \u2013 strada Michelangelor \u2013 bulevardul Ion C. Br\u0103tianu \u2013 strada Traian Groz\u0103vescu.<\/p>\n<p><strong>Sta\u021bii pe sensul retur<\/strong>: \u0218coala General\u0103 Plopi, Alb\u0103strelelor, Traian Demetrescu, Drumul Boilor, Plastique Form, Apateu, Lev\u0103n\u021bica, C\u0103prioarei, V. C\u00e2rlova (Uzina de Ap\u0103), Iosif Vulcan, Baba Dochia, Iepurelui, Liceul J. L. Calderon, Corneliu Coposu, Parcul Copiilor \u0219i Traian Groz\u0103vescu.<span class=\"Apple-converted-space\">\u00a0<\/span><\/p>\n<\/div>\n<p>[analyse_source url=&#8221;https:\/\/www.banatulmeu.ro\/timisoara-linia-21-isi-modifica-traseul-de-luni-si-va-fi-deservita-de-autobuze-electrice-de-capacitate-mai-mica\/&#8221;]<\/p>\n","protected":false},"excerpt":{"rendered":"<p>[analyse_image type=&#8221;featured&#8221; src=&#8221;http:\/\/www.banatulmeu.ro\/wp-content\/uploads\/2026\/05\/IMG_3876.jpeg&#8221;] Societatea de Transport Public Timi\u0219oara (STPT) anun\u021b\u0103 c\u0103, \u00eencep\u00e2nd de luni, 3 august , traseul liniei 21 va fi modificat, ca urmare a sesiz\u0103rilor primite din partea locuitorilor privind zgomotul \u0219i trepida\u021biile produse de autobuzele de mare capacitate, dar \u0219i din cauza dificult\u0103\u021bilor de circula\u021bie pe unele str\u0103zi \u00eenguste, unde ma\u0219inile parcate [&hellip;]<\/p>\n","protected":false},"author":1,"featured_media":0,"comment_status":"open","ping_status":"","sticky":false,"template":"","format":"standard","meta":{"footnotes":""},"categories":[89],"tags":[204,226],"class_list":["post-2071028","post","type-post","status-publish","format-standard","hentry","category-romania","tag-banatulmeu-ro","tag-crawlmanager"],"_links":{"self":[{"href":"https:\/\/analyse.optim.biz\/index.php?rest_route=\/wp\/v2\/posts\/2071028","targetHints":{"allow":["GET"]}}],"collection":[{"href":"https:\/\/analyse.optim.biz\/index.php?rest_route=\/wp\/v2\/posts"}],"about":[{"href":"https:\/\/analyse.optim.biz\/index.php?rest_route=\/wp\/v2\/types\/post"}],"author":[{"embeddable":true,"href":"https:\/\/analyse.optim.biz\/index.php?rest_route=\/wp\/v2\/users\/1"}],"replies":[{"embeddable":true,"href":"https:\/\/analyse.optim.biz\/index.php?rest_route=%2Fwp%2Fv2%2Fcomments&post=2071028"}],"version-history":[{"count":0,"href":"https:\/\/analyse.optim.biz\/index.php?rest_route=\/wp\/v2\/posts\/2071028\/revisions"}],"wp:attachment":[{"href":"https:\/\/analyse.optim.biz\/index.php?rest_route=%2Fwp%2Fv2%2Fmedia&parent=2071028"}],"wp:term":[{"taxonomy":"category","embeddable":true,"href":"https:\/\/analyse.optim.biz\/index.php?rest_route=%2Fwp%2Fv2%2Fcategories&post=2071028"},{"taxonomy":"post_tag","embeddable":true,"href":"https:\/\/analyse.optim.biz\/index.php?rest_route=%2Fwp%2Fv2%2Ftags&post=2071028"}],"curies":[{"name":"wp","href":"https:\/\/api.w.org\/{rel}","templated":true}]}}