{"id":2071019,"date":"2026-07-31T11:25:19","date_gmt":"2026-07-31T08:25:19","guid":{"rendered":"https:\/\/analyse.optim.biz\/?p=2071019"},"modified":"2026-07-31T11:25:19","modified_gmt":"2026-07-31T08:25:19","slug":"timisoara-de-luni-se-modifica-traseele-mai-multor-linii-de-tramvai-si-autobuz-linia-5-se-suspenda-iar-autobuzul-5c-va-circula-pana-la-gara-de-est","status":"publish","type":"post","link":"https:\/\/analyse.optim.biz\/?p=2071019","title":{"rendered":"Timi\u0219oara: De luni se modific\u0103 traseele mai multor linii de tramvai \u0219i autobuz. Linia 5 se suspend\u0103, iar autobuzul 5C va circula p\u00e2n\u0103 la Gara de Est"},"content":{"rendered":"<p>[analyse_image type=&#8221;featured&#8221; src=&#8221;http:\/\/www.banatulmeu.ro\/wp-content\/uploads\/2025\/11\/tramvaie-4-si-5-e1762165417580.jpg&#8221;]<\/p>\n<div class=\"post-content-bd\">\n<p>Societatea de Transport Public Timi\u0219oara (STPT) anun\u021b\u0103 c\u0103, \u00eencep\u00e2nd cu luni, 3 august, vor intra \u00een vigoare modific\u0103ri ale circula\u021biei unor linii de tramvai \u0219i autobuz, ca urmare a relu\u0103rii lucr\u0103rilor la Pasajul Solventul \u2013 \u00eenchiderea buclei Rona\u021b, precum \u0219i a \u00eenchiderii circula\u021biei tramvaielor \u00een Pia\u021ba Traian, m\u0103suri care se vor men\u021bine p\u00e2n\u0103 la finalul anului 2026.<\/p>\n<p>A\u0219adar, \u00een aceast\u0103 perioad\u0103 modific\u0103rile vor fi urm\u0103toarele:<\/p>\n<p><strong>Linia\u00a05<\/strong>\u00a0de tramvai se suspend\u0103.<\/p>\n<p><strong>Liniile\u00a06a<\/strong>\u00a0\u0219i\u00a0<strong>6b<\/strong>\u00a0r\u0103m\u00e2n \u00een continuare suspendate.<\/p>\n<p><strong>Liniile<\/strong>\u00a0<strong>4<\/strong>, <strong>7<\/strong>, <strong>8<\/strong> \u0219i <strong>9<\/strong>\u00a0circul\u0103 pe traseele actuale.<\/p>\n<p><strong>Linia\u00a01<\/strong>\u00a0va circula deviat, pe traseul (tur-retur):\u00a0Gara de Nord \u2013 Pia\u021ba Sf\u00e2nta Maria \u2013 Pia\u021ba Nicolae B\u0103lcescu \u2013 strada Drubeta \u2013 bulevardul Liviu Rebreanu \u2013 AEM.<\/p>\n<p><strong>Linia\u00a02<\/strong>\u00a0va circula deviat, pe traseul (tur-retur):\u00a0Shopping City \u2013 D\u00e2mbovi\u021ba \u2013 bulevardul Regele Carol I \u2013 Pia\u021ba Regina Maria \u2013 strada Doctor Iosif Nemoianu \u2013 strada Coriolan Brediceanu \u2013 Balta Verde \u2013 bulevardul Cet\u0103\u021bii \u2013 bucla Torontal.<\/p>\n<p>Pentru a asigura leg\u0103tura \u00eentre zonele afectate de lucr\u0103ri, STPT introduce<strong>\u00a0linia de autobuz 5C<\/strong>, care va circula pe urm\u0103torul traseu:<\/p>\n<p><strong>Traseu tur:<\/strong>\u00a0Rona\u021b \u2013 Calea Bogd\u0103ne\u0219tilor \u2013 strada Coriolan Brediceanu \u2013 Pia\u021ba 700 \u2013 Pia\u021ba Libert\u0103\u021bii \u2013 bulevardul Revolu\u021biei din 1989 \u2013 Splaiul Nistrului \u2013 strada Johann Heinrich Pestalozzi \u2013 strada Iepurelui \u2013 strada Baba Dochia \u2013 strada Andrei \u0218aguna \u2013 strada Gheorghe Adam \u2013 Meteo \u2013 Gara de Est.<\/p>\n<p><strong>Traseu retur:\u00a0<\/strong>Gara de Est \u2013 Meteo \u2013 strada Gheorghe Adam \u2013 strada Andrei \u0218aguna \u2013 strada Baba Dochia \u2013 strada Iepurelui \u2013 strada Johann Heinrich Pestalozzi \u2013 Splaiul Nistrului \u2013 bulevardul Revolu\u021biei din 1989 \u2013 Pia\u021ba Libert\u0103\u021bii \u2013 Pia\u021ba 700 \u2013 strada Coriolan Brediceanu \u2013 Calea Bogd\u0103ne\u0219tilor \u2013 Rona\u021b.<\/p>\n<\/div>\n<p>[analyse_source url=&#8221;https:\/\/www.banatulmeu.ro\/timisoara-de-luni-se-modifica-traseele-mai-multor-linii-de-tramvai-si-autobuz-linia-5-se-suspenda-iar-autobuzul-5c-va-circula-pana-la-gara-de-est\/&#8221;]<\/p>\n","protected":false},"excerpt":{"rendered":"<p>[analyse_image type=&#8221;featured&#8221; src=&#8221;http:\/\/www.banatulmeu.ro\/wp-content\/uploads\/2025\/11\/tramvaie-4-si-5-e1762165417580.jpg&#8221;] Societatea de Transport Public Timi\u0219oara (STPT) anun\u021b\u0103 c\u0103, \u00eencep\u00e2nd cu luni, 3 august, vor intra \u00een vigoare modific\u0103ri ale circula\u021biei unor linii de tramvai \u0219i autobuz, ca urmare a relu\u0103rii lucr\u0103rilor la Pasajul Solventul \u2013 \u00eenchiderea buclei Rona\u021b, precum \u0219i a \u00eenchiderii circula\u021biei tramvaielor \u00een Pia\u021ba Traian, m\u0103suri care se vor men\u021bine [&hellip;]<\/p>\n","protected":false},"author":1,"featured_media":0,"comment_status":"open","ping_status":"","sticky":false,"template":"","format":"standard","meta":{"footnotes":""},"categories":[89],"tags":[204,226],"class_list":["post-2071019","post","type-post","status-publish","format-standard","hentry","category-romania","tag-banatulmeu-ro","tag-crawlmanager"],"_links":{"self":[{"href":"https:\/\/analyse.optim.biz\/index.php?rest_route=\/wp\/v2\/posts\/2071019","targetHints":{"allow":["GET"]}}],"collection":[{"href":"https:\/\/analyse.optim.biz\/index.php?rest_route=\/wp\/v2\/posts"}],"about":[{"href":"https:\/\/analyse.optim.biz\/index.php?rest_route=\/wp\/v2\/types\/post"}],"author":[{"embeddable":true,"href":"https:\/\/analyse.optim.biz\/index.php?rest_route=\/wp\/v2\/users\/1"}],"replies":[{"embeddable":true,"href":"https:\/\/analyse.optim.biz\/index.php?rest_route=%2Fwp%2Fv2%2Fcomments&post=2071019"}],"version-history":[{"count":0,"href":"https:\/\/analyse.optim.biz\/index.php?rest_route=\/wp\/v2\/posts\/2071019\/revisions"}],"wp:attachment":[{"href":"https:\/\/analyse.optim.biz\/index.php?rest_route=%2Fwp%2Fv2%2Fmedia&parent=2071019"}],"wp:term":[{"taxonomy":"category","embeddable":true,"href":"https:\/\/analyse.optim.biz\/index.php?rest_route=%2Fwp%2Fv2%2Fcategories&post=2071019"},{"taxonomy":"post_tag","embeddable":true,"href":"https:\/\/analyse.optim.biz\/index.php?rest_route=%2Fwp%2Fv2%2Ftags&post=2071019"}],"curies":[{"name":"wp","href":"https:\/\/api.w.org\/{rel}","templated":true}]}}