{"id":2071002,"date":"2026-07-31T10:43:00","date_gmt":"2026-07-31T07:43:00","guid":{"rendered":"https:\/\/analyse.optim.biz\/?p=2071002"},"modified":"2026-07-31T10:43:00","modified_gmt":"2026-07-31T07:43:00","slug":"prins-baut-la-volan-in-miez-de-noapte-un-sofer-din-solca-s-a-ales-cu-dosar-penal-dupa-ce-a-atras-atentia-politistilor-pentru-ca-circula-prea-incet","status":"publish","type":"post","link":"https:\/\/analyse.optim.biz\/?p=2071002","title":{"rendered":"Prins b\u0103ut la volan \u00een miez de noapte. Un \u0219ofer din Solca s-a ales cu dosar penal dup\u0103 ce a atras aten\u021bia poli\u021bi\u0219tilor pentru c\u0103 circula prea \u00eencet"},"content":{"rendered":"<p>[analyse_image type=&#8221;featured&#8221; src=&#8221;https:\/\/blogger.googleusercontent.com\/img\/b\/R29vZ2xl\/AVvXsEi1JvOrQZgau3g1XoBH62tQqLS6ZbsIZISZjSLMQ2C1d430cuCqzzH6mCNcm0qCARklqxT0DAl_oP7AGdrhjZTF5X6Bb6pYr_mvSEFfV9k0i2pU0KRTogNMd1_QrXWzSiOjT0AGen-F4DO5jkwopODYLxLE6hh4bKQMFpf74oj3ZNSLeB8uzvrKFAaeq6U\/w1600\/control-rutier-noaptea.jpg&#8221;]<\/p>\n<div class=\"post-body entry-content\" id=\"post-body\">\n<div class=\"separator\"><a href=\"https:\/\/blogger.googleusercontent.com\/img\/b\/R29vZ2xl\/AVvXsEi1JvOrQZgau3g1XoBH62tQqLS6ZbsIZISZjSLMQ2C1d430cuCqzzH6mCNcm0qCARklqxT0DAl_oP7AGdrhjZTF5X6Bb6pYr_mvSEFfV9k0i2pU0KRTogNMd1_QrXWzSiOjT0AGen-F4DO5jkwopODYLxLE6hh4bKQMFpf74oj3ZNSLeB8uzvrKFAaeq6U\/s640\/control-rutier-noaptea.jpg\"><img decoding=\"async\" alt border=\"0\" loading=\"lazy\" src=\"https:\/\/blogger.googleusercontent.com\/img\/b\/R29vZ2xl\/AVvXsEi1JvOrQZgau3g1XoBH62tQqLS6ZbsIZISZjSLMQ2C1d430cuCqzzH6mCNcm0qCARklqxT0DAl_oP7AGdrhjZTF5X6Bb6pYr_mvSEFfV9k0i2pU0KRTogNMd1_QrXWzSiOjT0AGen-F4DO5jkwopODYLxLE6hh4bKQMFpf74oj3ZNSLeB8uzvrKFAaeq6U\/s600-rw\/control-rutier-noaptea.jpg\" width=\"600\"><\/a><\/div>\n<p><strong>O patrul\u0103 de poli\u021bie a pus cap\u0103t unei curse ilegale \u00een noaptea de joi spre vineri, pe str\u0103zile din ora\u0219ul Solca. Un b\u0103rbat \u00een v\u00e2rst\u0103 de 40 de ani s-a ales cu un dosar penal \u0219i a r\u0103mas f\u0103r\u0103 certificatul de \u00eenmatriculare al ma\u0219inii, dup\u0103 ce a fost tras pe dreapta de agen\u021bii de la rutier\u0103 care au constatat c\u0103 acesta se urcase b\u0103ut la volan \u0219i conducea un autoturism care nu avea inspec\u021bia tehnic\u0103 valabil\u0103.<\/strong><\/p>\n<p>Incidentul a avut loc vineri, 31 iulie 2026, la scurt timp dup\u0103 miezul nop\u021bii, \u00een jurul orei 00:28. Lucr\u0103torii din cadrul Poli\u021biei ora\u0219elor Cajvana \u0219i Mili\u0219\u0103u\u021bi se aflau \u00een exercitarea atribu\u021biilor de serviciu, efectu\u00e2nd activit\u0103\u021bi de supraveghere \u0219i control al traficului pe DN 2E, pe raza ora\u0219ului Solca. La un moment dat, aten\u021bia agen\u021bilor a fost captat\u0103 de un autoturism marca Opel, care se deplasa din direc\u021bia comunei Arbore c\u0103tre centrul ora\u0219ului Solca cu o vitez\u0103 neobi\u0219nuit de redus\u0103.<\/p>\n<h2>Ma\u0219in\u0103 cu ITP expirat \u0219i \u0219ofer cu halen\u0103 alcoolic\u0103<\/h2>\n<p>Poli\u021bi\u0219tii au pornit semnalele acustice \u0219i luminoase ale autospecialei, proced\u00e2nd la oprirea regulamentar\u0103 a vehiculului. La volan a fost identificat Eduard E., un localnic \u00een v\u00e2rst\u0103 de 40 de ani, domiciliat \u00een Solca. \u00cen urma verific\u0103rilor documentelor personale \u00een bazele de date ale Poli\u021biei Rom\u00e2ne, s-a stabilit c\u0103 b\u0103rbatul de\u021binea un permis de conducere valabil pentru categoriile AM, B1 \u0219i B.<\/p>\n<p>Neregulile au ap\u0103rut \u00eens\u0103 la verificarea actelor ma\u0219inii. Autoturismul Opel pe care \u00eel conducea avea inspec\u021bia tehnic\u0103 periodic\u0103 (ITP) expirat\u0103 de mai bine de dou\u0103 luni, din data de 31 mai 2026. Pentru aceast\u0103 abatere, poli\u021bi\u0219tii l-au sanc\u021bionat contraven\u021bional \u0219i au luat m\u0103sura complementar\u0103 de re\u021binere a certificatului de \u00eenmatriculare.<\/p>\n<h3>Dosar penal pentru o concentra\u021bie de 0,41 mg\/l<\/h3>\n<p>Problemele \u0219oferului s-au agravat rapid \u00een momentul \u00een care poli\u021bi\u0219tii au sim\u021bit c\u0103 acesta emana halen\u0103 alcoolic\u0103. B\u0103rbatul a fost supus test\u0103rii cu aparatul alcooltest din dotarea Poli\u021biei ora\u0219ului Mili\u0219\u0103u\u021bi, rezultatul indic\u00e2nd o concentra\u021bie de <strong>0,41 mg\/l alcool pur \u00een aerul expirat<\/strong>.<\/p>\n<p>\u00cen conformitate cu procedurile legale, conduc\u0103torul auto a fost condus la Spitalul Municipal R\u0103d\u0103u\u021bi. Acolo, \u00een urma acordului s\u0103u, personalul medical i-a recoltat dou\u0103 mostre biologice de s\u00e2nge, la un interval de o or\u0103, \u00een vederea stabilirii cu exactitate a alcoolemiei.<\/p>\n<p>Cazul a fost preluat de lucr\u0103torii Poli\u021biei Ora\u0219ului Solca. Pe numele b\u0103rbatului s-a \u00eentocmit un dosar de cercetare penal\u0103 sub aspectul s\u0103v\u00e2r\u0219irii infrac\u021biunii de \u201econducerea unui vehicul sub influen\u021ba alcoolului sau a altor substan\u021be\u201d, fapt\u0103 prev\u0103zut\u0103 \u0219i pedepsit\u0103 de art. 336, alin. (1) din Codul penal.<\/p>\n<\/div>\n<div class=\"post-body entry-content\" id=\"post-body\">\n<div class=\"separator\"><a href=\"https:\/\/blogger.googleusercontent.com\/img\/b\/R29vZ2xl\/AVvXsEi1JvOrQZgau3g1XoBH62tQqLS6ZbsIZISZjSLMQ2C1d430cuCqzzH6mCNcm0qCARklqxT0DAl_oP7AGdrhjZTF5X6Bb6pYr_mvSEFfV9k0i2pU0KRTogNMd1_QrXWzSiOjT0AGen-F4DO5jkwopODYLxLE6hh4bKQMFpf74oj3ZNSLeB8uzvrKFAaeq6U\/s640\/control-rutier-noaptea.jpg\"><img decoding=\"async\" alt border=\"0\" loading=\"lazy\" src=\"https:\/\/blogger.googleusercontent.com\/img\/b\/R29vZ2xl\/AVvXsEi1JvOrQZgau3g1XoBH62tQqLS6ZbsIZISZjSLMQ2C1d430cuCqzzH6mCNcm0qCARklqxT0DAl_oP7AGdrhjZTF5X6Bb6pYr_mvSEFfV9k0i2pU0KRTogNMd1_QrXWzSiOjT0AGen-F4DO5jkwopODYLxLE6hh4bKQMFpf74oj3ZNSLeB8uzvrKFAaeq6U\/s600-rw\/control-rutier-noaptea.jpg\" width=\"600\"><\/a><\/div>\n<p><strong>O patrul\u0103 de poli\u021bie a pus cap\u0103t unei curse ilegale \u00een noaptea de joi spre vineri, pe str\u0103zile din ora\u0219ul Solca. Un b\u0103rbat \u00een v\u00e2rst\u0103 de 40 de ani s-a ales cu un dosar penal \u0219i a r\u0103mas f\u0103r\u0103 certificatul de \u00eenmatriculare al ma\u0219inii, dup\u0103 ce a fost tras pe dreapta de agen\u021bii de la rutier\u0103 care au constatat c\u0103 acesta se urcase b\u0103ut la volan \u0219i conducea un autoturism care nu avea inspec\u021bia tehnic\u0103 valabil\u0103.<\/strong><\/p>\n<p>Incidentul a avut loc vineri, 31 iulie 2026, la scurt timp dup\u0103 miezul nop\u021bii, \u00een jurul orei 00:28. Lucr\u0103torii din cadrul Poli\u021biei ora\u0219elor Cajvana \u0219i Mili\u0219\u0103u\u021bi se aflau \u00een exercitarea atribu\u021biilor de serviciu, efectu\u00e2nd activit\u0103\u021bi de supraveghere \u0219i control al traficului pe DN 2E, pe raza ora\u0219ului Solca. La un moment dat, aten\u021bia agen\u021bilor a fost captat\u0103 de un autoturism marca Opel, care se deplasa din direc\u021bia comunei Arbore c\u0103tre centrul ora\u0219ului Solca cu o vitez\u0103 neobi\u0219nuit de redus\u0103.<\/p>\n<h2>Ma\u0219in\u0103 cu ITP expirat \u0219i \u0219ofer cu halen\u0103 alcoolic\u0103<\/h2>\n<p>Poli\u021bi\u0219tii au pornit semnalele acustice \u0219i luminoase ale autospecialei, proced\u00e2nd la oprirea regulamentar\u0103 a vehiculului. La volan a fost identificat Eduard E., un localnic \u00een v\u00e2rst\u0103 de 40 de ani, domiciliat \u00een Solca. \u00cen urma verific\u0103rilor documentelor personale \u00een bazele de date ale Poli\u021biei Rom\u00e2ne, s-a stabilit c\u0103 b\u0103rbatul de\u021binea un permis de conducere valabil pentru categoriile AM, B1 \u0219i B.<\/p>\n<p>Neregulile au ap\u0103rut \u00eens\u0103 la verificarea actelor ma\u0219inii. Autoturismul Opel pe care \u00eel conducea avea inspec\u021bia tehnic\u0103 periodic\u0103 (ITP) expirat\u0103 de mai bine de dou\u0103 luni, din data de 31 mai 2026. Pentru aceast\u0103 abatere, poli\u021bi\u0219tii l-au sanc\u021bionat contraven\u021bional \u0219i au luat m\u0103sura complementar\u0103 de re\u021binere a certificatului de \u00eenmatriculare.<\/p>\n<h3>Dosar penal pentru o concentra\u021bie de 0,41 mg\/l<\/h3>\n<p>Problemele \u0219oferului s-au agravat rapid \u00een momentul \u00een care poli\u021bi\u0219tii au sim\u021bit c\u0103 acesta emana halen\u0103 alcoolic\u0103. B\u0103rbatul a fost supus test\u0103rii cu aparatul alcooltest din dotarea Poli\u021biei ora\u0219ului Mili\u0219\u0103u\u021bi, rezultatul indic\u00e2nd o concentra\u021bie de <strong>0,41 mg\/l alcool pur \u00een aerul expirat<\/strong>.<\/p>\n<p>\u00cen conformitate cu procedurile legale, conduc\u0103torul auto a fost condus la Spitalul Municipal R\u0103d\u0103u\u021bi. Acolo, \u00een urma acordului s\u0103u, personalul medical i-a recoltat dou\u0103 mostre biologice de s\u00e2nge, la un interval de o or\u0103, \u00een vederea stabilirii cu exactitate a alcoolemiei.<\/p>\n<p>Cazul a fost preluat de lucr\u0103torii Poli\u021biei Ora\u0219ului Solca. Pe numele b\u0103rbatului s-a \u00eentocmit un dosar de cercetare penal\u0103 sub aspectul s\u0103v\u00e2r\u0219irii infrac\u021biunii de \u201econducerea unui vehicul sub influen\u021ba alcoolului sau a altor substan\u021be\u201d, fapt\u0103 prev\u0103zut\u0103 \u0219i pedepsit\u0103 de art. 336, alin. (1) din Codul penal.<\/p>\n<\/div>\n<p>[analyse_source url=&#8221;https:\/\/www.stirisuceava.net\/2026\/07\/prins-baut-la-volan-in-miez-de-noapte.html&#8221;]<\/p>\n","protected":false},"excerpt":{"rendered":"<p>[analyse_image type=&#8221;featured&#8221; src=&#8221;https:\/\/blogger.googleusercontent.com\/img\/b\/R29vZ2xl\/AVvXsEi1JvOrQZgau3g1XoBH62tQqLS6ZbsIZISZjSLMQ2C1d430cuCqzzH6mCNcm0qCARklqxT0DAl_oP7AGdrhjZTF5X6Bb6pYr_mvSEFfV9k0i2pU0KRTogNMd1_QrXWzSiOjT0AGen-F4DO5jkwopODYLxLE6hh4bKQMFpf74oj3ZNSLeB8uzvrKFAaeq6U\/w1600\/control-rutier-noaptea.jpg&#8221;] O patrul\u0103 de poli\u021bie a pus cap\u0103t unei curse ilegale \u00een noaptea de joi spre vineri, pe str\u0103zile din ora\u0219ul Solca. Un b\u0103rbat \u00een v\u00e2rst\u0103 de 40 de ani s-a ales cu un dosar penal \u0219i a r\u0103mas f\u0103r\u0103 certificatul de \u00eenmatriculare al ma\u0219inii, dup\u0103 ce a fost tras pe dreapta de [&hellip;]<\/p>\n","protected":false},"author":1,"featured_media":0,"comment_status":"open","ping_status":"","sticky":false,"template":"","format":"standard","meta":{"footnotes":""},"categories":[89],"tags":[226,172],"class_list":["post-2071002","post","type-post","status-publish","format-standard","hentry","category-romania","tag-crawlmanager","tag-stirisuceava-net"],"_links":{"self":[{"href":"https:\/\/analyse.optim.biz\/index.php?rest_route=\/wp\/v2\/posts\/2071002","targetHints":{"allow":["GET"]}}],"collection":[{"href":"https:\/\/analyse.optim.biz\/index.php?rest_route=\/wp\/v2\/posts"}],"about":[{"href":"https:\/\/analyse.optim.biz\/index.php?rest_route=\/wp\/v2\/types\/post"}],"author":[{"embeddable":true,"href":"https:\/\/analyse.optim.biz\/index.php?rest_route=\/wp\/v2\/users\/1"}],"replies":[{"embeddable":true,"href":"https:\/\/analyse.optim.biz\/index.php?rest_route=%2Fwp%2Fv2%2Fcomments&post=2071002"}],"version-history":[{"count":0,"href":"https:\/\/analyse.optim.biz\/index.php?rest_route=\/wp\/v2\/posts\/2071002\/revisions"}],"wp:attachment":[{"href":"https:\/\/analyse.optim.biz\/index.php?rest_route=%2Fwp%2Fv2%2Fmedia&parent=2071002"}],"wp:term":[{"taxonomy":"category","embeddable":true,"href":"https:\/\/analyse.optim.biz\/index.php?rest_route=%2Fwp%2Fv2%2Fcategories&post=2071002"},{"taxonomy":"post_tag","embeddable":true,"href":"https:\/\/analyse.optim.biz\/index.php?rest_route=%2Fwp%2Fv2%2Ftags&post=2071002"}],"curies":[{"name":"wp","href":"https:\/\/api.w.org\/{rel}","templated":true}]}}