{"id":2070976,"date":"2026-07-31T10:33:48","date_gmt":"2026-07-31T07:33:48","guid":{"rendered":"https:\/\/analyse.optim.biz\/?p=2070976"},"modified":"2026-07-31T10:33:48","modified_gmt":"2026-07-31T07:33:48","slug":"video-o-masina-electrica-a-luat-foc-in-timp-ce-se-afla-la-incarcat-vehiculul-a-explodat-chiar-cand-pompierii-incercau-sa-stinga-focul-folosind-o-patura-ignifuga","status":"publish","type":"post","link":"https:\/\/analyse.optim.biz\/?p=2070976","title":{"rendered":"VIDEO | O ma\u0219in\u0103 electric\u0103 a luat foc \u00een timp ce se afla la \u00eenc\u0103rcat. Vehiculul a explodat chiar c\u00e2nd pompierii \u00eencercau s\u0103 sting\u0103 focul folosind o p\u0103tur\u0103 ignifug\u0103"},"content":{"rendered":"<p>[analyse_image type=&#8221;featured&#8221; src=&#8221;https:\/\/r3media.ro\/wp-content\/uploads\/2026\/07\/masina-electrica-foc.pnghttps:\/\/r3media.ro\/wp-content\/uploads\/2026\/07\/masina-electrica-foc.png&#8221;]<\/p>\n<article id=\"template-id-109\" class=\"post-109 tdb_templates type-tdb_templates status-publish post\">\n<div id=\"tdi_2\" class=\"tdc-zone\">\n<div class=\"tdc_zone tdi_3  wpb_row td-pb-row\">\n<div id=\"tdi_4\" class=\"tdc-row\">\n<div class=\"vc_row tdi_5  wpb_row td-pb-row\">\n<div class=\"vc_column tdi_7  wpb_column vc_column_container tdc-column td-pb-span8\">\n<div class=\"wpb_wrapper\">\n<div class=\"td_block_wrap tdb_breadcrumbs tdi_8 td-pb-border-top td_block_template_1 tdb-breadcrumbs \" data-td-block-uid=\"tdi_8\">\n<div class=\"tdb-block-inner td-fix-index\"><span><a title=\"Vede\u021bi toate articolele \u00een FEATURED\" class=\"tdb-entry-crumb\" href=\"https:\/\/r3media.ro\/category\/featured\/\">FEATURED<\/a><\/span><span class=\"tdb-bred-no-url-last\">VIDEO | O ma\u0219in\u0103 electric\u0103 a luat foc \u00een timp ce se&#8230;<\/span><\/div>\n<\/div>\n<div class=\"td_block_wrap tdb_single_categories tdi_9 td-pb-border-top td_block_template_1 \" data-td-block-uid=\"tdi_9\">\n<div class=\"tdb-category td-fix-index\"><a class=\"tdb-entry-category\" href=\"https:\/\/r3media.ro\/category\/featured\/\">FEATURED<\/a><a class=\"tdb-entry-category\" href=\"https:\/\/r3media.ro\/category\/stiri-prim-plan\/\">PRIM PLAN<\/a><\/div>\n<\/div>\n<div class=\"td_block_wrap tdb_title tdi_10 tdb-single-title td-pb-border-top td_block_template_1\" data-td-block-uid=\"tdi_10\">\n<div class=\"tdb-block-inner td-fix-index\">\n<h1 class=\"tdb-title-text\">VIDEO | O ma\u0219in\u0103 electric\u0103 a luat foc \u00een timp ce se afla la \u00eenc\u0103rcat. Vehiculul a explodat chiar c\u00e2nd pompierii \u00eencercau s\u0103 sting\u0103 focul folosind o p\u0103tur\u0103 ignifug\u0103<\/h1>\n<\/div>\n<\/div>\n<div class=\"vc_row_inner tdi_12  vc_row vc_inner wpb_row td-pb-row\">\n<div class=\"vc_column_inner tdi_14  wpb_column vc_column_container tdc-inner-column td-pb-span12\">\n<div class=\"vc_column-inner\">\n<div class=\"wpb_wrapper\">\n<div class=\"td_block_wrap tdb_single_author tdi_15 td-pb-border-top td_block_template_1 tdb-post-meta\" data-td-block-uid=\"tdi_15\">\n<div class=\"tdb-block-inner td-fix-index\">\n<div class=\"tdb-author-name-wrap\"><a class=\"tdb-author-name\" href=\"https:\/\/r3media.ro\/author\/oana\/\">Oana Ivan<\/a><\/div>\n<\/div>\n<\/div>\n<div class=\"td_block_wrap tdb_single_date tdi_16 td-pb-border-top td_block_template_1 tdb-post-meta\" data-td-block-uid=\"tdi_16\">\n<div class=\"tdb-block-inner td-fix-index\"><time class=\"entry-date updated td-module-date\" datetime=\"2026-07-31T13:33:48+03:00\">31\/07\/2026<\/time><\/div>\n<\/div>\n<\/div>\n<\/div>\n<\/div>\n<\/div>\n<div class=\"td_block_wrap tdb_single_featured_image tdi_17 tdb-content-horiz-left td-pb-border-top td_block_template_1\" data-td-block-uid=\"tdi_17\">\n<div class=\"tdb-block-inner td-fix-index\">\n<figure><figcaption class=\"tdb-caption-text\">Surs\u0103 &#8211; trt haber<\/figcaption><\/figure>\n<\/div>\n<\/div>\n<div class=\"td_block_wrap tdb_single_content tdi_18 td-pb-border-top td_block_template_1 td-post-content tagdiv-type\" data-td-block-uid=\"tdi_18\">\n<div class=\"tdb-block-inner td-fix-index\">\n<p><strong>\u00cen Kayseri, Turcia, o <a href=\"https:\/\/r3media.ro\/tag\/masini-electrice\/\" target=\"_blank\" rel=\"noopener\">ma\u0219in\u0103 electric\u0103<\/a> a luat foc \u0219i a explodat la o sta\u021bie de \u00eenc\u0103rcare, dintr-un motiv necunoscut. Pompierii au stins incendiul folosind o p\u0103tur\u0103 ignifug\u0103, potrivit <a href=\"https:\/\/www.ntv.com.tr\/turkiye\/galeri-sarj-istasyonunda-elektrikli-otomobil-alev-aldi-yangin-battaniyesi-ile-mudahale-1735007\/5\" target=\"_blank\" rel=\"noopener\">ntv<\/a>.<\/strong><\/p>\n<p>Incidentul a avut loc la o sta\u021bie de \u00eenc\u0103rcare pentru vehicule electrice de pe bulevardul \u0218ehit Miralay Naz\u0131m Bey din cartierul H\u00fcrriyet din districtul Melikgazi.<\/p>\n<h2><strong>O ma\u0219in\u0103 electric\u0103 a luat foc \u00een timp ce se afla la \u00eenc\u0103rcat. Vehiculul a bubuit chiar c\u00e2nd pompierii \u00eencercau s\u0103 sting\u0103 focul<\/strong><\/h2>\n<p>\u00a0<\/p>\n<p>Echipe de pompieri \u0219i poli\u021bie au fost trimise la fa\u021ba locului. Pompierii au acoperit ma\u0219ina electric\u0103 \u00een fl\u0103c\u0103ri cu o p\u0103tur\u0103 ignifug\u0103 \u0219i au pulverizat ap\u0103 pe dedesubt. O explozie a avut loc \u00een vehicul \u00een timpul interven\u021biei. Incendiul a fost stins dup\u0103 aproximativ o or\u0103 de lucru al echipelor.<\/p>\n<p>Ma\u0219ina a suferit avarii grave, iar incidentul a fost \u00eenregistrat pe un telefon mobil de c\u0103tre un cet\u0103\u021bean aflat la sta\u021bie. A fost demarat\u0103 o anchet\u0103 pentru a determina cauza incendiului.<\/p>\n<p>Apa sau spuma sunt ineficiente \u00een stingerea incendiilor la bateriile vehiculelor electrice. Mai ales \u00een cazul incendiilor la baterii, este necesar s\u0103 se a\u0219tepte ca vehiculul s\u0103 se sting\u0103 singur. Pentru a preveni deteriorarea \u00eemprejurimilor, acesta este acoperit cu un sistem numit p\u0103tur\u0103 antifoc sau hus\u0103 antifoc.<\/p>\n<h2><strong>Incendiile la ma\u0219ini electrice, tot mai dese. Mul\u021bi produc\u0103tori recheam\u0103 modelele \u00een service<\/strong><\/h2>\n<p>\u00a0<\/p>\n<p>Subiectul incendiilor la ma\u0219inile electrice genereaz\u0103 dezbateri aprinse. Miezul problemei la un vehicul electric \u00eel reprezint\u0103 bateria Li-ion \u0219i un fenomen numit \u201ethermal runaway\u201d (fuga termic\u0103). Acest lan\u021b de reac\u021bii chimice apare atunci c\u00e2nd o celul\u0103 din baterie este deteriorat\u0103 mecanic (\u00een urma unui impact). Ea sufer\u0103 un scurtcircuit intern din cauza unui defect de fabrica\u021bie sau se supra\u00eenc\u0103lze\u0219te \u00een timpul \u00eenc\u0103rc\u0103rii rapide. Odat\u0103 declan\u0219at\u0103, fuga termic\u0103 elibereaz\u0103 o cantitate enorm\u0103 de c\u0103ldur\u0103 \u0219i gaze inflamabile, gener\u00e2nd un incendiu foarte intens. Chiar dac\u0103 e stins, focul se reaprinde u\u0219or \u0219i necesit\u0103 cantit\u0103\u021bi uria\u0219e de ap\u0103 sau containere speciale pentru izolare \u0219i stingere complet\u0103.<\/p>\n<p>\u00cen ceea ce prive\u0219te cazurile existente \u0219i amploarea lor, c\u00e2teva exemple remarcabile arat\u0103 cum reac\u021bioneaz\u0103 industria \u0219i autorit\u0103\u021bile.<\/p>\n<p>Unul dintre cele mai cunoscute cazuri de rechemare a fost cel al modelului Chevrolet Bolt EV, unde un defect de fabrica\u021bie la celulele furnizate de LG Energy Solution a dus la mai multe incendii spontane \u00een timpul parc\u0103rii sau \u00eenc\u0103rc\u0103rii. General Motors a fost nevoit\u0103 s\u0103 recheme \u00een service peste 140.000 de ma\u0219ini pentru \u00eenlocuirea modulelor de baterie. Cazuri similare de rechem\u0103ri preventive au existat \u0219i la Hyundai (Kona Electric) sau BMW.<\/p>\n<p>Cazuri izolate de incendii \u00een spa\u021bii \u00eenchise sau pe <a href=\"https:\/\/r3media.ro\/video-o-nava-cargo-plina-cu-aproape-3000-de-masini-electrice-a-fost-abandonata-in-oceanul-pacific-dupa-un-incendiu-terifiant-cel-mai-probabil-cauzat-de-bateriile-litiu-ion\/\" target=\"_blank\" rel=\"noopener\"><strong>nave cargo<\/strong><\/a> au atras aten\u021bia autorit\u0103\u021bilor de securitate. Chiar dac\u0103 anchetele nu au confirmat \u00eentotdeauna c\u0103 o ma\u0219in\u0103 electric\u0103 a fost sursa ini\u021bial\u0103 a fl\u0103c\u0103rilor, riscul de propagare rapid\u0103 la alte vehicule a determinat unele parc\u0103ri sau operatori maritimi s\u0103 impun\u0103 reguli mai stricte pentru \u00eenc\u0103rcare.<\/p>\n<p>Pentru a reduce aceste riscuri, produc\u0103torii auto investesc masiv \u00een sisteme avansate de management termic (BMS), pere\u021bi de izolare ignifugi \u00eentre celule \u0219i dezvolt\u0103 tehnologii de genera\u021bie nou\u0103, cum ar fi bateriile solid-state (f\u0103r\u0103 electrolit lichid inflamabil) sau chimiile LFP (Litiu-Fier-Fosfat), care sunt mult mai stabile termic.<\/p>\n\n<div class=\"crp_related     crp-masonry\">\n<h2>\u00ceN CONTEXT<\/h2>\n<ul>\n<li><a href=\"https:\/\/r3media.ro\/stefan-popescu-miza-reala-intalnire-nicusor-dan-erdogan-romania-turcia\/\" class=\"crp_link post-118714\"><span class=\"crp_title\">\u0218tefan Popescu, despre miza REAL\u0102 a \u00eent\u00e2lnirii Nicu\u0219or Dan &#8211; Erdogan: Securitatea Rom\u00e2niei\u2026<\/span><\/a><\/li>\n<li><a href=\"https:\/\/r3media.ro\/femeie-cumparat-automobil-electric-mana-a-doua-surpriza-plecat-masina\/\" class=\"crp_link post-119601\"><span class=\"crp_title\">O femeie care \u0219i-a achizi\u021bionat un automobil electric la m\u00e2na a doua a avut parte de o\u2026<\/span><\/a><\/li>\n<li><a href=\"https:\/\/r3media.ro\/lovitura-usturatoare-masini-electrice-guvernul-bolojan-gand-rau-plata-impozite-echitate-sociala\/\" class=\"crp_link post-112532\"><span class=\"crp_title\">Lovitur\u0103 ustur\u0103toare pentru rom\u00e2nii care au ma\u0219ini electrice: Guvernul Bolojan le-a pus g\u00e2nd\u2026<\/span><\/a><\/li>\n<li><a href=\"https:\/\/r3media.ro\/incendiu-tractor-suceava-baterie\/\" class=\"crp_link post-116957\"><span class=\"crp_title\">Un incendiu a distrus tractorul unui agricultor din Suceava, dup\u0103 ce \u0219i-a l\u0103sat bateria conectat\u0103<\/span><\/a><\/li>\n<li><a href=\"https:\/\/r3media.ro\/piata-masini-electrice-prabusire-statele-unite-ale-americii-vanzari-scazut-80-credit-fiscal-federal-vehicule-prietenoase-mediu-eliminat-donald-trump\/\" class=\"crp_link post-114057\"><span class=\"crp_title\">Pia\u021ba ma\u0219inilor electrice s-a pr\u0103bu\u0219it \u00een Statele Unite ale Americii: V\u00e2nz\u0103rile au sc\u0103zut cu\u2026<\/span><\/a><\/li>\n<li><a href=\"https:\/\/r3media.ro\/cfr-calatori-tren-direct-varna-sofia-istanbul-program-tarife\/\" class=\"crp_link post-117720\"><span class=\"crp_title\">CFR C\u0103l\u0103tori reia circula\u021bia trenului direct c\u0103tre Varna, Sofia \u0219i Istanbul. Program \u0219i tarife<\/span><\/a><\/li>\n<li><a href=\"https:\/\/r3media.ro\/drama-cumplita-australian-masina-hubrida-plug-cumparat-groaznice-consum-combustibil-diesel\/\" class=\"crp_link post-112397\"><span class=\"crp_title\">Drama cumplit\u0103 prin care a trecut un australian cu ma\u0219ina hibrid\u0103 plug-in pe care tocmai\u2026<\/span><\/a><\/li>\n<li><a href=\"https:\/\/r3media.ro\/stefan-popescu-nato-orient-marea-neagra-periferie\/\" class=\"crp_link post-116253\"><span class=\"crp_title\">Analistul \u0218tefan Popescu: NATO \u00ee\u0219i mut\u0103 privirea spre Orient. Marea Neagr\u0103, o \u201eperiferie\u201d strategic\u0103<\/span><\/a><\/li>\n<\/ul>\n<\/div>\n<\/div>\n<\/div>\n<div class=\"td_block_wrap tdb_single_tags tdi_19 td-pb-border-top td_block_template_1\" data-td-block-uid=\"tdi_19\">\n<div class=\"tdb-block-inner td-fix-index\">\n<ul class=\"tdb-tags\">\n<li><span>SUBIECTE FIERBIN\u021aI<\/span><\/li>\n<li><a href=\"https:\/\/r3media.ro\/tag\/masini-electrice\/\">masini electrice<\/a><\/li>\n<li><a href=\"https:\/\/r3media.ro\/tag\/turcia\/\">Turcia<\/a><\/li>\n<\/ul>\n<\/div>\n<\/div>\n<div class=\"td_block_wrap td_block_9 tdi_20 td_with_ajax_pagination td-pb-border-top td_block_template_1 td-column-2 td_block_padding td_block_bot_line\" data-td-block-uid=\"tdi_20\">\n<div class=\"td-block-title-wrap\">\n<h4 class=\"block-title td-block-title\"><span class=\"td-pulldown-size\">CITE\u0218TE MAI MULT<\/span><\/h4>\n<\/div>\n<div id=\"tdi_20\" class=\"td_block_inner\">\n<div class=\"td-block-row\">\n<div class=\"td-block-span6\">\n<div class=\"td_module_8 td_module_wrap\">\n<div class=\"item-details\">\n<h3 class=\"entry-title td-module-title\"><a href=\"https:\/\/r3media.ro\/cornel-nistorescu-drone-razboi-ucraina\/\" rel=\"bookmark\" title=\"Cornel Nistorescu, dup\u0103 incidentele cu drone: Adie a aer de r\u0103zboi. De mirare c\u0103 dronele ucrainene nu au st\u00e2rnit at\u00e2ta t\u0103r\u0103boi\">Cornel Nistorescu, dup\u0103 incidentele cu drone: Adie a aer de r\u0103zboi. De mirare c\u0103&#8230;<\/a><\/h3>\n<div class=\"td-module-meta-info\"><a href=\"https:\/\/r3media.ro\/category\/actualitate\/\" class=\"td-post-category\">ACTUALITATE<\/a><span class=\"td-post-author-name\"><a href=\"https:\/\/r3media.ro\/author\/radu_ursan\/\">Radu Ursan<\/a><span>&#8211;<\/span><\/span><span class=\"td-post-date\"><time class=\"entry-date updated td-module-date\" datetime=\"2026-07-28T10:21:51+03:00\">28\/07\/2026<\/time><\/span><\/div>\n<\/div>\n<\/div>\n<\/div>\n<div class=\"td-block-span6\">\n<div class=\"td_module_8 td_module_wrap\">\n<div class=\"item-details\">\n<h3 class=\"entry-title td-module-title\"><a href=\"https:\/\/r3media.ro\/bnr-recomanda-romani-rezerve-de-cash-atacuri-cibernetice-numerar-relevant-criza\/\" rel=\"bookmark\" title=\"BNR le recomand\u0103 rom\u00e2nilor s\u0103 p\u0103streze rezerve de cash: Numerarul se poate dovedi relevant \u00een criz\u0103\">BNR le recomand\u0103 rom\u00e2nilor s\u0103 p\u0103streze rezerve de cash: Numerarul se poate dovedi relevant&#8230;<\/a><\/h3>\n<div class=\"td-module-meta-info\"><a href=\"https:\/\/r3media.ro\/category\/actualitate\/\" class=\"td-post-category\">ACTUALITATE<\/a><span class=\"td-post-author-name\"><a href=\"https:\/\/r3media.ro\/author\/oana\/\">Oana Ivan<\/a><span>&#8211;<\/span><\/span><span class=\"td-post-date\"><time class=\"entry-date updated td-module-date\" datetime=\"2026-07-27T13:11:47+03:00\">27\/07\/2026<\/time><\/span><\/div>\n<\/div>\n<\/div>\n<\/div>\n<\/div>\n<div class=\"td-block-row\">\n<div class=\"td-block-span6\">\n<div class=\"td_module_8 td_module_wrap\">\n<div class=\"item-details\">\n<h3 class=\"entry-title td-module-title\"><a href=\"https:\/\/r3media.ro\/statul-roman-a-semnat-actul-propriei-disparitii\/\" rel=\"bookmark\" title=\"Statul rom\u00e2n a semnat actul propriei dispari\u021bii?\">Statul rom\u00e2n a semnat actul propriei dispari\u021bii?<\/a><\/h3>\n<div class=\"td-module-meta-info\"><a href=\"https:\/\/r3media.ro\/category\/opinii\/\" class=\"td-post-category\">OPINII<\/a><span class=\"td-post-author-name\"><a href=\"https:\/\/r3media.ro\/author\/gabipopa\/\">Gabriel Popa<\/a><span>&#8211;<\/span><\/span><span class=\"td-post-date\"><time class=\"entry-date updated td-module-date\" datetime=\"2026-07-27T15:07:05+03:00\">27\/07\/2026<\/time><\/span><\/div>\n<\/div>\n<\/div>\n<\/div>\n<div class=\"td-block-span6\">\n<div class=\"td_module_8 td_module_wrap\">\n<div class=\"item-details\">\n<h3 class=\"entry-title td-module-title\"><a href=\"https:\/\/r3media.ro\/prima-oara-istorie-presedintia-document-primplan-patriotism-european\/\" rel=\"bookmark\" title=\"Pentru prima oar\u0103 \u00een istorie, Pre\u0219edin\u021bia Rom\u00e2niei emite un document care pune pe primul plan o alt\u0103 entitate dec\u00e2t \u021bara noastr\u0103: patriotismul european\">Pentru prima oar\u0103 \u00een istorie, Pre\u0219edin\u021bia Rom\u00e2niei emite un document care pune pe primul&#8230;<\/a><\/h3>\n<div class=\"td-module-meta-info\"><a href=\"https:\/\/r3media.ro\/category\/actualitate\/\" class=\"td-post-category\">ACTUALITATE<\/a><span class=\"td-post-author-name\"><a href=\"https:\/\/r3media.ro\/author\/teodor_stan\/\">Teodor Stan<\/a><span>&#8211;<\/span><\/span><span class=\"td-post-date\"><time class=\"entry-date updated td-module-date\" datetime=\"2026-07-26T11:44:31+03:00\">26\/07\/2026<\/time><\/span><\/div>\n<\/div>\n<\/div>\n<\/div>\n<\/div>\n<div class=\"td-block-row\">\n<div class=\"td-block-span6\">\n<div class=\"td_module_8 td_module_wrap\">\n<div class=\"item-details\">\n<h3 class=\"entry-title td-module-title\"><a href=\"https:\/\/r3media.ro\/film-nou-stapanul-inelelor-corect-politic-regizor-andy-serkis-diversitate-tolkien-mitologie-nordica\/\" rel=\"bookmark\" title=\"Noul film \u201eSt\u0103p\u00e2nul Inelelor\u201d nu va fi corect politic. Regizorul Andy Serkis: J.R.R. Tolkien a fost influen\u021bat de mitologia nordic\u0103. Nu vrem o distribu\u021bie de dragul de a bifa c\u0103su\u021be\">Noul film \u201eSt\u0103p\u00e2nul Inelelor\u201d nu va fi corect politic. Regizorul Andy Serkis: J.R.R. Tolkien&#8230;<\/a><\/h3>\n<div class=\"td-module-meta-info\"><a href=\"https:\/\/r3media.ro\/category\/actualitate\/\" class=\"td-post-category\">ACTUALITATE<\/a><span class=\"td-post-author-name\"><a href=\"https:\/\/r3media.ro\/author\/oana\/\">Oana Ivan<\/a><span>&#8211;<\/span><\/span><span class=\"td-post-date\"><time class=\"entry-date updated td-module-date\" datetime=\"2026-07-26T15:49:31+03:00\">26\/07\/2026<\/time><\/span><\/div>\n<\/div>\n<\/div>\n<\/div>\n<div class=\"td-block-span6\">\n<div class=\"td_module_8 td_module_wrap\">\n<div class=\"item-details\">\n<h3 class=\"entry-title td-module-title\"><a href=\"https:\/\/r3media.ro\/dictatura-forma-suprema-a-democratiei\/\" rel=\"bookmark\" title=\"Dictatura \u2013 forma suprem\u0103 a democra\u021biei\">Dictatura \u2013 forma suprem\u0103 a democra\u021biei<\/a><\/h3>\n<div class=\"td-module-meta-info\"><a href=\"https:\/\/r3media.ro\/category\/opinii\/\" class=\"td-post-category\">OPINII<\/a><span class=\"td-post-author-name\"><a href=\"https:\/\/r3media.ro\/author\/tru\/\">TRU (Traian Ungureanu)<\/a><span>&#8211;<\/span><\/span><span class=\"td-post-date\"><time class=\"entry-date updated td-module-date\" datetime=\"2026-07-25T16:43:11+03:00\">25\/07\/2026<\/time><\/span><\/div>\n<\/div>\n<\/div>\n<\/div>\n<\/div>\n<div class=\"td-block-row\">\n<div class=\"td-block-span6\">\n<div class=\"td_module_8 td_module_wrap\">\n<div class=\"item-details\">\n<h3 class=\"entry-title td-module-title\"><a href=\"https:\/\/r3media.ro\/marea-britanie-apa-inteligenta-artificiala-romania-centru-ai-restrictii-consum-apa\/\" rel=\"bookmark\" title=\"Marea Britanie nu mai are suficient\u0103 ap\u0103 pentru Inteligen\u021ba Artificial\u0103, dar Rom\u00e2nia vrea s\u0103 g\u0103zduiasc\u0103 un centru AI care consum\u0103 c\u00e2t sute de mii de oameni \u0219i impune restric\u021bii la consumul de ap\u0103 al popula\u021biei\">Marea Britanie nu mai are suficient\u0103 ap\u0103 pentru Inteligen\u021ba Artificial\u0103, dar Rom\u00e2nia vrea s\u0103&#8230;<\/a><\/h3>\n<div class=\"td-module-meta-info\"><a href=\"https:\/\/r3media.ro\/category\/actualitate\/\" class=\"td-post-category\">ACTUALITATE<\/a><span class=\"td-post-author-name\"><a href=\"https:\/\/r3media.ro\/author\/radu_ursan\/\">Radu Ursan<\/a><span>&#8211;<\/span><\/span><span class=\"td-post-date\"><time class=\"entry-date updated td-module-date\" datetime=\"2026-07-23T11:44:13+03:00\">23\/07\/2026<\/time><\/span><\/div>\n<\/div>\n<\/div>\n<\/div>\n<div class=\"td-block-span6\">\n<div class=\"td_module_8 td_module_wrap\">\n<div class=\"item-details\">\n<h3 class=\"entry-title td-module-title\"><a href=\"https:\/\/r3media.ro\/campion-olimpic-olaf-tufte-mort-subit-50-ani\/\" rel=\"bookmark\" title=\"Campionul olimpic Olaf Tufte a murit subit la 50 de ani\">Campionul olimpic Olaf Tufte a murit subit la 50 de ani<\/a><\/h3>\n<div class=\"td-module-meta-info\"><a href=\"https:\/\/r3media.ro\/category\/actualitate\/\" class=\"td-post-category\">ACTUALITATE<\/a><span class=\"td-post-author-name\"><a href=\"https:\/\/r3media.ro\/author\/oana\/\">Oana Ivan<\/a><span>&#8211;<\/span><\/span><span class=\"td-post-date\"><time class=\"entry-date updated td-module-date\" datetime=\"2026-07-22T12:11:02+03:00\">22\/07\/2026<\/time><\/span><\/div>\n<\/div>\n<\/div>\n<\/div>\n<\/div>\n<div class=\"td-block-row\">\n<div class=\"td-block-span6\">\n<div class=\"td_module_8 td_module_wrap\">\n<div class=\"item-details\">\n<h3 class=\"entry-title td-module-title\"><a href=\"https:\/\/r3media.ro\/explozie-incendiu-fabrica-kronospan-brasov-video\/\" rel=\"bookmark\" title=\"VIDEO | Explozie urmat\u0103 de un incendiu la fabrica Kronospan din Bra\u0219ov. \u00cen timp ce pompierii \u00eencercau s\u0103 sting\u0103 focul s-a produs o alt\u0103 explozie\">VIDEO | Explozie urmat\u0103 de un incendiu la fabrica Kronospan din Bra\u0219ov. \u00cen timp&#8230;<\/a><\/h3>\n<div class=\"td-module-meta-info\"><a href=\"https:\/\/r3media.ro\/category\/actualitate\/\" class=\"td-post-category\">ACTUALITATE<\/a><span class=\"td-post-author-name\"><a href=\"https:\/\/r3media.ro\/author\/oana\/\">Oana Ivan<\/a><span>&#8211;<\/span><\/span><span class=\"td-post-date\"><time class=\"entry-date updated td-module-date\" datetime=\"2026-07-22T10:01:28+03:00\">22\/07\/2026<\/time><\/span><\/div>\n<\/div>\n<\/div>\n<\/div>\n<div class=\"td-block-span6\">\n<div class=\"td_module_8 td_module_wrap\">\n<div class=\"item-details\">\n<h3 class=\"entry-title td-module-title\"><a href=\"https:\/\/r3media.ro\/asa-incepe-compania-openai-afirma-un-model-de-inteligenta-artificiala-a-atacat-din-proprie-initiativa-sistemele-unei-alte-companii\/\" rel=\"bookmark\" title=\"A\u0219a \u00eencepe? Compania OpenAI afirm\u0103 un model de inteligen\u021b\u0103 artificial\u0103 a ATACAT din proprie ini\u021biativ\u0103 sistemele unei alte companii\">A\u0219a \u00eencepe? Compania OpenAI afirm\u0103 un model de inteligen\u021b\u0103 artificial\u0103 a ATACAT din proprie&#8230;<\/a><\/h3>\n<div class=\"td-module-meta-info\"><a href=\"https:\/\/r3media.ro\/category\/actualitate\/\" class=\"td-post-category\">ACTUALITATE<\/a><span class=\"td-post-author-name\"><a href=\"https:\/\/r3media.ro\/author\/teodor_stan\/\">Teodor Stan<\/a><span>&#8211;<\/span><\/span><span class=\"td-post-date\"><time class=\"entry-date updated td-module-date\" datetime=\"2026-07-22T09:10:53+03:00\">22\/07\/2026<\/time><\/span><\/div>\n<\/div>\n<\/div>\n<\/div>\n<\/div>\n<div class=\"td-block-row\">\n<div class=\"td-block-span6\">\n<div class=\"td_module_8 td_module_wrap\">\n<div class=\"item-details\">\n<h3 class=\"entry-title td-module-title\"><a href=\"https:\/\/r3media.ro\/episcopul-husilor-oameni-animale-therieni-degradare-progresism\/\" rel=\"bookmark\" title=\"Episcopul Hu\u0219ilor, despre oamenii care se cred animale: V\u0103 da\u021bi seama c\u00e2t\u0103 degradare uman\u0103 este? De ce? Pentru c\u0103 se \u00eencred \u00een progresism\">Episcopul Hu\u0219ilor, despre oamenii care se cred animale: V\u0103 da\u021bi seama c\u00e2t\u0103 degradare uman\u0103&#8230;<\/a><\/h3>\n<div class=\"td-module-meta-info\"><a href=\"https:\/\/r3media.ro\/category\/actualitate\/\" class=\"td-post-category\">ACTUALITATE<\/a><span class=\"td-post-author-name\"><a href=\"https:\/\/r3media.ro\/author\/radu_ursan\/\">Radu Ursan<\/a><span>&#8211;<\/span><\/span><span class=\"td-post-date\"><time class=\"entry-date updated td-module-date\" datetime=\"2026-07-21T19:30:46+03:00\">21\/07\/2026<\/time><\/span><\/div>\n<\/div>\n<\/div>\n<\/div>\n<div class=\"td-block-span6\">\n<div class=\"td_module_8 td_module_wrap\">\n<div class=\"item-details\">\n<h3 class=\"entry-title td-module-title\"><a href=\"https:\/\/r3media.ro\/video-cult-femeie-dumnezeu-mama-romania\/\" rel=\"bookmark\" title=\"VIDEO | Un cult care consider\u0103 o femeie coreean\u0103 drept \u201eDumnezeu Mama\u201d face prozeli\u021bi \u00een Rom\u00e2nia\">VIDEO | Un cult care consider\u0103 o femeie coreean\u0103 drept \u201eDumnezeu Mama\u201d face prozeli\u021bi&#8230;<\/a><\/h3>\n<div class=\"td-module-meta-info\"><a href=\"https:\/\/r3media.ro\/category\/actualitate\/\" class=\"td-post-category\">ACTUALITATE<\/a><span class=\"td-post-author-name\"><a href=\"https:\/\/r3media.ro\/author\/redactia\/\">Redac\u021bia<\/a><span>&#8211;<\/span><\/span><span class=\"td-post-date\"><time class=\"entry-date updated td-module-date\" datetime=\"2026-07-21T11:14:08+03:00\">21\/07\/2026<\/time><\/span><\/div>\n<\/div>\n<\/div>\n<\/div>\n<\/div>\n<\/div>\n<div class=\"td-load-more-wrap td-load-more-infinite-wrap\" id=\"infinite-lm-tdi_20\"><a href=\"https:\/\/r3media.ro\/masina-electrica-foc-turcia-incarcat-vehicul-explozie-pompieri-stingere-incendiu-video\/\" class=\"td_ajax_load_more td_ajax_load_more_js\" aria-label=\"\u00cenc\u0103rca\u021bi mai multe\" id=\"next-page-tdi_20\" data-td_block_id=\"tdi_20\">\u00cenc\u0103rca\u021bi mai multe<\/a><\/div>\n<\/div>\n<div class=\"td_block_wrap tdb_single_comments tdi_21 tdb-comm-layout2 td-pb-border-top td_block_template_1\" data-td-block-uid=\"tdi_21\">\n<div class=\"tdb-block-inner td-fix-index\">\n<div class=\"comments\" id=\"comments\">\n<div id=\"respond\" class=\"comment-respond\">\n<h3 id=\"reply-title\" class=\"comment-reply-title\">AI CEVA DE SPUS? <small><a rel=\"nofollow\" id=\"cancel-comment-reply-link\" href=\"https:\/\/r3media.ro\/masina-electrica-foc-turcia-incarcat-vehicul-explozie-pompieri-stingere-incendiu-video\/#respond\">Renun\u021ba\u021bi la r\u0103spuns<\/a><\/small><\/h3>\n<div class=\"comment-form-input-wrap td-form-comment\">\n<div class=\"td-warning-comment\">V\u0103 rug\u0103m s\u0103 introduce\u021bi comentariul dvs.!<\/div>\n<\/div>\n<div class=\"comment-form-input-wrap td-form-author\">\n<div class=\"td-warning-author\">Introduce\u021bi aici numele dvs.<\/div>\n<\/div>\n<div class=\"comment-form-input-wrap td-form-email\">\n<div class=\"td-warning-email-error\">A\u021bi introdus o adres\u0103 de e-mail incorect\u0103!<\/div>\n<div class=\"td-warning-email\">V\u0103 rug\u0103m s\u0103 introduce\u021bi adresa dvs. de e-mail aici<\/div>\n<\/div>\n<\/div>\n<\/div>\n<\/div>\n<\/div>\n<\/div>\n<\/div>\n<div class=\"vc_column tdi_23  wpb_column vc_column_container tdc-column td-pb-span4 td-is-sticky\">\n<div class=\"wpb_wrapper\" data-sticky-enabled-on=\"W3RydWUsdHJ1ZSx0cnVlLHRydWVd\" data-sticky-offset=\"20\" data-sticky-is-width-auto=\"W2ZhbHNlLGZhbHNlLGZhbHNlLGZhbHNlXQ==\">\n<div class=\"wpb_wrapper td_block_wrap vc_widget_sidebar tdi_25 \">\n<div class=\"td_block_wrap td_block_7 td_block_widget tdi_26 td-pb-border-top td_block_template_1 td-column-1 td_block_padding\" data-td-block-uid=\"tdi_26\">\n<div class=\"td-block-title-wrap\">\n<h4 class=\"block-title td-block-title\"><span class=\"td-pulldown-size\">Articole RELA\u021aIONATE<\/span><\/h4>\n<\/div>\n<div id=\"tdi_26\" class=\"td_block_inner\">\n<div class=\"td-block-span12\">\n<div class=\"td_module_6 td_module_wrap td-animation-stack\">\n<div class=\"td-module-thumb\"><a href=\"https:\/\/r3media.ro\/spania-asediu-migranti-exclava-ceuta-africa-madrid-trupe-securitate-video\/\" rel=\"bookmark\" class=\"td-image-wrap \" title=\"VIDEO | Spania se afl\u0103 sub asediu: Mii de migran\u021bi au luat cu asalt exclava Ceuta din Africa. Madridul a trimis trupe pentru a consolida securitatea\"><img loading=\"lazy\" decoding=\"async\" class=\"entry-thumb\" src=\"https:\/\/r3media.ro\/wp-content\/uploads\/2026\/07\/invazie-migranti-ceuta-spania-100x70.png\" alt title=\"VIDEO | Spania se afl\u0103 sub asediu: Mii de migran\u021bi au luat cu asalt exclava Ceuta din Africa. Madridul a trimis trupe pentru a consolida securitatea\" width=\"100\" height=\"70\"><\/a><\/div>\n<div class=\"item-details\">\n<h3 class=\"entry-title td-module-title\"><a href=\"https:\/\/r3media.ro\/spania-asediu-migranti-exclava-ceuta-africa-madrid-trupe-securitate-video\/\" rel=\"bookmark\" title=\"VIDEO | Spania se afl\u0103 sub asediu: Mii de migran\u021bi au luat cu asalt exclava Ceuta din Africa. Madridul a trimis trupe pentru a consolida securitatea\">VIDEO | Spania se afl\u0103 sub asediu: Mii de migran\u021bi au&#8230;<\/a><\/h3>\n<div class=\"td-module-meta-info\"><span class=\"td-post-date\"><time class=\"entry-date updated td-module-date\" datetime=\"2026-07-31T12:39:57+03:00\">31\/07\/2026<\/time><\/span><\/div>\n<\/div>\n<\/div>\n<\/div>\n<div class=\"td-block-span12\">\n<div class=\"td_module_6 td_module_wrap td-animation-stack\">\n<div class=\"td-module-thumb\"><a href=\"https:\/\/r3media.ro\/expert-ucraina-faliment-agricultura-romaneasca-tehnologii-ue\/\" rel=\"bookmark\" class=\"td-image-wrap \" title=\"Un expert explic\u0103 felul \u00een care concuren\u021ba din Ucraina bag\u0103 \u00een faliment agricultura rom\u00e2neasc\u0103: Folosesc tehnologii interzise \u00een UE\"><img loading=\"lazy\" decoding=\"async\" class=\"entry-thumb\" src=\"https:\/\/r3media.ro\/wp-content\/uploads\/2024\/01\/protest-fermieri-si-transportatori-romani-100x70.png\" alt title=\"Un expert explic\u0103 felul \u00een care concuren\u021ba din Ucraina bag\u0103 \u00een faliment agricultura rom\u00e2neasc\u0103: Folosesc tehnologii interzise \u00een UE\" width=\"100\" height=\"70\"><\/a><\/div>\n<div class=\"item-details\">\n<h3 class=\"entry-title td-module-title\"><a href=\"https:\/\/r3media.ro\/expert-ucraina-faliment-agricultura-romaneasca-tehnologii-ue\/\" rel=\"bookmark\" title=\"Un expert explic\u0103 felul \u00een care concuren\u021ba din Ucraina bag\u0103 \u00een faliment agricultura rom\u00e2neasc\u0103: Folosesc tehnologii interzise \u00een UE\">Un expert explic\u0103 felul \u00een care concuren\u021ba din Ucraina bag\u0103 \u00een&#8230;<\/a><\/h3>\n<div class=\"td-module-meta-info\"><span class=\"td-post-date\"><time class=\"entry-date updated td-module-date\" datetime=\"2026-07-30T09:51:48+03:00\">30\/07\/2026<\/time><\/span><\/div>\n<\/div>\n<\/div>\n<\/div>\n<div class=\"td-block-span12\">\n<div class=\"td_module_6 td_module_wrap td-animation-stack\">\n<div class=\"td-module-thumb\"><a href=\"https:\/\/r3media.ro\/criza-energetica-bolojan-romani-reducere-consum\/\" rel=\"bookmark\" class=\"td-image-wrap \" title=\"Criza energiei, confirmat\u0103 de la Guvern: Ilie Bolojan \u00eendeamn\u0103 rom\u00e2nii s\u0103 reduc\u0103 consumul de energie\"><img loading=\"lazy\" decoding=\"async\" class=\"entry-thumb\" src=\"https:\/\/r3media.ro\/wp-content\/uploads\/2023\/08\/nuclearelectrica-cernavoda-100x70.jpg\" alt title=\"Criza energiei, confirmat\u0103 de la Guvern: Ilie Bolojan \u00eendeamn\u0103 rom\u00e2nii s\u0103 reduc\u0103 consumul de energie\" width=\"100\" height=\"70\"><\/a><\/div>\n<div class=\"item-details\">\n<h3 class=\"entry-title td-module-title\"><a href=\"https:\/\/r3media.ro\/criza-energetica-bolojan-romani-reducere-consum\/\" rel=\"bookmark\" title=\"Criza energiei, confirmat\u0103 de la Guvern: Ilie Bolojan \u00eendeamn\u0103 rom\u00e2nii s\u0103 reduc\u0103 consumul de energie\">Criza energiei, confirmat\u0103 de la Guvern: Ilie Bolojan \u00eendeamn\u0103 rom\u00e2nii s\u0103&#8230;<\/a><\/h3>\n<div class=\"td-module-meta-info\"><span class=\"td-post-date\"><time class=\"entry-date updated td-module-date\" datetime=\"2026-07-30T09:05:19+03:00\">30\/07\/2026<\/time><\/span><\/div>\n<\/div>\n<\/div>\n<\/div>\n<div class=\"td-block-span12\">\n<div class=\"td_module_6 td_module_wrap td-animation-stack\">\n<div class=\"td-module-thumb\"><a href=\"https:\/\/r3media.ro\/calendarul-zilei-30-iulie-sf-apostoli-silvan-criscent-epenetos-si-andronic\/\" rel=\"bookmark\" class=\"td-image-wrap \" title=\"Calendarul zilei 30 iulie: Sf. Apostoli Silvan, Criscent, Epenetos \u0219i Andronic\"><img loading=\"lazy\" decoding=\"async\" class=\"entry-thumb\" src=\"https:\/\/r3media.ro\/wp-content\/uploads\/2022\/07\/sddefault-7-100x70.jpg\" alt title=\"Calendarul zilei 30 iulie: Sf. Apostoli Silvan, Criscent, Epenetos \u0219i Andronic\" width=\"100\" height=\"70\"><\/a><\/div>\n<div class=\"item-details\">\n<h3 class=\"entry-title td-module-title\"><a href=\"https:\/\/r3media.ro\/calendarul-zilei-30-iulie-sf-apostoli-silvan-criscent-epenetos-si-andronic\/\" rel=\"bookmark\" title=\"Calendarul zilei 30 iulie: Sf. Apostoli Silvan, Criscent, Epenetos \u0219i Andronic\">Calendarul zilei 30 iulie: Sf. Apostoli Silvan, Criscent, Epenetos \u0219i Andronic<\/a><\/h3>\n<div class=\"td-module-meta-info\"><span class=\"td-post-date\"><time class=\"entry-date updated td-module-date\" datetime=\"2026-07-29T22:06:56+03:00\">29\/07\/2026<\/time><\/span><\/div>\n<\/div>\n<\/div>\n<\/div>\n<div class=\"td-block-span12\">\n<div class=\"td_module_6 td_module_wrap td-animation-stack\">\n<div class=\"td-module-thumb\"><a href=\"https:\/\/r3media.ro\/tribunal-constitutional-polonia-opreste-recunoastere-tara-casatorii-persoane-acelasi-sex-incheiate-uniunea-europeana\/\" rel=\"bookmark\" class=\"td-image-wrap \" title=\"Tribunalul Constitu\u021bional din Polonia opre\u0219te recunoa\u0219terea pe teritoriul \u021b\u0103rii a c\u0103s\u0103toriilor persoanelor de acela\u0219i sex \u00eencheiate \u00een Uniunea European\u0103\"><img loading=\"lazy\" decoding=\"async\" class=\"entry-thumb\" src=\"https:\/\/r3media.ro\/wp-content\/uploads\/2026\/05\/homosexuali-100x70.png\" alt title=\"Tribunalul Constitu\u021bional din Polonia opre\u0219te recunoa\u0219terea pe teritoriul \u021b\u0103rii a c\u0103s\u0103toriilor persoanelor de acela\u0219i sex \u00eencheiate \u00een Uniunea European\u0103\" width=\"100\" height=\"70\"><\/a><\/div>\n<div class=\"item-details\">\n<h3 class=\"entry-title td-module-title\"><a href=\"https:\/\/r3media.ro\/tribunal-constitutional-polonia-opreste-recunoastere-tara-casatorii-persoane-acelasi-sex-incheiate-uniunea-europeana\/\" rel=\"bookmark\" title=\"Tribunalul Constitu\u021bional din Polonia opre\u0219te recunoa\u0219terea pe teritoriul \u021b\u0103rii a c\u0103s\u0103toriilor persoanelor de acela\u0219i sex \u00eencheiate \u00een Uniunea European\u0103\">Tribunalul Constitu\u021bional din Polonia opre\u0219te recunoa\u0219terea pe teritoriul \u021b\u0103rii a c\u0103s\u0103toriilor&#8230;<\/a><\/h3>\n<div class=\"td-module-meta-info\"><span class=\"td-post-date\"><time class=\"entry-date updated td-module-date\" datetime=\"2026-07-29T14:59:41+03:00\">29\/07\/2026<\/time><\/span><\/div>\n<\/div>\n<\/div>\n<\/div>\n<div class=\"td-block-span12\">\n<div class=\"td_module_6 td_module_wrap td-animation-stack\">\n<div class=\"td-module-thumb\"><a href=\"https:\/\/r3media.ro\/alerta-bomba-port-constanta-radu-miruta-amenintare-transmisa-numere-telefon-ucraina-polonia\/\" rel=\"bookmark\" class=\"td-image-wrap \" title=\"Alert\u0103 cu bomb\u0103 \u00een Portul Constan\u021ba. Radu Miru\u021b\u0103 spune c\u0103 amenin\u021barea a fost transmis\u0103 de pe numere de telefon din Ucraina \u0219i Polonia\"><img loading=\"lazy\" decoding=\"async\" class=\"entry-thumb\" src=\"https:\/\/r3media.ro\/wp-content\/uploads\/2023\/08\/port-constanta-e1691187858708-100x70.jpg\" alt title=\"Alert\u0103 cu bomb\u0103 \u00een Portul Constan\u021ba. Radu Miru\u021b\u0103 spune c\u0103 amenin\u021barea a fost transmis\u0103 de pe numere de telefon din Ucraina \u0219i Polonia\" width=\"100\" height=\"70\"><\/a><\/div>\n<div class=\"item-details\">\n<h3 class=\"entry-title td-module-title\"><a href=\"https:\/\/r3media.ro\/alerta-bomba-port-constanta-radu-miruta-amenintare-transmisa-numere-telefon-ucraina-polonia\/\" rel=\"bookmark\" title=\"Alert\u0103 cu bomb\u0103 \u00een Portul Constan\u021ba. Radu Miru\u021b\u0103 spune c\u0103 amenin\u021barea a fost transmis\u0103 de pe numere de telefon din Ucraina \u0219i Polonia\">Alert\u0103 cu bomb\u0103 \u00een Portul Constan\u021ba. Radu Miru\u021b\u0103 spune c\u0103 amenin\u021barea&#8230;<\/a><\/h3>\n<div class=\"td-module-meta-info\"><span class=\"td-post-date\"><time class=\"entry-date updated td-module-date\" datetime=\"2026-07-29T14:42:30+03:00\">29\/07\/2026<\/time><\/span><\/div>\n<\/div>\n<\/div>\n<\/div>\n<div class=\"td-block-span12\">\n<div class=\"td_module_6 td_module_wrap td-animation-stack\">\n<div class=\"td-module-thumb\"><a href=\"https:\/\/r3media.ro\/pretul-motorinei\/\" rel=\"bookmark\" class=\"td-image-wrap \" title=\"Pre\u021bul motorinei se apropie de 10,20 lei\/litru. Ce se \u00eent\u00e2mpl\u0103 la pomp\u0103 \u00een aceast\u0103 s\u0103pt\u0103m\u00e2n\u0103\"><img loading=\"lazy\" decoding=\"async\" class=\"entry-thumb\" src=\"https:\/\/r3media.ro\/wp-content\/uploads\/2022\/09\/masina-la-pompa-e1664128776559-100x70.jpg\" alt title=\"Pre\u021bul motorinei se apropie de 10,20 lei\/litru. Ce se \u00eent\u00e2mpl\u0103 la pomp\u0103 \u00een aceast\u0103 s\u0103pt\u0103m\u00e2n\u0103\" width=\"100\" height=\"70\"><\/a><\/div>\n<div class=\"item-details\">\n<h3 class=\"entry-title td-module-title\"><a href=\"https:\/\/r3media.ro\/pretul-motorinei\/\" rel=\"bookmark\" title=\"Pre\u021bul motorinei se apropie de 10,20 lei\/litru. Ce se \u00eent\u00e2mpl\u0103 la pomp\u0103 \u00een aceast\u0103 s\u0103pt\u0103m\u00e2n\u0103\">Pre\u021bul motorinei se apropie de 10,20 lei\/litru. Ce se \u00eent\u00e2mpl\u0103 la&#8230;<\/a><\/h3>\n<div class=\"td-module-meta-info\"><span class=\"td-post-date\"><time class=\"entry-date updated td-module-date\" datetime=\"2026-07-29T11:54:15+03:00\">29\/07\/2026<\/time><\/span><\/div>\n<\/div>\n<\/div>\n<\/div>\n<\/div>\n<\/div>\n<aside class=\"td_block_template_1 widget widget_recent_comments\">\n<h4 class=\"block-title\"><span>INTR\u0102 \u00ceN DISCU\u021aIE!<\/span><\/h4>\n<ul id=\"recentcomments\">\n<li class=\"recentcomments\"><span class=\"comment-author-link\">Dan<\/span> la <a href=\"https:\/\/r3media.ro\/europarlamentarul-gheorghe-piperea-psd-pnl-usr-udmr-sunt-de-fapt-pro-ucraineni-noi-preferam-sa-fim-pro-romani\/#comment-40329\">Europarlamentarul Gheorghe Piperea: PSD-PNL-USR-UDMR sunt de fapt, pro-ucraineni. Noi prefer\u0103m s\u0103 fim pro-rom\u00e2ni<\/a><\/li>\n<li class=\"recentcomments\"><span class=\"comment-author-link\">Zelizelu<\/span> la <a href=\"https:\/\/r3media.ro\/europarlamentarul-gheorghe-piperea-psd-pnl-usr-udmr-sunt-de-fapt-pro-ucraineni-noi-preferam-sa-fim-pro-romani\/#comment-40328\">Europarlamentarul Gheorghe Piperea: PSD-PNL-USR-UDMR sunt de fapt, pro-ucraineni. Noi prefer\u0103m s\u0103 fim pro-rom\u00e2ni<\/a><\/li>\n<li class=\"recentcomments\"><span class=\"comment-author-link\">Pav\u0103l \u0218tefan<\/span> la <a href=\"https:\/\/r3media.ro\/film-nou-stapanul-inelelor-corect-politic-regizor-andy-serkis-diversitate-tolkien-mitologie-nordica\/#comment-40327\">Noul film \u201eSt\u0103p\u00e2nul Inelelor\u201d nu va fi corect politic. Regizorul Andy Serkis: J.R.R. Tolkien a fost influen\u021bat de mitologia nordic\u0103. Nu vrem o distribu\u021bie de dragul de a bifa c\u0103su\u021be<\/a><\/li>\n<li class=\"recentcomments\"><span class=\"comment-author-link\">Nicu<\/span> la <a href=\"https:\/\/r3media.ro\/avioane-americane-bulgaria-energie-radev-sua\/#comment-40326\">Avioane americane la Bezmer, la schimb cu avantaje \u00een zona energetic\u0103 pentru Bulgaria: ce a ob\u021binut guvernul Radev de la SUA<\/a><\/li>\n<li class=\"recentcomments\"><span class=\"comment-author-link\">Constantin<\/span> la <a href=\"https:\/\/r3media.ro\/prima-oara-istorie-presedintia-document-primplan-patriotism-european\/#comment-40325\">Pentru prima oar\u0103 \u00een istorie, Pre\u0219edin\u021bia Rom\u00e2niei emite un document care pune pe primul plan o alt\u0103 entitate dec\u00e2t \u021bara noastr\u0103: patriotismul european<\/a><\/li>\n<li class=\"recentcomments\"><span class=\"comment-author-link\">Constantin<\/span> la <a href=\"https:\/\/r3media.ro\/statul-roman-a-semnat-actul-propriei-disparitii\/#comment-40324\">Statul rom\u00e2n a semnat actul propriei dispari\u021bii?<\/a><\/li>\n<li class=\"recentcomments\"><span class=\"comment-author-link\">Nicu<\/span> la <a href=\"https:\/\/r3media.ro\/statul-roman-a-semnat-actul-propriei-disparitii\/#comment-40323\">Statul rom\u00e2n a semnat actul propriei dispari\u021bii?<\/a><\/li>\n<\/ul>\n<\/aside>\n<aside class=\"td_block_template_1 widget widget_search\">\n<h4 class=\"block-title\"><span>CAUT\u0102 \u0218I VEI G\u0102SI<\/span><\/h4>\n<\/aside>\n<\/div>\n<\/div>\n<\/div>\n<\/div>\n<\/div>\n<\/div>\n<\/div>\n<p><span class=\"td-page-meta\"><\/span><span class=\"td-page-meta\"><span class=\"td-page-meta\"><\/span><\/span><span class=\"td-page-meta\"><\/span><\/article>\n<\/p>\n<div class=\"td_block_wrap tdb_single_content tdi_18 td-pb-border-top td_block_template_1 td-post-content tagdiv-type\" data-td-block-uid=\"tdi_18\">\n<div class=\"tdb-block-inner td-fix-index\">\n<p><strong>\u00cen Kayseri, Turcia, o <a href=\"https:\/\/r3media.ro\/tag\/masini-electrice\/\" target=\"_blank\" rel=\"noopener\">ma\u0219in\u0103 electric\u0103<\/a> a luat foc \u0219i a explodat la o sta\u021bie de \u00eenc\u0103rcare, dintr-un motiv necunoscut. Pompierii au stins incendiul folosind o p\u0103tur\u0103 ignifug\u0103, potrivit <a href=\"https:\/\/www.ntv.com.tr\/turkiye\/galeri-sarj-istasyonunda-elektrikli-otomobil-alev-aldi-yangin-battaniyesi-ile-mudahale-1735007\/5\" target=\"_blank\" rel=\"noopener\">ntv<\/a>.<\/strong><\/p>\n<p>Incidentul a avut loc la o sta\u021bie de \u00eenc\u0103rcare pentru vehicule electrice de pe bulevardul \u0218ehit Miralay Naz\u0131m Bey din cartierul H\u00fcrriyet din districtul Melikgazi.<\/p>\n<h2><strong>O ma\u0219in\u0103 electric\u0103 a luat foc \u00een timp ce se afla la \u00eenc\u0103rcat. Vehiculul a bubuit chiar c\u00e2nd pompierii \u00eencercau s\u0103 sting\u0103 focul<\/strong><\/h2>\n<p>\u00a0<\/p>\n<p>Echipe de pompieri \u0219i poli\u021bie au fost trimise la fa\u021ba locului. Pompierii au acoperit ma\u0219ina electric\u0103 \u00een fl\u0103c\u0103ri cu o p\u0103tur\u0103 ignifug\u0103 \u0219i au pulverizat ap\u0103 pe dedesubt. O explozie a avut loc \u00een vehicul \u00een timpul interven\u021biei. Incendiul a fost stins dup\u0103 aproximativ o or\u0103 de lucru al echipelor.<\/p>\n<p>Ma\u0219ina a suferit avarii grave, iar incidentul a fost \u00eenregistrat pe un telefon mobil de c\u0103tre un cet\u0103\u021bean aflat la sta\u021bie. A fost demarat\u0103 o anchet\u0103 pentru a determina cauza incendiului.<\/p>\n<p>Apa sau spuma sunt ineficiente \u00een stingerea incendiilor la bateriile vehiculelor electrice. Mai ales \u00een cazul incendiilor la baterii, este necesar s\u0103 se a\u0219tepte ca vehiculul s\u0103 se sting\u0103 singur. Pentru a preveni deteriorarea \u00eemprejurimilor, acesta este acoperit cu un sistem numit p\u0103tur\u0103 antifoc sau hus\u0103 antifoc.<\/p>\n<h2><strong>Incendiile la ma\u0219ini electrice, tot mai dese. Mul\u021bi produc\u0103tori recheam\u0103 modelele \u00een service<\/strong><\/h2>\n<p>\u00a0<\/p>\n<p>Subiectul incendiilor la ma\u0219inile electrice genereaz\u0103 dezbateri aprinse. Miezul problemei la un vehicul electric \u00eel reprezint\u0103 bateria Li-ion \u0219i un fenomen numit \u201ethermal runaway\u201d (fuga termic\u0103). Acest lan\u021b de reac\u021bii chimice apare atunci c\u00e2nd o celul\u0103 din baterie este deteriorat\u0103 mecanic (\u00een urma unui impact). Ea sufer\u0103 un scurtcircuit intern din cauza unui defect de fabrica\u021bie sau se supra\u00eenc\u0103lze\u0219te \u00een timpul \u00eenc\u0103rc\u0103rii rapide. Odat\u0103 declan\u0219at\u0103, fuga termic\u0103 elibereaz\u0103 o cantitate enorm\u0103 de c\u0103ldur\u0103 \u0219i gaze inflamabile, gener\u00e2nd un incendiu foarte intens. Chiar dac\u0103 e stins, focul se reaprinde u\u0219or \u0219i necesit\u0103 cantit\u0103\u021bi uria\u0219e de ap\u0103 sau containere speciale pentru izolare \u0219i stingere complet\u0103.<\/p>\n<p>\u00cen ceea ce prive\u0219te cazurile existente \u0219i amploarea lor, c\u00e2teva exemple remarcabile arat\u0103 cum reac\u021bioneaz\u0103 industria \u0219i autorit\u0103\u021bile.<\/p>\n<p>Unul dintre cele mai cunoscute cazuri de rechemare a fost cel al modelului Chevrolet Bolt EV, unde un defect de fabrica\u021bie la celulele furnizate de LG Energy Solution a dus la mai multe incendii spontane \u00een timpul parc\u0103rii sau \u00eenc\u0103rc\u0103rii. General Motors a fost nevoit\u0103 s\u0103 recheme \u00een service peste 140.000 de ma\u0219ini pentru \u00eenlocuirea modulelor de baterie. Cazuri similare de rechem\u0103ri preventive au existat \u0219i la Hyundai (Kona Electric) sau BMW.<\/p>\n<p>Cazuri izolate de incendii \u00een spa\u021bii \u00eenchise sau pe <a href=\"https:\/\/r3media.ro\/video-o-nava-cargo-plina-cu-aproape-3000-de-masini-electrice-a-fost-abandonata-in-oceanul-pacific-dupa-un-incendiu-terifiant-cel-mai-probabil-cauzat-de-bateriile-litiu-ion\/\" target=\"_blank\" rel=\"noopener\"><strong>nave cargo<\/strong><\/a> au atras aten\u021bia autorit\u0103\u021bilor de securitate. Chiar dac\u0103 anchetele nu au confirmat \u00eentotdeauna c\u0103 o ma\u0219in\u0103 electric\u0103 a fost sursa ini\u021bial\u0103 a fl\u0103c\u0103rilor, riscul de propagare rapid\u0103 la alte vehicule a determinat unele parc\u0103ri sau operatori maritimi s\u0103 impun\u0103 reguli mai stricte pentru \u00eenc\u0103rcare.<\/p>\n<p>Pentru a reduce aceste riscuri, produc\u0103torii auto investesc masiv \u00een sisteme avansate de management termic (BMS), pere\u021bi de izolare ignifugi \u00eentre celule \u0219i dezvolt\u0103 tehnologii de genera\u021bie nou\u0103, cum ar fi bateriile solid-state (f\u0103r\u0103 electrolit lichid inflamabil) sau chimiile LFP (Litiu-Fier-Fosfat), care sunt mult mai stabile termic.<\/p>\n\n<div class=\"crp_related     crp-masonry\">\n<h2>\u00ceN CONTEXT<\/h2>\n<ul>\n<li><a href=\"https:\/\/r3media.ro\/stefan-popescu-miza-reala-intalnire-nicusor-dan-erdogan-romania-turcia\/\" class=\"crp_link post-118714\"><span class=\"crp_title\">\u0218tefan Popescu, despre miza REAL\u0102 a \u00eent\u00e2lnirii Nicu\u0219or Dan &#8211; Erdogan: Securitatea Rom\u00e2niei\u2026<\/span><\/a><\/li>\n<li><a href=\"https:\/\/r3media.ro\/femeie-cumparat-automobil-electric-mana-a-doua-surpriza-plecat-masina\/\" class=\"crp_link post-119601\"><span class=\"crp_title\">O femeie care \u0219i-a achizi\u021bionat un automobil electric la m\u00e2na a doua a avut parte de o\u2026<\/span><\/a><\/li>\n<li><a href=\"https:\/\/r3media.ro\/lovitura-usturatoare-masini-electrice-guvernul-bolojan-gand-rau-plata-impozite-echitate-sociala\/\" class=\"crp_link post-112532\"><span class=\"crp_title\">Lovitur\u0103 ustur\u0103toare pentru rom\u00e2nii care au ma\u0219ini electrice: Guvernul Bolojan le-a pus g\u00e2nd\u2026<\/span><\/a><\/li>\n<li><a href=\"https:\/\/r3media.ro\/incendiu-tractor-suceava-baterie\/\" class=\"crp_link post-116957\"><span class=\"crp_title\">Un incendiu a distrus tractorul unui agricultor din Suceava, dup\u0103 ce \u0219i-a l\u0103sat bateria conectat\u0103<\/span><\/a><\/li>\n<li><a href=\"https:\/\/r3media.ro\/piata-masini-electrice-prabusire-statele-unite-ale-americii-vanzari-scazut-80-credit-fiscal-federal-vehicule-prietenoase-mediu-eliminat-donald-trump\/\" class=\"crp_link post-114057\"><span class=\"crp_title\">Pia\u021ba ma\u0219inilor electrice s-a pr\u0103bu\u0219it \u00een Statele Unite ale Americii: V\u00e2nz\u0103rile au sc\u0103zut cu\u2026<\/span><\/a><\/li>\n<li><a href=\"https:\/\/r3media.ro\/cfr-calatori-tren-direct-varna-sofia-istanbul-program-tarife\/\" class=\"crp_link post-117720\"><span class=\"crp_title\">CFR C\u0103l\u0103tori reia circula\u021bia trenului direct c\u0103tre Varna, Sofia \u0219i Istanbul. Program \u0219i tarife<\/span><\/a><\/li>\n<li><a href=\"https:\/\/r3media.ro\/drama-cumplita-australian-masina-hubrida-plug-cumparat-groaznice-consum-combustibil-diesel\/\" class=\"crp_link post-112397\"><span class=\"crp_title\">Drama cumplit\u0103 prin care a trecut un australian cu ma\u0219ina hibrid\u0103 plug-in pe care tocmai\u2026<\/span><\/a><\/li>\n<li><a href=\"https:\/\/r3media.ro\/stefan-popescu-nato-orient-marea-neagra-periferie\/\" class=\"crp_link post-116253\"><span class=\"crp_title\">Analistul \u0218tefan Popescu: NATO \u00ee\u0219i mut\u0103 privirea spre Orient. Marea Neagr\u0103, o \u201eperiferie\u201d strategic\u0103<\/span><\/a><\/li>\n<\/ul>\n<\/div>\n<\/div>\n<\/div>\n<p>[analyse_source url=&#8221;https:\/\/r3media.ro\/masina-electrica-foc-turcia-incarcat-vehicul-explozie-pompieri-stingere-incendiu-video\/&#8221;]<\/p>\n","protected":false},"excerpt":{"rendered":"<p>[analyse_image type=&#8221;featured&#8221; src=&#8221;https:\/\/r3media.ro\/wp-content\/uploads\/2026\/07\/masina-electrica-foc.pnghttps:\/\/r3media.ro\/wp-content\/uploads\/2026\/07\/masina-electrica-foc.png&#8221;] FEATUREDVIDEO | O ma\u0219in\u0103 electric\u0103 a luat foc \u00een timp ce se&#8230; FEATUREDPRIM PLAN VIDEO | O ma\u0219in\u0103 electric\u0103 a luat foc \u00een timp ce se afla la \u00eenc\u0103rcat. Vehiculul a explodat chiar c\u00e2nd pompierii \u00eencercau s\u0103 sting\u0103 focul folosind o p\u0103tur\u0103 ignifug\u0103 Oana Ivan 31\/07\/2026 Surs\u0103 &#8211; trt haber \u00cen Kayseri, [&hellip;]<\/p>\n","protected":false},"author":1,"featured_media":0,"comment_status":"open","ping_status":"","sticky":false,"template":"","format":"standard","meta":{"footnotes":""},"categories":[89],"tags":[226,93],"class_list":["post-2070976","post","type-post","status-publish","format-standard","hentry","category-romania","tag-crawlmanager","tag-r3media-ro"],"_links":{"self":[{"href":"https:\/\/analyse.optim.biz\/index.php?rest_route=\/wp\/v2\/posts\/2070976","targetHints":{"allow":["GET"]}}],"collection":[{"href":"https:\/\/analyse.optim.biz\/index.php?rest_route=\/wp\/v2\/posts"}],"about":[{"href":"https:\/\/analyse.optim.biz\/index.php?rest_route=\/wp\/v2\/types\/post"}],"author":[{"embeddable":true,"href":"https:\/\/analyse.optim.biz\/index.php?rest_route=\/wp\/v2\/users\/1"}],"replies":[{"embeddable":true,"href":"https:\/\/analyse.optim.biz\/index.php?rest_route=%2Fwp%2Fv2%2Fcomments&post=2070976"}],"version-history":[{"count":0,"href":"https:\/\/analyse.optim.biz\/index.php?rest_route=\/wp\/v2\/posts\/2070976\/revisions"}],"wp:attachment":[{"href":"https:\/\/analyse.optim.biz\/index.php?rest_route=%2Fwp%2Fv2%2Fmedia&parent=2070976"}],"wp:term":[{"taxonomy":"category","embeddable":true,"href":"https:\/\/analyse.optim.biz\/index.php?rest_route=%2Fwp%2Fv2%2Fcategories&post=2070976"},{"taxonomy":"post_tag","embeddable":true,"href":"https:\/\/analyse.optim.biz\/index.php?rest_route=%2Fwp%2Fv2%2Ftags&post=2070976"}],"curies":[{"name":"wp","href":"https:\/\/api.w.org\/{rel}","templated":true}]}}