{"id":2070975,"date":"2026-07-31T09:39:57","date_gmt":"2026-07-31T06:39:57","guid":{"rendered":"https:\/\/analyse.optim.biz\/?p=2070975"},"modified":"2026-07-31T09:39:57","modified_gmt":"2026-07-31T06:39:57","slug":"video-spania-se-afla-sub-asediu-mii-de-migranti-au-luat-cu-asalt-exclava-ceuta-din-africa-madridul-a-trimis-trupe-pentru-a-consolida-securitatea","status":"publish","type":"post","link":"https:\/\/analyse.optim.biz\/?p=2070975","title":{"rendered":"VIDEO | Spania se afl\u0103 sub asediu: Mii de migran\u021bi au luat cu asalt exclava Ceuta din Africa. Madridul a trimis trupe pentru a consolida securitatea"},"content":{"rendered":"<p>[analyse_image type=&#8221;featured&#8221; src=&#8221;https:\/\/r3media.ro\/wp-content\/uploads\/2026\/07\/invazie-migranti-ceuta-spania-e1785489648265.pnghttps:\/\/r3media.ro\/wp-content\/uploads\/2026\/07\/invazie-migranti-ceuta-spania-e1785489648265.png&#8221;]<\/p>\n<article id=\"template-id-109\" class=\"post-109 tdb_templates type-tdb_templates status-publish post\">\n<div id=\"tdi_2\" class=\"tdc-zone\">\n<div class=\"tdc_zone tdi_3  wpb_row td-pb-row\">\n<div id=\"tdi_4\" class=\"tdc-row\">\n<div class=\"vc_row tdi_5  wpb_row td-pb-row\">\n<div class=\"vc_column tdi_7  wpb_column vc_column_container tdc-column td-pb-span8\">\n<div class=\"wpb_wrapper\">\n<div class=\"td_block_wrap tdb_breadcrumbs tdi_8 td-pb-border-top td_block_template_1 tdb-breadcrumbs \" data-td-block-uid=\"tdi_8\">\n<div class=\"tdb-block-inner td-fix-index\"><span><a title=\"Vede\u021bi toate articolele \u00een FEATURED\" class=\"tdb-entry-crumb\" href=\"https:\/\/r3media.ro\/category\/featured\/\">FEATURED<\/a><\/span><span class=\"tdb-bred-no-url-last\">VIDEO | Spania se afl\u0103 sub asediu: Mii de migran\u021bi au luat&#8230;<\/span><\/div>\n<\/div>\n<div class=\"td_block_wrap tdb_single_categories tdi_9 td-pb-border-top td_block_template_1 \" data-td-block-uid=\"tdi_9\">\n<div class=\"tdb-category td-fix-index\"><a class=\"tdb-entry-category\" href=\"https:\/\/r3media.ro\/category\/featured\/\">FEATURED<\/a><a class=\"tdb-entry-category\" href=\"https:\/\/r3media.ro\/category\/stiri\/\">\u0218TIRI<\/a><\/div>\n<\/div>\n<div class=\"td_block_wrap tdb_title tdi_10 tdb-single-title td-pb-border-top td_block_template_1\" data-td-block-uid=\"tdi_10\">\n<div class=\"tdb-block-inner td-fix-index\">\n<h1 class=\"tdb-title-text\">VIDEO | Spania se afl\u0103 sub asediu: Mii de migran\u021bi au luat cu asalt exclava Ceuta din Africa. Madridul a trimis trupe pentru a consolida securitatea<\/h1>\n<\/div>\n<\/div>\n<div class=\"vc_row_inner tdi_12  vc_row vc_inner wpb_row td-pb-row\">\n<div class=\"vc_column_inner tdi_14  wpb_column vc_column_container tdc-inner-column td-pb-span12\">\n<div class=\"vc_column-inner\">\n<div class=\"wpb_wrapper\">\n<div class=\"td_block_wrap tdb_single_author tdi_15 td-pb-border-top td_block_template_1 tdb-post-meta\" data-td-block-uid=\"tdi_15\">\n<div class=\"tdb-block-inner td-fix-index\">\n<div class=\"tdb-author-name-wrap\"><a class=\"tdb-author-name\" href=\"https:\/\/r3media.ro\/author\/oana\/\">Oana Ivan<\/a><\/div>\n<\/div>\n<\/div>\n<div class=\"td_block_wrap tdb_single_date tdi_16 td-pb-border-top td_block_template_1 tdb-post-meta\" data-td-block-uid=\"tdi_16\">\n<div class=\"tdb-block-inner td-fix-index\"><time class=\"entry-date updated td-module-date\" datetime=\"2026-07-31T12:39:57+03:00\">31\/07\/2026<\/time><\/div>\n<\/div>\n<\/div>\n<\/div>\n<\/div>\n<\/div>\n<div class=\"td_block_wrap tdb_single_featured_image tdi_17 tdb-content-horiz-left td-pb-border-top td_block_template_1\" data-td-block-uid=\"tdi_17\">\n<div class=\"tdb-block-inner td-fix-index\">\n<figure><figcaption class=\"tdb-caption-text\">Surs\u0103 &#8211; Reuters<\/figcaption><\/figure>\n<\/div>\n<\/div>\n<div class=\"td_block_wrap tdb_single_content tdi_18 td-pb-border-top td_block_template_1 td-post-content tagdiv-type\" data-td-block-uid=\"tdi_18\">\n<div class=\"tdb-block-inner td-fix-index\">\n<p><strong>Mii de migran\u021bi, mul\u021bi elibera\u021bi din \u00eenchisori din Africa, au luat cu asalt exclava spaniol\u0103 <a href=\"https:\/\/r3media.ro\/tag\/ceuta\/\" target=\"_blank\" rel=\"noopener\">Ceuta<\/a>. Ei au \u00eenotat din Maroc \u0219i au intrat \u00een <a href=\"https:\/\/r3media.ro\/tag\/spania\/\" target=\"_blank\" rel=\"noopener\">Spania<\/a>, pe m\u0103sur\u0103 ce Madridul a trimis trupe pentru a consolida securitatea, potrivit <a href=\"https:\/\/www.bbc.com\/news\/articles\/cg4drwzkrkxo\" target=\"_blank\" rel=\"noopener\">BBC<\/a>.<\/strong><\/p>\n<p>Cel pu\u021bin 18 persoane s-au \u00eenecat \u00een timp ce \u00eencercau s\u0103 ajung\u0103 la Ceuta. Oficialii locali au cerut ajutorul Madridului dup\u0103 o cre\u0219tere recent\u0103 a tentativelor de traversare a frontierei. Scena haotice au fost surprinse, joi, \u00een Ceuta, \u00een timp ce controalele la frontier\u0103 au e\u0219uat.<\/p>\n<p>Curtea Suprem\u0103 a Spaniei a decis luna aceasta c\u0103 migran\u021bii opri\u021bi pe mare \u00een timp ce \u00eencercau s\u0103 ajung\u0103 \u00een Ceuta sau Melilla nu pot fi returna\u021bi sumar \u00een Maroc. Ministerul de Interne al Spaniei a acuzat re\u021belele de trafic de persoane c\u0103 exploateaz\u0103 acest lucru pentru a \u201e\u00eencuraja fluxul de migran\u021bi f\u0103r\u0103 acte\u201d.<\/p>\n<p><strong>\u201eFor\u021bele armate vor consolida Garda Civil\u0103 \u00een exercitarea atribu\u021biilor sale \u0219i a oric\u0103ror alte atribu\u021bii care ar putea fi necesare pentru a men\u021bine securitatea \u00een ora\u0219ul Ceuta\u201d<\/strong>, a declarat ministerul.<\/p>\n<p>\u00centr-o declara\u021bie ulterioar\u0103, ministerul a declarat c\u0103 lucreaz\u0103 \u00eempreun\u0103 cu Marocul pentru a asigura returnarea tuturor persoanelor care au trecut pe teritoriul s\u0103u \u201ec\u00e2t mai cur\u00e2nd posibil\u201d.<\/p>\n<h2><strong>Spania se afl\u0103 sub asediu: Mii de migran\u021bi au luat cu asalt exclava Ceuta din Africa<\/strong><\/h2>\n<p>\u00a0<\/p>\n<p>Ceuta, situat\u0103 pe coasta de nord a Marocului, este separat\u0103 de Spania continental\u0103 prin Str\u00e2mtoarea Gibraltar. De mul\u021bi ani, exclava a fost un punct central pentru <a href=\"https:\/\/r3media.ro\/tag\/migranti-europa\/\" target=\"_blank\" rel=\"noopener\">migran\u021bii<\/a> care \u00eencercau s\u0103 ajung\u0103 \u00een Europa.<\/p>\n<p>Al\u0103turi de Melilla, Ceuta a fost mult timp un punct de conflict \u00een rela\u021biile diplomatice dintre Maroc \u0219i Spania. Madridul sus\u021bine c\u0103 ambele teritorii sunt parte integrant\u0103 a Spaniei \u0219i au acela\u0219i statut ca regiunile continentale semi-autonome.<\/p>\n<p>Autorit\u0103\u021bile locale au raportat c\u0103 travers\u0103rile au continuat peste noapte p\u00e2n\u0103 vineri. Totodat\u0103, au existat ciocniri \u00eentre poli\u021bie \u0219i migran\u021bi. Imaginile \u0219i videoclipurile distribuite online se pot vedea puncte de frontier\u0103 distruse. De asemenea, mii de tineri migran\u021bi au dormit pe str\u0103zile din Ceuta.<\/p>\n<p>\u00centre timp, aproximativ 300 p\u00e2n\u0103 la 400 de persoane au trecut \u0219i \u00een Melilla, al doilea ora\u0219 autonom al Spaniei din nordul Africii.<\/p>\n<p>\u00cenc\u0103lcarea frontierei a determinat guvernul italian s\u0103 declare c\u0103 ia \u00een considerare \u201em\u0103suri extraordinare\u201d. Roma are \u00een vedere inclusiv \u00eenchiderea acordului Schengen privind frontierele deschise cu Spania.<\/p>\n<p>Italia \u0219i Spania nu au o frontier\u0103 terestr\u0103 comun\u0103, a\u0219a c\u0103 Italia ar trebui probabil s\u0103 conving\u0103 \u0219i alte \u021b\u0103ri europene s\u0103 aplice acest lucru.<\/p>\n<h2><strong>Num\u0103r uria\u0219 de migran\u021bi care vor s\u0103 ajung\u0103 \u00een Europa prin Spania<\/strong><\/h2>\n<p>\u00a0<\/p>\n<p>Num\u0103rul migran\u021bilor care \u00eencercau s\u0103 ajung\u0103 \u00een enclava spaniol\u0103 Ceuta a \u00eenceput s\u0103 creasc\u0103 de c\u00e2teva zile. Joi, mii de oameni s-au aruncat \u00een mare \u0219i au \u00eenotat \u00een jurul debarcaderului de la grani\u021ba dintre Maroc \u0219i Ceuta (Spania).<\/p>\n<p>\u00cen timp ce unii migran\u021bi s-au bucurat c\u0103 au ajuns \u00een Ceuta, o parte dintre ace\u0219tia s-a \u00eeneacat.<\/p>\n<p>Nu este \u00eenc\u0103 clar ce a determinat aceast\u0103 cre\u0219tere a trecerilor ilegale din Maroc sau c\u00e2t de mult au \u00eencercat autorit\u0103\u021bile de acolo s\u0103 o previn\u0103. La un moment dat, un oficial spaniol a declarat c\u0103 grani\u021ba este \u00een colaps total.<\/p>\n<h2><strong>Guvernul de st\u00e2nga din Spania, dep\u0103\u0219it de situa\u021bie<\/strong><\/h2>\n<p>\u00a0<\/p>\n<p>Prim-ministrul Spaniei, Pedro S\u00e1nchez, urmeaz\u0103 s\u0103 ajung\u0103 \u00een teritoriu vineri. El s-a angajat s\u0103 readuc\u0103 lucrurile la normal imediat. Centrele de primire a migran\u021bilor sunt supraaglomerate, iar autorit\u0103\u021bile locale au acuzat Madridul c\u0103 reac\u021bioneaz\u0103 prea lent.<\/p>\n<p>Juan Jes\u00fas Vivas, liderul Ceutei, a declarat c\u0103 afluxul cople\u0219e\u0219te personalul. El a \u00eendemnat guvernul spaniol s\u0103 intervin\u0103.<\/p>\n<h2><strong>Problemele din Ceuta nu sunt noi<\/strong><\/h2>\n<p>\u00a0<\/p>\n<p>De mul\u021bi ani, exclava spaniol\u0103 Ceuta se confrunt\u0103 cu valuri succesive de migran\u021bi care vor s\u0103 intre \u00een Europa. \u00cen 2021, cel pu\u021bin 5.000 de migran\u021bi <a href=\"https:\/\/r3media.ro\/ceuta-atac-migranti-spania\/\" target=\"_blank\" rel=\"noopener\"><strong>au ajuns<\/strong><\/a> \u00een exclava spaniol\u0103 Ceuta \u00eentr-o singur\u0103 zi. Num\u0103rul a fost considerat record la acea vreme.<\/p>\n<p>\u0218i atunci, situa\u021bia a fost at\u00e2t de grav\u0103 \u00eenc\u00e2t <strong><a href=\"https:\/\/r3media.ro\/6-000-de-migranti-ceuta-spania-sanchez\/\" target=\"_blank\" rel=\"noopener\">Spania a trimis Armata<\/a><\/strong> s\u0103 apere grani\u021bele, iar premierul socialist Sanchez s-a deplasat personal la fa\u021ba locului.<\/p>\n<p>Transformarea enclavei \u00eentr-un punct fierbinte al migra\u021biei globale a \u00eenceput la mijlocul anilor 1990, c\u00e2nd Spania a aderat la Spa\u021biul Schengen, iar gardurile improvizate au fost \u00eenlocuite treptat cu bariere duble de \u00eenalt\u0103 securitate, echipate cu senzori \u0219i camere termice.<\/p>\n<p>De-a lungul ultimelor decenii, gardurile din Ceuta au devenit un simbol vizual al disparit\u0103\u021bilor economice dintre Nord \u0219i Sud, transform\u00e2nd enclava \u00eentr-un barometru permanent al instabilit\u0103\u021bii din Africa Subsaharian\u0103 \u0219i al rela\u021biilor diplomatice adesea delicate dintre Madrid \u0219i Rabat.<\/p>\n<div class=\"youtube-embed\" data-video_id=\"vwD-ri_P0W4\"><\/div>\n<div class=\"crp_related     crp-masonry\">\n<h2>\u00ceN CONTEXT<\/h2>\n<ul>\n<li><a href=\"https:\/\/r3media.ro\/germania-tanara-ucraineanca-16-ani-impinsa-fata-trenului-irakian-31-de-ani-ucigas-scapa-inchisoare-spital-psihiatrie\/\" class=\"crp_link post-115989\"><span class=\"crp_title\">Germania | O t\u00e2n\u0103r\u0103 ucraineanc\u0103 de 16 ani a fost \u00eempins\u0103 \u00een fa\u021ba trenului de un irakian de\u2026<\/span><\/a><\/li>\n<li><a href=\"https:\/\/r3media.ro\/tot-mai-multi-romani-din-spania-se-intorc-acasa\/\" class=\"crp_link post-118874\"><span class=\"crp_title\">Tot mai mul\u021bi rom\u00e2ni din Spania se \u00eentorc ACAS\u0102<\/span><\/a><\/li>\n<li><a href=\"https:\/\/r3media.ro\/migrant-franta-condamnat-viol-capre-miel-femeie-identificare\/\" class=\"crp_link post-118961\"><span class=\"crp_title\">Migrant din Fran\u021ba, condamnat pentru c\u0103 a violat 6 capre \u0219i un miel. A spus c\u0103 oricine\u2026<\/span><\/a><\/li>\n<li><a href=\"https:\/\/r3media.ro\/spania-clocoteste-agresiuni-femei-mame-fiice-atacate-feminism-dispare\/\" class=\"crp_link post-112842\"><span class=\"crp_title\">Spania clocote\u0219te din cauza agresiunilor: \u00cen fiecare zi, femeile, mamele \u0219i fiicele noastre\u2026<\/span><\/a><\/li>\n<li><a href=\"https:\/\/r3media.ro\/spania-argentina-finala-cupa-mondiala-2026-la-albiceleste-victorie-anglia-semifinale-2-1\/\" class=\"crp_link post-119999\"><span class=\"crp_title\">Spania &#8211; Argentina, finala Cupei Mondiale 2026: \u201eLa Albiceleste\u201c au \u00eentors scorul \u0219i au\u2026<\/span><\/a><\/li>\n<li><a href=\"https:\/\/r3media.ro\/spania-invinge-argentina-castiga-cupa-mondiala\/\" class=\"crp_link post-120129\"><span class=\"crp_title\">Spania a \u00eenvins Argentina \u0219i a c\u00e2\u0219tigat Cupa Mondial\u0103 pentru a doua oar\u0103 \u00een istorie<\/span><\/a><\/li>\n<li><a href=\"https:\/\/r3media.ro\/agresiuni-sexuale-jafuri-droguri-au-crescut-uniunea-europeana-tarile-vest-europene-cele-mai-afectate\/\" class=\"crp_link post-115981\"><span class=\"crp_title\">Agresiunile sexuale, jafurile \u0219i infrac\u021biunile legate de droguri au crescut \u00een Uniunea\u2026<\/span><\/a><\/li>\n<li><a href=\"https:\/\/r3media.ro\/republica-moldova-import-300-000-lucratori-straini-populatia-oficiala-sub-25-milioane-locuitori\/\" class=\"crp_link post-116080\"><span class=\"crp_title\">Republica Moldova ar putea importa 300.000 de lucr\u0103tori str\u0103ini, adic\u0103 peste 10% din\u2026<\/span><\/a><\/li>\n<\/ul>\n<\/div>\n<\/div>\n<\/div>\n<div class=\"td_block_wrap tdb_single_tags tdi_19 td-pb-border-top td_block_template_1\" data-td-block-uid=\"tdi_19\">\n<div class=\"tdb-block-inner td-fix-index\">\n<ul class=\"tdb-tags\">\n<li><span>SUBIECTE FIERBIN\u021aI<\/span><\/li>\n<li><a href=\"https:\/\/r3media.ro\/tag\/ceuta\/\">ceuta<\/a><\/li>\n<li><a href=\"https:\/\/r3media.ro\/tag\/invazie-migranti\/\">invazie migranti<\/a><\/li>\n<li><a href=\"https:\/\/r3media.ro\/tag\/migranti-europa\/\">migranti europa<\/a><\/li>\n<li><a href=\"https:\/\/r3media.ro\/tag\/spania\/\">Spania<\/a><\/li>\n<\/ul>\n<\/div>\n<\/div>\n<div class=\"td_block_wrap td_block_9 tdi_20 td_with_ajax_pagination td-pb-border-top td_block_template_1 td-column-2 td_block_padding td_block_bot_line\" data-td-block-uid=\"tdi_20\">\n<div class=\"td-block-title-wrap\">\n<h4 class=\"block-title td-block-title\"><span class=\"td-pulldown-size\">CITE\u0218TE MAI MULT<\/span><\/h4>\n<\/div>\n<div id=\"tdi_20\" class=\"td_block_inner\">\n<div class=\"td-block-row\">\n<div class=\"td-block-span6\">\n<div class=\"td_module_8 td_module_wrap\">\n<div class=\"item-details\">\n<h3 class=\"entry-title td-module-title\"><a href=\"https:\/\/r3media.ro\/cornel-nistorescu-drone-razboi-ucraina\/\" rel=\"bookmark\" title=\"Cornel Nistorescu, dup\u0103 incidentele cu drone: Adie a aer de r\u0103zboi. De mirare c\u0103 dronele ucrainene nu au st\u00e2rnit at\u00e2ta t\u0103r\u0103boi\">Cornel Nistorescu, dup\u0103 incidentele cu drone: Adie a aer de r\u0103zboi. De mirare c\u0103&#8230;<\/a><\/h3>\n<div class=\"td-module-meta-info\"><a href=\"https:\/\/r3media.ro\/category\/actualitate\/\" class=\"td-post-category\">ACTUALITATE<\/a><span class=\"td-post-author-name\"><a href=\"https:\/\/r3media.ro\/author\/radu_ursan\/\">Radu Ursan<\/a><span>&#8211;<\/span><\/span><span class=\"td-post-date\"><time class=\"entry-date updated td-module-date\" datetime=\"2026-07-28T10:21:51+03:00\">28\/07\/2026<\/time><\/span><\/div>\n<\/div>\n<\/div>\n<\/div>\n<div class=\"td-block-span6\">\n<div class=\"td_module_8 td_module_wrap\">\n<div class=\"item-details\">\n<h3 class=\"entry-title td-module-title\"><a href=\"https:\/\/r3media.ro\/bnr-recomanda-romani-rezerve-de-cash-atacuri-cibernetice-numerar-relevant-criza\/\" rel=\"bookmark\" title=\"BNR le recomand\u0103 rom\u00e2nilor s\u0103 p\u0103streze rezerve de cash: Numerarul se poate dovedi relevant \u00een criz\u0103\">BNR le recomand\u0103 rom\u00e2nilor s\u0103 p\u0103streze rezerve de cash: Numerarul se poate dovedi relevant&#8230;<\/a><\/h3>\n<div class=\"td-module-meta-info\"><a href=\"https:\/\/r3media.ro\/category\/actualitate\/\" class=\"td-post-category\">ACTUALITATE<\/a><span class=\"td-post-author-name\"><a href=\"https:\/\/r3media.ro\/author\/oana\/\">Oana Ivan<\/a><span>&#8211;<\/span><\/span><span class=\"td-post-date\"><time class=\"entry-date updated td-module-date\" datetime=\"2026-07-27T13:11:47+03:00\">27\/07\/2026<\/time><\/span><\/div>\n<\/div>\n<\/div>\n<\/div>\n<\/div>\n<div class=\"td-block-row\">\n<div class=\"td-block-span6\">\n<div class=\"td_module_8 td_module_wrap\">\n<div class=\"item-details\">\n<h3 class=\"entry-title td-module-title\"><a href=\"https:\/\/r3media.ro\/statul-roman-a-semnat-actul-propriei-disparitii\/\" rel=\"bookmark\" title=\"Statul rom\u00e2n a semnat actul propriei dispari\u021bii?\">Statul rom\u00e2n a semnat actul propriei dispari\u021bii?<\/a><\/h3>\n<div class=\"td-module-meta-info\"><a href=\"https:\/\/r3media.ro\/category\/opinii\/\" class=\"td-post-category\">OPINII<\/a><span class=\"td-post-author-name\"><a href=\"https:\/\/r3media.ro\/author\/gabipopa\/\">Gabriel Popa<\/a><span>&#8211;<\/span><\/span><span class=\"td-post-date\"><time class=\"entry-date updated td-module-date\" datetime=\"2026-07-27T15:07:05+03:00\">27\/07\/2026<\/time><\/span><\/div>\n<\/div>\n<\/div>\n<\/div>\n<div class=\"td-block-span6\">\n<div class=\"td_module_8 td_module_wrap\">\n<div class=\"item-details\">\n<h3 class=\"entry-title td-module-title\"><a href=\"https:\/\/r3media.ro\/prima-oara-istorie-presedintia-document-primplan-patriotism-european\/\" rel=\"bookmark\" title=\"Pentru prima oar\u0103 \u00een istorie, Pre\u0219edin\u021bia Rom\u00e2niei emite un document care pune pe primul plan o alt\u0103 entitate dec\u00e2t \u021bara noastr\u0103: patriotismul european\">Pentru prima oar\u0103 \u00een istorie, Pre\u0219edin\u021bia Rom\u00e2niei emite un document care pune pe primul&#8230;<\/a><\/h3>\n<div class=\"td-module-meta-info\"><a href=\"https:\/\/r3media.ro\/category\/actualitate\/\" class=\"td-post-category\">ACTUALITATE<\/a><span class=\"td-post-author-name\"><a href=\"https:\/\/r3media.ro\/author\/teodor_stan\/\">Teodor Stan<\/a><span>&#8211;<\/span><\/span><span class=\"td-post-date\"><time class=\"entry-date updated td-module-date\" datetime=\"2026-07-26T11:44:31+03:00\">26\/07\/2026<\/time><\/span><\/div>\n<\/div>\n<\/div>\n<\/div>\n<\/div>\n<div class=\"td-block-row\">\n<div class=\"td-block-span6\">\n<div class=\"td_module_8 td_module_wrap\">\n<div class=\"item-details\">\n<h3 class=\"entry-title td-module-title\"><a href=\"https:\/\/r3media.ro\/film-nou-stapanul-inelelor-corect-politic-regizor-andy-serkis-diversitate-tolkien-mitologie-nordica\/\" rel=\"bookmark\" title=\"Noul film \u201eSt\u0103p\u00e2nul Inelelor\u201d nu va fi corect politic. Regizorul Andy Serkis: J.R.R. Tolkien a fost influen\u021bat de mitologia nordic\u0103. Nu vrem o distribu\u021bie de dragul de a bifa c\u0103su\u021be\">Noul film \u201eSt\u0103p\u00e2nul Inelelor\u201d nu va fi corect politic. Regizorul Andy Serkis: J.R.R. Tolkien&#8230;<\/a><\/h3>\n<div class=\"td-module-meta-info\"><a href=\"https:\/\/r3media.ro\/category\/actualitate\/\" class=\"td-post-category\">ACTUALITATE<\/a><span class=\"td-post-author-name\"><a href=\"https:\/\/r3media.ro\/author\/oana\/\">Oana Ivan<\/a><span>&#8211;<\/span><\/span><span class=\"td-post-date\"><time class=\"entry-date updated td-module-date\" datetime=\"2026-07-26T15:49:31+03:00\">26\/07\/2026<\/time><\/span><\/div>\n<\/div>\n<\/div>\n<\/div>\n<div class=\"td-block-span6\">\n<div class=\"td_module_8 td_module_wrap\">\n<div class=\"item-details\">\n<h3 class=\"entry-title td-module-title\"><a href=\"https:\/\/r3media.ro\/dictatura-forma-suprema-a-democratiei\/\" rel=\"bookmark\" title=\"Dictatura \u2013 forma suprem\u0103 a democra\u021biei\">Dictatura \u2013 forma suprem\u0103 a democra\u021biei<\/a><\/h3>\n<div class=\"td-module-meta-info\"><a href=\"https:\/\/r3media.ro\/category\/opinii\/\" class=\"td-post-category\">OPINII<\/a><span class=\"td-post-author-name\"><a href=\"https:\/\/r3media.ro\/author\/tru\/\">TRU (Traian Ungureanu)<\/a><span>&#8211;<\/span><\/span><span class=\"td-post-date\"><time class=\"entry-date updated td-module-date\" datetime=\"2026-07-25T16:43:11+03:00\">25\/07\/2026<\/time><\/span><\/div>\n<\/div>\n<\/div>\n<\/div>\n<\/div>\n<div class=\"td-block-row\">\n<div class=\"td-block-span6\">\n<div class=\"td_module_8 td_module_wrap\">\n<div class=\"item-details\">\n<h3 class=\"entry-title td-module-title\"><a href=\"https:\/\/r3media.ro\/marea-britanie-apa-inteligenta-artificiala-romania-centru-ai-restrictii-consum-apa\/\" rel=\"bookmark\" title=\"Marea Britanie nu mai are suficient\u0103 ap\u0103 pentru Inteligen\u021ba Artificial\u0103, dar Rom\u00e2nia vrea s\u0103 g\u0103zduiasc\u0103 un centru AI care consum\u0103 c\u00e2t sute de mii de oameni \u0219i impune restric\u021bii la consumul de ap\u0103 al popula\u021biei\">Marea Britanie nu mai are suficient\u0103 ap\u0103 pentru Inteligen\u021ba Artificial\u0103, dar Rom\u00e2nia vrea s\u0103&#8230;<\/a><\/h3>\n<div class=\"td-module-meta-info\"><a href=\"https:\/\/r3media.ro\/category\/actualitate\/\" class=\"td-post-category\">ACTUALITATE<\/a><span class=\"td-post-author-name\"><a href=\"https:\/\/r3media.ro\/author\/radu_ursan\/\">Radu Ursan<\/a><span>&#8211;<\/span><\/span><span class=\"td-post-date\"><time class=\"entry-date updated td-module-date\" datetime=\"2026-07-23T11:44:13+03:00\">23\/07\/2026<\/time><\/span><\/div>\n<\/div>\n<\/div>\n<\/div>\n<div class=\"td-block-span6\">\n<div class=\"td_module_8 td_module_wrap\">\n<div class=\"item-details\">\n<h3 class=\"entry-title td-module-title\"><a href=\"https:\/\/r3media.ro\/campion-olimpic-olaf-tufte-mort-subit-50-ani\/\" rel=\"bookmark\" title=\"Campionul olimpic Olaf Tufte a murit subit la 50 de ani\">Campionul olimpic Olaf Tufte a murit subit la 50 de ani<\/a><\/h3>\n<div class=\"td-module-meta-info\"><a href=\"https:\/\/r3media.ro\/category\/actualitate\/\" class=\"td-post-category\">ACTUALITATE<\/a><span class=\"td-post-author-name\"><a href=\"https:\/\/r3media.ro\/author\/oana\/\">Oana Ivan<\/a><span>&#8211;<\/span><\/span><span class=\"td-post-date\"><time class=\"entry-date updated td-module-date\" datetime=\"2026-07-22T12:11:02+03:00\">22\/07\/2026<\/time><\/span><\/div>\n<\/div>\n<\/div>\n<\/div>\n<\/div>\n<div class=\"td-block-row\">\n<div class=\"td-block-span6\">\n<div class=\"td_module_8 td_module_wrap\">\n<div class=\"item-details\">\n<h3 class=\"entry-title td-module-title\"><a href=\"https:\/\/r3media.ro\/explozie-incendiu-fabrica-kronospan-brasov-video\/\" rel=\"bookmark\" title=\"VIDEO | Explozie urmat\u0103 de un incendiu la fabrica Kronospan din Bra\u0219ov. \u00cen timp ce pompierii \u00eencercau s\u0103 sting\u0103 focul s-a produs o alt\u0103 explozie\">VIDEO | Explozie urmat\u0103 de un incendiu la fabrica Kronospan din Bra\u0219ov. \u00cen timp&#8230;<\/a><\/h3>\n<div class=\"td-module-meta-info\"><a href=\"https:\/\/r3media.ro\/category\/actualitate\/\" class=\"td-post-category\">ACTUALITATE<\/a><span class=\"td-post-author-name\"><a href=\"https:\/\/r3media.ro\/author\/oana\/\">Oana Ivan<\/a><span>&#8211;<\/span><\/span><span class=\"td-post-date\"><time class=\"entry-date updated td-module-date\" datetime=\"2026-07-22T10:01:28+03:00\">22\/07\/2026<\/time><\/span><\/div>\n<\/div>\n<\/div>\n<\/div>\n<div class=\"td-block-span6\">\n<div class=\"td_module_8 td_module_wrap\">\n<div class=\"item-details\">\n<h3 class=\"entry-title td-module-title\"><a href=\"https:\/\/r3media.ro\/asa-incepe-compania-openai-afirma-un-model-de-inteligenta-artificiala-a-atacat-din-proprie-initiativa-sistemele-unei-alte-companii\/\" rel=\"bookmark\" title=\"A\u0219a \u00eencepe? Compania OpenAI afirm\u0103 un model de inteligen\u021b\u0103 artificial\u0103 a ATACAT din proprie ini\u021biativ\u0103 sistemele unei alte companii\">A\u0219a \u00eencepe? Compania OpenAI afirm\u0103 un model de inteligen\u021b\u0103 artificial\u0103 a ATACAT din proprie&#8230;<\/a><\/h3>\n<div class=\"td-module-meta-info\"><a href=\"https:\/\/r3media.ro\/category\/actualitate\/\" class=\"td-post-category\">ACTUALITATE<\/a><span class=\"td-post-author-name\"><a href=\"https:\/\/r3media.ro\/author\/teodor_stan\/\">Teodor Stan<\/a><span>&#8211;<\/span><\/span><span class=\"td-post-date\"><time class=\"entry-date updated td-module-date\" datetime=\"2026-07-22T09:10:53+03:00\">22\/07\/2026<\/time><\/span><\/div>\n<\/div>\n<\/div>\n<\/div>\n<\/div>\n<div class=\"td-block-row\">\n<div class=\"td-block-span6\">\n<div class=\"td_module_8 td_module_wrap\">\n<div class=\"item-details\">\n<h3 class=\"entry-title td-module-title\"><a href=\"https:\/\/r3media.ro\/episcopul-husilor-oameni-animale-therieni-degradare-progresism\/\" rel=\"bookmark\" title=\"Episcopul Hu\u0219ilor, despre oamenii care se cred animale: V\u0103 da\u021bi seama c\u00e2t\u0103 degradare uman\u0103 este? De ce? Pentru c\u0103 se \u00eencred \u00een progresism\">Episcopul Hu\u0219ilor, despre oamenii care se cred animale: V\u0103 da\u021bi seama c\u00e2t\u0103 degradare uman\u0103&#8230;<\/a><\/h3>\n<div class=\"td-module-meta-info\"><a href=\"https:\/\/r3media.ro\/category\/actualitate\/\" class=\"td-post-category\">ACTUALITATE<\/a><span class=\"td-post-author-name\"><a href=\"https:\/\/r3media.ro\/author\/radu_ursan\/\">Radu Ursan<\/a><span>&#8211;<\/span><\/span><span class=\"td-post-date\"><time class=\"entry-date updated td-module-date\" datetime=\"2026-07-21T19:30:46+03:00\">21\/07\/2026<\/time><\/span><\/div>\n<\/div>\n<\/div>\n<\/div>\n<div class=\"td-block-span6\">\n<div class=\"td_module_8 td_module_wrap\">\n<div class=\"item-details\">\n<h3 class=\"entry-title td-module-title\"><a href=\"https:\/\/r3media.ro\/video-cult-femeie-dumnezeu-mama-romania\/\" rel=\"bookmark\" title=\"VIDEO | Un cult care consider\u0103 o femeie coreean\u0103 drept \u201eDumnezeu Mama\u201d face prozeli\u021bi \u00een Rom\u00e2nia\">VIDEO | Un cult care consider\u0103 o femeie coreean\u0103 drept \u201eDumnezeu Mama\u201d face prozeli\u021bi&#8230;<\/a><\/h3>\n<div class=\"td-module-meta-info\"><a href=\"https:\/\/r3media.ro\/category\/actualitate\/\" class=\"td-post-category\">ACTUALITATE<\/a><span class=\"td-post-author-name\"><a href=\"https:\/\/r3media.ro\/author\/redactia\/\">Redac\u021bia<\/a><span>&#8211;<\/span><\/span><span class=\"td-post-date\"><time class=\"entry-date updated td-module-date\" datetime=\"2026-07-21T11:14:08+03:00\">21\/07\/2026<\/time><\/span><\/div>\n<\/div>\n<\/div>\n<\/div>\n<\/div>\n<\/div>\n<div class=\"td-load-more-wrap td-load-more-infinite-wrap\" id=\"infinite-lm-tdi_20\"><a href=\"https:\/\/r3media.ro\/spania-asediu-migranti-exclava-ceuta-africa-madrid-trupe-securitate-video\/\" class=\"td_ajax_load_more td_ajax_load_more_js\" aria-label=\"\u00cenc\u0103rca\u021bi mai multe\" id=\"next-page-tdi_20\" data-td_block_id=\"tdi_20\">\u00cenc\u0103rca\u021bi mai multe<\/a><\/div>\n<\/div>\n<div class=\"td_block_wrap tdb_single_comments tdi_21 tdb-comm-layout2 td-pb-border-top td_block_template_1\" data-td-block-uid=\"tdi_21\">\n<div class=\"tdb-block-inner td-fix-index\">\n<div class=\"comments\" id=\"comments\">\n<div id=\"respond\" class=\"comment-respond\">\n<h3 id=\"reply-title\" class=\"comment-reply-title\">AI CEVA DE SPUS? <small><a rel=\"nofollow\" id=\"cancel-comment-reply-link\" href=\"https:\/\/r3media.ro\/spania-asediu-migranti-exclava-ceuta-africa-madrid-trupe-securitate-video\/#respond\">Renun\u021ba\u021bi la r\u0103spuns<\/a><\/small><\/h3>\n<div class=\"comment-form-input-wrap td-form-comment\">\n<div class=\"td-warning-comment\">V\u0103 rug\u0103m s\u0103 introduce\u021bi comentariul dvs.!<\/div>\n<\/div>\n<div class=\"comment-form-input-wrap td-form-author\">\n<div class=\"td-warning-author\">Introduce\u021bi aici numele dvs.<\/div>\n<\/div>\n<div class=\"comment-form-input-wrap td-form-email\">\n<div class=\"td-warning-email-error\">A\u021bi introdus o adres\u0103 de e-mail incorect\u0103!<\/div>\n<div class=\"td-warning-email\">V\u0103 rug\u0103m s\u0103 introduce\u021bi adresa dvs. de e-mail aici<\/div>\n<\/div>\n<\/div>\n<\/div>\n<\/div>\n<\/div>\n<\/div>\n<\/div>\n<div class=\"vc_column tdi_23  wpb_column vc_column_container tdc-column td-pb-span4 td-is-sticky\">\n<div class=\"wpb_wrapper\" data-sticky-enabled-on=\"W3RydWUsdHJ1ZSx0cnVlLHRydWVd\" data-sticky-offset=\"20\" data-sticky-is-width-auto=\"W2ZhbHNlLGZhbHNlLGZhbHNlLGZhbHNlXQ==\">\n<div class=\"wpb_wrapper td_block_wrap vc_widget_sidebar tdi_25 \">\n<div class=\"td_block_wrap td_block_7 td_block_widget tdi_26 td-pb-border-top td_block_template_1 td-column-1 td_block_padding\" data-td-block-uid=\"tdi_26\">\n<div class=\"td-block-title-wrap\">\n<h4 class=\"block-title td-block-title\"><span class=\"td-pulldown-size\">Articole RELA\u021aIONATE<\/span><\/h4>\n<\/div>\n<div id=\"tdi_26\" class=\"td_block_inner\">\n<div class=\"td-block-span12\">\n<div class=\"td_module_6 td_module_wrap td-animation-stack\">\n<div class=\"td-module-thumb\"><a href=\"https:\/\/r3media.ro\/masina-electrica-foc-turcia-incarcat-vehicul-explozie-pompieri-stingere-incendiu-video\/\" rel=\"bookmark\" class=\"td-image-wrap \" title=\"VIDEO | O ma\u0219in\u0103 electric\u0103 a luat foc \u00een timp ce se afla la \u00eenc\u0103rcat. Vehiculul a explodat chiar c\u00e2nd pompierii \u00eencercau s\u0103 sting\u0103 focul folosind o p\u0103tur\u0103 ignifug\u0103\"><img loading=\"lazy\" decoding=\"async\" class=\"entry-thumb\" src=\"https:\/\/r3media.ro\/wp-content\/uploads\/2026\/07\/masina-electrica-foc-100x70.png\" alt title=\"VIDEO | O ma\u0219in\u0103 electric\u0103 a luat foc \u00een timp ce se afla la \u00eenc\u0103rcat. Vehiculul a explodat chiar c\u00e2nd pompierii \u00eencercau s\u0103 sting\u0103 focul folosind o p\u0103tur\u0103 ignifug\u0103\" width=\"100\" height=\"70\"><\/a><\/div>\n<div class=\"item-details\">\n<h3 class=\"entry-title td-module-title\"><a href=\"https:\/\/r3media.ro\/masina-electrica-foc-turcia-incarcat-vehicul-explozie-pompieri-stingere-incendiu-video\/\" rel=\"bookmark\" title=\"VIDEO | O ma\u0219in\u0103 electric\u0103 a luat foc \u00een timp ce se afla la \u00eenc\u0103rcat. Vehiculul a explodat chiar c\u00e2nd pompierii \u00eencercau s\u0103 sting\u0103 focul folosind o p\u0103tur\u0103 ignifug\u0103\">VIDEO | O ma\u0219in\u0103 electric\u0103 a luat foc \u00een timp ce&#8230;<\/a><\/h3>\n<div class=\"td-module-meta-info\"><span class=\"td-post-date\"><time class=\"entry-date updated td-module-date\" datetime=\"2026-07-31T13:33:48+03:00\">31\/07\/2026<\/time><\/span><\/div>\n<\/div>\n<\/div>\n<\/div>\n<div class=\"td-block-span12\">\n<div class=\"td_module_6 td_module_wrap td-animation-stack\">\n<div class=\"td-module-thumb\"><a href=\"https:\/\/r3media.ro\/expert-ucraina-faliment-agricultura-romaneasca-tehnologii-ue\/\" rel=\"bookmark\" class=\"td-image-wrap \" title=\"Un expert explic\u0103 felul \u00een care concuren\u021ba din Ucraina bag\u0103 \u00een faliment agricultura rom\u00e2neasc\u0103: Folosesc tehnologii interzise \u00een UE\"><img loading=\"lazy\" decoding=\"async\" class=\"entry-thumb\" src=\"https:\/\/r3media.ro\/wp-content\/uploads\/2024\/01\/protest-fermieri-si-transportatori-romani-100x70.png\" alt title=\"Un expert explic\u0103 felul \u00een care concuren\u021ba din Ucraina bag\u0103 \u00een faliment agricultura rom\u00e2neasc\u0103: Folosesc tehnologii interzise \u00een UE\" width=\"100\" height=\"70\"><\/a><\/div>\n<div class=\"item-details\">\n<h3 class=\"entry-title td-module-title\"><a href=\"https:\/\/r3media.ro\/expert-ucraina-faliment-agricultura-romaneasca-tehnologii-ue\/\" rel=\"bookmark\" title=\"Un expert explic\u0103 felul \u00een care concuren\u021ba din Ucraina bag\u0103 \u00een faliment agricultura rom\u00e2neasc\u0103: Folosesc tehnologii interzise \u00een UE\">Un expert explic\u0103 felul \u00een care concuren\u021ba din Ucraina bag\u0103 \u00een&#8230;<\/a><\/h3>\n<div class=\"td-module-meta-info\"><span class=\"td-post-date\"><time class=\"entry-date updated td-module-date\" datetime=\"2026-07-30T09:51:48+03:00\">30\/07\/2026<\/time><\/span><\/div>\n<\/div>\n<\/div>\n<\/div>\n<div class=\"td-block-span12\">\n<div class=\"td_module_6 td_module_wrap td-animation-stack\">\n<div class=\"td-module-thumb\"><a href=\"https:\/\/r3media.ro\/criza-energetica-bolojan-romani-reducere-consum\/\" rel=\"bookmark\" class=\"td-image-wrap \" title=\"Criza energiei, confirmat\u0103 de la Guvern: Ilie Bolojan \u00eendeamn\u0103 rom\u00e2nii s\u0103 reduc\u0103 consumul de energie\"><img loading=\"lazy\" decoding=\"async\" class=\"entry-thumb\" src=\"https:\/\/r3media.ro\/wp-content\/uploads\/2023\/08\/nuclearelectrica-cernavoda-100x70.jpg\" alt title=\"Criza energiei, confirmat\u0103 de la Guvern: Ilie Bolojan \u00eendeamn\u0103 rom\u00e2nii s\u0103 reduc\u0103 consumul de energie\" width=\"100\" height=\"70\"><\/a><\/div>\n<div class=\"item-details\">\n<h3 class=\"entry-title td-module-title\"><a href=\"https:\/\/r3media.ro\/criza-energetica-bolojan-romani-reducere-consum\/\" rel=\"bookmark\" title=\"Criza energiei, confirmat\u0103 de la Guvern: Ilie Bolojan \u00eendeamn\u0103 rom\u00e2nii s\u0103 reduc\u0103 consumul de energie\">Criza energiei, confirmat\u0103 de la Guvern: Ilie Bolojan \u00eendeamn\u0103 rom\u00e2nii s\u0103&#8230;<\/a><\/h3>\n<div class=\"td-module-meta-info\"><span class=\"td-post-date\"><time class=\"entry-date updated td-module-date\" datetime=\"2026-07-30T09:05:19+03:00\">30\/07\/2026<\/time><\/span><\/div>\n<\/div>\n<\/div>\n<\/div>\n<div class=\"td-block-span12\">\n<div class=\"td_module_6 td_module_wrap td-animation-stack\">\n<div class=\"td-module-thumb\"><a href=\"https:\/\/r3media.ro\/calendarul-zilei-30-iulie-sf-apostoli-silvan-criscent-epenetos-si-andronic\/\" rel=\"bookmark\" class=\"td-image-wrap \" title=\"Calendarul zilei 30 iulie: Sf. Apostoli Silvan, Criscent, Epenetos \u0219i Andronic\"><img loading=\"lazy\" decoding=\"async\" class=\"entry-thumb\" src=\"https:\/\/r3media.ro\/wp-content\/uploads\/2022\/07\/sddefault-7-100x70.jpg\" alt title=\"Calendarul zilei 30 iulie: Sf. Apostoli Silvan, Criscent, Epenetos \u0219i Andronic\" width=\"100\" height=\"70\"><\/a><\/div>\n<div class=\"item-details\">\n<h3 class=\"entry-title td-module-title\"><a href=\"https:\/\/r3media.ro\/calendarul-zilei-30-iulie-sf-apostoli-silvan-criscent-epenetos-si-andronic\/\" rel=\"bookmark\" title=\"Calendarul zilei 30 iulie: Sf. Apostoli Silvan, Criscent, Epenetos \u0219i Andronic\">Calendarul zilei 30 iulie: Sf. Apostoli Silvan, Criscent, Epenetos \u0219i Andronic<\/a><\/h3>\n<div class=\"td-module-meta-info\"><span class=\"td-post-date\"><time class=\"entry-date updated td-module-date\" datetime=\"2026-07-29T22:06:56+03:00\">29\/07\/2026<\/time><\/span><\/div>\n<\/div>\n<\/div>\n<\/div>\n<div class=\"td-block-span12\">\n<div class=\"td_module_6 td_module_wrap td-animation-stack\">\n<div class=\"td-module-thumb\"><a href=\"https:\/\/r3media.ro\/tribunal-constitutional-polonia-opreste-recunoastere-tara-casatorii-persoane-acelasi-sex-incheiate-uniunea-europeana\/\" rel=\"bookmark\" class=\"td-image-wrap \" title=\"Tribunalul Constitu\u021bional din Polonia opre\u0219te recunoa\u0219terea pe teritoriul \u021b\u0103rii a c\u0103s\u0103toriilor persoanelor de acela\u0219i sex \u00eencheiate \u00een Uniunea European\u0103\"><img loading=\"lazy\" decoding=\"async\" class=\"entry-thumb\" src=\"https:\/\/r3media.ro\/wp-content\/uploads\/2026\/05\/homosexuali-100x70.png\" alt title=\"Tribunalul Constitu\u021bional din Polonia opre\u0219te recunoa\u0219terea pe teritoriul \u021b\u0103rii a c\u0103s\u0103toriilor persoanelor de acela\u0219i sex \u00eencheiate \u00een Uniunea European\u0103\" width=\"100\" height=\"70\"><\/a><\/div>\n<div class=\"item-details\">\n<h3 class=\"entry-title td-module-title\"><a href=\"https:\/\/r3media.ro\/tribunal-constitutional-polonia-opreste-recunoastere-tara-casatorii-persoane-acelasi-sex-incheiate-uniunea-europeana\/\" rel=\"bookmark\" title=\"Tribunalul Constitu\u021bional din Polonia opre\u0219te recunoa\u0219terea pe teritoriul \u021b\u0103rii a c\u0103s\u0103toriilor persoanelor de acela\u0219i sex \u00eencheiate \u00een Uniunea European\u0103\">Tribunalul Constitu\u021bional din Polonia opre\u0219te recunoa\u0219terea pe teritoriul \u021b\u0103rii a c\u0103s\u0103toriilor&#8230;<\/a><\/h3>\n<div class=\"td-module-meta-info\"><span class=\"td-post-date\"><time class=\"entry-date updated td-module-date\" datetime=\"2026-07-29T14:59:41+03:00\">29\/07\/2026<\/time><\/span><\/div>\n<\/div>\n<\/div>\n<\/div>\n<div class=\"td-block-span12\">\n<div class=\"td_module_6 td_module_wrap td-animation-stack\">\n<div class=\"td-module-thumb\"><a href=\"https:\/\/r3media.ro\/alerta-bomba-port-constanta-radu-miruta-amenintare-transmisa-numere-telefon-ucraina-polonia\/\" rel=\"bookmark\" class=\"td-image-wrap \" title=\"Alert\u0103 cu bomb\u0103 \u00een Portul Constan\u021ba. Radu Miru\u021b\u0103 spune c\u0103 amenin\u021barea a fost transmis\u0103 de pe numere de telefon din Ucraina \u0219i Polonia\"><img loading=\"lazy\" decoding=\"async\" class=\"entry-thumb\" src=\"https:\/\/r3media.ro\/wp-content\/uploads\/2023\/08\/port-constanta-e1691187858708-100x70.jpg\" alt title=\"Alert\u0103 cu bomb\u0103 \u00een Portul Constan\u021ba. Radu Miru\u021b\u0103 spune c\u0103 amenin\u021barea a fost transmis\u0103 de pe numere de telefon din Ucraina \u0219i Polonia\" width=\"100\" height=\"70\"><\/a><\/div>\n<div class=\"item-details\">\n<h3 class=\"entry-title td-module-title\"><a href=\"https:\/\/r3media.ro\/alerta-bomba-port-constanta-radu-miruta-amenintare-transmisa-numere-telefon-ucraina-polonia\/\" rel=\"bookmark\" title=\"Alert\u0103 cu bomb\u0103 \u00een Portul Constan\u021ba. Radu Miru\u021b\u0103 spune c\u0103 amenin\u021barea a fost transmis\u0103 de pe numere de telefon din Ucraina \u0219i Polonia\">Alert\u0103 cu bomb\u0103 \u00een Portul Constan\u021ba. Radu Miru\u021b\u0103 spune c\u0103 amenin\u021barea&#8230;<\/a><\/h3>\n<div class=\"td-module-meta-info\"><span class=\"td-post-date\"><time class=\"entry-date updated td-module-date\" datetime=\"2026-07-29T14:42:30+03:00\">29\/07\/2026<\/time><\/span><\/div>\n<\/div>\n<\/div>\n<\/div>\n<div class=\"td-block-span12\">\n<div class=\"td_module_6 td_module_wrap td-animation-stack\">\n<div class=\"td-module-thumb\"><a href=\"https:\/\/r3media.ro\/pretul-motorinei\/\" rel=\"bookmark\" class=\"td-image-wrap \" title=\"Pre\u021bul motorinei se apropie de 10,20 lei\/litru. Ce se \u00eent\u00e2mpl\u0103 la pomp\u0103 \u00een aceast\u0103 s\u0103pt\u0103m\u00e2n\u0103\"><img loading=\"lazy\" decoding=\"async\" class=\"entry-thumb\" src=\"https:\/\/r3media.ro\/wp-content\/uploads\/2022\/09\/masina-la-pompa-e1664128776559-100x70.jpg\" alt title=\"Pre\u021bul motorinei se apropie de 10,20 lei\/litru. Ce se \u00eent\u00e2mpl\u0103 la pomp\u0103 \u00een aceast\u0103 s\u0103pt\u0103m\u00e2n\u0103\" width=\"100\" height=\"70\"><\/a><\/div>\n<div class=\"item-details\">\n<h3 class=\"entry-title td-module-title\"><a href=\"https:\/\/r3media.ro\/pretul-motorinei\/\" rel=\"bookmark\" title=\"Pre\u021bul motorinei se apropie de 10,20 lei\/litru. Ce se \u00eent\u00e2mpl\u0103 la pomp\u0103 \u00een aceast\u0103 s\u0103pt\u0103m\u00e2n\u0103\">Pre\u021bul motorinei se apropie de 10,20 lei\/litru. Ce se \u00eent\u00e2mpl\u0103 la&#8230;<\/a><\/h3>\n<div class=\"td-module-meta-info\"><span class=\"td-post-date\"><time class=\"entry-date updated td-module-date\" datetime=\"2026-07-29T11:54:15+03:00\">29\/07\/2026<\/time><\/span><\/div>\n<\/div>\n<\/div>\n<\/div>\n<\/div>\n<\/div>\n<aside class=\"td_block_template_1 widget widget_recent_comments\">\n<h4 class=\"block-title\"><span>INTR\u0102 \u00ceN DISCU\u021aIE!<\/span><\/h4>\n<ul id=\"recentcomments\">\n<li class=\"recentcomments\"><span class=\"comment-author-link\">Dan<\/span> la <a href=\"https:\/\/r3media.ro\/europarlamentarul-gheorghe-piperea-psd-pnl-usr-udmr-sunt-de-fapt-pro-ucraineni-noi-preferam-sa-fim-pro-romani\/#comment-40329\">Europarlamentarul Gheorghe Piperea: PSD-PNL-USR-UDMR sunt de fapt, pro-ucraineni. Noi prefer\u0103m s\u0103 fim pro-rom\u00e2ni<\/a><\/li>\n<li class=\"recentcomments\"><span class=\"comment-author-link\">Zelizelu<\/span> la <a href=\"https:\/\/r3media.ro\/europarlamentarul-gheorghe-piperea-psd-pnl-usr-udmr-sunt-de-fapt-pro-ucraineni-noi-preferam-sa-fim-pro-romani\/#comment-40328\">Europarlamentarul Gheorghe Piperea: PSD-PNL-USR-UDMR sunt de fapt, pro-ucraineni. Noi prefer\u0103m s\u0103 fim pro-rom\u00e2ni<\/a><\/li>\n<li class=\"recentcomments\"><span class=\"comment-author-link\">Pav\u0103l \u0218tefan<\/span> la <a href=\"https:\/\/r3media.ro\/film-nou-stapanul-inelelor-corect-politic-regizor-andy-serkis-diversitate-tolkien-mitologie-nordica\/#comment-40327\">Noul film \u201eSt\u0103p\u00e2nul Inelelor\u201d nu va fi corect politic. Regizorul Andy Serkis: J.R.R. Tolkien a fost influen\u021bat de mitologia nordic\u0103. Nu vrem o distribu\u021bie de dragul de a bifa c\u0103su\u021be<\/a><\/li>\n<li class=\"recentcomments\"><span class=\"comment-author-link\">Nicu<\/span> la <a href=\"https:\/\/r3media.ro\/avioane-americane-bulgaria-energie-radev-sua\/#comment-40326\">Avioane americane la Bezmer, la schimb cu avantaje \u00een zona energetic\u0103 pentru Bulgaria: ce a ob\u021binut guvernul Radev de la SUA<\/a><\/li>\n<li class=\"recentcomments\"><span class=\"comment-author-link\">Constantin<\/span> la <a href=\"https:\/\/r3media.ro\/prima-oara-istorie-presedintia-document-primplan-patriotism-european\/#comment-40325\">Pentru prima oar\u0103 \u00een istorie, Pre\u0219edin\u021bia Rom\u00e2niei emite un document care pune pe primul plan o alt\u0103 entitate dec\u00e2t \u021bara noastr\u0103: patriotismul european<\/a><\/li>\n<li class=\"recentcomments\"><span class=\"comment-author-link\">Constantin<\/span> la <a href=\"https:\/\/r3media.ro\/statul-roman-a-semnat-actul-propriei-disparitii\/#comment-40324\">Statul rom\u00e2n a semnat actul propriei dispari\u021bii?<\/a><\/li>\n<li class=\"recentcomments\"><span class=\"comment-author-link\">Nicu<\/span> la <a href=\"https:\/\/r3media.ro\/statul-roman-a-semnat-actul-propriei-disparitii\/#comment-40323\">Statul rom\u00e2n a semnat actul propriei dispari\u021bii?<\/a><\/li>\n<\/ul>\n<\/aside>\n<aside class=\"td_block_template_1 widget widget_search\">\n<h4 class=\"block-title\"><span>CAUT\u0102 \u0218I VEI G\u0102SI<\/span><\/h4>\n<\/aside>\n<\/div>\n<\/div>\n<\/div>\n<\/div>\n<\/div>\n<\/div>\n<\/div>\n<p><span class=\"td-page-meta\"><\/span><span class=\"td-page-meta\"><span class=\"td-page-meta\"><\/span><\/span><span class=\"td-page-meta\"><\/span><\/article>\n<\/p>\n<div class=\"td_block_wrap tdb_single_content tdi_18 td-pb-border-top td_block_template_1 td-post-content tagdiv-type\" data-td-block-uid=\"tdi_18\">\n<div class=\"tdb-block-inner td-fix-index\">\n<p><strong>Mii de migran\u021bi, mul\u021bi elibera\u021bi din \u00eenchisori din Africa, au luat cu asalt exclava spaniol\u0103 <a href=\"https:\/\/r3media.ro\/tag\/ceuta\/\" target=\"_blank\" rel=\"noopener\">Ceuta<\/a>. Ei au \u00eenotat din Maroc \u0219i au intrat \u00een <a href=\"https:\/\/r3media.ro\/tag\/spania\/\" target=\"_blank\" rel=\"noopener\">Spania<\/a>, pe m\u0103sur\u0103 ce Madridul a trimis trupe pentru a consolida securitatea, potrivit <a href=\"https:\/\/www.bbc.com\/news\/articles\/cg4drwzkrkxo\" target=\"_blank\" rel=\"noopener\">BBC<\/a>.<\/strong><\/p>\n<p>Cel pu\u021bin 18 persoane s-au \u00eenecat \u00een timp ce \u00eencercau s\u0103 ajung\u0103 la Ceuta. Oficialii locali au cerut ajutorul Madridului dup\u0103 o cre\u0219tere recent\u0103 a tentativelor de traversare a frontierei. Scena haotice au fost surprinse, joi, \u00een Ceuta, \u00een timp ce controalele la frontier\u0103 au e\u0219uat.<\/p>\n<p>Curtea Suprem\u0103 a Spaniei a decis luna aceasta c\u0103 migran\u021bii opri\u021bi pe mare \u00een timp ce \u00eencercau s\u0103 ajung\u0103 \u00een Ceuta sau Melilla nu pot fi returna\u021bi sumar \u00een Maroc. Ministerul de Interne al Spaniei a acuzat re\u021belele de trafic de persoane c\u0103 exploateaz\u0103 acest lucru pentru a \u201e\u00eencuraja fluxul de migran\u021bi f\u0103r\u0103 acte\u201d.<\/p>\n<p><strong>\u201eFor\u021bele armate vor consolida Garda Civil\u0103 \u00een exercitarea atribu\u021biilor sale \u0219i a oric\u0103ror alte atribu\u021bii care ar putea fi necesare pentru a men\u021bine securitatea \u00een ora\u0219ul Ceuta\u201d<\/strong>, a declarat ministerul.<\/p>\n<p>\u00centr-o declara\u021bie ulterioar\u0103, ministerul a declarat c\u0103 lucreaz\u0103 \u00eempreun\u0103 cu Marocul pentru a asigura returnarea tuturor persoanelor care au trecut pe teritoriul s\u0103u \u201ec\u00e2t mai cur\u00e2nd posibil\u201d.<\/p>\n<h2><strong>Spania se afl\u0103 sub asediu: Mii de migran\u021bi au luat cu asalt exclava Ceuta din Africa<\/strong><\/h2>\n<p>\u00a0<\/p>\n<p>Ceuta, situat\u0103 pe coasta de nord a Marocului, este separat\u0103 de Spania continental\u0103 prin Str\u00e2mtoarea Gibraltar. De mul\u021bi ani, exclava a fost un punct central pentru <a href=\"https:\/\/r3media.ro\/tag\/migranti-europa\/\" target=\"_blank\" rel=\"noopener\">migran\u021bii<\/a> care \u00eencercau s\u0103 ajung\u0103 \u00een Europa.<\/p>\n<p>Al\u0103turi de Melilla, Ceuta a fost mult timp un punct de conflict \u00een rela\u021biile diplomatice dintre Maroc \u0219i Spania. Madridul sus\u021bine c\u0103 ambele teritorii sunt parte integrant\u0103 a Spaniei \u0219i au acela\u0219i statut ca regiunile continentale semi-autonome.<\/p>\n<p>Autorit\u0103\u021bile locale au raportat c\u0103 travers\u0103rile au continuat peste noapte p\u00e2n\u0103 vineri. Totodat\u0103, au existat ciocniri \u00eentre poli\u021bie \u0219i migran\u021bi. Imaginile \u0219i videoclipurile distribuite online se pot vedea puncte de frontier\u0103 distruse. De asemenea, mii de tineri migran\u021bi au dormit pe str\u0103zile din Ceuta.<\/p>\n<p>\u00centre timp, aproximativ 300 p\u00e2n\u0103 la 400 de persoane au trecut \u0219i \u00een Melilla, al doilea ora\u0219 autonom al Spaniei din nordul Africii.<\/p>\n<p>\u00cenc\u0103lcarea frontierei a determinat guvernul italian s\u0103 declare c\u0103 ia \u00een considerare \u201em\u0103suri extraordinare\u201d. Roma are \u00een vedere inclusiv \u00eenchiderea acordului Schengen privind frontierele deschise cu Spania.<\/p>\n<p>Italia \u0219i Spania nu au o frontier\u0103 terestr\u0103 comun\u0103, a\u0219a c\u0103 Italia ar trebui probabil s\u0103 conving\u0103 \u0219i alte \u021b\u0103ri europene s\u0103 aplice acest lucru.<\/p>\n<h2><strong>Num\u0103r uria\u0219 de migran\u021bi care vor s\u0103 ajung\u0103 \u00een Europa prin Spania<\/strong><\/h2>\n<p>\u00a0<\/p>\n<p>Num\u0103rul migran\u021bilor care \u00eencercau s\u0103 ajung\u0103 \u00een enclava spaniol\u0103 Ceuta a \u00eenceput s\u0103 creasc\u0103 de c\u00e2teva zile. Joi, mii de oameni s-au aruncat \u00een mare \u0219i au \u00eenotat \u00een jurul debarcaderului de la grani\u021ba dintre Maroc \u0219i Ceuta (Spania).<\/p>\n<p>\u00cen timp ce unii migran\u021bi s-au bucurat c\u0103 au ajuns \u00een Ceuta, o parte dintre ace\u0219tia s-a \u00eeneacat.<\/p>\n<p>Nu este \u00eenc\u0103 clar ce a determinat aceast\u0103 cre\u0219tere a trecerilor ilegale din Maroc sau c\u00e2t de mult au \u00eencercat autorit\u0103\u021bile de acolo s\u0103 o previn\u0103. La un moment dat, un oficial spaniol a declarat c\u0103 grani\u021ba este \u00een colaps total.<\/p>\n<h2><strong>Guvernul de st\u00e2nga din Spania, dep\u0103\u0219it de situa\u021bie<\/strong><\/h2>\n<p>\u00a0<\/p>\n<p>Prim-ministrul Spaniei, Pedro S\u00e1nchez, urmeaz\u0103 s\u0103 ajung\u0103 \u00een teritoriu vineri. El s-a angajat s\u0103 readuc\u0103 lucrurile la normal imediat. Centrele de primire a migran\u021bilor sunt supraaglomerate, iar autorit\u0103\u021bile locale au acuzat Madridul c\u0103 reac\u021bioneaz\u0103 prea lent.<\/p>\n<p>Juan Jes\u00fas Vivas, liderul Ceutei, a declarat c\u0103 afluxul cople\u0219e\u0219te personalul. El a \u00eendemnat guvernul spaniol s\u0103 intervin\u0103.<\/p>\n<h2><strong>Problemele din Ceuta nu sunt noi<\/strong><\/h2>\n<p>\u00a0<\/p>\n<p>De mul\u021bi ani, exclava spaniol\u0103 Ceuta se confrunt\u0103 cu valuri succesive de migran\u021bi care vor s\u0103 intre \u00een Europa. \u00cen 2021, cel pu\u021bin 5.000 de migran\u021bi <a href=\"https:\/\/r3media.ro\/ceuta-atac-migranti-spania\/\" target=\"_blank\" rel=\"noopener\"><strong>au ajuns<\/strong><\/a> \u00een exclava spaniol\u0103 Ceuta \u00eentr-o singur\u0103 zi. Num\u0103rul a fost considerat record la acea vreme.<\/p>\n<p>\u0218i atunci, situa\u021bia a fost at\u00e2t de grav\u0103 \u00eenc\u00e2t <strong><a href=\"https:\/\/r3media.ro\/6-000-de-migranti-ceuta-spania-sanchez\/\" target=\"_blank\" rel=\"noopener\">Spania a trimis Armata<\/a><\/strong> s\u0103 apere grani\u021bele, iar premierul socialist Sanchez s-a deplasat personal la fa\u021ba locului.<\/p>\n<p>Transformarea enclavei \u00eentr-un punct fierbinte al migra\u021biei globale a \u00eenceput la mijlocul anilor 1990, c\u00e2nd Spania a aderat la Spa\u021biul Schengen, iar gardurile improvizate au fost \u00eenlocuite treptat cu bariere duble de \u00eenalt\u0103 securitate, echipate cu senzori \u0219i camere termice.<\/p>\n<p>De-a lungul ultimelor decenii, gardurile din Ceuta au devenit un simbol vizual al disparit\u0103\u021bilor economice dintre Nord \u0219i Sud, transform\u00e2nd enclava \u00eentr-un barometru permanent al instabilit\u0103\u021bii din Africa Subsaharian\u0103 \u0219i al rela\u021biilor diplomatice adesea delicate dintre Madrid \u0219i Rabat.<\/p>\n<div class=\"youtube-embed\" data-video_id=\"vwD-ri_P0W4\"><\/div>\n<div class=\"crp_related     crp-masonry\">\n<h2>\u00ceN CONTEXT<\/h2>\n<ul>\n<li><a href=\"https:\/\/r3media.ro\/germania-tanara-ucraineanca-16-ani-impinsa-fata-trenului-irakian-31-de-ani-ucigas-scapa-inchisoare-spital-psihiatrie\/\" class=\"crp_link post-115989\"><span class=\"crp_title\">Germania | O t\u00e2n\u0103r\u0103 ucraineanc\u0103 de 16 ani a fost \u00eempins\u0103 \u00een fa\u021ba trenului de un irakian de\u2026<\/span><\/a><\/li>\n<li><a href=\"https:\/\/r3media.ro\/tot-mai-multi-romani-din-spania-se-intorc-acasa\/\" class=\"crp_link post-118874\"><span class=\"crp_title\">Tot mai mul\u021bi rom\u00e2ni din Spania se \u00eentorc ACAS\u0102<\/span><\/a><\/li>\n<li><a href=\"https:\/\/r3media.ro\/migrant-franta-condamnat-viol-capre-miel-femeie-identificare\/\" class=\"crp_link post-118961\"><span class=\"crp_title\">Migrant din Fran\u021ba, condamnat pentru c\u0103 a violat 6 capre \u0219i un miel. A spus c\u0103 oricine\u2026<\/span><\/a><\/li>\n<li><a href=\"https:\/\/r3media.ro\/spania-clocoteste-agresiuni-femei-mame-fiice-atacate-feminism-dispare\/\" class=\"crp_link post-112842\"><span class=\"crp_title\">Spania clocote\u0219te din cauza agresiunilor: \u00cen fiecare zi, femeile, mamele \u0219i fiicele noastre\u2026<\/span><\/a><\/li>\n<li><a href=\"https:\/\/r3media.ro\/spania-argentina-finala-cupa-mondiala-2026-la-albiceleste-victorie-anglia-semifinale-2-1\/\" class=\"crp_link post-119999\"><span class=\"crp_title\">Spania &#8211; Argentina, finala Cupei Mondiale 2026: \u201eLa Albiceleste\u201c au \u00eentors scorul \u0219i au\u2026<\/span><\/a><\/li>\n<li><a href=\"https:\/\/r3media.ro\/spania-invinge-argentina-castiga-cupa-mondiala\/\" class=\"crp_link post-120129\"><span class=\"crp_title\">Spania a \u00eenvins Argentina \u0219i a c\u00e2\u0219tigat Cupa Mondial\u0103 pentru a doua oar\u0103 \u00een istorie<\/span><\/a><\/li>\n<li><a href=\"https:\/\/r3media.ro\/agresiuni-sexuale-jafuri-droguri-au-crescut-uniunea-europeana-tarile-vest-europene-cele-mai-afectate\/\" class=\"crp_link post-115981\"><span class=\"crp_title\">Agresiunile sexuale, jafurile \u0219i infrac\u021biunile legate de droguri au crescut \u00een Uniunea\u2026<\/span><\/a><\/li>\n<li><a href=\"https:\/\/r3media.ro\/republica-moldova-import-300-000-lucratori-straini-populatia-oficiala-sub-25-milioane-locuitori\/\" class=\"crp_link post-116080\"><span class=\"crp_title\">Republica Moldova ar putea importa 300.000 de lucr\u0103tori str\u0103ini, adic\u0103 peste 10% din\u2026<\/span><\/a><\/li>\n<\/ul>\n<\/div>\n<\/div>\n<\/div>\n<p>[analyse_source url=&#8221;https:\/\/r3media.ro\/spania-asediu-migranti-exclava-ceuta-africa-madrid-trupe-securitate-video\/&#8221;]<\/p>\n","protected":false},"excerpt":{"rendered":"<p>[analyse_image type=&#8221;featured&#8221; src=&#8221;https:\/\/r3media.ro\/wp-content\/uploads\/2026\/07\/invazie-migranti-ceuta-spania-e1785489648265.pnghttps:\/\/r3media.ro\/wp-content\/uploads\/2026\/07\/invazie-migranti-ceuta-spania-e1785489648265.png&#8221;] FEATUREDVIDEO | Spania se afl\u0103 sub asediu: Mii de migran\u021bi au luat&#8230; FEATURED\u0218TIRI VIDEO | Spania se afl\u0103 sub asediu: Mii de migran\u021bi au luat cu asalt exclava Ceuta din Africa. Madridul a trimis trupe pentru a consolida securitatea Oana Ivan 31\/07\/2026 Surs\u0103 &#8211; Reuters Mii de migran\u021bi, mul\u021bi elibera\u021bi din \u00eenchisori [&hellip;]<\/p>\n","protected":false},"author":1,"featured_media":0,"comment_status":"open","ping_status":"","sticky":false,"template":"","format":"standard","meta":{"footnotes":""},"categories":[89],"tags":[226,93],"class_list":["post-2070975","post","type-post","status-publish","format-standard","hentry","category-romania","tag-crawlmanager","tag-r3media-ro"],"_links":{"self":[{"href":"https:\/\/analyse.optim.biz\/index.php?rest_route=\/wp\/v2\/posts\/2070975","targetHints":{"allow":["GET"]}}],"collection":[{"href":"https:\/\/analyse.optim.biz\/index.php?rest_route=\/wp\/v2\/posts"}],"about":[{"href":"https:\/\/analyse.optim.biz\/index.php?rest_route=\/wp\/v2\/types\/post"}],"author":[{"embeddable":true,"href":"https:\/\/analyse.optim.biz\/index.php?rest_route=\/wp\/v2\/users\/1"}],"replies":[{"embeddable":true,"href":"https:\/\/analyse.optim.biz\/index.php?rest_route=%2Fwp%2Fv2%2Fcomments&post=2070975"}],"version-history":[{"count":0,"href":"https:\/\/analyse.optim.biz\/index.php?rest_route=\/wp\/v2\/posts\/2070975\/revisions"}],"wp:attachment":[{"href":"https:\/\/analyse.optim.biz\/index.php?rest_route=%2Fwp%2Fv2%2Fmedia&parent=2070975"}],"wp:term":[{"taxonomy":"category","embeddable":true,"href":"https:\/\/analyse.optim.biz\/index.php?rest_route=%2Fwp%2Fv2%2Fcategories&post=2070975"},{"taxonomy":"post_tag","embeddable":true,"href":"https:\/\/analyse.optim.biz\/index.php?rest_route=%2Fwp%2Fv2%2Ftags&post=2070975"}],"curies":[{"name":"wp","href":"https:\/\/api.w.org\/{rel}","templated":true}]}}