{"id":207091,"date":"2014-04-25T07:10:52","date_gmt":"2014-04-25T04:10:52","guid":{"rendered":"https:\/\/analyse.optim.biz\/?p=207091"},"modified":"2014-04-25T07:10:52","modified_gmt":"2014-04-25T04:10:52","slug":"plecat-in-campanie-electorala-victor-ponta-ii-preda-fraiele-guvernarii-lui-gabriel-oprea","status":"publish","type":"post","link":"https:\/\/analyse.optim.biz\/?p=207091","title":{"rendered":"Plecat \u00een campanie electoral\u0103. Victor Ponta \u00eei pred\u0103 fr\u00e2iele guvern\u0103rii lui Gabriel Oprea"},"content":{"rendered":"<div class=\"entry data-app-meta data-app-meta-article\" data-embed-base-url-canonical=\"https:\/\/www.digi24.ro\/embed\/stiri\/actualitate\/politica\/plecat-in-campanie-electorala-victor-ponta-ii-preda-fraiele-guvernarii-lui-gabriel-oprea-234386\">\n<p data-index=\"1\"><span><strong>Vicepremierul Gabriel Oprea va coordona activitatea Guvernului \u00een perioada urm\u0103toare, a anun\u0163at premierul Victor Ponta, preciz\u00e2nd c\u0103 va fi mai mult plecat \u00een teritoriu \u00een timpul campaniei electorale pentru <a href=\"http:\/\/bit.ly\/1lLwbkj\" target=\"_blank\" data-skip-linkfix=\"1\" rel=\"noopener\">alegerile europarlamentare<\/a>, iar vicepremierul se va ocupa de buna organizare a alegerilor europene.<\/strong><\/span><\/p>\n<p data-index=\"2\"><img decoding=\"async\" src=\"https:\/\/analyse.optim.biz\/wp-content\/uploads\/2024\/09\/agfzad1myjnknze2mtrjzjnimdziodhlzjy4ogi3mjixzdvhmw-thumb_.jpg\" data-skip-htmlfix=\"1\" title=\"agfzad1myjnknze2mtrjzjnimdziodhlzjy4ogi3mjixzdvhmw-thumb_\"><\/p>\n<p data-index=\"3\">\u201e<em><strong>Vicepremierul, domnul Oprea, va fi \u00een permanen\u0163\u0103 aici, chiar dac\u0103 eu sau al\u0163i colegi o s\u0103 fim mai mult \u00een teritoriu. Domnia sa este pentru a coordona f\u0103r\u0103 \u00eentrerupere tot ceea ce este necesar pentru ca procesul electoral s\u0103 se desf\u0103\u015foare \u00een condi\u0163ii irepro\u015fabile<\/strong><\/em>\u201d, a spus premierul Victor Ponta joi, la sediul Guvernului.<\/p>\n<p data-index=\"4\">El a adresat un apel \u015fi autorit\u0103\u0163ilor responsabile cu organizarea \u015fi ordinea pe durata campaniei: \u201e<em><strong>Vreau s\u0103 v\u0103 spun tuturor &#8211; prefec\u0163ilor, Poli\u0163iei, Jandarmeriei &#8211; s\u0103 v\u0103 face\u0163i datoria, s\u0103 respecta\u0163i legea. Dumneavoastr\u0103 nu \u0163ine\u0163i cu nimeni \u00een campania electoral\u0103, dec\u00e2t cu aplicarea legii<\/strong><\/em>\u201d, a mai spus \u015feful Executivului.<\/p>\n<\/div>\n<p> Source URL: https:\/\/www.digi24.ro\/stiri\/actualitate\/politica\/plecat-in-campanie-electorala-victor-ponta-ii-preda-fraiele-guvernarii-lui-gabriel-oprea-234386<\/p>\n","protected":false},"excerpt":{"rendered":"<p>Vicepremierul Gabriel Oprea va coordona activitatea Guvernului \u00een perioada urm\u0103toare, a anun\u0163at premierul Victor Ponta, preciz\u00e2nd c\u0103 va fi mai mult plecat \u00een teritoriu \u00een timpul campaniei electorale pentru alegerile europarlamentare, iar vicepremierul se va ocupa de buna organizare a alegerilor europene. \u201eVicepremierul, domnul Oprea, va fi \u00een permanen\u0163\u0103 aici, chiar dac\u0103 eu sau al\u0163i [&hellip;]<\/p>\n","protected":false},"author":1,"featured_media":207092,"comment_status":"open","ping_status":"","sticky":false,"template":"","format":"standard","meta":{"footnotes":""},"categories":[2],"tags":[11],"class_list":["post-207091","post","type-post","status-publish","format-standard","has-post-thumbnail","hentry","category-politics","tag-digi24"],"_links":{"self":[{"href":"https:\/\/analyse.optim.biz\/index.php?rest_route=\/wp\/v2\/posts\/207091","targetHints":{"allow":["GET"]}}],"collection":[{"href":"https:\/\/analyse.optim.biz\/index.php?rest_route=\/wp\/v2\/posts"}],"about":[{"href":"https:\/\/analyse.optim.biz\/index.php?rest_route=\/wp\/v2\/types\/post"}],"author":[{"embeddable":true,"href":"https:\/\/analyse.optim.biz\/index.php?rest_route=\/wp\/v2\/users\/1"}],"replies":[{"embeddable":true,"href":"https:\/\/analyse.optim.biz\/index.php?rest_route=%2Fwp%2Fv2%2Fcomments&post=207091"}],"version-history":[{"count":0,"href":"https:\/\/analyse.optim.biz\/index.php?rest_route=\/wp\/v2\/posts\/207091\/revisions"}],"wp:featuredmedia":[{"embeddable":true,"href":"https:\/\/analyse.optim.biz\/index.php?rest_route=\/wp\/v2\/media\/207092"}],"wp:attachment":[{"href":"https:\/\/analyse.optim.biz\/index.php?rest_route=%2Fwp%2Fv2%2Fmedia&parent=207091"}],"wp:term":[{"taxonomy":"category","embeddable":true,"href":"https:\/\/analyse.optim.biz\/index.php?rest_route=%2Fwp%2Fv2%2Fcategories&post=207091"},{"taxonomy":"post_tag","embeddable":true,"href":"https:\/\/analyse.optim.biz\/index.php?rest_route=%2Fwp%2Fv2%2Ftags&post=207091"}],"curies":[{"name":"wp","href":"https:\/\/api.w.org\/{rel}","templated":true}]}}