{"id":2070819,"date":"2026-07-31T10:19:12","date_gmt":"2026-07-31T07:19:12","guid":{"rendered":"https:\/\/analyse.optim.biz\/?p=2070819"},"modified":"2026-07-31T10:19:12","modified_gmt":"2026-07-31T07:19:12","slug":"aquatim-face-apel-la-consum-responsabil-de-apa-pe-fondul-codului-portocaliu-de-canicula-din-timis","status":"publish","type":"post","link":"https:\/\/analyse.optim.biz\/?p=2070819","title":{"rendered":"Aquatim face apel la consum responsabil de ap\u0103, pe fondul codului portocaliu de canicul\u0103 din Timi\u0219"},"content":{"rendered":"<p>[analyse_image type=&#8221;featured&#8221; src=&#8221;http:\/\/www.banatulmeu.ro\/wp-content\/uploads\/2020\/04\/15DFACC7-5C0C-4EF7-8710-F756E68C3148.jpeg&#8221;]<\/p>\n<div class=\"post-content-bd\">\n<p>Aquatim \u00eei \u00eendeamn\u0103 pe locuitorii jude\u021bului Timi\u0219 s\u0103 utilizeze responsabil apa potabil\u0103 din re\u021beaua public\u0103, \u00een contextul avertiz\u0103rii meteorologice de cod portocaliu de canicul\u0103 \u0219i al temperaturilor extreme prognozate pentru aceast\u0103 perioad\u0103.<\/p>\n<p>Operatorul atrage aten\u021bia c\u0103 sistemul public de alimentare este proiectat \u00een principal pentru acoperirea consumului menajer, iar utilizarea apei pentru activit\u0103\u021bi precum udarea gr\u0103dinilor sau a spa\u021biilor verzi poate pune presiune asupra re\u021belei \u0219i poate afecta alimentarea tuturor utilizatorilor.<span class=\"Apple-converted-space\">\u00a0<\/span><\/p>\n<p>Reprezentan\u021bii companiei recomand\u0103 proprietarilor de gr\u0103dini s\u0103 foloseasc\u0103 solu\u021bii alternative, precum colectarea \u0219i stocarea apei pluviale pentru iriga\u021bii sau realizarea unor pu\u021buri de mic\u0103 ad\u00e2ncime, acolo unde acest lucru este posibil. Potrivit Aquatim, utilizarea apei extrase dintr-un astfel de pu\u021b poate fi considerabil mai ieftin\u0103 dec\u00e2t folosirea apei potabile din re\u021beaua public\u0103 pentru iriga\u021bii.<span class=\"Apple-converted-space\">\u00a0<\/span><\/p>\n<p>Operatorul reaminte\u0219te c\u0103, \u00een condi\u021bii de restric\u021bii generate de secet\u0103, folosirea apei potabile din re\u021beaua public\u0103 pentru udarea gr\u0103dinilor sau a spa\u021biilor verzi constituie contraven\u021bie \u0219i se sanc\u021bioneaz\u0103 conform legisla\u021biei \u00een vigoare. De asemenea, Aquatim avertizeaz\u0103 c\u0103 interven\u021biile neautorizate asupra contoarelor de ap\u0103 sau orice alte metode prin care se \u00eencearc\u0103 evitarea \u00eenregistr\u0103rii consumului real sunt ilegale \u0219i reprezint\u0103 infrac\u021biuni.<span class=\"Apple-converted-space\">\u00a0<\/span><\/p>\n<p>\u00cen \u00eencheiere, compania subliniaz\u0103 c\u0103 fiecare gest de economisire a apei conteaz\u0103 \u00een aceast\u0103 perioad\u0103 cu temperaturi extreme \u0219i face apel la responsabilitatea consumatorilor pentru protejarea resursei de ap\u0103 \u0219i men\u021binerea continuit\u0103\u021bii serviciului de alimentare pentru \u00eentreaga comunitate.<span class=\"Apple-converted-space\">\u00a0<\/span><\/p>\n<\/div>\n<p>[analyse_source url=&#8221;https:\/\/www.banatulmeu.ro\/aquatim-face-apel-la-consum-responsabil-de-apa-pe-fondul-codului-portocaliu-de-canicula-din-timis\/&#8221;]<\/p>\n","protected":false},"excerpt":{"rendered":"<p>[analyse_image type=&#8221;featured&#8221; src=&#8221;http:\/\/www.banatulmeu.ro\/wp-content\/uploads\/2020\/04\/15DFACC7-5C0C-4EF7-8710-F756E68C3148.jpeg&#8221;] Aquatim \u00eei \u00eendeamn\u0103 pe locuitorii jude\u021bului Timi\u0219 s\u0103 utilizeze responsabil apa potabil\u0103 din re\u021beaua public\u0103, \u00een contextul avertiz\u0103rii meteorologice de cod portocaliu de canicul\u0103 \u0219i al temperaturilor extreme prognozate pentru aceast\u0103 perioad\u0103. Operatorul atrage aten\u021bia c\u0103 sistemul public de alimentare este proiectat \u00een principal pentru acoperirea consumului menajer, iar utilizarea apei pentru [&hellip;]<\/p>\n","protected":false},"author":1,"featured_media":0,"comment_status":"open","ping_status":"","sticky":false,"template":"","format":"standard","meta":{"footnotes":""},"categories":[89],"tags":[204,226],"class_list":["post-2070819","post","type-post","status-publish","format-standard","hentry","category-romania","tag-banatulmeu-ro","tag-crawlmanager"],"_links":{"self":[{"href":"https:\/\/analyse.optim.biz\/index.php?rest_route=\/wp\/v2\/posts\/2070819","targetHints":{"allow":["GET"]}}],"collection":[{"href":"https:\/\/analyse.optim.biz\/index.php?rest_route=\/wp\/v2\/posts"}],"about":[{"href":"https:\/\/analyse.optim.biz\/index.php?rest_route=\/wp\/v2\/types\/post"}],"author":[{"embeddable":true,"href":"https:\/\/analyse.optim.biz\/index.php?rest_route=\/wp\/v2\/users\/1"}],"replies":[{"embeddable":true,"href":"https:\/\/analyse.optim.biz\/index.php?rest_route=%2Fwp%2Fv2%2Fcomments&post=2070819"}],"version-history":[{"count":0,"href":"https:\/\/analyse.optim.biz\/index.php?rest_route=\/wp\/v2\/posts\/2070819\/revisions"}],"wp:attachment":[{"href":"https:\/\/analyse.optim.biz\/index.php?rest_route=%2Fwp%2Fv2%2Fmedia&parent=2070819"}],"wp:term":[{"taxonomy":"category","embeddable":true,"href":"https:\/\/analyse.optim.biz\/index.php?rest_route=%2Fwp%2Fv2%2Fcategories&post=2070819"},{"taxonomy":"post_tag","embeddable":true,"href":"https:\/\/analyse.optim.biz\/index.php?rest_route=%2Fwp%2Fv2%2Ftags&post=2070819"}],"curies":[{"name":"wp","href":"https:\/\/api.w.org\/{rel}","templated":true}]}}