{"id":2070817,"date":"2026-07-29T11:59:13","date_gmt":"2026-07-29T08:59:13","guid":{"rendered":"https:\/\/analyse.optim.biz\/?p=2070817"},"modified":"2026-07-29T11:59:13","modified_gmt":"2026-07-29T08:59:13","slug":"bike-bark-with-maya-eveniment-caritabil-pentru-animalele-salvate-de-furrytales","status":"publish","type":"post","link":"https:\/\/analyse.optim.biz\/?p=2070817","title":{"rendered":"Bike &amp; Bark with Maya: eveniment caritabil pentru animalele salvate de FURRYTALES"},"content":{"rendered":"<p>[analyse_image type=&#8221;featured&#8221; src=&#8221;https:\/\/orasul-timisoara.ro\/wp-content\/uploads\/2026\/07\/Bike-Bark-with-Maya.jpg&#8221;]<\/p>\n<article id=\"post-39913\" class=\"td-post-template-7 post-39913 post type-post status-publish format-standard has-post-thumbnail category-evenimente-in-timisoara category-featured category-stiri-timisoara tag-adoptie-responsabila tag-animale-fara-stapan tag-bike-bark-with-maya tag-caini-salvati tag-ciclism tag-donatii-2 tag-eveniment-caritabil tag-furrytales tag-suflete-pe-2-roti tag-timisoara-2 tag-voluntariat td-container-wrap\">\n<div class=\"td-full-screen-header-image-wrap\">\n<div class=\"td-container td-post-header\">\n<div class=\"td-crumb-container\">\n<div class=\"entry-crumbs\"><span><a title=\"Vede\u021bi toate articolele \u00een Evenimente in Timisoara\" class=\"entry-crumb\" href=\"https:\/\/orasul-timisoara.ro\/local-category\/evenimente-in-timisoara\/\">Evenimente in Timisoara<\/a><\/span><span class=\"td-bred-no-url-last\">Bike &amp; Bark with Maya: eveniment caritabil pentru animalele salvate de FURRYTALES<\/span><\/div>\n<\/div>\n<div class=\"td-post-header-holder\">\n<div class=\"td-parallax-header\">\n<header class=\"td-post-title\">\n<ul class=\"td-category\">\n<li class=\"entry-category\"><a href=\"https:\/\/orasul-timisoara.ro\/local-category\/evenimente-in-timisoara\/\">Evenimente in Timisoara<\/a><\/li>\n<li class=\"entry-category\"><a href=\"https:\/\/orasul-timisoara.ro\/local-category\/stiri-timisoara\/\">\u0218tiri Locale<\/a><\/li>\n<\/ul>\n<h1 class=\"entry-title\">Bike &amp; Bark with Maya: eveniment caritabil pentru animalele salvate de FURRYTALES<\/h1>\n<div class=\"td-module-meta-info\">\n<div class=\"td-post-author-name\">\n<div class=\"td-author-by\">De c\u0103tre<\/div>\n<p><a href=\"https:\/\/orasul-timisoara.ro\/author\/timisoara\/\">redactia<\/a><\/p>\n<div class=\"td-author-line\"> &#8211; <\/div>\n<\/div>\n<p><span class=\"td-post-date\"><time class=\"entry-date updated td-module-date\" datetime=\"2026-07-29T14:59:13+03:00\">29\/07\/2026<\/time><\/span><\/div>\n<\/header>\n<\/div>\n<\/div>\n<\/div>\n<div id=\"td-full-screen-header-image\" class=\"td-image-gradient-style7\"><img decoding=\"async\" class=\"td-backstretch\" src=\"https:\/\/orasul-timisoara.ro\/wp-content\/uploads\/2026\/07\/Bike-Bark-with-Maya.jpg\"><\/div>\n<\/div>\n<div class=\"td-container\">\n<div class=\"td-pb-row\">\n<div class=\"td-pb-span8 td-main-content\" role=\"main\">\n<div class=\"td-ss-main-content\">\n<div class=\"td-post-sharing-top\">\n<div class=\"td-post-sharing-classic\"><iframe title=\"topFacebookLike\" frameborder src=\"https:\/\/www.facebook.com\/plugins\/like.php?href=https:\/\/orasul-timisoara.ro\/local-39913\/&amp;layout=button_count&amp;show_faces=false&amp;width=105&amp;action=like&amp;colorscheme=light&amp;height=21\"><\/iframe><\/div>\n<div id=\"td_social_sharing_article_top\" class=\"td-post-sharing td-ps-bg td-ps-notext td-post-sharing-style1 \">\n<div class=\"td-post-sharing-visible\"><a class=\"td-social-sharing-button td-social-sharing-button-js td-social-network td-social-facebook\" href=\"https:\/\/www.facebook.com\/sharer.php?u=https%3A%2F%2Forasul-timisoara.ro%2Flocal-39913%2F\" title=\"Facebook\"><\/p>\n<div class=\"td-social-but-text\">Facebook<\/div>\n<p><\/a><a class=\"td-social-sharing-button td-social-sharing-button-js td-social-network td-social-twitter\" href=\"https:\/\/twitter.com\/intent\/tweet?text=Bike+%26+Bark+with+Maya%3A+eveniment+caritabil+pentru+animalele+salvate+de+FURRYTALES&amp;url=https%3A%2F%2Forasul-timisoara.ro%2Flocal-39913%2F&amp;via=orasultm\" title=\"Twitter\"><\/p>\n<div class=\"td-social-but-text\">Twitter<\/div>\n<p><\/a><a class=\"td-social-sharing-button td-social-sharing-button-js td-social-network td-social-whatsapp\" href=\"https:\/\/api.whatsapp.com\/send?text=Bike+%26+Bark+with+Maya%3A+eveniment+caritabil+pentru+animalele+salvate+de+FURRYTALES%20%0A%0A%20https:\/\/orasul-timisoara.ro\/local-39913\/\" title=\"WhatsApp\"><\/p>\n<div class=\"td-social-but-text\">WhatsApp<\/div>\n<p><\/a><a class=\"td-social-sharing-button td-social-sharing-button-js td-social-network td-social-linkedin\" href=\"https:\/\/www.linkedin.com\/shareArticle?mini=true&amp;url=https:\/\/orasul-timisoara.ro\/local-39913\/&amp;title=Bike+%26+Bark+with+Maya%3A+eveniment+caritabil+pentru+animalele+salvate+de+FURRYTALES\" title=\"Linkedin\"><\/p>\n<div class=\"td-social-but-text\">Linkedin<\/div>\n<p><\/a><a class=\"td-social-sharing-button td-social-sharing-button-js td-social-network td-social-reddit\" href=\"https:\/\/reddit.com\/submit?url=https:\/\/orasul-timisoara.ro\/local-39913\/&amp;title=Bike+%26+Bark+with+Maya%3A+eveniment+caritabil+pentru+animalele+salvate+de+FURRYTALES\" title=\"ReddIt\"><\/p>\n<div class=\"td-social-but-text\">ReddIt<\/div>\n<p><\/a><a class=\"td-social-sharing-button td-social-sharing-button-js td-social-network td-social-mail\" href=\"mailto:?subject=Bike%20&amp;%20Bark%20with%20Maya:%20eveniment%20caritabil%20pentru%20animalele%20salvate%20de%20FURRYTALES&amp;body=https:\/\/orasul-timisoara.ro\/local-39913\/\" title=\"Email\"><\/p>\n<div class=\"td-social-but-text\">Email<\/div>\n<p><\/a><a class=\"td-social-sharing-button td-social-sharing-button-js td-social-network td-social-print\" href=\"https:\/\/orasul-timisoara.ro\/local-39913\/\" title=\"Imprimare\"><\/p>\n<div class=\"td-social-but-text\">Imprimare<\/div>\n<p><\/a><\/div>\n<\/div>\n<\/div>\n<div class=\"td-post-content tagdiv-type\">\n<p class=\"wp-block-paragraph\">Timi\u0219orenii sunt invita\u021bi duminic\u0103, 2 august, s\u0103 participe la cea de-a doua edi\u021bie a evenimentului <strong>Bike &amp; Bark with Maya<\/strong>, o ini\u021biativ\u0103 caritabil\u0103 care \u00eembin\u0103 pasiunea pentru ciclism cu sprijinul acordat animalelor abandonate. Organizat de <strong>Asocia\u021bia FURRYTALES<\/strong> \u00eempreun\u0103 cu comunitatea <strong>Suflete pe 2 Ro\u021bi<\/strong>, evenimentul \u00ee\u0219i propune s\u0103 transforme fiecare kilometru parcurs \u00eentr-o nou\u0103 \u0219ans\u0103 pentru c\u00e2inii care \u00eenc\u0103 \u00ee\u0219i a\u0219teapt\u0103 salvatorul.<\/p>\n<p class=\"wp-block-paragraph\">Participan\u021bii vor putea pedala \u00eentr-o atmosfer\u0103 relaxat\u0103, al\u0103turi de propriii c\u00e2ini sau pur \u0219i simplu pentru a sus\u021bine cauza, contribuind prin dona\u021bii la salvarea \u0219i \u00eengrijirea animalelor f\u0103r\u0103 st\u0103p\u00e2n.<\/p>\n<h2 class=\"wp-block-heading\">Maya, c\u00e2inele care a inspirat un eveniment dedicat salv\u0103rii animalelor<\/h2>\n<p class=\"wp-block-paragraph\">\u00cen centrul evenimentului se afl\u0103 <strong>Maya<\/strong>, un c\u00e2ine salvat care a devenit ambasadorul Asocia\u021biei FURRYTALES. Povestea sa este exemplul c\u0103 un gest de implicare poate schimba complet via\u021ba unui animal abandonat.<\/p>\n<p class=\"wp-block-paragraph\">Maya a fost salvat\u0103 de <strong>Alina<\/strong>, ini\u021biatoarea comunit\u0103\u021bii <strong>Suflete pe 2 Ro\u021bi<\/strong>, care \u0219i-a transformat pasiunea pentru ciclism \u00eentr-un proiect prin care aduce oamenii \u00eempreun\u0103 pentru a sprijini animalele aflate \u00een nevoie.<\/p>\n<p class=\"wp-block-paragraph\">Organizatorii spun c\u0103 Bike &amp; Bark with Maya nu este doar o simpl\u0103 plimbare cu bicicleta, ci un eveniment care \u00ee\u0219i propune s\u0103 creeze o comunitate unit\u0103 \u00een jurul unei cauze comune.<\/p>\n<h2 class=\"wp-block-heading\">Pedalare pentru o cauz\u0103 nobil\u0103<\/h2>\n<p class=\"wp-block-paragraph\">Pe parcursul evenimentului, participan\u021bii vor pedala \u00eentr-un ritm accesibil tuturor, \u00eentr-o atmosfer\u0103 prietenoas\u0103 \u0219i relaxat\u0103.<\/p>\n<p class=\"wp-block-paragraph\">Fondurile str\u00e2nse vor sus\u021bine activitatea Asocia\u021biei FURRYTALES \u0219i vor fi folosite pentru asigurarea hranei, tratamentelor veterinare, steriliz\u0103rilor \u0219i \u00eengrijirii c\u00e2inilor afla\u021bi \u00een grija organiza\u021biei.<\/p>\n<p class=\"wp-block-paragraph\">Astfel, fiecare participant contribuie direct la \u00eembun\u0103t\u0103\u021birea condi\u021biilor de via\u021b\u0103 ale animalelor salvate \u0219i la oferirea unei noi \u0219anse pentru cele care \u00eenc\u0103 a\u0219teapt\u0103 s\u0103 fie adoptate.<\/p>\n<h2 class=\"wp-block-heading\">Eveniment deschis \u00eentregii comunit\u0103\u021bi<\/h2>\n<p class=\"wp-block-paragraph\">Bike &amp; Bark with Maya este destinat tuturor, indiferent de v\u00e2rst\u0103 sau de experien\u021ba pe biciclet\u0103.<\/p>\n<p class=\"wp-block-paragraph\">Participan\u021bii pot veni \u00eenso\u021bi\u021bi de c\u00e2inii lor sau pot lua parte la eveniment doar pentru a sus\u021bine ini\u021biativa \u0219i pentru a se bucura de o zi petrecut\u0103 \u00een aer liber al\u0103turi de al\u021bi iubitori de animale.<\/p>\n<p class=\"wp-block-paragraph\">Organizatorii \u00ee\u0219i doresc ca edi\u021bia din acest an s\u0103 atrag\u0103 \u0219i mai mul\u021bi oameni care cred c\u0103 implicarea comunit\u0103\u021bii poate face diferen\u021ba \u00een via\u021ba c\u00e2inilor abandona\u021bi.<\/p>\n<h2 class=\"wp-block-heading\">Fiecare kilometru poate \u00eensemna o nou\u0103 \u0219ans\u0103<\/h2>\n<p class=\"wp-block-paragraph\">Mesajul transmis de organizatori este unul simplu, dar puternic: fiecare kilometru parcurs \u00eempreun\u0103 poate \u00eensemna o nou\u0103 \u0219ans\u0103 pentru un c\u00e2ine f\u0103r\u0103 st\u0103p\u00e2n.<\/p>\n<p class=\"wp-block-paragraph\">Prin astfel de evenimente, Asocia\u021bia FURRYTALES urm\u0103re\u0219te nu doar str\u00e2ngerea de fonduri, ci \u0219i promovarea adop\u021biei responsabile, a steriliz\u0103rii \u0219i a respectului fa\u021b\u0103 de animale.<\/p>\n<h2 class=\"wp-block-heading\">Despre Asocia\u021bia FURRYTALES<\/h2>\n<p class=\"wp-block-paragraph\">Asocia\u021bia FURRYTALES desf\u0103\u0219oar\u0103 activit\u0103\u021bi de salvare, recuperare, sterilizare \u0219i promovare a adop\u021biei responsabile, oferind o nou\u0103 \u0219ans\u0103 c\u00e2inilor abandona\u021bi. Totodat\u0103, organiza\u021bia promoveaz\u0103 educa\u021bia privind bun\u0103starea animalelor \u0219i implicarea comunit\u0103\u021bii \u00een sprijinirea acestora.<\/p>\n<p class=\"wp-block-paragraph\">Cea de-a doua edi\u021bie Bike &amp; Bark with Maya \u00ee\u0219i propune s\u0103 continue aceast\u0103 misiune, demonstr\u00e2nd c\u0103 solidaritatea \u0219i pasiunea pentru mi\u0219care pot contribui la schimbarea destinului animalelor f\u0103r\u0103 st\u0103p\u00e2n.<\/p>\n<\/div>\n<footer>\n<div class=\"td-post-source-tags\">\n<ul class=\"td-tags td-post-small-box clearfix\">\n<li><span>ETICHETE<\/span><\/li>\n<li><a href=\"https:\/\/orasul-timisoara.ro\/local-tag\/adoptie-responsabila\/\">adop\u021bie responsabil\u0103<\/a><\/li>\n<li><a href=\"https:\/\/orasul-timisoara.ro\/local-tag\/animale-fara-stapan\/\">animale f\u0103r\u0103 st\u0103p\u00e2n<\/a><\/li>\n<li><a href=\"https:\/\/orasul-timisoara.ro\/local-tag\/bike-bark-with-maya\/\">Bike &amp; Bark with Maya<\/a><\/li>\n<li><a href=\"https:\/\/orasul-timisoara.ro\/local-tag\/caini-salvati\/\">c\u00e2ini salva\u021bi<\/a><\/li>\n<li><a href=\"https:\/\/orasul-timisoara.ro\/local-tag\/ciclism\/\">ciclism<\/a><\/li>\n<li><a href=\"https:\/\/orasul-timisoara.ro\/local-tag\/donatii-2\/\">dona\u021bii<\/a><\/li>\n<li><a href=\"https:\/\/orasul-timisoara.ro\/local-tag\/eveniment-caritabil\/\">eveniment caritabil<\/a><\/li>\n<li><a href=\"https:\/\/orasul-timisoara.ro\/local-tag\/furrytales\/\">FURRYTALES<\/a><\/li>\n<li><a href=\"https:\/\/orasul-timisoara.ro\/local-tag\/suflete-pe-2-roti\/\">Suflete pe 2 Ro\u021bi<\/a><\/li>\n<li><a href=\"https:\/\/orasul-timisoara.ro\/local-tag\/timisoara-2\/\">timi\u0219oara<\/a><\/li>\n<li><a href=\"https:\/\/orasul-timisoara.ro\/local-tag\/voluntariat\/\">voluntariat<\/a><\/li>\n<\/ul>\n<\/div>\n<div class=\"td-post-sharing-bottom\">\n<div class=\"td-post-sharing-classic\"><iframe title=\"bottomFacebookLike\" frameborder src=\"https:\/\/www.facebook.com\/plugins\/like.php?href=https:\/\/orasul-timisoara.ro\/local-39913\/&amp;layout=button_count&amp;show_faces=false&amp;width=105&amp;action=like&amp;colorscheme=light&amp;height=21\"><\/iframe><\/div>\n<div id=\"td_social_sharing_article_bottom\" class=\"td-post-sharing td-ps-bg td-ps-notext td-post-sharing-style1 \">\n<div class=\"td-post-sharing-visible\"><a class=\"td-social-sharing-button td-social-sharing-button-js td-social-network td-social-facebook\" href=\"https:\/\/www.facebook.com\/sharer.php?u=https%3A%2F%2Forasul-timisoara.ro%2Flocal-39913%2F\" title=\"Facebook\"><\/p>\n<div class=\"td-social-but-text\">Facebook<\/div>\n<p><\/a><a class=\"td-social-sharing-button td-social-sharing-button-js td-social-network td-social-twitter\" href=\"https:\/\/twitter.com\/intent\/tweet?text=Bike+%26+Bark+with+Maya%3A+eveniment+caritabil+pentru+animalele+salvate+de+FURRYTALES&amp;url=https%3A%2F%2Forasul-timisoara.ro%2Flocal-39913%2F&amp;via=orasultm\" title=\"Twitter\"><\/p>\n<div class=\"td-social-but-text\">Twitter<\/div>\n<p><\/a><a class=\"td-social-sharing-button td-social-sharing-button-js td-social-network td-social-whatsapp\" href=\"https:\/\/api.whatsapp.com\/send?text=Bike+%26+Bark+with+Maya%3A+eveniment+caritabil+pentru+animalele+salvate+de+FURRYTALES%20%0A%0A%20https:\/\/orasul-timisoara.ro\/local-39913\/\" title=\"WhatsApp\"><\/p>\n<div class=\"td-social-but-text\">WhatsApp<\/div>\n<p><\/a><a class=\"td-social-sharing-button td-social-sharing-button-js td-social-network td-social-linkedin\" href=\"https:\/\/www.linkedin.com\/shareArticle?mini=true&amp;url=https:\/\/orasul-timisoara.ro\/local-39913\/&amp;title=Bike+%26+Bark+with+Maya%3A+eveniment+caritabil+pentru+animalele+salvate+de+FURRYTALES\" title=\"Linkedin\"><\/p>\n<div class=\"td-social-but-text\">Linkedin<\/div>\n<p><\/a><a class=\"td-social-sharing-button td-social-sharing-button-js td-social-network td-social-reddit\" href=\"https:\/\/reddit.com\/submit?url=https:\/\/orasul-timisoara.ro\/local-39913\/&amp;title=Bike+%26+Bark+with+Maya%3A+eveniment+caritabil+pentru+animalele+salvate+de+FURRYTALES\" title=\"ReddIt\"><\/p>\n<div class=\"td-social-but-text\">ReddIt<\/div>\n<p><\/a><a class=\"td-social-sharing-button td-social-sharing-button-js td-social-network td-social-mail\" href=\"mailto:?subject=Bike%20&amp;%20Bark%20with%20Maya:%20eveniment%20caritabil%20pentru%20animalele%20salvate%20de%20FURRYTALES&amp;body=https:\/\/orasul-timisoara.ro\/local-39913\/\" title=\"Email\"><\/p>\n<div class=\"td-social-but-text\">Email<\/div>\n<p><\/a><a class=\"td-social-sharing-button td-social-sharing-button-js td-social-network td-social-print\" href=\"https:\/\/orasul-timisoara.ro\/local-39913\/\" title=\"Imprimare\"><\/p>\n<div class=\"td-social-but-text\">Imprimare<\/div>\n<p><\/a><\/div>\n<\/div>\n<\/div>\n<div class=\"td-block-row td-post-next-prev\">\n<div class=\"td-block-span6 td-post-prev-post\">\n<div class=\"td-post-next-prev-content\"><span>Articolul precedent<\/span><a href=\"https:\/\/orasul-timisoara.ro\/local-39910\/\">Adolescent de 16 ani din Timi\u0219 \u0219i-a reclamat tat\u0103l vitreg la 112 dup\u0103 amenin\u021b\u0103ri<\/a><\/div>\n<\/div>\n<div class=\"td-block-span6 td-post-next-post\">\n<div class=\"td-post-next-prev-content\"><span>Articolul urm\u0103tor<\/span><a href=\"https:\/\/orasul-timisoara.ro\/local-39916\/\">Poli\u021bia Local\u0103 Timi\u0219oara a aplicat amenzi de 75.000 de lei dup\u0103 incendierea unor de\u0219euri<\/a><\/div>\n<\/div>\n<\/div>\n<div class=\"td-author-name vcard author\"><span class=\"fn\"><a href=\"https:\/\/orasul-timisoara.ro\/author\/timisoara\/\">redactia<\/a><\/span><\/div>\n<p><span class=\"td-page-meta\"><\/span><span class=\"td-page-meta\"><span class=\"td-page-meta\"><\/span><\/span><span class=\"td-page-meta\"><\/span><\/footer>\n<div class=\"td_block_wrap td_block_related_posts tdi_3 td_with_ajax_pagination td-pb-border-top td_block_template_8\" data-td-block-uid=\"tdi_3\">\n<h4 class=\"td-related-title td-block-title\"><a id=\"tdi_4\" class=\"td-related-left td-cur-simple-item\" data-td_filter_value data-td_block_id=\"tdi_3\" href=\"https:\/\/orasul-timisoara.ro\/local-39913\/\">ARTICOLE SIMILARE<\/a><a id=\"tdi_5\" class=\"td-related-right\" data-td_filter_value=\"td_related_more_from_author\" data-td_block_id=\"tdi_3\" href=\"https:\/\/orasul-timisoara.ro\/local-39913\/\">DE LA ACELA\u0218I AUTOR<\/a><\/h4>\n<div id=\"tdi_3\" class=\"td_block_inner\">\n<div class=\"td-related-row\">\n<div class=\"td-related-span4\">\n<div class=\"td_module_related_posts td-animation-stack td_mod_related_posts\">\n<div class=\"td-module-image\">\n<div class=\"td-module-thumb\"><a href=\"https:\/\/orasul-timisoara.ro\/local-39549\/\" rel=\"bookmark\" class=\"td-image-wrap \" title=\"Peste 1.000 de sportivi din 23 de \u021b\u0103ri particip\u0103 la Timi\u0219oara Triathlon 2026\"><img loading=\"lazy\" decoding=\"async\" class=\"entry-thumb\" src=\"https:\/\/orasul-timisoara.ro\/wp-content\/uploads\/2026\/07\/timisoara-triatlon-436x300.jpg\" alt title=\"Peste 1.000 de sportivi din 23 de \u021b\u0103ri particip\u0103 la Timi\u0219oara Triathlon 2026\" width=\"218\" height=\"150\"><\/a><\/div>\n<\/div>\n<div class=\"item-details\">\n<h3 class=\"entry-title td-module-title\"><a href=\"https:\/\/orasul-timisoara.ro\/local-39549\/\" rel=\"bookmark\" title=\"Peste 1.000 de sportivi din 23 de \u021b\u0103ri particip\u0103 la Timi\u0219oara Triathlon 2026\">Peste 1.000 de sportivi din 23 de \u021b\u0103ri particip\u0103 la Timi\u0219oara Triathlon 2026<\/a><\/h3>\n<\/div>\n<\/div>\n<\/div>\n<div class=\"td-related-span4\">\n<div class=\"td_module_related_posts td-animation-stack td_mod_related_posts\">\n<div class=\"td-module-image\">\n<div class=\"td-module-thumb\"><a href=\"https:\/\/orasul-timisoara.ro\/local-39519\/\" rel=\"bookmark\" class=\"td-image-wrap \" title=\"Proiec\u021bie de film \u0219i t\u00e2rg de adop\u021bii pentru animale, \u00een luna iulie, la Timi\u0219oara\"><img loading=\"lazy\" decoding=\"async\" class=\"entry-thumb\" src=\"https:\/\/orasul-timisoara.ro\/wp-content\/uploads\/2026\/07\/61902681-2b66-460d-8339-ffa6b9054a5f-436x300.jpg\" alt title=\"Proiec\u021bie de film \u0219i t\u00e2rg de adop\u021bii pentru animale, \u00een luna iulie, la Timi\u0219oara\" width=\"218\" height=\"150\"><\/a><\/div>\n<\/div>\n<div class=\"item-details\">\n<h3 class=\"entry-title td-module-title\"><a href=\"https:\/\/orasul-timisoara.ro\/local-39519\/\" rel=\"bookmark\" title=\"Proiec\u021bie de film \u0219i t\u00e2rg de adop\u021bii pentru animale, \u00een luna iulie, la Timi\u0219oara\">Proiec\u021bie de film \u0219i t\u00e2rg de adop\u021bii pentru animale, \u00een luna iulie, la Timi\u0219oara<\/a><\/h3>\n<\/div>\n<\/div>\n<\/div>\n<div class=\"td-related-span4\">\n<div class=\"td_module_related_posts td-animation-stack td_mod_related_posts\">\n<div class=\"td-module-image\">\n<div class=\"td-module-thumb\"><a href=\"https:\/\/orasul-timisoara.ro\/local-39396\/\" rel=\"bookmark\" class=\"td-image-wrap \" title=\"Sportivii de la CS Tibiscus Timi\u0219oara, noi podiumuri \u00een competi\u021biile de MTB din \u021bar\u0103\"><img loading=\"lazy\" decoding=\"async\" class=\"entry-thumb\" src=\"https:\/\/orasul-timisoara.ro\/wp-content\/uploads\/2026\/06\/725599514_28270646279191254_1086053342582675350_n-1-436x300.jpg\" alt title=\"Sportivii de la CS Tibiscus Timi\u0219oara, noi podiumuri \u00een competi\u021biile de MTB din \u021bar\u0103\" width=\"218\" height=\"150\"><\/a><\/div>\n<\/div>\n<div class=\"item-details\">\n<h3 class=\"entry-title td-module-title\"><a href=\"https:\/\/orasul-timisoara.ro\/local-39396\/\" rel=\"bookmark\" title=\"Sportivii de la CS Tibiscus Timi\u0219oara, noi podiumuri \u00een competi\u021biile de MTB din \u021bar\u0103\">Sportivii de la CS Tibiscus Timi\u0219oara, noi podiumuri \u00een competi\u021biile de MTB din \u021bar\u0103<\/a><\/h3>\n<\/div>\n<\/div>\n<\/div>\n<\/div>\n<\/div>\n<\/div>\n<div class=\"comments\" id=\"comments\">\n<div id=\"respond\" class=\"comment-respond\">\n<h3 id=\"reply-title\" class=\"comment-reply-title\">L\u0102SA\u021aI UN MESAJ<\/h3>\n<div class=\"comment-form-input-wrap td-form-comment\">\n<div class=\"td-warning-comment\">V\u0103 rug\u0103m s\u0103 introduce\u021bi comentariul dvs.!<\/div>\n<\/div>\n<div class=\"comment-form-input-wrap td-form-author\">\n<div class=\"td-warning-author\">Introduce\u021bi aici numele dvs.<\/div>\n<\/div>\n<div class=\"comment-form-input-wrap td-form-email\">\n<div class=\"td-warning-email-error\">A\u021bi introdus o adres\u0103 de e-mail incorect\u0103!<\/div>\n<div class=\"td-warning-email\">V\u0103 rug\u0103m s\u0103 introduce\u021bi adresa dvs. de e-mail aici<\/div>\n<\/div>\n<\/div>\n<p class=\"akismet_comment_form_privacy_notice\">Acest site folose\u0219te Akismet pentru a reduce spamul. <a href=\"https:\/\/akismet.com\/privacy\/\" target=\"_blank\" rel=\"nofollow noopener\">Afl\u0103 cum sunt procesate datele comentariilor tale<\/a>.<\/p>\n<\/div>\n<\/div>\n<\/div>\n<div class=\"td-pb-span4 td-main-sidebar\" role=\"complementary\">\n<div class=\"td-ss-main-sidebar\">\n<aside id=\"block-4\" class=\"td_block_template_8 widget block-4 widget_block widget_media_image\">\n<figure class=\"wp-block-image size-full\"><img loading=\"lazy\" decoding=\"async\" width=\"336\" height=\"280\" src=\"https:\/\/orasul-timisoara.ro\/wp-content\/uploads\/2024\/11\/ReTIM-Abonamentul-Verde-Google-Ads-336x280px.gif\" alt class=\"wp-image-29257\"><\/figure>\n<\/aside>\n<div class=\"td_block_wrap td_block_social_counter td_block_widget tdi_6 td-social-style5 td-social-boxed td-pb-border-top td_block_template_8\">\n<div class=\"td-block-title-wrap\">\n<h4 class=\"td-block-title\"><span>Urm\u0103re\u0219te-ne pe Social Media<\/span><\/h4>\n<\/div>\n<div class=\"td-social-list\">\n<div class=\"td_social_type td-pb-margin-side td_social_facebook\">\n<div class=\"td-social-box\"><span class=\"td_social_info td_social_info_counter\">344,595<\/span><span class=\"td_social_info td_social_info_name\">Fani<\/span><span class=\"td_social_button\"><a href=\"https:\/\/www.facebook.com\/247timisoara\" target=\"_blank\" rel=\"nofollow\">\u00cemi place<\/a><\/span><\/div>\n<\/div>\n<div class=\"td_social_type td-pb-margin-side td_social_instagram\">\n<div class=\"td-social-box\"><span class=\"td_social_info td_social_info_counter\">4,416<\/span><span class=\"td_social_info td_social_info_name\">Cititori<\/span><span class=\"td_social_button\"><a href=\"https:\/\/instagram.com\/orasultimisoararo\/\" target=\"_blank\" rel=\"nofollow\">Conecta\u021bi-v\u0103<\/a><\/span><\/div>\n<\/div>\n<div class=\"td_social_type td-pb-margin-side td_social_rss\">\n<div class=\"td-social-box\"><span class=\"td_social_info td_social_info_counter\">12,506<\/span><span class=\"td_social_info td_social_info_name\">Cititori<\/span><span class=\"td_social_button\"><a href=\"https:\/\/orasul-timisoara.ro\/feed\/\" target=\"_blank\" rel=\"nofollow\">Conecta\u021bi-v\u0103<\/a><\/span><\/div>\n<\/div>\n<div class=\"td_social_type td-pb-margin-side td_social_tiktok\">\n<div class=\"td-social-box\"><span class=\"td_social_info td_social_info_counter\">1,500<\/span><span class=\"td_social_info td_social_info_name\">Cititori<\/span><span class=\"td_social_button\"><a href=\"https:\/\/www.tiktok.com\/@orasultimisoara\" target=\"_blank\" rel=\"nofollow\">Conecta\u021bi-v\u0103<\/a><\/span><\/div>\n<\/div>\n<div class=\"td_social_type td-pb-margin-side td_social_twitter\">\n<div class=\"td-social-box\"><span class=\"td_social_info td_social_info_counter\">1,595<\/span><span class=\"td_social_info td_social_info_name\">Cititori<\/span><span class=\"td_social_button\"><a href=\"https:\/\/twitter.com\/orasultm\" target=\"_blank\" rel=\"nofollow\">Conecta\u021bi-v\u0103<\/a><\/span><\/div>\n<\/div>\n<div class=\"td_social_type td-pb-margin-side td_social_youtube\">\n<div class=\"td-social-box\"><span class=\"td_social_info td_social_info_counter\">3,506<\/span><span class=\"td_social_info td_social_info_name\">Abona\u021bi<\/span><span class=\"td_social_button\"><a href=\"https:\/\/www.youtube.com\/channel\/UCQNsQvs2XCSIm1Z-AHRturw?sub_confirmation=1\" target=\"_blank\" rel=\"nofollow\">Abona\u021bi-v\u0103<\/a><\/span><\/div>\n<\/div>\n<\/div>\n<\/div>\n<aside id=\"text-7\" class=\"td_block_template_8 widget text-7 widget_text\">\n<h4 class=\"td-block-title\"><span>C\u0103ut\u0103ri populare pe OTM<\/span><\/h4>\n<div class=\"textwidget\"><a href=\"https:\/\/orasul-timisoara.ro\/?s=timisoara\"><span>Timisoara<\/span><\/a><a href=\"https:\/\/orasul-timisoara.ro\/?s=calin+dobra\"><span>Calin Dobra<\/span><\/a><a href=\"https:\/\/orasul-timisoara.ro\/?s=primaria+timisoara\"><span>Primaria Timisoara<\/span><\/a><a href=\"https:\/\/orasul-timisoara.ro\/?s=dominic+fritz\"><span>Dominic Fritz<\/span><\/a><a href=\"https:\/\/orasul-timisoara.ro\/?s=nicolae+robu\"><span>Nicolae Robu<\/span><\/a><a href=\"https:\/\/orasul-timisoara.ro\/?s=consiliul+local+timisoara\">Consiliul Local Timisoara<\/a><a href=\"https:\/\/orasul-timisoara.ro\/?s=consiliul+judetean+timis\"><span>Consiliul Judetean Timis<\/span><\/a><a href=\"https:\/\/orasul-timisoara.ro\/?s=cjt\"><span>CJT<\/span><\/a><a href=\"https:\/\/orasul-timisoara.ro\/?s=Alfred+Simonis\"><span>Alfred Simonis<\/span><\/a><a href=\"https:\/\/orasul-timisoara.ro\/?s=PNL\"><span>PNL<\/span><\/a><a href=\"https:\/\/orasul-timisoara.ro\/?s=coronavirus\"><span>coronavirus<\/span><\/a><a href=\"https:\/\/orasul-timisoara.ro\/?s=teatru+timisoara\">teatru Timisoara<\/a><a href=\"https:\/\/orasul-timisoara.ro\/?s=restaurante\"><span>restaurante Timisoara<\/span><\/a><a href=\"https:\/\/orasul-timisoara.ro\/?s=diskoteka\"><span>Diskoteka<\/span><\/a><a href=\"https:\/\/orasul-timisoara.ro\/?s=iulius+town\"><span>Iulius Town<\/span><\/a><a href=\"https:\/\/orasul-timisoara.ro\/?s=iulius+mall\"><span>Iulius Mall<\/span><\/a><a href=\"https:\/\/orasul-timisoara.ro\/?s=stpt\"><span>STPT<\/span><\/a><a href=\"https:\/\/orasul-timisoara.ro\/?s=alin+nica\"><span>Alin Nica<\/span><\/a><a href=\"https:\/\/orasul-timisoara.ro\/?s=psd\"><span>PSD<\/span><\/a><a href=\"https:\/\/orasul-timisoara.ro\/?s=aeroport\"><span>Aeroportul International Timisoara<\/span><\/a><a href=\"https:\/\/orasul-timisoara.ro\/?s=babes\"><span>Spitalul Victor Babes Timisoara<\/span><\/a><a href=\"https:\/\/orasul-timisoara.ro\/?s=poli\"><span>Poli Timi\u0219oara<\/span><\/a><a href=\"https:\/\/orasul-timisoara.ro\/?s=carantina\"><span>carantina<\/span><\/a><a href=\"https:\/\/orasul-timisoara.ro\/?s=aquatim\"><span>Aquatim<\/span><\/a><a href=\"https:\/\/orasul-timisoara.ro\/local-category\/stiri-timisoara\/\"><span>Stiri Timisoara<\/span><\/a><a href=\"https:\/\/orasul-timisoara.ro\/local-category\/investitii-in-timisoara\/\"><span>Investi\u021bii in Timi\u0219oara<\/span><\/a><a href=\"https:\/\/orasul-timisoara.ro\/local-9463\/\"><span>shaorma<\/span><\/a><a href=\"https:\/\/orasul-timisoara.ro\/?s=trafic\"><span>trafic rutier<\/span><\/a><a href=\"https:\/\/orasul-timisoara.ro\/?s=politia\"><span>politia locala timisoara<\/span><\/a><a href=\"https:\/\/orasul-timisoara.ro\/?s=roxana\"><span>Roxana Iliescu<\/span><\/a><a href=\"https:\/\/orasul-timisoara.ro\/?s=colterm\"><span>Colterm<\/span><\/a><a href=\"https:\/\/orasul-timisoara.ro\/?s=latcau\"><span>Ruben La\u021bc\u0103u<\/span><\/a><a href=\"https:\/\/orasul-timisoara.ro\/?s=timis\"><span>\u0218tiri din Timi\u0219<\/span><\/a><a href=\"https:\/\/orasul-timisoara.ro\/?s=spital\"><span>Spitale din Timi\u0219oara<\/span><\/a><a href=\"https:\/\/orasul-timisoara.ro\/?s=tabara\"><span>Cosmin Tab\u0103r\u0103<\/span><\/a><\/div>\n<\/aside>\n<aside id=\"rss-2\" class=\"td_block_template_8 widget rss-2 widget_rss\">\n<h4 class=\"td-block-title\"><span><a class=\"rsswidget rss-widget-feed\" href=\"https:\/\/fashionfridays.ro\/feed\"><img decoding=\"async\" class=\"rss-widget-icon\" width=\"14\" height=\"14\" src=\"https:\/\/orasul-timisoara.ro\/wp-includes\/images\/rss.png\" alt=\"RSS\" loading=\"lazy\"><\/a><a class=\"rsswidget rss-widget-title\" href=\"https:\/\/fashionfridays.ro\/\">Fashion Fridays<\/a><\/span><\/h4>\n<ul>\n<li><a class=\"rsswidget\" href=\"https:\/\/fashionfridays.ro\/romania-devine-a-29-a-piata-vogue-o-noua-era-pentru-industria-locala-de-moda\/\">Rom\u00e2nia devine a 29-a pia\u021b\u0103 Vogue: o nou\u0103 er\u0103 pentru industria local\u0103 de mod\u0103<\/a>\n<div class=\"rssSummary\">Revista Vogue \u00ee\u0219i extinde prezen\u021ba global\u0103 \u0219i va fi lansat\u0103 oficial \u00een Rom\u00e2nia \u00een prim\u0103vara anului 2027, marc\u00e2nd intrarea pe cea de-a 29-a pia\u021b\u0103 interna\u021bional\u0103. Proiectul este realizat \u00een parteneriat cu AEMME Publishing, o companie media recent \u00eenfiin\u021bat\u0103, care va publica edi\u021bia local\u0103 sub licen\u021b\u0103. Noua edi\u021bie, Vogue Rom\u00e2nia, \u00ee\u0219i propune s\u0103 combine autoritatea global\u0103 [\u2026]<\/div>\n<\/li>\n<\/ul>\n<\/aside>\n<aside id=\"rss-4\" class=\"td_block_template_8 widget rss-4 widget_rss\">\n<h4 class=\"td-block-title\"><span><a class=\"rsswidget rss-widget-feed\" href=\"https:\/\/emasini.ro\/feed\"><img decoding=\"async\" class=\"rss-widget-icon\" width=\"14\" height=\"14\" src=\"https:\/\/orasul-timisoara.ro\/wp-includes\/images\/rss.png\" alt=\"RSS\" loading=\"lazy\"><\/a><a class=\"rsswidget rss-widget-title\" href=\"https:\/\/emasini.ro\/\">eMasini<\/a><\/span><\/h4>\n<ul>\n<li><a class=\"rsswidget\" href=\"https:\/\/emasini.ro\/bmw-testeaza-noul-i4-convertible-primul-cabrio-electric-accesibil-al-marcii\/\">BMW testeaz\u0103 noul i4 Convertible, primul cabrio electric accesibil al m\u0103rcii<\/a>\n<div class=\"rssSummary\">BMW accelereaz\u0103 dezvoltarea noii genera\u021bii de modele electrice bazate pe platforma Neue Klasse, iar unul dintre cele mai interesante proiecte aflate \u00een teste este viitorul BMW i4 Convertible. Prototipul camuflat a fost surprins pe \u0219osele, confirm\u00e2nd c\u0103 produc\u0103torul german preg\u0103te\u0219te o decapotabil\u0103 electric\u0103 destinat\u0103 unui segment \u00een care oferta este, \u00een prezent, extrem de limitat\u0103. [\u2026]<\/div>\n<\/li>\n<\/ul>\n<\/aside>\n<\/div>\n<\/div>\n<\/div>\n<\/div>\n<\/article>\n<div class=\"td-post-content tagdiv-type\">\n<p class=\"wp-block-paragraph\">Timi\u0219orenii sunt invita\u021bi duminic\u0103, 2 august, s\u0103 participe la cea de-a doua edi\u021bie a evenimentului <strong>Bike &amp; Bark with Maya<\/strong>, o ini\u021biativ\u0103 caritabil\u0103 care \u00eembin\u0103 pasiunea pentru ciclism cu sprijinul acordat animalelor abandonate. Organizat de <strong>Asocia\u021bia FURRYTALES<\/strong> \u00eempreun\u0103 cu comunitatea <strong>Suflete pe 2 Ro\u021bi<\/strong>, evenimentul \u00ee\u0219i propune s\u0103 transforme fiecare kilometru parcurs \u00eentr-o nou\u0103 \u0219ans\u0103 pentru c\u00e2inii care \u00eenc\u0103 \u00ee\u0219i a\u0219teapt\u0103 salvatorul.<\/p>\n<p class=\"wp-block-paragraph\">Participan\u021bii vor putea pedala \u00eentr-o atmosfer\u0103 relaxat\u0103, al\u0103turi de propriii c\u00e2ini sau pur \u0219i simplu pentru a sus\u021bine cauza, contribuind prin dona\u021bii la salvarea \u0219i \u00eengrijirea animalelor f\u0103r\u0103 st\u0103p\u00e2n.<\/p>\n<h2 class=\"wp-block-heading\">Maya, c\u00e2inele care a inspirat un eveniment dedicat salv\u0103rii animalelor<\/h2>\n<p class=\"wp-block-paragraph\">\u00cen centrul evenimentului se afl\u0103 <strong>Maya<\/strong>, un c\u00e2ine salvat care a devenit ambasadorul Asocia\u021biei FURRYTALES. Povestea sa este exemplul c\u0103 un gest de implicare poate schimba complet via\u021ba unui animal abandonat.<\/p>\n<p class=\"wp-block-paragraph\">Maya a fost salvat\u0103 de <strong>Alina<\/strong>, ini\u021biatoarea comunit\u0103\u021bii <strong>Suflete pe 2 Ro\u021bi<\/strong>, care \u0219i-a transformat pasiunea pentru ciclism \u00eentr-un proiect prin care aduce oamenii \u00eempreun\u0103 pentru a sprijini animalele aflate \u00een nevoie.<\/p>\n<p class=\"wp-block-paragraph\">Organizatorii spun c\u0103 Bike &amp; Bark with Maya nu este doar o simpl\u0103 plimbare cu bicicleta, ci un eveniment care \u00ee\u0219i propune s\u0103 creeze o comunitate unit\u0103 \u00een jurul unei cauze comune.<\/p>\n<h2 class=\"wp-block-heading\">Pedalare pentru o cauz\u0103 nobil\u0103<\/h2>\n<p class=\"wp-block-paragraph\">Pe parcursul evenimentului, participan\u021bii vor pedala \u00eentr-un ritm accesibil tuturor, \u00eentr-o atmosfer\u0103 prietenoas\u0103 \u0219i relaxat\u0103.<\/p>\n<p class=\"wp-block-paragraph\">Fondurile str\u00e2nse vor sus\u021bine activitatea Asocia\u021biei FURRYTALES \u0219i vor fi folosite pentru asigurarea hranei, tratamentelor veterinare, steriliz\u0103rilor \u0219i \u00eengrijirii c\u00e2inilor afla\u021bi \u00een grija organiza\u021biei.<\/p>\n<p class=\"wp-block-paragraph\">Astfel, fiecare participant contribuie direct la \u00eembun\u0103t\u0103\u021birea condi\u021biilor de via\u021b\u0103 ale animalelor salvate \u0219i la oferirea unei noi \u0219anse pentru cele care \u00eenc\u0103 a\u0219teapt\u0103 s\u0103 fie adoptate.<\/p>\n<h2 class=\"wp-block-heading\">Eveniment deschis \u00eentregii comunit\u0103\u021bi<\/h2>\n<p class=\"wp-block-paragraph\">Bike &amp; Bark with Maya este destinat tuturor, indiferent de v\u00e2rst\u0103 sau de experien\u021ba pe biciclet\u0103.<\/p>\n<p class=\"wp-block-paragraph\">Participan\u021bii pot veni \u00eenso\u021bi\u021bi de c\u00e2inii lor sau pot lua parte la eveniment doar pentru a sus\u021bine ini\u021biativa \u0219i pentru a se bucura de o zi petrecut\u0103 \u00een aer liber al\u0103turi de al\u021bi iubitori de animale.<\/p>\n<p class=\"wp-block-paragraph\">Organizatorii \u00ee\u0219i doresc ca edi\u021bia din acest an s\u0103 atrag\u0103 \u0219i mai mul\u021bi oameni care cred c\u0103 implicarea comunit\u0103\u021bii poate face diferen\u021ba \u00een via\u021ba c\u00e2inilor abandona\u021bi.<\/p>\n<h2 class=\"wp-block-heading\">Fiecare kilometru poate \u00eensemna o nou\u0103 \u0219ans\u0103<\/h2>\n<p class=\"wp-block-paragraph\">Mesajul transmis de organizatori este unul simplu, dar puternic: fiecare kilometru parcurs \u00eempreun\u0103 poate \u00eensemna o nou\u0103 \u0219ans\u0103 pentru un c\u00e2ine f\u0103r\u0103 st\u0103p\u00e2n.<\/p>\n<p class=\"wp-block-paragraph\">Prin astfel de evenimente, Asocia\u021bia FURRYTALES urm\u0103re\u0219te nu doar str\u00e2ngerea de fonduri, ci \u0219i promovarea adop\u021biei responsabile, a steriliz\u0103rii \u0219i a respectului fa\u021b\u0103 de animale.<\/p>\n<h2 class=\"wp-block-heading\">Despre Asocia\u021bia FURRYTALES<\/h2>\n<p class=\"wp-block-paragraph\">Asocia\u021bia FURRYTALES desf\u0103\u0219oar\u0103 activit\u0103\u021bi de salvare, recuperare, sterilizare \u0219i promovare a adop\u021biei responsabile, oferind o nou\u0103 \u0219ans\u0103 c\u00e2inilor abandona\u021bi. Totodat\u0103, organiza\u021bia promoveaz\u0103 educa\u021bia privind bun\u0103starea animalelor \u0219i implicarea comunit\u0103\u021bii \u00een sprijinirea acestora.<\/p>\n<p class=\"wp-block-paragraph\">Cea de-a doua edi\u021bie Bike &amp; Bark with Maya \u00ee\u0219i propune s\u0103 continue aceast\u0103 misiune, demonstr\u00e2nd c\u0103 solidaritatea \u0219i pasiunea pentru mi\u0219care pot contribui la schimbarea destinului animalelor f\u0103r\u0103 st\u0103p\u00e2n.<\/p>\n<\/div>\n<p>[analyse_source url=&#8221;https:\/\/orasul-timisoara.ro\/local-39913\/&#8221;]<\/p>\n","protected":false},"excerpt":{"rendered":"<p>[analyse_image type=&#8221;featured&#8221; src=&#8221;https:\/\/orasul-timisoara.ro\/wp-content\/uploads\/2026\/07\/Bike-Bark-with-Maya.jpg&#8221;] Evenimente in TimisoaraBike &amp; Bark with Maya: eveniment caritabil pentru animalele salvate de FURRYTALES Evenimente in Timisoara \u0218tiri Locale Bike &amp; Bark with Maya: eveniment caritabil pentru animalele salvate de FURRYTALES De c\u0103tre redactia &#8211; 29\/07\/2026 Facebook Twitter WhatsApp Linkedin ReddIt Email Imprimare Timi\u0219orenii sunt invita\u021bi duminic\u0103, 2 august, s\u0103 participe la [&hellip;]<\/p>\n","protected":false},"author":1,"featured_media":0,"comment_status":"open","ping_status":"","sticky":false,"template":"","format":"standard","meta":{"footnotes":""},"categories":[89],"tags":[226,189],"class_list":["post-2070817","post","type-post","status-publish","format-standard","hentry","category-romania","tag-crawlmanager","tag-orasul-timisoara-ro"],"_links":{"self":[{"href":"https:\/\/analyse.optim.biz\/index.php?rest_route=\/wp\/v2\/posts\/2070817","targetHints":{"allow":["GET"]}}],"collection":[{"href":"https:\/\/analyse.optim.biz\/index.php?rest_route=\/wp\/v2\/posts"}],"about":[{"href":"https:\/\/analyse.optim.biz\/index.php?rest_route=\/wp\/v2\/types\/post"}],"author":[{"embeddable":true,"href":"https:\/\/analyse.optim.biz\/index.php?rest_route=\/wp\/v2\/users\/1"}],"replies":[{"embeddable":true,"href":"https:\/\/analyse.optim.biz\/index.php?rest_route=%2Fwp%2Fv2%2Fcomments&post=2070817"}],"version-history":[{"count":0,"href":"https:\/\/analyse.optim.biz\/index.php?rest_route=\/wp\/v2\/posts\/2070817\/revisions"}],"wp:attachment":[{"href":"https:\/\/analyse.optim.biz\/index.php?rest_route=%2Fwp%2Fv2%2Fmedia&parent=2070817"}],"wp:term":[{"taxonomy":"category","embeddable":true,"href":"https:\/\/analyse.optim.biz\/index.php?rest_route=%2Fwp%2Fv2%2Fcategories&post=2070817"},{"taxonomy":"post_tag","embeddable":true,"href":"https:\/\/analyse.optim.biz\/index.php?rest_route=%2Fwp%2Fv2%2Ftags&post=2070817"}],"curies":[{"name":"wp","href":"https:\/\/api.w.org\/{rel}","templated":true}]}}