{"id":2070816,"date":"2026-07-29T11:42:45","date_gmt":"2026-07-29T08:42:45","guid":{"rendered":"https:\/\/analyse.optim.biz\/?p=2070816"},"modified":"2026-07-29T11:42:45","modified_gmt":"2026-07-29T08:42:45","slug":"adolescent-de-16-ani-din-timis-si-a-reclamat-tatal-vitreg-la-112-dupa-amenintari","status":"publish","type":"post","link":"https:\/\/analyse.optim.biz\/?p=2070816","title":{"rendered":"Adolescent de 16 ani din Timi\u0219 \u0219i-a reclamat tat\u0103l vitreg la 112 dup\u0103 amenin\u021b\u0103ri"},"content":{"rendered":"<p>[analyse_image type=&#8221;featured&#8221; src=&#8221;https:\/\/orasul-timisoara.ro\/wp-content\/uploads\/2021\/08\/catuse-politie-retinere.jpg&#8221;]<\/p>\n<article id=\"post-39910\" class=\"td-post-template-7 post-39910 post type-post status-publish format-standard has-post-thumbnail category-featured category-stiri-timisoara tag-4740 tag-adolescent tag-amenintari-2 tag-ipj-timis-2 tag-jebel tag-ordin-de-protectie-provizoriu tag-politie-2 tag-sectia-9-politie-rurala tag-timis-2 tag-violenta-in-familie-2 td-container-wrap\">\n<div class=\"td-full-screen-header-image-wrap\">\n<div class=\"td-container td-post-header\">\n<div class=\"td-crumb-container\">\n<div class=\"entry-crumbs\"><span><a title=\"Vede\u021bi toate articolele \u00een \u0218tiri Locale\" class=\"entry-crumb\" href=\"https:\/\/orasul-timisoara.ro\/local-category\/stiri-timisoara\/\">\u0218tiri Locale<\/a><\/span><span class=\"td-bred-no-url-last\">Adolescent de 16 ani din Timi\u0219 \u0219i-a reclamat tat\u0103l vitreg la 112&#8230;<\/span><\/div>\n<\/div>\n<div class=\"td-post-header-holder\">\n<div class=\"td-parallax-header\">\n<header class=\"td-post-title\">\n<ul class=\"td-category\">\n<li class=\"entry-category\"><a href=\"https:\/\/orasul-timisoara.ro\/local-category\/stiri-timisoara\/\">\u0218tiri Locale<\/a><\/li>\n<\/ul>\n<h1 class=\"entry-title\">Adolescent de 16 ani din Timi\u0219 \u0219i-a reclamat tat\u0103l vitreg la 112 dup\u0103 amenin\u021b\u0103ri<\/h1>\n<div class=\"td-module-meta-info\">\n<div class=\"td-post-author-name\">\n<div class=\"td-author-by\">De c\u0103tre<\/div>\n<p><a href=\"https:\/\/orasul-timisoara.ro\/author\/timisoara\/\">redactia<\/a><\/p>\n<div class=\"td-author-line\"> &#8211; <\/div>\n<\/div>\n<p><span class=\"td-post-date\"><time class=\"entry-date updated td-module-date\" datetime=\"2026-07-29T14:42:45+03:00\">29\/07\/2026<\/time><\/span><\/div>\n<\/header>\n<\/div>\n<\/div>\n<\/div>\n<div id=\"td-full-screen-header-image\" class=\"td-image-gradient-style7\"><img decoding=\"async\" class=\"td-backstretch\" src=\"https:\/\/orasul-timisoara.ro\/wp-content\/uploads\/2021\/08\/catuse-politie-retinere.jpg\"><\/div>\n<\/div>\n<div class=\"td-container\">\n<div class=\"td-pb-row\">\n<div class=\"td-pb-span8 td-main-content\" role=\"main\">\n<div class=\"td-ss-main-content\">\n<div class=\"td-post-sharing-top\">\n<div class=\"td-post-sharing-classic\"><iframe title=\"topFacebookLike\" frameborder src=\"https:\/\/www.facebook.com\/plugins\/like.php?href=https:\/\/orasul-timisoara.ro\/local-39910\/&amp;layout=button_count&amp;show_faces=false&amp;width=105&amp;action=like&amp;colorscheme=light&amp;height=21\"><\/iframe><\/div>\n<div id=\"td_social_sharing_article_top\" class=\"td-post-sharing td-ps-bg td-ps-notext td-post-sharing-style1 \">\n<div class=\"td-post-sharing-visible\"><a class=\"td-social-sharing-button td-social-sharing-button-js td-social-network td-social-facebook\" href=\"https:\/\/www.facebook.com\/sharer.php?u=https%3A%2F%2Forasul-timisoara.ro%2Flocal-39910%2F\" title=\"Facebook\"><\/p>\n<div class=\"td-social-but-text\">Facebook<\/div>\n<p><\/a><a class=\"td-social-sharing-button td-social-sharing-button-js td-social-network td-social-twitter\" href=\"https:\/\/twitter.com\/intent\/tweet?text=Adolescent+de+16+ani+din+Timi%C8%99+%C8%99i-a+reclamat+tat%C4%83l+vitreg+la+112+dup%C4%83+amenin%C8%9B%C4%83ri&amp;url=https%3A%2F%2Forasul-timisoara.ro%2Flocal-39910%2F&amp;via=orasultm\" title=\"Twitter\"><\/p>\n<div class=\"td-social-but-text\">Twitter<\/div>\n<p><\/a><a class=\"td-social-sharing-button td-social-sharing-button-js td-social-network td-social-whatsapp\" href=\"https:\/\/api.whatsapp.com\/send?text=Adolescent+de+16+ani+din+Timi%C8%99+%C8%99i-a+reclamat+tat%C4%83l+vitreg+la+112+dup%C4%83+amenin%C8%9B%C4%83ri%20%0A%0A%20https:\/\/orasul-timisoara.ro\/local-39910\/\" title=\"WhatsApp\"><\/p>\n<div class=\"td-social-but-text\">WhatsApp<\/div>\n<p><\/a><a class=\"td-social-sharing-button td-social-sharing-button-js td-social-network td-social-linkedin\" href=\"https:\/\/www.linkedin.com\/shareArticle?mini=true&amp;url=https:\/\/orasul-timisoara.ro\/local-39910\/&amp;title=Adolescent+de+16+ani+din+Timi%C8%99+%C8%99i-a+reclamat+tat%C4%83l+vitreg+la+112+dup%C4%83+amenin%C8%9B%C4%83ri\" title=\"Linkedin\"><\/p>\n<div class=\"td-social-but-text\">Linkedin<\/div>\n<p><\/a><a class=\"td-social-sharing-button td-social-sharing-button-js td-social-network td-social-reddit\" href=\"https:\/\/reddit.com\/submit?url=https:\/\/orasul-timisoara.ro\/local-39910\/&amp;title=Adolescent+de+16+ani+din+Timi%C8%99+%C8%99i-a+reclamat+tat%C4%83l+vitreg+la+112+dup%C4%83+amenin%C8%9B%C4%83ri\" title=\"ReddIt\"><\/p>\n<div class=\"td-social-but-text\">ReddIt<\/div>\n<p><\/a><a class=\"td-social-sharing-button td-social-sharing-button-js td-social-network td-social-mail\" href=\"mailto:?subject=Adolescent%20de%2016%20ani%20din%20Timi%C8%99%20%C8%99i-a%20reclamat%20tat%C4%83l%20vitreg%20la%20112%20dup%C4%83%20amenin%C8%9B%C4%83ri&amp;body=https:\/\/orasul-timisoara.ro\/local-39910\/\" title=\"Email\"><\/p>\n<div class=\"td-social-but-text\">Email<\/div>\n<p><\/a><a class=\"td-social-sharing-button td-social-sharing-button-js td-social-network td-social-print\" href=\"https:\/\/orasul-timisoara.ro\/local-39910\/\" title=\"Imprimare\"><\/p>\n<div class=\"td-social-but-text\">Imprimare<\/div>\n<p><\/a><\/div>\n<\/div>\n<\/div>\n<div class=\"td-post-content tagdiv-type\">\n<p class=\"wp-block-paragraph\">Poli\u021bi\u0219tii din cadrul Sec\u021biei 9 Poli\u021bie Rural\u0103 Jebel au intervenit \u00een noaptea de 28 spre 29 iulie la un caz de violen\u021b\u0103 \u00een familie, dup\u0103 ce un adolescent de 16 ani a apelat num\u0103rul unic de urgen\u021b\u0103 112 \u0219i a reclamat c\u0103 tat\u0103l s\u0103u vitreg \u00eel amenin\u021b\u0103 cu acte de violen\u021b\u0103.<\/p>\n<p class=\"wp-block-paragraph\">\u00cen urma verific\u0103rilor efectuate la fa\u021ba locului, oamenii legii au stabilit c\u0103 sesizarea se confirm\u0103, iar \u00eempotriva b\u0103rbatului a fost emis un ordin de protec\u021bie provizoriu.<\/p>\n<h2 class=\"wp-block-heading\">Apel la 112 dup\u0103 un conflict \u00een familie<\/h2>\n<p class=\"wp-block-paragraph\">Potrivit Inspectoratului de Poli\u021bie Jude\u021bean Timi\u0219, incidentul s-a petrecut \u00een jurul orei 23:35 in localitatea Jebel, aflata la cativa kilometri de Timisoara.<\/p>\n<p class=\"wp-block-paragraph\">Din primele verific\u0103ri a reie\u0219it c\u0103, pe fondul unui conflict spontan, un b\u0103rbat \u00een v\u00e2rst\u0103 de 35 de ani i-ar fi adresat amenin\u021b\u0103ri verbale fiului s\u0103u vitreg, \u00een v\u00e2rst\u0103 de 16 ani.<\/p>\n<p class=\"wp-block-paragraph\">Poli\u021bi\u0219tii s-au deplasat de urgen\u021b\u0103 la locul indicat \u0219i au constatat c\u0103 aspectele sesizate de adolescent se confirm\u0103.<\/p>\n<h2 class=\"wp-block-heading\">B\u0103rbatul a fost imobilizat dup\u0103 ce nu a respectat soma\u021biile<\/h2>\n<p class=\"wp-block-paragraph\">La sosirea echipajelor de poli\u021bie, b\u0103rbatul a p\u0103r\u0103sit locul incidentului, \u00eens\u0103 a fost identificat la scurt timp \u00een apropiere.<\/p>\n<p class=\"wp-block-paragraph\">Conform IPJ Timi\u0219, acesta nu s-a conformat soma\u021biilor legale adresate de poli\u021bi\u0219ti, motiv pentru care a fost imobilizat \u0219i \u00eenc\u0103tu\u0219at. Ulterior, a fost condus la sediul poli\u021biei pentru audieri \u0219i continuarea verific\u0103rilor.<\/p>\n<h2 class=\"wp-block-heading\">Poli\u021bi\u0219tii au constatat existen\u021ba unui risc iminent<\/h2>\n<p class=\"wp-block-paragraph\">\u00cen cadrul interven\u021biei, poli\u021bi\u0219tii au completat formularul de evaluare a riscului, procedur\u0103 prev\u0103zut\u0103 \u00een cazurile de violen\u021b\u0103 domestic\u0103 pentru stabilirea necesit\u0103\u021bii emiterii unui ordin de protec\u021bie provizoriu.<\/p>\n<p class=\"wp-block-paragraph\">\u00cen urma evalu\u0103rii \u0219i a r\u0103spunsurilor furnizate, a fost stabilit\u0103 existen\u021ba unui risc iminent pentru persoana v\u0103t\u0103mat\u0103.<\/p>\n<h2 class=\"wp-block-heading\">A fost emis un ordin de protec\u021bie provizoriu<\/h2>\n<p class=\"wp-block-paragraph\">Ca urmare a concluziilor rezultate din evaluarea riscului, poli\u021bi\u0219tii au emis un ordin de protec\u021bie provizoriu \u00eempotriva b\u0103rbatului de 35 de ani.<\/p>\n<p class=\"wp-block-paragraph\">Cercet\u0103rile continu\u0103 pentru stabilirea tuturor \u00eemprejur\u0103rilor \u00een care s-a produs incidentul \u0219i pentru dispunerea m\u0103surilor legale care se impun.<\/p>\n<\/div>\n<footer>\n<div class=\"td-post-source-tags\">\n<ul class=\"td-tags td-post-small-box clearfix\">\n<li><span>ETICHETE<\/span><\/li>\n<li><a href=\"https:\/\/orasul-timisoara.ro\/local-tag\/112\/\">112<\/a><\/li>\n<li><a href=\"https:\/\/orasul-timisoara.ro\/local-tag\/adolescent\/\">adolescent<\/a><\/li>\n<li><a href=\"https:\/\/orasul-timisoara.ro\/local-tag\/amenintari-2\/\">amenin\u021b\u0103ri<\/a><\/li>\n<li><a href=\"https:\/\/orasul-timisoara.ro\/local-tag\/ipj-timis-2\/\">IPJ Timi\u0219<\/a><\/li>\n<li><a href=\"https:\/\/orasul-timisoara.ro\/local-tag\/jebel\/\">jebel<\/a><\/li>\n<li><a href=\"https:\/\/orasul-timisoara.ro\/local-tag\/ordin-de-protectie-provizoriu\/\">ordin de protec\u021bie provizoriu<\/a><\/li>\n<li><a href=\"https:\/\/orasul-timisoara.ro\/local-tag\/politie-2\/\">poli\u021bie<\/a><\/li>\n<li><a href=\"https:\/\/orasul-timisoara.ro\/local-tag\/sectia-9-politie-rurala\/\">Sec\u021bia 9 Poli\u021bie Rural\u0103<\/a><\/li>\n<li><a href=\"https:\/\/orasul-timisoara.ro\/local-tag\/timis-2\/\">timi\u0219<\/a><\/li>\n<li><a href=\"https:\/\/orasul-timisoara.ro\/local-tag\/violenta-in-familie-2\/\">violen\u021b\u0103 \u00een familie<\/a><\/li>\n<\/ul>\n<\/div>\n<div class=\"td-post-sharing-bottom\">\n<div class=\"td-post-sharing-classic\"><iframe title=\"bottomFacebookLike\" frameborder src=\"https:\/\/www.facebook.com\/plugins\/like.php?href=https:\/\/orasul-timisoara.ro\/local-39910\/&amp;layout=button_count&amp;show_faces=false&amp;width=105&amp;action=like&amp;colorscheme=light&amp;height=21\"><\/iframe><\/div>\n<div id=\"td_social_sharing_article_bottom\" class=\"td-post-sharing td-ps-bg td-ps-notext td-post-sharing-style1 \">\n<div class=\"td-post-sharing-visible\"><a class=\"td-social-sharing-button td-social-sharing-button-js td-social-network td-social-facebook\" href=\"https:\/\/www.facebook.com\/sharer.php?u=https%3A%2F%2Forasul-timisoara.ro%2Flocal-39910%2F\" title=\"Facebook\"><\/p>\n<div class=\"td-social-but-text\">Facebook<\/div>\n<p><\/a><a class=\"td-social-sharing-button td-social-sharing-button-js td-social-network td-social-twitter\" href=\"https:\/\/twitter.com\/intent\/tweet?text=Adolescent+de+16+ani+din+Timi%C8%99+%C8%99i-a+reclamat+tat%C4%83l+vitreg+la+112+dup%C4%83+amenin%C8%9B%C4%83ri&amp;url=https%3A%2F%2Forasul-timisoara.ro%2Flocal-39910%2F&amp;via=orasultm\" title=\"Twitter\"><\/p>\n<div class=\"td-social-but-text\">Twitter<\/div>\n<p><\/a><a class=\"td-social-sharing-button td-social-sharing-button-js td-social-network td-social-whatsapp\" href=\"https:\/\/api.whatsapp.com\/send?text=Adolescent+de+16+ani+din+Timi%C8%99+%C8%99i-a+reclamat+tat%C4%83l+vitreg+la+112+dup%C4%83+amenin%C8%9B%C4%83ri%20%0A%0A%20https:\/\/orasul-timisoara.ro\/local-39910\/\" title=\"WhatsApp\"><\/p>\n<div class=\"td-social-but-text\">WhatsApp<\/div>\n<p><\/a><a class=\"td-social-sharing-button td-social-sharing-button-js td-social-network td-social-linkedin\" href=\"https:\/\/www.linkedin.com\/shareArticle?mini=true&amp;url=https:\/\/orasul-timisoara.ro\/local-39910\/&amp;title=Adolescent+de+16+ani+din+Timi%C8%99+%C8%99i-a+reclamat+tat%C4%83l+vitreg+la+112+dup%C4%83+amenin%C8%9B%C4%83ri\" title=\"Linkedin\"><\/p>\n<div class=\"td-social-but-text\">Linkedin<\/div>\n<p><\/a><a class=\"td-social-sharing-button td-social-sharing-button-js td-social-network td-social-reddit\" href=\"https:\/\/reddit.com\/submit?url=https:\/\/orasul-timisoara.ro\/local-39910\/&amp;title=Adolescent+de+16+ani+din+Timi%C8%99+%C8%99i-a+reclamat+tat%C4%83l+vitreg+la+112+dup%C4%83+amenin%C8%9B%C4%83ri\" title=\"ReddIt\"><\/p>\n<div class=\"td-social-but-text\">ReddIt<\/div>\n<p><\/a><a class=\"td-social-sharing-button td-social-sharing-button-js td-social-network td-social-mail\" href=\"mailto:?subject=Adolescent%20de%2016%20ani%20din%20Timi%C8%99%20%C8%99i-a%20reclamat%20tat%C4%83l%20vitreg%20la%20112%20dup%C4%83%20amenin%C8%9B%C4%83ri&amp;body=https:\/\/orasul-timisoara.ro\/local-39910\/\" title=\"Email\"><\/p>\n<div class=\"td-social-but-text\">Email<\/div>\n<p><\/a><a class=\"td-social-sharing-button td-social-sharing-button-js td-social-network td-social-print\" href=\"https:\/\/orasul-timisoara.ro\/local-39910\/\" title=\"Imprimare\"><\/p>\n<div class=\"td-social-but-text\">Imprimare<\/div>\n<p><\/a><\/div>\n<\/div>\n<\/div>\n<div class=\"td-block-row td-post-next-prev\">\n<div class=\"td-block-span6 td-post-prev-post\">\n<div class=\"td-post-next-prev-content\"><span>Articolul precedent<\/span><a href=\"https:\/\/orasul-timisoara.ro\/local-39907\/\">\u0218ofer r\u0103nit dup\u0103 ce un autocamion a ie\u0219it de pe \u0219osea \u0219i s-a r\u0103sturnat \u00een Timi\u0219<\/a><\/div>\n<\/div>\n<div class=\"td-block-span6 td-post-next-post\">\n<div class=\"td-post-next-prev-content\"><span>Articolul urm\u0103tor<\/span><a href=\"https:\/\/orasul-timisoara.ro\/local-39913\/\">Bike &amp; Bark with Maya: eveniment caritabil pentru animalele salvate de FURRYTALES<\/a><\/div>\n<\/div>\n<\/div>\n<div class=\"td-author-name vcard author\"><span class=\"fn\"><a href=\"https:\/\/orasul-timisoara.ro\/author\/timisoara\/\">redactia<\/a><\/span><\/div>\n<p><span class=\"td-page-meta\"><\/span><span class=\"td-page-meta\"><span class=\"td-page-meta\"><\/span><\/span><span class=\"td-page-meta\"><\/span><\/footer>\n<div class=\"td_block_wrap td_block_related_posts tdi_3 td_with_ajax_pagination td-pb-border-top td_block_template_8\" data-td-block-uid=\"tdi_3\">\n<h4 class=\"td-related-title td-block-title\"><a id=\"tdi_4\" class=\"td-related-left td-cur-simple-item\" data-td_filter_value data-td_block_id=\"tdi_3\" href=\"https:\/\/orasul-timisoara.ro\/local-39910\/\">ARTICOLE SIMILARE<\/a><a id=\"tdi_5\" class=\"td-related-right\" data-td_filter_value=\"td_related_more_from_author\" data-td_block_id=\"tdi_3\" href=\"https:\/\/orasul-timisoara.ro\/local-39910\/\">DE LA ACELA\u0218I AUTOR<\/a><\/h4>\n<div id=\"tdi_3\" class=\"td_block_inner\">\n<div class=\"td-related-row\">\n<div class=\"td-related-span4\">\n<div class=\"td_module_related_posts td-animation-stack td_mod_related_posts\">\n<div class=\"td-module-image\">\n<div class=\"td-module-thumb\"><a href=\"https:\/\/orasul-timisoara.ro\/local-39907\/\" rel=\"bookmark\" class=\"td-image-wrap \" title=\"\u0218ofer r\u0103nit dup\u0103 ce un autocamion a ie\u0219it de pe \u0219osea \u0219i s-a r\u0103sturnat \u00een Timi\u0219\"><img loading=\"lazy\" decoding=\"async\" class=\"entry-thumb\" src=\"https:\/\/orasul-timisoara.ro\/wp-content\/uploads\/2026\/07\/camion-rasturnat-camp-436x300.jpg\" alt title=\"\u0218ofer r\u0103nit dup\u0103 ce un autocamion a ie\u0219it de pe \u0219osea \u0219i s-a r\u0103sturnat \u00een Timi\u0219\" width=\"218\" height=\"150\"><\/a><\/div>\n<\/div>\n<div class=\"item-details\">\n<h3 class=\"entry-title td-module-title\"><a href=\"https:\/\/orasul-timisoara.ro\/local-39907\/\" rel=\"bookmark\" title=\"\u0218ofer r\u0103nit dup\u0103 ce un autocamion a ie\u0219it de pe \u0219osea \u0219i s-a r\u0103sturnat \u00een Timi\u0219\">\u0218ofer r\u0103nit dup\u0103 ce un autocamion a ie\u0219it de pe \u0219osea \u0219i s-a r\u0103sturnat \u00een Timi\u0219<\/a><\/h3>\n<\/div>\n<\/div>\n<\/div>\n<div class=\"td-related-span4\">\n<div class=\"td_module_related_posts td-animation-stack td_mod_related_posts\">\n<div class=\"td-module-image\">\n<div class=\"td-module-thumb\"><a href=\"https:\/\/orasul-timisoara.ro\/local-39876\/\" rel=\"bookmark\" class=\"td-image-wrap \" title=\"Ministrul Mediului \u0219i prefectul de Timi\u0219, control la S\u0103c\u0103laz dup\u0103 descoperirea unui depozit ilegal de de\u0219euri\"><img loading=\"lazy\" decoding=\"async\" class=\"entry-thumb\" src=\"https:\/\/orasul-timisoara.ro\/wp-content\/uploads\/2026\/07\/paul-finta-dianabuzoianu-436x300.jpg\" alt title=\"Ministrul Mediului \u0219i prefectul de Timi\u0219, control la S\u0103c\u0103laz dup\u0103 descoperirea unui depozit ilegal de de\u0219euri\" width=\"218\" height=\"150\"><\/a><\/div>\n<\/div>\n<div class=\"item-details\">\n<h3 class=\"entry-title td-module-title\"><a href=\"https:\/\/orasul-timisoara.ro\/local-39876\/\" rel=\"bookmark\" title=\"Ministrul Mediului \u0219i prefectul de Timi\u0219, control la S\u0103c\u0103laz dup\u0103 descoperirea unui depozit ilegal de de\u0219euri\">Ministrul Mediului \u0219i prefectul de Timi\u0219, control la S\u0103c\u0103laz dup\u0103 descoperirea unui depozit ilegal de de\u0219euri<\/a><\/h3>\n<\/div>\n<\/div>\n<\/div>\n<div class=\"td-related-span4\">\n<div class=\"td_module_related_posts td-animation-stack td_mod_related_posts\">\n<div class=\"td-module-image\">\n<div class=\"td-module-thumb\"><a href=\"https:\/\/orasul-timisoara.ro\/local-39726\/\" rel=\"bookmark\" class=\"td-image-wrap \" title=\"Ac\u021biune de amploare a poli\u021biei \u00een Timi\u0219oara: amenzi, permise re\u021binute \u0219i un urm\u0103rit interna\u021bional depistat (foto)\"><img loading=\"lazy\" decoding=\"async\" class=\"entry-thumb\" src=\"https:\/\/orasul-timisoara.ro\/wp-content\/uploads\/2026\/07\/WhatsApp-Image-2026-07-18-at-13.29.39-436x300.jpg\" alt title=\"Ac\u021biune de amploare a poli\u021biei \u00een Timi\u0219oara: amenzi, permise re\u021binute \u0219i un urm\u0103rit interna\u021bional depistat (foto)\" width=\"218\" height=\"150\"><\/a><\/div>\n<\/div>\n<div class=\"item-details\">\n<h3 class=\"entry-title td-module-title\"><a href=\"https:\/\/orasul-timisoara.ro\/local-39726\/\" rel=\"bookmark\" title=\"Ac\u021biune de amploare a poli\u021biei \u00een Timi\u0219oara: amenzi, permise re\u021binute \u0219i un urm\u0103rit interna\u021bional depistat (foto)\">Ac\u021biune de amploare a poli\u021biei \u00een Timi\u0219oara: amenzi, permise re\u021binute \u0219i un urm\u0103rit interna\u021bional depistat (foto)<\/a><\/h3>\n<\/div>\n<\/div>\n<\/div>\n<\/div>\n<\/div>\n<\/div>\n<div class=\"comments\" id=\"comments\">\n<div id=\"respond\" class=\"comment-respond\">\n<h3 id=\"reply-title\" class=\"comment-reply-title\">L\u0102SA\u021aI UN MESAJ<\/h3>\n<div class=\"comment-form-input-wrap td-form-comment\">\n<div class=\"td-warning-comment\">V\u0103 rug\u0103m s\u0103 introduce\u021bi comentariul dvs.!<\/div>\n<\/div>\n<div class=\"comment-form-input-wrap td-form-author\">\n<div class=\"td-warning-author\">Introduce\u021bi aici numele dvs.<\/div>\n<\/div>\n<div class=\"comment-form-input-wrap td-form-email\">\n<div class=\"td-warning-email-error\">A\u021bi introdus o adres\u0103 de e-mail incorect\u0103!<\/div>\n<div class=\"td-warning-email\">V\u0103 rug\u0103m s\u0103 introduce\u021bi adresa dvs. de e-mail aici<\/div>\n<\/div>\n<\/div>\n<p class=\"akismet_comment_form_privacy_notice\">Acest site folose\u0219te Akismet pentru a reduce spamul. <a href=\"https:\/\/akismet.com\/privacy\/\" target=\"_blank\" rel=\"nofollow noopener\">Afl\u0103 cum sunt procesate datele comentariilor tale<\/a>.<\/p>\n<\/div>\n<\/div>\n<\/div>\n<div class=\"td-pb-span4 td-main-sidebar\" role=\"complementary\">\n<div class=\"td-ss-main-sidebar\">\n<aside id=\"block-4\" class=\"td_block_template_8 widget block-4 widget_block widget_media_image\">\n<figure class=\"wp-block-image size-full\"><img loading=\"lazy\" decoding=\"async\" width=\"336\" height=\"280\" src=\"https:\/\/orasul-timisoara.ro\/wp-content\/uploads\/2024\/11\/ReTIM-Abonamentul-Verde-Google-Ads-336x280px.gif\" alt class=\"wp-image-29257\"><\/figure>\n<\/aside>\n<div class=\"td_block_wrap td_block_social_counter td_block_widget tdi_6 td-social-style5 td-social-boxed td-pb-border-top td_block_template_8\">\n<div class=\"td-block-title-wrap\">\n<h4 class=\"td-block-title\"><span>Urm\u0103re\u0219te-ne pe Social Media<\/span><\/h4>\n<\/div>\n<div class=\"td-social-list\">\n<div class=\"td_social_type td-pb-margin-side td_social_facebook\">\n<div class=\"td-social-box\"><span class=\"td_social_info td_social_info_counter\">344,595<\/span><span class=\"td_social_info td_social_info_name\">Fani<\/span><span class=\"td_social_button\"><a href=\"https:\/\/www.facebook.com\/247timisoara\" target=\"_blank\" rel=\"nofollow\">\u00cemi place<\/a><\/span><\/div>\n<\/div>\n<div class=\"td_social_type td-pb-margin-side td_social_instagram\">\n<div class=\"td-social-box\"><span class=\"td_social_info td_social_info_counter\">4,416<\/span><span class=\"td_social_info td_social_info_name\">Cititori<\/span><span class=\"td_social_button\"><a href=\"https:\/\/instagram.com\/orasultimisoararo\/\" target=\"_blank\" rel=\"nofollow\">Conecta\u021bi-v\u0103<\/a><\/span><\/div>\n<\/div>\n<div class=\"td_social_type td-pb-margin-side td_social_rss\">\n<div class=\"td-social-box\"><span class=\"td_social_info td_social_info_counter\">12,506<\/span><span class=\"td_social_info td_social_info_name\">Cititori<\/span><span class=\"td_social_button\"><a href=\"https:\/\/orasul-timisoara.ro\/feed\/\" target=\"_blank\" rel=\"nofollow\">Conecta\u021bi-v\u0103<\/a><\/span><\/div>\n<\/div>\n<div class=\"td_social_type td-pb-margin-side td_social_tiktok\">\n<div class=\"td-social-box\"><span class=\"td_social_info td_social_info_counter\">1,500<\/span><span class=\"td_social_info td_social_info_name\">Cititori<\/span><span class=\"td_social_button\"><a href=\"https:\/\/www.tiktok.com\/@orasultimisoara\" target=\"_blank\" rel=\"nofollow\">Conecta\u021bi-v\u0103<\/a><\/span><\/div>\n<\/div>\n<div class=\"td_social_type td-pb-margin-side td_social_twitter\">\n<div class=\"td-social-box\"><span class=\"td_social_info td_social_info_counter\">1,595<\/span><span class=\"td_social_info td_social_info_name\">Cititori<\/span><span class=\"td_social_button\"><a href=\"https:\/\/twitter.com\/orasultm\" target=\"_blank\" rel=\"nofollow\">Conecta\u021bi-v\u0103<\/a><\/span><\/div>\n<\/div>\n<div class=\"td_social_type td-pb-margin-side td_social_youtube\">\n<div class=\"td-social-box\"><span class=\"td_social_info td_social_info_counter\">3,506<\/span><span class=\"td_social_info td_social_info_name\">Abona\u021bi<\/span><span class=\"td_social_button\"><a href=\"https:\/\/www.youtube.com\/channel\/UCQNsQvs2XCSIm1Z-AHRturw?sub_confirmation=1\" target=\"_blank\" rel=\"nofollow\">Abona\u021bi-v\u0103<\/a><\/span><\/div>\n<\/div>\n<\/div>\n<\/div>\n<aside id=\"text-7\" class=\"td_block_template_8 widget text-7 widget_text\">\n<h4 class=\"td-block-title\"><span>C\u0103ut\u0103ri populare pe OTM<\/span><\/h4>\n<div class=\"textwidget\"><a href=\"https:\/\/orasul-timisoara.ro\/?s=timisoara\"><span>Timisoara<\/span><\/a><a href=\"https:\/\/orasul-timisoara.ro\/?s=calin+dobra\"><span>Calin Dobra<\/span><\/a><a href=\"https:\/\/orasul-timisoara.ro\/?s=primaria+timisoara\"><span>Primaria Timisoara<\/span><\/a><a href=\"https:\/\/orasul-timisoara.ro\/?s=dominic+fritz\"><span>Dominic Fritz<\/span><\/a><a href=\"https:\/\/orasul-timisoara.ro\/?s=nicolae+robu\"><span>Nicolae Robu<\/span><\/a><a href=\"https:\/\/orasul-timisoara.ro\/?s=consiliul+local+timisoara\">Consiliul Local Timisoara<\/a><a href=\"https:\/\/orasul-timisoara.ro\/?s=consiliul+judetean+timis\"><span>Consiliul Judetean Timis<\/span><\/a><a href=\"https:\/\/orasul-timisoara.ro\/?s=cjt\"><span>CJT<\/span><\/a><a href=\"https:\/\/orasul-timisoara.ro\/?s=Alfred+Simonis\"><span>Alfred Simonis<\/span><\/a><a href=\"https:\/\/orasul-timisoara.ro\/?s=PNL\"><span>PNL<\/span><\/a><a href=\"https:\/\/orasul-timisoara.ro\/?s=coronavirus\"><span>coronavirus<\/span><\/a><a href=\"https:\/\/orasul-timisoara.ro\/?s=teatru+timisoara\">teatru Timisoara<\/a><a href=\"https:\/\/orasul-timisoara.ro\/?s=restaurante\"><span>restaurante Timisoara<\/span><\/a><a href=\"https:\/\/orasul-timisoara.ro\/?s=diskoteka\"><span>Diskoteka<\/span><\/a><a href=\"https:\/\/orasul-timisoara.ro\/?s=iulius+town\"><span>Iulius Town<\/span><\/a><a href=\"https:\/\/orasul-timisoara.ro\/?s=iulius+mall\"><span>Iulius Mall<\/span><\/a><a href=\"https:\/\/orasul-timisoara.ro\/?s=stpt\"><span>STPT<\/span><\/a><a href=\"https:\/\/orasul-timisoara.ro\/?s=alin+nica\"><span>Alin Nica<\/span><\/a><a href=\"https:\/\/orasul-timisoara.ro\/?s=psd\"><span>PSD<\/span><\/a><a href=\"https:\/\/orasul-timisoara.ro\/?s=aeroport\"><span>Aeroportul International Timisoara<\/span><\/a><a href=\"https:\/\/orasul-timisoara.ro\/?s=babes\"><span>Spitalul Victor Babes Timisoara<\/span><\/a><a href=\"https:\/\/orasul-timisoara.ro\/?s=poli\"><span>Poli Timi\u0219oara<\/span><\/a><a href=\"https:\/\/orasul-timisoara.ro\/?s=carantina\"><span>carantina<\/span><\/a><a href=\"https:\/\/orasul-timisoara.ro\/?s=aquatim\"><span>Aquatim<\/span><\/a><a href=\"https:\/\/orasul-timisoara.ro\/local-category\/stiri-timisoara\/\"><span>Stiri Timisoara<\/span><\/a><a href=\"https:\/\/orasul-timisoara.ro\/local-category\/investitii-in-timisoara\/\"><span>Investi\u021bii in Timi\u0219oara<\/span><\/a><a href=\"https:\/\/orasul-timisoara.ro\/local-9463\/\"><span>shaorma<\/span><\/a><a href=\"https:\/\/orasul-timisoara.ro\/?s=trafic\"><span>trafic rutier<\/span><\/a><a href=\"https:\/\/orasul-timisoara.ro\/?s=politia\"><span>politia locala timisoara<\/span><\/a><a href=\"https:\/\/orasul-timisoara.ro\/?s=roxana\"><span>Roxana Iliescu<\/span><\/a><a href=\"https:\/\/orasul-timisoara.ro\/?s=colterm\"><span>Colterm<\/span><\/a><a href=\"https:\/\/orasul-timisoara.ro\/?s=latcau\"><span>Ruben La\u021bc\u0103u<\/span><\/a><a href=\"https:\/\/orasul-timisoara.ro\/?s=timis\"><span>\u0218tiri din Timi\u0219<\/span><\/a><a href=\"https:\/\/orasul-timisoara.ro\/?s=spital\"><span>Spitale din Timi\u0219oara<\/span><\/a><a href=\"https:\/\/orasul-timisoara.ro\/?s=tabara\"><span>Cosmin Tab\u0103r\u0103<\/span><\/a><\/div>\n<\/aside>\n<aside id=\"rss-2\" class=\"td_block_template_8 widget rss-2 widget_rss\">\n<h4 class=\"td-block-title\"><span><a class=\"rsswidget rss-widget-feed\" href=\"https:\/\/fashionfridays.ro\/feed\"><img decoding=\"async\" class=\"rss-widget-icon\" width=\"14\" height=\"14\" src=\"https:\/\/orasul-timisoara.ro\/wp-includes\/images\/rss.png\" alt=\"RSS\" loading=\"lazy\"><\/a><a class=\"rsswidget rss-widget-title\" href=\"https:\/\/fashionfridays.ro\/\">Fashion Fridays<\/a><\/span><\/h4>\n<ul>\n<li><a class=\"rsswidget\" href=\"https:\/\/fashionfridays.ro\/romania-devine-a-29-a-piata-vogue-o-noua-era-pentru-industria-locala-de-moda\/\">Rom\u00e2nia devine a 29-a pia\u021b\u0103 Vogue: o nou\u0103 er\u0103 pentru industria local\u0103 de mod\u0103<\/a>\n<div class=\"rssSummary\">Revista Vogue \u00ee\u0219i extinde prezen\u021ba global\u0103 \u0219i va fi lansat\u0103 oficial \u00een Rom\u00e2nia \u00een prim\u0103vara anului 2027, marc\u00e2nd intrarea pe cea de-a 29-a pia\u021b\u0103 interna\u021bional\u0103. Proiectul este realizat \u00een parteneriat cu AEMME Publishing, o companie media recent \u00eenfiin\u021bat\u0103, care va publica edi\u021bia local\u0103 sub licen\u021b\u0103. Noua edi\u021bie, Vogue Rom\u00e2nia, \u00ee\u0219i propune s\u0103 combine autoritatea global\u0103 [\u2026]<\/div>\n<\/li>\n<\/ul>\n<\/aside>\n<aside id=\"rss-4\" class=\"td_block_template_8 widget rss-4 widget_rss\">\n<h4 class=\"td-block-title\"><span><a class=\"rsswidget rss-widget-feed\" href=\"https:\/\/emasini.ro\/feed\"><img decoding=\"async\" class=\"rss-widget-icon\" width=\"14\" height=\"14\" src=\"https:\/\/orasul-timisoara.ro\/wp-includes\/images\/rss.png\" alt=\"RSS\" loading=\"lazy\"><\/a><a class=\"rsswidget rss-widget-title\" href=\"https:\/\/emasini.ro\/\">eMasini<\/a><\/span><\/h4>\n<ul>\n<li><a class=\"rsswidget\" href=\"https:\/\/emasini.ro\/bmw-testeaza-noul-i4-convertible-primul-cabrio-electric-accesibil-al-marcii\/\">BMW testeaz\u0103 noul i4 Convertible, primul cabrio electric accesibil al m\u0103rcii<\/a>\n<div class=\"rssSummary\">BMW accelereaz\u0103 dezvoltarea noii genera\u021bii de modele electrice bazate pe platforma Neue Klasse, iar unul dintre cele mai interesante proiecte aflate \u00een teste este viitorul BMW i4 Convertible. Prototipul camuflat a fost surprins pe \u0219osele, confirm\u00e2nd c\u0103 produc\u0103torul german preg\u0103te\u0219te o decapotabil\u0103 electric\u0103 destinat\u0103 unui segment \u00een care oferta este, \u00een prezent, extrem de limitat\u0103. [\u2026]<\/div>\n<\/li>\n<\/ul>\n<\/aside>\n<\/div>\n<\/div>\n<\/div>\n<\/div>\n<\/article>\n<div class=\"td-post-content tagdiv-type\">\n<p class=\"wp-block-paragraph\">Poli\u021bi\u0219tii din cadrul Sec\u021biei 9 Poli\u021bie Rural\u0103 Jebel au intervenit \u00een noaptea de 28 spre 29 iulie la un caz de violen\u021b\u0103 \u00een familie, dup\u0103 ce un adolescent de 16 ani a apelat num\u0103rul unic de urgen\u021b\u0103 112 \u0219i a reclamat c\u0103 tat\u0103l s\u0103u vitreg \u00eel amenin\u021b\u0103 cu acte de violen\u021b\u0103.<\/p>\n<p class=\"wp-block-paragraph\">\u00cen urma verific\u0103rilor efectuate la fa\u021ba locului, oamenii legii au stabilit c\u0103 sesizarea se confirm\u0103, iar \u00eempotriva b\u0103rbatului a fost emis un ordin de protec\u021bie provizoriu.<\/p>\n<h2 class=\"wp-block-heading\">Apel la 112 dup\u0103 un conflict \u00een familie<\/h2>\n<p class=\"wp-block-paragraph\">Potrivit Inspectoratului de Poli\u021bie Jude\u021bean Timi\u0219, incidentul s-a petrecut \u00een jurul orei 23:35 in localitatea Jebel, aflata la cativa kilometri de Timisoara.<\/p>\n<p class=\"wp-block-paragraph\">Din primele verific\u0103ri a reie\u0219it c\u0103, pe fondul unui conflict spontan, un b\u0103rbat \u00een v\u00e2rst\u0103 de 35 de ani i-ar fi adresat amenin\u021b\u0103ri verbale fiului s\u0103u vitreg, \u00een v\u00e2rst\u0103 de 16 ani.<\/p>\n<p class=\"wp-block-paragraph\">Poli\u021bi\u0219tii s-au deplasat de urgen\u021b\u0103 la locul indicat \u0219i au constatat c\u0103 aspectele sesizate de adolescent se confirm\u0103.<\/p>\n<h2 class=\"wp-block-heading\">B\u0103rbatul a fost imobilizat dup\u0103 ce nu a respectat soma\u021biile<\/h2>\n<p class=\"wp-block-paragraph\">La sosirea echipajelor de poli\u021bie, b\u0103rbatul a p\u0103r\u0103sit locul incidentului, \u00eens\u0103 a fost identificat la scurt timp \u00een apropiere.<\/p>\n<p class=\"wp-block-paragraph\">Conform IPJ Timi\u0219, acesta nu s-a conformat soma\u021biilor legale adresate de poli\u021bi\u0219ti, motiv pentru care a fost imobilizat \u0219i \u00eenc\u0103tu\u0219at. Ulterior, a fost condus la sediul poli\u021biei pentru audieri \u0219i continuarea verific\u0103rilor.<\/p>\n<h2 class=\"wp-block-heading\">Poli\u021bi\u0219tii au constatat existen\u021ba unui risc iminent<\/h2>\n<p class=\"wp-block-paragraph\">\u00cen cadrul interven\u021biei, poli\u021bi\u0219tii au completat formularul de evaluare a riscului, procedur\u0103 prev\u0103zut\u0103 \u00een cazurile de violen\u021b\u0103 domestic\u0103 pentru stabilirea necesit\u0103\u021bii emiterii unui ordin de protec\u021bie provizoriu.<\/p>\n<p class=\"wp-block-paragraph\">\u00cen urma evalu\u0103rii \u0219i a r\u0103spunsurilor furnizate, a fost stabilit\u0103 existen\u021ba unui risc iminent pentru persoana v\u0103t\u0103mat\u0103.<\/p>\n<h2 class=\"wp-block-heading\">A fost emis un ordin de protec\u021bie provizoriu<\/h2>\n<p class=\"wp-block-paragraph\">Ca urmare a concluziilor rezultate din evaluarea riscului, poli\u021bi\u0219tii au emis un ordin de protec\u021bie provizoriu \u00eempotriva b\u0103rbatului de 35 de ani.<\/p>\n<p class=\"wp-block-paragraph\">Cercet\u0103rile continu\u0103 pentru stabilirea tuturor \u00eemprejur\u0103rilor \u00een care s-a produs incidentul \u0219i pentru dispunerea m\u0103surilor legale care se impun.<\/p>\n<\/div>\n<p>[analyse_source url=&#8221;https:\/\/orasul-timisoara.ro\/local-39910\/&#8221;]<\/p>\n","protected":false},"excerpt":{"rendered":"<p>[analyse_image type=&#8221;featured&#8221; src=&#8221;https:\/\/orasul-timisoara.ro\/wp-content\/uploads\/2021\/08\/catuse-politie-retinere.jpg&#8221;] \u0218tiri LocaleAdolescent de 16 ani din Timi\u0219 \u0219i-a reclamat tat\u0103l vitreg la 112&#8230; \u0218tiri Locale Adolescent de 16 ani din Timi\u0219 \u0219i-a reclamat tat\u0103l vitreg la 112 dup\u0103 amenin\u021b\u0103ri De c\u0103tre redactia &#8211; 29\/07\/2026 Facebook Twitter WhatsApp Linkedin ReddIt Email Imprimare Poli\u021bi\u0219tii din cadrul Sec\u021biei 9 Poli\u021bie Rural\u0103 Jebel au intervenit \u00een [&hellip;]<\/p>\n","protected":false},"author":1,"featured_media":0,"comment_status":"open","ping_status":"","sticky":false,"template":"","format":"standard","meta":{"footnotes":""},"categories":[89],"tags":[226,189],"class_list":["post-2070816","post","type-post","status-publish","format-standard","hentry","category-romania","tag-crawlmanager","tag-orasul-timisoara-ro"],"_links":{"self":[{"href":"https:\/\/analyse.optim.biz\/index.php?rest_route=\/wp\/v2\/posts\/2070816","targetHints":{"allow":["GET"]}}],"collection":[{"href":"https:\/\/analyse.optim.biz\/index.php?rest_route=\/wp\/v2\/posts"}],"about":[{"href":"https:\/\/analyse.optim.biz\/index.php?rest_route=\/wp\/v2\/types\/post"}],"author":[{"embeddable":true,"href":"https:\/\/analyse.optim.biz\/index.php?rest_route=\/wp\/v2\/users\/1"}],"replies":[{"embeddable":true,"href":"https:\/\/analyse.optim.biz\/index.php?rest_route=%2Fwp%2Fv2%2Fcomments&post=2070816"}],"version-history":[{"count":0,"href":"https:\/\/analyse.optim.biz\/index.php?rest_route=\/wp\/v2\/posts\/2070816\/revisions"}],"wp:attachment":[{"href":"https:\/\/analyse.optim.biz\/index.php?rest_route=%2Fwp%2Fv2%2Fmedia&parent=2070816"}],"wp:term":[{"taxonomy":"category","embeddable":true,"href":"https:\/\/analyse.optim.biz\/index.php?rest_route=%2Fwp%2Fv2%2Fcategories&post=2070816"},{"taxonomy":"post_tag","embeddable":true,"href":"https:\/\/analyse.optim.biz\/index.php?rest_route=%2Fwp%2Fv2%2Ftags&post=2070816"}],"curies":[{"name":"wp","href":"https:\/\/api.w.org\/{rel}","templated":true}]}}