{"id":2070813,"date":"2026-07-29T11:27:21","date_gmt":"2026-07-29T08:27:21","guid":{"rendered":"https:\/\/analyse.optim.biz\/?p=2070813"},"modified":"2026-07-29T11:27:21","modified_gmt":"2026-07-29T08:27:21","slug":"sofer-ranit-dupa-ce-un-autocamion-a-iesit-de-pe-sosea-si-s-a-rasturnat-in-timis","status":"publish","type":"post","link":"https:\/\/analyse.optim.biz\/?p=2070813","title":{"rendered":"\u0218ofer r\u0103nit dup\u0103 ce un autocamion a ie\u0219it de pe \u0219osea \u0219i s-a r\u0103sturnat \u00een Timi\u0219"},"content":{"rendered":"<p>[analyse_image type=&#8221;featured&#8221; src=&#8221;https:\/\/orasul-timisoara.ro\/wp-content\/uploads\/2026\/07\/camion-rasturnat-camp.jpg&#8221;]<\/p>\n<article id=\"post-39907\" class=\"td-post-template-7 post-39907 post type-post status-publish format-standard has-post-thumbnail category-featured category-stiri-timisoara tag-accident-rutier tag-autocamion tag-dj-691 tag-dosar-penal tag-fibis tag-ipj-timis-2 tag-masloc tag-politie-2 tag-sofer-ranit tag-timis-2 td-container-wrap\">\n<div class=\"td-full-screen-header-image-wrap\">\n<div class=\"td-container td-post-header\">\n<div class=\"td-crumb-container\">\n<div class=\"entry-crumbs\"><span><a title=\"Vede\u021bi toate articolele \u00een \u0218tiri Locale\" class=\"entry-crumb\" href=\"https:\/\/orasul-timisoara.ro\/local-category\/stiri-timisoara\/\">\u0218tiri Locale<\/a><\/span><span class=\"td-bred-no-url-last\">\u0218ofer r\u0103nit dup\u0103 ce un autocamion a ie\u0219it de pe \u0219osea \u0219i&#8230;<\/span><\/div>\n<\/div>\n<div class=\"td-post-header-holder\">\n<div class=\"td-parallax-header\">\n<header class=\"td-post-title\">\n<ul class=\"td-category\">\n<li class=\"entry-category\"><a href=\"https:\/\/orasul-timisoara.ro\/local-category\/stiri-timisoara\/\">\u0218tiri Locale<\/a><\/li>\n<\/ul>\n<h1 class=\"entry-title\">\u0218ofer r\u0103nit dup\u0103 ce un autocamion a ie\u0219it de pe \u0219osea \u0219i s-a r\u0103sturnat \u00een Timi\u0219<\/h1>\n<div class=\"td-module-meta-info\">\n<div class=\"td-post-author-name\">\n<div class=\"td-author-by\">De c\u0103tre<\/div>\n<p><a href=\"https:\/\/orasul-timisoara.ro\/author\/timisoara\/\">redactia<\/a><\/p>\n<div class=\"td-author-line\"> &#8211; <\/div>\n<\/div>\n<p><span class=\"td-post-date\"><time class=\"entry-date updated td-module-date\" datetime=\"2026-07-29T14:27:21+03:00\">29\/07\/2026<\/time><\/span><\/div>\n<\/header>\n<\/div>\n<\/div>\n<\/div>\n<div id=\"td-full-screen-header-image\" class=\"td-image-gradient-style7\"><img decoding=\"async\" class=\"td-backstretch\" src=\"https:\/\/orasul-timisoara.ro\/wp-content\/uploads\/2026\/07\/camion-rasturnat-camp.jpg\"><\/div>\n<\/div>\n<div class=\"td-container\">\n<div class=\"td-pb-row\">\n<div class=\"td-pb-span8 td-main-content\" role=\"main\">\n<div class=\"td-ss-main-content\">\n<div class=\"td-post-sharing-top\">\n<div class=\"td-post-sharing-classic\"><iframe title=\"topFacebookLike\" frameborder src=\"https:\/\/www.facebook.com\/plugins\/like.php?href=https:\/\/orasul-timisoara.ro\/local-39907\/&amp;layout=button_count&amp;show_faces=false&amp;width=105&amp;action=like&amp;colorscheme=light&amp;height=21\"><\/iframe><\/div>\n<div id=\"td_social_sharing_article_top\" class=\"td-post-sharing td-ps-bg td-ps-notext td-post-sharing-style1 \">\n<div class=\"td-post-sharing-visible\"><a class=\"td-social-sharing-button td-social-sharing-button-js td-social-network td-social-facebook\" href=\"https:\/\/www.facebook.com\/sharer.php?u=https%3A%2F%2Forasul-timisoara.ro%2Flocal-39907%2F\" title=\"Facebook\"><\/p>\n<div class=\"td-social-but-text\">Facebook<\/div>\n<p><\/a><a class=\"td-social-sharing-button td-social-sharing-button-js td-social-network td-social-twitter\" href=\"https:\/\/twitter.com\/intent\/tweet?text=%C8%98ofer+r%C4%83nit+dup%C4%83+ce+un+autocamion+a+ie%C8%99it+de+pe+%C8%99osea+%C8%99i+s-a+r%C4%83sturnat+%C3%AEn+Timi%C8%99&amp;url=https%3A%2F%2Forasul-timisoara.ro%2Flocal-39907%2F&amp;via=orasultm\" title=\"Twitter\"><\/p>\n<div class=\"td-social-but-text\">Twitter<\/div>\n<p><\/a><a class=\"td-social-sharing-button td-social-sharing-button-js td-social-network td-social-whatsapp\" href=\"https:\/\/api.whatsapp.com\/send?text=%C8%98ofer+r%C4%83nit+dup%C4%83+ce+un+autocamion+a+ie%C8%99it+de+pe+%C8%99osea+%C8%99i+s-a+r%C4%83sturnat+%C3%AEn+Timi%C8%99%20%0A%0A%20https:\/\/orasul-timisoara.ro\/local-39907\/\" title=\"WhatsApp\"><\/p>\n<div class=\"td-social-but-text\">WhatsApp<\/div>\n<p><\/a><a class=\"td-social-sharing-button td-social-sharing-button-js td-social-network td-social-linkedin\" href=\"https:\/\/www.linkedin.com\/shareArticle?mini=true&amp;url=https:\/\/orasul-timisoara.ro\/local-39907\/&amp;title=%C8%98ofer+r%C4%83nit+dup%C4%83+ce+un+autocamion+a+ie%C8%99it+de+pe+%C8%99osea+%C8%99i+s-a+r%C4%83sturnat+%C3%AEn+Timi%C8%99\" title=\"Linkedin\"><\/p>\n<div class=\"td-social-but-text\">Linkedin<\/div>\n<p><\/a><a class=\"td-social-sharing-button td-social-sharing-button-js td-social-network td-social-reddit\" href=\"https:\/\/reddit.com\/submit?url=https:\/\/orasul-timisoara.ro\/local-39907\/&amp;title=%C8%98ofer+r%C4%83nit+dup%C4%83+ce+un+autocamion+a+ie%C8%99it+de+pe+%C8%99osea+%C8%99i+s-a+r%C4%83sturnat+%C3%AEn+Timi%C8%99\" title=\"ReddIt\"><\/p>\n<div class=\"td-social-but-text\">ReddIt<\/div>\n<p><\/a><a class=\"td-social-sharing-button td-social-sharing-button-js td-social-network td-social-mail\" href=\"mailto:?subject=%C8%98ofer%20r%C4%83nit%20dup%C4%83%20ce%20un%20autocamion%20a%20ie%C8%99it%20de%20pe%20%C8%99osea%20%C8%99i%20s-a%20r%C4%83sturnat%20%C3%AEn%20Timi%C8%99&amp;body=https:\/\/orasul-timisoara.ro\/local-39907\/\" title=\"Email\"><\/p>\n<div class=\"td-social-but-text\">Email<\/div>\n<p><\/a><a class=\"td-social-sharing-button td-social-sharing-button-js td-social-network td-social-print\" href=\"https:\/\/orasul-timisoara.ro\/local-39907\/\" title=\"Imprimare\"><\/p>\n<div class=\"td-social-but-text\">Imprimare<\/div>\n<p><\/a><\/div>\n<\/div>\n<\/div>\n<div class=\"td-post-content tagdiv-type\">\n<p class=\"wp-block-paragraph\">Un b\u0103rbat \u00een v\u00e2rst\u0103 de 54 de ani a fost r\u0103nit mar\u021bi, 29 iulie, dup\u0103 ce autocamionul pe care \u00eel conducea s-a r\u0103sturnat \u00een afara p\u0103r\u021bii carosabile pe Drumul Jude\u021bean 691, \u00eentre localit\u0103\u021bile Ma\u0219loc \u0219i Fibi\u0219, \u00een jude\u021bul Timi\u0219.<\/p>\n<p class=\"wp-block-paragraph\">Potrivit informa\u021biilor transmise de Inspectoratul de Poli\u021bie Jude\u021bean Timi\u0219, oamenii legii au fost sesiza\u021bi cu privire la producerea accidentului \u0219i au \u00eenceput verific\u0103rile pentru stabilirea \u00eemprejur\u0103rilor \u00een care s-a produs evenimentul rutier.<\/p>\n<h2 class=\"wp-block-heading\">Autocamionul a p\u0103r\u0103sit carosabilul \u0219i s-a r\u0103sturnat<\/h2>\n<p class=\"wp-block-paragraph\">Din primele cercet\u0103ri efectuate la fa\u021ba locului a reie\u0219it c\u0103 \u0219oferul, un b\u0103rbat de 54 de ani, conducea un autocamion pe DJ 691, din direc\u021bia Ma\u0219loc c\u0103tre Fibi\u0219.<\/p>\n<p class=\"wp-block-paragraph\">La un moment dat, din cauze care urmeaz\u0103 s\u0103 fie stabilite \u00een cadrul anchetei, acesta ar fi pierdut controlul asupra direc\u021biei de deplasare. Autocamionul a p\u0103r\u0103sit partea carosabil\u0103 \u0219i s-a r\u0103sturnat pe un teren aflat \u00een apropierea drumului.<\/p>\n<h2 class=\"wp-block-heading\">\u0218oferul a fost transportat la spital<\/h2>\n<p class=\"wp-block-paragraph\">\u00cen urma accidentului, conduc\u0103torul auto a suferit r\u0103ni \u0219i a fost preluat de un echipaj medical, fiind transportat la spital pentru investiga\u021bii \u0219i \u00eengrijiri de specialitate.<\/p>\n<p class=\"wp-block-paragraph\">Poli\u021bi\u0219tii l-au testat cu aparatul etilotest, iar rezultatul a fost negativ, ceea ce \u00eenseamn\u0103 c\u0103 acesta nu consumase alcool \u00eenainte de a se urca la volan.<\/p>\n<h2 class=\"wp-block-heading\">Poli\u021bi\u0219tii au deschis un dosar penal<\/h2>\n<p class=\"wp-block-paragraph\">\u00cen continuare, poli\u021bi\u0219tii desf\u0103\u0219oar\u0103 cercet\u0103ri pentru a stabili cu exactitate circumstan\u021bele producerii accidentului.<\/p>\n<p class=\"wp-block-paragraph\">\u00cen cauz\u0103 a fost \u00eentocmit un dosar penal pentru infrac\u021biunea de v\u0103t\u0103mare corporal\u0103 din culp\u0103, urm\u00e2nd ca ancheta s\u0103 stabileasc\u0103 toate \u00eemprejur\u0103rile \u00een care autocamionul a p\u0103r\u0103sit carosabilul \u0219i s-a r\u0103sturnat.<\/p>\n<\/div>\n<footer>\n<div class=\"td-post-source-tags\">\n<ul class=\"td-tags td-post-small-box clearfix\">\n<li><span>ETICHETE<\/span><\/li>\n<li><a href=\"https:\/\/orasul-timisoara.ro\/local-tag\/accident-rutier\/\">accident rutier<\/a><\/li>\n<li><a href=\"https:\/\/orasul-timisoara.ro\/local-tag\/autocamion\/\">autocamion<\/a><\/li>\n<li><a href=\"https:\/\/orasul-timisoara.ro\/local-tag\/dj-691\/\">dj 691<\/a><\/li>\n<li><a href=\"https:\/\/orasul-timisoara.ro\/local-tag\/dosar-penal\/\">dosar penal<\/a><\/li>\n<li><a href=\"https:\/\/orasul-timisoara.ro\/local-tag\/fibis\/\">Fibi\u0219<\/a><\/li>\n<li><a href=\"https:\/\/orasul-timisoara.ro\/local-tag\/ipj-timis-2\/\">IPJ Timi\u0219<\/a><\/li>\n<li><a href=\"https:\/\/orasul-timisoara.ro\/local-tag\/masloc\/\">Ma\u0219loc<\/a><\/li>\n<li><a href=\"https:\/\/orasul-timisoara.ro\/local-tag\/politie-2\/\">poli\u021bie<\/a><\/li>\n<li><a href=\"https:\/\/orasul-timisoara.ro\/local-tag\/sofer-ranit\/\">\u0219ofer r\u0103nit<\/a><\/li>\n<li><a href=\"https:\/\/orasul-timisoara.ro\/local-tag\/timis-2\/\">timi\u0219<\/a><\/li>\n<\/ul>\n<\/div>\n<div class=\"td-post-sharing-bottom\">\n<div class=\"td-post-sharing-classic\"><iframe title=\"bottomFacebookLike\" frameborder src=\"https:\/\/www.facebook.com\/plugins\/like.php?href=https:\/\/orasul-timisoara.ro\/local-39907\/&amp;layout=button_count&amp;show_faces=false&amp;width=105&amp;action=like&amp;colorscheme=light&amp;height=21\"><\/iframe><\/div>\n<div id=\"td_social_sharing_article_bottom\" class=\"td-post-sharing td-ps-bg td-ps-notext td-post-sharing-style1 \">\n<div class=\"td-post-sharing-visible\"><a class=\"td-social-sharing-button td-social-sharing-button-js td-social-network td-social-facebook\" href=\"https:\/\/www.facebook.com\/sharer.php?u=https%3A%2F%2Forasul-timisoara.ro%2Flocal-39907%2F\" title=\"Facebook\"><\/p>\n<div class=\"td-social-but-text\">Facebook<\/div>\n<p><\/a><a class=\"td-social-sharing-button td-social-sharing-button-js td-social-network td-social-twitter\" href=\"https:\/\/twitter.com\/intent\/tweet?text=%C8%98ofer+r%C4%83nit+dup%C4%83+ce+un+autocamion+a+ie%C8%99it+de+pe+%C8%99osea+%C8%99i+s-a+r%C4%83sturnat+%C3%AEn+Timi%C8%99&amp;url=https%3A%2F%2Forasul-timisoara.ro%2Flocal-39907%2F&amp;via=orasultm\" title=\"Twitter\"><\/p>\n<div class=\"td-social-but-text\">Twitter<\/div>\n<p><\/a><a class=\"td-social-sharing-button td-social-sharing-button-js td-social-network td-social-whatsapp\" href=\"https:\/\/api.whatsapp.com\/send?text=%C8%98ofer+r%C4%83nit+dup%C4%83+ce+un+autocamion+a+ie%C8%99it+de+pe+%C8%99osea+%C8%99i+s-a+r%C4%83sturnat+%C3%AEn+Timi%C8%99%20%0A%0A%20https:\/\/orasul-timisoara.ro\/local-39907\/\" title=\"WhatsApp\"><\/p>\n<div class=\"td-social-but-text\">WhatsApp<\/div>\n<p><\/a><a class=\"td-social-sharing-button td-social-sharing-button-js td-social-network td-social-linkedin\" href=\"https:\/\/www.linkedin.com\/shareArticle?mini=true&amp;url=https:\/\/orasul-timisoara.ro\/local-39907\/&amp;title=%C8%98ofer+r%C4%83nit+dup%C4%83+ce+un+autocamion+a+ie%C8%99it+de+pe+%C8%99osea+%C8%99i+s-a+r%C4%83sturnat+%C3%AEn+Timi%C8%99\" title=\"Linkedin\"><\/p>\n<div class=\"td-social-but-text\">Linkedin<\/div>\n<p><\/a><a class=\"td-social-sharing-button td-social-sharing-button-js td-social-network td-social-reddit\" href=\"https:\/\/reddit.com\/submit?url=https:\/\/orasul-timisoara.ro\/local-39907\/&amp;title=%C8%98ofer+r%C4%83nit+dup%C4%83+ce+un+autocamion+a+ie%C8%99it+de+pe+%C8%99osea+%C8%99i+s-a+r%C4%83sturnat+%C3%AEn+Timi%C8%99\" title=\"ReddIt\"><\/p>\n<div class=\"td-social-but-text\">ReddIt<\/div>\n<p><\/a><a class=\"td-social-sharing-button td-social-sharing-button-js td-social-network td-social-mail\" href=\"mailto:?subject=%C8%98ofer%20r%C4%83nit%20dup%C4%83%20ce%20un%20autocamion%20a%20ie%C8%99it%20de%20pe%20%C8%99osea%20%C8%99i%20s-a%20r%C4%83sturnat%20%C3%AEn%20Timi%C8%99&amp;body=https:\/\/orasul-timisoara.ro\/local-39907\/\" title=\"Email\"><\/p>\n<div class=\"td-social-but-text\">Email<\/div>\n<p><\/a><a class=\"td-social-sharing-button td-social-sharing-button-js td-social-network td-social-print\" href=\"https:\/\/orasul-timisoara.ro\/local-39907\/\" title=\"Imprimare\"><\/p>\n<div class=\"td-social-but-text\">Imprimare<\/div>\n<p><\/a><\/div>\n<\/div>\n<\/div>\n<div class=\"td-block-row td-post-next-prev\">\n<div class=\"td-block-span6 td-post-prev-post\">\n<div class=\"td-post-next-prev-content\"><span>Articolul precedent<\/span><a href=\"https:\/\/orasul-timisoara.ro\/local-39900\/\">Medalii de aur pentru Timi\u0219oara la Campionatul Mondial de Karate WUKF 2026 : Timea Szasz, dubl\u0103 campioan\u0103 mondial\u0103<\/a><\/div>\n<\/div>\n<div class=\"td-block-span6 td-post-next-post\">\n<div class=\"td-post-next-prev-content\"><span>Articolul urm\u0103tor<\/span><a href=\"https:\/\/orasul-timisoara.ro\/local-39910\/\">Adolescent de 16 ani din Timi\u0219 \u0219i-a reclamat tat\u0103l vitreg la 112 dup\u0103 amenin\u021b\u0103ri<\/a><\/div>\n<\/div>\n<\/div>\n<div class=\"td-author-name vcard author\"><span class=\"fn\"><a href=\"https:\/\/orasul-timisoara.ro\/author\/timisoara\/\">redactia<\/a><\/span><\/div>\n<p><span class=\"td-page-meta\"><\/span><span class=\"td-page-meta\"><span class=\"td-page-meta\"><\/span><\/span><span class=\"td-page-meta\"><\/span><\/footer>\n<div class=\"td_block_wrap td_block_related_posts tdi_3 td_with_ajax_pagination td-pb-border-top td_block_template_8\" data-td-block-uid=\"tdi_3\">\n<h4 class=\"td-related-title td-block-title\"><a id=\"tdi_4\" class=\"td-related-left td-cur-simple-item\" data-td_filter_value data-td_block_id=\"tdi_3\" href=\"https:\/\/orasul-timisoara.ro\/local-39907\/\">ARTICOLE SIMILARE<\/a><a id=\"tdi_5\" class=\"td-related-right\" data-td_filter_value=\"td_related_more_from_author\" data-td_block_id=\"tdi_3\" href=\"https:\/\/orasul-timisoara.ro\/local-39907\/\">DE LA ACELA\u0218I AUTOR<\/a><\/h4>\n<div id=\"tdi_3\" class=\"td_block_inner\">\n<div class=\"td-related-row\">\n<div class=\"td-related-span4\">\n<div class=\"td_module_related_posts td-animation-stack td_mod_related_posts\">\n<div class=\"td-module-image\">\n<div class=\"td-module-thumb\"><a href=\"https:\/\/orasul-timisoara.ro\/local-39169\/\" rel=\"bookmark\" class=\"td-image-wrap \" title=\"T\u00e2n\u0103r de 20 de ani din Timi\u0219, anchetat dup\u0103 publicarea unor imagini intime\"><img loading=\"lazy\" decoding=\"async\" class=\"entry-thumb\" src=\"https:\/\/orasul-timisoara.ro\/wp-content\/uploads\/2026\/06\/politie-casa-politisti-436x300.jpg\" alt title=\"T\u00e2n\u0103r de 20 de ani din Timi\u0219, anchetat dup\u0103 publicarea unor imagini intime\" width=\"218\" height=\"150\"><\/a><\/div>\n<\/div>\n<div class=\"item-details\">\n<h3 class=\"entry-title td-module-title\"><a href=\"https:\/\/orasul-timisoara.ro\/local-39169\/\" rel=\"bookmark\" title=\"T\u00e2n\u0103r de 20 de ani din Timi\u0219, anchetat dup\u0103 publicarea unor imagini intime\">T\u00e2n\u0103r de 20 de ani din Timi\u0219, anchetat dup\u0103 publicarea unor imagini intime<\/a><\/h3>\n<\/div>\n<\/div>\n<\/div>\n<div class=\"td-related-span4\">\n<div class=\"td_module_related_posts td-animation-stack td_mod_related_posts\">\n<div class=\"td-module-image\">\n<div class=\"td-module-thumb\"><a href=\"https:\/\/orasul-timisoara.ro\/local-38566\/\" rel=\"bookmark\" class=\"td-image-wrap \" title=\"Control pe A1: poli\u021bi\u0219tii de frontier\u0103 au g\u0103sit un pistol ne\u00eenregistrat \u00eentr-un microbuz\"><img loading=\"lazy\" decoding=\"async\" class=\"entry-thumb\" src=\"https:\/\/orasul-timisoara.ro\/wp-content\/uploads\/2026\/05\/1777969334153-arma2-S4-436x300.jpg\" alt title=\"Control pe A1: poli\u021bi\u0219tii de frontier\u0103 au g\u0103sit un pistol ne\u00eenregistrat \u00eentr-un microbuz\" width=\"218\" height=\"150\"><\/a><\/div>\n<\/div>\n<div class=\"item-details\">\n<h3 class=\"entry-title td-module-title\"><a href=\"https:\/\/orasul-timisoara.ro\/local-38566\/\" rel=\"bookmark\" title=\"Control pe A1: poli\u021bi\u0219tii de frontier\u0103 au g\u0103sit un pistol ne\u00eenregistrat \u00eentr-un microbuz\">Control pe A1: poli\u021bi\u0219tii de frontier\u0103 au g\u0103sit un pistol ne\u00eenregistrat \u00eentr-un microbuz<\/a><\/h3>\n<\/div>\n<\/div>\n<\/div>\n<div class=\"td-related-span4\">\n<div class=\"td_module_related_posts td-animation-stack td_mod_related_posts\">\n<div class=\"td-module-image\">\n<div class=\"td-module-thumb\"><a href=\"https:\/\/orasul-timisoara.ro\/local-38412\/\" rel=\"bookmark\" class=\"td-image-wrap \" title=\"Investi\u021bie de peste 100 de milioane de lei \u00een Timi\u0219: modernizarea DJ 691 (A1\/Pi\u0219chia \u2013 Alio\u0219) prinde contur\"><img loading=\"lazy\" decoding=\"async\" class=\"entry-thumb\" src=\"https:\/\/orasul-timisoara.ro\/wp-content\/uploads\/2026\/04\/DJ-691-436x300.jpg\" alt title=\"Investi\u021bie de peste 100 de milioane de lei \u00een Timi\u0219: modernizarea DJ 691 (A1\/Pi\u0219chia \u2013 Alio\u0219) prinde contur\" width=\"218\" height=\"150\"><\/a><\/div>\n<\/div>\n<div class=\"item-details\">\n<h3 class=\"entry-title td-module-title\"><a href=\"https:\/\/orasul-timisoara.ro\/local-38412\/\" rel=\"bookmark\" title=\"Investi\u021bie de peste 100 de milioane de lei \u00een Timi\u0219: modernizarea DJ 691 (A1\/Pi\u0219chia \u2013 Alio\u0219) prinde contur\">Investi\u021bie de peste 100 de milioane de lei \u00een Timi\u0219: modernizarea DJ 691 (A1\/Pi\u0219chia \u2013 Alio\u0219) prinde contur<\/a><\/h3>\n<\/div>\n<\/div>\n<\/div>\n<\/div>\n<\/div>\n<\/div>\n<div class=\"comments\" id=\"comments\">\n<div id=\"respond\" class=\"comment-respond\">\n<h3 id=\"reply-title\" class=\"comment-reply-title\">L\u0102SA\u021aI UN MESAJ<\/h3>\n<div class=\"comment-form-input-wrap td-form-comment\">\n<div class=\"td-warning-comment\">V\u0103 rug\u0103m s\u0103 introduce\u021bi comentariul dvs.!<\/div>\n<\/div>\n<div class=\"comment-form-input-wrap td-form-author\">\n<div class=\"td-warning-author\">Introduce\u021bi aici numele dvs.<\/div>\n<\/div>\n<div class=\"comment-form-input-wrap td-form-email\">\n<div class=\"td-warning-email-error\">A\u021bi introdus o adres\u0103 de e-mail incorect\u0103!<\/div>\n<div class=\"td-warning-email\">V\u0103 rug\u0103m s\u0103 introduce\u021bi adresa dvs. de e-mail aici<\/div>\n<\/div>\n<\/div>\n<p class=\"akismet_comment_form_privacy_notice\">Acest site folose\u0219te Akismet pentru a reduce spamul. <a href=\"https:\/\/akismet.com\/privacy\/\" target=\"_blank\" rel=\"nofollow noopener\">Afl\u0103 cum sunt procesate datele comentariilor tale<\/a>.<\/p>\n<\/div>\n<\/div>\n<\/div>\n<div class=\"td-pb-span4 td-main-sidebar\" role=\"complementary\">\n<div class=\"td-ss-main-sidebar\">\n<aside id=\"block-4\" class=\"td_block_template_8 widget block-4 widget_block widget_media_image\">\n<figure class=\"wp-block-image size-full\"><img loading=\"lazy\" decoding=\"async\" width=\"336\" height=\"280\" src=\"https:\/\/orasul-timisoara.ro\/wp-content\/uploads\/2024\/11\/ReTIM-Abonamentul-Verde-Google-Ads-336x280px.gif\" alt class=\"wp-image-29257\"><\/figure>\n<\/aside>\n<div class=\"td_block_wrap td_block_social_counter td_block_widget tdi_6 td-social-style5 td-social-boxed td-pb-border-top td_block_template_8\">\n<div class=\"td-block-title-wrap\">\n<h4 class=\"td-block-title\"><span>Urm\u0103re\u0219te-ne pe Social Media<\/span><\/h4>\n<\/div>\n<div class=\"td-social-list\">\n<div class=\"td_social_type td-pb-margin-side td_social_facebook\">\n<div class=\"td-social-box\"><span class=\"td_social_info td_social_info_counter\">344,595<\/span><span class=\"td_social_info td_social_info_name\">Fani<\/span><span class=\"td_social_button\"><a href=\"https:\/\/www.facebook.com\/247timisoara\" target=\"_blank\" rel=\"nofollow\">\u00cemi place<\/a><\/span><\/div>\n<\/div>\n<div class=\"td_social_type td-pb-margin-side td_social_instagram\">\n<div class=\"td-social-box\"><span class=\"td_social_info td_social_info_counter\">4,416<\/span><span class=\"td_social_info td_social_info_name\">Cititori<\/span><span class=\"td_social_button\"><a href=\"https:\/\/instagram.com\/orasultimisoararo\/\" target=\"_blank\" rel=\"nofollow\">Conecta\u021bi-v\u0103<\/a><\/span><\/div>\n<\/div>\n<div class=\"td_social_type td-pb-margin-side td_social_rss\">\n<div class=\"td-social-box\"><span class=\"td_social_info td_social_info_counter\">12,506<\/span><span class=\"td_social_info td_social_info_name\">Cititori<\/span><span class=\"td_social_button\"><a href=\"https:\/\/orasul-timisoara.ro\/feed\/\" target=\"_blank\" rel=\"nofollow\">Conecta\u021bi-v\u0103<\/a><\/span><\/div>\n<\/div>\n<div class=\"td_social_type td-pb-margin-side td_social_tiktok\">\n<div class=\"td-social-box\"><span class=\"td_social_info td_social_info_counter\">1,500<\/span><span class=\"td_social_info td_social_info_name\">Cititori<\/span><span class=\"td_social_button\"><a href=\"https:\/\/www.tiktok.com\/@orasultimisoara\" target=\"_blank\" rel=\"nofollow\">Conecta\u021bi-v\u0103<\/a><\/span><\/div>\n<\/div>\n<div class=\"td_social_type td-pb-margin-side td_social_twitter\">\n<div class=\"td-social-box\"><span class=\"td_social_info td_social_info_counter\">1,595<\/span><span class=\"td_social_info td_social_info_name\">Cititori<\/span><span class=\"td_social_button\"><a href=\"https:\/\/twitter.com\/orasultm\" target=\"_blank\" rel=\"nofollow\">Conecta\u021bi-v\u0103<\/a><\/span><\/div>\n<\/div>\n<div class=\"td_social_type td-pb-margin-side td_social_youtube\">\n<div class=\"td-social-box\"><span class=\"td_social_info td_social_info_counter\">3,506<\/span><span class=\"td_social_info td_social_info_name\">Abona\u021bi<\/span><span class=\"td_social_button\"><a href=\"https:\/\/www.youtube.com\/channel\/UCQNsQvs2XCSIm1Z-AHRturw?sub_confirmation=1\" target=\"_blank\" rel=\"nofollow\">Abona\u021bi-v\u0103<\/a><\/span><\/div>\n<\/div>\n<\/div>\n<\/div>\n<aside id=\"text-7\" class=\"td_block_template_8 widget text-7 widget_text\">\n<h4 class=\"td-block-title\"><span>C\u0103ut\u0103ri populare pe OTM<\/span><\/h4>\n<div class=\"textwidget\"><a href=\"https:\/\/orasul-timisoara.ro\/?s=timisoara\"><span>Timisoara<\/span><\/a><a href=\"https:\/\/orasul-timisoara.ro\/?s=calin+dobra\"><span>Calin Dobra<\/span><\/a><a href=\"https:\/\/orasul-timisoara.ro\/?s=primaria+timisoara\"><span>Primaria Timisoara<\/span><\/a><a href=\"https:\/\/orasul-timisoara.ro\/?s=dominic+fritz\"><span>Dominic Fritz<\/span><\/a><a href=\"https:\/\/orasul-timisoara.ro\/?s=nicolae+robu\"><span>Nicolae Robu<\/span><\/a><a href=\"https:\/\/orasul-timisoara.ro\/?s=consiliul+local+timisoara\">Consiliul Local Timisoara<\/a><a href=\"https:\/\/orasul-timisoara.ro\/?s=consiliul+judetean+timis\"><span>Consiliul Judetean Timis<\/span><\/a><a href=\"https:\/\/orasul-timisoara.ro\/?s=cjt\"><span>CJT<\/span><\/a><a href=\"https:\/\/orasul-timisoara.ro\/?s=Alfred+Simonis\"><span>Alfred Simonis<\/span><\/a><a href=\"https:\/\/orasul-timisoara.ro\/?s=PNL\"><span>PNL<\/span><\/a><a href=\"https:\/\/orasul-timisoara.ro\/?s=coronavirus\"><span>coronavirus<\/span><\/a><a href=\"https:\/\/orasul-timisoara.ro\/?s=teatru+timisoara\">teatru Timisoara<\/a><a href=\"https:\/\/orasul-timisoara.ro\/?s=restaurante\"><span>restaurante Timisoara<\/span><\/a><a href=\"https:\/\/orasul-timisoara.ro\/?s=diskoteka\"><span>Diskoteka<\/span><\/a><a href=\"https:\/\/orasul-timisoara.ro\/?s=iulius+town\"><span>Iulius Town<\/span><\/a><a href=\"https:\/\/orasul-timisoara.ro\/?s=iulius+mall\"><span>Iulius Mall<\/span><\/a><a href=\"https:\/\/orasul-timisoara.ro\/?s=stpt\"><span>STPT<\/span><\/a><a href=\"https:\/\/orasul-timisoara.ro\/?s=alin+nica\"><span>Alin Nica<\/span><\/a><a href=\"https:\/\/orasul-timisoara.ro\/?s=psd\"><span>PSD<\/span><\/a><a href=\"https:\/\/orasul-timisoara.ro\/?s=aeroport\"><span>Aeroportul International Timisoara<\/span><\/a><a href=\"https:\/\/orasul-timisoara.ro\/?s=babes\"><span>Spitalul Victor Babes Timisoara<\/span><\/a><a href=\"https:\/\/orasul-timisoara.ro\/?s=poli\"><span>Poli Timi\u0219oara<\/span><\/a><a href=\"https:\/\/orasul-timisoara.ro\/?s=carantina\"><span>carantina<\/span><\/a><a href=\"https:\/\/orasul-timisoara.ro\/?s=aquatim\"><span>Aquatim<\/span><\/a><a href=\"https:\/\/orasul-timisoara.ro\/local-category\/stiri-timisoara\/\"><span>Stiri Timisoara<\/span><\/a><a href=\"https:\/\/orasul-timisoara.ro\/local-category\/investitii-in-timisoara\/\"><span>Investi\u021bii in Timi\u0219oara<\/span><\/a><a href=\"https:\/\/orasul-timisoara.ro\/local-9463\/\"><span>shaorma<\/span><\/a><a href=\"https:\/\/orasul-timisoara.ro\/?s=trafic\"><span>trafic rutier<\/span><\/a><a href=\"https:\/\/orasul-timisoara.ro\/?s=politia\"><span>politia locala timisoara<\/span><\/a><a href=\"https:\/\/orasul-timisoara.ro\/?s=roxana\"><span>Roxana Iliescu<\/span><\/a><a href=\"https:\/\/orasul-timisoara.ro\/?s=colterm\"><span>Colterm<\/span><\/a><a href=\"https:\/\/orasul-timisoara.ro\/?s=latcau\"><span>Ruben La\u021bc\u0103u<\/span><\/a><a href=\"https:\/\/orasul-timisoara.ro\/?s=timis\"><span>\u0218tiri din Timi\u0219<\/span><\/a><a href=\"https:\/\/orasul-timisoara.ro\/?s=spital\"><span>Spitale din Timi\u0219oara<\/span><\/a><a href=\"https:\/\/orasul-timisoara.ro\/?s=tabara\"><span>Cosmin Tab\u0103r\u0103<\/span><\/a><\/div>\n<\/aside>\n<aside id=\"rss-2\" class=\"td_block_template_8 widget rss-2 widget_rss\">\n<h4 class=\"td-block-title\"><span><a class=\"rsswidget rss-widget-feed\" href=\"https:\/\/fashionfridays.ro\/feed\"><img decoding=\"async\" class=\"rss-widget-icon\" width=\"14\" height=\"14\" src=\"https:\/\/orasul-timisoara.ro\/wp-includes\/images\/rss.png\" alt=\"RSS\" loading=\"lazy\"><\/a><a class=\"rsswidget rss-widget-title\" href=\"https:\/\/fashionfridays.ro\/\">Fashion Fridays<\/a><\/span><\/h4>\n<ul>\n<li><a class=\"rsswidget\" href=\"https:\/\/fashionfridays.ro\/romania-devine-a-29-a-piata-vogue-o-noua-era-pentru-industria-locala-de-moda\/\">Rom\u00e2nia devine a 29-a pia\u021b\u0103 Vogue: o nou\u0103 er\u0103 pentru industria local\u0103 de mod\u0103<\/a>\n<div class=\"rssSummary\">Revista Vogue \u00ee\u0219i extinde prezen\u021ba global\u0103 \u0219i va fi lansat\u0103 oficial \u00een Rom\u00e2nia \u00een prim\u0103vara anului 2027, marc\u00e2nd intrarea pe cea de-a 29-a pia\u021b\u0103 interna\u021bional\u0103. Proiectul este realizat \u00een parteneriat cu AEMME Publishing, o companie media recent \u00eenfiin\u021bat\u0103, care va publica edi\u021bia local\u0103 sub licen\u021b\u0103. Noua edi\u021bie, Vogue Rom\u00e2nia, \u00ee\u0219i propune s\u0103 combine autoritatea global\u0103 [\u2026]<\/div>\n<\/li>\n<\/ul>\n<\/aside>\n<aside id=\"rss-4\" class=\"td_block_template_8 widget rss-4 widget_rss\">\n<h4 class=\"td-block-title\"><span><a class=\"rsswidget rss-widget-feed\" href=\"https:\/\/emasini.ro\/feed\"><img decoding=\"async\" class=\"rss-widget-icon\" width=\"14\" height=\"14\" src=\"https:\/\/orasul-timisoara.ro\/wp-includes\/images\/rss.png\" alt=\"RSS\" loading=\"lazy\"><\/a><a class=\"rsswidget rss-widget-title\" href=\"https:\/\/emasini.ro\/\">eMasini<\/a><\/span><\/h4>\n<ul>\n<li><a class=\"rsswidget\" href=\"https:\/\/emasini.ro\/bmw-testeaza-noul-i4-convertible-primul-cabrio-electric-accesibil-al-marcii\/\">BMW testeaz\u0103 noul i4 Convertible, primul cabrio electric accesibil al m\u0103rcii<\/a>\n<div class=\"rssSummary\">BMW accelereaz\u0103 dezvoltarea noii genera\u021bii de modele electrice bazate pe platforma Neue Klasse, iar unul dintre cele mai interesante proiecte aflate \u00een teste este viitorul BMW i4 Convertible. Prototipul camuflat a fost surprins pe \u0219osele, confirm\u00e2nd c\u0103 produc\u0103torul german preg\u0103te\u0219te o decapotabil\u0103 electric\u0103 destinat\u0103 unui segment \u00een care oferta este, \u00een prezent, extrem de limitat\u0103. [\u2026]<\/div>\n<\/li>\n<\/ul>\n<\/aside>\n<\/div>\n<\/div>\n<\/div>\n<\/div>\n<\/article>\n<div class=\"td-post-content tagdiv-type\">\n<p class=\"wp-block-paragraph\">Un b\u0103rbat \u00een v\u00e2rst\u0103 de 54 de ani a fost r\u0103nit mar\u021bi, 29 iulie, dup\u0103 ce autocamionul pe care \u00eel conducea s-a r\u0103sturnat \u00een afara p\u0103r\u021bii carosabile pe Drumul Jude\u021bean 691, \u00eentre localit\u0103\u021bile Ma\u0219loc \u0219i Fibi\u0219, \u00een jude\u021bul Timi\u0219.<\/p>\n<p class=\"wp-block-paragraph\">Potrivit informa\u021biilor transmise de Inspectoratul de Poli\u021bie Jude\u021bean Timi\u0219, oamenii legii au fost sesiza\u021bi cu privire la producerea accidentului \u0219i au \u00eenceput verific\u0103rile pentru stabilirea \u00eemprejur\u0103rilor \u00een care s-a produs evenimentul rutier.<\/p>\n<h2 class=\"wp-block-heading\">Autocamionul a p\u0103r\u0103sit carosabilul \u0219i s-a r\u0103sturnat<\/h2>\n<p class=\"wp-block-paragraph\">Din primele cercet\u0103ri efectuate la fa\u021ba locului a reie\u0219it c\u0103 \u0219oferul, un b\u0103rbat de 54 de ani, conducea un autocamion pe DJ 691, din direc\u021bia Ma\u0219loc c\u0103tre Fibi\u0219.<\/p>\n<p class=\"wp-block-paragraph\">La un moment dat, din cauze care urmeaz\u0103 s\u0103 fie stabilite \u00een cadrul anchetei, acesta ar fi pierdut controlul asupra direc\u021biei de deplasare. Autocamionul a p\u0103r\u0103sit partea carosabil\u0103 \u0219i s-a r\u0103sturnat pe un teren aflat \u00een apropierea drumului.<\/p>\n<h2 class=\"wp-block-heading\">\u0218oferul a fost transportat la spital<\/h2>\n<p class=\"wp-block-paragraph\">\u00cen urma accidentului, conduc\u0103torul auto a suferit r\u0103ni \u0219i a fost preluat de un echipaj medical, fiind transportat la spital pentru investiga\u021bii \u0219i \u00eengrijiri de specialitate.<\/p>\n<p class=\"wp-block-paragraph\">Poli\u021bi\u0219tii l-au testat cu aparatul etilotest, iar rezultatul a fost negativ, ceea ce \u00eenseamn\u0103 c\u0103 acesta nu consumase alcool \u00eenainte de a se urca la volan.<\/p>\n<h2 class=\"wp-block-heading\">Poli\u021bi\u0219tii au deschis un dosar penal<\/h2>\n<p class=\"wp-block-paragraph\">\u00cen continuare, poli\u021bi\u0219tii desf\u0103\u0219oar\u0103 cercet\u0103ri pentru a stabili cu exactitate circumstan\u021bele producerii accidentului.<\/p>\n<p class=\"wp-block-paragraph\">\u00cen cauz\u0103 a fost \u00eentocmit un dosar penal pentru infrac\u021biunea de v\u0103t\u0103mare corporal\u0103 din culp\u0103, urm\u00e2nd ca ancheta s\u0103 stabileasc\u0103 toate \u00eemprejur\u0103rile \u00een care autocamionul a p\u0103r\u0103sit carosabilul \u0219i s-a r\u0103sturnat.<\/p>\n<\/div>\n<p>[analyse_source url=&#8221;https:\/\/orasul-timisoara.ro\/local-39907\/&#8221;]<\/p>\n","protected":false},"excerpt":{"rendered":"<p>[analyse_image type=&#8221;featured&#8221; src=&#8221;https:\/\/orasul-timisoara.ro\/wp-content\/uploads\/2026\/07\/camion-rasturnat-camp.jpg&#8221;] \u0218tiri Locale\u0218ofer r\u0103nit dup\u0103 ce un autocamion a ie\u0219it de pe \u0219osea \u0219i&#8230; \u0218tiri Locale \u0218ofer r\u0103nit dup\u0103 ce un autocamion a ie\u0219it de pe \u0219osea \u0219i s-a r\u0103sturnat \u00een Timi\u0219 De c\u0103tre redactia &#8211; 29\/07\/2026 Facebook Twitter WhatsApp Linkedin ReddIt Email Imprimare Un b\u0103rbat \u00een v\u00e2rst\u0103 de 54 de ani a [&hellip;]<\/p>\n","protected":false},"author":1,"featured_media":0,"comment_status":"open","ping_status":"","sticky":false,"template":"","format":"standard","meta":{"footnotes":""},"categories":[89],"tags":[226,189],"class_list":["post-2070813","post","type-post","status-publish","format-standard","hentry","category-romania","tag-crawlmanager","tag-orasul-timisoara-ro"],"_links":{"self":[{"href":"https:\/\/analyse.optim.biz\/index.php?rest_route=\/wp\/v2\/posts\/2070813","targetHints":{"allow":["GET"]}}],"collection":[{"href":"https:\/\/analyse.optim.biz\/index.php?rest_route=\/wp\/v2\/posts"}],"about":[{"href":"https:\/\/analyse.optim.biz\/index.php?rest_route=\/wp\/v2\/types\/post"}],"author":[{"embeddable":true,"href":"https:\/\/analyse.optim.biz\/index.php?rest_route=\/wp\/v2\/users\/1"}],"replies":[{"embeddable":true,"href":"https:\/\/analyse.optim.biz\/index.php?rest_route=%2Fwp%2Fv2%2Fcomments&post=2070813"}],"version-history":[{"count":0,"href":"https:\/\/analyse.optim.biz\/index.php?rest_route=\/wp\/v2\/posts\/2070813\/revisions"}],"wp:attachment":[{"href":"https:\/\/analyse.optim.biz\/index.php?rest_route=%2Fwp%2Fv2%2Fmedia&parent=2070813"}],"wp:term":[{"taxonomy":"category","embeddable":true,"href":"https:\/\/analyse.optim.biz\/index.php?rest_route=%2Fwp%2Fv2%2Fcategories&post=2070813"},{"taxonomy":"post_tag","embeddable":true,"href":"https:\/\/analyse.optim.biz\/index.php?rest_route=%2Fwp%2Fv2%2Ftags&post=2070813"}],"curies":[{"name":"wp","href":"https:\/\/api.w.org\/{rel}","templated":true}]}}