{"id":2070810,"date":"2026-07-29T11:19:19","date_gmt":"2026-07-29T08:19:19","guid":{"rendered":"https:\/\/analyse.optim.biz\/?p=2070810"},"modified":"2026-07-29T11:19:19","modified_gmt":"2026-07-29T08:19:19","slug":"medalii-de-aur-pentru-timisoara-la-campionatul-mondial-de-karate-wukf-2026-timea-szasz-dubla-campioana","status":"publish","type":"post","link":"https:\/\/analyse.optim.biz\/?p=2070810","title":{"rendered":"Medalii de aur pentru Timi\u0219oara la Campionatul Mondial de Karate WUKF 2026 : Timea Szasz, dubl\u0103 campioan\u0103"},"content":{"rendered":"<p>[analyse_image type=&#8221;featured&#8221; src=&#8221;https:\/\/orasul-timisoara.ro\/wp-content\/uploads\/2026\/07\/karate-medalii-tm-4-1.jpg&#8221;]<\/p>\n<article id=\"post-39900\" class=\"td-post-template-7 post-39900 post type-post status-publish format-standard has-post-thumbnail category-featured category-sport-local category-stiri-timisoara tag-campionatul-mondial-wukf tag-delia-vaduva tag-karate tag-karate-do-zanshin-timisoara tag-kumite tag-robert-manea tag-romania-2 tag-sensei-catalin-costinas tag-stiri-timisoara tag-timea-szasz tag-timisoara-2 tag-wukf-2026 td-container-wrap\">\n<div class=\"td-full-screen-header-image-wrap\">\n<div class=\"td-container td-post-header\">\n<div class=\"td-crumb-container\">\n<div class=\"entry-crumbs\"><span><a title=\"Vede\u021bi toate articolele \u00een Sport Local\" class=\"entry-crumb\" href=\"https:\/\/orasul-timisoara.ro\/local-category\/sport-local\/\">Sport Local<\/a><\/span><span class=\"td-bred-no-url-last\">Medalii de aur pentru Timi\u0219oara la Campionatul Mondial de Karate WUKF 2026&#8230;<\/span><\/div>\n<\/div>\n<div class=\"td-post-header-holder\">\n<div class=\"td-parallax-header\">\n<header class=\"td-post-title\">\n<ul class=\"td-category\">\n<li class=\"entry-category\"><a href=\"https:\/\/orasul-timisoara.ro\/local-category\/sport-local\/\">Sport Local<\/a><\/li>\n<li class=\"entry-category\"><a href=\"https:\/\/orasul-timisoara.ro\/local-category\/stiri-timisoara\/\">\u0218tiri Locale<\/a><\/li>\n<\/ul>\n<h1 class=\"entry-title\">Medalii de aur pentru Timi\u0219oara la Campionatul Mondial de Karate WUKF 2026 : Timea Szasz, dubl\u0103 campioan\u0103 mondial\u0103<\/h1>\n<div class=\"td-module-meta-info\">\n<div class=\"td-post-author-name\">\n<div class=\"td-author-by\">De c\u0103tre<\/div>\n<p><a href=\"https:\/\/orasul-timisoara.ro\/author\/timisoara\/\">redactia<\/a><\/p>\n<div class=\"td-author-line\"> &#8211; <\/div>\n<\/div>\n<p><span class=\"td-post-date\"><time class=\"entry-date updated td-module-date\" datetime=\"2026-07-29T14:19:19+03:00\">29\/07\/2026<\/time><\/span><\/div>\n<\/header>\n<\/div>\n<\/div>\n<\/div>\n<div id=\"td-full-screen-header-image\" class=\"td-image-gradient-style7\"><img decoding=\"async\" class=\"td-backstretch\" src=\"https:\/\/orasul-timisoara.ro\/wp-content\/uploads\/2026\/07\/karate-medalii-tm-4-1.jpg\"><\/div>\n<\/div>\n<div class=\"td-container\">\n<div class=\"td-pb-row\">\n<div class=\"td-pb-span8 td-main-content\" role=\"main\">\n<div class=\"td-ss-main-content\">\n<div class=\"td-post-sharing-top\">\n<div class=\"td-post-sharing-classic\"><iframe title=\"topFacebookLike\" frameborder src=\"https:\/\/www.facebook.com\/plugins\/like.php?href=https:\/\/orasul-timisoara.ro\/local-39900\/&amp;layout=button_count&amp;show_faces=false&amp;width=105&amp;action=like&amp;colorscheme=light&amp;height=21\"><\/iframe><\/div>\n<div id=\"td_social_sharing_article_top\" class=\"td-post-sharing td-ps-bg td-ps-notext td-post-sharing-style1 \">\n<div class=\"td-post-sharing-visible\"><a class=\"td-social-sharing-button td-social-sharing-button-js td-social-network td-social-facebook\" href=\"https:\/\/www.facebook.com\/sharer.php?u=https%3A%2F%2Forasul-timisoara.ro%2Flocal-39900%2F\" title=\"Facebook\"><\/p>\n<div class=\"td-social-but-text\">Facebook<\/div>\n<p><\/a><a class=\"td-social-sharing-button td-social-sharing-button-js td-social-network td-social-twitter\" href=\"https:\/\/twitter.com\/intent\/tweet?text=Medalii+de+aur+pentru+Timi%C8%99oara+la+Campionatul+Mondial+de+Karate+WUKF+2026+%3A+Timea+Szasz%2C+dubl%C4%83+campioan%C4%83+mondial%C4%83&amp;url=https%3A%2F%2Forasul-timisoara.ro%2Flocal-39900%2F&amp;via=orasultm\" title=\"Twitter\"><\/p>\n<div class=\"td-social-but-text\">Twitter<\/div>\n<p><\/a><a class=\"td-social-sharing-button td-social-sharing-button-js td-social-network td-social-whatsapp\" href=\"https:\/\/api.whatsapp.com\/send?text=Medalii+de+aur+pentru+Timi%C8%99oara+la+Campionatul+Mondial+de+Karate+WUKF+2026+%3A+Timea+Szasz%2C+dubl%C4%83+campioan%C4%83+mondial%C4%83%20%0A%0A%20https:\/\/orasul-timisoara.ro\/local-39900\/\" title=\"WhatsApp\"><\/p>\n<div class=\"td-social-but-text\">WhatsApp<\/div>\n<p><\/a><a class=\"td-social-sharing-button td-social-sharing-button-js td-social-network td-social-linkedin\" href=\"https:\/\/www.linkedin.com\/shareArticle?mini=true&amp;url=https:\/\/orasul-timisoara.ro\/local-39900\/&amp;title=Medalii+de+aur+pentru+Timi%C8%99oara+la+Campionatul+Mondial+de+Karate+WUKF+2026+%3A+Timea+Szasz%2C+dubl%C4%83+campioan%C4%83+mondial%C4%83\" title=\"Linkedin\"><\/p>\n<div class=\"td-social-but-text\">Linkedin<\/div>\n<p><\/a><a class=\"td-social-sharing-button td-social-sharing-button-js td-social-network td-social-reddit\" href=\"https:\/\/reddit.com\/submit?url=https:\/\/orasul-timisoara.ro\/local-39900\/&amp;title=Medalii+de+aur+pentru+Timi%C8%99oara+la+Campionatul+Mondial+de+Karate+WUKF+2026+%3A+Timea+Szasz%2C+dubl%C4%83+campioan%C4%83+mondial%C4%83\" title=\"ReddIt\"><\/p>\n<div class=\"td-social-but-text\">ReddIt<\/div>\n<p><\/a><a class=\"td-social-sharing-button td-social-sharing-button-js td-social-network td-social-mail\" href=\"mailto:?subject=Medalii%20de%20aur%20pentru%20Timi%C8%99oara%20la%20Campionatul%20Mondial%20de%20Karate%20WUKF%202026%20:%20Timea%20Szasz,%20dubl%C4%83%20campioan%C4%83%20mondial%C4%83&amp;body=https:\/\/orasul-timisoara.ro\/local-39900\/\" title=\"Email\"><\/p>\n<div class=\"td-social-but-text\">Email<\/div>\n<p><\/a><a class=\"td-social-sharing-button td-social-sharing-button-js td-social-network td-social-print\" href=\"https:\/\/orasul-timisoara.ro\/local-39900\/\" title=\"Imprimare\"><\/p>\n<div class=\"td-social-but-text\">Imprimare<\/div>\n<p><\/a><\/div>\n<\/div>\n<\/div>\n<div class=\"td-post-content tagdiv-type\">\n<p class=\"wp-block-paragraph\">Sportivii clubului Karate Do Zanshin Timi\u0219oara au \u00eencheiat cu un bilan\u021b remarcabil participarea la <strong>WUKF World Championship 2026<\/strong>, competi\u021bie desf\u0103\u0219urat\u0103 \u00een perioada 22\u201326 iulie la Cluj-Napoca. Reprezent\u00e2nd Rom\u00e2nia, karateka preg\u0103ti\u021bi de <strong>Sensei C\u0103t\u0103lin Costina\u0219<\/strong> au cucerit nu mai pu\u021bin de \u0219apte medalii \u2013 cinci de aur, una de argint \u0219i una de bronz \u2013 confirm\u00e2nd \u00eenc\u0103 o dat\u0103 nivelul ridicat al \u0219colii timi\u0219orene de karate.<\/p>\n<p class=\"wp-block-paragraph\">Performan\u021bele ob\u021binute de sportivii clubului au venit at\u00e2t \u00een probe individuale, c\u00e2t \u0219i \u00een competi\u021biile pe echipe, \u00eentr-un campionat mondial care a reunit sportivi din numeroase \u021b\u0103ri.<\/p>\n<h2 class=\"wp-block-heading\">Timea Szasz, dubl\u0103 campioan\u0103 mondial\u0103<\/h2>\n<p class=\"wp-block-paragraph\">Una dintre cele mai bune evolu\u021bii ale delega\u021biei timi\u0219orene a fost cea a sportivei <strong>Timea Szasz<\/strong>, care a devenit campioan\u0103 mondial\u0103 la proba de Kumite Individual (Shobu Sanbon), categoria Female Seniors D (+65 kg).<\/p>\n<figure class=\"wp-block-gallery has-nested-images columns-default is-cropped wp-block-gallery-1 is-layout-flex wp-block-gallery-is-layout-flex\">\n<figure class=\"wp-block-image size-large\"><img loading=\"lazy\" decoding=\"async\" width=\"1920\" height=\"1274\" data-id=\"39901\" src=\"https:\/\/orasul-timisoara.ro\/wp-content\/uploads\/2026\/07\/karate-medalii-tm-1.jpg\" alt class=\"wp-image-39901\"><\/figure>\n<figure class=\"wp-block-image size-large\"><img loading=\"lazy\" decoding=\"async\" width=\"1920\" height=\"1274\" data-id=\"39904\" src=\"https:\/\/orasul-timisoara.ro\/wp-content\/uploads\/2026\/07\/karate-medalii-tm-2.jpg\" alt class=\"wp-image-39904\"><\/figure>\n<figure class=\"wp-block-image size-large\"><img loading=\"lazy\" decoding=\"async\" width=\"1920\" height=\"1274\" data-id=\"39902\" src=\"https:\/\/orasul-timisoara.ro\/wp-content\/uploads\/2026\/07\/karate-medalii-tm-3.jpg\" alt class=\"wp-image-39902\"><\/figure>\n<figure class=\"wp-block-image size-large\"><img decoding=\"async\" loading=\"lazy\" width=\"1920\" height=\"1274\" data-id=\"39903\" src=\"https:\/\/orasul-timisoara.ro\/wp-content\/uploads\/2026\/07\/karate-medalii-tm-4.jpg\" alt class=\"wp-image-39903\"><\/figure>\n<\/figure>\n<p class=\"wp-block-paragraph\">Totodat\u0103, aceasta a cucerit medalia de aur \u0219i \u00een proba Kumite Team Rotation (Shobu Sanbon), la categoria Female Seniors, iar \u00eempreun\u0103 cu echipa feminin\u0103 a ob\u021binut medalia de argint \u00een competi\u021bia Kumite Team (Shobu Sanbon).<\/p>\n<h2 class=\"wp-block-heading\">Robert Manea, trei titluri mondiale \u0219i o medalie de bronz<\/h2>\n<p class=\"wp-block-paragraph\">O presta\u021bie de excep\u021bie a avut \u0219i <strong>Robert Manea<\/strong>, care a urcat de trei ori pe cea mai \u00eenalt\u0103 treapt\u0103 a podiumului.<\/p>\n<p class=\"wp-block-paragraph\">Sportivul a c\u00e2\u0219tigat titlul mondial \u00een proba Kumite Individual (Shobu Sanbon), categoria Male Seniors Open \u2013 Open Weight, dar \u0219i \u00een competi\u021biile Kumite Team \u0219i Kumite Team Rotation, la categoria Male Seniors.<\/p>\n<p class=\"wp-block-paragraph\">Palmaresul s\u0103u de la Cluj-Napoca a fost completat de o medalie de bronz \u00een proba Kumite Individual (Shobu Sanbon), categoria Male Seniors D (+85 kg).<\/p>\n<h2 class=\"wp-block-heading\">Delia V\u0103duva completeaz\u0103 palmaresul clubului<\/h2>\n<p class=\"wp-block-paragraph\">La r\u00e2ndul s\u0103u, <strong>Delia V\u0103duva<\/strong> a ob\u021binut medalia de bronz \u00een proba Kumite Individual (Shobu Sanbon), categoria Female Seniors C (60\u201364,9 kg), contribuind la bilan\u021bul excelent al clubului timi\u0219orean.<\/p>\n<p class=\"wp-block-paragraph\">Rezultatul confirm\u0103 nivelul competitiv al sportivilor preg\u0103ti\u021bi la Karate Do Zanshin Timi\u0219oara \u0219i capacitatea acestora de a concura cu succes la cel mai \u00eenalt nivel interna\u021bional.<\/p>\n<h2 class=\"wp-block-heading\">Munca \u0219i disciplina, cheia performan\u021bei<\/h2>\n<p class=\"wp-block-paragraph\">Reu\u0219itele ob\u021binute la Campionatul Mondial WUKF 2026 reflect\u0103 preg\u0103tirea intens\u0103 desf\u0103\u0219urat\u0103 de sportivi \u0219i de antrenorul <strong>Sensei C\u0103t\u0103lin Costina\u0219<\/strong>, care coordoneaz\u0103 activitatea clubului.<\/p>\n<p class=\"wp-block-paragraph\">Rezultatele de la Cluj-Napoca consolideaz\u0103 pozi\u021bia Karate Do Zanshin Timi\u0219oara printre cluburile rom\u00e2ne\u0219ti cu rezultate constante \u00een competi\u021biile interna\u021bionale \u0219i reprezint\u0103 o nou\u0103 confirmare a valorii sportivilor timi\u0219oreni.<\/p>\n<h2 class=\"wp-block-heading\">Timi\u0219oara, reprezentat\u0103 cu succes pe scena mondial\u0103<\/h2>\n<p class=\"wp-block-paragraph\">Participarea la WUKF World Championship 2026 s-a \u00eencheiat cu un bilan\u021b impresionant pentru clubul timi\u0219orean: cinci medalii de aur, o medalie de argint \u0219i dou\u0103 medalii de bronz, performan\u021be care demonstreaz\u0103 c\u0103 perseveren\u021ba, disciplina \u0219i pasiunea pentru karate pot aduce rezultate la cel mai \u00eenalt nivel.<\/p>\n<p class=\"wp-block-paragraph\">Succesul ob\u021binut la Cluj-Napoca reprezint\u0103 un motiv de m\u00e2ndrie at\u00e2t pentru club, c\u00e2t \u0219i pentru Timi\u0219oara \u0219i Rom\u00e2nia, sportivii Karate Do Zanshin confirm\u00e2nd \u00eenc\u0103 o dat\u0103 c\u0103 pot concura de la egal la egal cu cei mai buni practican\u021bi ai acestui sport din lume.<\/p>\n<\/div>\n<footer>\n<div class=\"td-post-source-tags\">\n<ul class=\"td-tags td-post-small-box clearfix\">\n<li><span>ETICHETE<\/span><\/li>\n<li><a href=\"https:\/\/orasul-timisoara.ro\/local-tag\/campionatul-mondial-wukf\/\">Campionatul Mondial WUKF<\/a><\/li>\n<li><a href=\"https:\/\/orasul-timisoara.ro\/local-tag\/delia-vaduva\/\">Delia V\u0103duva<\/a><\/li>\n<li><a href=\"https:\/\/orasul-timisoara.ro\/local-tag\/karate\/\">karate<\/a><\/li>\n<li><a href=\"https:\/\/orasul-timisoara.ro\/local-tag\/karate-do-zanshin-timisoara\/\">Karate Do Zanshin Timi\u0219oara<\/a><\/li>\n<li><a href=\"https:\/\/orasul-timisoara.ro\/local-tag\/kumite\/\">kumite<\/a><\/li>\n<li><a href=\"https:\/\/orasul-timisoara.ro\/local-tag\/robert-manea\/\">Robert Manea<\/a><\/li>\n<li><a href=\"https:\/\/orasul-timisoara.ro\/local-tag\/romania-2\/\">rom\u00e2nia<\/a><\/li>\n<li><a href=\"https:\/\/orasul-timisoara.ro\/local-tag\/sensei-catalin-costinas\/\">Sensei C\u0103t\u0103lin Costina\u0219<\/a><\/li>\n<li><a href=\"https:\/\/orasul-timisoara.ro\/local-tag\/stiri-timisoara\/\">stiri timisoara<\/a><\/li>\n<li><a href=\"https:\/\/orasul-timisoara.ro\/local-tag\/timea-szasz\/\">Timea Szasz<\/a><\/li>\n<li><a href=\"https:\/\/orasul-timisoara.ro\/local-tag\/timisoara-2\/\">timi\u0219oara<\/a><\/li>\n<li><a href=\"https:\/\/orasul-timisoara.ro\/local-tag\/wukf-2026\/\">WUKF 2026<\/a><\/li>\n<\/ul>\n<\/div>\n<div class=\"td-post-sharing-bottom\">\n<div class=\"td-post-sharing-classic\"><iframe title=\"bottomFacebookLike\" frameborder src=\"https:\/\/www.facebook.com\/plugins\/like.php?href=https:\/\/orasul-timisoara.ro\/local-39900\/&amp;layout=button_count&amp;show_faces=false&amp;width=105&amp;action=like&amp;colorscheme=light&amp;height=21\"><\/iframe><\/div>\n<div id=\"td_social_sharing_article_bottom\" class=\"td-post-sharing td-ps-bg td-ps-notext td-post-sharing-style1 \">\n<div class=\"td-post-sharing-visible\"><a class=\"td-social-sharing-button td-social-sharing-button-js td-social-network td-social-facebook\" href=\"https:\/\/www.facebook.com\/sharer.php?u=https%3A%2F%2Forasul-timisoara.ro%2Flocal-39900%2F\" title=\"Facebook\"><\/p>\n<div class=\"td-social-but-text\">Facebook<\/div>\n<p><\/a><a class=\"td-social-sharing-button td-social-sharing-button-js td-social-network td-social-twitter\" href=\"https:\/\/twitter.com\/intent\/tweet?text=Medalii+de+aur+pentru+Timi%C8%99oara+la+Campionatul+Mondial+de+Karate+WUKF+2026+%3A+Timea+Szasz%2C+dubl%C4%83+campioan%C4%83+mondial%C4%83&amp;url=https%3A%2F%2Forasul-timisoara.ro%2Flocal-39900%2F&amp;via=orasultm\" title=\"Twitter\"><\/p>\n<div class=\"td-social-but-text\">Twitter<\/div>\n<p><\/a><a class=\"td-social-sharing-button td-social-sharing-button-js td-social-network td-social-whatsapp\" href=\"https:\/\/api.whatsapp.com\/send?text=Medalii+de+aur+pentru+Timi%C8%99oara+la+Campionatul+Mondial+de+Karate+WUKF+2026+%3A+Timea+Szasz%2C+dubl%C4%83+campioan%C4%83+mondial%C4%83%20%0A%0A%20https:\/\/orasul-timisoara.ro\/local-39900\/\" title=\"WhatsApp\"><\/p>\n<div class=\"td-social-but-text\">WhatsApp<\/div>\n<p><\/a><a class=\"td-social-sharing-button td-social-sharing-button-js td-social-network td-social-linkedin\" href=\"https:\/\/www.linkedin.com\/shareArticle?mini=true&amp;url=https:\/\/orasul-timisoara.ro\/local-39900\/&amp;title=Medalii+de+aur+pentru+Timi%C8%99oara+la+Campionatul+Mondial+de+Karate+WUKF+2026+%3A+Timea+Szasz%2C+dubl%C4%83+campioan%C4%83+mondial%C4%83\" title=\"Linkedin\"><\/p>\n<div class=\"td-social-but-text\">Linkedin<\/div>\n<p><\/a><a class=\"td-social-sharing-button td-social-sharing-button-js td-social-network td-social-reddit\" href=\"https:\/\/reddit.com\/submit?url=https:\/\/orasul-timisoara.ro\/local-39900\/&amp;title=Medalii+de+aur+pentru+Timi%C8%99oara+la+Campionatul+Mondial+de+Karate+WUKF+2026+%3A+Timea+Szasz%2C+dubl%C4%83+campioan%C4%83+mondial%C4%83\" title=\"ReddIt\"><\/p>\n<div class=\"td-social-but-text\">ReddIt<\/div>\n<p><\/a><a class=\"td-social-sharing-button td-social-sharing-button-js td-social-network td-social-mail\" href=\"mailto:?subject=Medalii%20de%20aur%20pentru%20Timi%C8%99oara%20la%20Campionatul%20Mondial%20de%20Karate%20WUKF%202026%20:%20Timea%20Szasz,%20dubl%C4%83%20campioan%C4%83%20mondial%C4%83&amp;body=https:\/\/orasul-timisoara.ro\/local-39900\/\" title=\"Email\"><\/p>\n<div class=\"td-social-but-text\">Email<\/div>\n<p><\/a><a class=\"td-social-sharing-button td-social-sharing-button-js td-social-network td-social-print\" href=\"https:\/\/orasul-timisoara.ro\/local-39900\/\" title=\"Imprimare\"><\/p>\n<div class=\"td-social-but-text\">Imprimare<\/div>\n<p><\/a><\/div>\n<\/div>\n<\/div>\n<div class=\"td-block-row td-post-next-prev\">\n<div class=\"td-block-span6 td-post-prev-post\">\n<div class=\"td-post-next-prev-content\"><span>Articolul precedent<\/span><a href=\"https:\/\/orasul-timisoara.ro\/local-39898\/\">Ministerul Transporturilor: 80% dintre c\u0103l\u0103tori nu recomand\u0103 mersul cu trenul<\/a><\/div>\n<\/div>\n<div class=\"td-block-span6 td-post-next-post\">\n<div class=\"td-post-next-prev-content\"><span>Articolul urm\u0103tor<\/span><a href=\"https:\/\/orasul-timisoara.ro\/local-39907\/\">\u0218ofer r\u0103nit dup\u0103 ce un autocamion a ie\u0219it de pe \u0219osea \u0219i s-a r\u0103sturnat \u00een Timi\u0219<\/a><\/div>\n<\/div>\n<\/div>\n<div class=\"td-author-name vcard author\"><span class=\"fn\"><a href=\"https:\/\/orasul-timisoara.ro\/author\/timisoara\/\">redactia<\/a><\/span><\/div>\n<p><span class=\"td-page-meta\"><\/span><span class=\"td-page-meta\"><span class=\"td-page-meta\"><\/span><\/span><span class=\"td-page-meta\"><\/span><\/footer>\n<div class=\"comments\" id=\"comments\">\n<div id=\"respond\" class=\"comment-respond\">\n<h3 id=\"reply-title\" class=\"comment-reply-title\">L\u0102SA\u021aI UN MESAJ<\/h3>\n<div class=\"comment-form-input-wrap td-form-comment\">\n<div class=\"td-warning-comment\">V\u0103 rug\u0103m s\u0103 introduce\u021bi comentariul dvs.!<\/div>\n<\/div>\n<div class=\"comment-form-input-wrap td-form-author\">\n<div class=\"td-warning-author\">Introduce\u021bi aici numele dvs.<\/div>\n<\/div>\n<div class=\"comment-form-input-wrap td-form-email\">\n<div class=\"td-warning-email-error\">A\u021bi introdus o adres\u0103 de e-mail incorect\u0103!<\/div>\n<div class=\"td-warning-email\">V\u0103 rug\u0103m s\u0103 introduce\u021bi adresa dvs. de e-mail aici<\/div>\n<\/div>\n<\/div>\n<p class=\"akismet_comment_form_privacy_notice\">Acest site folose\u0219te Akismet pentru a reduce spamul. <a href=\"https:\/\/akismet.com\/privacy\/\" target=\"_blank\" rel=\"nofollow noopener\">Afl\u0103 cum sunt procesate datele comentariilor tale<\/a>.<\/p>\n<\/div>\n<\/div>\n<\/div>\n<div class=\"td-pb-span4 td-main-sidebar\" role=\"complementary\">\n<div class=\"td-ss-main-sidebar\">\n<aside id=\"block-4\" class=\"td_block_template_8 widget block-4 widget_block widget_media_image\">\n<figure class=\"wp-block-image size-full\"><img decoding=\"async\" loading=\"lazy\" width=\"336\" height=\"280\" src=\"https:\/\/orasul-timisoara.ro\/wp-content\/uploads\/2024\/11\/ReTIM-Abonamentul-Verde-Google-Ads-336x280px.gif\" alt class=\"wp-image-29257\"><\/figure>\n<\/aside>\n<div class=\"td_block_wrap td_block_social_counter td_block_widget tdi_4 td-social-style5 td-social-boxed td-pb-border-top td_block_template_8\">\n<div class=\"td-block-title-wrap\">\n<h4 class=\"td-block-title\"><span>Urm\u0103re\u0219te-ne pe Social Media<\/span><\/h4>\n<\/div>\n<div class=\"td-social-list\">\n<div class=\"td_social_type td-pb-margin-side td_social_facebook\">\n<div class=\"td-social-box\"><span class=\"td_social_info td_social_info_counter\">344,595<\/span><span class=\"td_social_info td_social_info_name\">Fani<\/span><span class=\"td_social_button\"><a href=\"https:\/\/www.facebook.com\/247timisoara\" target=\"_blank\" rel=\"nofollow\">\u00cemi place<\/a><\/span><\/div>\n<\/div>\n<div class=\"td_social_type td-pb-margin-side td_social_instagram\">\n<div class=\"td-social-box\"><span class=\"td_social_info td_social_info_counter\">4,416<\/span><span class=\"td_social_info td_social_info_name\">Cititori<\/span><span class=\"td_social_button\"><a href=\"https:\/\/instagram.com\/orasultimisoararo\/\" target=\"_blank\" rel=\"nofollow\">Conecta\u021bi-v\u0103<\/a><\/span><\/div>\n<\/div>\n<div class=\"td_social_type td-pb-margin-side td_social_rss\">\n<div class=\"td-social-box\"><span class=\"td_social_info td_social_info_counter\">12,506<\/span><span class=\"td_social_info td_social_info_name\">Cititori<\/span><span class=\"td_social_button\"><a href=\"https:\/\/orasul-timisoara.ro\/feed\/\" target=\"_blank\" rel=\"nofollow\">Conecta\u021bi-v\u0103<\/a><\/span><\/div>\n<\/div>\n<div class=\"td_social_type td-pb-margin-side td_social_tiktok\">\n<div class=\"td-social-box\"><span class=\"td_social_info td_social_info_counter\">1,500<\/span><span class=\"td_social_info td_social_info_name\">Cititori<\/span><span class=\"td_social_button\"><a href=\"https:\/\/www.tiktok.com\/@orasultimisoara\" target=\"_blank\" rel=\"nofollow\">Conecta\u021bi-v\u0103<\/a><\/span><\/div>\n<\/div>\n<div class=\"td_social_type td-pb-margin-side td_social_twitter\">\n<div class=\"td-social-box\"><span class=\"td_social_info td_social_info_counter\">1,595<\/span><span class=\"td_social_info td_social_info_name\">Cititori<\/span><span class=\"td_social_button\"><a href=\"https:\/\/twitter.com\/orasultm\" target=\"_blank\" rel=\"nofollow\">Conecta\u021bi-v\u0103<\/a><\/span><\/div>\n<\/div>\n<div class=\"td_social_type td-pb-margin-side td_social_youtube\">\n<div class=\"td-social-box\"><span class=\"td_social_info td_social_info_counter\">3,506<\/span><span class=\"td_social_info td_social_info_name\">Abona\u021bi<\/span><span class=\"td_social_button\"><a href=\"https:\/\/www.youtube.com\/channel\/UCQNsQvs2XCSIm1Z-AHRturw?sub_confirmation=1\" target=\"_blank\" rel=\"nofollow\">Abona\u021bi-v\u0103<\/a><\/span><\/div>\n<\/div>\n<\/div>\n<\/div>\n<aside id=\"text-7\" class=\"td_block_template_8 widget text-7 widget_text\">\n<h4 class=\"td-block-title\"><span>C\u0103ut\u0103ri populare pe OTM<\/span><\/h4>\n<div class=\"textwidget\"><a href=\"https:\/\/orasul-timisoara.ro\/?s=timisoara\"><span>Timisoara<\/span><\/a><a href=\"https:\/\/orasul-timisoara.ro\/?s=calin+dobra\"><span>Calin Dobra<\/span><\/a><a href=\"https:\/\/orasul-timisoara.ro\/?s=primaria+timisoara\"><span>Primaria Timisoara<\/span><\/a><a href=\"https:\/\/orasul-timisoara.ro\/?s=dominic+fritz\"><span>Dominic Fritz<\/span><\/a><a href=\"https:\/\/orasul-timisoara.ro\/?s=nicolae+robu\"><span>Nicolae Robu<\/span><\/a><a href=\"https:\/\/orasul-timisoara.ro\/?s=consiliul+local+timisoara\">Consiliul Local Timisoara<\/a><a href=\"https:\/\/orasul-timisoara.ro\/?s=consiliul+judetean+timis\"><span>Consiliul Judetean Timis<\/span><\/a><a href=\"https:\/\/orasul-timisoara.ro\/?s=cjt\"><span>CJT<\/span><\/a><a href=\"https:\/\/orasul-timisoara.ro\/?s=Alfred+Simonis\"><span>Alfred Simonis<\/span><\/a><a href=\"https:\/\/orasul-timisoara.ro\/?s=PNL\"><span>PNL<\/span><\/a><a href=\"https:\/\/orasul-timisoara.ro\/?s=coronavirus\"><span>coronavirus<\/span><\/a><a href=\"https:\/\/orasul-timisoara.ro\/?s=teatru+timisoara\">teatru Timisoara<\/a><a href=\"https:\/\/orasul-timisoara.ro\/?s=restaurante\"><span>restaurante Timisoara<\/span><\/a><a href=\"https:\/\/orasul-timisoara.ro\/?s=diskoteka\"><span>Diskoteka<\/span><\/a><a href=\"https:\/\/orasul-timisoara.ro\/?s=iulius+town\"><span>Iulius Town<\/span><\/a><a href=\"https:\/\/orasul-timisoara.ro\/?s=iulius+mall\"><span>Iulius Mall<\/span><\/a><a href=\"https:\/\/orasul-timisoara.ro\/?s=stpt\"><span>STPT<\/span><\/a><a href=\"https:\/\/orasul-timisoara.ro\/?s=alin+nica\"><span>Alin Nica<\/span><\/a><a href=\"https:\/\/orasul-timisoara.ro\/?s=psd\"><span>PSD<\/span><\/a><a href=\"https:\/\/orasul-timisoara.ro\/?s=aeroport\"><span>Aeroportul International Timisoara<\/span><\/a><a href=\"https:\/\/orasul-timisoara.ro\/?s=babes\"><span>Spitalul Victor Babes Timisoara<\/span><\/a><a href=\"https:\/\/orasul-timisoara.ro\/?s=poli\"><span>Poli Timi\u0219oara<\/span><\/a><a href=\"https:\/\/orasul-timisoara.ro\/?s=carantina\"><span>carantina<\/span><\/a><a href=\"https:\/\/orasul-timisoara.ro\/?s=aquatim\"><span>Aquatim<\/span><\/a><a href=\"https:\/\/orasul-timisoara.ro\/local-category\/stiri-timisoara\/\"><span>Stiri Timisoara<\/span><\/a><a href=\"https:\/\/orasul-timisoara.ro\/local-category\/investitii-in-timisoara\/\"><span>Investi\u021bii in Timi\u0219oara<\/span><\/a><a href=\"https:\/\/orasul-timisoara.ro\/local-9463\/\"><span>shaorma<\/span><\/a><a href=\"https:\/\/orasul-timisoara.ro\/?s=trafic\"><span>trafic rutier<\/span><\/a><a href=\"https:\/\/orasul-timisoara.ro\/?s=politia\"><span>politia locala timisoara<\/span><\/a><a href=\"https:\/\/orasul-timisoara.ro\/?s=roxana\"><span>Roxana Iliescu<\/span><\/a><a href=\"https:\/\/orasul-timisoara.ro\/?s=colterm\"><span>Colterm<\/span><\/a><a href=\"https:\/\/orasul-timisoara.ro\/?s=latcau\"><span>Ruben La\u021bc\u0103u<\/span><\/a><a href=\"https:\/\/orasul-timisoara.ro\/?s=timis\"><span>\u0218tiri din Timi\u0219<\/span><\/a><a href=\"https:\/\/orasul-timisoara.ro\/?s=spital\"><span>Spitale din Timi\u0219oara<\/span><\/a><a href=\"https:\/\/orasul-timisoara.ro\/?s=tabara\"><span>Cosmin Tab\u0103r\u0103<\/span><\/a><\/div>\n<\/aside>\n<aside id=\"rss-2\" class=\"td_block_template_8 widget rss-2 widget_rss\">\n<h4 class=\"td-block-title\"><span><a class=\"rsswidget rss-widget-feed\" href=\"https:\/\/fashionfridays.ro\/feed\"><img decoding=\"async\" class=\"rss-widget-icon\" width=\"14\" height=\"14\" src=\"https:\/\/orasul-timisoara.ro\/wp-includes\/images\/rss.png\" alt=\"RSS\" loading=\"lazy\"><\/a><a class=\"rsswidget rss-widget-title\" href=\"https:\/\/fashionfridays.ro\/\">Fashion Fridays<\/a><\/span><\/h4>\n<ul>\n<li><a class=\"rsswidget\" href=\"https:\/\/fashionfridays.ro\/romania-devine-a-29-a-piata-vogue-o-noua-era-pentru-industria-locala-de-moda\/\">Rom\u00e2nia devine a 29-a pia\u021b\u0103 Vogue: o nou\u0103 er\u0103 pentru industria local\u0103 de mod\u0103<\/a>\n<div class=\"rssSummary\">Revista Vogue \u00ee\u0219i extinde prezen\u021ba global\u0103 \u0219i va fi lansat\u0103 oficial \u00een Rom\u00e2nia \u00een prim\u0103vara anului 2027, marc\u00e2nd intrarea pe cea de-a 29-a pia\u021b\u0103 interna\u021bional\u0103. Proiectul este realizat \u00een parteneriat cu AEMME Publishing, o companie media recent \u00eenfiin\u021bat\u0103, care va publica edi\u021bia local\u0103 sub licen\u021b\u0103. Noua edi\u021bie, Vogue Rom\u00e2nia, \u00ee\u0219i propune s\u0103 combine autoritatea global\u0103 [\u2026]<\/div>\n<\/li>\n<\/ul>\n<\/aside>\n<aside id=\"rss-4\" class=\"td_block_template_8 widget rss-4 widget_rss\">\n<h4 class=\"td-block-title\"><span><a class=\"rsswidget rss-widget-feed\" href=\"https:\/\/emasini.ro\/feed\"><img decoding=\"async\" class=\"rss-widget-icon\" width=\"14\" height=\"14\" src=\"https:\/\/orasul-timisoara.ro\/wp-includes\/images\/rss.png\" alt=\"RSS\" loading=\"lazy\"><\/a><a class=\"rsswidget rss-widget-title\" href=\"https:\/\/emasini.ro\/\">eMasini<\/a><\/span><\/h4>\n<ul>\n<li><a class=\"rsswidget\" href=\"https:\/\/emasini.ro\/bmw-testeaza-noul-i4-convertible-primul-cabrio-electric-accesibil-al-marcii\/\">BMW testeaz\u0103 noul i4 Convertible, primul cabrio electric accesibil al m\u0103rcii<\/a>\n<div class=\"rssSummary\">BMW accelereaz\u0103 dezvoltarea noii genera\u021bii de modele electrice bazate pe platforma Neue Klasse, iar unul dintre cele mai interesante proiecte aflate \u00een teste este viitorul BMW i4 Convertible. Prototipul camuflat a fost surprins pe \u0219osele, confirm\u00e2nd c\u0103 produc\u0103torul german preg\u0103te\u0219te o decapotabil\u0103 electric\u0103 destinat\u0103 unui segment \u00een care oferta este, \u00een prezent, extrem de limitat\u0103. [\u2026]<\/div>\n<\/li>\n<\/ul>\n<\/aside>\n<\/div>\n<\/div>\n<\/div>\n<\/div>\n<\/article>\n<div class=\"td-post-content tagdiv-type\">\n<p class=\"wp-block-paragraph\">Sportivii clubului Karate Do Zanshin Timi\u0219oara au \u00eencheiat cu un bilan\u021b remarcabil participarea la <strong>WUKF World Championship 2026<\/strong>, competi\u021bie desf\u0103\u0219urat\u0103 \u00een perioada 22\u201326 iulie la Cluj-Napoca. Reprezent\u00e2nd Rom\u00e2nia, karateka preg\u0103ti\u021bi de <strong>Sensei C\u0103t\u0103lin Costina\u0219<\/strong> au cucerit nu mai pu\u021bin de \u0219apte medalii \u2013 cinci de aur, una de argint \u0219i una de bronz \u2013 confirm\u00e2nd \u00eenc\u0103 o dat\u0103 nivelul ridicat al \u0219colii timi\u0219orene de karate.<\/p>\n<p class=\"wp-block-paragraph\">Performan\u021bele ob\u021binute de sportivii clubului au venit at\u00e2t \u00een probe individuale, c\u00e2t \u0219i \u00een competi\u021biile pe echipe, \u00eentr-un campionat mondial care a reunit sportivi din numeroase \u021b\u0103ri.<\/p>\n<h2 class=\"wp-block-heading\">Timea Szasz, dubl\u0103 campioan\u0103 mondial\u0103<\/h2>\n<p class=\"wp-block-paragraph\">Una dintre cele mai bune evolu\u021bii ale delega\u021biei timi\u0219orene a fost cea a sportivei <strong>Timea Szasz<\/strong>, care a devenit campioan\u0103 mondial\u0103 la proba de Kumite Individual (Shobu Sanbon), categoria Female Seniors D (+65 kg).<\/p>\n<figure class=\"wp-block-gallery has-nested-images columns-default is-cropped wp-block-gallery-1 is-layout-flex wp-block-gallery-is-layout-flex\">\n<figure class=\"wp-block-image size-large\"><img loading=\"lazy\" decoding=\"async\" width=\"1920\" height=\"1274\" data-id=\"39901\" src=\"https:\/\/orasul-timisoara.ro\/wp-content\/uploads\/2026\/07\/karate-medalii-tm-1.jpg\" alt class=\"wp-image-39901\"><\/figure>\n<figure class=\"wp-block-image size-large\"><img loading=\"lazy\" decoding=\"async\" width=\"1920\" height=\"1274\" data-id=\"39904\" src=\"https:\/\/orasul-timisoara.ro\/wp-content\/uploads\/2026\/07\/karate-medalii-tm-2.jpg\" alt class=\"wp-image-39904\"><\/figure>\n<figure class=\"wp-block-image size-large\"><img loading=\"lazy\" decoding=\"async\" width=\"1920\" height=\"1274\" data-id=\"39902\" src=\"https:\/\/orasul-timisoara.ro\/wp-content\/uploads\/2026\/07\/karate-medalii-tm-3.jpg\" alt class=\"wp-image-39902\"><\/figure>\n<figure class=\"wp-block-image size-large\"><img decoding=\"async\" loading=\"lazy\" width=\"1920\" height=\"1274\" data-id=\"39903\" src=\"https:\/\/orasul-timisoara.ro\/wp-content\/uploads\/2026\/07\/karate-medalii-tm-4.jpg\" alt class=\"wp-image-39903\"><\/figure>\n<\/figure>\n<p class=\"wp-block-paragraph\">Totodat\u0103, aceasta a cucerit medalia de aur \u0219i \u00een proba Kumite Team Rotation (Shobu Sanbon), la categoria Female Seniors, iar \u00eempreun\u0103 cu echipa feminin\u0103 a ob\u021binut medalia de argint \u00een competi\u021bia Kumite Team (Shobu Sanbon).<\/p>\n<h2 class=\"wp-block-heading\">Robert Manea, trei titluri mondiale \u0219i o medalie de bronz<\/h2>\n<p class=\"wp-block-paragraph\">O presta\u021bie de excep\u021bie a avut \u0219i <strong>Robert Manea<\/strong>, care a urcat de trei ori pe cea mai \u00eenalt\u0103 treapt\u0103 a podiumului.<\/p>\n<p class=\"wp-block-paragraph\">Sportivul a c\u00e2\u0219tigat titlul mondial \u00een proba Kumite Individual (Shobu Sanbon), categoria Male Seniors Open \u2013 Open Weight, dar \u0219i \u00een competi\u021biile Kumite Team \u0219i Kumite Team Rotation, la categoria Male Seniors.<\/p>\n<p class=\"wp-block-paragraph\">Palmaresul s\u0103u de la Cluj-Napoca a fost completat de o medalie de bronz \u00een proba Kumite Individual (Shobu Sanbon), categoria Male Seniors D (+85 kg).<\/p>\n<h2 class=\"wp-block-heading\">Delia V\u0103duva completeaz\u0103 palmaresul clubului<\/h2>\n<p class=\"wp-block-paragraph\">La r\u00e2ndul s\u0103u, <strong>Delia V\u0103duva<\/strong> a ob\u021binut medalia de bronz \u00een proba Kumite Individual (Shobu Sanbon), categoria Female Seniors C (60\u201364,9 kg), contribuind la bilan\u021bul excelent al clubului timi\u0219orean.<\/p>\n<p class=\"wp-block-paragraph\">Rezultatul confirm\u0103 nivelul competitiv al sportivilor preg\u0103ti\u021bi la Karate Do Zanshin Timi\u0219oara \u0219i capacitatea acestora de a concura cu succes la cel mai \u00eenalt nivel interna\u021bional.<\/p>\n<h2 class=\"wp-block-heading\">Munca \u0219i disciplina, cheia performan\u021bei<\/h2>\n<p class=\"wp-block-paragraph\">Reu\u0219itele ob\u021binute la Campionatul Mondial WUKF 2026 reflect\u0103 preg\u0103tirea intens\u0103 desf\u0103\u0219urat\u0103 de sportivi \u0219i de antrenorul <strong>Sensei C\u0103t\u0103lin Costina\u0219<\/strong>, care coordoneaz\u0103 activitatea clubului.<\/p>\n<p class=\"wp-block-paragraph\">Rezultatele de la Cluj-Napoca consolideaz\u0103 pozi\u021bia Karate Do Zanshin Timi\u0219oara printre cluburile rom\u00e2ne\u0219ti cu rezultate constante \u00een competi\u021biile interna\u021bionale \u0219i reprezint\u0103 o nou\u0103 confirmare a valorii sportivilor timi\u0219oreni.<\/p>\n<h2 class=\"wp-block-heading\">Timi\u0219oara, reprezentat\u0103 cu succes pe scena mondial\u0103<\/h2>\n<p class=\"wp-block-paragraph\">Participarea la WUKF World Championship 2026 s-a \u00eencheiat cu un bilan\u021b impresionant pentru clubul timi\u0219orean: cinci medalii de aur, o medalie de argint \u0219i dou\u0103 medalii de bronz, performan\u021be care demonstreaz\u0103 c\u0103 perseveren\u021ba, disciplina \u0219i pasiunea pentru karate pot aduce rezultate la cel mai \u00eenalt nivel.<\/p>\n<p class=\"wp-block-paragraph\">Succesul ob\u021binut la Cluj-Napoca reprezint\u0103 un motiv de m\u00e2ndrie at\u00e2t pentru club, c\u00e2t \u0219i pentru Timi\u0219oara \u0219i Rom\u00e2nia, sportivii Karate Do Zanshin confirm\u00e2nd \u00eenc\u0103 o dat\u0103 c\u0103 pot concura de la egal la egal cu cei mai buni practican\u021bi ai acestui sport din lume.<\/p>\n<\/div>\n<p>[analyse_source url=&#8221;https:\/\/orasul-timisoara.ro\/local-39900\/&#8221;]<\/p>\n","protected":false},"excerpt":{"rendered":"<p>[analyse_image type=&#8221;featured&#8221; src=&#8221;https:\/\/orasul-timisoara.ro\/wp-content\/uploads\/2026\/07\/karate-medalii-tm-4-1.jpg&#8221;] Sport LocalMedalii de aur pentru Timi\u0219oara la Campionatul Mondial de Karate WUKF 2026&#8230; Sport Local \u0218tiri Locale Medalii de aur pentru Timi\u0219oara la Campionatul Mondial de Karate WUKF 2026 : Timea Szasz, dubl\u0103 campioan\u0103 mondial\u0103 De c\u0103tre redactia &#8211; 29\/07\/2026 Facebook Twitter WhatsApp Linkedin ReddIt Email Imprimare Sportivii clubului Karate Do Zanshin [&hellip;]<\/p>\n","protected":false},"author":1,"featured_media":0,"comment_status":"open","ping_status":"","sticky":false,"template":"","format":"standard","meta":{"footnotes":""},"categories":[89],"tags":[226,189],"class_list":["post-2070810","post","type-post","status-publish","format-standard","hentry","category-romania","tag-crawlmanager","tag-orasul-timisoara-ro"],"_links":{"self":[{"href":"https:\/\/analyse.optim.biz\/index.php?rest_route=\/wp\/v2\/posts\/2070810","targetHints":{"allow":["GET"]}}],"collection":[{"href":"https:\/\/analyse.optim.biz\/index.php?rest_route=\/wp\/v2\/posts"}],"about":[{"href":"https:\/\/analyse.optim.biz\/index.php?rest_route=\/wp\/v2\/types\/post"}],"author":[{"embeddable":true,"href":"https:\/\/analyse.optim.biz\/index.php?rest_route=\/wp\/v2\/users\/1"}],"replies":[{"embeddable":true,"href":"https:\/\/analyse.optim.biz\/index.php?rest_route=%2Fwp%2Fv2%2Fcomments&post=2070810"}],"version-history":[{"count":0,"href":"https:\/\/analyse.optim.biz\/index.php?rest_route=\/wp\/v2\/posts\/2070810\/revisions"}],"wp:attachment":[{"href":"https:\/\/analyse.optim.biz\/index.php?rest_route=%2Fwp%2Fv2%2Fmedia&parent=2070810"}],"wp:term":[{"taxonomy":"category","embeddable":true,"href":"https:\/\/analyse.optim.biz\/index.php?rest_route=%2Fwp%2Fv2%2Fcategories&post=2070810"},{"taxonomy":"post_tag","embeddable":true,"href":"https:\/\/analyse.optim.biz\/index.php?rest_route=%2Fwp%2Fv2%2Ftags&post=2070810"}],"curies":[{"name":"wp","href":"https:\/\/api.w.org\/{rel}","templated":true}]}}