{"id":2070807,"date":"2026-07-27T18:07:19","date_gmt":"2026-07-27T15:07:19","guid":{"rendered":"https:\/\/analyse.optim.biz\/?p=2070807"},"modified":"2026-07-27T18:07:19","modified_gmt":"2026-07-27T15:07:19","slug":"patru-teste-pentru-fetele-de-la-poli-timisoara-inaintea-campionatului-clubul-s-a-despartit-de-o-fotbalista-foto","status":"publish","type":"post","link":"https:\/\/analyse.optim.biz\/?p=2070807","title":{"rendered":"Patru teste pentru fetele de la Poli Timi\u0219oara \u00eenaintea campionatului. Clubul s-a desp\u0103r\u021bit de o fotbalist\u0103. FOTO"},"content":{"rendered":"<p>[analyse_image type=&#8221;featured&#8221; src=&#8221;https:\/\/www.opiniatimisoarei.ro\/wp-content\/uploads\/2026\/07\/Poli-Timisoara-728&#215;336.pnghttps:\/\/www.opiniatimisoarei.ro\/wp-content\/uploads\/2026\/07\/Poli-Timisoara.png&#8221;]<\/p>\n<div class=\"the_content\">\n<p><strong>TIMISOARA.<\/strong> Politehnica Timi\u0219oara va disputa patru meciuri de verificare \u00eenaintea debutului \u00een noul sezon din Superliga fetelor.<\/p>\n<p><strong><span>CITE\u0218TE \u0218I:<\/span><a href=\"https:\/\/www.opiniatimisoarei.ro\/program-de-ziua-timisoarei-2026-spectacol-de-acrobatii-aeriene-concerte-evenimente-pentru-copii\/27\/07\/2026\">Program de Ziua Timi\u0219oarei 2026. Spectacol de acrobatii aeriene, concerte, evenimente pentru copii<\/a><\/strong><\/p>\n<p>Timi\u0219orencele joac\u0103 primul meci mar\u021bi dup\u0103-amiaz\u0103 cu grupa sub 14 ani de la \u0218tiin\u021ba Poli Timi\u0219oara.<\/p>\n<p>A doua partid\u0103 de verificare este programat\u0103 \u00een 1 august, c\u00e2nd la Timi\u0219oara vine un adversar pe care Poli l-a mai \u00eent\u00e2lnit \u00een precedentele pauze competi\u021bionale, Szent Mihaly. Echipa maghiar\u0103 a \u00eencheiat stagiunea precedent\u0103 pe locul 5 \u00een campionat, la 12 puncte \u00een spatele echipei din Gyor, cea care a \u00eencheiat top 4.<\/p>\n<p>\u00cen 8 august alb-violetele vor mai disputa un amical, \u00eens\u0103 deocamdat\u0103 se caut\u0103 adversar.<\/p>\n<p>Ultimul amical este programat \u00een 15 august, cu o s\u0103pt\u0103m\u00e2n\u0103 \u00eenainte de startul Superligii, \u0219i va juca la Belgrad. Adversarul este ZFK Milutinac, grupare care \u00een sezonul trecut a terminat campionatul din \u021bara vecin\u0103 pe locul 5. La ultima \u00eent\u00e2lnire dintre cele dou\u0103, Poli s-a impus cu 4-1, cu o dubl\u0103 semnat\u0103 de Bianca Ienovan, \u0219i c\u00e2te un gol pentru Anda Jivan \u0219i Nikoleta Kurja.<\/p>\n<p><strong><span>Poli s-a desp\u0103r\u021bit de Anda Jivan, una dintre cele mai vechi juc\u0103toare din lot<\/span><\/strong><\/p>\n<p>Politehnica Timi\u0219oara s-a desp\u0103r\u021bit de o fotbalist\u0103 \u00een aceast\u0103 var\u0103. Dup\u0103 8 ani \u00een alb-violet, Anda Jivan va evolua din sezonul ce st\u0103 s\u0103 \u00eenceap\u0103 \u00een Polonia, pentru GKS G\u00f3rnik \u0141\u0119czna.<\/p>\n<p><img loading=\"lazy\" decoding=\"async\" class=\"alignnone size-full wp-image-781224\" src=\"https:\/\/www.opiniatimisoarei.ro\/wp-content\/uploads\/2023\/04\/Anda-Jivan.jpg\" alt=\"\" width=\"1080\" height=\"550\"><\/p>\n<p>Anda Jivan a evoluat \u00een ultimele dou\u0103 sezoane \u00een ap\u0103rarea luio Poli, iar \u00een stagiunea trecut\u0103 a reu\u0219it s\u0103 \u0219i \u00eenscrie un gol. Se \u00eent\u00e2mpla \u00een runda a II-a, \u00een victoria lui Poli, 0-5, \u00een deplasare, cu Vasas Femina Odorheiu Secuiesc.<\/p>\n<p>\u00cen urm\u0103 cu 3 ani, Anda Jivan era \u00eens\u0103 una dintre cele mai bune marcatoare ale echipei alb-violete. \u00cen stagiunea 2023-2024, ea termina campionatul cu 13 goluri marcate, fiind a doua \u00een topul golgeterelor echipei, dup\u0103 Bianca Ienovan.<\/p>\n<p>Clubul pentru care va evolua Anda Jivan, GKS G\u00f3rnik \u0141\u0119czna, a terminat edi\u021bia trecut\u0103 din Ekstraklasa feminin\u0103 pe locul al patrulea, cu 47 de puncte, la numai 1 punct de ultima pozi\u021bie a podiumului, pe care a \u00eencheiat GKS Katowice.<\/p>\n<p>V\u0103 reamintim, Politehnica Timi\u0219oara a \u0219i adus o fotbalist\u0103 \u00een aceast\u0103 var\u0103. Este vorba despre Claudia Bistrian. Ea a jucat \u00een stagiunea trecut\u0103 la Unirea Alba Iulia, pentru care a \u00eenscris nu mai pu\u021bin de 11 goluri, fiind golgeterul echipei din \u201cCetatea Unirii\u201d.<\/p>\n<p>***<\/p>\n<p><strong><span class=\"dia_suggestion w0\">Mai<\/span>\u00a0<span class=\"dia_suggestion w1\">multe<\/span>\u00a0<span class=\"dia_suggestion w2\">g\u0103si\u021bi<\/span>\u00a0pe\u00a0<span class=\"dia_suggestion w4\">pagina noastr<span class=\"dia_suggestion w0\">\u0103<\/span><\/span>\u00a0de\u00a0<a href=\"https:\/\/www.facebook.com\/OpiniaTM\/?ref=page_internal\" target=\"_blank\" rel=\"noopener\">Facebook opiniatimisoarei.ro<\/a>!<\/strong><\/p>\n<p><strong><span class=\"dia_suggestion w0\">Dac\u0103<\/span>\u00a0<span class=\"dia_suggestion w1\">a\u021bi<\/span>\u00a0fost martorii unui eveniment\u00a0<span class=\"dia_suggestion w6\">sau<\/span>\u00a0<span class=\"dia_suggestion w7\">ai<\/span>\u00a0unei\u00a0<span class=\"dia_suggestion w9\">situa\u021bii<\/span>\u00a0<span class=\"dia_suggestion w10\">neobi\u0219nuite<\/span>\u00a0<span class=\"dia_suggestion w11\">care<\/span>\u00a0ar\u00a0<span class=\"dia_suggestion w13\">putea<\/span>\u00a0deveni subiect de\u00a0<span class=\"dia_suggestion w17\">\u0219tire<\/span>,\u00a0<span class=\"dia_suggestion w18\">contacta\u021bi<\/span>-ne\u00a0<span class=\"dia_suggestion w20\">la<\/span>\u00a0<a href=\"https:\/\/www.opiniatimisoarei.ro\/cdn-cgi\/l\/email-protection\" class=\"__cf_email__\" data-cfemail=\"e69483828785928f83a689968f888f87928f8b8f95898794838fc89489\">[email\u00a0protected]<\/a>,\u00a0 pe\u00a0<a href=\"https:\/\/www.facebook.com\/OpiniaTM\">FB<\/a>\u00a0sau pe contul nostru de\u00a0<a href=\"https:\/\/www.instagram.com\/opiniatimisoarei.ro\/\" target=\"_blank\" rel=\"noopener\">Instagram<\/a>!<\/strong><\/p>\n<p><strong><span>CITE\u0218TE \u0218I:<\/span>\u00a0<a href=\"https:\/\/www.opiniatimisoarei.ro\/afli-primul-tot-ceea-ce-se-intampla-cu-adevarat-important-in-timisoara-si-in-regiune-cu-aplicatia-de-stiri-opinia-timisoarei-3-tipuri-de-alerte-te-tin-mereu-conectat-la-evenimente-descarca-gratuit-a\/31\/10\/2022\">Afli primul tot ceea ce se intampla cu adevarat important in Timisoara si in regiune cu Aplicatia de stiri Opinia Timisoarei. 3 tipuri de alerte te tin mereu conectat la evenimente. Descarca gratuit Aplicatia OT aici!<\/a><\/strong><\/p>\n<\/div>\n<p>[analyse_source url=&#8221;https:\/\/www.opiniatimisoarei.ro\/patru-teste-pentru-fetele-de-la-poli-timisoara-inaintea-campionatului-clubul-s-a-despartit-de-o-fotbalista-foto\/27\/07\/2026&#8243;]<\/p>\n","protected":false},"excerpt":{"rendered":"<p>[analyse_image type=&#8221;featured&#8221; src=&#8221;https:\/\/www.opiniatimisoarei.ro\/wp-content\/uploads\/2026\/07\/Poli-Timisoara-728&#215;336.pnghttps:\/\/www.opiniatimisoarei.ro\/wp-content\/uploads\/2026\/07\/Poli-Timisoara.png&#8221;] TIMISOARA. Politehnica Timi\u0219oara va disputa patru meciuri de verificare \u00eenaintea debutului \u00een noul sezon din Superliga fetelor. CITE\u0218TE \u0218I:Program de Ziua Timi\u0219oarei 2026. Spectacol de acrobatii aeriene, concerte, evenimente pentru copii Timi\u0219orencele joac\u0103 primul meci mar\u021bi dup\u0103-amiaz\u0103 cu grupa sub 14 ani de la \u0218tiin\u021ba Poli Timi\u0219oara. A doua partid\u0103 de verificare [&hellip;]<\/p>\n","protected":false},"author":1,"featured_media":0,"comment_status":"open","ping_status":"","sticky":false,"template":"","format":"standard","meta":{"footnotes":""},"categories":[89],"tags":[226,190],"class_list":["post-2070807","post","type-post","status-publish","format-standard","hentry","category-romania","tag-crawlmanager","tag-opiniatimisoarei-ro"],"_links":{"self":[{"href":"https:\/\/analyse.optim.biz\/index.php?rest_route=\/wp\/v2\/posts\/2070807","targetHints":{"allow":["GET"]}}],"collection":[{"href":"https:\/\/analyse.optim.biz\/index.php?rest_route=\/wp\/v2\/posts"}],"about":[{"href":"https:\/\/analyse.optim.biz\/index.php?rest_route=\/wp\/v2\/types\/post"}],"author":[{"embeddable":true,"href":"https:\/\/analyse.optim.biz\/index.php?rest_route=\/wp\/v2\/users\/1"}],"replies":[{"embeddable":true,"href":"https:\/\/analyse.optim.biz\/index.php?rest_route=%2Fwp%2Fv2%2Fcomments&post=2070807"}],"version-history":[{"count":0,"href":"https:\/\/analyse.optim.biz\/index.php?rest_route=\/wp\/v2\/posts\/2070807\/revisions"}],"wp:attachment":[{"href":"https:\/\/analyse.optim.biz\/index.php?rest_route=%2Fwp%2Fv2%2Fmedia&parent=2070807"}],"wp:term":[{"taxonomy":"category","embeddable":true,"href":"https:\/\/analyse.optim.biz\/index.php?rest_route=%2Fwp%2Fv2%2Fcategories&post=2070807"},{"taxonomy":"post_tag","embeddable":true,"href":"https:\/\/analyse.optim.biz\/index.php?rest_route=%2Fwp%2Fv2%2Ftags&post=2070807"}],"curies":[{"name":"wp","href":"https:\/\/api.w.org\/{rel}","templated":true}]}}