{"id":2070739,"date":"2026-07-31T08:25:08","date_gmt":"2026-07-31T05:25:08","guid":{"rendered":"https:\/\/analyse.optim.biz\/?p=2070739"},"modified":"2026-07-31T08:25:08","modified_gmt":"2026-07-31T05:25:08","slug":"un-subiect-la-ordinea-zilei-cand-se-va-deschide-aquapark-ul","status":"publish","type":"post","link":"https:\/\/analyse.optim.biz\/?p=2070739","title":{"rendered":"Un subiect la ordinea zilei. C\u00e2nd se va deschide AquaPark-ul."},"content":{"rendered":"<p>[analyse_image type=&#8221;featured&#8221; src=&#8221;https:\/\/www.campusbuzau.ro\/wp-content\/uploads\/2025\/06\/AquaParc-autorizatie-constructie.jpghttps:\/\/www.campusbuzau.ro\/wp-content\/uploads\/2025\/06\/AquaParc-autorizatie-constructie.jpg&#8221;]<\/p>\n<div class=\"entry-content\">\n<p><strong><em>De\u0219i s-a crezut c\u0103 AquaParcul Tineretului va fi deschis de Ziua Copiilor anul acesta, promisiunea nu s-a \u00eendeplinit \u0219i \u00eenc\u0103 se lucreaz\u0103 la amenajare. La 15 august ar trebui f\u0103cute probele \u0219i abia dup\u0103 aceea ar trebui t\u0103iat\u0103 panglica de inaugurare. Dac\u0103 buzoienii vor avea noroc \u0219i va fi o var\u0103 prelungit\u0103 poate c\u0103 vor beneficia de o baie de toamn\u0103 cald\u0103. Dar, mai este mult p\u00e2n\u0103 departe a\u0219a c\u0103 cel mai sigur, parcul acvatic va putea func\u021biona din vara viitoare.<\/em><\/strong><\/p>\n<p>Primarul Constantin Toma a avansat un alt termen probabil pentru deschiderea parcului acvatic de la Parcul Tineretului, a\u0219teptat \u00eenc\u0103 de buzoieni s\u0103-\u0219i deschid\u0103 por\u021bile.<\/p>\n<p>Edilul \u0219ef a afirmat c\u0103 prelungirea termenului de finalizarer pentru AquaPark nu \u021bine neap\u0103rat de faptul c\u0103 obiectivul de finan\u021bare aflat \u00een construc\u021bie nu este \u00eenc\u0103 racordat la utilit\u0103\u021bi \u0219i a avansat un nou termen incert pentru inaugurare.<\/p>\n<p>\u00cen privin\u021ba locurilor de parcare edilul afirm\u0103 c\u0103 vor fi suficiente pentru to\u021bi cei care vor veni s\u0103 se \u00eemb\u0103ieze \u0219i s\u0103 fac\u0103 plaj\u0103, c\u00e2t \u0219i pentru personalul angajat.<\/p>\n<p>De asemenea, Prim\u0103ria va trebui s\u0103 reabiliteze \u0219i cele dou\u0103 drumuri de acces dinspre ora\u0219, str\u0103zile Aleea Parcului \u0219i Dr. Dorin Pavel.<\/p>\n<\/div>\n<p>[analyse_source url=&#8221;https:\/\/www.campusbuzau.ro\/un-subiect-la-ordinea-zilei-cand-se-va-deschide-aquapark-ul\/&#8221;]<\/p>\n","protected":false},"excerpt":{"rendered":"<p>[analyse_image type=&#8221;featured&#8221; src=&#8221;https:\/\/www.campusbuzau.ro\/wp-content\/uploads\/2025\/06\/AquaParc-autorizatie-constructie.jpghttps:\/\/www.campusbuzau.ro\/wp-content\/uploads\/2025\/06\/AquaParc-autorizatie-constructie.jpg&#8221;] De\u0219i s-a crezut c\u0103 AquaParcul Tineretului va fi deschis de Ziua Copiilor anul acesta, promisiunea nu s-a \u00eendeplinit \u0219i \u00eenc\u0103 se lucreaz\u0103 la amenajare. La 15 august ar trebui f\u0103cute probele \u0219i abia dup\u0103 aceea ar trebui t\u0103iat\u0103 panglica de inaugurare. Dac\u0103 buzoienii vor avea noroc \u0219i va fi o var\u0103 prelungit\u0103 [&hellip;]<\/p>\n","protected":false},"author":1,"featured_media":0,"comment_status":"open","ping_status":"","sticky":false,"template":"","format":"standard","meta":{"footnotes":""},"categories":[2],"tags":[118,226],"class_list":["post-2070739","post","type-post","status-publish","format-standard","hentry","category-politics","tag-campusbuzau-ro","tag-crawlmanager"],"_links":{"self":[{"href":"https:\/\/analyse.optim.biz\/index.php?rest_route=\/wp\/v2\/posts\/2070739","targetHints":{"allow":["GET"]}}],"collection":[{"href":"https:\/\/analyse.optim.biz\/index.php?rest_route=\/wp\/v2\/posts"}],"about":[{"href":"https:\/\/analyse.optim.biz\/index.php?rest_route=\/wp\/v2\/types\/post"}],"author":[{"embeddable":true,"href":"https:\/\/analyse.optim.biz\/index.php?rest_route=\/wp\/v2\/users\/1"}],"replies":[{"embeddable":true,"href":"https:\/\/analyse.optim.biz\/index.php?rest_route=%2Fwp%2Fv2%2Fcomments&post=2070739"}],"version-history":[{"count":0,"href":"https:\/\/analyse.optim.biz\/index.php?rest_route=\/wp\/v2\/posts\/2070739\/revisions"}],"wp:attachment":[{"href":"https:\/\/analyse.optim.biz\/index.php?rest_route=%2Fwp%2Fv2%2Fmedia&parent=2070739"}],"wp:term":[{"taxonomy":"category","embeddable":true,"href":"https:\/\/analyse.optim.biz\/index.php?rest_route=%2Fwp%2Fv2%2Fcategories&post=2070739"},{"taxonomy":"post_tag","embeddable":true,"href":"https:\/\/analyse.optim.biz\/index.php?rest_route=%2Fwp%2Fv2%2Ftags&post=2070739"}],"curies":[{"name":"wp","href":"https:\/\/api.w.org\/{rel}","templated":true}]}}